{"id":331339,"date":"2025-06-02T15:03:03","date_gmt":"2025-06-02T11:03:03","guid":{"rendered":"https:\/\/www.meydan.tv\/?p=331339"},"modified":"2025-06-02T15:32:23","modified_gmt":"2025-06-02T11:32:23","slug":"c%c9%99zac%c9%99km%c9%99-mu%c9%99ssis%c9%99sinin-daminin-ucmasi-n%c9%99tic%c9%99sind%c9%99-x%c9%99sar%c9%99t-alan-m%c9%99hkum-v%c9%99fat-edib","status":"publish","type":"post","link":"https:\/\/www.meydan.tv\/az\/article\/c%c9%99zac%c9%99km%c9%99-mu%c9%99ssis%c9%99sinin-daminin-ucmasi-n%c9%99tic%c9%99sind%c9%99-x%c9%99sar%c9%99t-alan-m%c9%99hkum-v%c9%99fat-edib\/","title":{"rendered":"C\u0259za\u00e7\u0259km\u0259 M\u00fc\u0259ssis\u0259sinin dam\u0131n\u0131n u\u00e7mas\u0131 n\u0259tic\u0259sind\u0259 x\u0259sar\u0259t alan m\u0259hkum v\u0259fat edib"},"content":{"rendered":"\n<p><strong><em>M\u0259hkumun ald\u0131\u011f\u0131 a\u011f\u0131r b\u0259d\u0259n x\u0259sar\u0259tl\u0259ri s\u0259b\u0259bil\u0259 v\u0259fat etdiyi deyilir<\/em><\/strong><\/p>\n\n\n\n<p>Penitensiar Xidm\u0259tin 12 sayl\u0131 C\u0259za\u00e7\u0259km\u0259 M\u00fc\u0259ssis\u0259sinin dam\u0131n\u0131n u\u00e7mas\u0131 n\u0259tic\u0259sind\u0259 x\u0259sar\u0259t alan m\u0259hkum v\u0259fat edib.<\/p>\n\n\n\n<p>Bu bar\u0259d\u0259 \u018fdliyy\u0259 Nazirliyi m\u0259lumat yay\u0131b.<\/p>\n\n\n\n<p>\u018fdliyy\u0259 Nazirliyinin yayd\u0131\u011f\u0131 a\u00e7\u0131qlamada deyilir ki, &nbsp;x\u0259sar\u0259t alan m\u0259hkum M\u00f6vlam Mustafayev ald\u0131\u011f\u0131 a\u011f\u0131r b\u0259d\u0259n x\u0259sar\u0259tl\u0259ri s\u0259b\u0259bil\u0259 v\u0259fat edib.<\/p>\n\n\n\n<p>\u0130yunun 1-d\u0259 saat 13:10 rad\u0259l\u0259rind\u0259 Qarada\u011f rayonu, Q\u0131z\u0131lda\u015f q\u0259s\u0259b\u0259sind\u0259 yerl\u0259\u015f\u0259n 12 sayl\u0131 C\u0259za\u00e7\u0259km\u0259 M\u00fc\u0259ssis\u0259sind\u0259 m\u0259hkumlar\u0131n ya\u015fad\u0131\u011f\u0131 binan\u0131n dam \u00f6rt\u00fcy\u00fc u\u00e7ub. Hadis\u0259 n\u0259tic\u0259sind\u0259 bir n\u0259f\u0259r m\u0259hkum x\u0259sar\u0259t alm\u0131\u015fd\u0131.<\/p>\n\n\n\n<p>Nazirlik bildirir ki, hadis\u0259 n\u0259tic\u0259sind\u0259 dig\u0259r m\u0259hkumlar v\u0259 m\u00fc\u0259ssis\u0259nin i\u015f\u00e7i hey\u0259ti x\u0259sar\u0259t almay\u0131b.<\/p>\n\n\n\n<p>Hadis\u0259nin ba\u015fverm\u0259 s\u0259b\u0259bl\u0259ri bar\u0259d\u0259 r\u0259smi m\u0259lumat verilm\u0259yib.<\/p>\n\n\n\n<p>M\u0259hkumun \u015f\u0259xsiyy\u0259ti v\u0259 onun yax\u0131nlar\u0131n\u0131n m\u0259s\u0259l\u0259y\u0259 m\u00fcnasib\u0259ti h\u0259l\u0259lik b\u0259lli deyil.<\/p>\n\n\n\n<p>Faktla ba\u011fl\u0131 Bak\u0131 \u015f\u0259h\u0259ri Qarada\u011f rayon Prokurorlu\u011funda ara\u015fd\u0131rma apar\u0131ld\u0131\u011f\u0131 deyilir.<\/p>\n\n\n\n<p>12 sayl\u0131 C\u0259za\u00e7\u0259km\u0259 M\u00fc\u0259ssis\u0259si Bak\u0131 \u015f\u0259h\u0259rinin Qarada\u011f rayonu, Q\u0131z\u0131lda\u015f q\u0259s\u0259b\u0259sind\u0259 yerl\u0259\u015fir.<\/p>\n","protected":false},"excerpt":{"rendered":"<p>M\u0259hkumun ald\u0131\u011f\u0131 a\u011f\u0131r b\u0259d\u0259n x\u0259sar\u0259tl\u0259ri s\u0259b\u0259bil\u0259 v\u0259fat etdiyi deyilir Penitensiar &#8230; <\/p>\n<p class=\"read-more-container\"><a title=\"C\u0259za\u00e7\u0259km\u0259 M\u00fc\u0259ssis\u0259sinin dam\u0131n\u0131n u\u00e7mas\u0131 n\u0259tic\u0259sind\u0259 x\u0259sar\u0259t alan m\u0259hkum v\u0259fat edib\" class=\"read-more button\" href=\"https:\/\/www.meydan.tv\/az\/article\/c%c9%99zac%c9%99km%c9%99-mu%c9%99ssis%c9%99sinin-daminin-ucmasi-n%c9%99tic%c9%99sind%c9%99-x%c9%99sar%c9%99t-alan-m%c9%99hkum-v%c9%99fat-edib\/#more-331339\" aria-label=\"Read more about C\u0259za\u00e7\u0259km\u0259 M\u00fc\u0259ssis\u0259sinin dam\u0131n\u0131n u\u00e7mas\u0131 n\u0259tic\u0259sind\u0259 x\u0259sar\u0259t alan m\u0259hkum v\u0259fat edib\">Davam\u0131<\/a><\/p>\n","protected":false},"author":21,"featured_media":210253,"comment_status":"closed","ping_status":"closed","sticky":false,"template":"","format":"standard","meta":{"_acf_changed":false,"_sitemap_exclude":false,"_sitemap_priority":"","_sitemap_frequency":"","footnotes":""},"categories":[62,56],"tags":[],"class_list":["post-331339","post","type-post","status-publish","format-standard","has-post-thumbnail","hentry","category-sosial","category-xeberler","infinite-scroll-item","generate-columns","tablet-grid-50","mobile-grid-100","grid-parent","grid-33","no-featured-image-padding"],"acf":[],"yoast_head":"<!-- This site is optimized with the Yoast SEO plugin v27.4 - https:\/\/yoast.com\/product\/yoast-seo-wordpress\/ -->\n<title>C\u0259za\u00e7\u0259km\u0259 M\u00fc\u0259ssis\u0259sinin dam\u0131n\u0131n u\u00e7mas\u0131 n\u0259tic\u0259sind\u0259 x\u0259sar\u0259t alan m\u0259hkum v\u0259fat edib - MEYDAN.TV<\/title>\n<meta name=\"robots\" content=\"index, follow, max-snippet:-1, max-image-preview:large, max-video-preview:-1\" \/>\n<link rel=\"canonical\" href=\"https:\/\/www.meydan.tv\/az\/article\/c%c9%99zac%c9%99km%c9%99-mu%c9%99ssis%c9%99sinin-daminin-ucmasi-n%c9%99tic%c9%99sind%c9%99-x%c9%99sar%c9%99t-alan-m%c9%99hkum-v%c9%99fat-edib\/\" \/>\n<meta property=\"og:locale\" content=\"az_AZ\" \/>\n<meta property=\"og:type\" content=\"article\" \/>\n<meta property=\"og:title\" content=\"C\u0259za\u00e7\u0259km\u0259 M\u00fc\u0259ssis\u0259sinin dam\u0131n\u0131n u\u00e7mas\u0131 n\u0259tic\u0259sind\u0259 x\u0259sar\u0259t alan m\u0259hkum v\u0259fat edib - MEYDAN.TV\" \/>\n<meta property=\"og:description\" content=\"M\u0259hkumun ald\u0131\u011f\u0131 a\u011f\u0131r b\u0259d\u0259n x\u0259sar\u0259tl\u0259ri s\u0259b\u0259bil\u0259 v\u0259fat etdiyi deyilir Penitensiar ... Davam\u0131\" \/>\n<meta property=\"og:url\" content=\"https:\/\/www.meydan.tv\/az\/article\/c%c9%99zac%c9%99km%c9%99-mu%c9%99ssis%c9%99sinin-daminin-ucmasi-n%c9%99tic%c9%99sind%c9%99-x%c9%99sar%c9%99t-alan-m%c9%99hkum-v%c9%99fat-edib\/\" \/>\n<meta property=\"og:site_name\" content=\"MEYDAN.TV\" \/>\n<meta property=\"article:published_time\" content=\"2025-06-02T11:03:03+00:00\" \/>\n<meta property=\"article:modified_time\" content=\"2025-06-02T11:32:23+00:00\" \/>\n<meta property=\"og:image\" content=\"https:\/\/www.meydan.tv\/wp-content\/uploads\/hebs1-scaled.jpg\" \/>\n\t<meta property=\"og:image:width\" content=\"2560\" \/>\n\t<meta property=\"og:image:height\" content=\"1440\" \/>\n\t<meta property=\"og:image:type\" content=\"image\/jpeg\" \/>\n<meta name=\"author\" content=\"mahmud\" \/>\n<meta name=\"twitter:card\" content=\"summary_large_image\" \/>\n<script type=\"application\/ld+json\" class=\"yoast-schema-graph\">{\"@context\":\"https:\\\/\\\/schema.org\",\"@graph\":[{\"@type\":\"Article\",\"@id\":\"https:\\\/\\\/www.meydan.tv\\\/az\\\/article\\\/c%c9%99zac%c9%99km%c9%99-mu%c9%99ssis%c9%99sinin-daminin-ucmasi-n%c9%99tic%c9%99sind%c9%99-x%c9%99sar%c9%99t-alan-m%c9%99hkum-v%c9%99fat-edib\\\/#article\",\"isPartOf\":{\"@id\":\"https:\\\/\\\/www.meydan.tv\\\/az\\\/article\\\/c%c9%99zac%c9%99km%c9%99-mu%c9%99ssis%c9%99sinin-daminin-ucmasi-n%c9%99tic%c9%99sind%c9%99-x%c9%99sar%c9%99t-alan-m%c9%99hkum-v%c9%99fat-edib\\\/\"},\"author\":{\"name\":\"mahmud\",\"@id\":\"https:\\\/\\\/www.meydan.tv\\\/az\\\/#\\\/schema\\\/person\\\/09863e516102a829e72bedcf3f84c6b0\"},\"headline\":\"C\u0259za\u00e7\u0259km\u0259 M\u00fc\u0259ssis\u0259sinin dam\u0131n\u0131n u\u00e7mas\u0131 n\u0259tic\u0259sind\u0259 x\u0259sar\u0259t alan m\u0259hkum v\u0259fat edib\",\"datePublished\":\"2025-06-02T11:03:03+00:00\",\"dateModified\":\"2025-06-02T11:32:23+00:00\",\"mainEntityOfPage\":{\"@id\":\"https:\\\/\\\/www.meydan.tv\\\/az\\\/article\\\/c%c9%99zac%c9%99km%c9%99-mu%c9%99ssis%c9%99sinin-daminin-ucmasi-n%c9%99tic%c9%99sind%c9%99-x%c9%99sar%c9%99t-alan-m%c9%99hkum-v%c9%99fat-edib\\\/\"},\"wordCount\":262,\"publisher\":{\"@id\":\"https:\\\/\\\/www.meydan.tv\\\/az\\\/#organization\"},\"image\":{\"@id\":\"https:\\\/\\\/www.meydan.tv\\\/az\\\/article\\\/c%c9%99zac%c9%99km%c9%99-mu%c9%99ssis%c9%99sinin-daminin-ucmasi-n%c9%99tic%c9%99sind%c9%99-x%c9%99sar%c9%99t-alan-m%c9%99hkum-v%c9%99fat-edib\\\/#primaryimage\"},\"thumbnailUrl\":\"https:\\\/\\\/www.meydan.tv\\\/wp-content\\\/uploads\\\/hebs1-scaled.jpg\",\"articleSection\":[\"Sosial\",\"X\u0259b\u0259rl\u0259r\"],\"inLanguage\":\"az\"},{\"@type\":\"WebPage\",\"@id\":\"https:\\\/\\\/www.meydan.tv\\\/az\\\/article\\\/c%c9%99zac%c9%99km%c9%99-mu%c9%99ssis%c9%99sinin-daminin-ucmasi-n%c9%99tic%c9%99sind%c9%99-x%c9%99sar%c9%99t-alan-m%c9%99hkum-v%c9%99fat-edib\\\/\",\"url\":\"https:\\\/\\\/www.meydan.tv\\\/az\\\/article\\\/c%c9%99zac%c9%99km%c9%99-mu%c9%99ssis%c9%99sinin-daminin-ucmasi-n%c9%99tic%c9%99sind%c9%99-x%c9%99sar%c9%99t-alan-m%c9%99hkum-v%c9%99fat-edib\\\/\",\"name\":\"C\u0259za\u00e7\u0259km\u0259 M\u00fc\u0259ssis\u0259sinin dam\u0131n\u0131n u\u00e7mas\u0131 n\u0259tic\u0259sind\u0259 x\u0259sar\u0259t alan m\u0259hkum v\u0259fat edib - MEYDAN.TV\",\"isPartOf\":{\"@id\":\"https:\\\/\\\/www.meydan.tv\\\/az\\\/#website\"},\"primaryImageOfPage\":{\"@id\":\"https:\\\/\\\/www.meydan.tv\\\/az\\\/article\\\/c%c9%99zac%c9%99km%c9%99-mu%c9%99ssis%c9%99sinin-daminin-ucmasi-n%c9%99tic%c9%99sind%c9%99-x%c9%99sar%c9%99t-alan-m%c9%99hkum-v%c9%99fat-edib\\\/#primaryimage\"},\"image\":{\"@id\":\"https:\\\/\\\/www.meydan.tv\\\/az\\\/article\\\/c%c9%99zac%c9%99km%c9%99-mu%c9%99ssis%c9%99sinin-daminin-ucmasi-n%c9%99tic%c9%99sind%c9%99-x%c9%99sar%c9%99t-alan-m%c9%99hkum-v%c9%99fat-edib\\\/#primaryimage\"},\"thumbnailUrl\":\"https:\\\/\\\/www.meydan.tv\\\/wp-content\\\/uploads\\\/hebs1-scaled.jpg\",\"datePublished\":\"2025-06-02T11:03:03+00:00\",\"dateModified\":\"2025-06-02T11:32:23+00:00\",\"breadcrumb\":{\"@id\":\"https:\\\/\\\/www.meydan.tv\\\/az\\\/article\\\/c%c9%99zac%c9%99km%c9%99-mu%c9%99ssis%c9%99sinin-daminin-ucmasi-n%c9%99tic%c9%99sind%c9%99-x%c9%99sar%c9%99t-alan-m%c9%99hkum-v%c9%99fat-edib\\\/#breadcrumb\"},\"inLanguage\":\"az\",\"potentialAction\":[{\"@type\":\"ReadAction\",\"target\":[\"https:\\\/\\\/www.meydan.tv\\\/az\\\/article\\\/c%c9%99zac%c9%99km%c9%99-mu%c9%99ssis%c9%99sinin-daminin-ucmasi-n%c9%99tic%c9%99sind%c9%99-x%c9%99sar%c9%99t-alan-m%c9%99hkum-v%c9%99fat-edib\\\/\"]}]},{\"@type\":\"ImageObject\",\"inLanguage\":\"az\",\"@id\":\"https:\\\/\\\/www.meydan.tv\\\/az\\\/article\\\/c%c9%99zac%c9%99km%c9%99-mu%c9%99ssis%c9%99sinin-daminin-ucmasi-n%c9%99tic%c9%99sind%c9%99-x%c9%99sar%c9%99t-alan-m%c9%99hkum-v%c9%99fat-edib\\\/#primaryimage\",\"url\":\"https:\\\/\\\/www.meydan.tv\\\/wp-content\\\/uploads\\\/hebs1-scaled.jpg\",\"contentUrl\":\"https:\\\/\\\/www.meydan.tv\\\/wp-content\\\/uploads\\\/hebs1-scaled.jpg\",\"width\":2560,\"height\":1440,\"caption\":\"ill\u00fcstrasiya: Meydan.TV\"},{\"@type\":\"BreadcrumbList\",\"@id\":\"https:\\\/\\\/www.meydan.tv\\\/az\\\/article\\\/c%c9%99zac%c9%99km%c9%99-mu%c9%99ssis%c9%99sinin-daminin-ucmasi-n%c9%99tic%c9%99sind%c9%99-x%c9%99sar%c9%99t-alan-m%c9%99hkum-v%c9%99fat-edib\\\/#breadcrumb\",\"itemListElement\":[{\"@type\":\"ListItem\",\"position\":1,\"name\":\"Ana s\u0259hif\u0259\",\"item\":\"https:\\\/\\\/www.meydan.tv\\\/az\\\/\"},{\"@type\":\"ListItem\",\"position\":2,\"name\":\"Sosial\",\"item\":\"https:\\\/\\\/www.meydan.tv\\\/az\\\/section\\\/sosial\\\/\"},{\"@type\":\"ListItem\",\"position\":3,\"name\":\"C\u0259za\u00e7\u0259km\u0259 M\u00fc\u0259ssis\u0259sinin dam\u0131n\u0131n u\u00e7mas\u0131 n\u0259tic\u0259sind\u0259 x\u0259sar\u0259t alan m\u0259hkum v\u0259fat edib\"}]},{\"@type\":\"WebSite\",\"@id\":\"https:\\\/\\\/www.meydan.tv\\\/az\\\/#website\",\"url\":\"https:\\\/\\\/www.meydan.tv\\\/az\\\/\",\"name\":\"MEYDAN.TV\",\"description\":\"Meydan TV Az\u0259rbaycan\u0131n media m\u0259kan\u0131ndak\u0131 alternativ s\u0259sidir\",\"publisher\":{\"@id\":\"https:\\\/\\\/www.meydan.tv\\\/az\\\/#organization\"},\"potentialAction\":[{\"@type\":\"SearchAction\",\"target\":{\"@type\":\"EntryPoint\",\"urlTemplate\":\"https:\\\/\\\/www.meydan.tv\\\/az\\\/?s={search_term_string}\"},\"query-input\":{\"@type\":\"PropertyValueSpecification\",\"valueRequired\":true,\"valueName\":\"search_term_string\"}}],\"inLanguage\":\"az\"},{\"@type\":\"Organization\",\"@id\":\"https:\\\/\\\/www.meydan.tv\\\/az\\\/#organization\",\"name\":\"Meydan TV\",\"url\":\"https:\\\/\\\/www.meydan.tv\\\/az\\\/\",\"logo\":{\"@type\":\"ImageObject\",\"inLanguage\":\"az\",\"@id\":\"https:\\\/\\\/www.meydan.tv\\\/az\\\/#\\\/schema\\\/logo\\\/image\\\/\",\"url\":\"https:\\\/\\\/www.meydan.tv\\\/wp-content\\\/uploads\\\/2021\\\/07\\\/meydan-logo.svg\",\"contentUrl\":\"https:\\\/\\\/www.meydan.tv\\\/wp-content\\\/uploads\\\/2021\\\/07\\\/meydan-logo.svg\",\"width\":195,\"height\":46,\"caption\":\"Meydan TV\"},\"image\":{\"@id\":\"https:\\\/\\\/www.meydan.tv\\\/az\\\/#\\\/schema\\\/logo\\\/image\\\/\"}},{\"@type\":\"Person\",\"@id\":\"https:\\\/\\\/www.meydan.tv\\\/az\\\/#\\\/schema\\\/person\\\/09863e516102a829e72bedcf3f84c6b0\",\"name\":\"mahmud\"}]}<\/script>\n<!-- \/ Yoast SEO plugin. -->","yoast_head_json":{"title":"C\u0259za\u00e7\u0259km\u0259 M\u00fc\u0259ssis\u0259sinin dam\u0131n\u0131n u\u00e7mas\u0131 n\u0259tic\u0259sind\u0259 x\u0259sar\u0259t alan m\u0259hkum v\u0259fat edib - MEYDAN.TV","robots":{"index":"index","follow":"follow","max-snippet":"max-snippet:-1","max-image-preview":"max-image-preview:large","max-video-preview":"max-video-preview:-1"},"canonical":"https:\/\/www.meydan.tv\/az\/article\/c%c9%99zac%c9%99km%c9%99-mu%c9%99ssis%c9%99sinin-daminin-ucmasi-n%c9%99tic%c9%99sind%c9%99-x%c9%99sar%c9%99t-alan-m%c9%99hkum-v%c9%99fat-edib\/","og_locale":"az_AZ","og_type":"article","og_title":"C\u0259za\u00e7\u0259km\u0259 M\u00fc\u0259ssis\u0259sinin dam\u0131n\u0131n u\u00e7mas\u0131 n\u0259tic\u0259sind\u0259 x\u0259sar\u0259t alan m\u0259hkum v\u0259fat edib - MEYDAN.TV","og_description":"M\u0259hkumun ald\u0131\u011f\u0131 a\u011f\u0131r b\u0259d\u0259n x\u0259sar\u0259tl\u0259ri s\u0259b\u0259bil\u0259 v\u0259fat etdiyi deyilir Penitensiar ... Davam\u0131","og_url":"https:\/\/www.meydan.tv\/az\/article\/c%c9%99zac%c9%99km%c9%99-mu%c9%99ssis%c9%99sinin-daminin-ucmasi-n%c9%99tic%c9%99sind%c9%99-x%c9%99sar%c9%99t-alan-m%c9%99hkum-v%c9%99fat-edib\/","og_site_name":"MEYDAN.TV","article_published_time":"2025-06-02T11:03:03+00:00","article_modified_time":"2025-06-02T11:32:23+00:00","og_image":[{"width":2560,"height":1440,"url":"https:\/\/www.meydan.tv\/wp-content\/uploads\/hebs1-scaled.jpg","type":"image\/jpeg"}],"author":"mahmud","twitter_card":"summary_large_image","schema":{"@context":"https:\/\/schema.org","@graph":[{"@type":"Article","@id":"https:\/\/www.meydan.tv\/az\/article\/c%c9%99zac%c9%99km%c9%99-mu%c9%99ssis%c9%99sinin-daminin-ucmasi-n%c9%99tic%c9%99sind%c9%99-x%c9%99sar%c9%99t-alan-m%c9%99hkum-v%c9%99fat-edib\/#article","isPartOf":{"@id":"https:\/\/www.meydan.tv\/az\/article\/c%c9%99zac%c9%99km%c9%99-mu%c9%99ssis%c9%99sinin-daminin-ucmasi-n%c9%99tic%c9%99sind%c9%99-x%c9%99sar%c9%99t-alan-m%c9%99hkum-v%c9%99fat-edib\/"},"author":{"name":"mahmud","@id":"https:\/\/www.meydan.tv\/az\/#\/schema\/person\/09863e516102a829e72bedcf3f84c6b0"},"headline":"C\u0259za\u00e7\u0259km\u0259 M\u00fc\u0259ssis\u0259sinin dam\u0131n\u0131n u\u00e7mas\u0131 n\u0259tic\u0259sind\u0259 x\u0259sar\u0259t alan m\u0259hkum v\u0259fat edib","datePublished":"2025-06-02T11:03:03+00:00","dateModified":"2025-06-02T11:32:23+00:00","mainEntityOfPage":{"@id":"https:\/\/www.meydan.tv\/az\/article\/c%c9%99zac%c9%99km%c9%99-mu%c9%99ssis%c9%99sinin-daminin-ucmasi-n%c9%99tic%c9%99sind%c9%99-x%c9%99sar%c9%99t-alan-m%c9%99hkum-v%c9%99fat-edib\/"},"wordCount":262,"publisher":{"@id":"https:\/\/www.meydan.tv\/az\/#organization"},"image":{"@id":"https:\/\/www.meydan.tv\/az\/article\/c%c9%99zac%c9%99km%c9%99-mu%c9%99ssis%c9%99sinin-daminin-ucmasi-n%c9%99tic%c9%99sind%c9%99-x%c9%99sar%c9%99t-alan-m%c9%99hkum-v%c9%99fat-edib\/#primaryimage"},"thumbnailUrl":"https:\/\/www.meydan.tv\/wp-content\/uploads\/hebs1-scaled.jpg","articleSection":["Sosial","X\u0259b\u0259rl\u0259r"],"inLanguage":"az"},{"@type":"WebPage","@id":"https:\/\/www.meydan.tv\/az\/article\/c%c9%99zac%c9%99km%c9%99-mu%c9%99ssis%c9%99sinin-daminin-ucmasi-n%c9%99tic%c9%99sind%c9%99-x%c9%99sar%c9%99t-alan-m%c9%99hkum-v%c9%99fat-edib\/","url":"https:\/\/www.meydan.tv\/az\/article\/c%c9%99zac%c9%99km%c9%99-mu%c9%99ssis%c9%99sinin-daminin-ucmasi-n%c9%99tic%c9%99sind%c9%99-x%c9%99sar%c9%99t-alan-m%c9%99hkum-v%c9%99fat-edib\/","name":"C\u0259za\u00e7\u0259km\u0259 M\u00fc\u0259ssis\u0259sinin dam\u0131n\u0131n u\u00e7mas\u0131 n\u0259tic\u0259sind\u0259 x\u0259sar\u0259t alan m\u0259hkum v\u0259fat edib - MEYDAN.TV","isPartOf":{"@id":"https:\/\/www.meydan.tv\/az\/#website"},"primaryImageOfPage":{"@id":"https:\/\/www.meydan.tv\/az\/article\/c%c9%99zac%c9%99km%c9%99-mu%c9%99ssis%c9%99sinin-daminin-ucmasi-n%c9%99tic%c9%99sind%c9%99-x%c9%99sar%c9%99t-alan-m%c9%99hkum-v%c9%99fat-edib\/#primaryimage"},"image":{"@id":"https:\/\/www.meydan.tv\/az\/article\/c%c9%99zac%c9%99km%c9%99-mu%c9%99ssis%c9%99sinin-daminin-ucmasi-n%c9%99tic%c9%99sind%c9%99-x%c9%99sar%c9%99t-alan-m%c9%99hkum-v%c9%99fat-edib\/#primaryimage"},"thumbnailUrl":"https:\/\/www.meydan.tv\/wp-content\/uploads\/hebs1-scaled.jpg","datePublished":"2025-06-02T11:03:03+00:00","dateModified":"2025-06-02T11:32:23+00:00","breadcrumb":{"@id":"https:\/\/www.meydan.tv\/az\/article\/c%c9%99zac%c9%99km%c9%99-mu%c9%99ssis%c9%99sinin-daminin-ucmasi-n%c9%99tic%c9%99sind%c9%99-x%c9%99sar%c9%99t-alan-m%c9%99hkum-v%c9%99fat-edib\/#breadcrumb"},"inLanguage":"az","potentialAction":[{"@type":"ReadAction","target":["https:\/\/www.meydan.tv\/az\/article\/c%c9%99zac%c9%99km%c9%99-mu%c9%99ssis%c9%99sinin-daminin-ucmasi-n%c9%99tic%c9%99sind%c9%99-x%c9%99sar%c9%99t-alan-m%c9%99hkum-v%c9%99fat-edib\/"]}]},{"@type":"ImageObject","inLanguage":"az","@id":"https:\/\/www.meydan.tv\/az\/article\/c%c9%99zac%c9%99km%c9%99-mu%c9%99ssis%c9%99sinin-daminin-ucmasi-n%c9%99tic%c9%99sind%c9%99-x%c9%99sar%c9%99t-alan-m%c9%99hkum-v%c9%99fat-edib\/#primaryimage","url":"https:\/\/www.meydan.tv\/wp-content\/uploads\/hebs1-scaled.jpg","contentUrl":"https:\/\/www.meydan.tv\/wp-content\/uploads\/hebs1-scaled.jpg","width":2560,"height":1440,"caption":"ill\u00fcstrasiya: Meydan.TV"},{"@type":"BreadcrumbList","@id":"https:\/\/www.meydan.tv\/az\/article\/c%c9%99zac%c9%99km%c9%99-mu%c9%99ssis%c9%99sinin-daminin-ucmasi-n%c9%99tic%c9%99sind%c9%99-x%c9%99sar%c9%99t-alan-m%c9%99hkum-v%c9%99fat-edib\/#breadcrumb","itemListElement":[{"@type":"ListItem","position":1,"name":"Ana s\u0259hif\u0259","item":"https:\/\/www.meydan.tv\/az\/"},{"@type":"ListItem","position":2,"name":"Sosial","item":"https:\/\/www.meydan.tv\/az\/section\/sosial\/"},{"@type":"ListItem","position":3,"name":"C\u0259za\u00e7\u0259km\u0259 M\u00fc\u0259ssis\u0259sinin dam\u0131n\u0131n u\u00e7mas\u0131 n\u0259tic\u0259sind\u0259 x\u0259sar\u0259t alan m\u0259hkum v\u0259fat edib"}]},{"@type":"WebSite","@id":"https:\/\/www.meydan.tv\/az\/#website","url":"https:\/\/www.meydan.tv\/az\/","name":"MEYDAN.TV","description":"Meydan TV Az\u0259rbaycan\u0131n media m\u0259kan\u0131ndak\u0131 alternativ s\u0259sidir","publisher":{"@id":"https:\/\/www.meydan.tv\/az\/#organization"},"potentialAction":[{"@type":"SearchAction","target":{"@type":"EntryPoint","urlTemplate":"https:\/\/www.meydan.tv\/az\/?s={search_term_string}"},"query-input":{"@type":"PropertyValueSpecification","valueRequired":true,"valueName":"search_term_string"}}],"inLanguage":"az"},{"@type":"Organization","@id":"https:\/\/www.meydan.tv\/az\/#organization","name":"Meydan TV","url":"https:\/\/www.meydan.tv\/az\/","logo":{"@type":"ImageObject","inLanguage":"az","@id":"https:\/\/www.meydan.tv\/az\/#\/schema\/logo\/image\/","url":"https:\/\/www.meydan.tv\/wp-content\/uploads\/2021\/07\/meydan-logo.svg","contentUrl":"https:\/\/www.meydan.tv\/wp-content\/uploads\/2021\/07\/meydan-logo.svg","width":195,"height":46,"caption":"Meydan TV"},"image":{"@id":"https:\/\/www.meydan.tv\/az\/#\/schema\/logo\/image\/"}},{"@type":"Person","@id":"https:\/\/www.meydan.tv\/az\/#\/schema\/person\/09863e516102a829e72bedcf3f84c6b0","name":"mahmud"}]}},"_links":{"self":[{"href":"https:\/\/www.meydan.tv\/az\/wp-json\/wp\/v2\/posts\/331339","targetHints":{"allow":["GET"]}}],"collection":[{"href":"https:\/\/www.meydan.tv\/az\/wp-json\/wp\/v2\/posts"}],"about":[{"href":"https:\/\/www.meydan.tv\/az\/wp-json\/wp\/v2\/types\/post"}],"author":[{"embeddable":true,"href":"https:\/\/www.meydan.tv\/az\/wp-json\/wp\/v2\/users\/21"}],"replies":[{"embeddable":true,"href":"https:\/\/www.meydan.tv\/az\/wp-json\/wp\/v2\/comments?post=331339"}],"version-history":[{"count":5,"href":"https:\/\/www.meydan.tv\/az\/wp-json\/wp\/v2\/posts\/331339\/revisions"}],"predecessor-version":[{"id":331345,"href":"https:\/\/www.meydan.tv\/az\/wp-json\/wp\/v2\/posts\/331339\/revisions\/331345"}],"wp:featuredmedia":[{"embeddable":true,"href":"https:\/\/www.meydan.tv\/az\/wp-json\/wp\/v2\/media\/210253"}],"wp:attachment":[{"href":"https:\/\/www.meydan.tv\/az\/wp-json\/wp\/v2\/media?parent=331339"}],"wp:term":[{"taxonomy":"category","embeddable":true,"href":"https:\/\/www.meydan.tv\/az\/wp-json\/wp\/v2\/categories?post=331339"},{"taxonomy":"post_tag","embeddable":true,"href":"https:\/\/www.meydan.tv\/az\/wp-json\/wp\/v2\/tags?post=331339"}],"curies":[{"name":"wp","href":"https:\/\/api.w.org\/{rel}","templated":true}]}}