{"id":331309,"date":"2025-06-02T12:17:05","date_gmt":"2025-06-02T08:17:05","guid":{"rendered":"https:\/\/www.meydan.tv\/?p=331309"},"modified":"2025-06-02T12:17:09","modified_gmt":"2025-06-02T08:17:09","slug":"ukraynanin-rusiyadaki-%c9%99m%c9%99liyyatina-bir-il-yarim-hazirliq-gedib","status":"publish","type":"post","link":"https:\/\/www.meydan.tv\/az\/article\/ukraynanin-rusiyadaki-%c9%99m%c9%99liyyatina-bir-il-yarim-hazirliq-gedib\/","title":{"rendered":"Ukraynan\u0131n Rusiyadak\u0131 \u0259m\u0259liyyat\u0131na il yar\u0131m haz\u0131rl\u0131q gedib"},"content":{"rendered":"\n<p><strong><em> &#8220;Tor&#8221; adl\u0131 x\u00fcsusi \u0259m\u0259liyyat\u0131 Ukrayna Prezidentin\u0131n n\u0259zar\u0259ti alt\u0131nda T\u0259hl\u00fck\u0259sizlik Xidm\u0259tinin r\u0259hb\u0259ri h\u0259yata ke\u00e7irib <\/em><\/strong><\/p>\n\n\n\n<p>\u0130yunun 1-d\u0259 Ukrayna T\u0259hl\u00fck\u0259sizlik Xidm\u0259tinin ke\u00e7irdiyi \u201cTor\u201d adl\u0131 x\u00fcsusi \u0259m\u0259liyyat\u0131na haz\u0131rl\u0131q il yar\u0131mdan \u00e7ox m\u00fcdd\u0259t \u00e7\u0259kib. N\u0259tic\u0259d\u0259 Rusiya strateji aviasiyas\u0131n\u0131n 41 t\u0259yyar\u0259si vurulub. Bu bar\u0259d\u0259 \u201c\u0130nterfaks-Ukrayna\u201d agentliyin\u0259 x\u00fcsusi xidm\u0259td\u0259ki m\u0259nb\u0259l\u0259r <a href=\"https:\/\/novosti.dn.ua\/ru\/news\/398468-kontroliroval-prezident-realizoval-glava-sbu-spetsoperatsiyu-pautina-gotovili-bolee-polutora-let\" target=\"_blank\" rel=\"noreferrer noopener\">m\u0259lumat verib<\/a>.<\/p>\n\n\n\n<p>Qeyd olunur ki, \u0259m\u0259liyyat\u0131n gedi\u015fin\u0259 Ukrayna Prezidenti Volodimir Zelenski n\u0259zar\u0259t edib. \u0130deyan\u0131 h\u0259yata ke\u00e7ir\u0259n is\u0259 Ukrayna T\u0259hl\u00fck\u0259sizlik Xidm\u0259tinin r\u0259hb\u0259ri Vasil Malyuk olub.<\/p>\n\n\n\n<p><em>&#8220;Ukrayna T\u0259hl\u00fck\u0259sizlik Xidm\u0259ti \u0259vv\u0259lc\u0259 Rusiyaya fpv-dronlar, sonra is\u0259 mobil taxta evl\u0259r g\u00f6nd\u0259rib. Daha sonra art\u0131q Rusiya Federasiyas\u0131 \u0259razisind\u0259 dronlar y\u00fck ma\u015f\u0131nlar\u0131nda da\u015f\u0131nan taxta evl\u0259rin damlar\u0131 alt\u0131nda gizl\u0259dilib. Zaman\u0131 \u00e7atanda evl\u0259rin damlar\u0131 uzaqdan idar\u0259 etm\u0259kl\u0259 a\u00e7\u0131l\u0131b v\u0259 dronlar Rusiya bombardman\u00e7\u0131lar\u0131na h\u00fccum edib&#8221;, <\/em>&#8211; m\u0259lumatda deyilir.<\/p>\n\n\n\n<figure class=\"wp-block-image size-large\"><img decoding=\"async\" data-src=\"https:\/\/novosti.dn.ua\/upload\/img\/2025\/06\/01\/683c5d95ac20f-----.jpg\" alt=\"\" src=\"data:image\/svg+xml;base64,PHN2ZyB3aWR0aD0iMSIgaGVpZ2h0PSIxIiB4bWxucz0iaHR0cDovL3d3dy53My5vcmcvMjAwMC9zdmciPjwvc3ZnPg==\" class=\"lazyload\" \/><\/figure>\n\n\n\n<figure class=\"wp-block-image size-large\"><img decoding=\"async\" data-src=\"https:\/\/novosti.dn.ua\/upload\/img\/2025\/06\/01\/683c5d9c2cb85-------.jpg\" alt=\"\" src=\"data:image\/svg+xml;base64,PHN2ZyB3aWR0aD0iMSIgaGVpZ2h0PSIxIiB4bWxucz0iaHR0cDovL3d3dy53My5vcmcvMjAwMC9zdmciPjwvc3ZnPg==\" class=\"lazyload\" \/><\/figure>\n\n\n\n<figure class=\"wp-block-image size-large\"><img decoding=\"async\" data-src=\"https:\/\/novosti.dn.ua\/upload\/img\/2025\/06\/01\/683c5da4cfeba-----------.jpg\" alt=\"\" src=\"data:image\/svg+xml;base64,PHN2ZyB3aWR0aD0iMSIgaGVpZ2h0PSIxIiB4bWxucz0iaHR0cDovL3d3dy53My5vcmcvMjAwMC9zdmciPjwvc3ZnPg==\" class=\"lazyload\" \/><figcaption class=\"wp-element-caption\">Fotolar: Ukrayna T\u0259hl\u00fck\u0259sizlik Xidm\u0259ti<\/figcaption><\/figure>\n\n\n\n<p>Ukrayna T\u0259hl\u00fck\u0259sizlik Xidm\u0259tind\u0259n h\u0259m d\u0259 bildiribl\u0259r ki,  x\u00fcsusi \u0259m\u0259liyyatda i\u015ftirak ed\u0259n \u015f\u0259xsl\u0259r art\u0131q uzun m\u00fcdd\u0259tdir Ukrayna \u0259razisind\u0259dirl\u0259r.<\/p>\n\n\n\n<script async src=\"https:\/\/telegram.org\/js\/telegram-widget.js?22\" data-telegram-post=\"ukrinform_news\/145886\" data-width=\"100%\"><\/script>\n\n\n\n<p>Ukraynan\u0131n Rusiya \u0259razisind\u0259 ke\u00e7irdiyi \u201cTor\u201d adl\u0131 x\u00fcsusi \u0259m\u0259liyyat zaman\u0131 d\u00f6rd aerodroma h\u00fccum olub: \u201cBelaya\u201d, \u201cDyagilevo\u201d, \u201cOlenya\u201d v\u0259 \u201c\u0130vanovo\u201d.<\/p>\n","protected":false},"excerpt":{"rendered":"<p>&#8220;Tor&#8221; adl\u0131 x\u00fcsusi \u0259m\u0259liyyat\u0131 Ukrayna Prezidentin\u0131n n\u0259zar\u0259ti alt\u0131nda T\u0259hl\u00fck\u0259sizlik Xidm\u0259tinin &#8230; <\/p>\n<p class=\"read-more-container\"><a title=\"Ukraynan\u0131n Rusiyadak\u0131 \u0259m\u0259liyyat\u0131na il yar\u0131m haz\u0131rl\u0131q gedib\" class=\"read-more button\" href=\"https:\/\/www.meydan.tv\/az\/article\/ukraynanin-rusiyadaki-%c9%99m%c9%99liyyatina-bir-il-yarim-hazirliq-gedib\/#more-331309\" aria-label=\"Read more about Ukraynan\u0131n Rusiyadak\u0131 \u0259m\u0259liyyat\u0131na il yar\u0131m haz\u0131rl\u0131q gedib\">Davam\u0131<\/a><\/p>\n","protected":false},"author":16,"featured_media":331314,"comment_status":"closed","ping_status":"closed","sticky":false,"template":"","format":"standard","meta":{"_acf_changed":false,"_sitemap_exclude":false,"_sitemap_priority":"","_sitemap_frequency":"","footnotes":""},"categories":[64,56],"tags":[],"class_list":["post-331309","post","type-post","status-publish","format-standard","has-post-thumbnail","hentry","category-dunya","category-xeberler","infinite-scroll-item","generate-columns","tablet-grid-50","mobile-grid-100","grid-parent","grid-33","no-featured-image-padding"],"acf":[],"yoast_head":"<!-- This site is optimized with the Yoast SEO plugin v27.5 - https:\/\/yoast.com\/product\/yoast-seo-wordpress\/ -->\n<title>Ukraynan\u0131n Rusiyadak\u0131 \u0259m\u0259liyyat\u0131na il yar\u0131m haz\u0131rl\u0131q gedib - MEYDAN.TV<\/title>\n<meta name=\"robots\" content=\"index, follow, max-snippet:-1, max-image-preview:large, max-video-preview:-1\" \/>\n<link rel=\"canonical\" href=\"https:\/\/www.meydan.tv\/az\/article\/ukraynanin-rusiyadaki-%c9%99m%c9%99liyyatina-bir-il-yarim-hazirliq-gedib\/\" \/>\n<meta property=\"og:locale\" content=\"az_AZ\" \/>\n<meta property=\"og:type\" content=\"article\" \/>\n<meta property=\"og:title\" content=\"Ukraynan\u0131n Rusiyadak\u0131 \u0259m\u0259liyyat\u0131na il yar\u0131m haz\u0131rl\u0131q gedib - MEYDAN.TV\" \/>\n<meta property=\"og:description\" content=\"&#8220;Tor&#8221; adl\u0131 x\u00fcsusi \u0259m\u0259liyyat\u0131 Ukrayna Prezidentin\u0131n n\u0259zar\u0259ti alt\u0131nda T\u0259hl\u00fck\u0259sizlik Xidm\u0259tinin ... Davam\u0131\" \/>\n<meta property=\"og:url\" content=\"https:\/\/www.meydan.tv\/az\/article\/ukraynanin-rusiyadaki-%c9%99m%c9%99liyyatina-bir-il-yarim-hazirliq-gedib\/\" \/>\n<meta property=\"og:site_name\" content=\"MEYDAN.TV\" \/>\n<meta property=\"article:published_time\" content=\"2025-06-02T08:17:05+00:00\" \/>\n<meta property=\"article:modified_time\" content=\"2025-06-02T08:17:09+00:00\" \/>\n<meta property=\"og:image\" content=\"https:\/\/www.meydan.tv\/wp-content\/uploads\/683c5d8a513ee-_1200.jpg\" \/>\n\t<meta property=\"og:image:width\" content=\"1200\" \/>\n\t<meta property=\"og:image:height\" content=\"900\" \/>\n\t<meta property=\"og:image:type\" content=\"image\/jpeg\" \/>\n<meta name=\"author\" content=\"sevda\" \/>\n<meta name=\"twitter:card\" content=\"summary_large_image\" \/>\n<script type=\"application\/ld+json\" class=\"yoast-schema-graph\">{\"@context\":\"https:\\\/\\\/schema.org\",\"@graph\":[{\"@type\":\"Article\",\"@id\":\"https:\\\/\\\/www.meydan.tv\\\/az\\\/article\\\/ukraynanin-rusiyadaki-%c9%99m%c9%99liyyatina-bir-il-yarim-hazirliq-gedib\\\/#article\",\"isPartOf\":{\"@id\":\"https:\\\/\\\/www.meydan.tv\\\/az\\\/article\\\/ukraynanin-rusiyadaki-%c9%99m%c9%99liyyatina-bir-il-yarim-hazirliq-gedib\\\/\"},\"author\":{\"name\":\"sevda\",\"@id\":\"https:\\\/\\\/www.meydan.tv\\\/az\\\/#\\\/schema\\\/person\\\/49b5f2bad5b126bb8ea9320eeb3e4dc9\"},\"headline\":\"Ukraynan\u0131n Rusiyadak\u0131 \u0259m\u0259liyyat\u0131na il yar\u0131m haz\u0131rl\u0131q gedib\",\"datePublished\":\"2025-06-02T08:17:05+00:00\",\"dateModified\":\"2025-06-02T08:17:09+00:00\",\"mainEntityOfPage\":{\"@id\":\"https:\\\/\\\/www.meydan.tv\\\/az\\\/article\\\/ukraynanin-rusiyadaki-%c9%99m%c9%99liyyatina-bir-il-yarim-hazirliq-gedib\\\/\"},\"wordCount\":268,\"publisher\":{\"@id\":\"https:\\\/\\\/www.meydan.tv\\\/az\\\/#organization\"},\"image\":{\"@id\":\"https:\\\/\\\/www.meydan.tv\\\/az\\\/article\\\/ukraynanin-rusiyadaki-%c9%99m%c9%99liyyatina-bir-il-yarim-hazirliq-gedib\\\/#primaryimage\"},\"thumbnailUrl\":\"https:\\\/\\\/www.meydan.tv\\\/wp-content\\\/uploads\\\/683c5d8a513ee-_1200.jpg\",\"articleSection\":[\"D\u00fcnya\",\"X\u0259b\u0259rl\u0259r\"],\"inLanguage\":\"az\"},{\"@type\":\"WebPage\",\"@id\":\"https:\\\/\\\/www.meydan.tv\\\/az\\\/article\\\/ukraynanin-rusiyadaki-%c9%99m%c9%99liyyatina-bir-il-yarim-hazirliq-gedib\\\/\",\"url\":\"https:\\\/\\\/www.meydan.tv\\\/az\\\/article\\\/ukraynanin-rusiyadaki-%c9%99m%c9%99liyyatina-bir-il-yarim-hazirliq-gedib\\\/\",\"name\":\"Ukraynan\u0131n Rusiyadak\u0131 \u0259m\u0259liyyat\u0131na il yar\u0131m haz\u0131rl\u0131q gedib - MEYDAN.TV\",\"isPartOf\":{\"@id\":\"https:\\\/\\\/www.meydan.tv\\\/az\\\/#website\"},\"primaryImageOfPage\":{\"@id\":\"https:\\\/\\\/www.meydan.tv\\\/az\\\/article\\\/ukraynanin-rusiyadaki-%c9%99m%c9%99liyyatina-bir-il-yarim-hazirliq-gedib\\\/#primaryimage\"},\"image\":{\"@id\":\"https:\\\/\\\/www.meydan.tv\\\/az\\\/article\\\/ukraynanin-rusiyadaki-%c9%99m%c9%99liyyatina-bir-il-yarim-hazirliq-gedib\\\/#primaryimage\"},\"thumbnailUrl\":\"https:\\\/\\\/www.meydan.tv\\\/wp-content\\\/uploads\\\/683c5d8a513ee-_1200.jpg\",\"datePublished\":\"2025-06-02T08:17:05+00:00\",\"dateModified\":\"2025-06-02T08:17:09+00:00\",\"breadcrumb\":{\"@id\":\"https:\\\/\\\/www.meydan.tv\\\/az\\\/article\\\/ukraynanin-rusiyadaki-%c9%99m%c9%99liyyatina-bir-il-yarim-hazirliq-gedib\\\/#breadcrumb\"},\"inLanguage\":\"az\",\"potentialAction\":[{\"@type\":\"ReadAction\",\"target\":[\"https:\\\/\\\/www.meydan.tv\\\/az\\\/article\\\/ukraynanin-rusiyadaki-%c9%99m%c9%99liyyatina-bir-il-yarim-hazirliq-gedib\\\/\"]}]},{\"@type\":\"ImageObject\",\"inLanguage\":\"az\",\"@id\":\"https:\\\/\\\/www.meydan.tv\\\/az\\\/article\\\/ukraynanin-rusiyadaki-%c9%99m%c9%99liyyatina-bir-il-yarim-hazirliq-gedib\\\/#primaryimage\",\"url\":\"https:\\\/\\\/www.meydan.tv\\\/wp-content\\\/uploads\\\/683c5d8a513ee-_1200.jpg\",\"contentUrl\":\"https:\\\/\\\/www.meydan.tv\\\/wp-content\\\/uploads\\\/683c5d8a513ee-_1200.jpg\",\"width\":1200,\"height\":900,\"caption\":\"Foto: Ukrayna T\u0259hl\u00fck\u0259sizlik Xidm\u0259ti\"},{\"@type\":\"BreadcrumbList\",\"@id\":\"https:\\\/\\\/www.meydan.tv\\\/az\\\/article\\\/ukraynanin-rusiyadaki-%c9%99m%c9%99liyyatina-bir-il-yarim-hazirliq-gedib\\\/#breadcrumb\",\"itemListElement\":[{\"@type\":\"ListItem\",\"position\":1,\"name\":\"Ana s\u0259hif\u0259\",\"item\":\"https:\\\/\\\/www.meydan.tv\\\/az\\\/\"},{\"@type\":\"ListItem\",\"position\":2,\"name\":\"X\u0259b\u0259rl\u0259r\",\"item\":\"https:\\\/\\\/www.meydan.tv\\\/az\\\/section\\\/xeberler\\\/\"},{\"@type\":\"ListItem\",\"position\":3,\"name\":\"Ukraynan\u0131n Rusiyadak\u0131 \u0259m\u0259liyyat\u0131na il yar\u0131m haz\u0131rl\u0131q gedib\"}]},{\"@type\":\"WebSite\",\"@id\":\"https:\\\/\\\/www.meydan.tv\\\/az\\\/#website\",\"url\":\"https:\\\/\\\/www.meydan.tv\\\/az\\\/\",\"name\":\"MEYDAN.TV\",\"description\":\"Meydan TV Az\u0259rbaycan\u0131n media m\u0259kan\u0131ndak\u0131 alternativ s\u0259sidir\",\"publisher\":{\"@id\":\"https:\\\/\\\/www.meydan.tv\\\/az\\\/#organization\"},\"potentialAction\":[{\"@type\":\"SearchAction\",\"target\":{\"@type\":\"EntryPoint\",\"urlTemplate\":\"https:\\\/\\\/www.meydan.tv\\\/az\\\/?s={search_term_string}\"},\"query-input\":{\"@type\":\"PropertyValueSpecification\",\"valueRequired\":true,\"valueName\":\"search_term_string\"}}],\"inLanguage\":\"az\"},{\"@type\":\"Organization\",\"@id\":\"https:\\\/\\\/www.meydan.tv\\\/az\\\/#organization\",\"name\":\"Meydan TV\",\"url\":\"https:\\\/\\\/www.meydan.tv\\\/az\\\/\",\"logo\":{\"@type\":\"ImageObject\",\"inLanguage\":\"az\",\"@id\":\"https:\\\/\\\/www.meydan.tv\\\/az\\\/#\\\/schema\\\/logo\\\/image\\\/\",\"url\":\"https:\\\/\\\/www.meydan.tv\\\/wp-content\\\/uploads\\\/2021\\\/07\\\/meydan-logo.svg\",\"contentUrl\":\"https:\\\/\\\/www.meydan.tv\\\/wp-content\\\/uploads\\\/2021\\\/07\\\/meydan-logo.svg\",\"width\":195,\"height\":46,\"caption\":\"Meydan TV\"},\"image\":{\"@id\":\"https:\\\/\\\/www.meydan.tv\\\/az\\\/#\\\/schema\\\/logo\\\/image\\\/\"}},{\"@type\":\"Person\",\"@id\":\"https:\\\/\\\/www.meydan.tv\\\/az\\\/#\\\/schema\\\/person\\\/49b5f2bad5b126bb8ea9320eeb3e4dc9\",\"name\":\"sevda\"}]}<\/script>\n<!-- \/ Yoast SEO plugin. -->","yoast_head_json":{"title":"Ukraynan\u0131n Rusiyadak\u0131 \u0259m\u0259liyyat\u0131na il yar\u0131m haz\u0131rl\u0131q gedib - MEYDAN.TV","robots":{"index":"index","follow":"follow","max-snippet":"max-snippet:-1","max-image-preview":"max-image-preview:large","max-video-preview":"max-video-preview:-1"},"canonical":"https:\/\/www.meydan.tv\/az\/article\/ukraynanin-rusiyadaki-%c9%99m%c9%99liyyatina-bir-il-yarim-hazirliq-gedib\/","og_locale":"az_AZ","og_type":"article","og_title":"Ukraynan\u0131n Rusiyadak\u0131 \u0259m\u0259liyyat\u0131na il yar\u0131m haz\u0131rl\u0131q gedib - MEYDAN.TV","og_description":"&#8220;Tor&#8221; adl\u0131 x\u00fcsusi \u0259m\u0259liyyat\u0131 Ukrayna Prezidentin\u0131n n\u0259zar\u0259ti alt\u0131nda T\u0259hl\u00fck\u0259sizlik Xidm\u0259tinin ... Davam\u0131","og_url":"https:\/\/www.meydan.tv\/az\/article\/ukraynanin-rusiyadaki-%c9%99m%c9%99liyyatina-bir-il-yarim-hazirliq-gedib\/","og_site_name":"MEYDAN.TV","article_published_time":"2025-06-02T08:17:05+00:00","article_modified_time":"2025-06-02T08:17:09+00:00","og_image":[{"width":1200,"height":900,"url":"https:\/\/www.meydan.tv\/wp-content\/uploads\/683c5d8a513ee-_1200.jpg","type":"image\/jpeg"}],"author":"sevda","twitter_card":"summary_large_image","schema":{"@context":"https:\/\/schema.org","@graph":[{"@type":"Article","@id":"https:\/\/www.meydan.tv\/az\/article\/ukraynanin-rusiyadaki-%c9%99m%c9%99liyyatina-bir-il-yarim-hazirliq-gedib\/#article","isPartOf":{"@id":"https:\/\/www.meydan.tv\/az\/article\/ukraynanin-rusiyadaki-%c9%99m%c9%99liyyatina-bir-il-yarim-hazirliq-gedib\/"},"author":{"name":"sevda","@id":"https:\/\/www.meydan.tv\/az\/#\/schema\/person\/49b5f2bad5b126bb8ea9320eeb3e4dc9"},"headline":"Ukraynan\u0131n Rusiyadak\u0131 \u0259m\u0259liyyat\u0131na il yar\u0131m haz\u0131rl\u0131q gedib","datePublished":"2025-06-02T08:17:05+00:00","dateModified":"2025-06-02T08:17:09+00:00","mainEntityOfPage":{"@id":"https:\/\/www.meydan.tv\/az\/article\/ukraynanin-rusiyadaki-%c9%99m%c9%99liyyatina-bir-il-yarim-hazirliq-gedib\/"},"wordCount":268,"publisher":{"@id":"https:\/\/www.meydan.tv\/az\/#organization"},"image":{"@id":"https:\/\/www.meydan.tv\/az\/article\/ukraynanin-rusiyadaki-%c9%99m%c9%99liyyatina-bir-il-yarim-hazirliq-gedib\/#primaryimage"},"thumbnailUrl":"https:\/\/www.meydan.tv\/wp-content\/uploads\/683c5d8a513ee-_1200.jpg","articleSection":["D\u00fcnya","X\u0259b\u0259rl\u0259r"],"inLanguage":"az"},{"@type":"WebPage","@id":"https:\/\/www.meydan.tv\/az\/article\/ukraynanin-rusiyadaki-%c9%99m%c9%99liyyatina-bir-il-yarim-hazirliq-gedib\/","url":"https:\/\/www.meydan.tv\/az\/article\/ukraynanin-rusiyadaki-%c9%99m%c9%99liyyatina-bir-il-yarim-hazirliq-gedib\/","name":"Ukraynan\u0131n Rusiyadak\u0131 \u0259m\u0259liyyat\u0131na il yar\u0131m haz\u0131rl\u0131q gedib - MEYDAN.TV","isPartOf":{"@id":"https:\/\/www.meydan.tv\/az\/#website"},"primaryImageOfPage":{"@id":"https:\/\/www.meydan.tv\/az\/article\/ukraynanin-rusiyadaki-%c9%99m%c9%99liyyatina-bir-il-yarim-hazirliq-gedib\/#primaryimage"},"image":{"@id":"https:\/\/www.meydan.tv\/az\/article\/ukraynanin-rusiyadaki-%c9%99m%c9%99liyyatina-bir-il-yarim-hazirliq-gedib\/#primaryimage"},"thumbnailUrl":"https:\/\/www.meydan.tv\/wp-content\/uploads\/683c5d8a513ee-_1200.jpg","datePublished":"2025-06-02T08:17:05+00:00","dateModified":"2025-06-02T08:17:09+00:00","breadcrumb":{"@id":"https:\/\/www.meydan.tv\/az\/article\/ukraynanin-rusiyadaki-%c9%99m%c9%99liyyatina-bir-il-yarim-hazirliq-gedib\/#breadcrumb"},"inLanguage":"az","potentialAction":[{"@type":"ReadAction","target":["https:\/\/www.meydan.tv\/az\/article\/ukraynanin-rusiyadaki-%c9%99m%c9%99liyyatina-bir-il-yarim-hazirliq-gedib\/"]}]},{"@type":"ImageObject","inLanguage":"az","@id":"https:\/\/www.meydan.tv\/az\/article\/ukraynanin-rusiyadaki-%c9%99m%c9%99liyyatina-bir-il-yarim-hazirliq-gedib\/#primaryimage","url":"https:\/\/www.meydan.tv\/wp-content\/uploads\/683c5d8a513ee-_1200.jpg","contentUrl":"https:\/\/www.meydan.tv\/wp-content\/uploads\/683c5d8a513ee-_1200.jpg","width":1200,"height":900,"caption":"Foto: Ukrayna T\u0259hl\u00fck\u0259sizlik Xidm\u0259ti"},{"@type":"BreadcrumbList","@id":"https:\/\/www.meydan.tv\/az\/article\/ukraynanin-rusiyadaki-%c9%99m%c9%99liyyatina-bir-il-yarim-hazirliq-gedib\/#breadcrumb","itemListElement":[{"@type":"ListItem","position":1,"name":"Ana s\u0259hif\u0259","item":"https:\/\/www.meydan.tv\/az\/"},{"@type":"ListItem","position":2,"name":"X\u0259b\u0259rl\u0259r","item":"https:\/\/www.meydan.tv\/az\/section\/xeberler\/"},{"@type":"ListItem","position":3,"name":"Ukraynan\u0131n Rusiyadak\u0131 \u0259m\u0259liyyat\u0131na il yar\u0131m haz\u0131rl\u0131q gedib"}]},{"@type":"WebSite","@id":"https:\/\/www.meydan.tv\/az\/#website","url":"https:\/\/www.meydan.tv\/az\/","name":"MEYDAN.TV","description":"Meydan TV Az\u0259rbaycan\u0131n media m\u0259kan\u0131ndak\u0131 alternativ s\u0259sidir","publisher":{"@id":"https:\/\/www.meydan.tv\/az\/#organization"},"potentialAction":[{"@type":"SearchAction","target":{"@type":"EntryPoint","urlTemplate":"https:\/\/www.meydan.tv\/az\/?s={search_term_string}"},"query-input":{"@type":"PropertyValueSpecification","valueRequired":true,"valueName":"search_term_string"}}],"inLanguage":"az"},{"@type":"Organization","@id":"https:\/\/www.meydan.tv\/az\/#organization","name":"Meydan TV","url":"https:\/\/www.meydan.tv\/az\/","logo":{"@type":"ImageObject","inLanguage":"az","@id":"https:\/\/www.meydan.tv\/az\/#\/schema\/logo\/image\/","url":"https:\/\/www.meydan.tv\/wp-content\/uploads\/2021\/07\/meydan-logo.svg","contentUrl":"https:\/\/www.meydan.tv\/wp-content\/uploads\/2021\/07\/meydan-logo.svg","width":195,"height":46,"caption":"Meydan TV"},"image":{"@id":"https:\/\/www.meydan.tv\/az\/#\/schema\/logo\/image\/"}},{"@type":"Person","@id":"https:\/\/www.meydan.tv\/az\/#\/schema\/person\/49b5f2bad5b126bb8ea9320eeb3e4dc9","name":"sevda"}]}},"_links":{"self":[{"href":"https:\/\/www.meydan.tv\/az\/wp-json\/wp\/v2\/posts\/331309","targetHints":{"allow":["GET"]}}],"collection":[{"href":"https:\/\/www.meydan.tv\/az\/wp-json\/wp\/v2\/posts"}],"about":[{"href":"https:\/\/www.meydan.tv\/az\/wp-json\/wp\/v2\/types\/post"}],"author":[{"embeddable":true,"href":"https:\/\/www.meydan.tv\/az\/wp-json\/wp\/v2\/users\/16"}],"replies":[{"embeddable":true,"href":"https:\/\/www.meydan.tv\/az\/wp-json\/wp\/v2\/comments?post=331309"}],"version-history":[{"count":9,"href":"https:\/\/www.meydan.tv\/az\/wp-json\/wp\/v2\/posts\/331309\/revisions"}],"predecessor-version":[{"id":331323,"href":"https:\/\/www.meydan.tv\/az\/wp-json\/wp\/v2\/posts\/331309\/revisions\/331323"}],"wp:featuredmedia":[{"embeddable":true,"href":"https:\/\/www.meydan.tv\/az\/wp-json\/wp\/v2\/media\/331314"}],"wp:attachment":[{"href":"https:\/\/www.meydan.tv\/az\/wp-json\/wp\/v2\/media?parent=331309"}],"wp:term":[{"taxonomy":"category","embeddable":true,"href":"https:\/\/www.meydan.tv\/az\/wp-json\/wp\/v2\/categories?post=331309"},{"taxonomy":"post_tag","embeddable":true,"href":"https:\/\/www.meydan.tv\/az\/wp-json\/wp\/v2\/tags?post=331309"}],"curies":[{"name":"wp","href":"https:\/\/api.w.org\/{rel}","templated":true}]}}