{"id":331289,"date":"2025-05-31T16:54:54","date_gmt":"2025-05-31T12:54:54","guid":{"rendered":"https:\/\/www.meydan.tv\/?p=331289"},"modified":"2025-05-31T16:55:18","modified_gmt":"2025-05-31T12:55:18","slug":"imisli-agsaqqallar-surasinin-kecmis-s%c9%99drinin-h%c9%99bs-edildiyi-deyilir","status":"publish","type":"post","link":"https:\/\/www.meydan.tv\/az\/article\/imisli-agsaqqallar-surasinin-kecmis-s%c9%99drinin-h%c9%99bs-edildiyi-deyilir\/","title":{"rendered":"\u0130mi\u015fli A\u011fsaqqallar \u015euras\u0131n\u0131n ke\u00e7mi\u015f s\u0259drinin h\u0259bs edildiyi deyilir"},"content":{"rendered":"\n<p class=\"wp-block-paragraph\">DTX-nin saxlad\u0131\u011f\u0131 Saleh S\u0259m\u0259dov bar\u0259sind\u0259 h\u0259bs q\u0259timkan t\u0259dbiri se\u00e7ilib<\/p>\n\n\n\n<p class=\"wp-block-paragraph\">Fa\u015fizm \u00fcz\u0259rind\u0259 Q\u0259l\u0259b\u0259 G\u00fcn\u00fc \u2013 may\u0131n 9-da t\u0259dbird\u0259 SSR\u0130 bayra\u011f\u0131 alt\u0131nda, sin\u0259sind\u0259 rus imperiyas\u0131n\u0131n r\u0259mzi olan \u201cGeorgi lenti\u201d il\u0259 \u00e7\u0131x\u0131\u015f ed\u0259n \u0130mi\u015fli Rayon A\u011fsaqqallar \u015euras\u0131n\u0131n ke\u00e7mi\u015f s\u0259dri Saleh S\u0259m\u0259dov saxlan\u0131l\u0131b.<\/p>\n\n\n\n<p class=\"wp-block-paragraph\">APA <a href=\"https:\/\/apa.az\/hadise\/dtx-nin-saxladigi-saleh-semedov-baresinde-hebs-qetimkan-tedbiri-secilib-902676\">x\u0259b\u0259r verir<\/a> ki, S\u0259bail Rayon M\u0259hk\u0259m\u0259si Saleh S\u0259m\u0259dov bar\u0259sind\u0259 m\u0259nims\u0259m\u0259 cinay\u0259tl\u0259rin\u0259 g\u00f6r\u0259 4 ayl\u0131q h\u0259bs q\u0259timkan t\u0259dbiri se\u00e7ib. O, AR Cinay\u0259t M\u0259c\u0259ll\u0259sinin 179-cu (&#8220;<strong>M\u00fclkiyy\u0259t h\u00fcquqlar\u0131n\u0131n pozulmas\u0131<\/strong>&#8220;) madd\u0259si il\u0259 ittiham olunur.<\/p>\n\n\n\n<p class=\"wp-block-paragraph\">Onu t\u0259xmin\u0259n 1 ild\u0259n 3 il\u0259d\u0259k h\u0259bs c\u0259zas\u0131 g\u00f6zl\u0259yir.<\/p>\n\n\n\n<p class=\"wp-block-paragraph\">May\u0131n 13-d\u0259 S.S\u0259m\u0259dov \u0130mi\u015fli Rayon A\u011fsaqqallar \u015euras\u0131n\u0131n s\u0259dri v\u0259zif\u0259sind\u0259n azad edilib.<\/p>\n\n\n\n<p class=\"wp-block-paragraph\">A\u011fsaqqallar \u015euras\u0131n\u0131n \u0130dar\u0259 Hey\u0259tinin yayd\u0131\u011f\u0131 m\u0259lumata g\u00f6r\u0259, Saleh S\u0259m\u0259dov \u015euran\u0131n ad\u0131na l\u0259k\u0259 g\u0259tir\u0259n h\u0259r\u0259k\u0259tl\u0259r\u0259 yol verib, Az\u0259rbaycan A\u011fsaqqallar \u015euras\u0131n\u0131n Nizamnam\u0259 t\u0259l\u0259bl\u0259rini kobud \u015f\u0259kild\u0259 pozub. O, h\u0259m\u00e7inin Az\u0259rbaycan A\u011fsaqqallar \u015euras\u0131n\u0131n \u00fczvl\u00fcy\u00fcnd\u0259n d\u0259 \u00e7\u0131xar\u0131l\u0131b.<\/p>\n\n\n\n<p class=\"wp-block-paragraph\">Yax\u0131nlar\u0131n\u0131n verdiyi m\u0259lumata g\u00f6r\u0259, Saleh S\u0259m\u0259dov D\u00f6vl\u0259t T\u0259hl\u00fck\u0259sizliyi Xidm\u0259ti t\u0259r\u0259find\u0259n h\u0259bs edilib.<\/p>\n","protected":false},"excerpt":{"rendered":"<p>DTX-nin saxlad\u0131\u011f\u0131 Saleh S\u0259m\u0259dov bar\u0259sind\u0259 h\u0259bs q\u0259timkan t\u0259dbiri se\u00e7ilib Fa\u015fizm &#8230; <\/p>\n<p class=\"read-more-container\"><a title=\"\u0130mi\u015fli A\u011fsaqqallar \u015euras\u0131n\u0131n ke\u00e7mi\u015f s\u0259drinin h\u0259bs edildiyi deyilir\" class=\"read-more button\" href=\"https:\/\/www.meydan.tv\/az\/article\/imisli-agsaqqallar-surasinin-kecmis-s%c9%99drinin-h%c9%99bs-edildiyi-deyilir\/#more-331289\" aria-label=\"Read more about \u0130mi\u015fli A\u011fsaqqallar \u015euras\u0131n\u0131n ke\u00e7mi\u015f s\u0259drinin h\u0259bs edildiyi deyilir\">Davam\u0131<\/a><\/p>\n","protected":false},"author":14,"featured_media":331298,"comment_status":"closed","ping_status":"closed","sticky":false,"template":"","format":"standard","meta":{"_acf_changed":false,"_sitemap_exclude":false,"_sitemap_priority":"","_sitemap_frequency":"","footnotes":""},"categories":[79,56],"tags":[],"class_list":["post-331289","post","type-post","status-publish","format-standard","has-post-thumbnail","hentry","category-featured","category-xeberler","infinite-scroll-item","generate-columns","tablet-grid-50","mobile-grid-100","grid-parent","grid-33","no-featured-image-padding"],"acf":[],"yoast_head":"<!-- This site is optimized with the Yoast SEO plugin v28.4 - https:\/\/yoast.com\/product\/yoast-seo-wordpress\/ -->\n<title>\u0130mi\u015fli A\u011fsaqqallar \u015euras\u0131n\u0131n ke\u00e7mi\u015f s\u0259drinin h\u0259bs edildiyi deyilir - MEYDAN.TV<\/title>\n<meta name=\"robots\" content=\"index, follow, max-snippet:-1, max-image-preview:large, max-video-preview:-1\" \/>\n<link rel=\"canonical\" href=\"https:\/\/www.meydan.tv\/az\/article\/imisli-agsaqqallar-surasinin-kecmis-s%c9%99drinin-h%c9%99bs-edildiyi-deyilir\/\" \/>\n<meta property=\"og:locale\" content=\"az_AZ\" \/>\n<meta property=\"og:type\" content=\"article\" \/>\n<meta property=\"og:title\" content=\"\u0130mi\u015fli A\u011fsaqqallar \u015euras\u0131n\u0131n ke\u00e7mi\u015f s\u0259drinin h\u0259bs edildiyi deyilir - MEYDAN.TV\" \/>\n<meta property=\"og:description\" content=\"DTX-nin saxlad\u0131\u011f\u0131 Saleh S\u0259m\u0259dov bar\u0259sind\u0259 h\u0259bs q\u0259timkan t\u0259dbiri se\u00e7ilib Fa\u015fizm ... Davam\u0131\" \/>\n<meta property=\"og:url\" content=\"https:\/\/www.meydan.tv\/az\/article\/imisli-agsaqqallar-surasinin-kecmis-s%c9%99drinin-h%c9%99bs-edildiyi-deyilir\/\" \/>\n<meta property=\"og:site_name\" content=\"MEYDAN.TV\" \/>\n<meta property=\"article:published_time\" content=\"2025-05-31T12:54:54+00:00\" \/>\n<meta property=\"article:modified_time\" content=\"2025-05-31T12:55:18+00:00\" \/>\n<meta property=\"og:image\" content=\"https:\/\/www.meydan.tv\/wp-content\/uploads\/0766.png\" \/>\n\t<meta property=\"og:image:width\" content=\"1179\" \/>\n\t<meta property=\"og:image:height\" content=\"576\" \/>\n\t<meta property=\"og:image:type\" content=\"image\/png\" \/>\n<meta name=\"twitter:card\" content=\"summary_large_image\" \/>\n<!-- \/ Yoast SEO plugin. -->","yoast_head_json":{"title":"\u0130mi\u015fli A\u011fsaqqallar \u015euras\u0131n\u0131n ke\u00e7mi\u015f s\u0259drinin h\u0259bs edildiyi deyilir - MEYDAN.TV","robots":{"index":"index","follow":"follow","max-snippet":"max-snippet:-1","max-image-preview":"max-image-preview:large","max-video-preview":"max-video-preview:-1"},"canonical":"https:\/\/www.meydan.tv\/az\/article\/imisli-agsaqqallar-surasinin-kecmis-s%c9%99drinin-h%c9%99bs-edildiyi-deyilir\/","og_locale":"az_AZ","og_type":"article","og_title":"\u0130mi\u015fli A\u011fsaqqallar \u015euras\u0131n\u0131n ke\u00e7mi\u015f s\u0259drinin h\u0259bs edildiyi deyilir - MEYDAN.TV","og_description":"DTX-nin saxlad\u0131\u011f\u0131 Saleh S\u0259m\u0259dov bar\u0259sind\u0259 h\u0259bs q\u0259timkan t\u0259dbiri se\u00e7ilib Fa\u015fizm ... Davam\u0131","og_url":"https:\/\/www.meydan.tv\/az\/article\/imisli-agsaqqallar-surasinin-kecmis-s%c9%99drinin-h%c9%99bs-edildiyi-deyilir\/","og_site_name":"MEYDAN.TV","article_published_time":"2025-05-31T12:54:54+00:00","article_modified_time":"2025-05-31T12:55:18+00:00","og_image":[{"width":1179,"height":576,"url":"https:\/\/www.meydan.tv\/wp-content\/uploads\/0766.png","type":"image\/png"}],"twitter_card":"summary_large_image","schema":{"@context":"https:\/\/schema.org","@graph":[{"@type":"Article","@id":"https:\/\/www.meydan.tv\/az\/article\/imisli-agsaqqallar-surasinin-kecmis-s%c9%99drinin-h%c9%99bs-edildiyi-deyilir\/#article","isPartOf":{"@id":"https:\/\/www.meydan.tv\/az\/article\/imisli-agsaqqallar-surasinin-kecmis-s%c9%99drinin-h%c9%99bs-edildiyi-deyilir\/"},"author":{"name":"roma","@id":"https:\/\/www.meydan.tv\/az\/#\/schema\/person\/8f23e01c4de63326c13c319fb65ee65d"},"headline":"\u0130mi\u015fli A\u011fsaqqallar \u015euras\u0131n\u0131n ke\u00e7mi\u015f s\u0259drinin h\u0259bs edildiyi deyilir","datePublished":"2025-05-31T12:54:54+00:00","dateModified":"2025-05-31T12:55:18+00:00","mainEntityOfPage":{"@id":"https:\/\/www.meydan.tv\/az\/article\/imisli-agsaqqallar-surasinin-kecmis-s%c9%99drinin-h%c9%99bs-edildiyi-deyilir\/"},"wordCount":277,"publisher":{"@id":"https:\/\/www.meydan.tv\/az\/#organization"},"image":{"@id":"https:\/\/www.meydan.tv\/az\/article\/imisli-agsaqqallar-surasinin-kecmis-s%c9%99drinin-h%c9%99bs-edildiyi-deyilir\/#primaryimage"},"thumbnailUrl":"https:\/\/www.meydan.tv\/wp-content\/uploads\/0766.png","articleSection":["T\u00f6vsiy\u0259","X\u0259b\u0259rl\u0259r"],"inLanguage":"az"},{"@type":"WebPage","@id":"https:\/\/www.meydan.tv\/az\/article\/imisli-agsaqqallar-surasinin-kecmis-s%c9%99drinin-h%c9%99bs-edildiyi-deyilir\/","url":"https:\/\/www.meydan.tv\/az\/article\/imisli-agsaqqallar-surasinin-kecmis-s%c9%99drinin-h%c9%99bs-edildiyi-deyilir\/","name":"\u0130mi\u015fli A\u011fsaqqallar \u015euras\u0131n\u0131n ke\u00e7mi\u015f s\u0259drinin h\u0259bs edildiyi deyilir - MEYDAN.TV","isPartOf":{"@id":"https:\/\/www.meydan.tv\/az\/#website"},"primaryImageOfPage":{"@id":"https:\/\/www.meydan.tv\/az\/article\/imisli-agsaqqallar-surasinin-kecmis-s%c9%99drinin-h%c9%99bs-edildiyi-deyilir\/#primaryimage"},"image":{"@id":"https:\/\/www.meydan.tv\/az\/article\/imisli-agsaqqallar-surasinin-kecmis-s%c9%99drinin-h%c9%99bs-edildiyi-deyilir\/#primaryimage"},"thumbnailUrl":"https:\/\/www.meydan.tv\/wp-content\/uploads\/0766.png","datePublished":"2025-05-31T12:54:54+00:00","dateModified":"2025-05-31T12:55:18+00:00","breadcrumb":{"@id":"https:\/\/www.meydan.tv\/az\/article\/imisli-agsaqqallar-surasinin-kecmis-s%c9%99drinin-h%c9%99bs-edildiyi-deyilir\/#breadcrumb"},"inLanguage":"az","potentialAction":[{"@type":"ReadAction","target":["https:\/\/www.meydan.tv\/az\/article\/imisli-agsaqqallar-surasinin-kecmis-s%c9%99drinin-h%c9%99bs-edildiyi-deyilir\/"]}]},{"@type":"ImageObject","inLanguage":"az","@id":"https:\/\/www.meydan.tv\/az\/article\/imisli-agsaqqallar-surasinin-kecmis-s%c9%99drinin-h%c9%99bs-edildiyi-deyilir\/#primaryimage","url":"https:\/\/www.meydan.tv\/wp-content\/uploads\/0766.png","contentUrl":"https:\/\/www.meydan.tv\/wp-content\/uploads\/0766.png","width":1179,"height":576,"caption":"Saleh S\u0259m\u0259dov - Foto: Video Screenshot"},{"@type":"BreadcrumbList","@id":"https:\/\/www.meydan.tv\/az\/article\/imisli-agsaqqallar-surasinin-kecmis-s%c9%99drinin-h%c9%99bs-edildiyi-deyilir\/#breadcrumb","itemListElement":[{"@type":"ListItem","position":1,"name":"Ana s\u0259hif\u0259","item":"https:\/\/www.meydan.tv\/az\/"},{"@type":"ListItem","position":2,"name":"X\u0259b\u0259rl\u0259r","item":"https:\/\/www.meydan.tv\/az\/section\/xeberler\/"},{"@type":"ListItem","position":3,"name":"\u0130mi\u015fli A\u011fsaqqallar \u015euras\u0131n\u0131n ke\u00e7mi\u015f s\u0259drinin h\u0259bs edildiyi deyilir"}]},{"@type":"WebSite","@id":"https:\/\/www.meydan.tv\/az\/#website","url":"https:\/\/www.meydan.tv\/az\/","name":"MEYDAN.TV","description":"Meydan TV Az\u0259rbaycan\u0131n media m\u0259kan\u0131ndak\u0131 alternativ s\u0259sidir","publisher":{"@id":"https:\/\/www.meydan.tv\/az\/#organization"},"potentialAction":[{"@type":"SearchAction","target":{"@type":"EntryPoint","urlTemplate":"https:\/\/www.meydan.tv\/az\/?s={search_term_string}"},"query-input":{"@type":"PropertyValueSpecification","valueRequired":true,"valueName":"search_term_string"}}],"inLanguage":"az"},{"@type":"Organization","@id":"https:\/\/www.meydan.tv\/az\/#organization","name":"Meydan TV","url":"https:\/\/www.meydan.tv\/az\/","logo":{"@type":"ImageObject","inLanguage":"az","@id":"https:\/\/www.meydan.tv\/az\/#\/schema\/logo\/image\/","url":"https:\/\/www.meydan.tv\/wp-content\/uploads\/2021\/07\/meydan-logo.svg","contentUrl":"https:\/\/www.meydan.tv\/wp-content\/uploads\/2021\/07\/meydan-logo.svg","width":195,"height":46,"caption":"Meydan TV"},"image":{"@id":"https:\/\/www.meydan.tv\/az\/#\/schema\/logo\/image\/"}},{"@type":"Person","@id":"https:\/\/www.meydan.tv\/az\/#\/schema\/person\/8f23e01c4de63326c13c319fb65ee65d","name":"roma"}]}},"_links":{"self":[{"href":"https:\/\/www.meydan.tv\/az\/wp-json\/wp\/v2\/posts\/331289","targetHints":{"allow":["GET"]}}],"collection":[{"href":"https:\/\/www.meydan.tv\/az\/wp-json\/wp\/v2\/posts"}],"about":[{"href":"https:\/\/www.meydan.tv\/az\/wp-json\/wp\/v2\/types\/post"}],"author":[{"embeddable":true,"href":"https:\/\/www.meydan.tv\/az\/wp-json\/wp\/v2\/users\/14"}],"replies":[{"embeddable":true,"href":"https:\/\/www.meydan.tv\/az\/wp-json\/wp\/v2\/comments?post=331289"}],"version-history":[{"count":2,"href":"https:\/\/www.meydan.tv\/az\/wp-json\/wp\/v2\/posts\/331289\/revisions"}],"predecessor-version":[{"id":331302,"href":"https:\/\/www.meydan.tv\/az\/wp-json\/wp\/v2\/posts\/331289\/revisions\/331302"}],"wp:featuredmedia":[{"embeddable":true,"href":"https:\/\/www.meydan.tv\/az\/wp-json\/wp\/v2\/media\/331298"}],"wp:attachment":[{"href":"https:\/\/www.meydan.tv\/az\/wp-json\/wp\/v2\/media?parent=331289"}],"wp:term":[{"taxonomy":"category","embeddable":true,"href":"https:\/\/www.meydan.tv\/az\/wp-json\/wp\/v2\/categories?post=331289"},{"taxonomy":"post_tag","embeddable":true,"href":"https:\/\/www.meydan.tv\/az\/wp-json\/wp\/v2\/tags?post=331289"}],"curies":[{"name":"wp","href":"https:\/\/api.w.org\/{rel}","templated":true}]}}