{"id":331213,"date":"2025-05-30T13:58:56","date_gmt":"2025-05-30T09:58:56","guid":{"rendered":"https:\/\/www.meydan.tv\/?p=331213"},"modified":"2025-05-30T17:07:27","modified_gmt":"2025-05-30T13:07:27","slug":"az%c9%99rbaycan-muay-tay-federasiyasinin-prezidentin%c9%99-qarsi-bicaqli-hucum-killer-gond%c9%99ribl%c9%99r","status":"publish","type":"post","link":"https:\/\/www.meydan.tv\/az\/article\/az%c9%99rbaycan-muay-tay-federasiyasinin-prezidentin%c9%99-qarsi-bicaqli-hucum-killer-gond%c9%99ribl%c9%99r\/","title":{"rendered":"Az\u0259rbaycan Muay-tay Federasiyas\u0131n\u0131n prezidentin\u0259 qar\u015f\u0131 b\u0131\u00e7aql\u0131 h\u00fccum &#8211; &#8220;Killer g\u00f6nd\u0259ribl\u0259r&#8221;"},"content":{"rendered":"\n<figure class=\"wp-block-embed is-type-video is-provider-youtube wp-block-embed-youtube wp-embed-aspect-16-9 wp-has-aspect-ratio\"><div class=\"wp-block-embed__wrapper\">\n<iframe title=\"Az\u0259rbaycan Muay-tay Federasiyas\u0131n\u0131n prezidentin\u0259 qar\u015f\u0131 b\u0131\u00e7aql\u0131 h\u00fccum\" width=\"1200\" height=\"675\" data-src=\"https:\/\/www.youtube.com\/embed\/YH7x5tmDud4?feature=oembed\" frameborder=\"0\" allow=\"accelerometer; autoplay; clipboard-write; encrypted-media; gyroscope; picture-in-picture; web-share\" referrerpolicy=\"strict-origin-when-cross-origin\" allowfullscreen src=\"data:image\/svg+xml;base64,PHN2ZyB3aWR0aD0iMSIgaGVpZ2h0PSIxIiB4bWxucz0iaHR0cDovL3d3dy53My5vcmcvMjAwMC9zdmciPjwvc3ZnPg==\" class=\"lazyload\" data-load-mode=\"1\"><\/iframe>\n<\/div><\/figure>\n\n\n\n<p><strong><em>H\u00fccumla ba\u011fl\u0131 apar\u0131lan istintaq \u00e7\u0259r\u00e7iv\u0259sind\u0259 biri Rusiyada&nbsp;olmaqla \u00fcmumilikd\u0259 6 \u015f\u00fcbh\u0259li saxlan\u0131l\u0131b<\/em><\/strong><\/p>\n\n\n\n<p><strong><a href=\"https:\/\/jam-news.net\/az\/azerbaycan-muaythai-federasiyasinin-prezidentine-qarsi-bicaqli-hucum-killer-gonderibler\/?fbclid=IwY2xjawKmWAlleHRuA2FlbQIxMQABHvZjCwjD1Tq7Na_z7A19yNiCuk-LyRT4MLnl8XZ2Yh7sevjnHC3MqW8aYMzm_aem_pd-qhYeQ1JVxXpLmPAdtng\" target=\"_blank\" rel=\"noreferrer noopener\">&#8220;Jamnews&#8221;<\/a>un material\u0131 <\/strong><\/p>\n\n\n\n<p>Antalyan\u0131n Kemer b\u00f6lg\u0259sind\u0259 ke\u00e7iril\u0259n IFMA U23 Elit B\u00f6y\u00fckl\u0259r Muay-tay D\u00fcnya \u00c7empionat\u0131 zaman\u0131 b\u0131\u00e7aqlanaraq a\u011f\u0131r yaralanan Az\u0259rbaycan&nbsp;Muay-tay Federasiyas\u0131n\u0131n prezidenti Araz Musayev\u0259 qar\u015f\u0131 h\u00fccumla ba\u011fl\u0131 apar\u0131lan istintaq \u00e7\u0259r\u00e7iv\u0259sind\u0259 biri Rusiyada&nbsp;olmaqla \u00fcmumilikd\u0259 6 \u015f\u00fcbh\u0259li saxlan\u0131l\u0131b.<\/p>\n\n\n\n<p>Hadis\u0259 25 may tarixind\u0259, yar\u0131\u015flar\u0131n ke\u00e7irildiyi G\u00f6yn\u00fck q\u0259s\u0259b\u0259sind\u0259ki Atat\u00fcrk \u0130dman Salonunda ba\u015f verib. T\u0259xmin\u0259n saat 15:00 rad\u0259l\u0259rind\u0259 Araz Musayev qar\u0131n nahiy\u0259sind\u0259n iki d\u0259f\u0259 b\u0131\u00e7aqlan\u0131b, eyni zamanda ba\u015f\u0131ndan da&nbsp;<a href=\"https:\/\/www.dha.com.tr\/gundem\/azerbaycan-muaythai-federasyon-baskaninin-bicaklanmasina-6-gozalti-2648782#:~:text=Antalya'n%C4%B1n%20Kemer%20il%C3%A7esinde%20d%C3%BCzenlenen,olmak%20%C3%BCzere%206%20%C5%9F%C3%BCpheli%20yakaland%C4%B1.\" target=\"_blank\" rel=\"noreferrer noopener\">z\u0259rb\u0259 al\u0131b<\/a>.<\/p>\n\n\n\n<p>Yar\u0131\u015f zal\u0131nda olan t\u0259cili tibbi yard\u0131m briqadas\u0131 ona ilkin tibbi yard\u0131m g\u00f6st\u0259rib v\u0259 o, \u0259vv\u0259lc\u0259 Kemer D\u00f6vl\u0259t X\u0259st\u0259xanas\u0131na, daha sonra is\u0259 Antalya \u015e\u0259h\u0259r X\u0259st\u0259xanas\u0131na apar\u0131l\u0131b. Musayev \u0259m\u0259liyyat olunub, v\u0259ziyy\u0259tinin stabil oldu\u011fu, h\u0259yat \u00fc\u00e7\u00fcn t\u0259hl\u00fck\u0259 olmad\u0131\u011f\u0131 bildirilir.<\/p>\n\n\n\n<h4 class=\"wp-block-heading\"><strong>Musayevin ittihamlar\u0131: \u201cKiller g\u00f6nd\u0259rilib\u201d<\/strong><\/h4>\n\n\n<div class=\"wp-block-image\">\n<figure class=\"alignleft is-resized\"><a href=\"https:\/\/jam-news.net\/app\/uploads\/2025\/05\/Untitled-design-43-1024x576.png\"><img decoding=\"async\" data-src=\"https:\/\/jam-news.net\/app\/uploads\/2025\/05\/Untitled-design-43-1024x576.png\" alt=\"Araz Musayev\u0259 qar\u015f\u0131 b\u0131\u00e7aql\u0131 h\u00fccum - Adil \u018fliyev Araz Musayev\" class=\"wp-image-98037 lazyload\" style=\"--smush-placeholder-width: 1024px; --smush-placeholder-aspect-ratio: 1024\/576;width:352px;height:auto\" src=\"data:image\/svg+xml;base64,PHN2ZyB3aWR0aD0iMSIgaGVpZ2h0PSIxIiB4bWxucz0iaHR0cDovL3d3dy53My5vcmcvMjAwMC9zdmciPjwvc3ZnPg==\" \/><\/a><figcaption class=\"wp-element-caption\">Araz Musayev (solda) v\u0259 Adil \u018fliyev (sa\u011fda) | foto: \u201cTeleqraf\u201d &amp; \u201cZartonk\u201d<\/figcaption><\/figure>\n<\/div>\n\n\n<p>Araz Musayev \u201cUnikal\u201da&nbsp;<a href=\"https:\/\/unikal.az\/news\/483316\/araz-musayevin-vurulmasini-sifaris-eden-2-nefer-saxlanildi-ozunden-ilk-aciqlama\" target=\"_blank\" rel=\"noreferrer noopener\">verdiyi a\u00e7\u0131qlamada<\/a>&nbsp;hadis\u0259nin t\u0259sad\u00fcfi olmad\u0131\u011f\u0131n\u0131 v\u0259 bu h\u00fccumun arxas\u0131nda federasiya maraqlar\u0131 v\u0259 \u015f\u0259xsi q\u0259r\u0259zl\u0259r dayand\u0131\u011f\u0131n\u0131 bildirib:<\/p>\n\n\n\n<p><em>\u201cAntalya \u015f\u0259h\u0259rind\u0259 d\u00fcnya \u00e7empionat\u0131 ke\u00e7irilir. Az\u0259r H\u0259s\u0259nsoy v\u0259 El\u015f\u0259n Abdulr\u0259himov ezam olunmu\u015fdular ki, burada federasiyan\u0131 m\u0259nd\u0259n als\u0131nlar. G\u0259ldil\u0259r, burada da m\u00fcmk\u00fcn olmad\u0131. \u018fksin\u0259, Kikboksinq Federasiyas\u0131 d\u00fcnya t\u0259r\u0259find\u0259n m\u0259nim n\u0259zar\u0259tim\u0259 verildi. Ondan sonra ist\u0259dil\u0259r dava sals\u0131nlar, g\u00f6rd\u00fcl\u0259r al\u0131nm\u0131r. Ondan sonra killer g\u00f6nd\u0259rib m\u0259ni vurdular\u201d.<\/em><\/p>\n\n\n\n<p>Musayev \u0259lav\u0259 edib ki, G\u0259ncl\u0259r v\u0259 \u0130dman Nazirliyinin \u015f\u00f6b\u0259 m\u00fcdiri Elnur M\u0259mm\u0259dovun bu idman n\u00f6vl\u0259rind\u0259n m\u0259lumat\u0131 olmad\u0131\u011f\u0131ndan verdiyi qeyri-qanuni q\u0259rarlar n\u0259tic\u0259sind\u0259 D\u00fcnya Muay-tay Federasiyas\u0131 Kikboksinq idman\u00e7\u0131lar\u0131n\u0131n Muay-tay Federasiyas\u0131n\u0131n t\u0259rkibin\u0259 ke\u00e7m\u0259sin\u0259 q\u0259rar verib.<\/p>\n\n\n\n<p>O, ba\u015f\u0131na v\u0259 b\u0259d\u0259nin\u0259 ald\u0131\u011f\u0131 b\u0131\u00e7aq z\u0259rb\u0259l\u0259rinin, el\u0259c\u0259 d\u0259 be\u015fbarmaqla vurulan z\u0259rb\u0259nin t\u0259siri il\u0259 a\u011f\u0131r \u0259m\u0259liyyat olundu\u011funu v\u0259 haz\u0131rda v\u0259ziyy\u0259tinin orta-a\u011f\u0131r oldu\u011funu qeyd edib. Musayevin s\u00f6zl\u0259rin\u0259 g\u00f6r\u0259, hadis\u0259nin arxas\u0131nda duran \u015f\u0259xsl\u0259rd\u0259n b\u0259zil\u0259ri Rusiyadan g\u00f6nd\u0259rilib v\u0259 o, bu t\u0259hl\u00fck\u0259y\u0259 qar\u015f\u0131 \u0259vv\u0259lc\u0259d\u0259n haz\u0131rl\u0131ql\u0131 olub.<\/p>\n\n\n\n<h4 class=\"wp-block-heading\"><strong>\u0130ttihamlara cavab: \u201cQ\u0259bul etmirik, pisl\u0259yirik\u201d<\/strong><\/h4>\n\n\n\n<p>Az\u0259rbaycan Kikboksinq Federasiyas\u0131 is\u0259 Araz Musayevin ittihamlar\u0131na cavab olaraq bildirib ki, hadis\u0259ni t\u00f6r\u0259d\u0259n \u015f\u0259xsl\u0259rl\u0259 n\u0259 Az\u0259r H\u0259s\u0259nsoy, n\u0259 d\u0259 El\u015f\u0259n Abdulr\u0259himovun \u0259laq\u0259si var:<\/p>\n\n\n\n<p><em>\u201cFederasiya olaraq Araz Musayevin vurulmas\u0131n\u0131 pisl\u0259yirik\u201d.<\/em><\/p>\n\n\n\n<p>2000-ci ild\u0259n Az\u0259rbaycan Kikboksinq Federasiyas\u0131n\u0131n prezidenti, haz\u0131rda Suraxan\u0131 Rayon&nbsp;\u0130cra Hakimiyy\u0259tinin ba\u015f\u00e7\u0131s\u0131 olan eks-mill\u0259t v\u0259kili Adil \u018fliyevdir. Adil \u018fliyev Az\u0259rbaycan d\u00f6vl\u0259ti ad\u0131ndan Avropada, x\u00fcsusil\u0259 Almaniyada \u0130lham \u018fliyevin<strong>&nbsp;maraqlar\u0131 \u00fc\u00e7\u00fcn m\u00fcst\u0259qil s\u0259sl\u0259r\u0259, h\u0259m\u00e7inin biznesmenl\u0259r\u0259 qar\u015f\u0131 h\u00fccumlarda da qeyri-r\u0259smi ittiham edilir.<\/strong>&nbsp;Bununla ba\u011fl\u0131 h\u0259r hans\u0131 m\u0259hk\u0259m\u0259 i\u015fi olmasa da h\u0259m m\u00fcxalif\u0259t, h\u0259m d\u0259 iqtidar aras\u0131nda yay\u0131lan v\u0259 m\u00fczakir\u0259 edil\u0259n m\u00f6vzulardan biridir.<\/p>\n\n\n\n<h4 class=\"wp-block-heading\"><strong>T\u0259hl\u00fck\u0259sizlik kameralar\u0131 v\u0259 saxlan\u0131lan \u015f\u0259xsl\u0259r<\/strong><\/h4>\n\n\n\n<p>T\u0259hl\u00fck\u0259sizlik kameralar\u0131ndan \u0259ld\u0259 edil\u0259n g\u00f6r\u00fcnt\u00fcl\u0259rd\u0259 Araz Musayevin salonun giri\u015find\u0259 g\u00f6zl\u0259diyi, bu zaman bir \u015f\u0259xsin ona yax\u0131nla\u015faraq yumruq atd\u0131\u011f\u0131 v\u0259 bu z\u0259rb\u0259d\u0259n sonra yer\u0259 y\u0131x\u0131ld\u0131\u011f\u0131 g\u00f6r\u00fcn\u00fcr.<\/p>\n\n\n\n<p>Kemer Prokurorlu\u011funun t\u0259limat\u0131 il\u0259 \u0130l\u00e7e Jandarma Komandanl\u0131\u011f\u0131 t\u0259r\u0259find\u0259n istintaq ba\u015flad\u0131l\u0131b. Araz Musayevin ifad\u0259si v\u0259 ara\u015fd\u0131rmalar n\u0259tic\u0259sind\u0259 7 \u015f\u00fcbh\u0259linin kimliyi m\u00fc\u0259yy\u0259n edilib. H\u00fccumu t\u0259\u015fkil etm\u0259kd\u0259 \u015f\u00fcbh\u0259li bilin\u0259n Az\u0259rbaycan v\u0259t\u0259nda\u015f\u0131 A.H. Kemer b\u00f6lg\u0259sind\u0259 saxlan\u0131l\u0131b.<\/p>\n\n\n\n<p>Dig\u0259r \u015f\u00fcbh\u0259lil\u0259r \u2013 \u00d6zb\u0259kistan v\u0259t\u0259nda\u015flar\u0131 A.R., K.K., E.B. v\u0259 Az\u0259rbaycan v\u0259t\u0259nda\u015flar\u0131 M.\u0130.G., F.B. v\u0259 R.S. m\u00fc\u015fahid\u0259y\u0259 al\u0131n\u0131b. Onlar\u0131n b\u0259zil\u0259rinin hadis\u0259d\u0259n sonra kiray\u0259 avtomobill\u0259 qa\u00e7ma\u011fa \u00e7al\u0131\u015fd\u0131qlar\u0131, geyim d\u0259yi\u015fib, sa\u00e7-saqqal\u0131n\u0131 q\u0131rxd\u0131qlar\u0131, daha sonra is\u0259 taksi il\u0259 Antalya Hava Liman\u0131na yolland\u0131qlar\u0131 m\u00fc\u0259yy\u0259n edilib.<\/p>\n\n\n\n<h4 class=\"wp-block-heading\"><strong>Beyn\u0259lxalq axtar\u0131\u015f v\u0259 ekstradisiya<\/strong><\/h4>\n\n\n\n<p>Musayev\u0259 b\u0131\u00e7aqla h\u00fccum etdiyi deyil\u0259n A.R. v\u0259 K.K. hava liman\u0131nda saxlan\u0131l\u0131b. E.B.-nin is\u0259 Rusiyaya qa\u00e7d\u0131\u011f\u0131 m\u0259lum olub. Onun tutulmas\u0131 \u00fc\u00e7\u00fcn \u0130nterpol vasit\u0259sil\u0259 q\u0131rm\u0131z\u0131 b\u00fclleten \u00e7\u0131xar\u0131l\u0131b v\u0259 E.B. Rusiyada hava liman\u0131nda saxlan\u0131l\u0131b. Haz\u0131rda onun ekstradisiyas\u0131 \u00fc\u00e7\u00fcn prosedur davam etdirilir.<\/p>\n\n\n\n<p>Hava liman\u0131nda bilet tapa bilm\u0259y\u0259n dig\u0259r iki \u015f\u00fcbh\u0259li \u2013 F.B. v\u0259 R.S. is\u0259 g\u00f6r\u00fcnt\u00fcl\u0259rini d\u0259yi\u015fm\u0259k m\u0259qs\u0259dil\u0259 sa\u00e7 v\u0259 saqqallar\u0131n\u0131 q\u0131rxd\u0131qdan sonra geri d\u00f6n\u00fcbl\u0259r. Onlar da hava liman\u0131nda gec\u0259 saatlar\u0131nda saxlan\u0131l\u0131b.<\/p>\n\n\n\n<p>Haz\u0131rda cinay\u0259t i\u015fin\u0259 dair istintaq davam edir, qa\u00e7maqda olan M.\u0130.G.-nin tutulmas\u0131 \u00fc\u00e7\u00fcn axtar\u0131\u015f t\u0259dbirl\u0259ri apar\u0131l\u0131r.<\/p>\n\n\n\n<p>M\u00fcalic\u0259si davam ed\u0259n Araz Musayevin yax\u0131n g\u00fcnl\u0259rd\u0259 x\u0259st\u0259xanadan burax\u0131lmas\u0131 g\u00f6zl\u0259nilir.<\/p>\n\n\n\n<p><\/p>\n","protected":false},"excerpt":{"rendered":"<p>H\u00fccumla ba\u011fl\u0131 apar\u0131lan istintaq \u00e7\u0259r\u00e7iv\u0259sind\u0259 biri Rusiyada&nbsp;olmaqla \u00fcmumilikd\u0259 6 \u015f\u00fcbh\u0259li &#8230; <\/p>\n<p class=\"read-more-container\"><a title=\"Az\u0259rbaycan Muay-tay Federasiyas\u0131n\u0131n prezidentin\u0259 qar\u015f\u0131 b\u0131\u00e7aql\u0131 h\u00fccum &#8211; &#8220;Killer g\u00f6nd\u0259ribl\u0259r&#8221;\" class=\"read-more button\" href=\"https:\/\/www.meydan.tv\/az\/article\/az%c9%99rbaycan-muay-tay-federasiyasinin-prezidentin%c9%99-qarsi-bicaqli-hucum-killer-gond%c9%99ribl%c9%99r\/#more-331213\" aria-label=\"Read more about Az\u0259rbaycan Muay-tay Federasiyas\u0131n\u0131n prezidentin\u0259 qar\u015f\u0131 b\u0131\u00e7aql\u0131 h\u00fccum &#8211; &#8220;Killer g\u00f6nd\u0259ribl\u0259r&#8221;\">Davam\u0131<\/a><\/p>\n","protected":false},"author":16,"featured_media":331215,"comment_status":"closed","ping_status":"closed","sticky":false,"template":"","format":"standard","meta":{"_acf_changed":false,"_sitemap_exclude":false,"_sitemap_priority":"","_sitemap_frequency":"","footnotes":""},"categories":[79,63,56],"tags":[],"class_list":["post-331213","post","type-post","status-publish","format-standard","has-post-thumbnail","hentry","category-featured","category-video-2","category-xeberler","infinite-scroll-item","generate-columns","tablet-grid-50","mobile-grid-100","grid-parent","grid-33","no-featured-image-padding"],"acf":[],"yoast_head":"<!-- This site is optimized with the Yoast SEO plugin v27.4 - https:\/\/yoast.com\/product\/yoast-seo-wordpress\/ -->\n<title>Az\u0259rbaycan Muay-tay Federasiyas\u0131n\u0131n prezidentin\u0259 qar\u015f\u0131 b\u0131\u00e7aql\u0131 h\u00fccum - &quot;Killer g\u00f6nd\u0259ribl\u0259r&quot; - MEYDAN.TV<\/title>\n<meta name=\"robots\" content=\"index, follow, max-snippet:-1, max-image-preview:large, max-video-preview:-1\" \/>\n<link rel=\"canonical\" href=\"https:\/\/www.meydan.tv\/az\/article\/az%c9%99rbaycan-muay-tay-federasiyasinin-prezidentin%c9%99-qarsi-bicaqli-hucum-killer-gond%c9%99ribl%c9%99r\/\" \/>\n<meta property=\"og:locale\" content=\"az_AZ\" \/>\n<meta property=\"og:type\" content=\"article\" \/>\n<meta property=\"og:title\" content=\"Az\u0259rbaycan Muay-tay Federasiyas\u0131n\u0131n prezidentin\u0259 qar\u015f\u0131 b\u0131\u00e7aql\u0131 h\u00fccum - &quot;Killer g\u00f6nd\u0259ribl\u0259r&quot; - MEYDAN.TV\" \/>\n<meta property=\"og:description\" content=\"H\u00fccumla ba\u011fl\u0131 apar\u0131lan istintaq \u00e7\u0259r\u00e7iv\u0259sind\u0259 biri Rusiyada&nbsp;olmaqla \u00fcmumilikd\u0259 6 \u015f\u00fcbh\u0259li ... Davam\u0131\" \/>\n<meta property=\"og:url\" content=\"https:\/\/www.meydan.tv\/az\/article\/az%c9%99rbaycan-muay-tay-federasiyasinin-prezidentin%c9%99-qarsi-bicaqli-hucum-killer-gond%c9%99ribl%c9%99r\/\" \/>\n<meta property=\"og:site_name\" content=\"MEYDAN.TV\" \/>\n<meta property=\"article:published_time\" content=\"2025-05-30T09:58:56+00:00\" \/>\n<meta property=\"article:modified_time\" content=\"2025-05-30T13:07:27+00:00\" \/>\n<meta property=\"og:image\" content=\"https:\/\/www.meydan.tv\/wp-content\/uploads\/shutterstock_2552021293.jpg\" \/>\n\t<meta property=\"og:image:width\" content=\"1000\" \/>\n\t<meta property=\"og:image:height\" content=\"666\" \/>\n\t<meta property=\"og:image:type\" content=\"image\/jpeg\" \/>\n<meta name=\"author\" content=\"sevda\" \/>\n<meta name=\"twitter:card\" content=\"summary_large_image\" \/>\n<script type=\"application\/ld+json\" class=\"yoast-schema-graph\">{\"@context\":\"https:\\\/\\\/schema.org\",\"@graph\":[{\"@type\":\"Article\",\"@id\":\"https:\\\/\\\/www.meydan.tv\\\/az\\\/article\\\/az%c9%99rbaycan-muay-tay-federasiyasinin-prezidentin%c9%99-qarsi-bicaqli-hucum-killer-gond%c9%99ribl%c9%99r\\\/#article\",\"isPartOf\":{\"@id\":\"https:\\\/\\\/www.meydan.tv\\\/az\\\/article\\\/az%c9%99rbaycan-muay-tay-federasiyasinin-prezidentin%c9%99-qarsi-bicaqli-hucum-killer-gond%c9%99ribl%c9%99r\\\/\"},\"author\":{\"name\":\"sevda\",\"@id\":\"https:\\\/\\\/www.meydan.tv\\\/az\\\/#\\\/schema\\\/person\\\/49b5f2bad5b126bb8ea9320eeb3e4dc9\"},\"headline\":\"Az\u0259rbaycan Muay-tay Federasiyas\u0131n\u0131n prezidentin\u0259 qar\u015f\u0131 b\u0131\u00e7aql\u0131 h\u00fccum &#8211; &#8220;Killer g\u00f6nd\u0259ribl\u0259r&#8221;\",\"datePublished\":\"2025-05-30T09:58:56+00:00\",\"dateModified\":\"2025-05-30T13:07:27+00:00\",\"mainEntityOfPage\":{\"@id\":\"https:\\\/\\\/www.meydan.tv\\\/az\\\/article\\\/az%c9%99rbaycan-muay-tay-federasiyasinin-prezidentin%c9%99-qarsi-bicaqli-hucum-killer-gond%c9%99ribl%c9%99r\\\/\"},\"wordCount\":995,\"publisher\":{\"@id\":\"https:\\\/\\\/www.meydan.tv\\\/az\\\/#organization\"},\"image\":{\"@id\":\"https:\\\/\\\/www.meydan.tv\\\/az\\\/article\\\/az%c9%99rbaycan-muay-tay-federasiyasinin-prezidentin%c9%99-qarsi-bicaqli-hucum-killer-gond%c9%99ribl%c9%99r\\\/#primaryimage\"},\"thumbnailUrl\":\"https:\\\/\\\/www.meydan.tv\\\/wp-content\\\/uploads\\\/shutterstock_2552021293.jpg\",\"articleSection\":[\"T\u00f6vsiy\u0259\",\"Video\",\"X\u0259b\u0259rl\u0259r\"],\"inLanguage\":\"az\"},{\"@type\":\"WebPage\",\"@id\":\"https:\\\/\\\/www.meydan.tv\\\/az\\\/article\\\/az%c9%99rbaycan-muay-tay-federasiyasinin-prezidentin%c9%99-qarsi-bicaqli-hucum-killer-gond%c9%99ribl%c9%99r\\\/\",\"url\":\"https:\\\/\\\/www.meydan.tv\\\/az\\\/article\\\/az%c9%99rbaycan-muay-tay-federasiyasinin-prezidentin%c9%99-qarsi-bicaqli-hucum-killer-gond%c9%99ribl%c9%99r\\\/\",\"name\":\"Az\u0259rbaycan Muay-tay Federasiyas\u0131n\u0131n prezidentin\u0259 qar\u015f\u0131 b\u0131\u00e7aql\u0131 h\u00fccum - \\\"Killer g\u00f6nd\u0259ribl\u0259r\\\" - MEYDAN.TV\",\"isPartOf\":{\"@id\":\"https:\\\/\\\/www.meydan.tv\\\/az\\\/#website\"},\"primaryImageOfPage\":{\"@id\":\"https:\\\/\\\/www.meydan.tv\\\/az\\\/article\\\/az%c9%99rbaycan-muay-tay-federasiyasinin-prezidentin%c9%99-qarsi-bicaqli-hucum-killer-gond%c9%99ribl%c9%99r\\\/#primaryimage\"},\"image\":{\"@id\":\"https:\\\/\\\/www.meydan.tv\\\/az\\\/article\\\/az%c9%99rbaycan-muay-tay-federasiyasinin-prezidentin%c9%99-qarsi-bicaqli-hucum-killer-gond%c9%99ribl%c9%99r\\\/#primaryimage\"},\"thumbnailUrl\":\"https:\\\/\\\/www.meydan.tv\\\/wp-content\\\/uploads\\\/shutterstock_2552021293.jpg\",\"datePublished\":\"2025-05-30T09:58:56+00:00\",\"dateModified\":\"2025-05-30T13:07:27+00:00\",\"breadcrumb\":{\"@id\":\"https:\\\/\\\/www.meydan.tv\\\/az\\\/article\\\/az%c9%99rbaycan-muay-tay-federasiyasinin-prezidentin%c9%99-qarsi-bicaqli-hucum-killer-gond%c9%99ribl%c9%99r\\\/#breadcrumb\"},\"inLanguage\":\"az\",\"potentialAction\":[{\"@type\":\"ReadAction\",\"target\":[\"https:\\\/\\\/www.meydan.tv\\\/az\\\/article\\\/az%c9%99rbaycan-muay-tay-federasiyasinin-prezidentin%c9%99-qarsi-bicaqli-hucum-killer-gond%c9%99ribl%c9%99r\\\/\"]}]},{\"@type\":\"ImageObject\",\"inLanguage\":\"az\",\"@id\":\"https:\\\/\\\/www.meydan.tv\\\/az\\\/article\\\/az%c9%99rbaycan-muay-tay-federasiyasinin-prezidentin%c9%99-qarsi-bicaqli-hucum-killer-gond%c9%99ribl%c9%99r\\\/#primaryimage\",\"url\":\"https:\\\/\\\/www.meydan.tv\\\/wp-content\\\/uploads\\\/shutterstock_2552021293.jpg\",\"contentUrl\":\"https:\\\/\\\/www.meydan.tv\\\/wp-content\\\/uploads\\\/shutterstock_2552021293.jpg\",\"width\":1000,\"height\":666,\"caption\":\"Foto: Yazan00\\\\shutterstock\"},{\"@type\":\"BreadcrumbList\",\"@id\":\"https:\\\/\\\/www.meydan.tv\\\/az\\\/article\\\/az%c9%99rbaycan-muay-tay-federasiyasinin-prezidentin%c9%99-qarsi-bicaqli-hucum-killer-gond%c9%99ribl%c9%99r\\\/#breadcrumb\",\"itemListElement\":[{\"@type\":\"ListItem\",\"position\":1,\"name\":\"Ana s\u0259hif\u0259\",\"item\":\"https:\\\/\\\/www.meydan.tv\\\/az\\\/\"},{\"@type\":\"ListItem\",\"position\":2,\"name\":\"X\u0259b\u0259rl\u0259r\",\"item\":\"https:\\\/\\\/www.meydan.tv\\\/az\\\/section\\\/xeberler\\\/\"},{\"@type\":\"ListItem\",\"position\":3,\"name\":\"Az\u0259rbaycan Muay-tay Federasiyas\u0131n\u0131n prezidentin\u0259 qar\u015f\u0131 b\u0131\u00e7aql\u0131 h\u00fccum &#8211; &#8220;Killer g\u00f6nd\u0259ribl\u0259r&#8221;\"}]},{\"@type\":\"WebSite\",\"@id\":\"https:\\\/\\\/www.meydan.tv\\\/az\\\/#website\",\"url\":\"https:\\\/\\\/www.meydan.tv\\\/az\\\/\",\"name\":\"MEYDAN.TV\",\"description\":\"Meydan TV Az\u0259rbaycan\u0131n media m\u0259kan\u0131ndak\u0131 alternativ s\u0259sidir\",\"publisher\":{\"@id\":\"https:\\\/\\\/www.meydan.tv\\\/az\\\/#organization\"},\"potentialAction\":[{\"@type\":\"SearchAction\",\"target\":{\"@type\":\"EntryPoint\",\"urlTemplate\":\"https:\\\/\\\/www.meydan.tv\\\/az\\\/?s={search_term_string}\"},\"query-input\":{\"@type\":\"PropertyValueSpecification\",\"valueRequired\":true,\"valueName\":\"search_term_string\"}}],\"inLanguage\":\"az\"},{\"@type\":\"Organization\",\"@id\":\"https:\\\/\\\/www.meydan.tv\\\/az\\\/#organization\",\"name\":\"Meydan TV\",\"url\":\"https:\\\/\\\/www.meydan.tv\\\/az\\\/\",\"logo\":{\"@type\":\"ImageObject\",\"inLanguage\":\"az\",\"@id\":\"https:\\\/\\\/www.meydan.tv\\\/az\\\/#\\\/schema\\\/logo\\\/image\\\/\",\"url\":\"https:\\\/\\\/www.meydan.tv\\\/wp-content\\\/uploads\\\/2021\\\/07\\\/meydan-logo.svg\",\"contentUrl\":\"https:\\\/\\\/www.meydan.tv\\\/wp-content\\\/uploads\\\/2021\\\/07\\\/meydan-logo.svg\",\"width\":195,\"height\":46,\"caption\":\"Meydan TV\"},\"image\":{\"@id\":\"https:\\\/\\\/www.meydan.tv\\\/az\\\/#\\\/schema\\\/logo\\\/image\\\/\"}},{\"@type\":\"Person\",\"@id\":\"https:\\\/\\\/www.meydan.tv\\\/az\\\/#\\\/schema\\\/person\\\/49b5f2bad5b126bb8ea9320eeb3e4dc9\",\"name\":\"sevda\"}]}<\/script>\n<!-- \/ Yoast SEO plugin. -->","yoast_head_json":{"title":"Az\u0259rbaycan Muay-tay Federasiyas\u0131n\u0131n prezidentin\u0259 qar\u015f\u0131 b\u0131\u00e7aql\u0131 h\u00fccum - \"Killer g\u00f6nd\u0259ribl\u0259r\" - MEYDAN.TV","robots":{"index":"index","follow":"follow","max-snippet":"max-snippet:-1","max-image-preview":"max-image-preview:large","max-video-preview":"max-video-preview:-1"},"canonical":"https:\/\/www.meydan.tv\/az\/article\/az%c9%99rbaycan-muay-tay-federasiyasinin-prezidentin%c9%99-qarsi-bicaqli-hucum-killer-gond%c9%99ribl%c9%99r\/","og_locale":"az_AZ","og_type":"article","og_title":"Az\u0259rbaycan Muay-tay Federasiyas\u0131n\u0131n prezidentin\u0259 qar\u015f\u0131 b\u0131\u00e7aql\u0131 h\u00fccum - \"Killer g\u00f6nd\u0259ribl\u0259r\" - MEYDAN.TV","og_description":"H\u00fccumla ba\u011fl\u0131 apar\u0131lan istintaq \u00e7\u0259r\u00e7iv\u0259sind\u0259 biri Rusiyada&nbsp;olmaqla \u00fcmumilikd\u0259 6 \u015f\u00fcbh\u0259li ... Davam\u0131","og_url":"https:\/\/www.meydan.tv\/az\/article\/az%c9%99rbaycan-muay-tay-federasiyasinin-prezidentin%c9%99-qarsi-bicaqli-hucum-killer-gond%c9%99ribl%c9%99r\/","og_site_name":"MEYDAN.TV","article_published_time":"2025-05-30T09:58:56+00:00","article_modified_time":"2025-05-30T13:07:27+00:00","og_image":[{"width":1000,"height":666,"url":"https:\/\/www.meydan.tv\/wp-content\/uploads\/shutterstock_2552021293.jpg","type":"image\/jpeg"}],"author":"sevda","twitter_card":"summary_large_image","schema":{"@context":"https:\/\/schema.org","@graph":[{"@type":"Article","@id":"https:\/\/www.meydan.tv\/az\/article\/az%c9%99rbaycan-muay-tay-federasiyasinin-prezidentin%c9%99-qarsi-bicaqli-hucum-killer-gond%c9%99ribl%c9%99r\/#article","isPartOf":{"@id":"https:\/\/www.meydan.tv\/az\/article\/az%c9%99rbaycan-muay-tay-federasiyasinin-prezidentin%c9%99-qarsi-bicaqli-hucum-killer-gond%c9%99ribl%c9%99r\/"},"author":{"name":"sevda","@id":"https:\/\/www.meydan.tv\/az\/#\/schema\/person\/49b5f2bad5b126bb8ea9320eeb3e4dc9"},"headline":"Az\u0259rbaycan Muay-tay Federasiyas\u0131n\u0131n prezidentin\u0259 qar\u015f\u0131 b\u0131\u00e7aql\u0131 h\u00fccum &#8211; &#8220;Killer g\u00f6nd\u0259ribl\u0259r&#8221;","datePublished":"2025-05-30T09:58:56+00:00","dateModified":"2025-05-30T13:07:27+00:00","mainEntityOfPage":{"@id":"https:\/\/www.meydan.tv\/az\/article\/az%c9%99rbaycan-muay-tay-federasiyasinin-prezidentin%c9%99-qarsi-bicaqli-hucum-killer-gond%c9%99ribl%c9%99r\/"},"wordCount":995,"publisher":{"@id":"https:\/\/www.meydan.tv\/az\/#organization"},"image":{"@id":"https:\/\/www.meydan.tv\/az\/article\/az%c9%99rbaycan-muay-tay-federasiyasinin-prezidentin%c9%99-qarsi-bicaqli-hucum-killer-gond%c9%99ribl%c9%99r\/#primaryimage"},"thumbnailUrl":"https:\/\/www.meydan.tv\/wp-content\/uploads\/shutterstock_2552021293.jpg","articleSection":["T\u00f6vsiy\u0259","Video","X\u0259b\u0259rl\u0259r"],"inLanguage":"az"},{"@type":"WebPage","@id":"https:\/\/www.meydan.tv\/az\/article\/az%c9%99rbaycan-muay-tay-federasiyasinin-prezidentin%c9%99-qarsi-bicaqli-hucum-killer-gond%c9%99ribl%c9%99r\/","url":"https:\/\/www.meydan.tv\/az\/article\/az%c9%99rbaycan-muay-tay-federasiyasinin-prezidentin%c9%99-qarsi-bicaqli-hucum-killer-gond%c9%99ribl%c9%99r\/","name":"Az\u0259rbaycan Muay-tay Federasiyas\u0131n\u0131n prezidentin\u0259 qar\u015f\u0131 b\u0131\u00e7aql\u0131 h\u00fccum - \"Killer g\u00f6nd\u0259ribl\u0259r\" - MEYDAN.TV","isPartOf":{"@id":"https:\/\/www.meydan.tv\/az\/#website"},"primaryImageOfPage":{"@id":"https:\/\/www.meydan.tv\/az\/article\/az%c9%99rbaycan-muay-tay-federasiyasinin-prezidentin%c9%99-qarsi-bicaqli-hucum-killer-gond%c9%99ribl%c9%99r\/#primaryimage"},"image":{"@id":"https:\/\/www.meydan.tv\/az\/article\/az%c9%99rbaycan-muay-tay-federasiyasinin-prezidentin%c9%99-qarsi-bicaqli-hucum-killer-gond%c9%99ribl%c9%99r\/#primaryimage"},"thumbnailUrl":"https:\/\/www.meydan.tv\/wp-content\/uploads\/shutterstock_2552021293.jpg","datePublished":"2025-05-30T09:58:56+00:00","dateModified":"2025-05-30T13:07:27+00:00","breadcrumb":{"@id":"https:\/\/www.meydan.tv\/az\/article\/az%c9%99rbaycan-muay-tay-federasiyasinin-prezidentin%c9%99-qarsi-bicaqli-hucum-killer-gond%c9%99ribl%c9%99r\/#breadcrumb"},"inLanguage":"az","potentialAction":[{"@type":"ReadAction","target":["https:\/\/www.meydan.tv\/az\/article\/az%c9%99rbaycan-muay-tay-federasiyasinin-prezidentin%c9%99-qarsi-bicaqli-hucum-killer-gond%c9%99ribl%c9%99r\/"]}]},{"@type":"ImageObject","inLanguage":"az","@id":"https:\/\/www.meydan.tv\/az\/article\/az%c9%99rbaycan-muay-tay-federasiyasinin-prezidentin%c9%99-qarsi-bicaqli-hucum-killer-gond%c9%99ribl%c9%99r\/#primaryimage","url":"https:\/\/www.meydan.tv\/wp-content\/uploads\/shutterstock_2552021293.jpg","contentUrl":"https:\/\/www.meydan.tv\/wp-content\/uploads\/shutterstock_2552021293.jpg","width":1000,"height":666,"caption":"Foto: Yazan00\\shutterstock"},{"@type":"BreadcrumbList","@id":"https:\/\/www.meydan.tv\/az\/article\/az%c9%99rbaycan-muay-tay-federasiyasinin-prezidentin%c9%99-qarsi-bicaqli-hucum-killer-gond%c9%99ribl%c9%99r\/#breadcrumb","itemListElement":[{"@type":"ListItem","position":1,"name":"Ana s\u0259hif\u0259","item":"https:\/\/www.meydan.tv\/az\/"},{"@type":"ListItem","position":2,"name":"X\u0259b\u0259rl\u0259r","item":"https:\/\/www.meydan.tv\/az\/section\/xeberler\/"},{"@type":"ListItem","position":3,"name":"Az\u0259rbaycan Muay-tay Federasiyas\u0131n\u0131n prezidentin\u0259 qar\u015f\u0131 b\u0131\u00e7aql\u0131 h\u00fccum &#8211; &#8220;Killer g\u00f6nd\u0259ribl\u0259r&#8221;"}]},{"@type":"WebSite","@id":"https:\/\/www.meydan.tv\/az\/#website","url":"https:\/\/www.meydan.tv\/az\/","name":"MEYDAN.TV","description":"Meydan TV Az\u0259rbaycan\u0131n media m\u0259kan\u0131ndak\u0131 alternativ s\u0259sidir","publisher":{"@id":"https:\/\/www.meydan.tv\/az\/#organization"},"potentialAction":[{"@type":"SearchAction","target":{"@type":"EntryPoint","urlTemplate":"https:\/\/www.meydan.tv\/az\/?s={search_term_string}"},"query-input":{"@type":"PropertyValueSpecification","valueRequired":true,"valueName":"search_term_string"}}],"inLanguage":"az"},{"@type":"Organization","@id":"https:\/\/www.meydan.tv\/az\/#organization","name":"Meydan TV","url":"https:\/\/www.meydan.tv\/az\/","logo":{"@type":"ImageObject","inLanguage":"az","@id":"https:\/\/www.meydan.tv\/az\/#\/schema\/logo\/image\/","url":"https:\/\/www.meydan.tv\/wp-content\/uploads\/2021\/07\/meydan-logo.svg","contentUrl":"https:\/\/www.meydan.tv\/wp-content\/uploads\/2021\/07\/meydan-logo.svg","width":195,"height":46,"caption":"Meydan TV"},"image":{"@id":"https:\/\/www.meydan.tv\/az\/#\/schema\/logo\/image\/"}},{"@type":"Person","@id":"https:\/\/www.meydan.tv\/az\/#\/schema\/person\/49b5f2bad5b126bb8ea9320eeb3e4dc9","name":"sevda"}]}},"_links":{"self":[{"href":"https:\/\/www.meydan.tv\/az\/wp-json\/wp\/v2\/posts\/331213","targetHints":{"allow":["GET"]}}],"collection":[{"href":"https:\/\/www.meydan.tv\/az\/wp-json\/wp\/v2\/posts"}],"about":[{"href":"https:\/\/www.meydan.tv\/az\/wp-json\/wp\/v2\/types\/post"}],"author":[{"embeddable":true,"href":"https:\/\/www.meydan.tv\/az\/wp-json\/wp\/v2\/users\/16"}],"replies":[{"embeddable":true,"href":"https:\/\/www.meydan.tv\/az\/wp-json\/wp\/v2\/comments?post=331213"}],"version-history":[{"count":2,"href":"https:\/\/www.meydan.tv\/az\/wp-json\/wp\/v2\/posts\/331213\/revisions"}],"predecessor-version":[{"id":331246,"href":"https:\/\/www.meydan.tv\/az\/wp-json\/wp\/v2\/posts\/331213\/revisions\/331246"}],"wp:featuredmedia":[{"embeddable":true,"href":"https:\/\/www.meydan.tv\/az\/wp-json\/wp\/v2\/media\/331215"}],"wp:attachment":[{"href":"https:\/\/www.meydan.tv\/az\/wp-json\/wp\/v2\/media?parent=331213"}],"wp:term":[{"taxonomy":"category","embeddable":true,"href":"https:\/\/www.meydan.tv\/az\/wp-json\/wp\/v2\/categories?post=331213"},{"taxonomy":"post_tag","embeddable":true,"href":"https:\/\/www.meydan.tv\/az\/wp-json\/wp\/v2\/tags?post=331213"}],"curies":[{"name":"wp","href":"https:\/\/api.w.org\/{rel}","templated":true}]}}