{"id":331096,"date":"2025-05-27T19:48:41","date_gmt":"2025-05-27T15:48:41","guid":{"rendered":"https:\/\/www.meydan.tv\/?p=331096"},"modified":"2025-05-27T19:48:44","modified_gmt":"2025-05-27T15:48:44","slug":"zirv%c9%99-toplantisini-eliyevin-avtoritar-idar%c9%99ciliyind%c9%99-kecirm%c9%99k-diplomatik-s%c9%99hvdir","status":"publish","type":"post","link":"https:\/\/www.meydan.tv\/az\/article\/zirv%c9%99-toplantisini-eliyevin-avtoritar-idar%c9%99ciliyind%c9%99-kecirm%c9%99k-diplomatik-s%c9%99hvdir\/","title":{"rendered":"&#8220;Zirv\u0259 toplant\u0131s\u0131n\u0131 \u018fliyevin avtoritar idar\u0259\u00e7iliyind\u0259 ke\u00e7irm\u0259k diplomatik s\u0259hvdir&#8221;"},"content":{"rendered":"\n<figure class=\"wp-block-embed is-type-video is-provider-youtube wp-block-embed-youtube wp-embed-aspect-16-9 wp-has-aspect-ratio\"><div class=\"wp-block-embed__wrapper\">\n<iframe title=\"&quot;Zirv\u0259 toplant\u0131s\u0131n\u0131 \u018fliyevin avtoritar idar\u0259\u00e7iliyind\u0259 ke\u00e7irm\u0259k diplomatik s\u0259hvdir&quot;\" width=\"1200\" height=\"675\" data-src=\"https:\/\/www.youtube.com\/embed\/CVlVecxP8WA?feature=oembed\" frameborder=\"0\" allow=\"accelerometer; autoplay; clipboard-write; encrypted-media; gyroscope; picture-in-picture; web-share\" referrerpolicy=\"strict-origin-when-cross-origin\" allowfullscreen src=\"data:image\/svg+xml;base64,PHN2ZyB3aWR0aD0iMSIgaGVpZ2h0PSIxIiB4bWxucz0iaHR0cDovL3d3dy53My5vcmcvMjAwMC9zdmciPjwvc3ZnPg==\" class=\"lazyload\" data-load-mode=\"1\"><\/iframe>\n<\/div><\/figure>\n\n\n\n<!--more-->\n\n\n\n<p>2028-ci ild\u0259 Avropa Siyasi Birliyinin sammiti Az\u0259rbaycanda ke\u00e7iril\u0259c\u0259k. Sammit Avropa \u0130ttifaq\u0131na \u00fczv v\u0259 \u00fczv olmayan \u00f6lk\u0259l\u0259ri bir araya g\u0259tir\u0259r\u0259k, ortaq probleml\u0259r v\u0259 \u00e7a\u011f\u0131r\u0131\u015flar \u0259traf\u0131nda \u0259m\u0259kda\u015fl\u0131q etm\u0259y\u0259 \u015f\u0259rait yarad\u0131r. <\/p>\n\n\n\n<p>Siyasi \u015f\u0259rh\u00e7i Elman F\u0259ttah deyir ki, Avropa Siyasi Birliyinin 2028-ci il Zirv\u0259 toplant\u0131s\u0131n\u0131 \u0130lham \u018fliyevin avtoritar idar\u0259\u00e7iliyi alt\u0131ndak\u0131 Az\u0259rbaycanda ke\u00e7irm\u0259k q\u0259rar\u0131, sad\u0259c\u0259 bir diplomatik s\u0259hv deyil, h\u0259m d\u0259 bu birliyin \u00f6z elan etdiyi d\u0259y\u0259rl\u0259r\u0259 \u2013 demokratiya, insan haqlar\u0131 v\u0259 h\u00fcququn aliliyin\u0259 \u00fcz \u00e7evirm\u0259sidir.<\/p>\n","protected":false},"excerpt":{"rendered":"","protected":false},"author":12,"featured_media":331097,"comment_status":"closed","ping_status":"closed","sticky":false,"template":"","format":"standard","meta":{"_acf_changed":false,"_sitemap_exclude":false,"_sitemap_priority":"","_sitemap_frequency":"","footnotes":""},"categories":[59,79,63,56],"tags":[],"class_list":["post-331096","post","type-post","status-publish","format-standard","has-post-thumbnail","hentry","category-siyaset","category-featured","category-video-2","category-xeberler","infinite-scroll-item","generate-columns","tablet-grid-50","mobile-grid-100","grid-parent","grid-33","no-featured-image-padding"],"acf":[],"yoast_head":"<!-- This site is optimized with the Yoast SEO plugin v27.4 - https:\/\/yoast.com\/product\/yoast-seo-wordpress\/ -->\n<title>&quot;Zirv\u0259 toplant\u0131s\u0131n\u0131 \u018fliyevin avtoritar idar\u0259\u00e7iliyind\u0259 ke\u00e7irm\u0259k diplomatik s\u0259hvdir&quot; - MEYDAN.TV<\/title>\n<meta name=\"robots\" content=\"index, follow, max-snippet:-1, max-image-preview:large, max-video-preview:-1\" \/>\n<link rel=\"canonical\" href=\"https:\/\/www.meydan.tv\/az\/article\/zirv%c9%99-toplantisini-eliyevin-avtoritar-idar%c9%99ciliyind%c9%99-kecirm%c9%99k-diplomatik-s%c9%99hvdir\/\" \/>\n<meta property=\"og:locale\" content=\"az_AZ\" \/>\n<meta property=\"og:type\" content=\"article\" \/>\n<meta property=\"og:title\" content=\"&quot;Zirv\u0259 toplant\u0131s\u0131n\u0131 \u018fliyevin avtoritar idar\u0259\u00e7iliyind\u0259 ke\u00e7irm\u0259k diplomatik s\u0259hvdir&quot; - MEYDAN.TV\" \/>\n<meta property=\"og:url\" content=\"https:\/\/www.meydan.tv\/az\/article\/zirv%c9%99-toplantisini-eliyevin-avtoritar-idar%c9%99ciliyind%c9%99-kecirm%c9%99k-diplomatik-s%c9%99hvdir\/\" \/>\n<meta property=\"og:site_name\" content=\"MEYDAN.TV\" \/>\n<meta property=\"article:published_time\" content=\"2025-05-27T15:48:41+00:00\" \/>\n<meta property=\"article:modified_time\" content=\"2025-05-27T15:48:44+00:00\" \/>\n<meta property=\"og:image\" content=\"https:\/\/www.meydan.tv\/wp-content\/uploads\/1747402883_c65188e7cd0f20a957b377f9746b656d.jpg\" \/>\n\t<meta property=\"og:image:width\" content=\"1960\" \/>\n\t<meta property=\"og:image:height\" content=\"1282\" \/>\n\t<meta property=\"og:image:type\" content=\"image\/jpeg\" \/>\n<meta name=\"author\" content=\"aleks\" \/>\n<meta name=\"twitter:card\" content=\"summary_large_image\" \/>\n<script type=\"application\/ld+json\" class=\"yoast-schema-graph\">{\"@context\":\"https:\\\/\\\/schema.org\",\"@graph\":[{\"@type\":\"Article\",\"@id\":\"https:\\\/\\\/www.meydan.tv\\\/az\\\/article\\\/zirv%c9%99-toplantisini-eliyevin-avtoritar-idar%c9%99ciliyind%c9%99-kecirm%c9%99k-diplomatik-s%c9%99hvdir\\\/#article\",\"isPartOf\":{\"@id\":\"https:\\\/\\\/www.meydan.tv\\\/az\\\/article\\\/zirv%c9%99-toplantisini-eliyevin-avtoritar-idar%c9%99ciliyind%c9%99-kecirm%c9%99k-diplomatik-s%c9%99hvdir\\\/\"},\"author\":{\"name\":\"aleks\",\"@id\":\"https:\\\/\\\/www.meydan.tv\\\/az\\\/#\\\/schema\\\/person\\\/476e9360e593fa131d5d71d51866f8da\"},\"headline\":\"&#8220;Zirv\u0259 toplant\u0131s\u0131n\u0131 \u018fliyevin avtoritar idar\u0259\u00e7iliyind\u0259 ke\u00e7irm\u0259k diplomatik s\u0259hvdir&#8221;\",\"datePublished\":\"2025-05-27T15:48:41+00:00\",\"dateModified\":\"2025-05-27T15:48:44+00:00\",\"mainEntityOfPage\":{\"@id\":\"https:\\\/\\\/www.meydan.tv\\\/az\\\/article\\\/zirv%c9%99-toplantisini-eliyevin-avtoritar-idar%c9%99ciliyind%c9%99-kecirm%c9%99k-diplomatik-s%c9%99hvdir\\\/\"},\"wordCount\":126,\"publisher\":{\"@id\":\"https:\\\/\\\/www.meydan.tv\\\/az\\\/#organization\"},\"image\":{\"@id\":\"https:\\\/\\\/www.meydan.tv\\\/az\\\/article\\\/zirv%c9%99-toplantisini-eliyevin-avtoritar-idar%c9%99ciliyind%c9%99-kecirm%c9%99k-diplomatik-s%c9%99hvdir\\\/#primaryimage\"},\"thumbnailUrl\":\"https:\\\/\\\/www.meydan.tv\\\/wp-content\\\/uploads\\\/1747402883_c65188e7cd0f20a957b377f9746b656d.jpg\",\"articleSection\":[\"Siyas\u0259t\",\"T\u00f6vsiy\u0259\",\"Video\",\"X\u0259b\u0259rl\u0259r\"],\"inLanguage\":\"az\"},{\"@type\":\"WebPage\",\"@id\":\"https:\\\/\\\/www.meydan.tv\\\/az\\\/article\\\/zirv%c9%99-toplantisini-eliyevin-avtoritar-idar%c9%99ciliyind%c9%99-kecirm%c9%99k-diplomatik-s%c9%99hvdir\\\/\",\"url\":\"https:\\\/\\\/www.meydan.tv\\\/az\\\/article\\\/zirv%c9%99-toplantisini-eliyevin-avtoritar-idar%c9%99ciliyind%c9%99-kecirm%c9%99k-diplomatik-s%c9%99hvdir\\\/\",\"name\":\"\\\"Zirv\u0259 toplant\u0131s\u0131n\u0131 \u018fliyevin avtoritar idar\u0259\u00e7iliyind\u0259 ke\u00e7irm\u0259k diplomatik s\u0259hvdir\\\" - MEYDAN.TV\",\"isPartOf\":{\"@id\":\"https:\\\/\\\/www.meydan.tv\\\/az\\\/#website\"},\"primaryImageOfPage\":{\"@id\":\"https:\\\/\\\/www.meydan.tv\\\/az\\\/article\\\/zirv%c9%99-toplantisini-eliyevin-avtoritar-idar%c9%99ciliyind%c9%99-kecirm%c9%99k-diplomatik-s%c9%99hvdir\\\/#primaryimage\"},\"image\":{\"@id\":\"https:\\\/\\\/www.meydan.tv\\\/az\\\/article\\\/zirv%c9%99-toplantisini-eliyevin-avtoritar-idar%c9%99ciliyind%c9%99-kecirm%c9%99k-diplomatik-s%c9%99hvdir\\\/#primaryimage\"},\"thumbnailUrl\":\"https:\\\/\\\/www.meydan.tv\\\/wp-content\\\/uploads\\\/1747402883_c65188e7cd0f20a957b377f9746b656d.jpg\",\"datePublished\":\"2025-05-27T15:48:41+00:00\",\"dateModified\":\"2025-05-27T15:48:44+00:00\",\"breadcrumb\":{\"@id\":\"https:\\\/\\\/www.meydan.tv\\\/az\\\/article\\\/zirv%c9%99-toplantisini-eliyevin-avtoritar-idar%c9%99ciliyind%c9%99-kecirm%c9%99k-diplomatik-s%c9%99hvdir\\\/#breadcrumb\"},\"inLanguage\":\"az\",\"potentialAction\":[{\"@type\":\"ReadAction\",\"target\":[\"https:\\\/\\\/www.meydan.tv\\\/az\\\/article\\\/zirv%c9%99-toplantisini-eliyevin-avtoritar-idar%c9%99ciliyind%c9%99-kecirm%c9%99k-diplomatik-s%c9%99hvdir\\\/\"]}]},{\"@type\":\"ImageObject\",\"inLanguage\":\"az\",\"@id\":\"https:\\\/\\\/www.meydan.tv\\\/az\\\/article\\\/zirv%c9%99-toplantisini-eliyevin-avtoritar-idar%c9%99ciliyind%c9%99-kecirm%c9%99k-diplomatik-s%c9%99hvdir\\\/#primaryimage\",\"url\":\"https:\\\/\\\/www.meydan.tv\\\/wp-content\\\/uploads\\\/1747402883_c65188e7cd0f20a957b377f9746b656d.jpg\",\"contentUrl\":\"https:\\\/\\\/www.meydan.tv\\\/wp-content\\\/uploads\\\/1747402883_c65188e7cd0f20a957b377f9746b656d.jpg\",\"width\":1960,\"height\":1282},{\"@type\":\"BreadcrumbList\",\"@id\":\"https:\\\/\\\/www.meydan.tv\\\/az\\\/article\\\/zirv%c9%99-toplantisini-eliyevin-avtoritar-idar%c9%99ciliyind%c9%99-kecirm%c9%99k-diplomatik-s%c9%99hvdir\\\/#breadcrumb\",\"itemListElement\":[{\"@type\":\"ListItem\",\"position\":1,\"name\":\"Ana s\u0259hif\u0259\",\"item\":\"https:\\\/\\\/www.meydan.tv\\\/az\\\/\"},{\"@type\":\"ListItem\",\"position\":2,\"name\":\"X\u0259b\u0259rl\u0259r\",\"item\":\"https:\\\/\\\/www.meydan.tv\\\/az\\\/section\\\/xeberler\\\/\"},{\"@type\":\"ListItem\",\"position\":3,\"name\":\"&#8220;Zirv\u0259 toplant\u0131s\u0131n\u0131 \u018fliyevin avtoritar idar\u0259\u00e7iliyind\u0259 ke\u00e7irm\u0259k diplomatik s\u0259hvdir&#8221;\"}]},{\"@type\":\"WebSite\",\"@id\":\"https:\\\/\\\/www.meydan.tv\\\/az\\\/#website\",\"url\":\"https:\\\/\\\/www.meydan.tv\\\/az\\\/\",\"name\":\"MEYDAN.TV\",\"description\":\"Meydan TV Az\u0259rbaycan\u0131n media m\u0259kan\u0131ndak\u0131 alternativ s\u0259sidir\",\"publisher\":{\"@id\":\"https:\\\/\\\/www.meydan.tv\\\/az\\\/#organization\"},\"potentialAction\":[{\"@type\":\"SearchAction\",\"target\":{\"@type\":\"EntryPoint\",\"urlTemplate\":\"https:\\\/\\\/www.meydan.tv\\\/az\\\/?s={search_term_string}\"},\"query-input\":{\"@type\":\"PropertyValueSpecification\",\"valueRequired\":true,\"valueName\":\"search_term_string\"}}],\"inLanguage\":\"az\"},{\"@type\":\"Organization\",\"@id\":\"https:\\\/\\\/www.meydan.tv\\\/az\\\/#organization\",\"name\":\"Meydan TV\",\"url\":\"https:\\\/\\\/www.meydan.tv\\\/az\\\/\",\"logo\":{\"@type\":\"ImageObject\",\"inLanguage\":\"az\",\"@id\":\"https:\\\/\\\/www.meydan.tv\\\/az\\\/#\\\/schema\\\/logo\\\/image\\\/\",\"url\":\"https:\\\/\\\/www.meydan.tv\\\/wp-content\\\/uploads\\\/2021\\\/07\\\/meydan-logo.svg\",\"contentUrl\":\"https:\\\/\\\/www.meydan.tv\\\/wp-content\\\/uploads\\\/2021\\\/07\\\/meydan-logo.svg\",\"width\":195,\"height\":46,\"caption\":\"Meydan TV\"},\"image\":{\"@id\":\"https:\\\/\\\/www.meydan.tv\\\/az\\\/#\\\/schema\\\/logo\\\/image\\\/\"}},{\"@type\":\"Person\",\"@id\":\"https:\\\/\\\/www.meydan.tv\\\/az\\\/#\\\/schema\\\/person\\\/476e9360e593fa131d5d71d51866f8da\",\"name\":\"aleks\"}]}<\/script>\n<!-- \/ Yoast SEO plugin. -->","yoast_head_json":{"title":"\"Zirv\u0259 toplant\u0131s\u0131n\u0131 \u018fliyevin avtoritar idar\u0259\u00e7iliyind\u0259 ke\u00e7irm\u0259k diplomatik s\u0259hvdir\" - MEYDAN.TV","robots":{"index":"index","follow":"follow","max-snippet":"max-snippet:-1","max-image-preview":"max-image-preview:large","max-video-preview":"max-video-preview:-1"},"canonical":"https:\/\/www.meydan.tv\/az\/article\/zirv%c9%99-toplantisini-eliyevin-avtoritar-idar%c9%99ciliyind%c9%99-kecirm%c9%99k-diplomatik-s%c9%99hvdir\/","og_locale":"az_AZ","og_type":"article","og_title":"\"Zirv\u0259 toplant\u0131s\u0131n\u0131 \u018fliyevin avtoritar idar\u0259\u00e7iliyind\u0259 ke\u00e7irm\u0259k diplomatik s\u0259hvdir\" - MEYDAN.TV","og_url":"https:\/\/www.meydan.tv\/az\/article\/zirv%c9%99-toplantisini-eliyevin-avtoritar-idar%c9%99ciliyind%c9%99-kecirm%c9%99k-diplomatik-s%c9%99hvdir\/","og_site_name":"MEYDAN.TV","article_published_time":"2025-05-27T15:48:41+00:00","article_modified_time":"2025-05-27T15:48:44+00:00","og_image":[{"width":1960,"height":1282,"url":"https:\/\/www.meydan.tv\/wp-content\/uploads\/1747402883_c65188e7cd0f20a957b377f9746b656d.jpg","type":"image\/jpeg"}],"author":"aleks","twitter_card":"summary_large_image","schema":{"@context":"https:\/\/schema.org","@graph":[{"@type":"Article","@id":"https:\/\/www.meydan.tv\/az\/article\/zirv%c9%99-toplantisini-eliyevin-avtoritar-idar%c9%99ciliyind%c9%99-kecirm%c9%99k-diplomatik-s%c9%99hvdir\/#article","isPartOf":{"@id":"https:\/\/www.meydan.tv\/az\/article\/zirv%c9%99-toplantisini-eliyevin-avtoritar-idar%c9%99ciliyind%c9%99-kecirm%c9%99k-diplomatik-s%c9%99hvdir\/"},"author":{"name":"aleks","@id":"https:\/\/www.meydan.tv\/az\/#\/schema\/person\/476e9360e593fa131d5d71d51866f8da"},"headline":"&#8220;Zirv\u0259 toplant\u0131s\u0131n\u0131 \u018fliyevin avtoritar idar\u0259\u00e7iliyind\u0259 ke\u00e7irm\u0259k diplomatik s\u0259hvdir&#8221;","datePublished":"2025-05-27T15:48:41+00:00","dateModified":"2025-05-27T15:48:44+00:00","mainEntityOfPage":{"@id":"https:\/\/www.meydan.tv\/az\/article\/zirv%c9%99-toplantisini-eliyevin-avtoritar-idar%c9%99ciliyind%c9%99-kecirm%c9%99k-diplomatik-s%c9%99hvdir\/"},"wordCount":126,"publisher":{"@id":"https:\/\/www.meydan.tv\/az\/#organization"},"image":{"@id":"https:\/\/www.meydan.tv\/az\/article\/zirv%c9%99-toplantisini-eliyevin-avtoritar-idar%c9%99ciliyind%c9%99-kecirm%c9%99k-diplomatik-s%c9%99hvdir\/#primaryimage"},"thumbnailUrl":"https:\/\/www.meydan.tv\/wp-content\/uploads\/1747402883_c65188e7cd0f20a957b377f9746b656d.jpg","articleSection":["Siyas\u0259t","T\u00f6vsiy\u0259","Video","X\u0259b\u0259rl\u0259r"],"inLanguage":"az"},{"@type":"WebPage","@id":"https:\/\/www.meydan.tv\/az\/article\/zirv%c9%99-toplantisini-eliyevin-avtoritar-idar%c9%99ciliyind%c9%99-kecirm%c9%99k-diplomatik-s%c9%99hvdir\/","url":"https:\/\/www.meydan.tv\/az\/article\/zirv%c9%99-toplantisini-eliyevin-avtoritar-idar%c9%99ciliyind%c9%99-kecirm%c9%99k-diplomatik-s%c9%99hvdir\/","name":"\"Zirv\u0259 toplant\u0131s\u0131n\u0131 \u018fliyevin avtoritar idar\u0259\u00e7iliyind\u0259 ke\u00e7irm\u0259k diplomatik s\u0259hvdir\" - MEYDAN.TV","isPartOf":{"@id":"https:\/\/www.meydan.tv\/az\/#website"},"primaryImageOfPage":{"@id":"https:\/\/www.meydan.tv\/az\/article\/zirv%c9%99-toplantisini-eliyevin-avtoritar-idar%c9%99ciliyind%c9%99-kecirm%c9%99k-diplomatik-s%c9%99hvdir\/#primaryimage"},"image":{"@id":"https:\/\/www.meydan.tv\/az\/article\/zirv%c9%99-toplantisini-eliyevin-avtoritar-idar%c9%99ciliyind%c9%99-kecirm%c9%99k-diplomatik-s%c9%99hvdir\/#primaryimage"},"thumbnailUrl":"https:\/\/www.meydan.tv\/wp-content\/uploads\/1747402883_c65188e7cd0f20a957b377f9746b656d.jpg","datePublished":"2025-05-27T15:48:41+00:00","dateModified":"2025-05-27T15:48:44+00:00","breadcrumb":{"@id":"https:\/\/www.meydan.tv\/az\/article\/zirv%c9%99-toplantisini-eliyevin-avtoritar-idar%c9%99ciliyind%c9%99-kecirm%c9%99k-diplomatik-s%c9%99hvdir\/#breadcrumb"},"inLanguage":"az","potentialAction":[{"@type":"ReadAction","target":["https:\/\/www.meydan.tv\/az\/article\/zirv%c9%99-toplantisini-eliyevin-avtoritar-idar%c9%99ciliyind%c9%99-kecirm%c9%99k-diplomatik-s%c9%99hvdir\/"]}]},{"@type":"ImageObject","inLanguage":"az","@id":"https:\/\/www.meydan.tv\/az\/article\/zirv%c9%99-toplantisini-eliyevin-avtoritar-idar%c9%99ciliyind%c9%99-kecirm%c9%99k-diplomatik-s%c9%99hvdir\/#primaryimage","url":"https:\/\/www.meydan.tv\/wp-content\/uploads\/1747402883_c65188e7cd0f20a957b377f9746b656d.jpg","contentUrl":"https:\/\/www.meydan.tv\/wp-content\/uploads\/1747402883_c65188e7cd0f20a957b377f9746b656d.jpg","width":1960,"height":1282},{"@type":"BreadcrumbList","@id":"https:\/\/www.meydan.tv\/az\/article\/zirv%c9%99-toplantisini-eliyevin-avtoritar-idar%c9%99ciliyind%c9%99-kecirm%c9%99k-diplomatik-s%c9%99hvdir\/#breadcrumb","itemListElement":[{"@type":"ListItem","position":1,"name":"Ana s\u0259hif\u0259","item":"https:\/\/www.meydan.tv\/az\/"},{"@type":"ListItem","position":2,"name":"X\u0259b\u0259rl\u0259r","item":"https:\/\/www.meydan.tv\/az\/section\/xeberler\/"},{"@type":"ListItem","position":3,"name":"&#8220;Zirv\u0259 toplant\u0131s\u0131n\u0131 \u018fliyevin avtoritar idar\u0259\u00e7iliyind\u0259 ke\u00e7irm\u0259k diplomatik s\u0259hvdir&#8221;"}]},{"@type":"WebSite","@id":"https:\/\/www.meydan.tv\/az\/#website","url":"https:\/\/www.meydan.tv\/az\/","name":"MEYDAN.TV","description":"Meydan TV Az\u0259rbaycan\u0131n media m\u0259kan\u0131ndak\u0131 alternativ s\u0259sidir","publisher":{"@id":"https:\/\/www.meydan.tv\/az\/#organization"},"potentialAction":[{"@type":"SearchAction","target":{"@type":"EntryPoint","urlTemplate":"https:\/\/www.meydan.tv\/az\/?s={search_term_string}"},"query-input":{"@type":"PropertyValueSpecification","valueRequired":true,"valueName":"search_term_string"}}],"inLanguage":"az"},{"@type":"Organization","@id":"https:\/\/www.meydan.tv\/az\/#organization","name":"Meydan TV","url":"https:\/\/www.meydan.tv\/az\/","logo":{"@type":"ImageObject","inLanguage":"az","@id":"https:\/\/www.meydan.tv\/az\/#\/schema\/logo\/image\/","url":"https:\/\/www.meydan.tv\/wp-content\/uploads\/2021\/07\/meydan-logo.svg","contentUrl":"https:\/\/www.meydan.tv\/wp-content\/uploads\/2021\/07\/meydan-logo.svg","width":195,"height":46,"caption":"Meydan TV"},"image":{"@id":"https:\/\/www.meydan.tv\/az\/#\/schema\/logo\/image\/"}},{"@type":"Person","@id":"https:\/\/www.meydan.tv\/az\/#\/schema\/person\/476e9360e593fa131d5d71d51866f8da","name":"aleks"}]}},"_links":{"self":[{"href":"https:\/\/www.meydan.tv\/az\/wp-json\/wp\/v2\/posts\/331096","targetHints":{"allow":["GET"]}}],"collection":[{"href":"https:\/\/www.meydan.tv\/az\/wp-json\/wp\/v2\/posts"}],"about":[{"href":"https:\/\/www.meydan.tv\/az\/wp-json\/wp\/v2\/types\/post"}],"author":[{"embeddable":true,"href":"https:\/\/www.meydan.tv\/az\/wp-json\/wp\/v2\/users\/12"}],"replies":[{"embeddable":true,"href":"https:\/\/www.meydan.tv\/az\/wp-json\/wp\/v2\/comments?post=331096"}],"version-history":[{"count":2,"href":"https:\/\/www.meydan.tv\/az\/wp-json\/wp\/v2\/posts\/331096\/revisions"}],"predecessor-version":[{"id":331104,"href":"https:\/\/www.meydan.tv\/az\/wp-json\/wp\/v2\/posts\/331096\/revisions\/331104"}],"wp:featuredmedia":[{"embeddable":true,"href":"https:\/\/www.meydan.tv\/az\/wp-json\/wp\/v2\/media\/331097"}],"wp:attachment":[{"href":"https:\/\/www.meydan.tv\/az\/wp-json\/wp\/v2\/media?parent=331096"}],"wp:term":[{"taxonomy":"category","embeddable":true,"href":"https:\/\/www.meydan.tv\/az\/wp-json\/wp\/v2\/categories?post=331096"},{"taxonomy":"post_tag","embeddable":true,"href":"https:\/\/www.meydan.tv\/az\/wp-json\/wp\/v2\/tags?post=331096"}],"curies":[{"name":"wp","href":"https:\/\/api.w.org\/{rel}","templated":true}]}}