{"id":331088,"date":"2025-05-27T19:46:55","date_gmt":"2025-05-27T15:46:55","guid":{"rendered":"https:\/\/www.meydan.tv\/?p=331088"},"modified":"2025-05-27T19:46:57","modified_gmt":"2025-05-27T15:46:57","slug":"kims%c9%99-sutkaliq-h%c9%99bs%c9%99-ged%c9%99nd%c9%99-sevinirik-ki-kurd%c9%99xaniya-getm%c9%99di","status":"publish","type":"post","link":"https:\/\/www.meydan.tv\/az\/article\/kims%c9%99-sutkaliq-h%c9%99bs%c9%99-ged%c9%99nd%c9%99-sevinirik-ki-kurd%c9%99xaniya-getm%c9%99di\/","title":{"rendered":"&#8220;Kims\u0259 sutkal\u0131q h\u0259bs\u0259 ged\u0259nd\u0259 sevinirik ki, K\u00fcrd\u0259xan\u0131ya getm\u0259di&#8221;"},"content":{"rendered":"\n<figure class=\"wp-block-embed is-type-video is-provider-youtube wp-block-embed-youtube wp-embed-aspect-16-9 wp-has-aspect-ratio\"><div class=\"wp-block-embed__wrapper\">\n<iframe title=\"&quot;Kims\u0259 sutkal\u0131q h\u0259bs\u0259 ged\u0259nd\u0259 sevinirik ki, K\u00fcrd\u0259xan\u0131ya getm\u0259di&quot;- H\u00f6km,  h\u0259bs m\u00fcdd\u0259ti a\u011f\u0131rla\u015fd\u0131r\u0131l\u0131r\" width=\"1200\" height=\"675\" data-src=\"https:\/\/www.youtube.com\/embed\/am2YW7tVNCc?feature=oembed\" frameborder=\"0\" allow=\"accelerometer; autoplay; clipboard-write; encrypted-media; gyroscope; picture-in-picture; web-share\" referrerpolicy=\"strict-origin-when-cross-origin\" allowfullscreen src=\"data:image\/svg+xml;base64,PHN2ZyB3aWR0aD0iMSIgaGVpZ2h0PSIxIiB4bWxucz0iaHR0cDovL3d3dy53My5vcmcvMjAwMC9zdmciPjwvc3ZnPg==\" class=\"lazyload\" data-load-mode=\"1\"><\/iframe>\n<\/div><\/figure>\n\n\n\n<!--more-->\n\n\n\n<p><\/p>\n\n\n\n<p>Son bir ne\u00e7\u0259 ildir ki, t\u0259kc\u0259 siyasi yox, siyasi olmayan i\u015fl\u0259r\u0259 d\u0259 n\u0259z\u0259r salanda g\u00f6r\u00fcn\u00fcr ki, m\u00fctt\u0259himl\u0259r ittiham olundu\u011fu madd\u0259l\u0259r \u00fczr\u0259 \u0259n a\u011f\u0131r h\u00f6km\u0259 m\u0259hkum olunurlar. H\u00fcquq\u015f\u00fcnas deyir ki, \u0259n y\u00fcng\u00fcl madd\u0259nin bel\u0259 \u0259n y\u00fcks\u0259k h\u0259ddi c\u0259za olaraq verilir.<\/p>\n\n\n\n<p><em>&#8220;Statistika da g\u00f6st\u0259rir ki, \u0259n a\u011f\u0131r c\u0259zalar\u0131n verilm\u0259si c\u0259miyy\u0259td\u0259 cinay\u0259t t\u00f6r\u0259d\u0259nl\u0259rin say\u0131n\u0131 azaltm\u0131r &lt;&#8230;>. 10-12 il \u0259vv\u0259l etriaz aksiyalar\u0131nda saxlan\u0131lan siyasi aktivistl\u0259rin 40-50 manat c\u0259rim\u0259l\u0259nib burax\u0131ld\u0131\u011f\u0131 vaxtlar var idi. Amma bununla bel\u0259, beyn\u0259lxalq t\u0259\u015fkilatlar\u0131n b\u0259yanatlar\u0131 olurdu, bu, repressiya adland\u0131r\u0131l\u0131rd\u0131. \u0130ndi kims\u0259 sutkal\u0131q h\u0259bs edil\u0259nd\u0259 sevinirik ki, &#8220;K\u00fcrd\u0259xan\u0131&#8221;ya getm\u0259di&#8221;.<\/em><\/p>\n\n\n\n<p><\/p>\n","protected":false},"excerpt":{"rendered":"","protected":false},"author":12,"featured_media":52293,"comment_status":"closed","ping_status":"closed","sticky":false,"template":"","format":"standard","meta":{"_acf_changed":false,"_sitemap_exclude":false,"_sitemap_priority":"","_sitemap_frequency":"","footnotes":""},"categories":[63,56],"tags":[],"class_list":["post-331088","post","type-post","status-publish","format-standard","has-post-thumbnail","hentry","category-video-2","category-xeberler","infinite-scroll-item","generate-columns","tablet-grid-50","mobile-grid-100","grid-parent","grid-33","no-featured-image-padding"],"acf":[],"yoast_head":"<!-- This site is optimized with the Yoast SEO plugin v27.4 - https:\/\/yoast.com\/product\/yoast-seo-wordpress\/ -->\n<title>&quot;Kims\u0259 sutkal\u0131q h\u0259bs\u0259 ged\u0259nd\u0259 sevinirik ki, K\u00fcrd\u0259xan\u0131ya getm\u0259di&quot; - MEYDAN.TV<\/title>\n<meta name=\"robots\" content=\"index, follow, max-snippet:-1, max-image-preview:large, max-video-preview:-1\" \/>\n<link rel=\"canonical\" href=\"https:\/\/www.meydan.tv\/az\/article\/kims%c9%99-sutkaliq-h%c9%99bs%c9%99-ged%c9%99nd%c9%99-sevinirik-ki-kurd%c9%99xaniya-getm%c9%99di\/\" \/>\n<meta property=\"og:locale\" content=\"az_AZ\" \/>\n<meta property=\"og:type\" content=\"article\" \/>\n<meta property=\"og:title\" content=\"&quot;Kims\u0259 sutkal\u0131q h\u0259bs\u0259 ged\u0259nd\u0259 sevinirik ki, K\u00fcrd\u0259xan\u0131ya getm\u0259di&quot; - MEYDAN.TV\" \/>\n<meta property=\"og:url\" content=\"https:\/\/www.meydan.tv\/az\/article\/kims%c9%99-sutkaliq-h%c9%99bs%c9%99-ged%c9%99nd%c9%99-sevinirik-ki-kurd%c9%99xaniya-getm%c9%99di\/\" \/>\n<meta property=\"og:site_name\" content=\"MEYDAN.TV\" \/>\n<meta property=\"article:published_time\" content=\"2025-05-27T15:46:55+00:00\" \/>\n<meta property=\"article:modified_time\" content=\"2025-05-27T15:46:57+00:00\" \/>\n<meta property=\"og:image\" content=\"https:\/\/www.meydan.tv\/wp-content\/uploads\/19718.jpg\" \/>\n\t<meta property=\"og:image:width\" content=\"800\" \/>\n\t<meta property=\"og:image:height\" content=\"533\" \/>\n\t<meta property=\"og:image:type\" content=\"image\/jpeg\" \/>\n<meta name=\"author\" content=\"aleks\" \/>\n<meta name=\"twitter:card\" content=\"summary_large_image\" \/>\n<script type=\"application\/ld+json\" class=\"yoast-schema-graph\">{\"@context\":\"https:\\\/\\\/schema.org\",\"@graph\":[{\"@type\":\"Article\",\"@id\":\"https:\\\/\\\/www.meydan.tv\\\/az\\\/article\\\/kims%c9%99-sutkaliq-h%c9%99bs%c9%99-ged%c9%99nd%c9%99-sevinirik-ki-kurd%c9%99xaniya-getm%c9%99di\\\/#article\",\"isPartOf\":{\"@id\":\"https:\\\/\\\/www.meydan.tv\\\/az\\\/article\\\/kims%c9%99-sutkaliq-h%c9%99bs%c9%99-ged%c9%99nd%c9%99-sevinirik-ki-kurd%c9%99xaniya-getm%c9%99di\\\/\"},\"author\":{\"name\":\"aleks\",\"@id\":\"https:\\\/\\\/www.meydan.tv\\\/az\\\/#\\\/schema\\\/person\\\/476e9360e593fa131d5d71d51866f8da\"},\"headline\":\"&#8220;Kims\u0259 sutkal\u0131q h\u0259bs\u0259 ged\u0259nd\u0259 sevinirik ki, K\u00fcrd\u0259xan\u0131ya getm\u0259di&#8221;\",\"datePublished\":\"2025-05-27T15:46:55+00:00\",\"dateModified\":\"2025-05-27T15:46:57+00:00\",\"mainEntityOfPage\":{\"@id\":\"https:\\\/\\\/www.meydan.tv\\\/az\\\/article\\\/kims%c9%99-sutkaliq-h%c9%99bs%c9%99-ged%c9%99nd%c9%99-sevinirik-ki-kurd%c9%99xaniya-getm%c9%99di\\\/\"},\"wordCount\":176,\"publisher\":{\"@id\":\"https:\\\/\\\/www.meydan.tv\\\/az\\\/#organization\"},\"image\":{\"@id\":\"https:\\\/\\\/www.meydan.tv\\\/az\\\/article\\\/kims%c9%99-sutkaliq-h%c9%99bs%c9%99-ged%c9%99nd%c9%99-sevinirik-ki-kurd%c9%99xaniya-getm%c9%99di\\\/#primaryimage\"},\"thumbnailUrl\":\"https:\\\/\\\/www.meydan.tv\\\/wp-content\\\/uploads\\\/19718.jpg\",\"articleSection\":[\"Video\",\"X\u0259b\u0259rl\u0259r\"],\"inLanguage\":\"az\"},{\"@type\":\"WebPage\",\"@id\":\"https:\\\/\\\/www.meydan.tv\\\/az\\\/article\\\/kims%c9%99-sutkaliq-h%c9%99bs%c9%99-ged%c9%99nd%c9%99-sevinirik-ki-kurd%c9%99xaniya-getm%c9%99di\\\/\",\"url\":\"https:\\\/\\\/www.meydan.tv\\\/az\\\/article\\\/kims%c9%99-sutkaliq-h%c9%99bs%c9%99-ged%c9%99nd%c9%99-sevinirik-ki-kurd%c9%99xaniya-getm%c9%99di\\\/\",\"name\":\"\\\"Kims\u0259 sutkal\u0131q h\u0259bs\u0259 ged\u0259nd\u0259 sevinirik ki, K\u00fcrd\u0259xan\u0131ya getm\u0259di\\\" - MEYDAN.TV\",\"isPartOf\":{\"@id\":\"https:\\\/\\\/www.meydan.tv\\\/az\\\/#website\"},\"primaryImageOfPage\":{\"@id\":\"https:\\\/\\\/www.meydan.tv\\\/az\\\/article\\\/kims%c9%99-sutkaliq-h%c9%99bs%c9%99-ged%c9%99nd%c9%99-sevinirik-ki-kurd%c9%99xaniya-getm%c9%99di\\\/#primaryimage\"},\"image\":{\"@id\":\"https:\\\/\\\/www.meydan.tv\\\/az\\\/article\\\/kims%c9%99-sutkaliq-h%c9%99bs%c9%99-ged%c9%99nd%c9%99-sevinirik-ki-kurd%c9%99xaniya-getm%c9%99di\\\/#primaryimage\"},\"thumbnailUrl\":\"https:\\\/\\\/www.meydan.tv\\\/wp-content\\\/uploads\\\/19718.jpg\",\"datePublished\":\"2025-05-27T15:46:55+00:00\",\"dateModified\":\"2025-05-27T15:46:57+00:00\",\"breadcrumb\":{\"@id\":\"https:\\\/\\\/www.meydan.tv\\\/az\\\/article\\\/kims%c9%99-sutkaliq-h%c9%99bs%c9%99-ged%c9%99nd%c9%99-sevinirik-ki-kurd%c9%99xaniya-getm%c9%99di\\\/#breadcrumb\"},\"inLanguage\":\"az\",\"potentialAction\":[{\"@type\":\"ReadAction\",\"target\":[\"https:\\\/\\\/www.meydan.tv\\\/az\\\/article\\\/kims%c9%99-sutkaliq-h%c9%99bs%c9%99-ged%c9%99nd%c9%99-sevinirik-ki-kurd%c9%99xaniya-getm%c9%99di\\\/\"]}]},{\"@type\":\"ImageObject\",\"inLanguage\":\"az\",\"@id\":\"https:\\\/\\\/www.meydan.tv\\\/az\\\/article\\\/kims%c9%99-sutkaliq-h%c9%99bs%c9%99-ged%c9%99nd%c9%99-sevinirik-ki-kurd%c9%99xaniya-getm%c9%99di\\\/#primaryimage\",\"url\":\"https:\\\/\\\/www.meydan.tv\\\/wp-content\\\/uploads\\\/19718.jpg\",\"contentUrl\":\"https:\\\/\\\/www.meydan.tv\\\/wp-content\\\/uploads\\\/19718.jpg\",\"width\":800,\"height\":533,\"caption\":\"Source:\"},{\"@type\":\"BreadcrumbList\",\"@id\":\"https:\\\/\\\/www.meydan.tv\\\/az\\\/article\\\/kims%c9%99-sutkaliq-h%c9%99bs%c9%99-ged%c9%99nd%c9%99-sevinirik-ki-kurd%c9%99xaniya-getm%c9%99di\\\/#breadcrumb\",\"itemListElement\":[{\"@type\":\"ListItem\",\"position\":1,\"name\":\"Ana s\u0259hif\u0259\",\"item\":\"https:\\\/\\\/www.meydan.tv\\\/az\\\/\"},{\"@type\":\"ListItem\",\"position\":2,\"name\":\"Video\",\"item\":\"https:\\\/\\\/www.meydan.tv\\\/az\\\/section\\\/video-2\\\/\"},{\"@type\":\"ListItem\",\"position\":3,\"name\":\"&#8220;Kims\u0259 sutkal\u0131q h\u0259bs\u0259 ged\u0259nd\u0259 sevinirik ki, K\u00fcrd\u0259xan\u0131ya getm\u0259di&#8221;\"}]},{\"@type\":\"WebSite\",\"@id\":\"https:\\\/\\\/www.meydan.tv\\\/az\\\/#website\",\"url\":\"https:\\\/\\\/www.meydan.tv\\\/az\\\/\",\"name\":\"MEYDAN.TV\",\"description\":\"Meydan TV Az\u0259rbaycan\u0131n media m\u0259kan\u0131ndak\u0131 alternativ s\u0259sidir\",\"publisher\":{\"@id\":\"https:\\\/\\\/www.meydan.tv\\\/az\\\/#organization\"},\"potentialAction\":[{\"@type\":\"SearchAction\",\"target\":{\"@type\":\"EntryPoint\",\"urlTemplate\":\"https:\\\/\\\/www.meydan.tv\\\/az\\\/?s={search_term_string}\"},\"query-input\":{\"@type\":\"PropertyValueSpecification\",\"valueRequired\":true,\"valueName\":\"search_term_string\"}}],\"inLanguage\":\"az\"},{\"@type\":\"Organization\",\"@id\":\"https:\\\/\\\/www.meydan.tv\\\/az\\\/#organization\",\"name\":\"Meydan TV\",\"url\":\"https:\\\/\\\/www.meydan.tv\\\/az\\\/\",\"logo\":{\"@type\":\"ImageObject\",\"inLanguage\":\"az\",\"@id\":\"https:\\\/\\\/www.meydan.tv\\\/az\\\/#\\\/schema\\\/logo\\\/image\\\/\",\"url\":\"https:\\\/\\\/www.meydan.tv\\\/wp-content\\\/uploads\\\/2021\\\/07\\\/meydan-logo.svg\",\"contentUrl\":\"https:\\\/\\\/www.meydan.tv\\\/wp-content\\\/uploads\\\/2021\\\/07\\\/meydan-logo.svg\",\"width\":195,\"height\":46,\"caption\":\"Meydan TV\"},\"image\":{\"@id\":\"https:\\\/\\\/www.meydan.tv\\\/az\\\/#\\\/schema\\\/logo\\\/image\\\/\"}},{\"@type\":\"Person\",\"@id\":\"https:\\\/\\\/www.meydan.tv\\\/az\\\/#\\\/schema\\\/person\\\/476e9360e593fa131d5d71d51866f8da\",\"name\":\"aleks\"}]}<\/script>\n<!-- \/ Yoast SEO plugin. -->","yoast_head_json":{"title":"\"Kims\u0259 sutkal\u0131q h\u0259bs\u0259 ged\u0259nd\u0259 sevinirik ki, K\u00fcrd\u0259xan\u0131ya getm\u0259di\" - MEYDAN.TV","robots":{"index":"index","follow":"follow","max-snippet":"max-snippet:-1","max-image-preview":"max-image-preview:large","max-video-preview":"max-video-preview:-1"},"canonical":"https:\/\/www.meydan.tv\/az\/article\/kims%c9%99-sutkaliq-h%c9%99bs%c9%99-ged%c9%99nd%c9%99-sevinirik-ki-kurd%c9%99xaniya-getm%c9%99di\/","og_locale":"az_AZ","og_type":"article","og_title":"\"Kims\u0259 sutkal\u0131q h\u0259bs\u0259 ged\u0259nd\u0259 sevinirik ki, K\u00fcrd\u0259xan\u0131ya getm\u0259di\" - MEYDAN.TV","og_url":"https:\/\/www.meydan.tv\/az\/article\/kims%c9%99-sutkaliq-h%c9%99bs%c9%99-ged%c9%99nd%c9%99-sevinirik-ki-kurd%c9%99xaniya-getm%c9%99di\/","og_site_name":"MEYDAN.TV","article_published_time":"2025-05-27T15:46:55+00:00","article_modified_time":"2025-05-27T15:46:57+00:00","og_image":[{"width":800,"height":533,"url":"https:\/\/www.meydan.tv\/wp-content\/uploads\/19718.jpg","type":"image\/jpeg"}],"author":"aleks","twitter_card":"summary_large_image","schema":{"@context":"https:\/\/schema.org","@graph":[{"@type":"Article","@id":"https:\/\/www.meydan.tv\/az\/article\/kims%c9%99-sutkaliq-h%c9%99bs%c9%99-ged%c9%99nd%c9%99-sevinirik-ki-kurd%c9%99xaniya-getm%c9%99di\/#article","isPartOf":{"@id":"https:\/\/www.meydan.tv\/az\/article\/kims%c9%99-sutkaliq-h%c9%99bs%c9%99-ged%c9%99nd%c9%99-sevinirik-ki-kurd%c9%99xaniya-getm%c9%99di\/"},"author":{"name":"aleks","@id":"https:\/\/www.meydan.tv\/az\/#\/schema\/person\/476e9360e593fa131d5d71d51866f8da"},"headline":"&#8220;Kims\u0259 sutkal\u0131q h\u0259bs\u0259 ged\u0259nd\u0259 sevinirik ki, K\u00fcrd\u0259xan\u0131ya getm\u0259di&#8221;","datePublished":"2025-05-27T15:46:55+00:00","dateModified":"2025-05-27T15:46:57+00:00","mainEntityOfPage":{"@id":"https:\/\/www.meydan.tv\/az\/article\/kims%c9%99-sutkaliq-h%c9%99bs%c9%99-ged%c9%99nd%c9%99-sevinirik-ki-kurd%c9%99xaniya-getm%c9%99di\/"},"wordCount":176,"publisher":{"@id":"https:\/\/www.meydan.tv\/az\/#organization"},"image":{"@id":"https:\/\/www.meydan.tv\/az\/article\/kims%c9%99-sutkaliq-h%c9%99bs%c9%99-ged%c9%99nd%c9%99-sevinirik-ki-kurd%c9%99xaniya-getm%c9%99di\/#primaryimage"},"thumbnailUrl":"https:\/\/www.meydan.tv\/wp-content\/uploads\/19718.jpg","articleSection":["Video","X\u0259b\u0259rl\u0259r"],"inLanguage":"az"},{"@type":"WebPage","@id":"https:\/\/www.meydan.tv\/az\/article\/kims%c9%99-sutkaliq-h%c9%99bs%c9%99-ged%c9%99nd%c9%99-sevinirik-ki-kurd%c9%99xaniya-getm%c9%99di\/","url":"https:\/\/www.meydan.tv\/az\/article\/kims%c9%99-sutkaliq-h%c9%99bs%c9%99-ged%c9%99nd%c9%99-sevinirik-ki-kurd%c9%99xaniya-getm%c9%99di\/","name":"\"Kims\u0259 sutkal\u0131q h\u0259bs\u0259 ged\u0259nd\u0259 sevinirik ki, K\u00fcrd\u0259xan\u0131ya getm\u0259di\" - MEYDAN.TV","isPartOf":{"@id":"https:\/\/www.meydan.tv\/az\/#website"},"primaryImageOfPage":{"@id":"https:\/\/www.meydan.tv\/az\/article\/kims%c9%99-sutkaliq-h%c9%99bs%c9%99-ged%c9%99nd%c9%99-sevinirik-ki-kurd%c9%99xaniya-getm%c9%99di\/#primaryimage"},"image":{"@id":"https:\/\/www.meydan.tv\/az\/article\/kims%c9%99-sutkaliq-h%c9%99bs%c9%99-ged%c9%99nd%c9%99-sevinirik-ki-kurd%c9%99xaniya-getm%c9%99di\/#primaryimage"},"thumbnailUrl":"https:\/\/www.meydan.tv\/wp-content\/uploads\/19718.jpg","datePublished":"2025-05-27T15:46:55+00:00","dateModified":"2025-05-27T15:46:57+00:00","breadcrumb":{"@id":"https:\/\/www.meydan.tv\/az\/article\/kims%c9%99-sutkaliq-h%c9%99bs%c9%99-ged%c9%99nd%c9%99-sevinirik-ki-kurd%c9%99xaniya-getm%c9%99di\/#breadcrumb"},"inLanguage":"az","potentialAction":[{"@type":"ReadAction","target":["https:\/\/www.meydan.tv\/az\/article\/kims%c9%99-sutkaliq-h%c9%99bs%c9%99-ged%c9%99nd%c9%99-sevinirik-ki-kurd%c9%99xaniya-getm%c9%99di\/"]}]},{"@type":"ImageObject","inLanguage":"az","@id":"https:\/\/www.meydan.tv\/az\/article\/kims%c9%99-sutkaliq-h%c9%99bs%c9%99-ged%c9%99nd%c9%99-sevinirik-ki-kurd%c9%99xaniya-getm%c9%99di\/#primaryimage","url":"https:\/\/www.meydan.tv\/wp-content\/uploads\/19718.jpg","contentUrl":"https:\/\/www.meydan.tv\/wp-content\/uploads\/19718.jpg","width":800,"height":533,"caption":"Source:"},{"@type":"BreadcrumbList","@id":"https:\/\/www.meydan.tv\/az\/article\/kims%c9%99-sutkaliq-h%c9%99bs%c9%99-ged%c9%99nd%c9%99-sevinirik-ki-kurd%c9%99xaniya-getm%c9%99di\/#breadcrumb","itemListElement":[{"@type":"ListItem","position":1,"name":"Ana s\u0259hif\u0259","item":"https:\/\/www.meydan.tv\/az\/"},{"@type":"ListItem","position":2,"name":"Video","item":"https:\/\/www.meydan.tv\/az\/section\/video-2\/"},{"@type":"ListItem","position":3,"name":"&#8220;Kims\u0259 sutkal\u0131q h\u0259bs\u0259 ged\u0259nd\u0259 sevinirik ki, K\u00fcrd\u0259xan\u0131ya getm\u0259di&#8221;"}]},{"@type":"WebSite","@id":"https:\/\/www.meydan.tv\/az\/#website","url":"https:\/\/www.meydan.tv\/az\/","name":"MEYDAN.TV","description":"Meydan TV Az\u0259rbaycan\u0131n media m\u0259kan\u0131ndak\u0131 alternativ s\u0259sidir","publisher":{"@id":"https:\/\/www.meydan.tv\/az\/#organization"},"potentialAction":[{"@type":"SearchAction","target":{"@type":"EntryPoint","urlTemplate":"https:\/\/www.meydan.tv\/az\/?s={search_term_string}"},"query-input":{"@type":"PropertyValueSpecification","valueRequired":true,"valueName":"search_term_string"}}],"inLanguage":"az"},{"@type":"Organization","@id":"https:\/\/www.meydan.tv\/az\/#organization","name":"Meydan TV","url":"https:\/\/www.meydan.tv\/az\/","logo":{"@type":"ImageObject","inLanguage":"az","@id":"https:\/\/www.meydan.tv\/az\/#\/schema\/logo\/image\/","url":"https:\/\/www.meydan.tv\/wp-content\/uploads\/2021\/07\/meydan-logo.svg","contentUrl":"https:\/\/www.meydan.tv\/wp-content\/uploads\/2021\/07\/meydan-logo.svg","width":195,"height":46,"caption":"Meydan TV"},"image":{"@id":"https:\/\/www.meydan.tv\/az\/#\/schema\/logo\/image\/"}},{"@type":"Person","@id":"https:\/\/www.meydan.tv\/az\/#\/schema\/person\/476e9360e593fa131d5d71d51866f8da","name":"aleks"}]}},"_links":{"self":[{"href":"https:\/\/www.meydan.tv\/az\/wp-json\/wp\/v2\/posts\/331088","targetHints":{"allow":["GET"]}}],"collection":[{"href":"https:\/\/www.meydan.tv\/az\/wp-json\/wp\/v2\/posts"}],"about":[{"href":"https:\/\/www.meydan.tv\/az\/wp-json\/wp\/v2\/types\/post"}],"author":[{"embeddable":true,"href":"https:\/\/www.meydan.tv\/az\/wp-json\/wp\/v2\/users\/12"}],"replies":[{"embeddable":true,"href":"https:\/\/www.meydan.tv\/az\/wp-json\/wp\/v2\/comments?post=331088"}],"version-history":[{"count":4,"href":"https:\/\/www.meydan.tv\/az\/wp-json\/wp\/v2\/posts\/331088\/revisions"}],"predecessor-version":[{"id":331103,"href":"https:\/\/www.meydan.tv\/az\/wp-json\/wp\/v2\/posts\/331088\/revisions\/331103"}],"wp:featuredmedia":[{"embeddable":true,"href":"https:\/\/www.meydan.tv\/az\/wp-json\/wp\/v2\/media\/52293"}],"wp:attachment":[{"href":"https:\/\/www.meydan.tv\/az\/wp-json\/wp\/v2\/media?parent=331088"}],"wp:term":[{"taxonomy":"category","embeddable":true,"href":"https:\/\/www.meydan.tv\/az\/wp-json\/wp\/v2\/categories?post=331088"},{"taxonomy":"post_tag","embeddable":true,"href":"https:\/\/www.meydan.tv\/az\/wp-json\/wp\/v2\/tags?post=331088"}],"curies":[{"name":"wp","href":"https:\/\/api.w.org\/{rel}","templated":true}]}}