{"id":331048,"date":"2025-05-27T16:34:25","date_gmt":"2025-05-27T12:34:25","guid":{"rendered":"https:\/\/www.meydan.tv\/?p=331048"},"modified":"2025-05-27T16:34:27","modified_gmt":"2025-05-27T12:34:27","slug":"eli-k%c9%99rimli-muhafiz%c9%99cisinin-13-saat-isg%c9%99nc%c9%99y%c9%99-m%c9%99ruz-qaldigini-bildirir","status":"publish","type":"post","link":"https:\/\/www.meydan.tv\/az\/article\/eli-k%c9%99rimli-muhafiz%c9%99cisinin-13-saat-isg%c9%99nc%c9%99y%c9%99-m%c9%99ruz-qaldigini-bildirir\/","title":{"rendered":"\u018fli K\u0259rimli m\u00fchafiz\u0259\u00e7isinin 13 saat i\u015fg\u0259nc\u0259y\u0259 m\u0259ruz qald\u0131\u011f\u0131n\u0131 bildirir\u00a0"},"content":{"rendered":"\n<p><em>AXCP s\u0259dri m\u00fchafiz\u0259\u00e7isin\u0259 qar\u015f\u0131 ir\u0259li s\u00fcr\u00fcl\u0259n &#8220;d\u0259l\u0259duzluq&#8221; ittiham\u0131n\u0131 \u201cqurama, h\u0259yas\u0131z, m\u0259qs\u0259dli \u00fcz\u0259durma\u201d adland\u0131r\u0131b<\/em><\/p>\n\n\n\n<p>Az\u0259rbaycan Xalq C\u0259bh\u0259si Partiyas\u0131n\u0131n (AXCP) s\u0259dri \u018fli K\u0259rimli ictimai \u0259saslarla m\u00fchafiz\u0259\u00e7isi i\u015fl\u0259mi\u015f Novruz Ta\u011f\u0131yevin polis t\u0259r\u0259find\u0259n saxlan\u0131ld\u0131\u011f\u0131 g\u00fcn 13 saat i\u015fg\u0259nc\u0259y\u0259 m\u0259ruz qald\u0131\u011f\u0131n\u0131 bildirib.<\/p>\n\n\n\n<p>\u018fli K\u0259rimli \u201cFacebook\u201d s\u0259hif\u0259sind\u0259 <a href=\"https:\/\/www.facebook.com\/story.php?story_fbid=1242933717196849&amp;id=100044406970470&amp;rdid=b9VauIJGi8jrL4bB#\" target=\"_blank\" rel=\"noreferrer noopener\">yaz\u0131b<\/a> ki, Novruz Ta\u011f\u0131yev may\u0131n 20-d\u0259 u\u015fa\u011f\u0131n\u0131 m\u0259kt\u0259bd\u0259n g\u00f6t\u00fcr\u0259n zaman 4 n\u0259f\u0259r m\u00fclki geyimli polis t\u0259r\u0259find\u0259n saxlan\u0131l\u0131b v\u0259 avtomobild\u0259 9 saat, qollar\u0131 qandall\u0131 v\u0259ziyy\u0259td\u0259 Bak\u0131 \u0259razisind\u0259 g\u0259zdirilib.<\/p>\n\n\n\n<p>Novruz Ta\u011f\u0131yevin v\u0259kili Nem\u0259t K\u0259rimli bildirib ki, h\u0259min g\u00fcn ax\u015fam saat 20:00 rad\u0259l\u0259rind\u0259 m\u00fcv\u0259kkili Yasamal Rayon Polis \u0130dar\u0259sin\u0259 apar\u0131l\u0131b v\u0259 burada onu gec\u0259 saat 12-y\u0259 q\u0259d\u0259r saxlay\u0131blar.<\/p>\n\n\n\n<p>V\u0259kilin dediyin\u0259 g\u00f6r\u0259, ev alq\u0131-satq\u0131s\u0131 i\u015fl\u0259rind\u0259 vasit\u0259\u00e7i kimi i\u015fl\u0259y\u0259n Ta\u011f\u0131yevd\u0259n Nicat adl\u0131 bir \u015f\u0259xs \u015fikay\u0259t edib:<\/p>\n\n\n\n<p><em>\u201cNovruz Nicata ev tapmaqda k\u00f6m\u0259k edib v\u0259 ondan 1000 manat beh q\u0259bul edib, onun da bir hiss\u0259sini ev sahibin\u0259 verib. Sonra bir g\u00fcn Nicat qayn\u0131 kimi t\u0259qdim etdiyi \u015f\u0259xsl\u0259 birlikd\u0259 Novruzun i\u015fl\u0259diyi ofis\u0259 g\u0259lib, ona \u0259tir v\u0259 bir ba\u011flama pul verm\u0259k ist\u0259yib. Novruz pulu q\u0259bul etm\u0259yib, \u0259tir d\u0259 stolun \u00fcst\u00fcnd\u0259 qal\u0131b. Polis d\u0259 deyir ki, Nicat 71000 manat pulunun d\u0259l\u0259duzluqla o\u011furlanmas\u0131 haqda polis\u0259 \u015fikay\u0259t edib\u201d.<\/em><br><br>Nem\u0259t K\u0259rimli bildirib ki, m\u0259s\u0259l\u0259 il\u0259 \u0259laq\u0259dar apelyasiya \u015fikay\u0259ti verilib.<br><br>\u018fli K\u0259rimli m\u00fchafiz\u0259\u00e7isin\u0259 qar\u015f\u0131 ittiham\u0131 \u201cqurama, h\u0259yas\u0131z, m\u0259qs\u0259dli \u00fcz\u0259durma\u201d adland\u0131r\u0131b.<br><br>May\u0131n 20-d\u0259 AXCP-nin iki \u00fczv\u00fcn\u00fcn \u2013 \u018fli K\u0259rimlinin m\u00fchafiz\u0259\u00e7isi Novruz Ta\u011f\u0131yev v\u0259 X\u0259tai rayon \u015f\u00f6b\u0259sinin \u00fczv\u00fc R\u0259\u015fad \u018fliyevin yoxa \u00e7\u0131xmas\u0131 bar\u0259d\u0259 m\u0259lumatlar yay\u0131ld\u0131.<br><br>Ard\u0131nca m\u0259lum olub ki, Novruz Ta\u011f\u0131yevl\u0259 ba\u011fl\u0131 178.2 (d\u0259l\u0259duzluq \u2013 etibardan sui-istifad\u0259 etm\u0259 v\u0259 ya aldatma yolu il\u0259 \u00f6zg\u0259nin \u0259mlak\u0131n\u0131 \u0259l\u0259 ke\u00e7irm\u0259 v\u0259 ya \u0259mlak h\u00fcquqlar\u0131n\u0131 \u0259ld\u0259 etm\u0259) madd\u0259si il\u0259 cinay\u0259t i\u015f\u0131 a\u00e7\u0131l\u0131b v\u0259 bar\u0259sind\u0259 4 ayl\u0131q h\u0259bs q\u0259timkan t\u0259dbiri se\u00e7il\u0259r\u0259k K\u00fcrd\u0259xan\u0131 \u0130stintaq T\u0259cridxanas\u0131na apar\u0131l\u0131b.<\/p>\n\n\n\n<p>R\u0259\u015fad \u018fliyev\u0259 is\u0259 m\u0259hk\u0259m\u0259nin q\u0259rar\u0131 il\u0259 25 sutka inzibati h\u0259bs verilib. Onun konkret n\u0259d\u0259 t\u0259qsirl\u0259ndirildiyi a\u00e7\u0131qlanmay\u0131b.<\/p>\n\n\n\n<p>AXCP-nin haz\u0131rda 20 \u00fczv\u00fc h\u0259bsd\u0259dir.<\/p>\n\n\n\n<p>&nbsp;\u00dczvl\u0259r m\u00fcxt\u0259lif ittihamlarla \u00fczl\u0259\u015fs\u0259l\u0259r d\u0259, partiya onlar\u0131n ham\u0131s\u0131n\u0131n siyasi sifari\u015fl\u0259 h\u0259bs edildiyini a\u00e7\u0131qlay\u0131b.<\/p>\n","protected":false},"excerpt":{"rendered":"<p>AXCP s\u0259dri m\u00fchafiz\u0259\u00e7isin\u0259 qar\u015f\u0131 ir\u0259li s\u00fcr\u00fcl\u0259n &#8220;d\u0259l\u0259duzluq&#8221; ittiham\u0131n\u0131 \u201cqurama, h\u0259yas\u0131z, &#8230; <\/p>\n<p class=\"read-more-container\"><a title=\"\u018fli K\u0259rimli m\u00fchafiz\u0259\u00e7isinin 13 saat i\u015fg\u0259nc\u0259y\u0259 m\u0259ruz qald\u0131\u011f\u0131n\u0131 bildirir\u00a0\" class=\"read-more button\" href=\"https:\/\/www.meydan.tv\/az\/article\/eli-k%c9%99rimli-muhafiz%c9%99cisinin-13-saat-isg%c9%99nc%c9%99y%c9%99-m%c9%99ruz-qaldigini-bildirir\/#more-331048\" aria-label=\"Read more about \u018fli K\u0259rimli m\u00fchafiz\u0259\u00e7isinin 13 saat i\u015fg\u0259nc\u0259y\u0259 m\u0259ruz qald\u0131\u011f\u0131n\u0131 bildirir\u00a0\">Davam\u0131<\/a><\/p>\n","protected":false},"author":16,"featured_media":242600,"comment_status":"closed","ping_status":"closed","sticky":false,"template":"","format":"standard","meta":{"_acf_changed":false,"_sitemap_exclude":false,"_sitemap_priority":"","_sitemap_frequency":"","footnotes":""},"categories":[79,56],"tags":[],"class_list":["post-331048","post","type-post","status-publish","format-standard","has-post-thumbnail","hentry","category-featured","category-xeberler","infinite-scroll-item","generate-columns","tablet-grid-50","mobile-grid-100","grid-parent","grid-33","no-featured-image-padding"],"acf":[],"yoast_head":"<!-- This site is optimized with the Yoast SEO plugin v27.5 - https:\/\/yoast.com\/product\/yoast-seo-wordpress\/ -->\n<title>\u018fli K\u0259rimli m\u00fchafiz\u0259\u00e7isinin 13 saat i\u015fg\u0259nc\u0259y\u0259 m\u0259ruz qald\u0131\u011f\u0131n\u0131 bildirir\u00a0 - MEYDAN.TV<\/title>\n<meta name=\"robots\" content=\"index, follow, max-snippet:-1, max-image-preview:large, max-video-preview:-1\" \/>\n<link rel=\"canonical\" href=\"https:\/\/www.meydan.tv\/az\/article\/eli-k%c9%99rimli-muhafiz%c9%99cisinin-13-saat-isg%c9%99nc%c9%99y%c9%99-m%c9%99ruz-qaldigini-bildirir\/\" \/>\n<meta property=\"og:locale\" content=\"az_AZ\" \/>\n<meta property=\"og:type\" content=\"article\" \/>\n<meta property=\"og:title\" content=\"\u018fli K\u0259rimli m\u00fchafiz\u0259\u00e7isinin 13 saat i\u015fg\u0259nc\u0259y\u0259 m\u0259ruz qald\u0131\u011f\u0131n\u0131 bildirir\u00a0 - MEYDAN.TV\" \/>\n<meta property=\"og:description\" content=\"AXCP s\u0259dri m\u00fchafiz\u0259\u00e7isin\u0259 qar\u015f\u0131 ir\u0259li s\u00fcr\u00fcl\u0259n &#8220;d\u0259l\u0259duzluq&#8221; ittiham\u0131n\u0131 \u201cqurama, h\u0259yas\u0131z, ... Davam\u0131\" \/>\n<meta property=\"og:url\" content=\"https:\/\/www.meydan.tv\/az\/article\/eli-k%c9%99rimli-muhafiz%c9%99cisinin-13-saat-isg%c9%99nc%c9%99y%c9%99-m%c9%99ruz-qaldigini-bildirir\/\" \/>\n<meta property=\"og:site_name\" content=\"MEYDAN.TV\" \/>\n<meta property=\"article:published_time\" content=\"2025-05-27T12:34:25+00:00\" \/>\n<meta property=\"article:modified_time\" content=\"2025-05-27T12:34:27+00:00\" \/>\n<meta property=\"og:image\" content=\"https:\/\/www.meydan.tv\/wp-content\/uploads\/image-from-ios-3-1.jpg\" \/>\n\t<meta property=\"og:image:width\" content=\"2000\" \/>\n\t<meta property=\"og:image:height\" content=\"1333\" \/>\n\t<meta property=\"og:image:type\" content=\"image\/jpeg\" \/>\n<meta name=\"author\" content=\"sevda\" \/>\n<meta name=\"twitter:card\" content=\"summary_large_image\" \/>\n<script type=\"application\/ld+json\" class=\"yoast-schema-graph\">{\"@context\":\"https:\\\/\\\/schema.org\",\"@graph\":[{\"@type\":\"Article\",\"@id\":\"https:\\\/\\\/www.meydan.tv\\\/az\\\/article\\\/eli-k%c9%99rimli-muhafiz%c9%99cisinin-13-saat-isg%c9%99nc%c9%99y%c9%99-m%c9%99ruz-qaldigini-bildirir\\\/#article\",\"isPartOf\":{\"@id\":\"https:\\\/\\\/www.meydan.tv\\\/az\\\/article\\\/eli-k%c9%99rimli-muhafiz%c9%99cisinin-13-saat-isg%c9%99nc%c9%99y%c9%99-m%c9%99ruz-qaldigini-bildirir\\\/\"},\"author\":{\"name\":\"sevda\",\"@id\":\"https:\\\/\\\/www.meydan.tv\\\/az\\\/#\\\/schema\\\/person\\\/49b5f2bad5b126bb8ea9320eeb3e4dc9\"},\"headline\":\"\u018fli K\u0259rimli m\u00fchafiz\u0259\u00e7isinin 13 saat i\u015fg\u0259nc\u0259y\u0259 m\u0259ruz qald\u0131\u011f\u0131n\u0131 bildirir\u00a0\",\"datePublished\":\"2025-05-27T12:34:25+00:00\",\"dateModified\":\"2025-05-27T12:34:27+00:00\",\"mainEntityOfPage\":{\"@id\":\"https:\\\/\\\/www.meydan.tv\\\/az\\\/article\\\/eli-k%c9%99rimli-muhafiz%c9%99cisinin-13-saat-isg%c9%99nc%c9%99y%c9%99-m%c9%99ruz-qaldigini-bildirir\\\/\"},\"wordCount\":503,\"publisher\":{\"@id\":\"https:\\\/\\\/www.meydan.tv\\\/az\\\/#organization\"},\"image\":{\"@id\":\"https:\\\/\\\/www.meydan.tv\\\/az\\\/article\\\/eli-k%c9%99rimli-muhafiz%c9%99cisinin-13-saat-isg%c9%99nc%c9%99y%c9%99-m%c9%99ruz-qaldigini-bildirir\\\/#primaryimage\"},\"thumbnailUrl\":\"https:\\\/\\\/www.meydan.tv\\\/wp-content\\\/uploads\\\/image-from-ios-3-1.jpg\",\"articleSection\":[\"T\u00f6vsiy\u0259\",\"X\u0259b\u0259rl\u0259r\"],\"inLanguage\":\"az\"},{\"@type\":\"WebPage\",\"@id\":\"https:\\\/\\\/www.meydan.tv\\\/az\\\/article\\\/eli-k%c9%99rimli-muhafiz%c9%99cisinin-13-saat-isg%c9%99nc%c9%99y%c9%99-m%c9%99ruz-qaldigini-bildirir\\\/\",\"url\":\"https:\\\/\\\/www.meydan.tv\\\/az\\\/article\\\/eli-k%c9%99rimli-muhafiz%c9%99cisinin-13-saat-isg%c9%99nc%c9%99y%c9%99-m%c9%99ruz-qaldigini-bildirir\\\/\",\"name\":\"\u018fli K\u0259rimli m\u00fchafiz\u0259\u00e7isinin 13 saat i\u015fg\u0259nc\u0259y\u0259 m\u0259ruz qald\u0131\u011f\u0131n\u0131 bildirir\u00a0 - MEYDAN.TV\",\"isPartOf\":{\"@id\":\"https:\\\/\\\/www.meydan.tv\\\/az\\\/#website\"},\"primaryImageOfPage\":{\"@id\":\"https:\\\/\\\/www.meydan.tv\\\/az\\\/article\\\/eli-k%c9%99rimli-muhafiz%c9%99cisinin-13-saat-isg%c9%99nc%c9%99y%c9%99-m%c9%99ruz-qaldigini-bildirir\\\/#primaryimage\"},\"image\":{\"@id\":\"https:\\\/\\\/www.meydan.tv\\\/az\\\/article\\\/eli-k%c9%99rimli-muhafiz%c9%99cisinin-13-saat-isg%c9%99nc%c9%99y%c9%99-m%c9%99ruz-qaldigini-bildirir\\\/#primaryimage\"},\"thumbnailUrl\":\"https:\\\/\\\/www.meydan.tv\\\/wp-content\\\/uploads\\\/image-from-ios-3-1.jpg\",\"datePublished\":\"2025-05-27T12:34:25+00:00\",\"dateModified\":\"2025-05-27T12:34:27+00:00\",\"breadcrumb\":{\"@id\":\"https:\\\/\\\/www.meydan.tv\\\/az\\\/article\\\/eli-k%c9%99rimli-muhafiz%c9%99cisinin-13-saat-isg%c9%99nc%c9%99y%c9%99-m%c9%99ruz-qaldigini-bildirir\\\/#breadcrumb\"},\"inLanguage\":\"az\",\"potentialAction\":[{\"@type\":\"ReadAction\",\"target\":[\"https:\\\/\\\/www.meydan.tv\\\/az\\\/article\\\/eli-k%c9%99rimli-muhafiz%c9%99cisinin-13-saat-isg%c9%99nc%c9%99y%c9%99-m%c9%99ruz-qaldigini-bildirir\\\/\"]}]},{\"@type\":\"ImageObject\",\"inLanguage\":\"az\",\"@id\":\"https:\\\/\\\/www.meydan.tv\\\/az\\\/article\\\/eli-k%c9%99rimli-muhafiz%c9%99cisinin-13-saat-isg%c9%99nc%c9%99y%c9%99-m%c9%99ruz-qaldigini-bildirir\\\/#primaryimage\",\"url\":\"https:\\\/\\\/www.meydan.tv\\\/wp-content\\\/uploads\\\/image-from-ios-3-1.jpg\",\"contentUrl\":\"https:\\\/\\\/www.meydan.tv\\\/wp-content\\\/uploads\\\/image-from-ios-3-1.jpg\",\"width\":2000,\"height\":1333,\"caption\":\"\u0130ll\u00fcstrasiya: Meydan TV\"},{\"@type\":\"BreadcrumbList\",\"@id\":\"https:\\\/\\\/www.meydan.tv\\\/az\\\/article\\\/eli-k%c9%99rimli-muhafiz%c9%99cisinin-13-saat-isg%c9%99nc%c9%99y%c9%99-m%c9%99ruz-qaldigini-bildirir\\\/#breadcrumb\",\"itemListElement\":[{\"@type\":\"ListItem\",\"position\":1,\"name\":\"Ana s\u0259hif\u0259\",\"item\":\"https:\\\/\\\/www.meydan.tv\\\/az\\\/\"},{\"@type\":\"ListItem\",\"position\":2,\"name\":\"X\u0259b\u0259rl\u0259r\",\"item\":\"https:\\\/\\\/www.meydan.tv\\\/az\\\/section\\\/xeberler\\\/\"},{\"@type\":\"ListItem\",\"position\":3,\"name\":\"\u018fli K\u0259rimli m\u00fchafiz\u0259\u00e7isinin 13 saat i\u015fg\u0259nc\u0259y\u0259 m\u0259ruz qald\u0131\u011f\u0131n\u0131 bildirir\u00a0\"}]},{\"@type\":\"WebSite\",\"@id\":\"https:\\\/\\\/www.meydan.tv\\\/az\\\/#website\",\"url\":\"https:\\\/\\\/www.meydan.tv\\\/az\\\/\",\"name\":\"MEYDAN.TV\",\"description\":\"Meydan TV Az\u0259rbaycan\u0131n media m\u0259kan\u0131ndak\u0131 alternativ s\u0259sidir\",\"publisher\":{\"@id\":\"https:\\\/\\\/www.meydan.tv\\\/az\\\/#organization\"},\"potentialAction\":[{\"@type\":\"SearchAction\",\"target\":{\"@type\":\"EntryPoint\",\"urlTemplate\":\"https:\\\/\\\/www.meydan.tv\\\/az\\\/?s={search_term_string}\"},\"query-input\":{\"@type\":\"PropertyValueSpecification\",\"valueRequired\":true,\"valueName\":\"search_term_string\"}}],\"inLanguage\":\"az\"},{\"@type\":\"Organization\",\"@id\":\"https:\\\/\\\/www.meydan.tv\\\/az\\\/#organization\",\"name\":\"Meydan TV\",\"url\":\"https:\\\/\\\/www.meydan.tv\\\/az\\\/\",\"logo\":{\"@type\":\"ImageObject\",\"inLanguage\":\"az\",\"@id\":\"https:\\\/\\\/www.meydan.tv\\\/az\\\/#\\\/schema\\\/logo\\\/image\\\/\",\"url\":\"https:\\\/\\\/www.meydan.tv\\\/wp-content\\\/uploads\\\/2021\\\/07\\\/meydan-logo.svg\",\"contentUrl\":\"https:\\\/\\\/www.meydan.tv\\\/wp-content\\\/uploads\\\/2021\\\/07\\\/meydan-logo.svg\",\"width\":195,\"height\":46,\"caption\":\"Meydan TV\"},\"image\":{\"@id\":\"https:\\\/\\\/www.meydan.tv\\\/az\\\/#\\\/schema\\\/logo\\\/image\\\/\"}},{\"@type\":\"Person\",\"@id\":\"https:\\\/\\\/www.meydan.tv\\\/az\\\/#\\\/schema\\\/person\\\/49b5f2bad5b126bb8ea9320eeb3e4dc9\",\"name\":\"sevda\"}]}<\/script>\n<!-- \/ Yoast SEO plugin. -->","yoast_head_json":{"title":"\u018fli K\u0259rimli m\u00fchafiz\u0259\u00e7isinin 13 saat i\u015fg\u0259nc\u0259y\u0259 m\u0259ruz qald\u0131\u011f\u0131n\u0131 bildirir\u00a0 - MEYDAN.TV","robots":{"index":"index","follow":"follow","max-snippet":"max-snippet:-1","max-image-preview":"max-image-preview:large","max-video-preview":"max-video-preview:-1"},"canonical":"https:\/\/www.meydan.tv\/az\/article\/eli-k%c9%99rimli-muhafiz%c9%99cisinin-13-saat-isg%c9%99nc%c9%99y%c9%99-m%c9%99ruz-qaldigini-bildirir\/","og_locale":"az_AZ","og_type":"article","og_title":"\u018fli K\u0259rimli m\u00fchafiz\u0259\u00e7isinin 13 saat i\u015fg\u0259nc\u0259y\u0259 m\u0259ruz qald\u0131\u011f\u0131n\u0131 bildirir\u00a0 - MEYDAN.TV","og_description":"AXCP s\u0259dri m\u00fchafiz\u0259\u00e7isin\u0259 qar\u015f\u0131 ir\u0259li s\u00fcr\u00fcl\u0259n &#8220;d\u0259l\u0259duzluq&#8221; ittiham\u0131n\u0131 \u201cqurama, h\u0259yas\u0131z, ... Davam\u0131","og_url":"https:\/\/www.meydan.tv\/az\/article\/eli-k%c9%99rimli-muhafiz%c9%99cisinin-13-saat-isg%c9%99nc%c9%99y%c9%99-m%c9%99ruz-qaldigini-bildirir\/","og_site_name":"MEYDAN.TV","article_published_time":"2025-05-27T12:34:25+00:00","article_modified_time":"2025-05-27T12:34:27+00:00","og_image":[{"width":2000,"height":1333,"url":"https:\/\/www.meydan.tv\/wp-content\/uploads\/image-from-ios-3-1.jpg","type":"image\/jpeg"}],"author":"sevda","twitter_card":"summary_large_image","schema":{"@context":"https:\/\/schema.org","@graph":[{"@type":"Article","@id":"https:\/\/www.meydan.tv\/az\/article\/eli-k%c9%99rimli-muhafiz%c9%99cisinin-13-saat-isg%c9%99nc%c9%99y%c9%99-m%c9%99ruz-qaldigini-bildirir\/#article","isPartOf":{"@id":"https:\/\/www.meydan.tv\/az\/article\/eli-k%c9%99rimli-muhafiz%c9%99cisinin-13-saat-isg%c9%99nc%c9%99y%c9%99-m%c9%99ruz-qaldigini-bildirir\/"},"author":{"name":"sevda","@id":"https:\/\/www.meydan.tv\/az\/#\/schema\/person\/49b5f2bad5b126bb8ea9320eeb3e4dc9"},"headline":"\u018fli K\u0259rimli m\u00fchafiz\u0259\u00e7isinin 13 saat i\u015fg\u0259nc\u0259y\u0259 m\u0259ruz qald\u0131\u011f\u0131n\u0131 bildirir\u00a0","datePublished":"2025-05-27T12:34:25+00:00","dateModified":"2025-05-27T12:34:27+00:00","mainEntityOfPage":{"@id":"https:\/\/www.meydan.tv\/az\/article\/eli-k%c9%99rimli-muhafiz%c9%99cisinin-13-saat-isg%c9%99nc%c9%99y%c9%99-m%c9%99ruz-qaldigini-bildirir\/"},"wordCount":503,"publisher":{"@id":"https:\/\/www.meydan.tv\/az\/#organization"},"image":{"@id":"https:\/\/www.meydan.tv\/az\/article\/eli-k%c9%99rimli-muhafiz%c9%99cisinin-13-saat-isg%c9%99nc%c9%99y%c9%99-m%c9%99ruz-qaldigini-bildirir\/#primaryimage"},"thumbnailUrl":"https:\/\/www.meydan.tv\/wp-content\/uploads\/image-from-ios-3-1.jpg","articleSection":["T\u00f6vsiy\u0259","X\u0259b\u0259rl\u0259r"],"inLanguage":"az"},{"@type":"WebPage","@id":"https:\/\/www.meydan.tv\/az\/article\/eli-k%c9%99rimli-muhafiz%c9%99cisinin-13-saat-isg%c9%99nc%c9%99y%c9%99-m%c9%99ruz-qaldigini-bildirir\/","url":"https:\/\/www.meydan.tv\/az\/article\/eli-k%c9%99rimli-muhafiz%c9%99cisinin-13-saat-isg%c9%99nc%c9%99y%c9%99-m%c9%99ruz-qaldigini-bildirir\/","name":"\u018fli K\u0259rimli m\u00fchafiz\u0259\u00e7isinin 13 saat i\u015fg\u0259nc\u0259y\u0259 m\u0259ruz qald\u0131\u011f\u0131n\u0131 bildirir\u00a0 - MEYDAN.TV","isPartOf":{"@id":"https:\/\/www.meydan.tv\/az\/#website"},"primaryImageOfPage":{"@id":"https:\/\/www.meydan.tv\/az\/article\/eli-k%c9%99rimli-muhafiz%c9%99cisinin-13-saat-isg%c9%99nc%c9%99y%c9%99-m%c9%99ruz-qaldigini-bildirir\/#primaryimage"},"image":{"@id":"https:\/\/www.meydan.tv\/az\/article\/eli-k%c9%99rimli-muhafiz%c9%99cisinin-13-saat-isg%c9%99nc%c9%99y%c9%99-m%c9%99ruz-qaldigini-bildirir\/#primaryimage"},"thumbnailUrl":"https:\/\/www.meydan.tv\/wp-content\/uploads\/image-from-ios-3-1.jpg","datePublished":"2025-05-27T12:34:25+00:00","dateModified":"2025-05-27T12:34:27+00:00","breadcrumb":{"@id":"https:\/\/www.meydan.tv\/az\/article\/eli-k%c9%99rimli-muhafiz%c9%99cisinin-13-saat-isg%c9%99nc%c9%99y%c9%99-m%c9%99ruz-qaldigini-bildirir\/#breadcrumb"},"inLanguage":"az","potentialAction":[{"@type":"ReadAction","target":["https:\/\/www.meydan.tv\/az\/article\/eli-k%c9%99rimli-muhafiz%c9%99cisinin-13-saat-isg%c9%99nc%c9%99y%c9%99-m%c9%99ruz-qaldigini-bildirir\/"]}]},{"@type":"ImageObject","inLanguage":"az","@id":"https:\/\/www.meydan.tv\/az\/article\/eli-k%c9%99rimli-muhafiz%c9%99cisinin-13-saat-isg%c9%99nc%c9%99y%c9%99-m%c9%99ruz-qaldigini-bildirir\/#primaryimage","url":"https:\/\/www.meydan.tv\/wp-content\/uploads\/image-from-ios-3-1.jpg","contentUrl":"https:\/\/www.meydan.tv\/wp-content\/uploads\/image-from-ios-3-1.jpg","width":2000,"height":1333,"caption":"\u0130ll\u00fcstrasiya: Meydan TV"},{"@type":"BreadcrumbList","@id":"https:\/\/www.meydan.tv\/az\/article\/eli-k%c9%99rimli-muhafiz%c9%99cisinin-13-saat-isg%c9%99nc%c9%99y%c9%99-m%c9%99ruz-qaldigini-bildirir\/#breadcrumb","itemListElement":[{"@type":"ListItem","position":1,"name":"Ana s\u0259hif\u0259","item":"https:\/\/www.meydan.tv\/az\/"},{"@type":"ListItem","position":2,"name":"X\u0259b\u0259rl\u0259r","item":"https:\/\/www.meydan.tv\/az\/section\/xeberler\/"},{"@type":"ListItem","position":3,"name":"\u018fli K\u0259rimli m\u00fchafiz\u0259\u00e7isinin 13 saat i\u015fg\u0259nc\u0259y\u0259 m\u0259ruz qald\u0131\u011f\u0131n\u0131 bildirir\u00a0"}]},{"@type":"WebSite","@id":"https:\/\/www.meydan.tv\/az\/#website","url":"https:\/\/www.meydan.tv\/az\/","name":"MEYDAN.TV","description":"Meydan TV Az\u0259rbaycan\u0131n media m\u0259kan\u0131ndak\u0131 alternativ s\u0259sidir","publisher":{"@id":"https:\/\/www.meydan.tv\/az\/#organization"},"potentialAction":[{"@type":"SearchAction","target":{"@type":"EntryPoint","urlTemplate":"https:\/\/www.meydan.tv\/az\/?s={search_term_string}"},"query-input":{"@type":"PropertyValueSpecification","valueRequired":true,"valueName":"search_term_string"}}],"inLanguage":"az"},{"@type":"Organization","@id":"https:\/\/www.meydan.tv\/az\/#organization","name":"Meydan TV","url":"https:\/\/www.meydan.tv\/az\/","logo":{"@type":"ImageObject","inLanguage":"az","@id":"https:\/\/www.meydan.tv\/az\/#\/schema\/logo\/image\/","url":"https:\/\/www.meydan.tv\/wp-content\/uploads\/2021\/07\/meydan-logo.svg","contentUrl":"https:\/\/www.meydan.tv\/wp-content\/uploads\/2021\/07\/meydan-logo.svg","width":195,"height":46,"caption":"Meydan TV"},"image":{"@id":"https:\/\/www.meydan.tv\/az\/#\/schema\/logo\/image\/"}},{"@type":"Person","@id":"https:\/\/www.meydan.tv\/az\/#\/schema\/person\/49b5f2bad5b126bb8ea9320eeb3e4dc9","name":"sevda"}]}},"_links":{"self":[{"href":"https:\/\/www.meydan.tv\/az\/wp-json\/wp\/v2\/posts\/331048","targetHints":{"allow":["GET"]}}],"collection":[{"href":"https:\/\/www.meydan.tv\/az\/wp-json\/wp\/v2\/posts"}],"about":[{"href":"https:\/\/www.meydan.tv\/az\/wp-json\/wp\/v2\/types\/post"}],"author":[{"embeddable":true,"href":"https:\/\/www.meydan.tv\/az\/wp-json\/wp\/v2\/users\/16"}],"replies":[{"embeddable":true,"href":"https:\/\/www.meydan.tv\/az\/wp-json\/wp\/v2\/comments?post=331048"}],"version-history":[{"count":4,"href":"https:\/\/www.meydan.tv\/az\/wp-json\/wp\/v2\/posts\/331048\/revisions"}],"predecessor-version":[{"id":331077,"href":"https:\/\/www.meydan.tv\/az\/wp-json\/wp\/v2\/posts\/331048\/revisions\/331077"}],"wp:featuredmedia":[{"embeddable":true,"href":"https:\/\/www.meydan.tv\/az\/wp-json\/wp\/v2\/media\/242600"}],"wp:attachment":[{"href":"https:\/\/www.meydan.tv\/az\/wp-json\/wp\/v2\/media?parent=331048"}],"wp:term":[{"taxonomy":"category","embeddable":true,"href":"https:\/\/www.meydan.tv\/az\/wp-json\/wp\/v2\/categories?post=331048"},{"taxonomy":"post_tag","embeddable":true,"href":"https:\/\/www.meydan.tv\/az\/wp-json\/wp\/v2\/tags?post=331048"}],"curies":[{"name":"wp","href":"https:\/\/api.w.org\/{rel}","templated":true}]}}