{"id":331019,"date":"2025-05-26T19:51:43","date_gmt":"2025-05-26T15:51:43","guid":{"rendered":"https:\/\/www.meydan.tv\/?p=331019"},"modified":"2025-05-26T19:51:47","modified_gmt":"2025-05-26T15:51:47","slug":"audiovizual-sura-arb-telekanalinaelgizl%c9%99-izl%c9%99-verilisi-il%c9%99-bagli-x%c9%99b%c9%99rdarliq-edib","status":"publish","type":"post","link":"https:\/\/www.meydan.tv\/az\/article\/audiovizual-sura-arb-telekanalinaelgizl%c9%99-izl%c9%99-verilisi-il%c9%99-bagli-x%c9%99b%c9%99rdarliq-edib\/","title":{"rendered":"Audiovizual \u015eura \u201cElgizl\u0259 izl\u0259\u201d verili\u015fi il\u0259 ba\u011fl\u0131 x\u0259b\u0259rdarl\u0131q edib"},"content":{"rendered":"\n<p><strong><em>\u015euran\u0131n m\u00fct\u0259x\u0259ssisl\u0259ri  verili\u015fd\u0259 \u201cMedia haqq\u0131nda\u201d Qanunun 14.1.4-c\u00fc madd\u0259sinin pozuldu\u011funu bildirirl\u0259r <\/em><\/strong><\/p>\n\n\n\n<p>Audiovizual \u015eura \u201cARB\u201d telekanal\u0131nda yay\u0131mlanan \u201cElgizl\u0259 izl\u0259\u201d verili\u015fi il\u0259 ba\u011fl\u0131 telekanala\u00a0x\u0259b\u0259rdarl\u0131q <a href=\"https:\/\/acra.gov.az\/az\/xeberler\/1379\" target=\"_blank\" rel=\"noreferrer noopener\">edib<\/a>.<br><br>\u015euran\u0131n may\u0131n 26-da ke\u00e7iril\u0259n onlayn iclas\u0131nda may\u0131n 21-d\u0259 yay\u0131mlanan burax\u0131l\u0131\u015fda s\u0259sl\u0259ndiril\u0259n fikirl\u0259rin cinsi (gender) ayr\u0131-se\u00e7kiliy\u0259 yol a\u00e7d\u0131\u011f\u0131 qeyd edilib.<br><br>\u015euran\u0131n m\u0259lumat\u0131nda <a href=\"https:\/\/www.facebook.com\/zenenxeylagi\/videos\/562562540229089\/?rdid=qNEreMOXvCMoP4t3#\" target=\"_blank\" rel=\"noreferrer noopener\">qeyd olunur <\/a>ki, proqramda ki\u015fi-qad\u0131n v\u0259 ail\u0259 m\u00fcnasib\u0259tl\u0259ri m\u00f6vzusunda apar\u0131lan m\u00fczakir\u0259l\u0259r zaman\u0131 apar\u0131c\u0131 v\u0259 qonaq t\u0259r\u0259find\u0259n \u201cQad\u0131n\u0131 \u00f6zba\u015f\u0131na buraxmaq olmaz. Bunu qad\u0131nlar \u00f6zl\u0259ri d\u0259 etiraf edirl\u0259r ki, qad\u0131n\u0131 ki, \u00f6zba\u015f\u0131na buraxd\u0131n, evin y\u0131x\u0131ld\u0131. Qurtard\u0131 e&#8230;\u201d, \u201c\u00dcmumiyy\u0259tl\u0259 deyirl\u0259r ki, qad\u0131n\u0131 tan\u0131maq \u00fc\u00e7\u00fcn qad\u0131na pul verm\u0259k laz\u0131md\u0131r v\u0259 bir d\u0259 azadl\u0131q verm\u0259k laz\u0131md\u0131r. Onda siz qad\u0131n\u0131 \u00e7ox yax\u015f\u0131 tan\u0131yacaqs\u0131n\u0131z\u201d, \u201cAzadl\u0131q da ver, pul da ver. O qad\u0131n\u0131n sonra \u0259l-aya\u011f\u0131n\u0131 y\u0131\u011f\u0131\u015fd\u0131rmaq olar? Pulu da ver\u0259s\u0259n, azadl\u0131\u011f\u0131 da ver\u0259s\u0259n&#8230;\u201d &#8211; kimi fikirl\u0259r s\u0259sl\u0259ndirilib v\u0259 bu ifad\u0259l\u0259rin cinsi ayr\u0131se\u00e7kilik yaratd\u0131\u011f\u0131 vur\u011fulan\u0131b.<br><br>\u015eura aparat\u0131n\u0131n Audiovizual proqramlar\u0131n monitorinqi v\u0259 t\u0259hlili \u015f\u00f6b\u0259sinin m\u00fct\u0259x\u0259ssisl\u0259ri bu fikirl\u0259ri \u201cMedia haqq\u0131nda\u201d Qanunun 14.1.4-c\u00fc madd\u0259sinin pozulmas\u0131 &#8211; cinsi (gender) ayr\u0131se\u00e7kiliyinin t\u0259bli\u011fi kimi qeyd\u0259 al\u0131b.<br><br>Audiovizual \u015eura ARB kanal\u0131na x\u0259b\u0259rdarl\u0131q edib v\u0259 b\u00fct\u00fcn yay\u0131m\u00e7\u0131lardan bu c\u00fcr m\u00fczakir\u0259l\u0259r zaman\u0131 qanunvericiliyin t\u0259l\u0259bl\u0259rin\u0259 riay\u0259t etm\u0259l\u0259ri t\u0259l\u0259b olunub.<br><br>Audiovizual \u015eura son ill\u0259rd\u0259 tez-tez yerli telekanallara x\u0259b\u0259rdarl\u0131q edir.<br><br>Bu x\u0259b\u0259rdarl\u0131qlar \u0259sas\u0259n \u201cMedia haqq\u0131nda\u201d qanunun m\u00fcxt\u0259lif madd\u0259l\u0259rinin, h\u0259m\u00e7inin d\u0259 \u201cReklam haqq\u0131nda\u201d qanunun pozulmas\u0131 il\u0259 \u0259laq\u0259dar olur.<br><br>\u015eura m\u00fc\u0259yy\u0259n hallarda televiziya kanallar\u0131n\u0131n proqramlar\u0131n\u0131n yay\u0131m\u0131n\u0131 bir ne\u00e7\u0259 saatl\u0131q dayand\u0131r\u0131r.<br><br>2023-c\u00fc ilin aprelind\u0259 ARB telekanal\u0131n\u0131n reklam qanunvericiliyini pozdu\u011funa g\u00f6r\u0259 proqramlar\u0131n\u0131n efiri 3 saat m\u00fcdd\u0259tin\u0259 dayand\u0131r\u0131l\u0131b.<br><br>\u201c\u0130ctimai Televiziya\u201dda yay\u0131mlanan \u201cAlatava\u201d serial\u0131 il\u0259 ba\u011fl\u0131 da \u015eura t\u0259r\u0259find\u0259n ciddi iradlar bildirilib v\u0259 yay\u0131m\u0131n dayand\u0131r\u0131lmas\u0131 t\u00f6vsiy\u0259 olunub.<br><br>\u015eura bildirir ki, bel\u0259 hallarda m\u0259qs\u0259d televiziya m\u0259zmununun qanunvericiliy\u0259 v\u0259 ictimai etik normalara uy\u011funlu\u011funu t\u0259min etm\u0259kdir.<\/p>\n","protected":false},"excerpt":{"rendered":"<p>\u015euran\u0131n m\u00fct\u0259x\u0259ssisl\u0259ri verili\u015fd\u0259 \u201cMedia haqq\u0131nda\u201d Qanunun 14.1.4-c\u00fc madd\u0259sinin pozuldu\u011funu bildirirl\u0259r &#8230; <\/p>\n<p class=\"read-more-container\"><a title=\"Audiovizual \u015eura \u201cElgizl\u0259 izl\u0259\u201d verili\u015fi il\u0259 ba\u011fl\u0131 x\u0259b\u0259rdarl\u0131q edib\" class=\"read-more button\" href=\"https:\/\/www.meydan.tv\/az\/article\/audiovizual-sura-arb-telekanalinaelgizl%c9%99-izl%c9%99-verilisi-il%c9%99-bagli-x%c9%99b%c9%99rdarliq-edib\/#more-331019\" aria-label=\"Read more about Audiovizual \u015eura \u201cElgizl\u0259 izl\u0259\u201d verili\u015fi il\u0259 ba\u011fl\u0131 x\u0259b\u0259rdarl\u0131q edib\">Davam\u0131<\/a><\/p>\n","protected":false},"author":16,"featured_media":331022,"comment_status":"closed","ping_status":"closed","sticky":false,"template":"","format":"standard","meta":{"_acf_changed":false,"_sitemap_exclude":false,"_sitemap_priority":"","_sitemap_frequency":"","footnotes":""},"categories":[62,79,56],"tags":[],"class_list":["post-331019","post","type-post","status-publish","format-standard","has-post-thumbnail","hentry","category-sosial","category-featured","category-xeberler","infinite-scroll-item","generate-columns","tablet-grid-50","mobile-grid-100","grid-parent","grid-33","no-featured-image-padding"],"acf":[],"yoast_head":"<!-- This site is optimized with the Yoast SEO plugin v27.4 - https:\/\/yoast.com\/product\/yoast-seo-wordpress\/ -->\n<title>Audiovizual \u015eura \u201cElgizl\u0259 izl\u0259\u201d verili\u015fi il\u0259 ba\u011fl\u0131 x\u0259b\u0259rdarl\u0131q edib - MEYDAN.TV<\/title>\n<meta name=\"robots\" content=\"index, follow, max-snippet:-1, max-image-preview:large, max-video-preview:-1\" \/>\n<link rel=\"canonical\" href=\"https:\/\/www.meydan.tv\/az\/article\/audiovizual-sura-arb-telekanalinaelgizl%c9%99-izl%c9%99-verilisi-il%c9%99-bagli-x%c9%99b%c9%99rdarliq-edib\/\" \/>\n<meta property=\"og:locale\" content=\"az_AZ\" \/>\n<meta property=\"og:type\" content=\"article\" \/>\n<meta property=\"og:title\" content=\"Audiovizual \u015eura \u201cElgizl\u0259 izl\u0259\u201d verili\u015fi il\u0259 ba\u011fl\u0131 x\u0259b\u0259rdarl\u0131q edib - MEYDAN.TV\" \/>\n<meta property=\"og:description\" content=\"\u015euran\u0131n m\u00fct\u0259x\u0259ssisl\u0259ri verili\u015fd\u0259 \u201cMedia haqq\u0131nda\u201d Qanunun 14.1.4-c\u00fc madd\u0259sinin pozuldu\u011funu bildirirl\u0259r ... Davam\u0131\" \/>\n<meta property=\"og:url\" content=\"https:\/\/www.meydan.tv\/az\/article\/audiovizual-sura-arb-telekanalinaelgizl%c9%99-izl%c9%99-verilisi-il%c9%99-bagli-x%c9%99b%c9%99rdarliq-edib\/\" \/>\n<meta property=\"og:site_name\" content=\"MEYDAN.TV\" \/>\n<meta property=\"article:published_time\" content=\"2025-05-26T15:51:43+00:00\" \/>\n<meta property=\"article:modified_time\" content=\"2025-05-26T15:51:47+00:00\" \/>\n<meta property=\"og:image\" content=\"https:\/\/www.meydan.tv\/wp-content\/uploads\/shutterstock_731073715.jpg\" \/>\n\t<meta property=\"og:image:width\" content=\"1000\" \/>\n\t<meta property=\"og:image:height\" content=\"648\" \/>\n\t<meta property=\"og:image:type\" content=\"image\/jpeg\" \/>\n<meta name=\"author\" content=\"sevda\" \/>\n<meta name=\"twitter:card\" content=\"summary_large_image\" \/>\n<script type=\"application\/ld+json\" class=\"yoast-schema-graph\">{\"@context\":\"https:\\\/\\\/schema.org\",\"@graph\":[{\"@type\":\"Article\",\"@id\":\"https:\\\/\\\/www.meydan.tv\\\/az\\\/article\\\/audiovizual-sura-arb-telekanalinaelgizl%c9%99-izl%c9%99-verilisi-il%c9%99-bagli-x%c9%99b%c9%99rdarliq-edib\\\/#article\",\"isPartOf\":{\"@id\":\"https:\\\/\\\/www.meydan.tv\\\/az\\\/article\\\/audiovizual-sura-arb-telekanalinaelgizl%c9%99-izl%c9%99-verilisi-il%c9%99-bagli-x%c9%99b%c9%99rdarliq-edib\\\/\"},\"author\":{\"name\":\"sevda\",\"@id\":\"https:\\\/\\\/www.meydan.tv\\\/az\\\/#\\\/schema\\\/person\\\/49b5f2bad5b126bb8ea9320eeb3e4dc9\"},\"headline\":\"Audiovizual \u015eura \u201cElgizl\u0259 izl\u0259\u201d verili\u015fi il\u0259 ba\u011fl\u0131 x\u0259b\u0259rdarl\u0131q edib\",\"datePublished\":\"2025-05-26T15:51:43+00:00\",\"dateModified\":\"2025-05-26T15:51:47+00:00\",\"mainEntityOfPage\":{\"@id\":\"https:\\\/\\\/www.meydan.tv\\\/az\\\/article\\\/audiovizual-sura-arb-telekanalinaelgizl%c9%99-izl%c9%99-verilisi-il%c9%99-bagli-x%c9%99b%c9%99rdarliq-edib\\\/\"},\"wordCount\":462,\"publisher\":{\"@id\":\"https:\\\/\\\/www.meydan.tv\\\/az\\\/#organization\"},\"image\":{\"@id\":\"https:\\\/\\\/www.meydan.tv\\\/az\\\/article\\\/audiovizual-sura-arb-telekanalinaelgizl%c9%99-izl%c9%99-verilisi-il%c9%99-bagli-x%c9%99b%c9%99rdarliq-edib\\\/#primaryimage\"},\"thumbnailUrl\":\"https:\\\/\\\/www.meydan.tv\\\/wp-content\\\/uploads\\\/shutterstock_731073715.jpg\",\"articleSection\":[\"Sosial\",\"T\u00f6vsiy\u0259\",\"X\u0259b\u0259rl\u0259r\"],\"inLanguage\":\"az\"},{\"@type\":\"WebPage\",\"@id\":\"https:\\\/\\\/www.meydan.tv\\\/az\\\/article\\\/audiovizual-sura-arb-telekanalinaelgizl%c9%99-izl%c9%99-verilisi-il%c9%99-bagli-x%c9%99b%c9%99rdarliq-edib\\\/\",\"url\":\"https:\\\/\\\/www.meydan.tv\\\/az\\\/article\\\/audiovizual-sura-arb-telekanalinaelgizl%c9%99-izl%c9%99-verilisi-il%c9%99-bagli-x%c9%99b%c9%99rdarliq-edib\\\/\",\"name\":\"Audiovizual \u015eura \u201cElgizl\u0259 izl\u0259\u201d verili\u015fi il\u0259 ba\u011fl\u0131 x\u0259b\u0259rdarl\u0131q edib - MEYDAN.TV\",\"isPartOf\":{\"@id\":\"https:\\\/\\\/www.meydan.tv\\\/az\\\/#website\"},\"primaryImageOfPage\":{\"@id\":\"https:\\\/\\\/www.meydan.tv\\\/az\\\/article\\\/audiovizual-sura-arb-telekanalinaelgizl%c9%99-izl%c9%99-verilisi-il%c9%99-bagli-x%c9%99b%c9%99rdarliq-edib\\\/#primaryimage\"},\"image\":{\"@id\":\"https:\\\/\\\/www.meydan.tv\\\/az\\\/article\\\/audiovizual-sura-arb-telekanalinaelgizl%c9%99-izl%c9%99-verilisi-il%c9%99-bagli-x%c9%99b%c9%99rdarliq-edib\\\/#primaryimage\"},\"thumbnailUrl\":\"https:\\\/\\\/www.meydan.tv\\\/wp-content\\\/uploads\\\/shutterstock_731073715.jpg\",\"datePublished\":\"2025-05-26T15:51:43+00:00\",\"dateModified\":\"2025-05-26T15:51:47+00:00\",\"breadcrumb\":{\"@id\":\"https:\\\/\\\/www.meydan.tv\\\/az\\\/article\\\/audiovizual-sura-arb-telekanalinaelgizl%c9%99-izl%c9%99-verilisi-il%c9%99-bagli-x%c9%99b%c9%99rdarliq-edib\\\/#breadcrumb\"},\"inLanguage\":\"az\",\"potentialAction\":[{\"@type\":\"ReadAction\",\"target\":[\"https:\\\/\\\/www.meydan.tv\\\/az\\\/article\\\/audiovizual-sura-arb-telekanalinaelgizl%c9%99-izl%c9%99-verilisi-il%c9%99-bagli-x%c9%99b%c9%99rdarliq-edib\\\/\"]}]},{\"@type\":\"ImageObject\",\"inLanguage\":\"az\",\"@id\":\"https:\\\/\\\/www.meydan.tv\\\/az\\\/article\\\/audiovizual-sura-arb-telekanalinaelgizl%c9%99-izl%c9%99-verilisi-il%c9%99-bagli-x%c9%99b%c9%99rdarliq-edib\\\/#primaryimage\",\"url\":\"https:\\\/\\\/www.meydan.tv\\\/wp-content\\\/uploads\\\/shutterstock_731073715.jpg\",\"contentUrl\":\"https:\\\/\\\/www.meydan.tv\\\/wp-content\\\/uploads\\\/shutterstock_731073715.jpg\",\"width\":1000,\"height\":648,\"caption\":\"Foto: r.classen\\\\shutterstock\"},{\"@type\":\"BreadcrumbList\",\"@id\":\"https:\\\/\\\/www.meydan.tv\\\/az\\\/article\\\/audiovizual-sura-arb-telekanalinaelgizl%c9%99-izl%c9%99-verilisi-il%c9%99-bagli-x%c9%99b%c9%99rdarliq-edib\\\/#breadcrumb\",\"itemListElement\":[{\"@type\":\"ListItem\",\"position\":1,\"name\":\"Ana s\u0259hif\u0259\",\"item\":\"https:\\\/\\\/www.meydan.tv\\\/az\\\/\"},{\"@type\":\"ListItem\",\"position\":2,\"name\":\"X\u0259b\u0259rl\u0259r\",\"item\":\"https:\\\/\\\/www.meydan.tv\\\/az\\\/section\\\/xeberler\\\/\"},{\"@type\":\"ListItem\",\"position\":3,\"name\":\"Audiovizual \u015eura \u201cElgizl\u0259 izl\u0259\u201d verili\u015fi il\u0259 ba\u011fl\u0131 x\u0259b\u0259rdarl\u0131q edib\"}]},{\"@type\":\"WebSite\",\"@id\":\"https:\\\/\\\/www.meydan.tv\\\/az\\\/#website\",\"url\":\"https:\\\/\\\/www.meydan.tv\\\/az\\\/\",\"name\":\"MEYDAN.TV\",\"description\":\"Meydan TV Az\u0259rbaycan\u0131n media m\u0259kan\u0131ndak\u0131 alternativ s\u0259sidir\",\"publisher\":{\"@id\":\"https:\\\/\\\/www.meydan.tv\\\/az\\\/#organization\"},\"potentialAction\":[{\"@type\":\"SearchAction\",\"target\":{\"@type\":\"EntryPoint\",\"urlTemplate\":\"https:\\\/\\\/www.meydan.tv\\\/az\\\/?s={search_term_string}\"},\"query-input\":{\"@type\":\"PropertyValueSpecification\",\"valueRequired\":true,\"valueName\":\"search_term_string\"}}],\"inLanguage\":\"az\"},{\"@type\":\"Organization\",\"@id\":\"https:\\\/\\\/www.meydan.tv\\\/az\\\/#organization\",\"name\":\"Meydan TV\",\"url\":\"https:\\\/\\\/www.meydan.tv\\\/az\\\/\",\"logo\":{\"@type\":\"ImageObject\",\"inLanguage\":\"az\",\"@id\":\"https:\\\/\\\/www.meydan.tv\\\/az\\\/#\\\/schema\\\/logo\\\/image\\\/\",\"url\":\"https:\\\/\\\/www.meydan.tv\\\/wp-content\\\/uploads\\\/2021\\\/07\\\/meydan-logo.svg\",\"contentUrl\":\"https:\\\/\\\/www.meydan.tv\\\/wp-content\\\/uploads\\\/2021\\\/07\\\/meydan-logo.svg\",\"width\":195,\"height\":46,\"caption\":\"Meydan TV\"},\"image\":{\"@id\":\"https:\\\/\\\/www.meydan.tv\\\/az\\\/#\\\/schema\\\/logo\\\/image\\\/\"}},{\"@type\":\"Person\",\"@id\":\"https:\\\/\\\/www.meydan.tv\\\/az\\\/#\\\/schema\\\/person\\\/49b5f2bad5b126bb8ea9320eeb3e4dc9\",\"name\":\"sevda\"}]}<\/script>\n<!-- \/ Yoast SEO plugin. -->","yoast_head_json":{"title":"Audiovizual \u015eura \u201cElgizl\u0259 izl\u0259\u201d verili\u015fi il\u0259 ba\u011fl\u0131 x\u0259b\u0259rdarl\u0131q edib - MEYDAN.TV","robots":{"index":"index","follow":"follow","max-snippet":"max-snippet:-1","max-image-preview":"max-image-preview:large","max-video-preview":"max-video-preview:-1"},"canonical":"https:\/\/www.meydan.tv\/az\/article\/audiovizual-sura-arb-telekanalinaelgizl%c9%99-izl%c9%99-verilisi-il%c9%99-bagli-x%c9%99b%c9%99rdarliq-edib\/","og_locale":"az_AZ","og_type":"article","og_title":"Audiovizual \u015eura \u201cElgizl\u0259 izl\u0259\u201d verili\u015fi il\u0259 ba\u011fl\u0131 x\u0259b\u0259rdarl\u0131q edib - MEYDAN.TV","og_description":"\u015euran\u0131n m\u00fct\u0259x\u0259ssisl\u0259ri verili\u015fd\u0259 \u201cMedia haqq\u0131nda\u201d Qanunun 14.1.4-c\u00fc madd\u0259sinin pozuldu\u011funu bildirirl\u0259r ... Davam\u0131","og_url":"https:\/\/www.meydan.tv\/az\/article\/audiovizual-sura-arb-telekanalinaelgizl%c9%99-izl%c9%99-verilisi-il%c9%99-bagli-x%c9%99b%c9%99rdarliq-edib\/","og_site_name":"MEYDAN.TV","article_published_time":"2025-05-26T15:51:43+00:00","article_modified_time":"2025-05-26T15:51:47+00:00","og_image":[{"width":1000,"height":648,"url":"https:\/\/www.meydan.tv\/wp-content\/uploads\/shutterstock_731073715.jpg","type":"image\/jpeg"}],"author":"sevda","twitter_card":"summary_large_image","schema":{"@context":"https:\/\/schema.org","@graph":[{"@type":"Article","@id":"https:\/\/www.meydan.tv\/az\/article\/audiovizual-sura-arb-telekanalinaelgizl%c9%99-izl%c9%99-verilisi-il%c9%99-bagli-x%c9%99b%c9%99rdarliq-edib\/#article","isPartOf":{"@id":"https:\/\/www.meydan.tv\/az\/article\/audiovizual-sura-arb-telekanalinaelgizl%c9%99-izl%c9%99-verilisi-il%c9%99-bagli-x%c9%99b%c9%99rdarliq-edib\/"},"author":{"name":"sevda","@id":"https:\/\/www.meydan.tv\/az\/#\/schema\/person\/49b5f2bad5b126bb8ea9320eeb3e4dc9"},"headline":"Audiovizual \u015eura \u201cElgizl\u0259 izl\u0259\u201d verili\u015fi il\u0259 ba\u011fl\u0131 x\u0259b\u0259rdarl\u0131q edib","datePublished":"2025-05-26T15:51:43+00:00","dateModified":"2025-05-26T15:51:47+00:00","mainEntityOfPage":{"@id":"https:\/\/www.meydan.tv\/az\/article\/audiovizual-sura-arb-telekanalinaelgizl%c9%99-izl%c9%99-verilisi-il%c9%99-bagli-x%c9%99b%c9%99rdarliq-edib\/"},"wordCount":462,"publisher":{"@id":"https:\/\/www.meydan.tv\/az\/#organization"},"image":{"@id":"https:\/\/www.meydan.tv\/az\/article\/audiovizual-sura-arb-telekanalinaelgizl%c9%99-izl%c9%99-verilisi-il%c9%99-bagli-x%c9%99b%c9%99rdarliq-edib\/#primaryimage"},"thumbnailUrl":"https:\/\/www.meydan.tv\/wp-content\/uploads\/shutterstock_731073715.jpg","articleSection":["Sosial","T\u00f6vsiy\u0259","X\u0259b\u0259rl\u0259r"],"inLanguage":"az"},{"@type":"WebPage","@id":"https:\/\/www.meydan.tv\/az\/article\/audiovizual-sura-arb-telekanalinaelgizl%c9%99-izl%c9%99-verilisi-il%c9%99-bagli-x%c9%99b%c9%99rdarliq-edib\/","url":"https:\/\/www.meydan.tv\/az\/article\/audiovizual-sura-arb-telekanalinaelgizl%c9%99-izl%c9%99-verilisi-il%c9%99-bagli-x%c9%99b%c9%99rdarliq-edib\/","name":"Audiovizual \u015eura \u201cElgizl\u0259 izl\u0259\u201d verili\u015fi il\u0259 ba\u011fl\u0131 x\u0259b\u0259rdarl\u0131q edib - MEYDAN.TV","isPartOf":{"@id":"https:\/\/www.meydan.tv\/az\/#website"},"primaryImageOfPage":{"@id":"https:\/\/www.meydan.tv\/az\/article\/audiovizual-sura-arb-telekanalinaelgizl%c9%99-izl%c9%99-verilisi-il%c9%99-bagli-x%c9%99b%c9%99rdarliq-edib\/#primaryimage"},"image":{"@id":"https:\/\/www.meydan.tv\/az\/article\/audiovizual-sura-arb-telekanalinaelgizl%c9%99-izl%c9%99-verilisi-il%c9%99-bagli-x%c9%99b%c9%99rdarliq-edib\/#primaryimage"},"thumbnailUrl":"https:\/\/www.meydan.tv\/wp-content\/uploads\/shutterstock_731073715.jpg","datePublished":"2025-05-26T15:51:43+00:00","dateModified":"2025-05-26T15:51:47+00:00","breadcrumb":{"@id":"https:\/\/www.meydan.tv\/az\/article\/audiovizual-sura-arb-telekanalinaelgizl%c9%99-izl%c9%99-verilisi-il%c9%99-bagli-x%c9%99b%c9%99rdarliq-edib\/#breadcrumb"},"inLanguage":"az","potentialAction":[{"@type":"ReadAction","target":["https:\/\/www.meydan.tv\/az\/article\/audiovizual-sura-arb-telekanalinaelgizl%c9%99-izl%c9%99-verilisi-il%c9%99-bagli-x%c9%99b%c9%99rdarliq-edib\/"]}]},{"@type":"ImageObject","inLanguage":"az","@id":"https:\/\/www.meydan.tv\/az\/article\/audiovizual-sura-arb-telekanalinaelgizl%c9%99-izl%c9%99-verilisi-il%c9%99-bagli-x%c9%99b%c9%99rdarliq-edib\/#primaryimage","url":"https:\/\/www.meydan.tv\/wp-content\/uploads\/shutterstock_731073715.jpg","contentUrl":"https:\/\/www.meydan.tv\/wp-content\/uploads\/shutterstock_731073715.jpg","width":1000,"height":648,"caption":"Foto: r.classen\\shutterstock"},{"@type":"BreadcrumbList","@id":"https:\/\/www.meydan.tv\/az\/article\/audiovizual-sura-arb-telekanalinaelgizl%c9%99-izl%c9%99-verilisi-il%c9%99-bagli-x%c9%99b%c9%99rdarliq-edib\/#breadcrumb","itemListElement":[{"@type":"ListItem","position":1,"name":"Ana s\u0259hif\u0259","item":"https:\/\/www.meydan.tv\/az\/"},{"@type":"ListItem","position":2,"name":"X\u0259b\u0259rl\u0259r","item":"https:\/\/www.meydan.tv\/az\/section\/xeberler\/"},{"@type":"ListItem","position":3,"name":"Audiovizual \u015eura \u201cElgizl\u0259 izl\u0259\u201d verili\u015fi il\u0259 ba\u011fl\u0131 x\u0259b\u0259rdarl\u0131q edib"}]},{"@type":"WebSite","@id":"https:\/\/www.meydan.tv\/az\/#website","url":"https:\/\/www.meydan.tv\/az\/","name":"MEYDAN.TV","description":"Meydan TV Az\u0259rbaycan\u0131n media m\u0259kan\u0131ndak\u0131 alternativ s\u0259sidir","publisher":{"@id":"https:\/\/www.meydan.tv\/az\/#organization"},"potentialAction":[{"@type":"SearchAction","target":{"@type":"EntryPoint","urlTemplate":"https:\/\/www.meydan.tv\/az\/?s={search_term_string}"},"query-input":{"@type":"PropertyValueSpecification","valueRequired":true,"valueName":"search_term_string"}}],"inLanguage":"az"},{"@type":"Organization","@id":"https:\/\/www.meydan.tv\/az\/#organization","name":"Meydan TV","url":"https:\/\/www.meydan.tv\/az\/","logo":{"@type":"ImageObject","inLanguage":"az","@id":"https:\/\/www.meydan.tv\/az\/#\/schema\/logo\/image\/","url":"https:\/\/www.meydan.tv\/wp-content\/uploads\/2021\/07\/meydan-logo.svg","contentUrl":"https:\/\/www.meydan.tv\/wp-content\/uploads\/2021\/07\/meydan-logo.svg","width":195,"height":46,"caption":"Meydan TV"},"image":{"@id":"https:\/\/www.meydan.tv\/az\/#\/schema\/logo\/image\/"}},{"@type":"Person","@id":"https:\/\/www.meydan.tv\/az\/#\/schema\/person\/49b5f2bad5b126bb8ea9320eeb3e4dc9","name":"sevda"}]}},"_links":{"self":[{"href":"https:\/\/www.meydan.tv\/az\/wp-json\/wp\/v2\/posts\/331019","targetHints":{"allow":["GET"]}}],"collection":[{"href":"https:\/\/www.meydan.tv\/az\/wp-json\/wp\/v2\/posts"}],"about":[{"href":"https:\/\/www.meydan.tv\/az\/wp-json\/wp\/v2\/types\/post"}],"author":[{"embeddable":true,"href":"https:\/\/www.meydan.tv\/az\/wp-json\/wp\/v2\/users\/16"}],"replies":[{"embeddable":true,"href":"https:\/\/www.meydan.tv\/az\/wp-json\/wp\/v2\/comments?post=331019"}],"version-history":[{"count":4,"href":"https:\/\/www.meydan.tv\/az\/wp-json\/wp\/v2\/posts\/331019\/revisions"}],"predecessor-version":[{"id":331026,"href":"https:\/\/www.meydan.tv\/az\/wp-json\/wp\/v2\/posts\/331019\/revisions\/331026"}],"wp:featuredmedia":[{"embeddable":true,"href":"https:\/\/www.meydan.tv\/az\/wp-json\/wp\/v2\/media\/331022"}],"wp:attachment":[{"href":"https:\/\/www.meydan.tv\/az\/wp-json\/wp\/v2\/media?parent=331019"}],"wp:term":[{"taxonomy":"category","embeddable":true,"href":"https:\/\/www.meydan.tv\/az\/wp-json\/wp\/v2\/categories?post=331019"},{"taxonomy":"post_tag","embeddable":true,"href":"https:\/\/www.meydan.tv\/az\/wp-json\/wp\/v2\/tags?post=331019"}],"curies":[{"name":"wp","href":"https:\/\/api.w.org\/{rel}","templated":true}]}}