{"id":330973,"date":"2025-05-26T14:37:00","date_gmt":"2025-05-26T10:37:00","guid":{"rendered":"https:\/\/www.meydan.tv\/?p=330973"},"modified":"2025-05-26T14:37:04","modified_gmt":"2025-05-26T10:37:04","slug":"tramp-rusiyanin-ukraynaya-hucumlarina-munasib%c9%99t-bildirdi-putin-tamam%c9%99n-aglini-itirib","status":"publish","type":"post","link":"https:\/\/www.meydan.tv\/az\/article\/tramp-rusiyanin-ukraynaya-hucumlarina-munasib%c9%99t-bildirdi-putin-tamam%c9%99n-aglini-itirib\/","title":{"rendered":"Tramp Putin haqq\u0131nda: \u201cO, t\u0259miz a\u011fl\u0131n\u0131 itirib\u201d"},"content":{"rendered":"\n<p><strong><em>&#8220;O, \u00e7oxlu insan \u00f6ld\u00fcr\u00fcr. Bu, m\u0259n\u0259 xo\u015f g\u0259lmir\u201d, \u2013 dey\u0259 Tramp bildirib<\/em><\/strong><\/p>\n\n\n\n<p>AB\u015e Prezidenti Donald Tramp Ukraynan\u0131n bombalanmas\u0131na g\u00f6r\u0259 Rusiya Prezidenti Vladimir Putini t\u0259nqid edib.<\/p>\n\n\n\n<p><em>\u201cM\u0259n bilmir\u0259m, onun d\u0259rdi n\u0259dir &lt;&#8230;> O, \u00e7oxlu insan \u00f6ld\u00fcr\u00fcr. Bu, m\u0259n\u0259 xo\u015f g\u0259lmir\u201d, <\/em>\u2013 Tramp jurnalistl\u0259r\u0259 a\u00e7\u0131qlamas\u0131nda Rusiyan\u0131n may\u0131n 25-n\u0259 ke\u00e7\u0259n gec\u0259 h\u0259yata ke\u00e7irdiyi h\u00fccumu \u015f\u0259rh ed\u0259rk\u0259n bel\u0259 <a href=\"https:\/\/www.reuters.com\/world\/trump-says-he-is-not-happy-with-putin-bombing-ukraine-2025-05-25\/\" target=\"_blank\" rel=\"noreferrer noopener\">deyib<\/a>.<\/p>\n\n\n\n<p>AB\u015e prezidenti, h\u0259m\u00e7inin Rusiyan\u0131n Ukraynan\u0131 at\u0259\u015f\u0259 tutmas\u0131na g\u00f6r\u0259 \u0259lav\u0259 sanksiyalar\u0131n t\u0259tbiq edil\u0259 bil\u0259c\u0259yini istisna etm\u0259yib.<\/p>\n\n\n\n<p>Daha sonra Tramp &#8220;Truth Social&#8221; sosial \u015f\u0259b\u0259k\u0259sind\u0259 <a href=\"https:\/\/truthsocial.com\/@realDonaldTrump\/posts\/114571369956761390\" target=\"_blank\" rel=\"noreferrer noopener\">payla\u015f\u0131m<\/a> ed\u0259r\u0259k Putinin \u201ca\u011fl\u0131n\u0131 itirdiyini\u201d yaz\u0131b.<\/p>\n\n\n\n<p><em>\u201cUkrayna \u015f\u0259h\u0259rl\u0259ri s\u0259b\u0259bsiz yer\u0259 raket v\u0259 pilotsuz u\u00e7u\u015f aparatlar\u0131 il\u0259 vurulur. M\u0259n h\u0259mi\u015f\u0259 demi\u015f\u0259m ki, o, Ukraynan\u0131n bir hiss\u0259sini yox, ham\u0131s\u0131n\u0131 ist\u0259yir v\u0259 dey\u0259s\u0259n, bu, do\u011fru \u00e7\u0131x\u0131r. Amma bu, Rusiyan\u0131n m\u0259hvin\u0259 g\u0259tirib \u00e7\u0131xaracaq!\u201d<\/em> \u2013 dey\u0259 AB\u015e prezidenti vur\u011fulay\u0131b.<\/p>\n\n\n\n<p>Eyni zamanda Tramp Zelenskini d\u0259 t\u0259nqid edib v\u0259 onun \u201cbel\u0259 dan\u0131\u015fmas\u0131n\u0131n \u00f6lk\u0259sin\u0259 xeyir g\u0259tirm\u0259y\u0259c\u0259yini\u201d deyib.<\/p>\n\n\n\n<p>Bundan \u0259lav\u0259, Tramp bir daha qeyd edib ki, \u201c\u0259g\u0259r prezident m\u0259n olsayd\u0131m, bu m\u00fcharib\u0259 he\u00e7 vaxt ba\u015flamazd\u0131\u201d v\u0259 Rusiyan\u0131n Ukraynaya geni\u015fmiqyasl\u0131 h\u00fccumunu \u201cZelenskinin, Putinin v\u0259 Baydenin m\u00fcharib\u0259si\u201d adland\u0131r\u0131b.<\/p>\n\n\n\n<p>May\u0131n 25-n\u0259 ke\u00e7\u0259n gec\u0259 Rusiya Ukrayna \u0259razisin\u0259 69 raket v\u0259 298 pilotsuz u\u00e7u\u015f aparat\u0131 burax\u0131b.<\/p>\n\n\n\n<p>N\u0259tic\u0259d\u0259 14 n\u0259f\u0259r \u00f6l\u00fcb, 60-dan \u00e7ox insan yaralan\u0131b. Jitomir vilay\u0259tind\u0259 bir ail\u0259d\u0259n \u00fc\u00e7 u\u015faq \u00f6l\u00fcb. Onlar\u0131n valideynl\u0259ri x\u0259st\u0259xanaya yerl\u0259\u015fdirilib, anan\u0131n v\u0259ziyy\u0259ti a\u011f\u0131rd\u0131r.<\/p>\n\n\n\n<p>Rusiyan\u0131n h\u00fccumuna Kiyev v\u0259 12 vilay\u0259t m\u0259ruz qal\u0131b. <\/p>\n","protected":false},"excerpt":{"rendered":"<p>&#8220;O, \u00e7oxlu insan \u00f6ld\u00fcr\u00fcr. Bu, m\u0259n\u0259 xo\u015f g\u0259lmir\u201d, \u2013 dey\u0259 &#8230; <\/p>\n<p class=\"read-more-container\"><a title=\"Tramp Putin haqq\u0131nda: \u201cO, t\u0259miz a\u011fl\u0131n\u0131 itirib\u201d\" class=\"read-more button\" href=\"https:\/\/www.meydan.tv\/az\/article\/tramp-rusiyanin-ukraynaya-hucumlarina-munasib%c9%99t-bildirdi-putin-tamam%c9%99n-aglini-itirib\/#more-330973\" aria-label=\"Read more about Tramp Putin haqq\u0131nda: \u201cO, t\u0259miz a\u011fl\u0131n\u0131 itirib\u201d\">Davam\u0131<\/a><\/p>\n","protected":false},"author":16,"featured_media":320070,"comment_status":"closed","ping_status":"closed","sticky":false,"template":"","format":"standard","meta":{"_acf_changed":false,"_sitemap_exclude":false,"_sitemap_priority":"","_sitemap_frequency":"","footnotes":""},"categories":[64,79,56],"tags":[],"class_list":["post-330973","post","type-post","status-publish","format-standard","has-post-thumbnail","hentry","category-dunya","category-featured","category-xeberler","infinite-scroll-item","generate-columns","tablet-grid-50","mobile-grid-100","grid-parent","grid-33","no-featured-image-padding"],"acf":[],"yoast_head":"<!-- This site is optimized with the Yoast SEO plugin v27.5 - https:\/\/yoast.com\/product\/yoast-seo-wordpress\/ -->\n<title>Tramp Putin haqq\u0131nda: \u201cO, t\u0259miz a\u011fl\u0131n\u0131 itirib\u201d - MEYDAN.TV<\/title>\n<meta name=\"robots\" content=\"index, follow, max-snippet:-1, max-image-preview:large, max-video-preview:-1\" \/>\n<link rel=\"canonical\" href=\"https:\/\/www.meydan.tv\/az\/article\/tramp-rusiyanin-ukraynaya-hucumlarina-munasib%c9%99t-bildirdi-putin-tamam%c9%99n-aglini-itirib\/\" \/>\n<meta property=\"og:locale\" content=\"az_AZ\" \/>\n<meta property=\"og:type\" content=\"article\" \/>\n<meta property=\"og:title\" content=\"Tramp Putin haqq\u0131nda: \u201cO, t\u0259miz a\u011fl\u0131n\u0131 itirib\u201d - MEYDAN.TV\" \/>\n<meta property=\"og:description\" content=\"&#8220;O, \u00e7oxlu insan \u00f6ld\u00fcr\u00fcr. Bu, m\u0259n\u0259 xo\u015f g\u0259lmir\u201d, \u2013 dey\u0259 ... Davam\u0131\" \/>\n<meta property=\"og:url\" content=\"https:\/\/www.meydan.tv\/az\/article\/tramp-rusiyanin-ukraynaya-hucumlarina-munasib%c9%99t-bildirdi-putin-tamam%c9%99n-aglini-itirib\/\" \/>\n<meta property=\"og:site_name\" content=\"MEYDAN.TV\" \/>\n<meta property=\"article:published_time\" content=\"2025-05-26T10:37:00+00:00\" \/>\n<meta property=\"article:modified_time\" content=\"2025-05-26T10:37:04+00:00\" \/>\n<meta property=\"og:image\" content=\"https:\/\/www.meydan.tv\/wp-content\/uploads\/img_1578-e1731309358650.jpg\" \/>\n\t<meta property=\"og:image:width\" content=\"1900\" \/>\n\t<meta property=\"og:image:height\" content=\"1054\" \/>\n\t<meta property=\"og:image:type\" content=\"image\/jpeg\" \/>\n<meta name=\"author\" content=\"sevda\" \/>\n<meta name=\"twitter:card\" content=\"summary_large_image\" \/>\n<script type=\"application\/ld+json\" class=\"yoast-schema-graph\">{\"@context\":\"https:\\\/\\\/schema.org\",\"@graph\":[{\"@type\":\"Article\",\"@id\":\"https:\\\/\\\/www.meydan.tv\\\/az\\\/article\\\/tramp-rusiyanin-ukraynaya-hucumlarina-munasib%c9%99t-bildirdi-putin-tamam%c9%99n-aglini-itirib\\\/#article\",\"isPartOf\":{\"@id\":\"https:\\\/\\\/www.meydan.tv\\\/az\\\/article\\\/tramp-rusiyanin-ukraynaya-hucumlarina-munasib%c9%99t-bildirdi-putin-tamam%c9%99n-aglini-itirib\\\/\"},\"author\":{\"name\":\"sevda\",\"@id\":\"https:\\\/\\\/www.meydan.tv\\\/az\\\/#\\\/schema\\\/person\\\/49b5f2bad5b126bb8ea9320eeb3e4dc9\"},\"headline\":\"Tramp Putin haqq\u0131nda: \u201cO, t\u0259miz a\u011fl\u0131n\u0131 itirib\u201d\",\"datePublished\":\"2025-05-26T10:37:00+00:00\",\"dateModified\":\"2025-05-26T10:37:04+00:00\",\"mainEntityOfPage\":{\"@id\":\"https:\\\/\\\/www.meydan.tv\\\/az\\\/article\\\/tramp-rusiyanin-ukraynaya-hucumlarina-munasib%c9%99t-bildirdi-putin-tamam%c9%99n-aglini-itirib\\\/\"},\"wordCount\":330,\"publisher\":{\"@id\":\"https:\\\/\\\/www.meydan.tv\\\/az\\\/#organization\"},\"image\":{\"@id\":\"https:\\\/\\\/www.meydan.tv\\\/az\\\/article\\\/tramp-rusiyanin-ukraynaya-hucumlarina-munasib%c9%99t-bildirdi-putin-tamam%c9%99n-aglini-itirib\\\/#primaryimage\"},\"thumbnailUrl\":\"https:\\\/\\\/www.meydan.tv\\\/wp-content\\\/uploads\\\/img_1578-e1731309358650.jpg\",\"articleSection\":[\"D\u00fcnya\",\"T\u00f6vsiy\u0259\",\"X\u0259b\u0259rl\u0259r\"],\"inLanguage\":\"az\"},{\"@type\":\"WebPage\",\"@id\":\"https:\\\/\\\/www.meydan.tv\\\/az\\\/article\\\/tramp-rusiyanin-ukraynaya-hucumlarina-munasib%c9%99t-bildirdi-putin-tamam%c9%99n-aglini-itirib\\\/\",\"url\":\"https:\\\/\\\/www.meydan.tv\\\/az\\\/article\\\/tramp-rusiyanin-ukraynaya-hucumlarina-munasib%c9%99t-bildirdi-putin-tamam%c9%99n-aglini-itirib\\\/\",\"name\":\"Tramp Putin haqq\u0131nda: \u201cO, t\u0259miz a\u011fl\u0131n\u0131 itirib\u201d - MEYDAN.TV\",\"isPartOf\":{\"@id\":\"https:\\\/\\\/www.meydan.tv\\\/az\\\/#website\"},\"primaryImageOfPage\":{\"@id\":\"https:\\\/\\\/www.meydan.tv\\\/az\\\/article\\\/tramp-rusiyanin-ukraynaya-hucumlarina-munasib%c9%99t-bildirdi-putin-tamam%c9%99n-aglini-itirib\\\/#primaryimage\"},\"image\":{\"@id\":\"https:\\\/\\\/www.meydan.tv\\\/az\\\/article\\\/tramp-rusiyanin-ukraynaya-hucumlarina-munasib%c9%99t-bildirdi-putin-tamam%c9%99n-aglini-itirib\\\/#primaryimage\"},\"thumbnailUrl\":\"https:\\\/\\\/www.meydan.tv\\\/wp-content\\\/uploads\\\/img_1578-e1731309358650.jpg\",\"datePublished\":\"2025-05-26T10:37:00+00:00\",\"dateModified\":\"2025-05-26T10:37:04+00:00\",\"breadcrumb\":{\"@id\":\"https:\\\/\\\/www.meydan.tv\\\/az\\\/article\\\/tramp-rusiyanin-ukraynaya-hucumlarina-munasib%c9%99t-bildirdi-putin-tamam%c9%99n-aglini-itirib\\\/#breadcrumb\"},\"inLanguage\":\"az\",\"potentialAction\":[{\"@type\":\"ReadAction\",\"target\":[\"https:\\\/\\\/www.meydan.tv\\\/az\\\/article\\\/tramp-rusiyanin-ukraynaya-hucumlarina-munasib%c9%99t-bildirdi-putin-tamam%c9%99n-aglini-itirib\\\/\"]}]},{\"@type\":\"ImageObject\",\"inLanguage\":\"az\",\"@id\":\"https:\\\/\\\/www.meydan.tv\\\/az\\\/article\\\/tramp-rusiyanin-ukraynaya-hucumlarina-munasib%c9%99t-bildirdi-putin-tamam%c9%99n-aglini-itirib\\\/#primaryimage\",\"url\":\"https:\\\/\\\/www.meydan.tv\\\/wp-content\\\/uploads\\\/img_1578-e1731309358650.jpg\",\"contentUrl\":\"https:\\\/\\\/www.meydan.tv\\\/wp-content\\\/uploads\\\/img_1578-e1731309358650.jpg\",\"width\":1900,\"height\":1054,\"caption\":\"Donald Tramp. \u0130ll\u00fcsrasiya: Meydan TV\"},{\"@type\":\"BreadcrumbList\",\"@id\":\"https:\\\/\\\/www.meydan.tv\\\/az\\\/article\\\/tramp-rusiyanin-ukraynaya-hucumlarina-munasib%c9%99t-bildirdi-putin-tamam%c9%99n-aglini-itirib\\\/#breadcrumb\",\"itemListElement\":[{\"@type\":\"ListItem\",\"position\":1,\"name\":\"Ana s\u0259hif\u0259\",\"item\":\"https:\\\/\\\/www.meydan.tv\\\/az\\\/\"},{\"@type\":\"ListItem\",\"position\":2,\"name\":\"X\u0259b\u0259rl\u0259r\",\"item\":\"https:\\\/\\\/www.meydan.tv\\\/az\\\/section\\\/xeberler\\\/\"},{\"@type\":\"ListItem\",\"position\":3,\"name\":\"Tramp Putin haqq\u0131nda: \u201cO, t\u0259miz a\u011fl\u0131n\u0131 itirib\u201d\"}]},{\"@type\":\"WebSite\",\"@id\":\"https:\\\/\\\/www.meydan.tv\\\/az\\\/#website\",\"url\":\"https:\\\/\\\/www.meydan.tv\\\/az\\\/\",\"name\":\"MEYDAN.TV\",\"description\":\"Meydan TV Az\u0259rbaycan\u0131n media m\u0259kan\u0131ndak\u0131 alternativ s\u0259sidir\",\"publisher\":{\"@id\":\"https:\\\/\\\/www.meydan.tv\\\/az\\\/#organization\"},\"potentialAction\":[{\"@type\":\"SearchAction\",\"target\":{\"@type\":\"EntryPoint\",\"urlTemplate\":\"https:\\\/\\\/www.meydan.tv\\\/az\\\/?s={search_term_string}\"},\"query-input\":{\"@type\":\"PropertyValueSpecification\",\"valueRequired\":true,\"valueName\":\"search_term_string\"}}],\"inLanguage\":\"az\"},{\"@type\":\"Organization\",\"@id\":\"https:\\\/\\\/www.meydan.tv\\\/az\\\/#organization\",\"name\":\"Meydan TV\",\"url\":\"https:\\\/\\\/www.meydan.tv\\\/az\\\/\",\"logo\":{\"@type\":\"ImageObject\",\"inLanguage\":\"az\",\"@id\":\"https:\\\/\\\/www.meydan.tv\\\/az\\\/#\\\/schema\\\/logo\\\/image\\\/\",\"url\":\"https:\\\/\\\/www.meydan.tv\\\/wp-content\\\/uploads\\\/2021\\\/07\\\/meydan-logo.svg\",\"contentUrl\":\"https:\\\/\\\/www.meydan.tv\\\/wp-content\\\/uploads\\\/2021\\\/07\\\/meydan-logo.svg\",\"width\":195,\"height\":46,\"caption\":\"Meydan TV\"},\"image\":{\"@id\":\"https:\\\/\\\/www.meydan.tv\\\/az\\\/#\\\/schema\\\/logo\\\/image\\\/\"}},{\"@type\":\"Person\",\"@id\":\"https:\\\/\\\/www.meydan.tv\\\/az\\\/#\\\/schema\\\/person\\\/49b5f2bad5b126bb8ea9320eeb3e4dc9\",\"name\":\"sevda\"}]}<\/script>\n<!-- \/ Yoast SEO plugin. -->","yoast_head_json":{"title":"Tramp Putin haqq\u0131nda: \u201cO, t\u0259miz a\u011fl\u0131n\u0131 itirib\u201d - MEYDAN.TV","robots":{"index":"index","follow":"follow","max-snippet":"max-snippet:-1","max-image-preview":"max-image-preview:large","max-video-preview":"max-video-preview:-1"},"canonical":"https:\/\/www.meydan.tv\/az\/article\/tramp-rusiyanin-ukraynaya-hucumlarina-munasib%c9%99t-bildirdi-putin-tamam%c9%99n-aglini-itirib\/","og_locale":"az_AZ","og_type":"article","og_title":"Tramp Putin haqq\u0131nda: \u201cO, t\u0259miz a\u011fl\u0131n\u0131 itirib\u201d - MEYDAN.TV","og_description":"&#8220;O, \u00e7oxlu insan \u00f6ld\u00fcr\u00fcr. Bu, m\u0259n\u0259 xo\u015f g\u0259lmir\u201d, \u2013 dey\u0259 ... Davam\u0131","og_url":"https:\/\/www.meydan.tv\/az\/article\/tramp-rusiyanin-ukraynaya-hucumlarina-munasib%c9%99t-bildirdi-putin-tamam%c9%99n-aglini-itirib\/","og_site_name":"MEYDAN.TV","article_published_time":"2025-05-26T10:37:00+00:00","article_modified_time":"2025-05-26T10:37:04+00:00","og_image":[{"width":1900,"height":1054,"url":"https:\/\/www.meydan.tv\/wp-content\/uploads\/img_1578-e1731309358650.jpg","type":"image\/jpeg"}],"author":"sevda","twitter_card":"summary_large_image","schema":{"@context":"https:\/\/schema.org","@graph":[{"@type":"Article","@id":"https:\/\/www.meydan.tv\/az\/article\/tramp-rusiyanin-ukraynaya-hucumlarina-munasib%c9%99t-bildirdi-putin-tamam%c9%99n-aglini-itirib\/#article","isPartOf":{"@id":"https:\/\/www.meydan.tv\/az\/article\/tramp-rusiyanin-ukraynaya-hucumlarina-munasib%c9%99t-bildirdi-putin-tamam%c9%99n-aglini-itirib\/"},"author":{"name":"sevda","@id":"https:\/\/www.meydan.tv\/az\/#\/schema\/person\/49b5f2bad5b126bb8ea9320eeb3e4dc9"},"headline":"Tramp Putin haqq\u0131nda: \u201cO, t\u0259miz a\u011fl\u0131n\u0131 itirib\u201d","datePublished":"2025-05-26T10:37:00+00:00","dateModified":"2025-05-26T10:37:04+00:00","mainEntityOfPage":{"@id":"https:\/\/www.meydan.tv\/az\/article\/tramp-rusiyanin-ukraynaya-hucumlarina-munasib%c9%99t-bildirdi-putin-tamam%c9%99n-aglini-itirib\/"},"wordCount":330,"publisher":{"@id":"https:\/\/www.meydan.tv\/az\/#organization"},"image":{"@id":"https:\/\/www.meydan.tv\/az\/article\/tramp-rusiyanin-ukraynaya-hucumlarina-munasib%c9%99t-bildirdi-putin-tamam%c9%99n-aglini-itirib\/#primaryimage"},"thumbnailUrl":"https:\/\/www.meydan.tv\/wp-content\/uploads\/img_1578-e1731309358650.jpg","articleSection":["D\u00fcnya","T\u00f6vsiy\u0259","X\u0259b\u0259rl\u0259r"],"inLanguage":"az"},{"@type":"WebPage","@id":"https:\/\/www.meydan.tv\/az\/article\/tramp-rusiyanin-ukraynaya-hucumlarina-munasib%c9%99t-bildirdi-putin-tamam%c9%99n-aglini-itirib\/","url":"https:\/\/www.meydan.tv\/az\/article\/tramp-rusiyanin-ukraynaya-hucumlarina-munasib%c9%99t-bildirdi-putin-tamam%c9%99n-aglini-itirib\/","name":"Tramp Putin haqq\u0131nda: \u201cO, t\u0259miz a\u011fl\u0131n\u0131 itirib\u201d - MEYDAN.TV","isPartOf":{"@id":"https:\/\/www.meydan.tv\/az\/#website"},"primaryImageOfPage":{"@id":"https:\/\/www.meydan.tv\/az\/article\/tramp-rusiyanin-ukraynaya-hucumlarina-munasib%c9%99t-bildirdi-putin-tamam%c9%99n-aglini-itirib\/#primaryimage"},"image":{"@id":"https:\/\/www.meydan.tv\/az\/article\/tramp-rusiyanin-ukraynaya-hucumlarina-munasib%c9%99t-bildirdi-putin-tamam%c9%99n-aglini-itirib\/#primaryimage"},"thumbnailUrl":"https:\/\/www.meydan.tv\/wp-content\/uploads\/img_1578-e1731309358650.jpg","datePublished":"2025-05-26T10:37:00+00:00","dateModified":"2025-05-26T10:37:04+00:00","breadcrumb":{"@id":"https:\/\/www.meydan.tv\/az\/article\/tramp-rusiyanin-ukraynaya-hucumlarina-munasib%c9%99t-bildirdi-putin-tamam%c9%99n-aglini-itirib\/#breadcrumb"},"inLanguage":"az","potentialAction":[{"@type":"ReadAction","target":["https:\/\/www.meydan.tv\/az\/article\/tramp-rusiyanin-ukraynaya-hucumlarina-munasib%c9%99t-bildirdi-putin-tamam%c9%99n-aglini-itirib\/"]}]},{"@type":"ImageObject","inLanguage":"az","@id":"https:\/\/www.meydan.tv\/az\/article\/tramp-rusiyanin-ukraynaya-hucumlarina-munasib%c9%99t-bildirdi-putin-tamam%c9%99n-aglini-itirib\/#primaryimage","url":"https:\/\/www.meydan.tv\/wp-content\/uploads\/img_1578-e1731309358650.jpg","contentUrl":"https:\/\/www.meydan.tv\/wp-content\/uploads\/img_1578-e1731309358650.jpg","width":1900,"height":1054,"caption":"Donald Tramp. \u0130ll\u00fcsrasiya: Meydan TV"},{"@type":"BreadcrumbList","@id":"https:\/\/www.meydan.tv\/az\/article\/tramp-rusiyanin-ukraynaya-hucumlarina-munasib%c9%99t-bildirdi-putin-tamam%c9%99n-aglini-itirib\/#breadcrumb","itemListElement":[{"@type":"ListItem","position":1,"name":"Ana s\u0259hif\u0259","item":"https:\/\/www.meydan.tv\/az\/"},{"@type":"ListItem","position":2,"name":"X\u0259b\u0259rl\u0259r","item":"https:\/\/www.meydan.tv\/az\/section\/xeberler\/"},{"@type":"ListItem","position":3,"name":"Tramp Putin haqq\u0131nda: \u201cO, t\u0259miz a\u011fl\u0131n\u0131 itirib\u201d"}]},{"@type":"WebSite","@id":"https:\/\/www.meydan.tv\/az\/#website","url":"https:\/\/www.meydan.tv\/az\/","name":"MEYDAN.TV","description":"Meydan TV Az\u0259rbaycan\u0131n media m\u0259kan\u0131ndak\u0131 alternativ s\u0259sidir","publisher":{"@id":"https:\/\/www.meydan.tv\/az\/#organization"},"potentialAction":[{"@type":"SearchAction","target":{"@type":"EntryPoint","urlTemplate":"https:\/\/www.meydan.tv\/az\/?s={search_term_string}"},"query-input":{"@type":"PropertyValueSpecification","valueRequired":true,"valueName":"search_term_string"}}],"inLanguage":"az"},{"@type":"Organization","@id":"https:\/\/www.meydan.tv\/az\/#organization","name":"Meydan TV","url":"https:\/\/www.meydan.tv\/az\/","logo":{"@type":"ImageObject","inLanguage":"az","@id":"https:\/\/www.meydan.tv\/az\/#\/schema\/logo\/image\/","url":"https:\/\/www.meydan.tv\/wp-content\/uploads\/2021\/07\/meydan-logo.svg","contentUrl":"https:\/\/www.meydan.tv\/wp-content\/uploads\/2021\/07\/meydan-logo.svg","width":195,"height":46,"caption":"Meydan TV"},"image":{"@id":"https:\/\/www.meydan.tv\/az\/#\/schema\/logo\/image\/"}},{"@type":"Person","@id":"https:\/\/www.meydan.tv\/az\/#\/schema\/person\/49b5f2bad5b126bb8ea9320eeb3e4dc9","name":"sevda"}]}},"_links":{"self":[{"href":"https:\/\/www.meydan.tv\/az\/wp-json\/wp\/v2\/posts\/330973","targetHints":{"allow":["GET"]}}],"collection":[{"href":"https:\/\/www.meydan.tv\/az\/wp-json\/wp\/v2\/posts"}],"about":[{"href":"https:\/\/www.meydan.tv\/az\/wp-json\/wp\/v2\/types\/post"}],"author":[{"embeddable":true,"href":"https:\/\/www.meydan.tv\/az\/wp-json\/wp\/v2\/users\/16"}],"replies":[{"embeddable":true,"href":"https:\/\/www.meydan.tv\/az\/wp-json\/wp\/v2\/comments?post=330973"}],"version-history":[{"count":5,"href":"https:\/\/www.meydan.tv\/az\/wp-json\/wp\/v2\/posts\/330973\/revisions"}],"predecessor-version":[{"id":330987,"href":"https:\/\/www.meydan.tv\/az\/wp-json\/wp\/v2\/posts\/330973\/revisions\/330987"}],"wp:featuredmedia":[{"embeddable":true,"href":"https:\/\/www.meydan.tv\/az\/wp-json\/wp\/v2\/media\/320070"}],"wp:attachment":[{"href":"https:\/\/www.meydan.tv\/az\/wp-json\/wp\/v2\/media?parent=330973"}],"wp:term":[{"taxonomy":"category","embeddable":true,"href":"https:\/\/www.meydan.tv\/az\/wp-json\/wp\/v2\/categories?post=330973"},{"taxonomy":"post_tag","embeddable":true,"href":"https:\/\/www.meydan.tv\/az\/wp-json\/wp\/v2\/tags?post=330973"}],"curies":[{"name":"wp","href":"https:\/\/api.w.org\/{rel}","templated":true}]}}