{"id":330865,"date":"2025-05-23T12:44:17","date_gmt":"2025-05-23T08:44:17","guid":{"rendered":"https:\/\/www.meydan.tv\/?p=330865"},"modified":"2025-05-23T12:44:20","modified_gmt":"2025-05-23T08:44:20","slug":"aspa-nin-bas-m%c9%99ruz%c9%99cisi-iqbal-ebilovla-bagli-b%c9%99yanat-yayib","status":"publish","type":"post","link":"https:\/\/www.meydan.tv\/az\/article\/aspa-nin-bas-m%c9%99ruz%c9%99cisi-iqbal-ebilovla-bagli-b%c9%99yanat-yayib\/","title":{"rendered":"A\u015ePA-n\u0131n ba\u015f m\u0259ruz\u0259\u00e7isi \u0130qbal \u018fbilovla ba\u011fl\u0131 b\u0259yanat yay\u0131b"},"content":{"rendered":"\n<p><strong><em>Azade Rojhan b\u0259yanat\u0131nda akademik azadl\u0131\u011f\u0131n ifad\u0259 azadl\u0131\u011f\u0131 h\u00fcququ il\u0259 qorundu\u011funu xat\u0131rlad\u0131b<\/em><\/strong><\/p>\n\n\n\n<p>Avropa \u015euras\u0131 Parlament Assambleyas\u0131n\u0131n (A\u015ePA) siyasi m\u0259hbuslar \u00fczr\u0259 ba\u015f m\u0259ruz\u0259\u00e7isi Azade Rojhan etnik t\u0259dqiqat\u00e7\u0131 \u0130qbal \u018fbilovun \u201cv\u0259t\u0259n\u0259 x\u0259yan\u0259t\u201d ittiham\u0131 il\u0259 18 il m\u00fcdd\u0259tin\u0259 azadl\u0131qdan m\u0259hrum edilm\u0259sin\u0259 dair <a href=\"https:\/\/pace.coe.int\/en\/news\/9898\/azerbaijan-pace-general-rapporteur-deplores-sentencing-of-a-talysh-academic-to-18-years-in-prison\" target=\"_blank\" rel=\"noreferrer noopener\">b\u0259yanat<\/a> yay\u0131b.<\/p>\n\n\n\n<p>May\u0131n 20-d\u0259 L\u0259nk\u0259ran A\u011f\u0131r Cinay\u0259tl\u0259r M\u0259hk\u0259m\u0259sinin \u00e7\u0131xard\u0131\u011f\u0131 h\u00f6km\u0259 m\u00fcnasib\u0259t bildir\u0259n Azade Rojhan \u0130qbal \u018fbilovun \u201cv\u0259t\u0259n\u0259 x\u0259yan\u0259t\u201d v\u0259 \u201cnifr\u0259t \u00e7a\u011f\u0131r\u0131\u015flar\u0131\u201d ittiham\u0131 il\u0259 m\u0259hkum edilm\u0259sind\u0259n narahatl\u0131\u011f\u0131n\u0131 ifad\u0259 edib.<\/p>\n\n\n\n<p><em>\u201cBu ittihamlar\u0131n \u0259sas\u0131n\u0131 onun erm\u0259ni aliml\u0259ri il\u0259 apard\u0131\u011f\u0131 pe\u015f\u0259kar elmi m\u00fcbadil\u0259l\u0259r t\u0259\u015fkil edir. \u018fbilov tarix\u00e7i v\u0259 etnoqraf kimi tal\u0131\u015f azl\u0131\u011f\u0131n\u0131n tarixi v\u0259 m\u0259d\u0259niyy\u0259ti \u00fcz\u0259rind\u0259 t\u0259dqiqat apar\u0131rd\u0131\u201d,<\/em> &#8211; ba\u015f m\u0259ruz\u0259\u00e7i deyib.<\/p>\n\n\n\n<p>Azade Rojhan akademik azadl\u0131\u011f\u0131n ifad\u0259 azadl\u0131\u011f\u0131 h\u00fcququ il\u0259 qorundu\u011funu xat\u0131rladaraq qeyd edib ki, bu, demokratik c\u0259miyy\u0259tl\u0259rin \u0259sas s\u00fctunlar\u0131ndan biridir v\u0259 t\u0259dqiqat\u00e7\u0131lar siyasi m\u00fcdaxil\u0259d\u0259n qorunmal\u0131d\u0131r.<\/p>\n\n\n\n<p><em>\u201cM\u0259n Az\u0259rbaycan hakimiyy\u0259tini \u018fbilova qar\u015f\u0131 ir\u0259li s\u00fcr\u00fclm\u00fc\u015f ittihamlar\u0131 t\u0259cili \u015f\u0259kild\u0259 yenid\u0259n n\u0259z\u0259rd\u0259n ke\u00e7irm\u0259y\u0259 v\u0259 onu azad etm\u0259y\u0259 \u00e7a\u011f\u0131r\u0131ram. Eyni zamanda, ifad\u0259 azadl\u0131\u011f\u0131ndan istifad\u0259 etdiyin\u0259 g\u00f6r\u0259 h\u0259bs edilmi\u015f b\u00fct\u00fcn dig\u0259r \u015f\u0259xsl\u0259r \u2013 insan h\u00fcquqlar\u0131 m\u00fcdafi\u0259\u00e7il\u0259ri, jurnalistl\u0259r v\u0259 aliml\u0259r \u2013 d\u0259rhal azad olunmal\u0131d\u0131r\u201d,<\/em> \u2013 A\u015ePA m\u0259ruz\u0259\u00e7isi vur\u011fulay\u0131b.<\/p>\n\n\n\n<p>\u201cTal\u0131\u015f Milli Akademiyas\u0131n\u0131n X\u0259b\u0259rl\u0259ri\u201d sayt\u0131n\u0131n ba\u015f redaktoru, etnik t\u0259dqiqat\u00e7\u0131 \u0130qbal \u018fbilov 2025-ci il may\u0131n 20-d\u0259 L\u0259nk\u0259ran A\u011f\u0131r Cinay\u0259tl\u0259r M\u0259hk\u0259m\u0259sinin q\u0259rar\u0131 il\u0259 18 il m\u00fcdd\u0259tin\u0259 azadl\u0131qdan m\u0259hrum edilib.<\/p>\n\n\n\n<p>\u018fbilov Cinay\u0259t M\u0259c\u0259ll\u0259sinin 274 (d\u00f6vl\u0259t\u0259 x\u0259yan\u0259t), 281.3 (d\u00f6vl\u0259t \u0259leyhin\u0259 y\u00f6n\u0259l\u0259n a\u00e7\u0131q \u00e7a\u011f\u0131r\u0131\u015flar \u2013 xarici t\u0259\u015fkilatlar\u0131n v\u0259 onlar\u0131n n\u00fcmay\u0259nd\u0259l\u0259rinin tap\u015f\u0131r\u0131\u011f\u0131 il\u0259 t\u00f6r\u0259dildikd\u0259) v\u0259 283.1-ci (milli, irqi, sosial v\u0259 ya dini nifr\u0259t v\u0259 d\u00fc\u015fm\u0259n\u00e7iliyin sal\u0131nmas\u0131) madd\u0259l\u0259ril\u0259 ittiham olunub.<\/p>\n\n\n\n<p>O, bu ittihamlar\u0131 t\u0259kzib edir, elmi t\u0259dqiqatla m\u0259\u015f\u011ful oldu\u011funu <a href=\"https:\/\/storage.googleapis.com\/qurium\/www.meydan.tv\/az-article-t%c9%99dqiqatci-iqbal-ebilova-18-il-h%c9%99bs-c%c9%99zasi-verilib.html\" target=\"_blank\" rel=\"noreferrer noopener\">bildirir<\/a>.<\/p>\n","protected":false},"excerpt":{"rendered":"<p>Azade Rojhan b\u0259yanat\u0131nda akademik azadl\u0131\u011f\u0131n ifad\u0259 azadl\u0131\u011f\u0131 h\u00fcququ il\u0259 qorundu\u011funu &#8230; <\/p>\n<p class=\"read-more-container\"><a title=\"A\u015ePA-n\u0131n ba\u015f m\u0259ruz\u0259\u00e7isi \u0130qbal \u018fbilovla ba\u011fl\u0131 b\u0259yanat yay\u0131b\" class=\"read-more button\" href=\"https:\/\/www.meydan.tv\/az\/article\/aspa-nin-bas-m%c9%99ruz%c9%99cisi-iqbal-ebilovla-bagli-b%c9%99yanat-yayib\/#more-330865\" aria-label=\"Read more about A\u015ePA-n\u0131n ba\u015f m\u0259ruz\u0259\u00e7isi \u0130qbal \u018fbilovla ba\u011fl\u0131 b\u0259yanat yay\u0131b\">Davam\u0131<\/a><\/p>\n","protected":false},"author":21,"featured_media":320697,"comment_status":"closed","ping_status":"closed","sticky":false,"template":"","format":"standard","meta":{"_acf_changed":false,"_sitemap_exclude":false,"_sitemap_priority":"","_sitemap_frequency":"","footnotes":""},"categories":[59,79,56],"tags":[],"class_list":["post-330865","post","type-post","status-publish","format-standard","has-post-thumbnail","hentry","category-siyaset","category-featured","category-xeberler","infinite-scroll-item","generate-columns","tablet-grid-50","mobile-grid-100","grid-parent","grid-33","no-featured-image-padding"],"acf":[],"yoast_head":"<!-- This site is optimized with the Yoast SEO plugin v27.5 - https:\/\/yoast.com\/product\/yoast-seo-wordpress\/ -->\n<title>A\u015ePA-n\u0131n ba\u015f m\u0259ruz\u0259\u00e7isi \u0130qbal \u018fbilovla ba\u011fl\u0131 b\u0259yanat yay\u0131b - MEYDAN.TV<\/title>\n<meta name=\"robots\" content=\"index, follow, max-snippet:-1, max-image-preview:large, max-video-preview:-1\" \/>\n<link rel=\"canonical\" href=\"https:\/\/www.meydan.tv\/az\/article\/aspa-nin-bas-m%c9%99ruz%c9%99cisi-iqbal-ebilovla-bagli-b%c9%99yanat-yayib\/\" \/>\n<meta property=\"og:locale\" content=\"az_AZ\" \/>\n<meta property=\"og:type\" content=\"article\" \/>\n<meta property=\"og:title\" content=\"A\u015ePA-n\u0131n ba\u015f m\u0259ruz\u0259\u00e7isi \u0130qbal \u018fbilovla ba\u011fl\u0131 b\u0259yanat yay\u0131b - MEYDAN.TV\" \/>\n<meta property=\"og:description\" content=\"Azade Rojhan b\u0259yanat\u0131nda akademik azadl\u0131\u011f\u0131n ifad\u0259 azadl\u0131\u011f\u0131 h\u00fcququ il\u0259 qorundu\u011funu ... Davam\u0131\" \/>\n<meta property=\"og:url\" content=\"https:\/\/www.meydan.tv\/az\/article\/aspa-nin-bas-m%c9%99ruz%c9%99cisi-iqbal-ebilovla-bagli-b%c9%99yanat-yayib\/\" \/>\n<meta property=\"og:site_name\" content=\"MEYDAN.TV\" \/>\n<meta property=\"article:published_time\" content=\"2025-05-23T08:44:17+00:00\" \/>\n<meta property=\"article:modified_time\" content=\"2025-05-23T08:44:20+00:00\" \/>\n<meta property=\"og:image\" content=\"https:\/\/www.meydan.tv\/wp-content\/uploads\/img_1576_720-e1732706859876.jpg\" \/>\n\t<meta property=\"og:image:width\" content=\"1200\" \/>\n\t<meta property=\"og:image:height\" content=\"604\" \/>\n\t<meta property=\"og:image:type\" content=\"image\/jpeg\" \/>\n<meta name=\"author\" content=\"mahmud\" \/>\n<meta name=\"twitter:card\" content=\"summary_large_image\" \/>\n<script type=\"application\/ld+json\" class=\"yoast-schema-graph\">{\"@context\":\"https:\\\/\\\/schema.org\",\"@graph\":[{\"@type\":\"Article\",\"@id\":\"https:\\\/\\\/www.meydan.tv\\\/az\\\/article\\\/aspa-nin-bas-m%c9%99ruz%c9%99cisi-iqbal-ebilovla-bagli-b%c9%99yanat-yayib\\\/#article\",\"isPartOf\":{\"@id\":\"https:\\\/\\\/www.meydan.tv\\\/az\\\/article\\\/aspa-nin-bas-m%c9%99ruz%c9%99cisi-iqbal-ebilovla-bagli-b%c9%99yanat-yayib\\\/\"},\"author\":{\"name\":\"mahmud\",\"@id\":\"https:\\\/\\\/www.meydan.tv\\\/az\\\/#\\\/schema\\\/person\\\/09863e516102a829e72bedcf3f84c6b0\"},\"headline\":\"A\u015ePA-n\u0131n ba\u015f m\u0259ruz\u0259\u00e7isi \u0130qbal \u018fbilovla ba\u011fl\u0131 b\u0259yanat yay\u0131b\",\"datePublished\":\"2025-05-23T08:44:17+00:00\",\"dateModified\":\"2025-05-23T08:44:20+00:00\",\"mainEntityOfPage\":{\"@id\":\"https:\\\/\\\/www.meydan.tv\\\/az\\\/article\\\/aspa-nin-bas-m%c9%99ruz%c9%99cisi-iqbal-ebilovla-bagli-b%c9%99yanat-yayib\\\/\"},\"wordCount\":426,\"publisher\":{\"@id\":\"https:\\\/\\\/www.meydan.tv\\\/az\\\/#organization\"},\"image\":{\"@id\":\"https:\\\/\\\/www.meydan.tv\\\/az\\\/article\\\/aspa-nin-bas-m%c9%99ruz%c9%99cisi-iqbal-ebilovla-bagli-b%c9%99yanat-yayib\\\/#primaryimage\"},\"thumbnailUrl\":\"https:\\\/\\\/www.meydan.tv\\\/wp-content\\\/uploads\\\/img_1576_720-e1732706859876.jpg\",\"articleSection\":[\"Siyas\u0259t\",\"T\u00f6vsiy\u0259\",\"X\u0259b\u0259rl\u0259r\"],\"inLanguage\":\"az\"},{\"@type\":\"WebPage\",\"@id\":\"https:\\\/\\\/www.meydan.tv\\\/az\\\/article\\\/aspa-nin-bas-m%c9%99ruz%c9%99cisi-iqbal-ebilovla-bagli-b%c9%99yanat-yayib\\\/\",\"url\":\"https:\\\/\\\/www.meydan.tv\\\/az\\\/article\\\/aspa-nin-bas-m%c9%99ruz%c9%99cisi-iqbal-ebilovla-bagli-b%c9%99yanat-yayib\\\/\",\"name\":\"A\u015ePA-n\u0131n ba\u015f m\u0259ruz\u0259\u00e7isi \u0130qbal \u018fbilovla ba\u011fl\u0131 b\u0259yanat yay\u0131b - MEYDAN.TV\",\"isPartOf\":{\"@id\":\"https:\\\/\\\/www.meydan.tv\\\/az\\\/#website\"},\"primaryImageOfPage\":{\"@id\":\"https:\\\/\\\/www.meydan.tv\\\/az\\\/article\\\/aspa-nin-bas-m%c9%99ruz%c9%99cisi-iqbal-ebilovla-bagli-b%c9%99yanat-yayib\\\/#primaryimage\"},\"image\":{\"@id\":\"https:\\\/\\\/www.meydan.tv\\\/az\\\/article\\\/aspa-nin-bas-m%c9%99ruz%c9%99cisi-iqbal-ebilovla-bagli-b%c9%99yanat-yayib\\\/#primaryimage\"},\"thumbnailUrl\":\"https:\\\/\\\/www.meydan.tv\\\/wp-content\\\/uploads\\\/img_1576_720-e1732706859876.jpg\",\"datePublished\":\"2025-05-23T08:44:17+00:00\",\"dateModified\":\"2025-05-23T08:44:20+00:00\",\"breadcrumb\":{\"@id\":\"https:\\\/\\\/www.meydan.tv\\\/az\\\/article\\\/aspa-nin-bas-m%c9%99ruz%c9%99cisi-iqbal-ebilovla-bagli-b%c9%99yanat-yayib\\\/#breadcrumb\"},\"inLanguage\":\"az\",\"potentialAction\":[{\"@type\":\"ReadAction\",\"target\":[\"https:\\\/\\\/www.meydan.tv\\\/az\\\/article\\\/aspa-nin-bas-m%c9%99ruz%c9%99cisi-iqbal-ebilovla-bagli-b%c9%99yanat-yayib\\\/\"]}]},{\"@type\":\"ImageObject\",\"inLanguage\":\"az\",\"@id\":\"https:\\\/\\\/www.meydan.tv\\\/az\\\/article\\\/aspa-nin-bas-m%c9%99ruz%c9%99cisi-iqbal-ebilovla-bagli-b%c9%99yanat-yayib\\\/#primaryimage\",\"url\":\"https:\\\/\\\/www.meydan.tv\\\/wp-content\\\/uploads\\\/img_1576_720-e1732706859876.jpg\",\"contentUrl\":\"https:\\\/\\\/www.meydan.tv\\\/wp-content\\\/uploads\\\/img_1576_720-e1732706859876.jpg\",\"width\":1200,\"height\":604,\"caption\":\"\u0130ll\u00fcstrasiya: Meydan TV\"},{\"@type\":\"BreadcrumbList\",\"@id\":\"https:\\\/\\\/www.meydan.tv\\\/az\\\/article\\\/aspa-nin-bas-m%c9%99ruz%c9%99cisi-iqbal-ebilovla-bagli-b%c9%99yanat-yayib\\\/#breadcrumb\",\"itemListElement\":[{\"@type\":\"ListItem\",\"position\":1,\"name\":\"Ana s\u0259hif\u0259\",\"item\":\"https:\\\/\\\/www.meydan.tv\\\/az\\\/\"},{\"@type\":\"ListItem\",\"position\":2,\"name\":\"X\u0259b\u0259rl\u0259r\",\"item\":\"https:\\\/\\\/www.meydan.tv\\\/az\\\/section\\\/xeberler\\\/\"},{\"@type\":\"ListItem\",\"position\":3,\"name\":\"A\u015ePA-n\u0131n ba\u015f m\u0259ruz\u0259\u00e7isi \u0130qbal \u018fbilovla ba\u011fl\u0131 b\u0259yanat yay\u0131b\"}]},{\"@type\":\"WebSite\",\"@id\":\"https:\\\/\\\/www.meydan.tv\\\/az\\\/#website\",\"url\":\"https:\\\/\\\/www.meydan.tv\\\/az\\\/\",\"name\":\"MEYDAN.TV\",\"description\":\"Meydan TV Az\u0259rbaycan\u0131n media m\u0259kan\u0131ndak\u0131 alternativ s\u0259sidir\",\"publisher\":{\"@id\":\"https:\\\/\\\/www.meydan.tv\\\/az\\\/#organization\"},\"potentialAction\":[{\"@type\":\"SearchAction\",\"target\":{\"@type\":\"EntryPoint\",\"urlTemplate\":\"https:\\\/\\\/www.meydan.tv\\\/az\\\/?s={search_term_string}\"},\"query-input\":{\"@type\":\"PropertyValueSpecification\",\"valueRequired\":true,\"valueName\":\"search_term_string\"}}],\"inLanguage\":\"az\"},{\"@type\":\"Organization\",\"@id\":\"https:\\\/\\\/www.meydan.tv\\\/az\\\/#organization\",\"name\":\"Meydan TV\",\"url\":\"https:\\\/\\\/www.meydan.tv\\\/az\\\/\",\"logo\":{\"@type\":\"ImageObject\",\"inLanguage\":\"az\",\"@id\":\"https:\\\/\\\/www.meydan.tv\\\/az\\\/#\\\/schema\\\/logo\\\/image\\\/\",\"url\":\"https:\\\/\\\/www.meydan.tv\\\/wp-content\\\/uploads\\\/2021\\\/07\\\/meydan-logo.svg\",\"contentUrl\":\"https:\\\/\\\/www.meydan.tv\\\/wp-content\\\/uploads\\\/2021\\\/07\\\/meydan-logo.svg\",\"width\":195,\"height\":46,\"caption\":\"Meydan TV\"},\"image\":{\"@id\":\"https:\\\/\\\/www.meydan.tv\\\/az\\\/#\\\/schema\\\/logo\\\/image\\\/\"}},{\"@type\":\"Person\",\"@id\":\"https:\\\/\\\/www.meydan.tv\\\/az\\\/#\\\/schema\\\/person\\\/09863e516102a829e72bedcf3f84c6b0\",\"name\":\"mahmud\"}]}<\/script>\n<!-- \/ Yoast SEO plugin. -->","yoast_head_json":{"title":"A\u015ePA-n\u0131n ba\u015f m\u0259ruz\u0259\u00e7isi \u0130qbal \u018fbilovla ba\u011fl\u0131 b\u0259yanat yay\u0131b - MEYDAN.TV","robots":{"index":"index","follow":"follow","max-snippet":"max-snippet:-1","max-image-preview":"max-image-preview:large","max-video-preview":"max-video-preview:-1"},"canonical":"https:\/\/www.meydan.tv\/az\/article\/aspa-nin-bas-m%c9%99ruz%c9%99cisi-iqbal-ebilovla-bagli-b%c9%99yanat-yayib\/","og_locale":"az_AZ","og_type":"article","og_title":"A\u015ePA-n\u0131n ba\u015f m\u0259ruz\u0259\u00e7isi \u0130qbal \u018fbilovla ba\u011fl\u0131 b\u0259yanat yay\u0131b - MEYDAN.TV","og_description":"Azade Rojhan b\u0259yanat\u0131nda akademik azadl\u0131\u011f\u0131n ifad\u0259 azadl\u0131\u011f\u0131 h\u00fcququ il\u0259 qorundu\u011funu ... Davam\u0131","og_url":"https:\/\/www.meydan.tv\/az\/article\/aspa-nin-bas-m%c9%99ruz%c9%99cisi-iqbal-ebilovla-bagli-b%c9%99yanat-yayib\/","og_site_name":"MEYDAN.TV","article_published_time":"2025-05-23T08:44:17+00:00","article_modified_time":"2025-05-23T08:44:20+00:00","og_image":[{"width":1200,"height":604,"url":"https:\/\/www.meydan.tv\/wp-content\/uploads\/img_1576_720-e1732706859876.jpg","type":"image\/jpeg"}],"author":"mahmud","twitter_card":"summary_large_image","schema":{"@context":"https:\/\/schema.org","@graph":[{"@type":"Article","@id":"https:\/\/www.meydan.tv\/az\/article\/aspa-nin-bas-m%c9%99ruz%c9%99cisi-iqbal-ebilovla-bagli-b%c9%99yanat-yayib\/#article","isPartOf":{"@id":"https:\/\/www.meydan.tv\/az\/article\/aspa-nin-bas-m%c9%99ruz%c9%99cisi-iqbal-ebilovla-bagli-b%c9%99yanat-yayib\/"},"author":{"name":"mahmud","@id":"https:\/\/www.meydan.tv\/az\/#\/schema\/person\/09863e516102a829e72bedcf3f84c6b0"},"headline":"A\u015ePA-n\u0131n ba\u015f m\u0259ruz\u0259\u00e7isi \u0130qbal \u018fbilovla ba\u011fl\u0131 b\u0259yanat yay\u0131b","datePublished":"2025-05-23T08:44:17+00:00","dateModified":"2025-05-23T08:44:20+00:00","mainEntityOfPage":{"@id":"https:\/\/www.meydan.tv\/az\/article\/aspa-nin-bas-m%c9%99ruz%c9%99cisi-iqbal-ebilovla-bagli-b%c9%99yanat-yayib\/"},"wordCount":426,"publisher":{"@id":"https:\/\/www.meydan.tv\/az\/#organization"},"image":{"@id":"https:\/\/www.meydan.tv\/az\/article\/aspa-nin-bas-m%c9%99ruz%c9%99cisi-iqbal-ebilovla-bagli-b%c9%99yanat-yayib\/#primaryimage"},"thumbnailUrl":"https:\/\/www.meydan.tv\/wp-content\/uploads\/img_1576_720-e1732706859876.jpg","articleSection":["Siyas\u0259t","T\u00f6vsiy\u0259","X\u0259b\u0259rl\u0259r"],"inLanguage":"az"},{"@type":"WebPage","@id":"https:\/\/www.meydan.tv\/az\/article\/aspa-nin-bas-m%c9%99ruz%c9%99cisi-iqbal-ebilovla-bagli-b%c9%99yanat-yayib\/","url":"https:\/\/www.meydan.tv\/az\/article\/aspa-nin-bas-m%c9%99ruz%c9%99cisi-iqbal-ebilovla-bagli-b%c9%99yanat-yayib\/","name":"A\u015ePA-n\u0131n ba\u015f m\u0259ruz\u0259\u00e7isi \u0130qbal \u018fbilovla ba\u011fl\u0131 b\u0259yanat yay\u0131b - MEYDAN.TV","isPartOf":{"@id":"https:\/\/www.meydan.tv\/az\/#website"},"primaryImageOfPage":{"@id":"https:\/\/www.meydan.tv\/az\/article\/aspa-nin-bas-m%c9%99ruz%c9%99cisi-iqbal-ebilovla-bagli-b%c9%99yanat-yayib\/#primaryimage"},"image":{"@id":"https:\/\/www.meydan.tv\/az\/article\/aspa-nin-bas-m%c9%99ruz%c9%99cisi-iqbal-ebilovla-bagli-b%c9%99yanat-yayib\/#primaryimage"},"thumbnailUrl":"https:\/\/www.meydan.tv\/wp-content\/uploads\/img_1576_720-e1732706859876.jpg","datePublished":"2025-05-23T08:44:17+00:00","dateModified":"2025-05-23T08:44:20+00:00","breadcrumb":{"@id":"https:\/\/www.meydan.tv\/az\/article\/aspa-nin-bas-m%c9%99ruz%c9%99cisi-iqbal-ebilovla-bagli-b%c9%99yanat-yayib\/#breadcrumb"},"inLanguage":"az","potentialAction":[{"@type":"ReadAction","target":["https:\/\/www.meydan.tv\/az\/article\/aspa-nin-bas-m%c9%99ruz%c9%99cisi-iqbal-ebilovla-bagli-b%c9%99yanat-yayib\/"]}]},{"@type":"ImageObject","inLanguage":"az","@id":"https:\/\/www.meydan.tv\/az\/article\/aspa-nin-bas-m%c9%99ruz%c9%99cisi-iqbal-ebilovla-bagli-b%c9%99yanat-yayib\/#primaryimage","url":"https:\/\/www.meydan.tv\/wp-content\/uploads\/img_1576_720-e1732706859876.jpg","contentUrl":"https:\/\/www.meydan.tv\/wp-content\/uploads\/img_1576_720-e1732706859876.jpg","width":1200,"height":604,"caption":"\u0130ll\u00fcstrasiya: Meydan TV"},{"@type":"BreadcrumbList","@id":"https:\/\/www.meydan.tv\/az\/article\/aspa-nin-bas-m%c9%99ruz%c9%99cisi-iqbal-ebilovla-bagli-b%c9%99yanat-yayib\/#breadcrumb","itemListElement":[{"@type":"ListItem","position":1,"name":"Ana s\u0259hif\u0259","item":"https:\/\/www.meydan.tv\/az\/"},{"@type":"ListItem","position":2,"name":"X\u0259b\u0259rl\u0259r","item":"https:\/\/www.meydan.tv\/az\/section\/xeberler\/"},{"@type":"ListItem","position":3,"name":"A\u015ePA-n\u0131n ba\u015f m\u0259ruz\u0259\u00e7isi \u0130qbal \u018fbilovla ba\u011fl\u0131 b\u0259yanat yay\u0131b"}]},{"@type":"WebSite","@id":"https:\/\/www.meydan.tv\/az\/#website","url":"https:\/\/www.meydan.tv\/az\/","name":"MEYDAN.TV","description":"Meydan TV Az\u0259rbaycan\u0131n media m\u0259kan\u0131ndak\u0131 alternativ s\u0259sidir","publisher":{"@id":"https:\/\/www.meydan.tv\/az\/#organization"},"potentialAction":[{"@type":"SearchAction","target":{"@type":"EntryPoint","urlTemplate":"https:\/\/www.meydan.tv\/az\/?s={search_term_string}"},"query-input":{"@type":"PropertyValueSpecification","valueRequired":true,"valueName":"search_term_string"}}],"inLanguage":"az"},{"@type":"Organization","@id":"https:\/\/www.meydan.tv\/az\/#organization","name":"Meydan TV","url":"https:\/\/www.meydan.tv\/az\/","logo":{"@type":"ImageObject","inLanguage":"az","@id":"https:\/\/www.meydan.tv\/az\/#\/schema\/logo\/image\/","url":"https:\/\/www.meydan.tv\/wp-content\/uploads\/2021\/07\/meydan-logo.svg","contentUrl":"https:\/\/www.meydan.tv\/wp-content\/uploads\/2021\/07\/meydan-logo.svg","width":195,"height":46,"caption":"Meydan TV"},"image":{"@id":"https:\/\/www.meydan.tv\/az\/#\/schema\/logo\/image\/"}},{"@type":"Person","@id":"https:\/\/www.meydan.tv\/az\/#\/schema\/person\/09863e516102a829e72bedcf3f84c6b0","name":"mahmud"}]}},"_links":{"self":[{"href":"https:\/\/www.meydan.tv\/az\/wp-json\/wp\/v2\/posts\/330865","targetHints":{"allow":["GET"]}}],"collection":[{"href":"https:\/\/www.meydan.tv\/az\/wp-json\/wp\/v2\/posts"}],"about":[{"href":"https:\/\/www.meydan.tv\/az\/wp-json\/wp\/v2\/types\/post"}],"author":[{"embeddable":true,"href":"https:\/\/www.meydan.tv\/az\/wp-json\/wp\/v2\/users\/21"}],"replies":[{"embeddable":true,"href":"https:\/\/www.meydan.tv\/az\/wp-json\/wp\/v2\/comments?post=330865"}],"version-history":[{"count":2,"href":"https:\/\/www.meydan.tv\/az\/wp-json\/wp\/v2\/posts\/330865\/revisions"}],"predecessor-version":[{"id":330867,"href":"https:\/\/www.meydan.tv\/az\/wp-json\/wp\/v2\/posts\/330865\/revisions\/330867"}],"wp:featuredmedia":[{"embeddable":true,"href":"https:\/\/www.meydan.tv\/az\/wp-json\/wp\/v2\/media\/320697"}],"wp:attachment":[{"href":"https:\/\/www.meydan.tv\/az\/wp-json\/wp\/v2\/media?parent=330865"}],"wp:term":[{"taxonomy":"category","embeddable":true,"href":"https:\/\/www.meydan.tv\/az\/wp-json\/wp\/v2\/categories?post=330865"},{"taxonomy":"post_tag","embeddable":true,"href":"https:\/\/www.meydan.tv\/az\/wp-json\/wp\/v2\/tags?post=330865"}],"curies":[{"name":"wp","href":"https:\/\/api.w.org\/{rel}","templated":true}]}}