{"id":330816,"date":"2025-05-22T13:51:23","date_gmt":"2025-05-22T09:51:23","guid":{"rendered":"https:\/\/www.meydan.tv\/?p=330816"},"modified":"2025-05-22T13:51:26","modified_gmt":"2025-05-22T09:51:26","slug":"koc%c9%99ryan-erm%c9%99nistan-suverenliyini-qorumaq-ist%c9%99yirs%c9%99-avropadan-%c9%99l-c%c9%99km%c9%99lidir","status":"publish","type":"post","link":"https:\/\/www.meydan.tv\/az\/article\/koc%c9%99ryan-erm%c9%99nistan-suverenliyini-qorumaq-ist%c9%99yirs%c9%99-avropadan-%c9%99l-c%c9%99km%c9%99lidir\/","title":{"rendered":"K\u00f6\u00e7\u0259ryan: Erm\u0259nistan suverenliyini qorumaq ist\u0259yirs\u0259 Avropadan \u0259l \u00e7\u0259km\u0259lidir"},"content":{"rendered":"\n<p><strong><em>Erm\u0259nistan\u0131n eks-prezidenti Belarus v\u0259 Rusiya il\u0259 m\u00fcnasib\u0259tl\u0259rin pisl\u0259\u015fm\u0259sin\u0259 g\u00f6r\u0259 Pa\u015finyan\u0131 ittiham edib<\/em><\/strong><\/p>\n\n\n\n<p>Erm\u0259nistan\u0131n ke\u00e7mi\u015f prezidenti Robert K\u00f6\u00e7\u0259ryan jurnalistl\u0259r\u0259 deyib ki, Erm\u0259nistan prioritet olaraq \u00f6z suverenliyini qorumaq ist\u0259yirs\u0259, \u201cA\u0130-d\u0259n uzaq durmal\u0131d\u0131r\u201d.<\/p>\n\n\n\n<p><a href=\"https:\/\/oc-media.org\/armenias-ex-president-kocharyan-says-armenia-must-avoid-the-eu-if-it-wants-sovereignty\/\" target=\"_blank\" rel=\"noreferrer noopener\">OC Media yaz\u0131r<\/a> ki, K\u00f6\u00e7\u0259ryan may\u0131n 19-da bir ne\u00e7\u0259 K\u0130V-\u0259 m\u00fcsahib\u0259sind\u0259 A\u0130-nin \u201c\u00fczv \u00f6lk\u0259l\u0259ri c\u0259zaland\u0131rmaq, c\u0259rim\u0259l\u0259m\u0259k v\u0259 m\u00fc\u0259yy\u0259n m\u0259s\u0259l\u0259l\u0259ri t\u0259tbiq etm\u0259k qabiliyy\u0259tin\u0259 malik\u201d Avropa Komissiyas\u0131n\u0131n oldu\u011funu bildirib.<\/p>\n\n\n\n<p>\u018fv\u0259zind\u0259 o, Erm\u0259nistan\u0131n regionda \u00f6z t\u0259hl\u00fck\u0259sizliyini m\u00fcst\u0259qil \u015f\u0259kild\u0259 t\u0259min ed\u0259 bilm\u0259diyini dey\u0259r\u0259k, \u201cRusiya il\u0259 strateji t\u0259r\u0259fda\u015fl\u0131\u011f\u0131 b\u0259rpa etm\u0259kl\u0259\u201d Yerevana Moskva il\u0259 \u0259laq\u0259l\u0259ri g\u00fccl\u0259ndirm\u0259yi t\u0259klif edib. K\u00f6\u00e7\u0259ryan h\u0259m\u00e7inin qeyd edib ki, Erm\u0259nistan v\u0259 Rusiya il\u0259 \u00fc\u00e7t\u0259r\u0259fli t\u0259r\u0259fda\u015fl\u0131q yaratmaq \u00fc\u00e7\u00fcn \u0259lav\u0259 \u201c\u0130ran komponenti\u201d d\u0259 olmal\u0131d\u0131r.<\/p>\n\n\n\n<p>K\u00f6\u00e7\u0259ryan\u0131n r\u0259smi \u201cFacebook\u201d s\u0259hif\u0259sind\u0259 payla\u015fd\u0131\u011f\u0131 m\u00fcsahib\u0259d\u0259 diqq\u0259t \u00e7\u0259k\u0259n m\u0259qam odur ki, o, Erm\u0259nistan hakimiyy\u0259tini \u201ct\u0259bli\u011fat ma\u015f\u0131n\u0131ndan\u201d istifad\u0259 ed\u0259r\u0259k Rusiyaya qar\u015f\u0131 \u201cyalan x\u0259b\u0259rl\u0259r\u201d yaymaqda ittiham edib.<\/p>\n\n\n\n<p><em>\u201c\u0130ndiki hakimiyy\u0259tin \u0259sas m\u0259qs\u0259di anti-Rusiya \u0259hval-ruhiyy\u0259sini g\u00fccl\u0259ndirm\u0259k v\u0259 Rusiyaya qar\u015f\u0131 inams\u0131zl\u0131q yaratmaqd\u0131r\u201d,<\/em>\u00a0&#8211; dey\u0259 K\u00f6\u00e7\u0259ryan bildirib.<br><br>May\u0131n \u0259vv\u0259lind\u0259 Erm\u0259nistan parlamentinin spikeri Alen Simonyan bildirib ki, Rusiya t\u0259r\u0259find\u0259n Erm\u0259nistana qar\u015f\u0131 hibrid m\u00fcharib\u0259 apar\u0131l\u0131r v\u0259 Erm\u0259nistanda parlament se\u00e7kil\u0259rinin ke\u00e7iril\u0259c\u0259yi 2026-c\u0131 ild\u0259 m\u00fcharib\u0259 daha \u200b\u200bda aktivl\u0259\u015f\u0259c\u0259k.<\/p>\n\n\n\n<p>O, \u0259lav\u0259 olaraq K\u00f6\u00e7\u0259ryan\u0131 \u201cErm\u0259nistanda rus casusu statusuna malik olmaqda\u201d v\u0259 \u201cRusiyan\u0131n maraqlar\u0131n\u0131 g\u00fcdm\u0259kd\u0259\u201d ittiham edib.<br><br>Simonyan\u0131n b\u0259yanat\u0131 Erm\u0259nistan\u0131n Rusiyan\u0131 v\u0259 onun Kollektiv T\u0259hl\u00fck\u0259sizlik M\u00fcqavil\u0259si T\u0259\u015fkilat\u0131n\u0131 (KTMT) Az\u0259rbaycan\u0131n Erm\u0259nistana h\u00fccumlar\u0131 qar\u015f\u0131s\u0131nda f\u0259aliyy\u0259tsizlikd\u0259 ittiham etm\u0259sind\u0259n sonra istil\u0259\u015fm\u0259y\u0259 ba\u015flad\u0131\u011f\u0131 bir vaxtda verilib.<\/p>\n\n\n\n<p>Erm\u0259nistan Da\u011fl\u0131q Qaraba\u011fda dislokasiya olunmu\u015f Rusiya s\u00fclhm\u0259raml\u0131lar\u0131n\u0131n h\u0259r\u0259k\u0259tsizliyini, Az\u0259rbaycan\u0131n regionu doqquz ay m\u00fchasir\u0259d\u0259 saxlamas\u0131 v\u0259 2023-c\u00fc ilin sentyabr\u0131nda ild\u0131r\u0131m s\u00fcr\u0259til\u0259 onu t\u0259slim olma\u011fa m\u0259cbur etm\u0259sini d\u0259 misal g\u0259tirib.<\/p>\n\n\n\n<p>\u0130kit\u0259r\u0259fli m\u00fcnasib\u0259tl\u0259rd\u0259ki b\u00f6hranlara toxunan K\u00f6\u00e7\u0259ryan Rusiyan\u0131n Az\u0259rbaycana qar\u015f\u0131 d\u0259st\u0259k verm\u0259m\u0259sind\u0259 g\u00fcnah\u0131 Erm\u0259nistan hakimiyy\u0259tinin \u00fcz\u0259rin\u0259 at\u0131b. O bildirib ki, Az\u0259rbaycan\u0131n Erm\u0259nistan \u0259razil\u0259rini i\u015f\u011fal\u0131 KTMT vasit\u0259sil\u0259 deyil, Erm\u0259nistan v\u0259 Rusiya aras\u0131nda ikit\u0259r\u0259fli \u0259laq\u0259l\u0259r vasit\u0259sil\u0259 h\u0259ll edilm\u0259li idi.<\/p>\n\n\n\n<p><em>\u201cSiz KTMT-nin onur\u011fa s\u00fctununu t\u0259\u015fkil ed\u0259n \u00f6lk\u0259 il\u0259 m\u00fcnasib\u0259tl\u0259ri korlay\u0131rs\u0131z, sonra da deyirsiniz ki, KTMT biz\u0259 k\u00f6m\u0259k etm\u0259yib\u201d,<\/em>\u00a0&#8211; K\u00f6\u00e7\u0259ryan bildirib.<br><br>K\u00f6\u00e7\u0259ryan Erm\u0259nistan\u0131n \u201cz\u0259r\u0259r \u00e7\u0259k\u0259n\u201d t\u0259r\u0259f olmas\u0131 \u0259v\u0259zin\u0259, Rusiya yan\u0131nda olmas\u0131n\u0131n laz\u0131m oldu\u011funu s\u00f6yl\u0259yib. O, buna s\u0259b\u0259b kimi Praqada s\u0259n\u0259din imzalanmas\u0131n\u0131 g\u00f6st\u0259rib ki, bu da \u201cRusiyan\u0131n vasit\u0259\u00e7i rolunun neytralla\u015fd\u0131r\u0131lmas\u0131na\u201d g\u0259tirib \u00e7\u0131xar\u0131b.<\/p>\n\n\n\n<p>K\u00f6\u00e7\u0259ryan Pa\u015finyan\u0131n 2022-ci ilin oktyabr\u0131nda Praqada Az\u0259rbaycan\u0131n \u0259razi b\u00fct\u00f6vl\u00fcy\u00fcn\u00fc tan\u0131mas\u0131 haqda b\u0259yanat\u0131n\u0131 n\u0259z\u0259rd\u0259 tutub.<br><br>K\u00f6\u00e7\u0259ryan h\u0259m\u00e7inin Erm\u0259nistan\u0131 Belarusla m\u00fcnasib\u0259tl\u0259rinin pisl\u0259\u015fm\u0259sin\u0259 g\u00f6r\u0259 d\u0259 g\u00fcnahland\u0131r\u0131b v\u0259 bildirib ki, onun prezidentliyi d\u00f6vr\u00fcnd\u0259 Belarus he\u00e7 vaxt Erm\u0259nistan\u0131n naraz\u0131l\u0131\u011f\u0131na s\u0259b\u0259b ola bil\u0259c\u0259k h\u0259r hans\u0131 add\u0131m atmay\u0131b.<\/p>\n\n\n\n<p>K\u00f6\u00e7\u0259ryan\u0131n s\u00f6zl\u0259rin\u0259 g\u00f6r\u0259, erm\u0259nil\u0259r 2024-c\u00fc ilin may\u0131nda \u015eu\u015faya s\u0259f\u0259rind\u0259n sonra Belarus Prezidenti Luka\u015fenkoya qar\u015f\u0131 m\u0259nfi m\u00fcnasib\u0259t formala\u015fd\u0131r\u0131blar.<\/p>\n\n\n\n<p>2024-c\u00fc ilin iyununda Pa\u015finyan b\u0259yan etmi\u015fdi ki, Luka\u015fenko hakimiyy\u0259td\u0259 olark\u0259n Belarusa he\u00e7 bir erm\u0259ni r\u0259smi s\u0259f\u0259r etm\u0259y\u0259c\u0259k v\u0259 bu, \u0130kinci Da\u011fl\u0131q Qaraba\u011f m\u00fcharib\u0259si zaman\u0131 Belarusun Az\u0259rbaycana verdiyi d\u0259st\u0259y\u0259 g\u00f6r\u0259dir.<\/p>\n\n\n\n<p>Q\u0131sa m\u00fcdd\u0259t sonra \u201cPolitico\u201d 2018-2022-ci ill\u0259r aras\u0131nda Belarusdan Az\u0259rbaycana qabaqc\u0131l h\u0259rbi texnikan\u0131n t\u0259dar\u00fck\u00fcn\u00fcn t\u0259f\u0259rr\u00fcatlar\u0131n\u0131 \u0259ks etdir\u0259n s\u0259n\u0259dl\u0259r \u0259sas\u0131nda hesabat d\u0259rc edib.<\/p>\n\n\n\n<p><em>Bu yaz\u0131 ingilis dilind\u0259n t\u0259rc\u00fcm\u0259 edilmi\u015fdir. Yaz\u0131n\u0131n \u0259slini OC Mediadan oxuya bil\u0259rsiniz.<\/em><\/p>\n","protected":false},"excerpt":{"rendered":"<p>Erm\u0259nistan\u0131n eks-prezidenti Belarus v\u0259 Rusiya il\u0259 m\u00fcnasib\u0259tl\u0259rin pisl\u0259\u015fm\u0259sin\u0259 g\u00f6r\u0259 Pa\u015finyan\u0131 &#8230; <\/p>\n<p class=\"read-more-container\"><a title=\"K\u00f6\u00e7\u0259ryan: Erm\u0259nistan suverenliyini qorumaq ist\u0259yirs\u0259 Avropadan \u0259l \u00e7\u0259km\u0259lidir\" class=\"read-more button\" href=\"https:\/\/www.meydan.tv\/az\/article\/koc%c9%99ryan-erm%c9%99nistan-suverenliyini-qorumaq-ist%c9%99yirs%c9%99-avropadan-%c9%99l-c%c9%99km%c9%99lidir\/#more-330816\" aria-label=\"Read more about K\u00f6\u00e7\u0259ryan: Erm\u0259nistan suverenliyini qorumaq ist\u0259yirs\u0259 Avropadan \u0259l \u00e7\u0259km\u0259lidir\">Davam\u0131<\/a><\/p>\n","protected":false},"author":12,"featured_media":330817,"comment_status":"closed","ping_status":"closed","sticky":false,"template":"","format":"standard","meta":{"_acf_changed":false,"_sitemap_exclude":false,"_sitemap_priority":"","_sitemap_frequency":"","footnotes":""},"categories":[64,59,79,56],"tags":[],"class_list":["post-330816","post","type-post","status-publish","format-standard","has-post-thumbnail","hentry","category-dunya","category-siyaset","category-featured","category-xeberler","infinite-scroll-item","generate-columns","tablet-grid-50","mobile-grid-100","grid-parent","grid-33","no-featured-image-padding"],"acf":[],"yoast_head":"<!-- This site is optimized with the Yoast SEO plugin v27.5 - https:\/\/yoast.com\/product\/yoast-seo-wordpress\/ -->\n<title>K\u00f6\u00e7\u0259ryan: Erm\u0259nistan suverenliyini qorumaq ist\u0259yirs\u0259 Avropadan \u0259l \u00e7\u0259km\u0259lidir - MEYDAN.TV<\/title>\n<meta name=\"robots\" content=\"index, follow, max-snippet:-1, max-image-preview:large, max-video-preview:-1\" \/>\n<link rel=\"canonical\" href=\"https:\/\/www.meydan.tv\/az\/article\/koc%c9%99ryan-erm%c9%99nistan-suverenliyini-qorumaq-ist%c9%99yirs%c9%99-avropadan-%c9%99l-c%c9%99km%c9%99lidir\/\" \/>\n<meta property=\"og:locale\" content=\"az_AZ\" \/>\n<meta property=\"og:type\" content=\"article\" \/>\n<meta property=\"og:title\" content=\"K\u00f6\u00e7\u0259ryan: Erm\u0259nistan suverenliyini qorumaq ist\u0259yirs\u0259 Avropadan \u0259l \u00e7\u0259km\u0259lidir - MEYDAN.TV\" \/>\n<meta property=\"og:description\" content=\"Erm\u0259nistan\u0131n eks-prezidenti Belarus v\u0259 Rusiya il\u0259 m\u00fcnasib\u0259tl\u0259rin pisl\u0259\u015fm\u0259sin\u0259 g\u00f6r\u0259 Pa\u015finyan\u0131 ... Davam\u0131\" \/>\n<meta property=\"og:url\" content=\"https:\/\/www.meydan.tv\/az\/article\/koc%c9%99ryan-erm%c9%99nistan-suverenliyini-qorumaq-ist%c9%99yirs%c9%99-avropadan-%c9%99l-c%c9%99km%c9%99lidir\/\" \/>\n<meta property=\"og:site_name\" content=\"MEYDAN.TV\" \/>\n<meta property=\"article:published_time\" content=\"2025-05-22T09:51:23+00:00\" \/>\n<meta property=\"article:modified_time\" content=\"2025-05-22T09:51:26+00:00\" \/>\n<meta property=\"og:image\" content=\"https:\/\/www.meydan.tv\/wp-content\/uploads\/screenshot-2025-05-22-at-11.31.38-1200x556.png\" \/>\n\t<meta property=\"og:image:width\" content=\"1200\" \/>\n\t<meta property=\"og:image:height\" content=\"556\" \/>\n\t<meta property=\"og:image:type\" content=\"image\/png\" \/>\n<meta name=\"author\" content=\"aleks\" \/>\n<meta name=\"twitter:card\" content=\"summary_large_image\" \/>\n<script type=\"application\/ld+json\" class=\"yoast-schema-graph\">{\"@context\":\"https:\\\/\\\/schema.org\",\"@graph\":[{\"@type\":\"Article\",\"@id\":\"https:\\\/\\\/www.meydan.tv\\\/az\\\/article\\\/koc%c9%99ryan-erm%c9%99nistan-suverenliyini-qorumaq-ist%c9%99yirs%c9%99-avropadan-%c9%99l-c%c9%99km%c9%99lidir\\\/#article\",\"isPartOf\":{\"@id\":\"https:\\\/\\\/www.meydan.tv\\\/az\\\/article\\\/koc%c9%99ryan-erm%c9%99nistan-suverenliyini-qorumaq-ist%c9%99yirs%c9%99-avropadan-%c9%99l-c%c9%99km%c9%99lidir\\\/\"},\"author\":{\"name\":\"aleks\",\"@id\":\"https:\\\/\\\/www.meydan.tv\\\/az\\\/#\\\/schema\\\/person\\\/476e9360e593fa131d5d71d51866f8da\"},\"headline\":\"K\u00f6\u00e7\u0259ryan: Erm\u0259nistan suverenliyini qorumaq ist\u0259yirs\u0259 Avropadan \u0259l \u00e7\u0259km\u0259lidir\",\"datePublished\":\"2025-05-22T09:51:23+00:00\",\"dateModified\":\"2025-05-22T09:51:26+00:00\",\"mainEntityOfPage\":{\"@id\":\"https:\\\/\\\/www.meydan.tv\\\/az\\\/article\\\/koc%c9%99ryan-erm%c9%99nistan-suverenliyini-qorumaq-ist%c9%99yirs%c9%99-avropadan-%c9%99l-c%c9%99km%c9%99lidir\\\/\"},\"wordCount\":835,\"publisher\":{\"@id\":\"https:\\\/\\\/www.meydan.tv\\\/az\\\/#organization\"},\"image\":{\"@id\":\"https:\\\/\\\/www.meydan.tv\\\/az\\\/article\\\/koc%c9%99ryan-erm%c9%99nistan-suverenliyini-qorumaq-ist%c9%99yirs%c9%99-avropadan-%c9%99l-c%c9%99km%c9%99lidir\\\/#primaryimage\"},\"thumbnailUrl\":\"https:\\\/\\\/www.meydan.tv\\\/wp-content\\\/uploads\\\/screenshot-2025-05-22-at-11.31.38.png\",\"articleSection\":[\"D\u00fcnya\",\"Siyas\u0259t\",\"T\u00f6vsiy\u0259\",\"X\u0259b\u0259rl\u0259r\"],\"inLanguage\":\"az\"},{\"@type\":\"WebPage\",\"@id\":\"https:\\\/\\\/www.meydan.tv\\\/az\\\/article\\\/koc%c9%99ryan-erm%c9%99nistan-suverenliyini-qorumaq-ist%c9%99yirs%c9%99-avropadan-%c9%99l-c%c9%99km%c9%99lidir\\\/\",\"url\":\"https:\\\/\\\/www.meydan.tv\\\/az\\\/article\\\/koc%c9%99ryan-erm%c9%99nistan-suverenliyini-qorumaq-ist%c9%99yirs%c9%99-avropadan-%c9%99l-c%c9%99km%c9%99lidir\\\/\",\"name\":\"K\u00f6\u00e7\u0259ryan: Erm\u0259nistan suverenliyini qorumaq ist\u0259yirs\u0259 Avropadan \u0259l \u00e7\u0259km\u0259lidir - MEYDAN.TV\",\"isPartOf\":{\"@id\":\"https:\\\/\\\/www.meydan.tv\\\/az\\\/#website\"},\"primaryImageOfPage\":{\"@id\":\"https:\\\/\\\/www.meydan.tv\\\/az\\\/article\\\/koc%c9%99ryan-erm%c9%99nistan-suverenliyini-qorumaq-ist%c9%99yirs%c9%99-avropadan-%c9%99l-c%c9%99km%c9%99lidir\\\/#primaryimage\"},\"image\":{\"@id\":\"https:\\\/\\\/www.meydan.tv\\\/az\\\/article\\\/koc%c9%99ryan-erm%c9%99nistan-suverenliyini-qorumaq-ist%c9%99yirs%c9%99-avropadan-%c9%99l-c%c9%99km%c9%99lidir\\\/#primaryimage\"},\"thumbnailUrl\":\"https:\\\/\\\/www.meydan.tv\\\/wp-content\\\/uploads\\\/screenshot-2025-05-22-at-11.31.38.png\",\"datePublished\":\"2025-05-22T09:51:23+00:00\",\"dateModified\":\"2025-05-22T09:51:26+00:00\",\"breadcrumb\":{\"@id\":\"https:\\\/\\\/www.meydan.tv\\\/az\\\/article\\\/koc%c9%99ryan-erm%c9%99nistan-suverenliyini-qorumaq-ist%c9%99yirs%c9%99-avropadan-%c9%99l-c%c9%99km%c9%99lidir\\\/#breadcrumb\"},\"inLanguage\":\"az\",\"potentialAction\":[{\"@type\":\"ReadAction\",\"target\":[\"https:\\\/\\\/www.meydan.tv\\\/az\\\/article\\\/koc%c9%99ryan-erm%c9%99nistan-suverenliyini-qorumaq-ist%c9%99yirs%c9%99-avropadan-%c9%99l-c%c9%99km%c9%99lidir\\\/\"]}]},{\"@type\":\"ImageObject\",\"inLanguage\":\"az\",\"@id\":\"https:\\\/\\\/www.meydan.tv\\\/az\\\/article\\\/koc%c9%99ryan-erm%c9%99nistan-suverenliyini-qorumaq-ist%c9%99yirs%c9%99-avropadan-%c9%99l-c%c9%99km%c9%99lidir\\\/#primaryimage\",\"url\":\"https:\\\/\\\/www.meydan.tv\\\/wp-content\\\/uploads\\\/screenshot-2025-05-22-at-11.31.38.png\",\"contentUrl\":\"https:\\\/\\\/www.meydan.tv\\\/wp-content\\\/uploads\\\/screenshot-2025-05-22-at-11.31.38.png\",\"width\":2258,\"height\":1046,\"caption\":\"Foto: K\u00f6\u00e7\u0259ryan\u0131n \u015f\u0259xsi facebook s\u0259hif\u0259si\"},{\"@type\":\"BreadcrumbList\",\"@id\":\"https:\\\/\\\/www.meydan.tv\\\/az\\\/article\\\/koc%c9%99ryan-erm%c9%99nistan-suverenliyini-qorumaq-ist%c9%99yirs%c9%99-avropadan-%c9%99l-c%c9%99km%c9%99lidir\\\/#breadcrumb\",\"itemListElement\":[{\"@type\":\"ListItem\",\"position\":1,\"name\":\"Ana s\u0259hif\u0259\",\"item\":\"https:\\\/\\\/www.meydan.tv\\\/az\\\/\"},{\"@type\":\"ListItem\",\"position\":2,\"name\":\"X\u0259b\u0259rl\u0259r\",\"item\":\"https:\\\/\\\/www.meydan.tv\\\/az\\\/section\\\/xeberler\\\/\"},{\"@type\":\"ListItem\",\"position\":3,\"name\":\"K\u00f6\u00e7\u0259ryan: Erm\u0259nistan suverenliyini qorumaq ist\u0259yirs\u0259 Avropadan \u0259l \u00e7\u0259km\u0259lidir\"}]},{\"@type\":\"WebSite\",\"@id\":\"https:\\\/\\\/www.meydan.tv\\\/az\\\/#website\",\"url\":\"https:\\\/\\\/www.meydan.tv\\\/az\\\/\",\"name\":\"MEYDAN.TV\",\"description\":\"Meydan TV Az\u0259rbaycan\u0131n media m\u0259kan\u0131ndak\u0131 alternativ s\u0259sidir\",\"publisher\":{\"@id\":\"https:\\\/\\\/www.meydan.tv\\\/az\\\/#organization\"},\"potentialAction\":[{\"@type\":\"SearchAction\",\"target\":{\"@type\":\"EntryPoint\",\"urlTemplate\":\"https:\\\/\\\/www.meydan.tv\\\/az\\\/?s={search_term_string}\"},\"query-input\":{\"@type\":\"PropertyValueSpecification\",\"valueRequired\":true,\"valueName\":\"search_term_string\"}}],\"inLanguage\":\"az\"},{\"@type\":\"Organization\",\"@id\":\"https:\\\/\\\/www.meydan.tv\\\/az\\\/#organization\",\"name\":\"Meydan TV\",\"url\":\"https:\\\/\\\/www.meydan.tv\\\/az\\\/\",\"logo\":{\"@type\":\"ImageObject\",\"inLanguage\":\"az\",\"@id\":\"https:\\\/\\\/www.meydan.tv\\\/az\\\/#\\\/schema\\\/logo\\\/image\\\/\",\"url\":\"https:\\\/\\\/www.meydan.tv\\\/wp-content\\\/uploads\\\/2021\\\/07\\\/meydan-logo.svg\",\"contentUrl\":\"https:\\\/\\\/www.meydan.tv\\\/wp-content\\\/uploads\\\/2021\\\/07\\\/meydan-logo.svg\",\"width\":195,\"height\":46,\"caption\":\"Meydan TV\"},\"image\":{\"@id\":\"https:\\\/\\\/www.meydan.tv\\\/az\\\/#\\\/schema\\\/logo\\\/image\\\/\"}},{\"@type\":\"Person\",\"@id\":\"https:\\\/\\\/www.meydan.tv\\\/az\\\/#\\\/schema\\\/person\\\/476e9360e593fa131d5d71d51866f8da\",\"name\":\"aleks\"}]}<\/script>\n<!-- \/ Yoast SEO plugin. -->","yoast_head_json":{"title":"K\u00f6\u00e7\u0259ryan: Erm\u0259nistan suverenliyini qorumaq ist\u0259yirs\u0259 Avropadan \u0259l \u00e7\u0259km\u0259lidir - MEYDAN.TV","robots":{"index":"index","follow":"follow","max-snippet":"max-snippet:-1","max-image-preview":"max-image-preview:large","max-video-preview":"max-video-preview:-1"},"canonical":"https:\/\/www.meydan.tv\/az\/article\/koc%c9%99ryan-erm%c9%99nistan-suverenliyini-qorumaq-ist%c9%99yirs%c9%99-avropadan-%c9%99l-c%c9%99km%c9%99lidir\/","og_locale":"az_AZ","og_type":"article","og_title":"K\u00f6\u00e7\u0259ryan: Erm\u0259nistan suverenliyini qorumaq ist\u0259yirs\u0259 Avropadan \u0259l \u00e7\u0259km\u0259lidir - MEYDAN.TV","og_description":"Erm\u0259nistan\u0131n eks-prezidenti Belarus v\u0259 Rusiya il\u0259 m\u00fcnasib\u0259tl\u0259rin pisl\u0259\u015fm\u0259sin\u0259 g\u00f6r\u0259 Pa\u015finyan\u0131 ... Davam\u0131","og_url":"https:\/\/www.meydan.tv\/az\/article\/koc%c9%99ryan-erm%c9%99nistan-suverenliyini-qorumaq-ist%c9%99yirs%c9%99-avropadan-%c9%99l-c%c9%99km%c9%99lidir\/","og_site_name":"MEYDAN.TV","article_published_time":"2025-05-22T09:51:23+00:00","article_modified_time":"2025-05-22T09:51:26+00:00","og_image":[{"width":1200,"height":556,"url":"https:\/\/www.meydan.tv\/wp-content\/uploads\/screenshot-2025-05-22-at-11.31.38-1200x556.png","type":"image\/png"}],"author":"aleks","twitter_card":"summary_large_image","schema":{"@context":"https:\/\/schema.org","@graph":[{"@type":"Article","@id":"https:\/\/www.meydan.tv\/az\/article\/koc%c9%99ryan-erm%c9%99nistan-suverenliyini-qorumaq-ist%c9%99yirs%c9%99-avropadan-%c9%99l-c%c9%99km%c9%99lidir\/#article","isPartOf":{"@id":"https:\/\/www.meydan.tv\/az\/article\/koc%c9%99ryan-erm%c9%99nistan-suverenliyini-qorumaq-ist%c9%99yirs%c9%99-avropadan-%c9%99l-c%c9%99km%c9%99lidir\/"},"author":{"name":"aleks","@id":"https:\/\/www.meydan.tv\/az\/#\/schema\/person\/476e9360e593fa131d5d71d51866f8da"},"headline":"K\u00f6\u00e7\u0259ryan: Erm\u0259nistan suverenliyini qorumaq ist\u0259yirs\u0259 Avropadan \u0259l \u00e7\u0259km\u0259lidir","datePublished":"2025-05-22T09:51:23+00:00","dateModified":"2025-05-22T09:51:26+00:00","mainEntityOfPage":{"@id":"https:\/\/www.meydan.tv\/az\/article\/koc%c9%99ryan-erm%c9%99nistan-suverenliyini-qorumaq-ist%c9%99yirs%c9%99-avropadan-%c9%99l-c%c9%99km%c9%99lidir\/"},"wordCount":835,"publisher":{"@id":"https:\/\/www.meydan.tv\/az\/#organization"},"image":{"@id":"https:\/\/www.meydan.tv\/az\/article\/koc%c9%99ryan-erm%c9%99nistan-suverenliyini-qorumaq-ist%c9%99yirs%c9%99-avropadan-%c9%99l-c%c9%99km%c9%99lidir\/#primaryimage"},"thumbnailUrl":"https:\/\/www.meydan.tv\/wp-content\/uploads\/screenshot-2025-05-22-at-11.31.38.png","articleSection":["D\u00fcnya","Siyas\u0259t","T\u00f6vsiy\u0259","X\u0259b\u0259rl\u0259r"],"inLanguage":"az"},{"@type":"WebPage","@id":"https:\/\/www.meydan.tv\/az\/article\/koc%c9%99ryan-erm%c9%99nistan-suverenliyini-qorumaq-ist%c9%99yirs%c9%99-avropadan-%c9%99l-c%c9%99km%c9%99lidir\/","url":"https:\/\/www.meydan.tv\/az\/article\/koc%c9%99ryan-erm%c9%99nistan-suverenliyini-qorumaq-ist%c9%99yirs%c9%99-avropadan-%c9%99l-c%c9%99km%c9%99lidir\/","name":"K\u00f6\u00e7\u0259ryan: Erm\u0259nistan suverenliyini qorumaq ist\u0259yirs\u0259 Avropadan \u0259l \u00e7\u0259km\u0259lidir - MEYDAN.TV","isPartOf":{"@id":"https:\/\/www.meydan.tv\/az\/#website"},"primaryImageOfPage":{"@id":"https:\/\/www.meydan.tv\/az\/article\/koc%c9%99ryan-erm%c9%99nistan-suverenliyini-qorumaq-ist%c9%99yirs%c9%99-avropadan-%c9%99l-c%c9%99km%c9%99lidir\/#primaryimage"},"image":{"@id":"https:\/\/www.meydan.tv\/az\/article\/koc%c9%99ryan-erm%c9%99nistan-suverenliyini-qorumaq-ist%c9%99yirs%c9%99-avropadan-%c9%99l-c%c9%99km%c9%99lidir\/#primaryimage"},"thumbnailUrl":"https:\/\/www.meydan.tv\/wp-content\/uploads\/screenshot-2025-05-22-at-11.31.38.png","datePublished":"2025-05-22T09:51:23+00:00","dateModified":"2025-05-22T09:51:26+00:00","breadcrumb":{"@id":"https:\/\/www.meydan.tv\/az\/article\/koc%c9%99ryan-erm%c9%99nistan-suverenliyini-qorumaq-ist%c9%99yirs%c9%99-avropadan-%c9%99l-c%c9%99km%c9%99lidir\/#breadcrumb"},"inLanguage":"az","potentialAction":[{"@type":"ReadAction","target":["https:\/\/www.meydan.tv\/az\/article\/koc%c9%99ryan-erm%c9%99nistan-suverenliyini-qorumaq-ist%c9%99yirs%c9%99-avropadan-%c9%99l-c%c9%99km%c9%99lidir\/"]}]},{"@type":"ImageObject","inLanguage":"az","@id":"https:\/\/www.meydan.tv\/az\/article\/koc%c9%99ryan-erm%c9%99nistan-suverenliyini-qorumaq-ist%c9%99yirs%c9%99-avropadan-%c9%99l-c%c9%99km%c9%99lidir\/#primaryimage","url":"https:\/\/www.meydan.tv\/wp-content\/uploads\/screenshot-2025-05-22-at-11.31.38.png","contentUrl":"https:\/\/www.meydan.tv\/wp-content\/uploads\/screenshot-2025-05-22-at-11.31.38.png","width":2258,"height":1046,"caption":"Foto: K\u00f6\u00e7\u0259ryan\u0131n \u015f\u0259xsi facebook s\u0259hif\u0259si"},{"@type":"BreadcrumbList","@id":"https:\/\/www.meydan.tv\/az\/article\/koc%c9%99ryan-erm%c9%99nistan-suverenliyini-qorumaq-ist%c9%99yirs%c9%99-avropadan-%c9%99l-c%c9%99km%c9%99lidir\/#breadcrumb","itemListElement":[{"@type":"ListItem","position":1,"name":"Ana s\u0259hif\u0259","item":"https:\/\/www.meydan.tv\/az\/"},{"@type":"ListItem","position":2,"name":"X\u0259b\u0259rl\u0259r","item":"https:\/\/www.meydan.tv\/az\/section\/xeberler\/"},{"@type":"ListItem","position":3,"name":"K\u00f6\u00e7\u0259ryan: Erm\u0259nistan suverenliyini qorumaq ist\u0259yirs\u0259 Avropadan \u0259l \u00e7\u0259km\u0259lidir"}]},{"@type":"WebSite","@id":"https:\/\/www.meydan.tv\/az\/#website","url":"https:\/\/www.meydan.tv\/az\/","name":"MEYDAN.TV","description":"Meydan TV Az\u0259rbaycan\u0131n media m\u0259kan\u0131ndak\u0131 alternativ s\u0259sidir","publisher":{"@id":"https:\/\/www.meydan.tv\/az\/#organization"},"potentialAction":[{"@type":"SearchAction","target":{"@type":"EntryPoint","urlTemplate":"https:\/\/www.meydan.tv\/az\/?s={search_term_string}"},"query-input":{"@type":"PropertyValueSpecification","valueRequired":true,"valueName":"search_term_string"}}],"inLanguage":"az"},{"@type":"Organization","@id":"https:\/\/www.meydan.tv\/az\/#organization","name":"Meydan TV","url":"https:\/\/www.meydan.tv\/az\/","logo":{"@type":"ImageObject","inLanguage":"az","@id":"https:\/\/www.meydan.tv\/az\/#\/schema\/logo\/image\/","url":"https:\/\/www.meydan.tv\/wp-content\/uploads\/2021\/07\/meydan-logo.svg","contentUrl":"https:\/\/www.meydan.tv\/wp-content\/uploads\/2021\/07\/meydan-logo.svg","width":195,"height":46,"caption":"Meydan TV"},"image":{"@id":"https:\/\/www.meydan.tv\/az\/#\/schema\/logo\/image\/"}},{"@type":"Person","@id":"https:\/\/www.meydan.tv\/az\/#\/schema\/person\/476e9360e593fa131d5d71d51866f8da","name":"aleks"}]}},"_links":{"self":[{"href":"https:\/\/www.meydan.tv\/az\/wp-json\/wp\/v2\/posts\/330816","targetHints":{"allow":["GET"]}}],"collection":[{"href":"https:\/\/www.meydan.tv\/az\/wp-json\/wp\/v2\/posts"}],"about":[{"href":"https:\/\/www.meydan.tv\/az\/wp-json\/wp\/v2\/types\/post"}],"author":[{"embeddable":true,"href":"https:\/\/www.meydan.tv\/az\/wp-json\/wp\/v2\/users\/12"}],"replies":[{"embeddable":true,"href":"https:\/\/www.meydan.tv\/az\/wp-json\/wp\/v2\/comments?post=330816"}],"version-history":[{"count":4,"href":"https:\/\/www.meydan.tv\/az\/wp-json\/wp\/v2\/posts\/330816\/revisions"}],"predecessor-version":[{"id":330831,"href":"https:\/\/www.meydan.tv\/az\/wp-json\/wp\/v2\/posts\/330816\/revisions\/330831"}],"wp:featuredmedia":[{"embeddable":true,"href":"https:\/\/www.meydan.tv\/az\/wp-json\/wp\/v2\/media\/330817"}],"wp:attachment":[{"href":"https:\/\/www.meydan.tv\/az\/wp-json\/wp\/v2\/media?parent=330816"}],"wp:term":[{"taxonomy":"category","embeddable":true,"href":"https:\/\/www.meydan.tv\/az\/wp-json\/wp\/v2\/categories?post=330816"},{"taxonomy":"post_tag","embeddable":true,"href":"https:\/\/www.meydan.tv\/az\/wp-json\/wp\/v2\/tags?post=330816"}],"curies":[{"name":"wp","href":"https:\/\/api.w.org\/{rel}","templated":true}]}}