{"id":330808,"date":"2025-05-22T12:33:12","date_gmt":"2025-05-22T08:33:12","guid":{"rendered":"https:\/\/www.meydan.tv\/?p=330808"},"modified":"2025-05-22T12:33:14","modified_gmt":"2025-05-22T08:33:14","slug":"ali-m%c9%99hk%c9%99m%c9%99-elvin-mustafayevin-sikay%c9%99tini-t%c9%99min-etm%c9%99yib","status":"publish","type":"post","link":"https:\/\/www.meydan.tv\/az\/article\/ali-m%c9%99hk%c9%99m%c9%99-elvin-mustafayevin-sikay%c9%99tini-t%c9%99min-etm%c9%99yib\/","title":{"rendered":"Ali M\u0259hk\u0259m\u0259 Elvin Mustafayevin \u015fikay\u0259tini t\u0259min etm\u0259yib"},"content":{"rendered":"\n<p><\/p>\n\n\n\n<p><strong><em>\u0130clasda m\u0259lum olub ki, Mustafayev birba\u015fa karserd\u0259n m\u0259hk\u0259m\u0259 zal\u0131na g\u0259tirilib<\/em><\/strong><\/p>\n\n\n\n<p>Bu g\u00fcn, may\u0131n 22-d\u0259 \u201c\u0130\u015f\u00e7i Masas\u0131\u201d H\u0259mkarlar \u0130ttifaqlar\u0131 Konfederasiyas\u0131n\u0131n h\u0259bsd\u0259 olan \u00fczv\u00fc Elvin Mustafayevin Ali M\u0259hk\u0259m\u0259d\u0259 \u015fikay\u0259ti \u00fczr\u0259 n\u00f6vb\u0259ti m\u0259hk\u0259m\u0259 iclas\u0131 ke\u00e7irilib.<\/p>\n\n\n\n<p>\u0130clasda m\u0259lum olub ki, Mustafayev birba\u015fa karserd\u0259n (c\u0259rim\u0259 t\u0259cridxanas\u0131) m\u0259hk\u0259m\u0259 zal\u0131na g\u0259tirilib.<\/p>\n\n\n\n<p>\u0130\u015f\u0259 Ali M\u0259hk\u0259m\u0259nin hakimi Vidadi C\u0259f\u0259rovun s\u0259drliyi il\u0259 bax\u0131l\u0131b. M\u0259hk\u0259m\u0259 Elvin Mustafayevin \u015fikay\u0259tini t\u0259min etm\u0259yib v\u0259 a\u015fa\u011f\u0131 instansiya m\u0259hk\u0259m\u0259l\u0259rinin q\u0259rar\u0131n\u0131 q\u00fcvv\u0259d\u0259 saxlay\u0131b.<\/p>\n\n\n\n<p>Elvin Mustafayev 2023-c\u00fc il avqustun 4-d\u0259 saxlan\u0131l\u0131b v\u0259 Cinay\u0259t M\u0259c\u0259ll\u0259sinin 234.1-1-ci madd\u0259si (narkotik vasit\u0259l\u0259rin qanunsuz d\u00f6vriyy\u0259si) il\u0259 t\u0259qsirl\u0259ndiril\u0259r\u0259k 2024-c\u00fc il yanvar\u0131n 31-d\u0259 Bak\u0131 A\u011f\u0131r Cinay\u0259tl\u0259r M\u0259hk\u0259m\u0259sinin h\u00f6km\u00fc il\u0259 3 il m\u00fcdd\u0259tin\u0259 azadl\u0131qdan m\u0259hrum edilib.<\/p>\n\n\n\n<p>O, ittihamlar\u0131 q\u0259bul etmir v\u0259 \u00fcz\u0259rin\u0259 narkotik madd\u0259nin qoyuldu\u011funu bildirir.<\/p>\n\n\n\n<p>2025-ci il may\u0131n 6-dan etibar\u0259n Mustafayev m\u00fcxalif siyas\u0259t\u00e7i Tofiq Yaqublu v\u0259 dig\u0259r siyasi m\u0259hbuslar\u0131n azad olunmas\u0131 t\u0259l\u0259bil\u0259 acl\u0131q aksiyas\u0131na ba\u015flam\u0131\u015fd\u0131.<\/p>\n\n\n\n<p>Aksiyadan sonra ona t\u0259zyiql\u0259rin artd\u0131\u011f\u0131, saxland\u0131\u011f\u0131 m\u00fc\u0259ssis\u0259nin d\u0259yi\u015fdirildiyi v\u0259 bir m\u00fcdd\u0259t harada saxlan\u0131ld\u0131\u011f\u0131na dair m\u0259lumat verilm\u0259diyi bildirilirdi.<\/p>\n\n\n\n<p>Haz\u0131rda Elvin Mustafayevin 6 sayl\u0131 c\u0259za\u00e7\u0259km\u0259 m\u00fc\u0259ssis\u0259sinin c\u0259rim\u0259 t\u0259cridxanas\u0131nda saxlan\u0131ld\u0131\u011f\u0131 deyilir. Qanunvericiliy\u0259 \u0259sas\u0259n, may\u0131n 19-da karserd\u0259n \u00e7\u0131xar\u0131lmal\u0131 olsa da, \u0259lav\u0259 10 g\u00fcn orada qalaca\u011f\u0131 bildirilib.<\/p>\n\n\n\n<p>\u201c\u0130\u015f\u00e7i Masas\u0131\u201d Konfederasiyas\u0131 v\u0259 Elvin Mustafayevin yax\u0131nlar\u0131 onun s\u0259hh\u0259tind\u0259n ciddi narahat olduqlar\u0131n\u0131 bildir\u0259r\u0259k d\u0259rhal karserd\u0259n \u00e7\u0131xar\u0131lmas\u0131n\u0131 t\u0259l\u0259b edirl\u0259r.<\/p>\n\n\n\n<p>2022-ci ild\u0259 Az\u0259rbaycanda i\u015f\u00e7i h\u00fcquqlar\u0131n\u0131 m\u00fcdafi\u0259 m\u0259qs\u0259dil\u0259 yarad\u0131lan \u201c\u0130\u015f\u00e7i Masas\u0131\u201d H\u0259mkarlar \u0130ttifaqlar\u0131 Konfederasiyas\u0131n\u0131n d\u00f6rd \u00fczv\u00fc \u2013 s\u0259dr Afi\u0259ddin M\u0259mm\u0259dov, Ayxan \u0130srafilov, Elvin Mustafayev v\u0259 M\u00f6hy\u0259ddin Orucov haz\u0131rda h\u0259bsd\u0259dir.<\/p>\n\n\n\n<p>Onlar\u0131n h\u0259r biri m\u00fcxt\u0259lif ittihamlarla \u00fczl\u0259\u015fs\u0259 d\u0259, bu ittihamlar\u0131n siyasi motivli v\u0259 qurama oldu\u011fu bildirilir.<\/p>\n","protected":false},"excerpt":{"rendered":"<p>\u0130clasda m\u0259lum olub ki, Mustafayev birba\u015fa karserd\u0259n m\u0259hk\u0259m\u0259 zal\u0131na g\u0259tirilib &#8230; <\/p>\n<p class=\"read-more-container\"><a title=\"Ali M\u0259hk\u0259m\u0259 Elvin Mustafayevin \u015fikay\u0259tini t\u0259min etm\u0259yib\" class=\"read-more button\" href=\"https:\/\/www.meydan.tv\/az\/article\/ali-m%c9%99hk%c9%99m%c9%99-elvin-mustafayevin-sikay%c9%99tini-t%c9%99min-etm%c9%99yib\/#more-330808\" aria-label=\"Read more about Ali M\u0259hk\u0259m\u0259 Elvin Mustafayevin \u015fikay\u0259tini t\u0259min etm\u0259yib\">Davam\u0131<\/a><\/p>\n","protected":false},"author":21,"featured_media":281608,"comment_status":"closed","ping_status":"closed","sticky":false,"template":"","format":"standard","meta":{"_acf_changed":false,"_sitemap_exclude":false,"_sitemap_priority":"","_sitemap_frequency":"","footnotes":""},"categories":[59,79,56],"tags":[],"class_list":["post-330808","post","type-post","status-publish","format-standard","has-post-thumbnail","hentry","category-siyaset","category-featured","category-xeberler","infinite-scroll-item","generate-columns","tablet-grid-50","mobile-grid-100","grid-parent","grid-33","no-featured-image-padding"],"acf":[],"yoast_head":"<!-- This site is optimized with the Yoast SEO plugin v27.5 - https:\/\/yoast.com\/product\/yoast-seo-wordpress\/ -->\n<title>Ali M\u0259hk\u0259m\u0259 Elvin Mustafayevin \u015fikay\u0259tini t\u0259min etm\u0259yib - MEYDAN.TV<\/title>\n<meta name=\"robots\" content=\"index, follow, max-snippet:-1, max-image-preview:large, max-video-preview:-1\" \/>\n<link rel=\"canonical\" href=\"https:\/\/www.meydan.tv\/az\/article\/ali-m%c9%99hk%c9%99m%c9%99-elvin-mustafayevin-sikay%c9%99tini-t%c9%99min-etm%c9%99yib\/\" \/>\n<meta property=\"og:locale\" content=\"az_AZ\" \/>\n<meta property=\"og:type\" content=\"article\" \/>\n<meta property=\"og:title\" content=\"Ali M\u0259hk\u0259m\u0259 Elvin Mustafayevin \u015fikay\u0259tini t\u0259min etm\u0259yib - MEYDAN.TV\" \/>\n<meta property=\"og:description\" content=\"\u0130clasda m\u0259lum olub ki, Mustafayev birba\u015fa karserd\u0259n m\u0259hk\u0259m\u0259 zal\u0131na g\u0259tirilib ... Davam\u0131\" \/>\n<meta property=\"og:url\" content=\"https:\/\/www.meydan.tv\/az\/article\/ali-m%c9%99hk%c9%99m%c9%99-elvin-mustafayevin-sikay%c9%99tini-t%c9%99min-etm%c9%99yib\/\" \/>\n<meta property=\"og:site_name\" content=\"MEYDAN.TV\" \/>\n<meta property=\"article:published_time\" content=\"2025-05-22T08:33:12+00:00\" \/>\n<meta property=\"article:modified_time\" content=\"2025-05-22T08:33:14+00:00\" \/>\n<meta property=\"og:image\" content=\"https:\/\/www.meydan.tv\/wp-content\/uploads\/untitled-design-175-e1691309119679.jpg\" \/>\n\t<meta property=\"og:image:width\" content=\"1200\" \/>\n\t<meta property=\"og:image:height\" content=\"486\" \/>\n\t<meta property=\"og:image:type\" content=\"image\/jpeg\" \/>\n<meta name=\"author\" content=\"mahmud\" \/>\n<meta name=\"twitter:card\" content=\"summary_large_image\" \/>\n<script type=\"application\/ld+json\" class=\"yoast-schema-graph\">{\"@context\":\"https:\\\/\\\/schema.org\",\"@graph\":[{\"@type\":\"Article\",\"@id\":\"https:\\\/\\\/www.meydan.tv\\\/az\\\/article\\\/ali-m%c9%99hk%c9%99m%c9%99-elvin-mustafayevin-sikay%c9%99tini-t%c9%99min-etm%c9%99yib\\\/#article\",\"isPartOf\":{\"@id\":\"https:\\\/\\\/www.meydan.tv\\\/az\\\/article\\\/ali-m%c9%99hk%c9%99m%c9%99-elvin-mustafayevin-sikay%c9%99tini-t%c9%99min-etm%c9%99yib\\\/\"},\"author\":{\"name\":\"mahmud\",\"@id\":\"https:\\\/\\\/www.meydan.tv\\\/az\\\/#\\\/schema\\\/person\\\/09863e516102a829e72bedcf3f84c6b0\"},\"headline\":\"Ali M\u0259hk\u0259m\u0259 Elvin Mustafayevin \u015fikay\u0259tini t\u0259min etm\u0259yib\",\"datePublished\":\"2025-05-22T08:33:12+00:00\",\"dateModified\":\"2025-05-22T08:33:14+00:00\",\"mainEntityOfPage\":{\"@id\":\"https:\\\/\\\/www.meydan.tv\\\/az\\\/article\\\/ali-m%c9%99hk%c9%99m%c9%99-elvin-mustafayevin-sikay%c9%99tini-t%c9%99min-etm%c9%99yib\\\/\"},\"wordCount\":408,\"publisher\":{\"@id\":\"https:\\\/\\\/www.meydan.tv\\\/az\\\/#organization\"},\"image\":{\"@id\":\"https:\\\/\\\/www.meydan.tv\\\/az\\\/article\\\/ali-m%c9%99hk%c9%99m%c9%99-elvin-mustafayevin-sikay%c9%99tini-t%c9%99min-etm%c9%99yib\\\/#primaryimage\"},\"thumbnailUrl\":\"https:\\\/\\\/www.meydan.tv\\\/wp-content\\\/uploads\\\/untitled-design-175-e1691309119679.jpg\",\"articleSection\":[\"Siyas\u0259t\",\"T\u00f6vsiy\u0259\",\"X\u0259b\u0259rl\u0259r\"],\"inLanguage\":\"az\"},{\"@type\":\"WebPage\",\"@id\":\"https:\\\/\\\/www.meydan.tv\\\/az\\\/article\\\/ali-m%c9%99hk%c9%99m%c9%99-elvin-mustafayevin-sikay%c9%99tini-t%c9%99min-etm%c9%99yib\\\/\",\"url\":\"https:\\\/\\\/www.meydan.tv\\\/az\\\/article\\\/ali-m%c9%99hk%c9%99m%c9%99-elvin-mustafayevin-sikay%c9%99tini-t%c9%99min-etm%c9%99yib\\\/\",\"name\":\"Ali M\u0259hk\u0259m\u0259 Elvin Mustafayevin \u015fikay\u0259tini t\u0259min etm\u0259yib - MEYDAN.TV\",\"isPartOf\":{\"@id\":\"https:\\\/\\\/www.meydan.tv\\\/az\\\/#website\"},\"primaryImageOfPage\":{\"@id\":\"https:\\\/\\\/www.meydan.tv\\\/az\\\/article\\\/ali-m%c9%99hk%c9%99m%c9%99-elvin-mustafayevin-sikay%c9%99tini-t%c9%99min-etm%c9%99yib\\\/#primaryimage\"},\"image\":{\"@id\":\"https:\\\/\\\/www.meydan.tv\\\/az\\\/article\\\/ali-m%c9%99hk%c9%99m%c9%99-elvin-mustafayevin-sikay%c9%99tini-t%c9%99min-etm%c9%99yib\\\/#primaryimage\"},\"thumbnailUrl\":\"https:\\\/\\\/www.meydan.tv\\\/wp-content\\\/uploads\\\/untitled-design-175-e1691309119679.jpg\",\"datePublished\":\"2025-05-22T08:33:12+00:00\",\"dateModified\":\"2025-05-22T08:33:14+00:00\",\"breadcrumb\":{\"@id\":\"https:\\\/\\\/www.meydan.tv\\\/az\\\/article\\\/ali-m%c9%99hk%c9%99m%c9%99-elvin-mustafayevin-sikay%c9%99tini-t%c9%99min-etm%c9%99yib\\\/#breadcrumb\"},\"inLanguage\":\"az\",\"potentialAction\":[{\"@type\":\"ReadAction\",\"target\":[\"https:\\\/\\\/www.meydan.tv\\\/az\\\/article\\\/ali-m%c9%99hk%c9%99m%c9%99-elvin-mustafayevin-sikay%c9%99tini-t%c9%99min-etm%c9%99yib\\\/\"]}]},{\"@type\":\"ImageObject\",\"inLanguage\":\"az\",\"@id\":\"https:\\\/\\\/www.meydan.tv\\\/az\\\/article\\\/ali-m%c9%99hk%c9%99m%c9%99-elvin-mustafayevin-sikay%c9%99tini-t%c9%99min-etm%c9%99yib\\\/#primaryimage\",\"url\":\"https:\\\/\\\/www.meydan.tv\\\/wp-content\\\/uploads\\\/untitled-design-175-e1691309119679.jpg\",\"contentUrl\":\"https:\\\/\\\/www.meydan.tv\\\/wp-content\\\/uploads\\\/untitled-design-175-e1691309119679.jpg\",\"width\":1200,\"height\":486,\"caption\":\"Elvin Mustafayev.Foto: F\u0259rqan\u0259 Novruzova\"},{\"@type\":\"BreadcrumbList\",\"@id\":\"https:\\\/\\\/www.meydan.tv\\\/az\\\/article\\\/ali-m%c9%99hk%c9%99m%c9%99-elvin-mustafayevin-sikay%c9%99tini-t%c9%99min-etm%c9%99yib\\\/#breadcrumb\",\"itemListElement\":[{\"@type\":\"ListItem\",\"position\":1,\"name\":\"Ana s\u0259hif\u0259\",\"item\":\"https:\\\/\\\/www.meydan.tv\\\/az\\\/\"},{\"@type\":\"ListItem\",\"position\":2,\"name\":\"Siyas\u0259t\",\"item\":\"https:\\\/\\\/www.meydan.tv\\\/az\\\/section\\\/siyaset\\\/\"},{\"@type\":\"ListItem\",\"position\":3,\"name\":\"Ali M\u0259hk\u0259m\u0259 Elvin Mustafayevin \u015fikay\u0259tini t\u0259min etm\u0259yib\"}]},{\"@type\":\"WebSite\",\"@id\":\"https:\\\/\\\/www.meydan.tv\\\/az\\\/#website\",\"url\":\"https:\\\/\\\/www.meydan.tv\\\/az\\\/\",\"name\":\"MEYDAN.TV\",\"description\":\"Meydan TV Az\u0259rbaycan\u0131n media m\u0259kan\u0131ndak\u0131 alternativ s\u0259sidir\",\"publisher\":{\"@id\":\"https:\\\/\\\/www.meydan.tv\\\/az\\\/#organization\"},\"potentialAction\":[{\"@type\":\"SearchAction\",\"target\":{\"@type\":\"EntryPoint\",\"urlTemplate\":\"https:\\\/\\\/www.meydan.tv\\\/az\\\/?s={search_term_string}\"},\"query-input\":{\"@type\":\"PropertyValueSpecification\",\"valueRequired\":true,\"valueName\":\"search_term_string\"}}],\"inLanguage\":\"az\"},{\"@type\":\"Organization\",\"@id\":\"https:\\\/\\\/www.meydan.tv\\\/az\\\/#organization\",\"name\":\"Meydan TV\",\"url\":\"https:\\\/\\\/www.meydan.tv\\\/az\\\/\",\"logo\":{\"@type\":\"ImageObject\",\"inLanguage\":\"az\",\"@id\":\"https:\\\/\\\/www.meydan.tv\\\/az\\\/#\\\/schema\\\/logo\\\/image\\\/\",\"url\":\"https:\\\/\\\/www.meydan.tv\\\/wp-content\\\/uploads\\\/2021\\\/07\\\/meydan-logo.svg\",\"contentUrl\":\"https:\\\/\\\/www.meydan.tv\\\/wp-content\\\/uploads\\\/2021\\\/07\\\/meydan-logo.svg\",\"width\":195,\"height\":46,\"caption\":\"Meydan TV\"},\"image\":{\"@id\":\"https:\\\/\\\/www.meydan.tv\\\/az\\\/#\\\/schema\\\/logo\\\/image\\\/\"}},{\"@type\":\"Person\",\"@id\":\"https:\\\/\\\/www.meydan.tv\\\/az\\\/#\\\/schema\\\/person\\\/09863e516102a829e72bedcf3f84c6b0\",\"name\":\"mahmud\"}]}<\/script>\n<!-- \/ Yoast SEO plugin. -->","yoast_head_json":{"title":"Ali M\u0259hk\u0259m\u0259 Elvin Mustafayevin \u015fikay\u0259tini t\u0259min etm\u0259yib - MEYDAN.TV","robots":{"index":"index","follow":"follow","max-snippet":"max-snippet:-1","max-image-preview":"max-image-preview:large","max-video-preview":"max-video-preview:-1"},"canonical":"https:\/\/www.meydan.tv\/az\/article\/ali-m%c9%99hk%c9%99m%c9%99-elvin-mustafayevin-sikay%c9%99tini-t%c9%99min-etm%c9%99yib\/","og_locale":"az_AZ","og_type":"article","og_title":"Ali M\u0259hk\u0259m\u0259 Elvin Mustafayevin \u015fikay\u0259tini t\u0259min etm\u0259yib - MEYDAN.TV","og_description":"\u0130clasda m\u0259lum olub ki, Mustafayev birba\u015fa karserd\u0259n m\u0259hk\u0259m\u0259 zal\u0131na g\u0259tirilib ... Davam\u0131","og_url":"https:\/\/www.meydan.tv\/az\/article\/ali-m%c9%99hk%c9%99m%c9%99-elvin-mustafayevin-sikay%c9%99tini-t%c9%99min-etm%c9%99yib\/","og_site_name":"MEYDAN.TV","article_published_time":"2025-05-22T08:33:12+00:00","article_modified_time":"2025-05-22T08:33:14+00:00","og_image":[{"width":1200,"height":486,"url":"https:\/\/www.meydan.tv\/wp-content\/uploads\/untitled-design-175-e1691309119679.jpg","type":"image\/jpeg"}],"author":"mahmud","twitter_card":"summary_large_image","schema":{"@context":"https:\/\/schema.org","@graph":[{"@type":"Article","@id":"https:\/\/www.meydan.tv\/az\/article\/ali-m%c9%99hk%c9%99m%c9%99-elvin-mustafayevin-sikay%c9%99tini-t%c9%99min-etm%c9%99yib\/#article","isPartOf":{"@id":"https:\/\/www.meydan.tv\/az\/article\/ali-m%c9%99hk%c9%99m%c9%99-elvin-mustafayevin-sikay%c9%99tini-t%c9%99min-etm%c9%99yib\/"},"author":{"name":"mahmud","@id":"https:\/\/www.meydan.tv\/az\/#\/schema\/person\/09863e516102a829e72bedcf3f84c6b0"},"headline":"Ali M\u0259hk\u0259m\u0259 Elvin Mustafayevin \u015fikay\u0259tini t\u0259min etm\u0259yib","datePublished":"2025-05-22T08:33:12+00:00","dateModified":"2025-05-22T08:33:14+00:00","mainEntityOfPage":{"@id":"https:\/\/www.meydan.tv\/az\/article\/ali-m%c9%99hk%c9%99m%c9%99-elvin-mustafayevin-sikay%c9%99tini-t%c9%99min-etm%c9%99yib\/"},"wordCount":408,"publisher":{"@id":"https:\/\/www.meydan.tv\/az\/#organization"},"image":{"@id":"https:\/\/www.meydan.tv\/az\/article\/ali-m%c9%99hk%c9%99m%c9%99-elvin-mustafayevin-sikay%c9%99tini-t%c9%99min-etm%c9%99yib\/#primaryimage"},"thumbnailUrl":"https:\/\/www.meydan.tv\/wp-content\/uploads\/untitled-design-175-e1691309119679.jpg","articleSection":["Siyas\u0259t","T\u00f6vsiy\u0259","X\u0259b\u0259rl\u0259r"],"inLanguage":"az"},{"@type":"WebPage","@id":"https:\/\/www.meydan.tv\/az\/article\/ali-m%c9%99hk%c9%99m%c9%99-elvin-mustafayevin-sikay%c9%99tini-t%c9%99min-etm%c9%99yib\/","url":"https:\/\/www.meydan.tv\/az\/article\/ali-m%c9%99hk%c9%99m%c9%99-elvin-mustafayevin-sikay%c9%99tini-t%c9%99min-etm%c9%99yib\/","name":"Ali M\u0259hk\u0259m\u0259 Elvin Mustafayevin \u015fikay\u0259tini t\u0259min etm\u0259yib - MEYDAN.TV","isPartOf":{"@id":"https:\/\/www.meydan.tv\/az\/#website"},"primaryImageOfPage":{"@id":"https:\/\/www.meydan.tv\/az\/article\/ali-m%c9%99hk%c9%99m%c9%99-elvin-mustafayevin-sikay%c9%99tini-t%c9%99min-etm%c9%99yib\/#primaryimage"},"image":{"@id":"https:\/\/www.meydan.tv\/az\/article\/ali-m%c9%99hk%c9%99m%c9%99-elvin-mustafayevin-sikay%c9%99tini-t%c9%99min-etm%c9%99yib\/#primaryimage"},"thumbnailUrl":"https:\/\/www.meydan.tv\/wp-content\/uploads\/untitled-design-175-e1691309119679.jpg","datePublished":"2025-05-22T08:33:12+00:00","dateModified":"2025-05-22T08:33:14+00:00","breadcrumb":{"@id":"https:\/\/www.meydan.tv\/az\/article\/ali-m%c9%99hk%c9%99m%c9%99-elvin-mustafayevin-sikay%c9%99tini-t%c9%99min-etm%c9%99yib\/#breadcrumb"},"inLanguage":"az","potentialAction":[{"@type":"ReadAction","target":["https:\/\/www.meydan.tv\/az\/article\/ali-m%c9%99hk%c9%99m%c9%99-elvin-mustafayevin-sikay%c9%99tini-t%c9%99min-etm%c9%99yib\/"]}]},{"@type":"ImageObject","inLanguage":"az","@id":"https:\/\/www.meydan.tv\/az\/article\/ali-m%c9%99hk%c9%99m%c9%99-elvin-mustafayevin-sikay%c9%99tini-t%c9%99min-etm%c9%99yib\/#primaryimage","url":"https:\/\/www.meydan.tv\/wp-content\/uploads\/untitled-design-175-e1691309119679.jpg","contentUrl":"https:\/\/www.meydan.tv\/wp-content\/uploads\/untitled-design-175-e1691309119679.jpg","width":1200,"height":486,"caption":"Elvin Mustafayev.Foto: F\u0259rqan\u0259 Novruzova"},{"@type":"BreadcrumbList","@id":"https:\/\/www.meydan.tv\/az\/article\/ali-m%c9%99hk%c9%99m%c9%99-elvin-mustafayevin-sikay%c9%99tini-t%c9%99min-etm%c9%99yib\/#breadcrumb","itemListElement":[{"@type":"ListItem","position":1,"name":"Ana s\u0259hif\u0259","item":"https:\/\/www.meydan.tv\/az\/"},{"@type":"ListItem","position":2,"name":"Siyas\u0259t","item":"https:\/\/www.meydan.tv\/az\/section\/siyaset\/"},{"@type":"ListItem","position":3,"name":"Ali M\u0259hk\u0259m\u0259 Elvin Mustafayevin \u015fikay\u0259tini t\u0259min etm\u0259yib"}]},{"@type":"WebSite","@id":"https:\/\/www.meydan.tv\/az\/#website","url":"https:\/\/www.meydan.tv\/az\/","name":"MEYDAN.TV","description":"Meydan TV Az\u0259rbaycan\u0131n media m\u0259kan\u0131ndak\u0131 alternativ s\u0259sidir","publisher":{"@id":"https:\/\/www.meydan.tv\/az\/#organization"},"potentialAction":[{"@type":"SearchAction","target":{"@type":"EntryPoint","urlTemplate":"https:\/\/www.meydan.tv\/az\/?s={search_term_string}"},"query-input":{"@type":"PropertyValueSpecification","valueRequired":true,"valueName":"search_term_string"}}],"inLanguage":"az"},{"@type":"Organization","@id":"https:\/\/www.meydan.tv\/az\/#organization","name":"Meydan TV","url":"https:\/\/www.meydan.tv\/az\/","logo":{"@type":"ImageObject","inLanguage":"az","@id":"https:\/\/www.meydan.tv\/az\/#\/schema\/logo\/image\/","url":"https:\/\/www.meydan.tv\/wp-content\/uploads\/2021\/07\/meydan-logo.svg","contentUrl":"https:\/\/www.meydan.tv\/wp-content\/uploads\/2021\/07\/meydan-logo.svg","width":195,"height":46,"caption":"Meydan TV"},"image":{"@id":"https:\/\/www.meydan.tv\/az\/#\/schema\/logo\/image\/"}},{"@type":"Person","@id":"https:\/\/www.meydan.tv\/az\/#\/schema\/person\/09863e516102a829e72bedcf3f84c6b0","name":"mahmud"}]}},"_links":{"self":[{"href":"https:\/\/www.meydan.tv\/az\/wp-json\/wp\/v2\/posts\/330808","targetHints":{"allow":["GET"]}}],"collection":[{"href":"https:\/\/www.meydan.tv\/az\/wp-json\/wp\/v2\/posts"}],"about":[{"href":"https:\/\/www.meydan.tv\/az\/wp-json\/wp\/v2\/types\/post"}],"author":[{"embeddable":true,"href":"https:\/\/www.meydan.tv\/az\/wp-json\/wp\/v2\/users\/21"}],"replies":[{"embeddable":true,"href":"https:\/\/www.meydan.tv\/az\/wp-json\/wp\/v2\/comments?post=330808"}],"version-history":[{"count":1,"href":"https:\/\/www.meydan.tv\/az\/wp-json\/wp\/v2\/posts\/330808\/revisions"}],"predecessor-version":[{"id":330809,"href":"https:\/\/www.meydan.tv\/az\/wp-json\/wp\/v2\/posts\/330808\/revisions\/330809"}],"wp:featuredmedia":[{"embeddable":true,"href":"https:\/\/www.meydan.tv\/az\/wp-json\/wp\/v2\/media\/281608"}],"wp:attachment":[{"href":"https:\/\/www.meydan.tv\/az\/wp-json\/wp\/v2\/media?parent=330808"}],"wp:term":[{"taxonomy":"category","embeddable":true,"href":"https:\/\/www.meydan.tv\/az\/wp-json\/wp\/v2\/categories?post=330808"},{"taxonomy":"post_tag","embeddable":true,"href":"https:\/\/www.meydan.tv\/az\/wp-json\/wp\/v2\/tags?post=330808"}],"curies":[{"name":"wp","href":"https:\/\/api.w.org\/{rel}","templated":true}]}}