{"id":330784,"date":"2025-05-21T19:11:15","date_gmt":"2025-05-21T15:11:15","guid":{"rendered":"https:\/\/www.meydan.tv\/?p=330784"},"modified":"2025-05-21T19:11:18","modified_gmt":"2025-05-21T15:11:18","slug":"sabirabadda-16-yasli-qizi-qeyri-r%c9%99smi-nikahda-yasadigi-s%c9%99xsin-oldurduyu-bildirilir","status":"publish","type":"post","link":"https:\/\/www.meydan.tv\/az\/article\/sabirabadda-16-yasli-qizi-qeyri-r%c9%99smi-nikahda-yasadigi-s%c9%99xsin-oldurduyu-bildirilir\/","title":{"rendered":"Sabirabadda 16 ya\u015fl\u0131 q\u0131z\u0131 qeyri-r\u0259smi nikahda ya\u015fad\u0131\u011f\u0131 \u015f\u0259xsin \u00f6ld\u00fcrd\u00fcy\u00fc bildirilir"},"content":{"rendered":"\n<p><strong><em>Q\u0131z\u0131 \u00f6ld\u00fcr\u0259nd\u0259n sonra izi itirm\u0259k \u00fc\u00e7\u00fcn c\u0259s\u0259di K\u00fcr \u00e7ay\u0131na at\u0131l\u0131b<\/em><\/strong><\/p>\n\n\n\n<p>Sabirabad rayonunda 16 ya\u015fl\u0131 q\u0131z\u0131 \u00f6ld\u00fcr\u0259r\u0259k K\u00fcr \u00e7ay\u0131na atmaqda \u015f\u00fcbh\u0259li bilin\u0259n \u015f\u0259xs h\u0259bs olunub.<\/p>\n\n\n\n<p>&nbsp;Bu bar\u0259d\u0259 Ba\u015f prokurorluq <a href=\"https:\/\/genprosecutor.gov.az\/az\/post\/8604\">m\u0259lumat<\/a> yay\u0131b. <\/p>\n\n\n\n<p>M\u0259lumata g\u00f6r\u0259, &nbsp;may\u0131n 20-d\u0259 K\u00fcr \u00e7ay\u0131ndan qad\u0131n c\u0259s\u0259dinin tap\u0131lmas\u0131 bar\u0259d\u0259 rayon prokurorlu\u011funa m\u0259lumat daxil olub.<\/p>\n\n\n\n<p><em>\u201c\u0130lkin ara\u015fd\u0131rmalarla 2004-c\u00fc il t\u0259v\u0259ll\u00fcdl\u00fc Seyidr\u0259sul Tal\u0131bzad\u0259nin may\u0131n 18-d\u0259 rayonun G\u00fcd\u0259c\u00fch\u00fcr k\u0259ndi yax\u0131nl\u0131\u011f\u0131nda yerl\u0259\u015f\u0259n me\u015f\u0259lik \u0259razisind\u0259 aralar\u0131nda yaranm\u0131\u015f m\u00fcbahis\u0259 zaman\u0131 tan\u0131\u015f\u0131 2009-cu il t\u0259v\u0259ll\u00fcdl\u00fc Nuran\u0259 \u018fl\u0259kb\u0259rovan\u0131 q\u0259sd\u0259n \u00f6ld\u00fcrm\u0259si v\u0259 meyitini suya atmas\u0131na \u0259sasl\u0131 \u015f\u00fcbh\u0259l\u0259r m\u00fc\u0259yy\u0259n edilib. Faktla ba\u011fl\u0131 rayon prokurorlu\u011funda Cinay\u0259t M\u0259c\u0259ll\u0259sinin 120.1-ci (q\u0259sd\u0259n adam \u00f6ld\u00fcrm\u0259) madd\u0259si il\u0259 cinay\u0259t i\u015fi ba\u015flan\u0131b\u201d,<\/em> &#8211; m\u0259lumatda deyilir.<\/p>\n\n\n\n<p>Qeyd olunub ki, 21 ya\u015fl\u0131 Seyidr\u0259sul Tal\u0131bzad\u0259 \u015f\u00fcbh\u0259li \u015f\u0259xs qismind\u0259 saxlan\u0131l\u0131b v\u0259 istintaq davam edir.<\/p>\n\n\n\n<p>Saxlan\u0131lan \u015f\u0259xsin atas\u0131 jurnalistl\u0259r\u0259 deyib ki, o\u011flu il\u0259 Nuran\u0259 \u018fl\u0259kb\u0259rova ke\u00e7\u0259n ild\u0259n qeyri-r\u0259smi nikahda olublar.<\/p>\n\n\n\n<p>Deyil\u0259n\u0259 g\u00f6r\u0259, c\u00fctl\u00fck aras\u0131nda m\u00fcnaqi\u015f\u0259 ya\u015fan\u0131b. M\u00fcbahis\u0259 bir ne\u00e7\u0259 g\u00fcn davam edib v\u0259 son m\u00fcnaqi\u015f\u0259 n\u0259tic\u0259sind\u0259 S. Tal\u0131bzad\u0259 N.\u018fl\u0259kb\u0259rovan\u0131 d\u00f6y\u0259r\u0259k bo\u011fub. N\u0259tic\u0259d\u0259, q\u0131z hadis\u0259 yerind\u0259 \u00f6l\u00fcb.<\/p>\n\n\n\n<p>Yerli mediada yay\u0131lan m\u0259lumatlarda bildirilir ki, \u018fl\u0259kb\u0259rovan\u0131n \u00f6ld\u00fcy\u00fcn\u00fc g\u00f6r\u0259n Tal\u0131bzad\u0259 izi itirm\u0259k \u00fc\u00e7\u00fcn c\u0259s\u0259di K\u00fcr \u00e7ay\u0131na at\u0131b v\u0259 onun intihar etdiyi bar\u0259d\u0259 m\u0259lumat yaymaq ist\u0259yib. Onun bu bar\u0259d\u0259 h\u00fcquq-m\u00fchafiz\u0259 orqanlar\u0131na m\u0259lumat verdiyi d\u0259 bildirilir.<\/p>\n\n\n\n<p>Lakin 16 ya\u015fl\u0131 q\u0131z\u0131n ail\u0259 \u00fczvl\u0259ri onun q\u0259tl\u0259 yetirildiyini iddia edibl\u0259r.<\/p>\n\n\n\n<p>Bildirilir ki, bundan sonra S.Tal\u0131bzad\u0259 saxlan\u0131l\u0131b v\u0259 t\u00f6r\u0259tdiyi cinay\u0259ti etiraf edib.<\/p>\n\n\n\n<p>Cinay\u0259t M\u0259c\u0259ll\u0259sinin 176-c\u0131 madd\u0259sin\u0259 g\u00f6r\u0259, nikah ya\u015f\u0131na \u00e7atmayan insan\u0131 m\u0259cburi evl\u0259ndirm\u0259y\u0259 g\u00f6r\u0259 \u00fc\u00e7 min manatdan d\u00f6rd min manatad\u0259k miqdarda c\u0259rim\u0259 v\u0259 ya d\u00f6rd il\u0259d\u0259k m\u00fcdd\u0259t\u0259 azadl\u0131qdan m\u0259hrum etm\u0259 c\u0259zas\u0131 n\u0259z\u0259rd\u0259 tutulur.<\/p>\n\n\n\n<p>Ail\u0259, Qad\u0131n v\u0259 U\u015faq Probleml\u0259ri \u00fczr\u0259 D\u00f6vl\u0259t Komit\u0259sinin m\u0259lumat\u0131na g\u00f6r\u0259, 2023-c\u00fc ild\u0259 293 erk\u0259n evliliyin qar\u015f\u0131s\u0131 al\u0131n\u0131b. 2023-c\u00fc ild\u0259 18 ya\u015f\u0131na \u00e7atmayan q\u0131zlar t\u0259r\u0259find\u0259n 1742 u\u015faq d\u00fcnyaya g\u0259lib.<\/p>\n","protected":false},"excerpt":{"rendered":"<p>Q\u0131z\u0131 \u00f6ld\u00fcr\u0259nd\u0259n sonra izi itirm\u0259k \u00fc\u00e7\u00fcn c\u0259s\u0259di K\u00fcr \u00e7ay\u0131na at\u0131l\u0131b &#8230; <\/p>\n<p class=\"read-more-container\"><a title=\"Sabirabadda 16 ya\u015fl\u0131 q\u0131z\u0131 qeyri-r\u0259smi nikahda ya\u015fad\u0131\u011f\u0131 \u015f\u0259xsin \u00f6ld\u00fcrd\u00fcy\u00fc bildirilir\" class=\"read-more button\" href=\"https:\/\/www.meydan.tv\/az\/article\/sabirabadda-16-yasli-qizi-qeyri-r%c9%99smi-nikahda-yasadigi-s%c9%99xsin-oldurduyu-bildirilir\/#more-330784\" aria-label=\"Read more about Sabirabadda 16 ya\u015fl\u0131 q\u0131z\u0131 qeyri-r\u0259smi nikahda ya\u015fad\u0131\u011f\u0131 \u015f\u0259xsin \u00f6ld\u00fcrd\u00fcy\u00fc bildirilir\">Davam\u0131<\/a><\/p>\n","protected":false},"author":21,"featured_media":255404,"comment_status":"closed","ping_status":"closed","sticky":false,"template":"","format":"standard","meta":{"_acf_changed":false,"_sitemap_exclude":false,"_sitemap_priority":"","_sitemap_frequency":"","footnotes":""},"categories":[62,56],"tags":[],"class_list":["post-330784","post","type-post","status-publish","format-standard","has-post-thumbnail","hentry","category-sosial","category-xeberler","infinite-scroll-item","generate-columns","tablet-grid-50","mobile-grid-100","grid-parent","grid-33","no-featured-image-padding"],"acf":[],"yoast_head":"<!-- This site is optimized with the Yoast SEO plugin v27.4 - https:\/\/yoast.com\/product\/yoast-seo-wordpress\/ -->\n<title>Sabirabadda 16 ya\u015fl\u0131 q\u0131z\u0131 qeyri-r\u0259smi nikahda ya\u015fad\u0131\u011f\u0131 \u015f\u0259xsin \u00f6ld\u00fcrd\u00fcy\u00fc bildirilir - MEYDAN.TV<\/title>\n<meta name=\"robots\" content=\"index, follow, max-snippet:-1, max-image-preview:large, max-video-preview:-1\" \/>\n<link rel=\"canonical\" href=\"https:\/\/www.meydan.tv\/az\/article\/sabirabadda-16-yasli-qizi-qeyri-r%c9%99smi-nikahda-yasadigi-s%c9%99xsin-oldurduyu-bildirilir\/\" \/>\n<meta property=\"og:locale\" content=\"az_AZ\" \/>\n<meta property=\"og:type\" content=\"article\" \/>\n<meta property=\"og:title\" content=\"Sabirabadda 16 ya\u015fl\u0131 q\u0131z\u0131 qeyri-r\u0259smi nikahda ya\u015fad\u0131\u011f\u0131 \u015f\u0259xsin \u00f6ld\u00fcrd\u00fcy\u00fc bildirilir - MEYDAN.TV\" \/>\n<meta property=\"og:description\" content=\"Q\u0131z\u0131 \u00f6ld\u00fcr\u0259nd\u0259n sonra izi itirm\u0259k \u00fc\u00e7\u00fcn c\u0259s\u0259di K\u00fcr \u00e7ay\u0131na at\u0131l\u0131b ... Davam\u0131\" \/>\n<meta property=\"og:url\" content=\"https:\/\/www.meydan.tv\/az\/article\/sabirabadda-16-yasli-qizi-qeyri-r%c9%99smi-nikahda-yasadigi-s%c9%99xsin-oldurduyu-bildirilir\/\" \/>\n<meta property=\"og:site_name\" content=\"MEYDAN.TV\" \/>\n<meta property=\"article:published_time\" content=\"2025-05-21T15:11:15+00:00\" \/>\n<meta property=\"article:modified_time\" content=\"2025-05-21T15:11:18+00:00\" \/>\n<meta property=\"og:image\" content=\"https:\/\/www.meydan.tv\/wp-content\/uploads\/eaaaa287-0a2d-4e29-a805-0f0dd43df43c.jpeg\" \/>\n\t<meta property=\"og:image:width\" content=\"1200\" \/>\n\t<meta property=\"og:image:height\" content=\"675\" \/>\n\t<meta property=\"og:image:type\" content=\"image\/jpeg\" \/>\n<meta name=\"author\" content=\"mahmud\" \/>\n<meta name=\"twitter:card\" content=\"summary_large_image\" \/>\n<script type=\"application\/ld+json\" class=\"yoast-schema-graph\">{\"@context\":\"https:\\\/\\\/schema.org\",\"@graph\":[{\"@type\":\"Article\",\"@id\":\"https:\\\/\\\/www.meydan.tv\\\/az\\\/article\\\/sabirabadda-16-yasli-qizi-qeyri-r%c9%99smi-nikahda-yasadigi-s%c9%99xsin-oldurduyu-bildirilir\\\/#article\",\"isPartOf\":{\"@id\":\"https:\\\/\\\/www.meydan.tv\\\/az\\\/article\\\/sabirabadda-16-yasli-qizi-qeyri-r%c9%99smi-nikahda-yasadigi-s%c9%99xsin-oldurduyu-bildirilir\\\/\"},\"author\":{\"name\":\"mahmud\",\"@id\":\"https:\\\/\\\/www.meydan.tv\\\/az\\\/#\\\/schema\\\/person\\\/09863e516102a829e72bedcf3f84c6b0\"},\"headline\":\"Sabirabadda 16 ya\u015fl\u0131 q\u0131z\u0131 qeyri-r\u0259smi nikahda ya\u015fad\u0131\u011f\u0131 \u015f\u0259xsin \u00f6ld\u00fcrd\u00fcy\u00fc bildirilir\",\"datePublished\":\"2025-05-21T15:11:15+00:00\",\"dateModified\":\"2025-05-21T15:11:18+00:00\",\"mainEntityOfPage\":{\"@id\":\"https:\\\/\\\/www.meydan.tv\\\/az\\\/article\\\/sabirabadda-16-yasli-qizi-qeyri-r%c9%99smi-nikahda-yasadigi-s%c9%99xsin-oldurduyu-bildirilir\\\/\"},\"wordCount\":486,\"publisher\":{\"@id\":\"https:\\\/\\\/www.meydan.tv\\\/az\\\/#organization\"},\"image\":{\"@id\":\"https:\\\/\\\/www.meydan.tv\\\/az\\\/article\\\/sabirabadda-16-yasli-qizi-qeyri-r%c9%99smi-nikahda-yasadigi-s%c9%99xsin-oldurduyu-bildirilir\\\/#primaryimage\"},\"thumbnailUrl\":\"https:\\\/\\\/www.meydan.tv\\\/wp-content\\\/uploads\\\/eaaaa287-0a2d-4e29-a805-0f0dd43df43c.jpeg\",\"articleSection\":[\"Sosial\",\"X\u0259b\u0259rl\u0259r\"],\"inLanguage\":\"az\"},{\"@type\":\"WebPage\",\"@id\":\"https:\\\/\\\/www.meydan.tv\\\/az\\\/article\\\/sabirabadda-16-yasli-qizi-qeyri-r%c9%99smi-nikahda-yasadigi-s%c9%99xsin-oldurduyu-bildirilir\\\/\",\"url\":\"https:\\\/\\\/www.meydan.tv\\\/az\\\/article\\\/sabirabadda-16-yasli-qizi-qeyri-r%c9%99smi-nikahda-yasadigi-s%c9%99xsin-oldurduyu-bildirilir\\\/\",\"name\":\"Sabirabadda 16 ya\u015fl\u0131 q\u0131z\u0131 qeyri-r\u0259smi nikahda ya\u015fad\u0131\u011f\u0131 \u015f\u0259xsin \u00f6ld\u00fcrd\u00fcy\u00fc bildirilir - MEYDAN.TV\",\"isPartOf\":{\"@id\":\"https:\\\/\\\/www.meydan.tv\\\/az\\\/#website\"},\"primaryImageOfPage\":{\"@id\":\"https:\\\/\\\/www.meydan.tv\\\/az\\\/article\\\/sabirabadda-16-yasli-qizi-qeyri-r%c9%99smi-nikahda-yasadigi-s%c9%99xsin-oldurduyu-bildirilir\\\/#primaryimage\"},\"image\":{\"@id\":\"https:\\\/\\\/www.meydan.tv\\\/az\\\/article\\\/sabirabadda-16-yasli-qizi-qeyri-r%c9%99smi-nikahda-yasadigi-s%c9%99xsin-oldurduyu-bildirilir\\\/#primaryimage\"},\"thumbnailUrl\":\"https:\\\/\\\/www.meydan.tv\\\/wp-content\\\/uploads\\\/eaaaa287-0a2d-4e29-a805-0f0dd43df43c.jpeg\",\"datePublished\":\"2025-05-21T15:11:15+00:00\",\"dateModified\":\"2025-05-21T15:11:18+00:00\",\"breadcrumb\":{\"@id\":\"https:\\\/\\\/www.meydan.tv\\\/az\\\/article\\\/sabirabadda-16-yasli-qizi-qeyri-r%c9%99smi-nikahda-yasadigi-s%c9%99xsin-oldurduyu-bildirilir\\\/#breadcrumb\"},\"inLanguage\":\"az\",\"potentialAction\":[{\"@type\":\"ReadAction\",\"target\":[\"https:\\\/\\\/www.meydan.tv\\\/az\\\/article\\\/sabirabadda-16-yasli-qizi-qeyri-r%c9%99smi-nikahda-yasadigi-s%c9%99xsin-oldurduyu-bildirilir\\\/\"]}]},{\"@type\":\"ImageObject\",\"inLanguage\":\"az\",\"@id\":\"https:\\\/\\\/www.meydan.tv\\\/az\\\/article\\\/sabirabadda-16-yasli-qizi-qeyri-r%c9%99smi-nikahda-yasadigi-s%c9%99xsin-oldurduyu-bildirilir\\\/#primaryimage\",\"url\":\"https:\\\/\\\/www.meydan.tv\\\/wp-content\\\/uploads\\\/eaaaa287-0a2d-4e29-a805-0f0dd43df43c.jpeg\",\"contentUrl\":\"https:\\\/\\\/www.meydan.tv\\\/wp-content\\\/uploads\\\/eaaaa287-0a2d-4e29-a805-0f0dd43df43c.jpeg\",\"width\":1200,\"height\":675,\"caption\":\"\u0130ll\u00fcstrasiya: Meydan TV\"},{\"@type\":\"BreadcrumbList\",\"@id\":\"https:\\\/\\\/www.meydan.tv\\\/az\\\/article\\\/sabirabadda-16-yasli-qizi-qeyri-r%c9%99smi-nikahda-yasadigi-s%c9%99xsin-oldurduyu-bildirilir\\\/#breadcrumb\",\"itemListElement\":[{\"@type\":\"ListItem\",\"position\":1,\"name\":\"Ana s\u0259hif\u0259\",\"item\":\"https:\\\/\\\/www.meydan.tv\\\/az\\\/\"},{\"@type\":\"ListItem\",\"position\":2,\"name\":\"Sosial\",\"item\":\"https:\\\/\\\/www.meydan.tv\\\/az\\\/section\\\/sosial\\\/\"},{\"@type\":\"ListItem\",\"position\":3,\"name\":\"Sabirabadda 16 ya\u015fl\u0131 q\u0131z\u0131 qeyri-r\u0259smi nikahda ya\u015fad\u0131\u011f\u0131 \u015f\u0259xsin \u00f6ld\u00fcrd\u00fcy\u00fc bildirilir\"}]},{\"@type\":\"WebSite\",\"@id\":\"https:\\\/\\\/www.meydan.tv\\\/az\\\/#website\",\"url\":\"https:\\\/\\\/www.meydan.tv\\\/az\\\/\",\"name\":\"MEYDAN.TV\",\"description\":\"Meydan TV Az\u0259rbaycan\u0131n media m\u0259kan\u0131ndak\u0131 alternativ s\u0259sidir\",\"publisher\":{\"@id\":\"https:\\\/\\\/www.meydan.tv\\\/az\\\/#organization\"},\"potentialAction\":[{\"@type\":\"SearchAction\",\"target\":{\"@type\":\"EntryPoint\",\"urlTemplate\":\"https:\\\/\\\/www.meydan.tv\\\/az\\\/?s={search_term_string}\"},\"query-input\":{\"@type\":\"PropertyValueSpecification\",\"valueRequired\":true,\"valueName\":\"search_term_string\"}}],\"inLanguage\":\"az\"},{\"@type\":\"Organization\",\"@id\":\"https:\\\/\\\/www.meydan.tv\\\/az\\\/#organization\",\"name\":\"Meydan TV\",\"url\":\"https:\\\/\\\/www.meydan.tv\\\/az\\\/\",\"logo\":{\"@type\":\"ImageObject\",\"inLanguage\":\"az\",\"@id\":\"https:\\\/\\\/www.meydan.tv\\\/az\\\/#\\\/schema\\\/logo\\\/image\\\/\",\"url\":\"https:\\\/\\\/www.meydan.tv\\\/wp-content\\\/uploads\\\/2021\\\/07\\\/meydan-logo.svg\",\"contentUrl\":\"https:\\\/\\\/www.meydan.tv\\\/wp-content\\\/uploads\\\/2021\\\/07\\\/meydan-logo.svg\",\"width\":195,\"height\":46,\"caption\":\"Meydan TV\"},\"image\":{\"@id\":\"https:\\\/\\\/www.meydan.tv\\\/az\\\/#\\\/schema\\\/logo\\\/image\\\/\"}},{\"@type\":\"Person\",\"@id\":\"https:\\\/\\\/www.meydan.tv\\\/az\\\/#\\\/schema\\\/person\\\/09863e516102a829e72bedcf3f84c6b0\",\"name\":\"mahmud\"}]}<\/script>\n<!-- \/ Yoast SEO plugin. -->","yoast_head_json":{"title":"Sabirabadda 16 ya\u015fl\u0131 q\u0131z\u0131 qeyri-r\u0259smi nikahda ya\u015fad\u0131\u011f\u0131 \u015f\u0259xsin \u00f6ld\u00fcrd\u00fcy\u00fc bildirilir - MEYDAN.TV","robots":{"index":"index","follow":"follow","max-snippet":"max-snippet:-1","max-image-preview":"max-image-preview:large","max-video-preview":"max-video-preview:-1"},"canonical":"https:\/\/www.meydan.tv\/az\/article\/sabirabadda-16-yasli-qizi-qeyri-r%c9%99smi-nikahda-yasadigi-s%c9%99xsin-oldurduyu-bildirilir\/","og_locale":"az_AZ","og_type":"article","og_title":"Sabirabadda 16 ya\u015fl\u0131 q\u0131z\u0131 qeyri-r\u0259smi nikahda ya\u015fad\u0131\u011f\u0131 \u015f\u0259xsin \u00f6ld\u00fcrd\u00fcy\u00fc bildirilir - MEYDAN.TV","og_description":"Q\u0131z\u0131 \u00f6ld\u00fcr\u0259nd\u0259n sonra izi itirm\u0259k \u00fc\u00e7\u00fcn c\u0259s\u0259di K\u00fcr \u00e7ay\u0131na at\u0131l\u0131b ... Davam\u0131","og_url":"https:\/\/www.meydan.tv\/az\/article\/sabirabadda-16-yasli-qizi-qeyri-r%c9%99smi-nikahda-yasadigi-s%c9%99xsin-oldurduyu-bildirilir\/","og_site_name":"MEYDAN.TV","article_published_time":"2025-05-21T15:11:15+00:00","article_modified_time":"2025-05-21T15:11:18+00:00","og_image":[{"width":1200,"height":675,"url":"https:\/\/www.meydan.tv\/wp-content\/uploads\/eaaaa287-0a2d-4e29-a805-0f0dd43df43c.jpeg","type":"image\/jpeg"}],"author":"mahmud","twitter_card":"summary_large_image","schema":{"@context":"https:\/\/schema.org","@graph":[{"@type":"Article","@id":"https:\/\/www.meydan.tv\/az\/article\/sabirabadda-16-yasli-qizi-qeyri-r%c9%99smi-nikahda-yasadigi-s%c9%99xsin-oldurduyu-bildirilir\/#article","isPartOf":{"@id":"https:\/\/www.meydan.tv\/az\/article\/sabirabadda-16-yasli-qizi-qeyri-r%c9%99smi-nikahda-yasadigi-s%c9%99xsin-oldurduyu-bildirilir\/"},"author":{"name":"mahmud","@id":"https:\/\/www.meydan.tv\/az\/#\/schema\/person\/09863e516102a829e72bedcf3f84c6b0"},"headline":"Sabirabadda 16 ya\u015fl\u0131 q\u0131z\u0131 qeyri-r\u0259smi nikahda ya\u015fad\u0131\u011f\u0131 \u015f\u0259xsin \u00f6ld\u00fcrd\u00fcy\u00fc bildirilir","datePublished":"2025-05-21T15:11:15+00:00","dateModified":"2025-05-21T15:11:18+00:00","mainEntityOfPage":{"@id":"https:\/\/www.meydan.tv\/az\/article\/sabirabadda-16-yasli-qizi-qeyri-r%c9%99smi-nikahda-yasadigi-s%c9%99xsin-oldurduyu-bildirilir\/"},"wordCount":486,"publisher":{"@id":"https:\/\/www.meydan.tv\/az\/#organization"},"image":{"@id":"https:\/\/www.meydan.tv\/az\/article\/sabirabadda-16-yasli-qizi-qeyri-r%c9%99smi-nikahda-yasadigi-s%c9%99xsin-oldurduyu-bildirilir\/#primaryimage"},"thumbnailUrl":"https:\/\/www.meydan.tv\/wp-content\/uploads\/eaaaa287-0a2d-4e29-a805-0f0dd43df43c.jpeg","articleSection":["Sosial","X\u0259b\u0259rl\u0259r"],"inLanguage":"az"},{"@type":"WebPage","@id":"https:\/\/www.meydan.tv\/az\/article\/sabirabadda-16-yasli-qizi-qeyri-r%c9%99smi-nikahda-yasadigi-s%c9%99xsin-oldurduyu-bildirilir\/","url":"https:\/\/www.meydan.tv\/az\/article\/sabirabadda-16-yasli-qizi-qeyri-r%c9%99smi-nikahda-yasadigi-s%c9%99xsin-oldurduyu-bildirilir\/","name":"Sabirabadda 16 ya\u015fl\u0131 q\u0131z\u0131 qeyri-r\u0259smi nikahda ya\u015fad\u0131\u011f\u0131 \u015f\u0259xsin \u00f6ld\u00fcrd\u00fcy\u00fc bildirilir - MEYDAN.TV","isPartOf":{"@id":"https:\/\/www.meydan.tv\/az\/#website"},"primaryImageOfPage":{"@id":"https:\/\/www.meydan.tv\/az\/article\/sabirabadda-16-yasli-qizi-qeyri-r%c9%99smi-nikahda-yasadigi-s%c9%99xsin-oldurduyu-bildirilir\/#primaryimage"},"image":{"@id":"https:\/\/www.meydan.tv\/az\/article\/sabirabadda-16-yasli-qizi-qeyri-r%c9%99smi-nikahda-yasadigi-s%c9%99xsin-oldurduyu-bildirilir\/#primaryimage"},"thumbnailUrl":"https:\/\/www.meydan.tv\/wp-content\/uploads\/eaaaa287-0a2d-4e29-a805-0f0dd43df43c.jpeg","datePublished":"2025-05-21T15:11:15+00:00","dateModified":"2025-05-21T15:11:18+00:00","breadcrumb":{"@id":"https:\/\/www.meydan.tv\/az\/article\/sabirabadda-16-yasli-qizi-qeyri-r%c9%99smi-nikahda-yasadigi-s%c9%99xsin-oldurduyu-bildirilir\/#breadcrumb"},"inLanguage":"az","potentialAction":[{"@type":"ReadAction","target":["https:\/\/www.meydan.tv\/az\/article\/sabirabadda-16-yasli-qizi-qeyri-r%c9%99smi-nikahda-yasadigi-s%c9%99xsin-oldurduyu-bildirilir\/"]}]},{"@type":"ImageObject","inLanguage":"az","@id":"https:\/\/www.meydan.tv\/az\/article\/sabirabadda-16-yasli-qizi-qeyri-r%c9%99smi-nikahda-yasadigi-s%c9%99xsin-oldurduyu-bildirilir\/#primaryimage","url":"https:\/\/www.meydan.tv\/wp-content\/uploads\/eaaaa287-0a2d-4e29-a805-0f0dd43df43c.jpeg","contentUrl":"https:\/\/www.meydan.tv\/wp-content\/uploads\/eaaaa287-0a2d-4e29-a805-0f0dd43df43c.jpeg","width":1200,"height":675,"caption":"\u0130ll\u00fcstrasiya: Meydan TV"},{"@type":"BreadcrumbList","@id":"https:\/\/www.meydan.tv\/az\/article\/sabirabadda-16-yasli-qizi-qeyri-r%c9%99smi-nikahda-yasadigi-s%c9%99xsin-oldurduyu-bildirilir\/#breadcrumb","itemListElement":[{"@type":"ListItem","position":1,"name":"Ana s\u0259hif\u0259","item":"https:\/\/www.meydan.tv\/az\/"},{"@type":"ListItem","position":2,"name":"Sosial","item":"https:\/\/www.meydan.tv\/az\/section\/sosial\/"},{"@type":"ListItem","position":3,"name":"Sabirabadda 16 ya\u015fl\u0131 q\u0131z\u0131 qeyri-r\u0259smi nikahda ya\u015fad\u0131\u011f\u0131 \u015f\u0259xsin \u00f6ld\u00fcrd\u00fcy\u00fc bildirilir"}]},{"@type":"WebSite","@id":"https:\/\/www.meydan.tv\/az\/#website","url":"https:\/\/www.meydan.tv\/az\/","name":"MEYDAN.TV","description":"Meydan TV Az\u0259rbaycan\u0131n media m\u0259kan\u0131ndak\u0131 alternativ s\u0259sidir","publisher":{"@id":"https:\/\/www.meydan.tv\/az\/#organization"},"potentialAction":[{"@type":"SearchAction","target":{"@type":"EntryPoint","urlTemplate":"https:\/\/www.meydan.tv\/az\/?s={search_term_string}"},"query-input":{"@type":"PropertyValueSpecification","valueRequired":true,"valueName":"search_term_string"}}],"inLanguage":"az"},{"@type":"Organization","@id":"https:\/\/www.meydan.tv\/az\/#organization","name":"Meydan TV","url":"https:\/\/www.meydan.tv\/az\/","logo":{"@type":"ImageObject","inLanguage":"az","@id":"https:\/\/www.meydan.tv\/az\/#\/schema\/logo\/image\/","url":"https:\/\/www.meydan.tv\/wp-content\/uploads\/2021\/07\/meydan-logo.svg","contentUrl":"https:\/\/www.meydan.tv\/wp-content\/uploads\/2021\/07\/meydan-logo.svg","width":195,"height":46,"caption":"Meydan TV"},"image":{"@id":"https:\/\/www.meydan.tv\/az\/#\/schema\/logo\/image\/"}},{"@type":"Person","@id":"https:\/\/www.meydan.tv\/az\/#\/schema\/person\/09863e516102a829e72bedcf3f84c6b0","name":"mahmud"}]}},"_links":{"self":[{"href":"https:\/\/www.meydan.tv\/az\/wp-json\/wp\/v2\/posts\/330784","targetHints":{"allow":["GET"]}}],"collection":[{"href":"https:\/\/www.meydan.tv\/az\/wp-json\/wp\/v2\/posts"}],"about":[{"href":"https:\/\/www.meydan.tv\/az\/wp-json\/wp\/v2\/types\/post"}],"author":[{"embeddable":true,"href":"https:\/\/www.meydan.tv\/az\/wp-json\/wp\/v2\/users\/21"}],"replies":[{"embeddable":true,"href":"https:\/\/www.meydan.tv\/az\/wp-json\/wp\/v2\/comments?post=330784"}],"version-history":[{"count":5,"href":"https:\/\/www.meydan.tv\/az\/wp-json\/wp\/v2\/posts\/330784\/revisions"}],"predecessor-version":[{"id":330793,"href":"https:\/\/www.meydan.tv\/az\/wp-json\/wp\/v2\/posts\/330784\/revisions\/330793"}],"wp:featuredmedia":[{"embeddable":true,"href":"https:\/\/www.meydan.tv\/az\/wp-json\/wp\/v2\/media\/255404"}],"wp:attachment":[{"href":"https:\/\/www.meydan.tv\/az\/wp-json\/wp\/v2\/media?parent=330784"}],"wp:term":[{"taxonomy":"category","embeddable":true,"href":"https:\/\/www.meydan.tv\/az\/wp-json\/wp\/v2\/categories?post=330784"},{"taxonomy":"post_tag","embeddable":true,"href":"https:\/\/www.meydan.tv\/az\/wp-json\/wp\/v2\/tags?post=330784"}],"curies":[{"name":"wp","href":"https:\/\/api.w.org\/{rel}","templated":true}]}}