{"id":330754,"date":"2025-05-21T13:57:54","date_gmt":"2025-05-21T09:57:54","guid":{"rendered":"https:\/\/www.meydan.tv\/?p=330754"},"modified":"2025-05-21T13:57:58","modified_gmt":"2025-05-21T09:57:58","slug":"konqresmen-az%c9%99rbaycan-prezidentin%c9%99-f%c9%99rid-mehralizad%c9%99-il%c9%99-bagli-m%c9%99ktub-yazib","status":"publish","type":"post","link":"https:\/\/www.meydan.tv\/az\/article\/konqresmen-az%c9%99rbaycan-prezidentin%c9%99-f%c9%99rid-mehralizad%c9%99-il%c9%99-bagli-m%c9%99ktub-yazib\/","title":{"rendered":"Konqresmen Az\u0259rbaycan Prezidentin\u0259 F\u0259rid Mehral\u0131zad\u0259 il\u0259 ba\u011fl\u0131 m\u0259ktub yaz\u0131b"},"content":{"rendered":"\n<p><strong><em>\u201c\u00dcmid edir\u0259m ki, Az\u0259rbaycan \u0259dal\u0259tli m\u0259hk\u0259m\u0259y\u0259 dair beyn\u0259lxalq standartlara \u0259m\u0259l ed\u0259c\u0259k v\u0259 o, d\u0259rhal azadl\u0131\u011fa burax\u0131lacaq\u201d<\/em><\/strong><\/p>\n\n\n\n<p>May\u0131n 20-d\u0259 AB\u015e Konqresinin \u00fczv\u00fc Ceyms Makqovern Az\u0259rbaycan Prezidenti \u0130lham \u018fliyev\u0259 m\u0259ktub yaz\u0131b.<\/p>\n\n\n\n<p>O, \u201cAzadl\u0131q\u201d radiosunun jurnalisti, iqtisad\u00e7\u0131 F\u0259rid Mehral\u0131zad\u0259nin h\u0259bsd\u0259 qalmas\u0131ndan d\u0259rin narahatl\u0131\u011f\u0131n\u0131 bildirib.<\/p>\n\n\n\n<p>\u201cAzadl\u0131q\u201d radiosunun m\u0259lumat\u0131na g\u00f6r\u0259, konqresmen 1 il haqs\u0131z yer\u0259 h\u0259bs olunmu\u015f jurnalistin bu m\u00fcdd\u0259t \u0259rzind\u0259 d\u00fcnyaya g\u0259l\u0259n q\u0131z\u0131n\u0131 c\u0259mi bir d\u0259f\u0259 g\u00f6r\u0259 bildiyini <a href=\"https:\/\/www.azadliq.org\/a\/konqresmen-ilham-eliyev-mektub\/33420012.html\" target=\"_blank\" rel=\"noreferrer noopener\">qeyd edib<\/a>.<\/p>\n\n\n\n<p><em>&#8220;Onun h\u0259l\u0259 d\u0259 h\u0259bsd\u0259 qalmas\u0131 b\u00f6y\u00fck narahatl\u0131q yarad\u0131r, onun h\u0259yat yolda\u015f\u0131 v\u0259 q\u0131z\u0131na qovu\u015fmas\u0131 \u00fc\u00e7\u00fcn d\u0259rhal azad olunmas\u0131na \u00e7a\u011f\u0131r\u0131ram&#8221;,<\/em> \u2013 Konqresin Tom Lantos \u0130nsan H\u00fcquqlar\u0131 Komissiyas\u0131n\u0131n h\u0259ms\u0259dri Makqovern yaz\u0131r.<\/p>\n\n\n\n<p>Konqresmen qeyd edib ki, F\u0259rid Mehral\u0131zad\u0259 &#8220;AbzasMedia&#8221; ara\u015fd\u0131rma\u00e7\u0131 n\u0259\u015frin\u0259 qar\u015f\u0131 cinay\u0259t i\u015fi \u00e7\u0259r\u00e7iv\u0259sind\u0259 saxlansa da, onun bu media qurumu il\u0259 \u0259m\u0259kda\u015fl\u0131\u011f\u0131n\u0131n olmad\u0131\u011f\u0131 ayd\u0131n \u015f\u0259kild\u0259 bildirilib.<\/p>\n\n\n\n<p>Onun s\u00f6zl\u0259rin\u0259 g\u00f6r\u0259, Az\u0259rbaycan hakimiyy\u0259ti onun bu n\u0259\u015fr\u0259 ba\u011fl\u0131l\u0131\u011f\u0131na dair h\u0259r hans\u0131 d\u0259lil ortaya qoya bilm\u0259yib.<\/p>\n\n\n\n<p>Konqresmen m\u0259ktubunda F\u0259ridin zorak\u0131l\u0131\u011fa, eyni zamanda m\u0259hk\u0259m\u0259d\u0259 a\u015fa\u011f\u0131lanmaya m\u0259ruz qald\u0131\u011f\u0131n\u0131, fevral\u0131n 11-d\u0259 onun v\u0259 bu i\u015f \u00fczr\u0259 t\u0259qsirl\u0259ndiril\u0259n alt\u0131 n\u0259f\u0259rin pis r\u0259ftarla ba\u011fl\u0131 \u015fikay\u0259tl\u0259ri ara\u015fd\u0131r\u0131lmad\u0131\u011f\u0131 \u00fc\u00e7\u00fcn m\u0259hk\u0259m\u0259y\u0259 qat\u0131lmaqdan imtina etdikl\u0259rini vur\u011fulay\u0131b:<\/p>\n\n\n\n<p>&#8220;<em>Bu etiraza cavab olaraq, hakimiyy\u0259t onu m\u0259hk\u0259m\u0259y\u0259 zorla g\u0259tirib ki, bu da h\u0259bsd\u0259 pis r\u0259ftar\u0131n daha bir formas\u0131d\u0131r&#8221;.<\/em><\/p>\n\n\n\n<p>Makqovern aprelin 29-da ke\u00e7iril\u0259n m\u0259hk\u0259m\u0259 prosesind\u0259 prokurorun F\u0259ridi t\u0259hqir etdiyini, hakimin bununla ba\u011fl\u0131 he\u00e7 bir t\u0259dbir g\u00f6rm\u0259diyini d\u0259 x\u00fcsusi qeyd edib. &nbsp;<\/p>\n\n\n\n<p><em>&#8220;Bu qeyri-pe\u015f\u0259karl\u0131q v\u0259 sayq\u0131s\u0131zl\u0131q n\u00fcmayi\u015fi F\u0259ridin i\u015find\u0259 q\u0259r\u0259zsizliyin olmad\u0131\u011f\u0131n\u0131 g\u00f6st\u0259rir, onun \u0259dal\u0259tli m\u0259hk\u0259m\u0259y\u0259 \u00e7\u0131x\u0131\u015f\u0131 sar\u0131dan ciddi narahatl\u0131q yarad\u0131r&#8221;,<\/em> \u2013 m\u0259ktubda deyilir.<\/p>\n\n\n\n<p><em>&#8220;\u00dcmid edir\u0259m ki, Az\u0259rbaycan \u0259dal\u0259tli m\u0259hk\u0259m\u0259y\u0259 dair beyn\u0259lxalq standartlara \u0259m\u0259l ed\u0259c\u0259k, F\u0259rid\u0259 qar\u015f\u0131 \u0259sass\u0131z ittihamlar\u0131 l\u0259\u011fv ed\u0259c\u0259k v\u0259 o, d\u0259rhal, he\u00e7 bir m\u0259hdudiyy\u0259tsiz azadl\u0131\u011fa burax\u0131lacaq&#8221;,<\/em> \u2013 konqresmen Makqovern yaz\u0131r.<\/p>\n\n\n\n<p>F\u0259rid Mehral\u0131zad\u0259 2024-c\u00fc il iyunun 1-d\u0259 h\u0259bs edilib.<\/p>\n\n\n\n<p>Ona \u0259vv\u0259lc\u0259 Cinay\u0259t M\u0259c\u0259ll\u0259sinin 206.3.2-ci (qrup hal\u0131nda qa\u00e7aqmal\u00e7\u0131l\u0131q) madd\u0259si il\u0259 ittiham ir\u0259li s\u00fcr\u00fcl\u00fcb.<\/p>\n\n\n\n<p>Daha sonra ittihamlar a\u011f\u0131rla\u015fd\u0131r\u0131l\u0131b.<\/p>\n\n\n\n<p>\u018flav\u0259 ittihamlar k\u00fclli miqdarda g\u0259lir \u0259ld\u0259 etm\u0259kl\u0259 qanunsuz sahibkarl\u0131q, habel\u0259, m\u00fct\u0259\u015f\u0259kkil d\u0259st\u0259 il\u0259 qa\u00e7aqmal\u00e7\u0131l\u0131q, vergid\u0259n yay\u0131nma, s\u0259n\u0259d saxtala\u015fd\u0131r\u0131lmas\u0131 v\u0259 saxta s\u0259n\u0259dl\u0259rd\u0259n istifad\u0259 il\u0259 ba\u011fl\u0131d\u0131r.<\/p>\n\n\n\n<p>O, ittihamlar\u0131 q\u0259bul etmir, qurama say\u0131r.<\/p>\n\n\n\n<p>Az\u0259rbaycan hakimiyy\u0259ti \u00f6lk\u0259d\u0259 he\u00e7 kimin s\u0131rf pe\u015f\u0259 f\u0259aliyy\u0259ti il\u0259 ba\u011fl\u0131, siyasi \u0259saslarla h\u0259bs olunmad\u0131\u011f\u0131n\u0131 bildirir.<\/p>\n\n\n\n<p>2023-c\u00fc ilin noyabr\u0131ndan ba\u015flayaraq \u00f6lk\u0259d\u0259 qruplar hal\u0131nda jurnalist, ictimai f\u0259al qa\u00e7aqmal\u00e7\u0131l\u0131q ittiham\u0131 il\u0259 h\u0259bs edilib.<\/p>\n\n\n\n<p>Onlar\u0131n \u00e7oxu \u0259vv\u0259lc\u0259 \u201cAbzasMedia i\u015fi\u201d il\u0259 \u0259laq\u0259li olub.<\/p>\n\n\n\n<p>H\u0259min i\u015fd\u0259 \u00f6nc\u0259 sayt\u0131n direktoru \u00dclvi H\u0259s\u0259nli, \u0259m\u0259kda\u015f\u0131 M\u0259h\u0259mm\u0259d Kekalov, ba\u015f redaktoru Sevinc Vaqifq\u0131z\u0131 h\u0259bs edilib.<\/p>\n\n\n\n<p>Daha sonra bu i\u015f\u0259 aid h\u0259bsl\u0259r jurnalistl\u0259r Hafiz Babal\u0131, N\u0259rgiz Absalamova v\u0259 ba\u015fqalar\u0131 il\u0259 davam edib.<\/p>\n\n\n\n<p>Saxlananlar ittihamla raz\u0131la\u015fm\u0131r, bunu pe\u015f\u0259 f\u0259aliyy\u0259tl\u0259ri v\u0259 siyasi sifari\u015f il\u0259 izah edirl\u0259r.<\/p>\n\n\n\n<p>Yerli h\u00fcquq-m\u00fcdafi\u0259 t\u0259\u015fkilatlar\u0131 Az\u0259rbaycan h\u0259bsxanalar\u0131nda az\u0131 300-d\u0259n \u00e7ox siyasi m\u0259hbusun oldu\u011funu bildirirl\u0259r.<\/p>\n","protected":false},"excerpt":{"rendered":"<p>\u201c\u00dcmid edir\u0259m ki, Az\u0259rbaycan \u0259dal\u0259tli m\u0259hk\u0259m\u0259y\u0259 dair beyn\u0259lxalq standartlara \u0259m\u0259l &#8230; <\/p>\n<p class=\"read-more-container\"><a title=\"Konqresmen Az\u0259rbaycan Prezidentin\u0259 F\u0259rid Mehral\u0131zad\u0259 il\u0259 ba\u011fl\u0131 m\u0259ktub yaz\u0131b\" class=\"read-more button\" href=\"https:\/\/www.meydan.tv\/az\/article\/konqresmen-az%c9%99rbaycan-prezidentin%c9%99-f%c9%99rid-mehralizad%c9%99-il%c9%99-bagli-m%c9%99ktub-yazib\/#more-330754\" aria-label=\"Read more about Konqresmen Az\u0259rbaycan Prezidentin\u0259 F\u0259rid Mehral\u0131zad\u0259 il\u0259 ba\u011fl\u0131 m\u0259ktub yaz\u0131b\">Davam\u0131<\/a><\/p>\n","protected":false},"author":21,"featured_media":327862,"comment_status":"closed","ping_status":"closed","sticky":false,"template":"","format":"standard","meta":{"_acf_changed":false,"_sitemap_exclude":false,"_sitemap_priority":"","_sitemap_frequency":"","footnotes":""},"categories":[59,56],"tags":[],"class_list":["post-330754","post","type-post","status-publish","format-standard","has-post-thumbnail","hentry","category-siyaset","category-xeberler","infinite-scroll-item","generate-columns","tablet-grid-50","mobile-grid-100","grid-parent","grid-33","no-featured-image-padding"],"acf":[],"yoast_head":"<!-- This site is optimized with the Yoast SEO plugin v27.5 - https:\/\/yoast.com\/product\/yoast-seo-wordpress\/ -->\n<title>Konqresmen Az\u0259rbaycan Prezidentin\u0259 F\u0259rid Mehral\u0131zad\u0259 il\u0259 ba\u011fl\u0131 m\u0259ktub yaz\u0131b - MEYDAN.TV<\/title>\n<meta name=\"robots\" content=\"index, follow, max-snippet:-1, max-image-preview:large, max-video-preview:-1\" \/>\n<link rel=\"canonical\" href=\"https:\/\/www.meydan.tv\/az\/article\/konqresmen-az%c9%99rbaycan-prezidentin%c9%99-f%c9%99rid-mehralizad%c9%99-il%c9%99-bagli-m%c9%99ktub-yazib\/\" \/>\n<meta property=\"og:locale\" content=\"az_AZ\" \/>\n<meta property=\"og:type\" content=\"article\" \/>\n<meta property=\"og:title\" content=\"Konqresmen Az\u0259rbaycan Prezidentin\u0259 F\u0259rid Mehral\u0131zad\u0259 il\u0259 ba\u011fl\u0131 m\u0259ktub yaz\u0131b - MEYDAN.TV\" \/>\n<meta property=\"og:description\" content=\"\u201c\u00dcmid edir\u0259m ki, Az\u0259rbaycan \u0259dal\u0259tli m\u0259hk\u0259m\u0259y\u0259 dair beyn\u0259lxalq standartlara \u0259m\u0259l ... Davam\u0131\" \/>\n<meta property=\"og:url\" content=\"https:\/\/www.meydan.tv\/az\/article\/konqresmen-az%c9%99rbaycan-prezidentin%c9%99-f%c9%99rid-mehralizad%c9%99-il%c9%99-bagli-m%c9%99ktub-yazib\/\" \/>\n<meta property=\"og:site_name\" content=\"MEYDAN.TV\" \/>\n<meta property=\"article:published_time\" content=\"2025-05-21T09:57:54+00:00\" \/>\n<meta property=\"article:modified_time\" content=\"2025-05-21T09:57:58+00:00\" \/>\n<meta property=\"og:image\" content=\"https:\/\/www.meydan.tv\/wp-content\/uploads\/ferid-mehrelizade.png\" \/>\n\t<meta property=\"og:image:width\" content=\"1179\" \/>\n\t<meta property=\"og:image:height\" content=\"576\" \/>\n\t<meta property=\"og:image:type\" content=\"image\/png\" \/>\n<meta name=\"author\" content=\"mahmud\" \/>\n<meta name=\"twitter:card\" content=\"summary_large_image\" \/>\n<script type=\"application\/ld+json\" class=\"yoast-schema-graph\">{\"@context\":\"https:\\\/\\\/schema.org\",\"@graph\":[{\"@type\":\"Article\",\"@id\":\"https:\\\/\\\/www.meydan.tv\\\/az\\\/article\\\/konqresmen-az%c9%99rbaycan-prezidentin%c9%99-f%c9%99rid-mehralizad%c9%99-il%c9%99-bagli-m%c9%99ktub-yazib\\\/#article\",\"isPartOf\":{\"@id\":\"https:\\\/\\\/www.meydan.tv\\\/az\\\/article\\\/konqresmen-az%c9%99rbaycan-prezidentin%c9%99-f%c9%99rid-mehralizad%c9%99-il%c9%99-bagli-m%c9%99ktub-yazib\\\/\"},\"author\":{\"name\":\"mahmud\",\"@id\":\"https:\\\/\\\/www.meydan.tv\\\/az\\\/#\\\/schema\\\/person\\\/09863e516102a829e72bedcf3f84c6b0\"},\"headline\":\"Konqresmen Az\u0259rbaycan Prezidentin\u0259 F\u0259rid Mehral\u0131zad\u0259 il\u0259 ba\u011fl\u0131 m\u0259ktub yaz\u0131b\",\"datePublished\":\"2025-05-21T09:57:54+00:00\",\"dateModified\":\"2025-05-21T09:57:58+00:00\",\"mainEntityOfPage\":{\"@id\":\"https:\\\/\\\/www.meydan.tv\\\/az\\\/article\\\/konqresmen-az%c9%99rbaycan-prezidentin%c9%99-f%c9%99rid-mehralizad%c9%99-il%c9%99-bagli-m%c9%99ktub-yazib\\\/\"},\"wordCount\":702,\"publisher\":{\"@id\":\"https:\\\/\\\/www.meydan.tv\\\/az\\\/#organization\"},\"image\":{\"@id\":\"https:\\\/\\\/www.meydan.tv\\\/az\\\/article\\\/konqresmen-az%c9%99rbaycan-prezidentin%c9%99-f%c9%99rid-mehralizad%c9%99-il%c9%99-bagli-m%c9%99ktub-yazib\\\/#primaryimage\"},\"thumbnailUrl\":\"https:\\\/\\\/www.meydan.tv\\\/wp-content\\\/uploads\\\/ferid-mehrelizade.png\",\"articleSection\":[\"Siyas\u0259t\",\"X\u0259b\u0259rl\u0259r\"],\"inLanguage\":\"az\"},{\"@type\":\"WebPage\",\"@id\":\"https:\\\/\\\/www.meydan.tv\\\/az\\\/article\\\/konqresmen-az%c9%99rbaycan-prezidentin%c9%99-f%c9%99rid-mehralizad%c9%99-il%c9%99-bagli-m%c9%99ktub-yazib\\\/\",\"url\":\"https:\\\/\\\/www.meydan.tv\\\/az\\\/article\\\/konqresmen-az%c9%99rbaycan-prezidentin%c9%99-f%c9%99rid-mehralizad%c9%99-il%c9%99-bagli-m%c9%99ktub-yazib\\\/\",\"name\":\"Konqresmen Az\u0259rbaycan Prezidentin\u0259 F\u0259rid Mehral\u0131zad\u0259 il\u0259 ba\u011fl\u0131 m\u0259ktub yaz\u0131b - MEYDAN.TV\",\"isPartOf\":{\"@id\":\"https:\\\/\\\/www.meydan.tv\\\/az\\\/#website\"},\"primaryImageOfPage\":{\"@id\":\"https:\\\/\\\/www.meydan.tv\\\/az\\\/article\\\/konqresmen-az%c9%99rbaycan-prezidentin%c9%99-f%c9%99rid-mehralizad%c9%99-il%c9%99-bagli-m%c9%99ktub-yazib\\\/#primaryimage\"},\"image\":{\"@id\":\"https:\\\/\\\/www.meydan.tv\\\/az\\\/article\\\/konqresmen-az%c9%99rbaycan-prezidentin%c9%99-f%c9%99rid-mehralizad%c9%99-il%c9%99-bagli-m%c9%99ktub-yazib\\\/#primaryimage\"},\"thumbnailUrl\":\"https:\\\/\\\/www.meydan.tv\\\/wp-content\\\/uploads\\\/ferid-mehrelizade.png\",\"datePublished\":\"2025-05-21T09:57:54+00:00\",\"dateModified\":\"2025-05-21T09:57:58+00:00\",\"breadcrumb\":{\"@id\":\"https:\\\/\\\/www.meydan.tv\\\/az\\\/article\\\/konqresmen-az%c9%99rbaycan-prezidentin%c9%99-f%c9%99rid-mehralizad%c9%99-il%c9%99-bagli-m%c9%99ktub-yazib\\\/#breadcrumb\"},\"inLanguage\":\"az\",\"potentialAction\":[{\"@type\":\"ReadAction\",\"target\":[\"https:\\\/\\\/www.meydan.tv\\\/az\\\/article\\\/konqresmen-az%c9%99rbaycan-prezidentin%c9%99-f%c9%99rid-mehralizad%c9%99-il%c9%99-bagli-m%c9%99ktub-yazib\\\/\"]}]},{\"@type\":\"ImageObject\",\"inLanguage\":\"az\",\"@id\":\"https:\\\/\\\/www.meydan.tv\\\/az\\\/article\\\/konqresmen-az%c9%99rbaycan-prezidentin%c9%99-f%c9%99rid-mehralizad%c9%99-il%c9%99-bagli-m%c9%99ktub-yazib\\\/#primaryimage\",\"url\":\"https:\\\/\\\/www.meydan.tv\\\/wp-content\\\/uploads\\\/ferid-mehrelizade.png\",\"contentUrl\":\"https:\\\/\\\/www.meydan.tv\\\/wp-content\\\/uploads\\\/ferid-mehrelizade.png\",\"width\":1179,\"height\":576,\"caption\":\"F\u0259rid Mehral\u0131zad\u0259. \u0130ll\u00fcstrasiya: Azadl\u0131qRadiosu\"},{\"@type\":\"BreadcrumbList\",\"@id\":\"https:\\\/\\\/www.meydan.tv\\\/az\\\/article\\\/konqresmen-az%c9%99rbaycan-prezidentin%c9%99-f%c9%99rid-mehralizad%c9%99-il%c9%99-bagli-m%c9%99ktub-yazib\\\/#breadcrumb\",\"itemListElement\":[{\"@type\":\"ListItem\",\"position\":1,\"name\":\"Ana s\u0259hif\u0259\",\"item\":\"https:\\\/\\\/www.meydan.tv\\\/az\\\/\"},{\"@type\":\"ListItem\",\"position\":2,\"name\":\"Siyas\u0259t\",\"item\":\"https:\\\/\\\/www.meydan.tv\\\/az\\\/section\\\/siyaset\\\/\"},{\"@type\":\"ListItem\",\"position\":3,\"name\":\"Konqresmen Az\u0259rbaycan Prezidentin\u0259 F\u0259rid Mehral\u0131zad\u0259 il\u0259 ba\u011fl\u0131 m\u0259ktub yaz\u0131b\"}]},{\"@type\":\"WebSite\",\"@id\":\"https:\\\/\\\/www.meydan.tv\\\/az\\\/#website\",\"url\":\"https:\\\/\\\/www.meydan.tv\\\/az\\\/\",\"name\":\"MEYDAN.TV\",\"description\":\"Meydan TV Az\u0259rbaycan\u0131n media m\u0259kan\u0131ndak\u0131 alternativ s\u0259sidir\",\"publisher\":{\"@id\":\"https:\\\/\\\/www.meydan.tv\\\/az\\\/#organization\"},\"potentialAction\":[{\"@type\":\"SearchAction\",\"target\":{\"@type\":\"EntryPoint\",\"urlTemplate\":\"https:\\\/\\\/www.meydan.tv\\\/az\\\/?s={search_term_string}\"},\"query-input\":{\"@type\":\"PropertyValueSpecification\",\"valueRequired\":true,\"valueName\":\"search_term_string\"}}],\"inLanguage\":\"az\"},{\"@type\":\"Organization\",\"@id\":\"https:\\\/\\\/www.meydan.tv\\\/az\\\/#organization\",\"name\":\"Meydan TV\",\"url\":\"https:\\\/\\\/www.meydan.tv\\\/az\\\/\",\"logo\":{\"@type\":\"ImageObject\",\"inLanguage\":\"az\",\"@id\":\"https:\\\/\\\/www.meydan.tv\\\/az\\\/#\\\/schema\\\/logo\\\/image\\\/\",\"url\":\"https:\\\/\\\/www.meydan.tv\\\/wp-content\\\/uploads\\\/2021\\\/07\\\/meydan-logo.svg\",\"contentUrl\":\"https:\\\/\\\/www.meydan.tv\\\/wp-content\\\/uploads\\\/2021\\\/07\\\/meydan-logo.svg\",\"width\":195,\"height\":46,\"caption\":\"Meydan TV\"},\"image\":{\"@id\":\"https:\\\/\\\/www.meydan.tv\\\/az\\\/#\\\/schema\\\/logo\\\/image\\\/\"}},{\"@type\":\"Person\",\"@id\":\"https:\\\/\\\/www.meydan.tv\\\/az\\\/#\\\/schema\\\/person\\\/09863e516102a829e72bedcf3f84c6b0\",\"name\":\"mahmud\"}]}<\/script>\n<!-- \/ Yoast SEO plugin. -->","yoast_head_json":{"title":"Konqresmen Az\u0259rbaycan Prezidentin\u0259 F\u0259rid Mehral\u0131zad\u0259 il\u0259 ba\u011fl\u0131 m\u0259ktub yaz\u0131b - MEYDAN.TV","robots":{"index":"index","follow":"follow","max-snippet":"max-snippet:-1","max-image-preview":"max-image-preview:large","max-video-preview":"max-video-preview:-1"},"canonical":"https:\/\/www.meydan.tv\/az\/article\/konqresmen-az%c9%99rbaycan-prezidentin%c9%99-f%c9%99rid-mehralizad%c9%99-il%c9%99-bagli-m%c9%99ktub-yazib\/","og_locale":"az_AZ","og_type":"article","og_title":"Konqresmen Az\u0259rbaycan Prezidentin\u0259 F\u0259rid Mehral\u0131zad\u0259 il\u0259 ba\u011fl\u0131 m\u0259ktub yaz\u0131b - MEYDAN.TV","og_description":"\u201c\u00dcmid edir\u0259m ki, Az\u0259rbaycan \u0259dal\u0259tli m\u0259hk\u0259m\u0259y\u0259 dair beyn\u0259lxalq standartlara \u0259m\u0259l ... Davam\u0131","og_url":"https:\/\/www.meydan.tv\/az\/article\/konqresmen-az%c9%99rbaycan-prezidentin%c9%99-f%c9%99rid-mehralizad%c9%99-il%c9%99-bagli-m%c9%99ktub-yazib\/","og_site_name":"MEYDAN.TV","article_published_time":"2025-05-21T09:57:54+00:00","article_modified_time":"2025-05-21T09:57:58+00:00","og_image":[{"width":1179,"height":576,"url":"https:\/\/www.meydan.tv\/wp-content\/uploads\/ferid-mehrelizade.png","type":"image\/png"}],"author":"mahmud","twitter_card":"summary_large_image","schema":{"@context":"https:\/\/schema.org","@graph":[{"@type":"Article","@id":"https:\/\/www.meydan.tv\/az\/article\/konqresmen-az%c9%99rbaycan-prezidentin%c9%99-f%c9%99rid-mehralizad%c9%99-il%c9%99-bagli-m%c9%99ktub-yazib\/#article","isPartOf":{"@id":"https:\/\/www.meydan.tv\/az\/article\/konqresmen-az%c9%99rbaycan-prezidentin%c9%99-f%c9%99rid-mehralizad%c9%99-il%c9%99-bagli-m%c9%99ktub-yazib\/"},"author":{"name":"mahmud","@id":"https:\/\/www.meydan.tv\/az\/#\/schema\/person\/09863e516102a829e72bedcf3f84c6b0"},"headline":"Konqresmen Az\u0259rbaycan Prezidentin\u0259 F\u0259rid Mehral\u0131zad\u0259 il\u0259 ba\u011fl\u0131 m\u0259ktub yaz\u0131b","datePublished":"2025-05-21T09:57:54+00:00","dateModified":"2025-05-21T09:57:58+00:00","mainEntityOfPage":{"@id":"https:\/\/www.meydan.tv\/az\/article\/konqresmen-az%c9%99rbaycan-prezidentin%c9%99-f%c9%99rid-mehralizad%c9%99-il%c9%99-bagli-m%c9%99ktub-yazib\/"},"wordCount":702,"publisher":{"@id":"https:\/\/www.meydan.tv\/az\/#organization"},"image":{"@id":"https:\/\/www.meydan.tv\/az\/article\/konqresmen-az%c9%99rbaycan-prezidentin%c9%99-f%c9%99rid-mehralizad%c9%99-il%c9%99-bagli-m%c9%99ktub-yazib\/#primaryimage"},"thumbnailUrl":"https:\/\/www.meydan.tv\/wp-content\/uploads\/ferid-mehrelizade.png","articleSection":["Siyas\u0259t","X\u0259b\u0259rl\u0259r"],"inLanguage":"az"},{"@type":"WebPage","@id":"https:\/\/www.meydan.tv\/az\/article\/konqresmen-az%c9%99rbaycan-prezidentin%c9%99-f%c9%99rid-mehralizad%c9%99-il%c9%99-bagli-m%c9%99ktub-yazib\/","url":"https:\/\/www.meydan.tv\/az\/article\/konqresmen-az%c9%99rbaycan-prezidentin%c9%99-f%c9%99rid-mehralizad%c9%99-il%c9%99-bagli-m%c9%99ktub-yazib\/","name":"Konqresmen Az\u0259rbaycan Prezidentin\u0259 F\u0259rid Mehral\u0131zad\u0259 il\u0259 ba\u011fl\u0131 m\u0259ktub yaz\u0131b - MEYDAN.TV","isPartOf":{"@id":"https:\/\/www.meydan.tv\/az\/#website"},"primaryImageOfPage":{"@id":"https:\/\/www.meydan.tv\/az\/article\/konqresmen-az%c9%99rbaycan-prezidentin%c9%99-f%c9%99rid-mehralizad%c9%99-il%c9%99-bagli-m%c9%99ktub-yazib\/#primaryimage"},"image":{"@id":"https:\/\/www.meydan.tv\/az\/article\/konqresmen-az%c9%99rbaycan-prezidentin%c9%99-f%c9%99rid-mehralizad%c9%99-il%c9%99-bagli-m%c9%99ktub-yazib\/#primaryimage"},"thumbnailUrl":"https:\/\/www.meydan.tv\/wp-content\/uploads\/ferid-mehrelizade.png","datePublished":"2025-05-21T09:57:54+00:00","dateModified":"2025-05-21T09:57:58+00:00","breadcrumb":{"@id":"https:\/\/www.meydan.tv\/az\/article\/konqresmen-az%c9%99rbaycan-prezidentin%c9%99-f%c9%99rid-mehralizad%c9%99-il%c9%99-bagli-m%c9%99ktub-yazib\/#breadcrumb"},"inLanguage":"az","potentialAction":[{"@type":"ReadAction","target":["https:\/\/www.meydan.tv\/az\/article\/konqresmen-az%c9%99rbaycan-prezidentin%c9%99-f%c9%99rid-mehralizad%c9%99-il%c9%99-bagli-m%c9%99ktub-yazib\/"]}]},{"@type":"ImageObject","inLanguage":"az","@id":"https:\/\/www.meydan.tv\/az\/article\/konqresmen-az%c9%99rbaycan-prezidentin%c9%99-f%c9%99rid-mehralizad%c9%99-il%c9%99-bagli-m%c9%99ktub-yazib\/#primaryimage","url":"https:\/\/www.meydan.tv\/wp-content\/uploads\/ferid-mehrelizade.png","contentUrl":"https:\/\/www.meydan.tv\/wp-content\/uploads\/ferid-mehrelizade.png","width":1179,"height":576,"caption":"F\u0259rid Mehral\u0131zad\u0259. \u0130ll\u00fcstrasiya: Azadl\u0131qRadiosu"},{"@type":"BreadcrumbList","@id":"https:\/\/www.meydan.tv\/az\/article\/konqresmen-az%c9%99rbaycan-prezidentin%c9%99-f%c9%99rid-mehralizad%c9%99-il%c9%99-bagli-m%c9%99ktub-yazib\/#breadcrumb","itemListElement":[{"@type":"ListItem","position":1,"name":"Ana s\u0259hif\u0259","item":"https:\/\/www.meydan.tv\/az\/"},{"@type":"ListItem","position":2,"name":"Siyas\u0259t","item":"https:\/\/www.meydan.tv\/az\/section\/siyaset\/"},{"@type":"ListItem","position":3,"name":"Konqresmen Az\u0259rbaycan Prezidentin\u0259 F\u0259rid Mehral\u0131zad\u0259 il\u0259 ba\u011fl\u0131 m\u0259ktub yaz\u0131b"}]},{"@type":"WebSite","@id":"https:\/\/www.meydan.tv\/az\/#website","url":"https:\/\/www.meydan.tv\/az\/","name":"MEYDAN.TV","description":"Meydan TV Az\u0259rbaycan\u0131n media m\u0259kan\u0131ndak\u0131 alternativ s\u0259sidir","publisher":{"@id":"https:\/\/www.meydan.tv\/az\/#organization"},"potentialAction":[{"@type":"SearchAction","target":{"@type":"EntryPoint","urlTemplate":"https:\/\/www.meydan.tv\/az\/?s={search_term_string}"},"query-input":{"@type":"PropertyValueSpecification","valueRequired":true,"valueName":"search_term_string"}}],"inLanguage":"az"},{"@type":"Organization","@id":"https:\/\/www.meydan.tv\/az\/#organization","name":"Meydan TV","url":"https:\/\/www.meydan.tv\/az\/","logo":{"@type":"ImageObject","inLanguage":"az","@id":"https:\/\/www.meydan.tv\/az\/#\/schema\/logo\/image\/","url":"https:\/\/www.meydan.tv\/wp-content\/uploads\/2021\/07\/meydan-logo.svg","contentUrl":"https:\/\/www.meydan.tv\/wp-content\/uploads\/2021\/07\/meydan-logo.svg","width":195,"height":46,"caption":"Meydan TV"},"image":{"@id":"https:\/\/www.meydan.tv\/az\/#\/schema\/logo\/image\/"}},{"@type":"Person","@id":"https:\/\/www.meydan.tv\/az\/#\/schema\/person\/09863e516102a829e72bedcf3f84c6b0","name":"mahmud"}]}},"_links":{"self":[{"href":"https:\/\/www.meydan.tv\/az\/wp-json\/wp\/v2\/posts\/330754","targetHints":{"allow":["GET"]}}],"collection":[{"href":"https:\/\/www.meydan.tv\/az\/wp-json\/wp\/v2\/posts"}],"about":[{"href":"https:\/\/www.meydan.tv\/az\/wp-json\/wp\/v2\/types\/post"}],"author":[{"embeddable":true,"href":"https:\/\/www.meydan.tv\/az\/wp-json\/wp\/v2\/users\/21"}],"replies":[{"embeddable":true,"href":"https:\/\/www.meydan.tv\/az\/wp-json\/wp\/v2\/comments?post=330754"}],"version-history":[{"count":3,"href":"https:\/\/www.meydan.tv\/az\/wp-json\/wp\/v2\/posts\/330754\/revisions"}],"predecessor-version":[{"id":330764,"href":"https:\/\/www.meydan.tv\/az\/wp-json\/wp\/v2\/posts\/330754\/revisions\/330764"}],"wp:featuredmedia":[{"embeddable":true,"href":"https:\/\/www.meydan.tv\/az\/wp-json\/wp\/v2\/media\/327862"}],"wp:attachment":[{"href":"https:\/\/www.meydan.tv\/az\/wp-json\/wp\/v2\/media?parent=330754"}],"wp:term":[{"taxonomy":"category","embeddable":true,"href":"https:\/\/www.meydan.tv\/az\/wp-json\/wp\/v2\/categories?post=330754"},{"taxonomy":"post_tag","embeddable":true,"href":"https:\/\/www.meydan.tv\/az\/wp-json\/wp\/v2\/tags?post=330754"}],"curies":[{"name":"wp","href":"https:\/\/api.w.org\/{rel}","templated":true}]}}