{"id":330750,"date":"2025-05-21T13:43:04","date_gmt":"2025-05-21T09:43:04","guid":{"rendered":"https:\/\/www.meydan.tv\/?p=330750"},"modified":"2025-05-21T13:43:07","modified_gmt":"2025-05-21T09:43:07","slug":"az%c9%99rbaycanin-irandaki-s%c9%99firliyin%c9%99-silahli-hucum-etmis-s%c9%99xsin-edam-olundugu-bildirilir","status":"publish","type":"post","link":"https:\/\/www.meydan.tv\/az\/article\/az%c9%99rbaycanin-irandaki-s%c9%99firliyin%c9%99-silahli-hucum-etmis-s%c9%99xsin-edam-olundugu-bildirilir\/","title":{"rendered":"Az\u0259rbaycan\u0131n \u0130randak\u0131 s\u0259firliyin\u0259 silahl\u0131 h\u00fccum etmi\u015f \u015f\u0259xsin edam olundu\u011fu bildirilir"},"content":{"rendered":"\n<p><strong><em>H<\/em><\/strong><span><em style=\"font-weight: bold;\">\u00f6km s\u0259h\u0259r saatlar\u0131nda h\u0259yata ke\u00e7iril<\/em><\/span><strong><em>ib<\/em><\/strong><\/p>\n\n\n\n<p>Bu g\u00fcn, may\u0131n 21-d\u0259 Az\u0259rbaycan\u0131n \u0130randak\u0131 s\u0259firliyin\u0259 silahl\u0131 h\u00fccum etmi\u015f Yasin H\u00fcseynzad\u0259 bar\u0259sind\u0259 \u00e7\u0131xar\u0131lan edam h\u00f6km\u00fcn\u00fcn icra olundu\u011fu bildirilir.<\/p>\n\n\n\n<p>\u201c\u0130rna\u201d x\u0259b\u0259r agentliyi \u0130ran\u0131n \u0259dliyy\u0259 sistemin\u0259 istinadla <a href=\"https:\/\/az.irna.ir\/news\/85839365\/Az%C9%99rbaycan%C4%B1n-Tehrandak%C4%B1-s%C9%99firliyin%C9%99-basq%C4%B1n-ed%C9%99n-%C5%9F%C9%99xs%C9%99-veril%C9%99n\" target=\"_blank\" rel=\"noreferrer noopener\">yaz\u0131b<\/a> ki, h\u00f6km s\u0259h\u0259r saatlar\u0131nda h\u0259yata ke\u00e7irilib.<\/p>\n\n\n\n<p>\u0130ran v\u0259t\u0259nda\u015f\u0131 Yasin H\u00fcseynzad\u0259 2023-c\u00fc ilin yanvar\u0131n 27-d\u0259 Az\u0259rbaycan\u0131n Tehrandak\u0131 s\u0259firliyin\u0259 \u201cKala\u015fnikov\u201d silah\u0131 il\u0259 h\u00fccum etmi\u015fdi.<\/p>\n\n\n\n<p>Onun a\u00e7d\u0131\u011f\u0131 at\u0259\u015f n\u0259tic\u0259sind\u0259 s\u0259firliyin t\u0259hl\u00fck\u0259sizlik xidm\u0259tinin r\u0259isi Orxan \u018fsg\u0259rov \u00f6l\u00fcb, iki m\u00fchafiz\u0259\u00e7i is\u0259 yaralan\u0131b.<\/p>\n\n\n\n<p>Hadis\u0259d\u0259n d\u0259rhal sonra \u0130ran r\u0259smil\u0259ri h\u0259min \u015f\u0259xsin saxlan\u0131ld\u0131\u011f\u0131n\u0131 a\u00e7\u0131qlam\u0131\u015fd\u0131lar.<\/p>\n\n\n\n<p>Az\u0259rbaycan\u0131n \u0130randak\u0131 s\u0259firliyin\u0259 h\u00fccum etmi\u015f Yasin H\u00fcseynzad\u0259nin iki il \u0259rzind\u0259 m\u0259hk\u0259m\u0259si ke\u00e7irilib.<\/p>\n\n\n\n<p>\u0130ran Ali M\u0259hk\u0259m\u0259si s\u0259firliy\u0259 h\u00fccum ed\u0259n \u015f\u0259xsl\u0259 ba\u011fl\u0131 \u00f6l\u00fcm h\u00f6km\u00fcn\u00fc t\u0259sdiql\u0259yib v\u0259 i\u015f Tehrana cinay\u0259t h\u00f6kml\u0259rinin icras\u0131na g\u00f6nd\u0259rilib.<\/p>\n\n\n\n<p>Prezident \u0130lham \u018fliyev h\u00fccumu \u201cterror akt\u0131\u201d adland\u0131r\u0131b v\u0259 g\u00fcnahkarlar\u0131n c\u0259zaland\u0131r\u0131lmas\u0131n\u0131 t\u0259l\u0259b etmi\u015fdi.<\/p>\n\n\n\n<p>Bundan sonra Az\u0259rbaycan\u0131n \u0130randak\u0131 s\u0259firliyinin \u0259m\u0259kda\u015flar\u0131 t\u0259xliy\u0259 edilib v\u0259 s\u0259firliyin f\u0259aliyy\u0259ti dayand\u0131r\u0131lm\u0131\u015fd\u0131.<\/p>\n\n\n\n<p>Ard\u0131nca Az\u0259rbaycanda bir \u00e7ox <a href=\"https:\/\/www.meydan.tv\/az\/article\/daha-bir-dini-f%c9%99al-h%c9%99bs-olunub\/\" target=\"_blank\" rel=\"noreferrer noopener\">h\u0259bsl\u0259r oldu<\/a>. Saxlan\u0131lanlar \u0259n m\u00fcxt\u0259lif ittihamlarla (\u0259n \u00e7ox da narkotik madd\u0259l\u0259rin qanunsuz d\u00f6vriyy\u0259si) \u00fczl\u0259\u015fs\u0259l\u0259r d\u0259, h\u00f6kum\u0259t\u0259 yax\u0131n media orqanlar\u0131nda onlar \u201c\u0130ran casusu\u201d kimi t\u0259qdim edilirdil\u0259r. H\u0259r\u00e7\u0259nd onlar\u0131n yax\u0131nlar\u0131 bununla dini k\u0259simd\u0259n olan bir \u00e7ox \u015f\u0259xsl\u0259rin \u015f\u0259rl\u0259ndiyini dedil\u0259r.<\/p>\n\n\n\n<p>2024-c\u00fc il iyulun 15-d\u0259 Az\u0259rbaycan\u0131n \u0130randak\u0131 s\u0259firliyi yeni \u00fcnvanda b\u0259rpa edilib.<\/p>\n\n\n\n<p>2024-c\u00fc il dekabr\u0131n 15-d\u0259n is\u0259 Az\u0259rbaycan\u0131n \u0130randak\u0131 s\u0259firliyinin konsulluq \u015f\u00f6b\u0259si \u00f6z f\u0259aliyy\u0259tin\u0259 yenid\u0259n ba\u015flay\u0131b.<\/p>\n\n\n\n<p>2025-ci il aprelin 28-d\u0259 \u0130ran Prezidenti M\u0259sud Peze\u015fkian Az\u0259rbaycanda r\u0259smi s\u0259f\u0259rd\u0259 olub. S\u0259f\u0259r \u00e7\u0259r\u00e7iv\u0259sind\u0259 &nbsp;t\u0259r\u0259fl\u0259r \u0259m\u0259kda\u015fl\u0131qla ba\u011fl\u0131 bir \u00e7ox s\u0259n\u0259dl\u0259r imzalay\u0131b. Prezidentl\u0259rin m\u0259tbuata b\u0259yanatlar\u0131nda&nbsp;<a href=\"https:\/\/www.meydan.tv\/az\/article\/ilham-eliyev-az%c9%99rbaycan-v%c9%99-iran-beyn%c9%99lxalq-t%c9%99skilatlar-c%c9%99rciv%c9%99sind%c9%99-bir-birini-d%c9%99st%c9%99kl%c9%99yir\/\" target=\"_blank\" rel=\"noreferrer noopener\">vur\u011fulanm\u0131\u015fd\u0131<\/a>&nbsp;ki, t\u0259r\u0259fl\u0259r beyn\u0259lxalq t\u0259\u015fkilatlar\u0131n n\u0259zdind\u0259 d\u0259 birg\u0259 \u0259m\u0259kda\u015fl\u0131\u011fa \u00fcst\u00fcnl\u00fck verirl\u0259r.<\/p>\n\n\n\n<p><\/p>\n","protected":false},"excerpt":{"rendered":"<p>H\u00f6km s\u0259h\u0259r saatlar\u0131nda h\u0259yata ke\u00e7irilib Bu g\u00fcn, may\u0131n 21-d\u0259 Az\u0259rbaycan\u0131n &#8230; <\/p>\n<p class=\"read-more-container\"><a title=\"Az\u0259rbaycan\u0131n \u0130randak\u0131 s\u0259firliyin\u0259 silahl\u0131 h\u00fccum etmi\u015f \u015f\u0259xsin edam olundu\u011fu bildirilir\" class=\"read-more button\" href=\"https:\/\/www.meydan.tv\/az\/article\/az%c9%99rbaycanin-irandaki-s%c9%99firliyin%c9%99-silahli-hucum-etmis-s%c9%99xsin-edam-olundugu-bildirilir\/#more-330750\" aria-label=\"Read more about Az\u0259rbaycan\u0131n \u0130randak\u0131 s\u0259firliyin\u0259 silahl\u0131 h\u00fccum etmi\u015f \u015f\u0259xsin edam olundu\u011fu bildirilir\">Davam\u0131<\/a><\/p>\n","protected":false},"author":21,"featured_media":240525,"comment_status":"closed","ping_status":"closed","sticky":false,"template":"","format":"standard","meta":{"_acf_changed":false,"_sitemap_exclude":false,"_sitemap_priority":"","_sitemap_frequency":"","footnotes":""},"categories":[59,79,56],"tags":[],"class_list":["post-330750","post","type-post","status-publish","format-standard","has-post-thumbnail","hentry","category-siyaset","category-featured","category-xeberler","infinite-scroll-item","generate-columns","tablet-grid-50","mobile-grid-100","grid-parent","grid-33","no-featured-image-padding"],"acf":[],"yoast_head":"<!-- This site is optimized with the Yoast SEO plugin v27.5 - https:\/\/yoast.com\/product\/yoast-seo-wordpress\/ -->\n<title>Az\u0259rbaycan\u0131n \u0130randak\u0131 s\u0259firliyin\u0259 silahl\u0131 h\u00fccum etmi\u015f \u015f\u0259xsin edam olundu\u011fu bildirilir - MEYDAN.TV<\/title>\n<meta name=\"robots\" content=\"index, follow, max-snippet:-1, max-image-preview:large, max-video-preview:-1\" \/>\n<link rel=\"canonical\" href=\"https:\/\/www.meydan.tv\/az\/article\/az%c9%99rbaycanin-irandaki-s%c9%99firliyin%c9%99-silahli-hucum-etmis-s%c9%99xsin-edam-olundugu-bildirilir\/\" \/>\n<meta property=\"og:locale\" content=\"az_AZ\" \/>\n<meta property=\"og:type\" content=\"article\" \/>\n<meta property=\"og:title\" content=\"Az\u0259rbaycan\u0131n \u0130randak\u0131 s\u0259firliyin\u0259 silahl\u0131 h\u00fccum etmi\u015f \u015f\u0259xsin edam olundu\u011fu bildirilir - MEYDAN.TV\" \/>\n<meta property=\"og:description\" content=\"H\u00f6km s\u0259h\u0259r saatlar\u0131nda h\u0259yata ke\u00e7irilib Bu g\u00fcn, may\u0131n 21-d\u0259 Az\u0259rbaycan\u0131n ... Davam\u0131\" \/>\n<meta property=\"og:url\" content=\"https:\/\/www.meydan.tv\/az\/article\/az%c9%99rbaycanin-irandaki-s%c9%99firliyin%c9%99-silahli-hucum-etmis-s%c9%99xsin-edam-olundugu-bildirilir\/\" \/>\n<meta property=\"og:site_name\" content=\"MEYDAN.TV\" \/>\n<meta property=\"article:published_time\" content=\"2025-05-21T09:43:04+00:00\" \/>\n<meta property=\"article:modified_time\" content=\"2025-05-21T09:43:07+00:00\" \/>\n<meta property=\"og:image\" content=\"https:\/\/www.meydan.tv\/wp-content\/uploads\/shutterstock_2103376028.jpg\" \/>\n\t<meta property=\"og:image:width\" content=\"1200\" \/>\n\t<meta property=\"og:image:height\" content=\"800\" \/>\n\t<meta property=\"og:image:type\" content=\"image\/jpeg\" \/>\n<meta name=\"author\" content=\"mahmud\" \/>\n<meta name=\"twitter:card\" content=\"summary_large_image\" \/>\n<script type=\"application\/ld+json\" class=\"yoast-schema-graph\">{\"@context\":\"https:\\\/\\\/schema.org\",\"@graph\":[{\"@type\":\"Article\",\"@id\":\"https:\\\/\\\/www.meydan.tv\\\/az\\\/article\\\/az%c9%99rbaycanin-irandaki-s%c9%99firliyin%c9%99-silahli-hucum-etmis-s%c9%99xsin-edam-olundugu-bildirilir\\\/#article\",\"isPartOf\":{\"@id\":\"https:\\\/\\\/www.meydan.tv\\\/az\\\/article\\\/az%c9%99rbaycanin-irandaki-s%c9%99firliyin%c9%99-silahli-hucum-etmis-s%c9%99xsin-edam-olundugu-bildirilir\\\/\"},\"author\":{\"name\":\"mahmud\",\"@id\":\"https:\\\/\\\/www.meydan.tv\\\/az\\\/#\\\/schema\\\/person\\\/09863e516102a829e72bedcf3f84c6b0\"},\"headline\":\"Az\u0259rbaycan\u0131n \u0130randak\u0131 s\u0259firliyin\u0259 silahl\u0131 h\u00fccum etmi\u015f \u015f\u0259xsin edam olundu\u011fu bildirilir\",\"datePublished\":\"2025-05-21T09:43:04+00:00\",\"dateModified\":\"2025-05-21T09:43:07+00:00\",\"mainEntityOfPage\":{\"@id\":\"https:\\\/\\\/www.meydan.tv\\\/az\\\/article\\\/az%c9%99rbaycanin-irandaki-s%c9%99firliyin%c9%99-silahli-hucum-etmis-s%c9%99xsin-edam-olundugu-bildirilir\\\/\"},\"wordCount\":452,\"publisher\":{\"@id\":\"https:\\\/\\\/www.meydan.tv\\\/az\\\/#organization\"},\"image\":{\"@id\":\"https:\\\/\\\/www.meydan.tv\\\/az\\\/article\\\/az%c9%99rbaycanin-irandaki-s%c9%99firliyin%c9%99-silahli-hucum-etmis-s%c9%99xsin-edam-olundugu-bildirilir\\\/#primaryimage\"},\"thumbnailUrl\":\"https:\\\/\\\/www.meydan.tv\\\/wp-content\\\/uploads\\\/shutterstock_2103376028.jpg\",\"articleSection\":[\"Siyas\u0259t\",\"T\u00f6vsiy\u0259\",\"X\u0259b\u0259rl\u0259r\"],\"inLanguage\":\"az\"},{\"@type\":\"WebPage\",\"@id\":\"https:\\\/\\\/www.meydan.tv\\\/az\\\/article\\\/az%c9%99rbaycanin-irandaki-s%c9%99firliyin%c9%99-silahli-hucum-etmis-s%c9%99xsin-edam-olundugu-bildirilir\\\/\",\"url\":\"https:\\\/\\\/www.meydan.tv\\\/az\\\/article\\\/az%c9%99rbaycanin-irandaki-s%c9%99firliyin%c9%99-silahli-hucum-etmis-s%c9%99xsin-edam-olundugu-bildirilir\\\/\",\"name\":\"Az\u0259rbaycan\u0131n \u0130randak\u0131 s\u0259firliyin\u0259 silahl\u0131 h\u00fccum etmi\u015f \u015f\u0259xsin edam olundu\u011fu bildirilir - MEYDAN.TV\",\"isPartOf\":{\"@id\":\"https:\\\/\\\/www.meydan.tv\\\/az\\\/#website\"},\"primaryImageOfPage\":{\"@id\":\"https:\\\/\\\/www.meydan.tv\\\/az\\\/article\\\/az%c9%99rbaycanin-irandaki-s%c9%99firliyin%c9%99-silahli-hucum-etmis-s%c9%99xsin-edam-olundugu-bildirilir\\\/#primaryimage\"},\"image\":{\"@id\":\"https:\\\/\\\/www.meydan.tv\\\/az\\\/article\\\/az%c9%99rbaycanin-irandaki-s%c9%99firliyin%c9%99-silahli-hucum-etmis-s%c9%99xsin-edam-olundugu-bildirilir\\\/#primaryimage\"},\"thumbnailUrl\":\"https:\\\/\\\/www.meydan.tv\\\/wp-content\\\/uploads\\\/shutterstock_2103376028.jpg\",\"datePublished\":\"2025-05-21T09:43:04+00:00\",\"dateModified\":\"2025-05-21T09:43:07+00:00\",\"breadcrumb\":{\"@id\":\"https:\\\/\\\/www.meydan.tv\\\/az\\\/article\\\/az%c9%99rbaycanin-irandaki-s%c9%99firliyin%c9%99-silahli-hucum-etmis-s%c9%99xsin-edam-olundugu-bildirilir\\\/#breadcrumb\"},\"inLanguage\":\"az\",\"potentialAction\":[{\"@type\":\"ReadAction\",\"target\":[\"https:\\\/\\\/www.meydan.tv\\\/az\\\/article\\\/az%c9%99rbaycanin-irandaki-s%c9%99firliyin%c9%99-silahli-hucum-etmis-s%c9%99xsin-edam-olundugu-bildirilir\\\/\"]}]},{\"@type\":\"ImageObject\",\"inLanguage\":\"az\",\"@id\":\"https:\\\/\\\/www.meydan.tv\\\/az\\\/article\\\/az%c9%99rbaycanin-irandaki-s%c9%99firliyin%c9%99-silahli-hucum-etmis-s%c9%99xsin-edam-olundugu-bildirilir\\\/#primaryimage\",\"url\":\"https:\\\/\\\/www.meydan.tv\\\/wp-content\\\/uploads\\\/shutterstock_2103376028.jpg\",\"contentUrl\":\"https:\\\/\\\/www.meydan.tv\\\/wp-content\\\/uploads\\\/shutterstock_2103376028.jpg\",\"width\":1200,\"height\":800,\"caption\":\"Az\u0259rbaycan-\u0130ran. Foto: OnePixelStudio\\\/shutterstock\"},{\"@type\":\"BreadcrumbList\",\"@id\":\"https:\\\/\\\/www.meydan.tv\\\/az\\\/article\\\/az%c9%99rbaycanin-irandaki-s%c9%99firliyin%c9%99-silahli-hucum-etmis-s%c9%99xsin-edam-olundugu-bildirilir\\\/#breadcrumb\",\"itemListElement\":[{\"@type\":\"ListItem\",\"position\":1,\"name\":\"Ana s\u0259hif\u0259\",\"item\":\"https:\\\/\\\/www.meydan.tv\\\/az\\\/\"},{\"@type\":\"ListItem\",\"position\":2,\"name\":\"Siyas\u0259t\",\"item\":\"https:\\\/\\\/www.meydan.tv\\\/az\\\/section\\\/siyaset\\\/\"},{\"@type\":\"ListItem\",\"position\":3,\"name\":\"Az\u0259rbaycan\u0131n \u0130randak\u0131 s\u0259firliyin\u0259 silahl\u0131 h\u00fccum etmi\u015f \u015f\u0259xsin edam olundu\u011fu bildirilir\"}]},{\"@type\":\"WebSite\",\"@id\":\"https:\\\/\\\/www.meydan.tv\\\/az\\\/#website\",\"url\":\"https:\\\/\\\/www.meydan.tv\\\/az\\\/\",\"name\":\"MEYDAN.TV\",\"description\":\"Meydan TV Az\u0259rbaycan\u0131n media m\u0259kan\u0131ndak\u0131 alternativ s\u0259sidir\",\"publisher\":{\"@id\":\"https:\\\/\\\/www.meydan.tv\\\/az\\\/#organization\"},\"potentialAction\":[{\"@type\":\"SearchAction\",\"target\":{\"@type\":\"EntryPoint\",\"urlTemplate\":\"https:\\\/\\\/www.meydan.tv\\\/az\\\/?s={search_term_string}\"},\"query-input\":{\"@type\":\"PropertyValueSpecification\",\"valueRequired\":true,\"valueName\":\"search_term_string\"}}],\"inLanguage\":\"az\"},{\"@type\":\"Organization\",\"@id\":\"https:\\\/\\\/www.meydan.tv\\\/az\\\/#organization\",\"name\":\"Meydan TV\",\"url\":\"https:\\\/\\\/www.meydan.tv\\\/az\\\/\",\"logo\":{\"@type\":\"ImageObject\",\"inLanguage\":\"az\",\"@id\":\"https:\\\/\\\/www.meydan.tv\\\/az\\\/#\\\/schema\\\/logo\\\/image\\\/\",\"url\":\"https:\\\/\\\/www.meydan.tv\\\/wp-content\\\/uploads\\\/2021\\\/07\\\/meydan-logo.svg\",\"contentUrl\":\"https:\\\/\\\/www.meydan.tv\\\/wp-content\\\/uploads\\\/2021\\\/07\\\/meydan-logo.svg\",\"width\":195,\"height\":46,\"caption\":\"Meydan TV\"},\"image\":{\"@id\":\"https:\\\/\\\/www.meydan.tv\\\/az\\\/#\\\/schema\\\/logo\\\/image\\\/\"}},{\"@type\":\"Person\",\"@id\":\"https:\\\/\\\/www.meydan.tv\\\/az\\\/#\\\/schema\\\/person\\\/09863e516102a829e72bedcf3f84c6b0\",\"name\":\"mahmud\"}]}<\/script>\n<!-- \/ Yoast SEO plugin. -->","yoast_head_json":{"title":"Az\u0259rbaycan\u0131n \u0130randak\u0131 s\u0259firliyin\u0259 silahl\u0131 h\u00fccum etmi\u015f \u015f\u0259xsin edam olundu\u011fu bildirilir - MEYDAN.TV","robots":{"index":"index","follow":"follow","max-snippet":"max-snippet:-1","max-image-preview":"max-image-preview:large","max-video-preview":"max-video-preview:-1"},"canonical":"https:\/\/www.meydan.tv\/az\/article\/az%c9%99rbaycanin-irandaki-s%c9%99firliyin%c9%99-silahli-hucum-etmis-s%c9%99xsin-edam-olundugu-bildirilir\/","og_locale":"az_AZ","og_type":"article","og_title":"Az\u0259rbaycan\u0131n \u0130randak\u0131 s\u0259firliyin\u0259 silahl\u0131 h\u00fccum etmi\u015f \u015f\u0259xsin edam olundu\u011fu bildirilir - MEYDAN.TV","og_description":"H\u00f6km s\u0259h\u0259r saatlar\u0131nda h\u0259yata ke\u00e7irilib Bu g\u00fcn, may\u0131n 21-d\u0259 Az\u0259rbaycan\u0131n ... Davam\u0131","og_url":"https:\/\/www.meydan.tv\/az\/article\/az%c9%99rbaycanin-irandaki-s%c9%99firliyin%c9%99-silahli-hucum-etmis-s%c9%99xsin-edam-olundugu-bildirilir\/","og_site_name":"MEYDAN.TV","article_published_time":"2025-05-21T09:43:04+00:00","article_modified_time":"2025-05-21T09:43:07+00:00","og_image":[{"width":1200,"height":800,"url":"https:\/\/www.meydan.tv\/wp-content\/uploads\/shutterstock_2103376028.jpg","type":"image\/jpeg"}],"author":"mahmud","twitter_card":"summary_large_image","schema":{"@context":"https:\/\/schema.org","@graph":[{"@type":"Article","@id":"https:\/\/www.meydan.tv\/az\/article\/az%c9%99rbaycanin-irandaki-s%c9%99firliyin%c9%99-silahli-hucum-etmis-s%c9%99xsin-edam-olundugu-bildirilir\/#article","isPartOf":{"@id":"https:\/\/www.meydan.tv\/az\/article\/az%c9%99rbaycanin-irandaki-s%c9%99firliyin%c9%99-silahli-hucum-etmis-s%c9%99xsin-edam-olundugu-bildirilir\/"},"author":{"name":"mahmud","@id":"https:\/\/www.meydan.tv\/az\/#\/schema\/person\/09863e516102a829e72bedcf3f84c6b0"},"headline":"Az\u0259rbaycan\u0131n \u0130randak\u0131 s\u0259firliyin\u0259 silahl\u0131 h\u00fccum etmi\u015f \u015f\u0259xsin edam olundu\u011fu bildirilir","datePublished":"2025-05-21T09:43:04+00:00","dateModified":"2025-05-21T09:43:07+00:00","mainEntityOfPage":{"@id":"https:\/\/www.meydan.tv\/az\/article\/az%c9%99rbaycanin-irandaki-s%c9%99firliyin%c9%99-silahli-hucum-etmis-s%c9%99xsin-edam-olundugu-bildirilir\/"},"wordCount":452,"publisher":{"@id":"https:\/\/www.meydan.tv\/az\/#organization"},"image":{"@id":"https:\/\/www.meydan.tv\/az\/article\/az%c9%99rbaycanin-irandaki-s%c9%99firliyin%c9%99-silahli-hucum-etmis-s%c9%99xsin-edam-olundugu-bildirilir\/#primaryimage"},"thumbnailUrl":"https:\/\/www.meydan.tv\/wp-content\/uploads\/shutterstock_2103376028.jpg","articleSection":["Siyas\u0259t","T\u00f6vsiy\u0259","X\u0259b\u0259rl\u0259r"],"inLanguage":"az"},{"@type":"WebPage","@id":"https:\/\/www.meydan.tv\/az\/article\/az%c9%99rbaycanin-irandaki-s%c9%99firliyin%c9%99-silahli-hucum-etmis-s%c9%99xsin-edam-olundugu-bildirilir\/","url":"https:\/\/www.meydan.tv\/az\/article\/az%c9%99rbaycanin-irandaki-s%c9%99firliyin%c9%99-silahli-hucum-etmis-s%c9%99xsin-edam-olundugu-bildirilir\/","name":"Az\u0259rbaycan\u0131n \u0130randak\u0131 s\u0259firliyin\u0259 silahl\u0131 h\u00fccum etmi\u015f \u015f\u0259xsin edam olundu\u011fu bildirilir - MEYDAN.TV","isPartOf":{"@id":"https:\/\/www.meydan.tv\/az\/#website"},"primaryImageOfPage":{"@id":"https:\/\/www.meydan.tv\/az\/article\/az%c9%99rbaycanin-irandaki-s%c9%99firliyin%c9%99-silahli-hucum-etmis-s%c9%99xsin-edam-olundugu-bildirilir\/#primaryimage"},"image":{"@id":"https:\/\/www.meydan.tv\/az\/article\/az%c9%99rbaycanin-irandaki-s%c9%99firliyin%c9%99-silahli-hucum-etmis-s%c9%99xsin-edam-olundugu-bildirilir\/#primaryimage"},"thumbnailUrl":"https:\/\/www.meydan.tv\/wp-content\/uploads\/shutterstock_2103376028.jpg","datePublished":"2025-05-21T09:43:04+00:00","dateModified":"2025-05-21T09:43:07+00:00","breadcrumb":{"@id":"https:\/\/www.meydan.tv\/az\/article\/az%c9%99rbaycanin-irandaki-s%c9%99firliyin%c9%99-silahli-hucum-etmis-s%c9%99xsin-edam-olundugu-bildirilir\/#breadcrumb"},"inLanguage":"az","potentialAction":[{"@type":"ReadAction","target":["https:\/\/www.meydan.tv\/az\/article\/az%c9%99rbaycanin-irandaki-s%c9%99firliyin%c9%99-silahli-hucum-etmis-s%c9%99xsin-edam-olundugu-bildirilir\/"]}]},{"@type":"ImageObject","inLanguage":"az","@id":"https:\/\/www.meydan.tv\/az\/article\/az%c9%99rbaycanin-irandaki-s%c9%99firliyin%c9%99-silahli-hucum-etmis-s%c9%99xsin-edam-olundugu-bildirilir\/#primaryimage","url":"https:\/\/www.meydan.tv\/wp-content\/uploads\/shutterstock_2103376028.jpg","contentUrl":"https:\/\/www.meydan.tv\/wp-content\/uploads\/shutterstock_2103376028.jpg","width":1200,"height":800,"caption":"Az\u0259rbaycan-\u0130ran. Foto: OnePixelStudio\/shutterstock"},{"@type":"BreadcrumbList","@id":"https:\/\/www.meydan.tv\/az\/article\/az%c9%99rbaycanin-irandaki-s%c9%99firliyin%c9%99-silahli-hucum-etmis-s%c9%99xsin-edam-olundugu-bildirilir\/#breadcrumb","itemListElement":[{"@type":"ListItem","position":1,"name":"Ana s\u0259hif\u0259","item":"https:\/\/www.meydan.tv\/az\/"},{"@type":"ListItem","position":2,"name":"Siyas\u0259t","item":"https:\/\/www.meydan.tv\/az\/section\/siyaset\/"},{"@type":"ListItem","position":3,"name":"Az\u0259rbaycan\u0131n \u0130randak\u0131 s\u0259firliyin\u0259 silahl\u0131 h\u00fccum etmi\u015f \u015f\u0259xsin edam olundu\u011fu bildirilir"}]},{"@type":"WebSite","@id":"https:\/\/www.meydan.tv\/az\/#website","url":"https:\/\/www.meydan.tv\/az\/","name":"MEYDAN.TV","description":"Meydan TV Az\u0259rbaycan\u0131n media m\u0259kan\u0131ndak\u0131 alternativ s\u0259sidir","publisher":{"@id":"https:\/\/www.meydan.tv\/az\/#organization"},"potentialAction":[{"@type":"SearchAction","target":{"@type":"EntryPoint","urlTemplate":"https:\/\/www.meydan.tv\/az\/?s={search_term_string}"},"query-input":{"@type":"PropertyValueSpecification","valueRequired":true,"valueName":"search_term_string"}}],"inLanguage":"az"},{"@type":"Organization","@id":"https:\/\/www.meydan.tv\/az\/#organization","name":"Meydan TV","url":"https:\/\/www.meydan.tv\/az\/","logo":{"@type":"ImageObject","inLanguage":"az","@id":"https:\/\/www.meydan.tv\/az\/#\/schema\/logo\/image\/","url":"https:\/\/www.meydan.tv\/wp-content\/uploads\/2021\/07\/meydan-logo.svg","contentUrl":"https:\/\/www.meydan.tv\/wp-content\/uploads\/2021\/07\/meydan-logo.svg","width":195,"height":46,"caption":"Meydan TV"},"image":{"@id":"https:\/\/www.meydan.tv\/az\/#\/schema\/logo\/image\/"}},{"@type":"Person","@id":"https:\/\/www.meydan.tv\/az\/#\/schema\/person\/09863e516102a829e72bedcf3f84c6b0","name":"mahmud"}]}},"_links":{"self":[{"href":"https:\/\/www.meydan.tv\/az\/wp-json\/wp\/v2\/posts\/330750","targetHints":{"allow":["GET"]}}],"collection":[{"href":"https:\/\/www.meydan.tv\/az\/wp-json\/wp\/v2\/posts"}],"about":[{"href":"https:\/\/www.meydan.tv\/az\/wp-json\/wp\/v2\/types\/post"}],"author":[{"embeddable":true,"href":"https:\/\/www.meydan.tv\/az\/wp-json\/wp\/v2\/users\/21"}],"replies":[{"embeddable":true,"href":"https:\/\/www.meydan.tv\/az\/wp-json\/wp\/v2\/comments?post=330750"}],"version-history":[{"count":3,"href":"https:\/\/www.meydan.tv\/az\/wp-json\/wp\/v2\/posts\/330750\/revisions"}],"predecessor-version":[{"id":330753,"href":"https:\/\/www.meydan.tv\/az\/wp-json\/wp\/v2\/posts\/330750\/revisions\/330753"}],"wp:featuredmedia":[{"embeddable":true,"href":"https:\/\/www.meydan.tv\/az\/wp-json\/wp\/v2\/media\/240525"}],"wp:attachment":[{"href":"https:\/\/www.meydan.tv\/az\/wp-json\/wp\/v2\/media?parent=330750"}],"wp:term":[{"taxonomy":"category","embeddable":true,"href":"https:\/\/www.meydan.tv\/az\/wp-json\/wp\/v2\/categories?post=330750"},{"taxonomy":"post_tag","embeddable":true,"href":"https:\/\/www.meydan.tv\/az\/wp-json\/wp\/v2\/tags?post=330750"}],"curies":[{"name":"wp","href":"https:\/\/api.w.org\/{rel}","templated":true}]}}