{"id":330746,"date":"2025-05-21T13:32:13","date_gmt":"2025-05-21T09:32:13","guid":{"rendered":"https:\/\/www.meydan.tv\/?p=330746"},"modified":"2025-05-21T13:32:16","modified_gmt":"2025-05-21T09:32:16","slug":"az%c9%99r-qasimli-ev-dustaqligina-buraxilmayib","status":"publish","type":"post","link":"https:\/\/www.meydan.tv\/az\/article\/az%c9%99r-qasimli-ev-dustaqligina-buraxilmayib\/","title":{"rendered":"Az\u0259r Qas\u0131ml\u0131 ev dustaql\u0131\u011f\u0131na burax\u0131lmay\u0131b"},"content":{"rendered":"\n<p><strong><em>V\u0259sat\u0259ti Yasamal rayon M\u0259hk\u0259m\u0259si t\u0259min etm\u0259yib<\/em><\/strong><\/p>\n\n\n\n<p>Bu g\u00fcn, may\u0131n 21-d\u0259 Yasamal rayon M\u0259hk\u0259m\u0259sind\u0259 Siyasi Menecment \u0130nstitutunun direktoru, h\u0259bsd\u0259 olan siyas\u0259t\u00e7i Az\u0259r Qas\u0131ml\u0131n\u0131n h\u0259bsinin ev dustaql\u0131\u011f\u0131 il\u0259 \u0259v\u0259zl\u0259nm\u0259si il\u0259 ba\u011fl\u0131 v\u0259sat\u0259t\u0259 bax\u0131l\u0131b.<\/p>\n\n\n\n<p>M\u0259hk\u0259m\u0259 v\u0259sat\u0259ti t\u0259min etm\u0259yib.<\/p>\n\n\n\n<p>Az\u0259r Qas\u0131ml\u0131 \u00f6t\u0259n il dekabr\u0131n 8-d\u0259 saxlan\u0131l\u0131b.<\/p>\n\n\n\n<p>Bir g\u00fcn sonra Yasamal Rayon M\u0259hk\u0259m\u0259sinin q\u0259rar\u0131 il\u0259 h\u0259bs edilib.<\/p>\n\n\n\n<p>O, z\u0259r\u0259r\u00e7\u0259kmi\u015f qismind\u0259 tan\u0131nan Qurban\u0259li Yusibovdan h\u0259d\u0259-qorxu il\u0259 pul t\u0259l\u0259b etm\u0259kd\u0259 ittiham olunur.<\/p>\n\n\n\n<p>Lakin v\u0259kili Aqil Lay\u0131c bildirib ki, h\u0259min \u015f\u0259xsin Az\u0259r Qas\u0131ml\u0131ya pul borclu olmas\u0131n\u0131 t\u0259sdiql\u0259y\u0259n qanuni q\u00fcvv\u0259y\u0259 minmi\u015f m\u0259hk\u0259m\u0259 q\u0259rar\u0131 var.<\/p>\n\n\n\n<p>V\u0259kilin s\u00f6zl\u0259rin\u0259 g\u00f6r\u0259, bel\u0259 olan halda, Az\u0259r Qas\u0131ml\u0131n\u0131n ondan h\u0259d\u0259-qorxu il\u0259 pul t\u0259l\u0259b etm\u0259si haqda iddian\u0131n absurdlu\u011fu ortaya \u00e7\u0131x\u0131r.<\/p>\n\n\n\n<p>Az\u0259r Qas\u0131ml\u0131 \u00f6z\u00fc d\u0259 h\u0259bsinin siyasi motivli oldu\u011funu bildir\u0259r\u0259k deyib ki, h\u0259qiq\u0259tl\u0259ri dil\u0259 g\u0259tirdiyin\u0259, insanlar\u0131 ayd\u0131nland\u0131ran fikirl\u0259r s\u0259sl\u0259ndirdiyin\u0259 g\u00f6r\u0259 c\u0259zaland\u0131r\u0131l\u0131r.<\/p>\n\n\n\n<p>Bundan \u0259vv\u0259l d\u0259 Az\u0259r Qas\u0131ml\u0131n\u0131n \u00f6lk\u0259d\u0259n \u00e7\u0131x\u0131\u015f\u0131na qada\u011fa qoyulub.<\/p>\n\n\n\n<p>O, Bak\u0131 \u015e\u0259h\u0259r Ba\u015f Polis \u0130dar\u0259sind\u0259 \u201cmeclis.info\u201d sayt\u0131n\u0131n h\u0259bsd\u0259 olan r\u0259hb\u0259ri \u0130mran \u018fliyevin i\u015fi \u00fczr\u0259 istintaqda dindirilib.<\/p>\n","protected":false},"excerpt":{"rendered":"<p>V\u0259sat\u0259ti Yasamal rayon M\u0259hk\u0259m\u0259si t\u0259min etm\u0259yib Bu g\u00fcn, may\u0131n 21-d\u0259 &#8230; <\/p>\n<p class=\"read-more-container\"><a title=\"Az\u0259r Qas\u0131ml\u0131 ev dustaql\u0131\u011f\u0131na burax\u0131lmay\u0131b\" class=\"read-more button\" href=\"https:\/\/www.meydan.tv\/az\/article\/az%c9%99r-qasimli-ev-dustaqligina-buraxilmayib\/#more-330746\" aria-label=\"Read more about Az\u0259r Qas\u0131ml\u0131 ev dustaql\u0131\u011f\u0131na burax\u0131lmay\u0131b\">Davam\u0131<\/a><\/p>\n","protected":false},"author":21,"featured_media":210058,"comment_status":"closed","ping_status":"closed","sticky":false,"template":"","format":"standard","meta":{"_acf_changed":false,"_sitemap_exclude":false,"_sitemap_priority":"","_sitemap_frequency":"","footnotes":""},"categories":[59,56],"tags":[],"class_list":["post-330746","post","type-post","status-publish","format-standard","has-post-thumbnail","hentry","category-siyaset","category-xeberler","infinite-scroll-item","generate-columns","tablet-grid-50","mobile-grid-100","grid-parent","grid-33","no-featured-image-padding"],"acf":[],"yoast_head":"<!-- This site is optimized with the Yoast SEO plugin v27.5 - https:\/\/yoast.com\/product\/yoast-seo-wordpress\/ -->\n<title>Az\u0259r Qas\u0131ml\u0131 ev dustaql\u0131\u011f\u0131na burax\u0131lmay\u0131b - MEYDAN.TV<\/title>\n<meta name=\"robots\" content=\"index, follow, max-snippet:-1, max-image-preview:large, max-video-preview:-1\" \/>\n<link rel=\"canonical\" href=\"https:\/\/www.meydan.tv\/az\/article\/az%c9%99r-qasimli-ev-dustaqligina-buraxilmayib\/\" \/>\n<meta property=\"og:locale\" content=\"az_AZ\" \/>\n<meta property=\"og:type\" content=\"article\" \/>\n<meta property=\"og:title\" content=\"Az\u0259r Qas\u0131ml\u0131 ev dustaql\u0131\u011f\u0131na burax\u0131lmay\u0131b - MEYDAN.TV\" \/>\n<meta property=\"og:description\" content=\"V\u0259sat\u0259ti Yasamal rayon M\u0259hk\u0259m\u0259si t\u0259min etm\u0259yib Bu g\u00fcn, may\u0131n 21-d\u0259 ... Davam\u0131\" \/>\n<meta property=\"og:url\" content=\"https:\/\/www.meydan.tv\/az\/article\/az%c9%99r-qasimli-ev-dustaqligina-buraxilmayib\/\" \/>\n<meta property=\"og:site_name\" content=\"MEYDAN.TV\" \/>\n<meta property=\"article:published_time\" content=\"2025-05-21T09:32:13+00:00\" \/>\n<meta property=\"article:modified_time\" content=\"2025-05-21T09:32:16+00:00\" \/>\n<meta property=\"og:image\" content=\"https:\/\/www.meydan.tv\/wp-content\/uploads\/img_7646-scaled-e1734093479185.jpg\" \/>\n\t<meta property=\"og:image:width\" content=\"2560\" \/>\n\t<meta property=\"og:image:height\" content=\"1216\" \/>\n\t<meta property=\"og:image:type\" content=\"image\/jpeg\" \/>\n<meta name=\"author\" content=\"mahmud\" \/>\n<meta name=\"twitter:card\" content=\"summary_large_image\" \/>\n<script type=\"application\/ld+json\" class=\"yoast-schema-graph\">{\"@context\":\"https:\\\/\\\/schema.org\",\"@graph\":[{\"@type\":\"Article\",\"@id\":\"https:\\\/\\\/www.meydan.tv\\\/az\\\/article\\\/az%c9%99r-qasimli-ev-dustaqligina-buraxilmayib\\\/#article\",\"isPartOf\":{\"@id\":\"https:\\\/\\\/www.meydan.tv\\\/az\\\/article\\\/az%c9%99r-qasimli-ev-dustaqligina-buraxilmayib\\\/\"},\"author\":{\"name\":\"mahmud\",\"@id\":\"https:\\\/\\\/www.meydan.tv\\\/az\\\/#\\\/schema\\\/person\\\/09863e516102a829e72bedcf3f84c6b0\"},\"headline\":\"Az\u0259r Qas\u0131ml\u0131 ev dustaql\u0131\u011f\u0131na burax\u0131lmay\u0131b\",\"datePublished\":\"2025-05-21T09:32:13+00:00\",\"dateModified\":\"2025-05-21T09:32:16+00:00\",\"mainEntityOfPage\":{\"@id\":\"https:\\\/\\\/www.meydan.tv\\\/az\\\/article\\\/az%c9%99r-qasimli-ev-dustaqligina-buraxilmayib\\\/\"},\"wordCount\":285,\"publisher\":{\"@id\":\"https:\\\/\\\/www.meydan.tv\\\/az\\\/#organization\"},\"image\":{\"@id\":\"https:\\\/\\\/www.meydan.tv\\\/az\\\/article\\\/az%c9%99r-qasimli-ev-dustaqligina-buraxilmayib\\\/#primaryimage\"},\"thumbnailUrl\":\"https:\\\/\\\/www.meydan.tv\\\/wp-content\\\/uploads\\\/img_7646-scaled-e1734093479185.jpg\",\"articleSection\":[\"Siyas\u0259t\",\"X\u0259b\u0259rl\u0259r\"],\"inLanguage\":\"az\"},{\"@type\":\"WebPage\",\"@id\":\"https:\\\/\\\/www.meydan.tv\\\/az\\\/article\\\/az%c9%99r-qasimli-ev-dustaqligina-buraxilmayib\\\/\",\"url\":\"https:\\\/\\\/www.meydan.tv\\\/az\\\/article\\\/az%c9%99r-qasimli-ev-dustaqligina-buraxilmayib\\\/\",\"name\":\"Az\u0259r Qas\u0131ml\u0131 ev dustaql\u0131\u011f\u0131na burax\u0131lmay\u0131b - MEYDAN.TV\",\"isPartOf\":{\"@id\":\"https:\\\/\\\/www.meydan.tv\\\/az\\\/#website\"},\"primaryImageOfPage\":{\"@id\":\"https:\\\/\\\/www.meydan.tv\\\/az\\\/article\\\/az%c9%99r-qasimli-ev-dustaqligina-buraxilmayib\\\/#primaryimage\"},\"image\":{\"@id\":\"https:\\\/\\\/www.meydan.tv\\\/az\\\/article\\\/az%c9%99r-qasimli-ev-dustaqligina-buraxilmayib\\\/#primaryimage\"},\"thumbnailUrl\":\"https:\\\/\\\/www.meydan.tv\\\/wp-content\\\/uploads\\\/img_7646-scaled-e1734093479185.jpg\",\"datePublished\":\"2025-05-21T09:32:13+00:00\",\"dateModified\":\"2025-05-21T09:32:16+00:00\",\"breadcrumb\":{\"@id\":\"https:\\\/\\\/www.meydan.tv\\\/az\\\/article\\\/az%c9%99r-qasimli-ev-dustaqligina-buraxilmayib\\\/#breadcrumb\"},\"inLanguage\":\"az\",\"potentialAction\":[{\"@type\":\"ReadAction\",\"target\":[\"https:\\\/\\\/www.meydan.tv\\\/az\\\/article\\\/az%c9%99r-qasimli-ev-dustaqligina-buraxilmayib\\\/\"]}]},{\"@type\":\"ImageObject\",\"inLanguage\":\"az\",\"@id\":\"https:\\\/\\\/www.meydan.tv\\\/az\\\/article\\\/az%c9%99r-qasimli-ev-dustaqligina-buraxilmayib\\\/#primaryimage\",\"url\":\"https:\\\/\\\/www.meydan.tv\\\/wp-content\\\/uploads\\\/img_7646-scaled-e1734093479185.jpg\",\"contentUrl\":\"https:\\\/\\\/www.meydan.tv\\\/wp-content\\\/uploads\\\/img_7646-scaled-e1734093479185.jpg\",\"width\":2560,\"height\":1216,\"caption\":\"Az\u0259r Qas\u0131ml\u0131. ill\u00fcstrasiya: Meydan TV\"},{\"@type\":\"BreadcrumbList\",\"@id\":\"https:\\\/\\\/www.meydan.tv\\\/az\\\/article\\\/az%c9%99r-qasimli-ev-dustaqligina-buraxilmayib\\\/#breadcrumb\",\"itemListElement\":[{\"@type\":\"ListItem\",\"position\":1,\"name\":\"Ana s\u0259hif\u0259\",\"item\":\"https:\\\/\\\/www.meydan.tv\\\/az\\\/\"},{\"@type\":\"ListItem\",\"position\":2,\"name\":\"Siyas\u0259t\",\"item\":\"https:\\\/\\\/www.meydan.tv\\\/az\\\/section\\\/siyaset\\\/\"},{\"@type\":\"ListItem\",\"position\":3,\"name\":\"Az\u0259r Qas\u0131ml\u0131 ev dustaql\u0131\u011f\u0131na burax\u0131lmay\u0131b\"}]},{\"@type\":\"WebSite\",\"@id\":\"https:\\\/\\\/www.meydan.tv\\\/az\\\/#website\",\"url\":\"https:\\\/\\\/www.meydan.tv\\\/az\\\/\",\"name\":\"MEYDAN.TV\",\"description\":\"Meydan TV Az\u0259rbaycan\u0131n media m\u0259kan\u0131ndak\u0131 alternativ s\u0259sidir\",\"publisher\":{\"@id\":\"https:\\\/\\\/www.meydan.tv\\\/az\\\/#organization\"},\"potentialAction\":[{\"@type\":\"SearchAction\",\"target\":{\"@type\":\"EntryPoint\",\"urlTemplate\":\"https:\\\/\\\/www.meydan.tv\\\/az\\\/?s={search_term_string}\"},\"query-input\":{\"@type\":\"PropertyValueSpecification\",\"valueRequired\":true,\"valueName\":\"search_term_string\"}}],\"inLanguage\":\"az\"},{\"@type\":\"Organization\",\"@id\":\"https:\\\/\\\/www.meydan.tv\\\/az\\\/#organization\",\"name\":\"Meydan TV\",\"url\":\"https:\\\/\\\/www.meydan.tv\\\/az\\\/\",\"logo\":{\"@type\":\"ImageObject\",\"inLanguage\":\"az\",\"@id\":\"https:\\\/\\\/www.meydan.tv\\\/az\\\/#\\\/schema\\\/logo\\\/image\\\/\",\"url\":\"https:\\\/\\\/www.meydan.tv\\\/wp-content\\\/uploads\\\/2021\\\/07\\\/meydan-logo.svg\",\"contentUrl\":\"https:\\\/\\\/www.meydan.tv\\\/wp-content\\\/uploads\\\/2021\\\/07\\\/meydan-logo.svg\",\"width\":195,\"height\":46,\"caption\":\"Meydan TV\"},\"image\":{\"@id\":\"https:\\\/\\\/www.meydan.tv\\\/az\\\/#\\\/schema\\\/logo\\\/image\\\/\"}},{\"@type\":\"Person\",\"@id\":\"https:\\\/\\\/www.meydan.tv\\\/az\\\/#\\\/schema\\\/person\\\/09863e516102a829e72bedcf3f84c6b0\",\"name\":\"mahmud\"}]}<\/script>\n<!-- \/ Yoast SEO plugin. -->","yoast_head_json":{"title":"Az\u0259r Qas\u0131ml\u0131 ev dustaql\u0131\u011f\u0131na burax\u0131lmay\u0131b - MEYDAN.TV","robots":{"index":"index","follow":"follow","max-snippet":"max-snippet:-1","max-image-preview":"max-image-preview:large","max-video-preview":"max-video-preview:-1"},"canonical":"https:\/\/www.meydan.tv\/az\/article\/az%c9%99r-qasimli-ev-dustaqligina-buraxilmayib\/","og_locale":"az_AZ","og_type":"article","og_title":"Az\u0259r Qas\u0131ml\u0131 ev dustaql\u0131\u011f\u0131na burax\u0131lmay\u0131b - MEYDAN.TV","og_description":"V\u0259sat\u0259ti Yasamal rayon M\u0259hk\u0259m\u0259si t\u0259min etm\u0259yib Bu g\u00fcn, may\u0131n 21-d\u0259 ... Davam\u0131","og_url":"https:\/\/www.meydan.tv\/az\/article\/az%c9%99r-qasimli-ev-dustaqligina-buraxilmayib\/","og_site_name":"MEYDAN.TV","article_published_time":"2025-05-21T09:32:13+00:00","article_modified_time":"2025-05-21T09:32:16+00:00","og_image":[{"width":2560,"height":1216,"url":"https:\/\/www.meydan.tv\/wp-content\/uploads\/img_7646-scaled-e1734093479185.jpg","type":"image\/jpeg"}],"author":"mahmud","twitter_card":"summary_large_image","schema":{"@context":"https:\/\/schema.org","@graph":[{"@type":"Article","@id":"https:\/\/www.meydan.tv\/az\/article\/az%c9%99r-qasimli-ev-dustaqligina-buraxilmayib\/#article","isPartOf":{"@id":"https:\/\/www.meydan.tv\/az\/article\/az%c9%99r-qasimli-ev-dustaqligina-buraxilmayib\/"},"author":{"name":"mahmud","@id":"https:\/\/www.meydan.tv\/az\/#\/schema\/person\/09863e516102a829e72bedcf3f84c6b0"},"headline":"Az\u0259r Qas\u0131ml\u0131 ev dustaql\u0131\u011f\u0131na burax\u0131lmay\u0131b","datePublished":"2025-05-21T09:32:13+00:00","dateModified":"2025-05-21T09:32:16+00:00","mainEntityOfPage":{"@id":"https:\/\/www.meydan.tv\/az\/article\/az%c9%99r-qasimli-ev-dustaqligina-buraxilmayib\/"},"wordCount":285,"publisher":{"@id":"https:\/\/www.meydan.tv\/az\/#organization"},"image":{"@id":"https:\/\/www.meydan.tv\/az\/article\/az%c9%99r-qasimli-ev-dustaqligina-buraxilmayib\/#primaryimage"},"thumbnailUrl":"https:\/\/www.meydan.tv\/wp-content\/uploads\/img_7646-scaled-e1734093479185.jpg","articleSection":["Siyas\u0259t","X\u0259b\u0259rl\u0259r"],"inLanguage":"az"},{"@type":"WebPage","@id":"https:\/\/www.meydan.tv\/az\/article\/az%c9%99r-qasimli-ev-dustaqligina-buraxilmayib\/","url":"https:\/\/www.meydan.tv\/az\/article\/az%c9%99r-qasimli-ev-dustaqligina-buraxilmayib\/","name":"Az\u0259r Qas\u0131ml\u0131 ev dustaql\u0131\u011f\u0131na burax\u0131lmay\u0131b - MEYDAN.TV","isPartOf":{"@id":"https:\/\/www.meydan.tv\/az\/#website"},"primaryImageOfPage":{"@id":"https:\/\/www.meydan.tv\/az\/article\/az%c9%99r-qasimli-ev-dustaqligina-buraxilmayib\/#primaryimage"},"image":{"@id":"https:\/\/www.meydan.tv\/az\/article\/az%c9%99r-qasimli-ev-dustaqligina-buraxilmayib\/#primaryimage"},"thumbnailUrl":"https:\/\/www.meydan.tv\/wp-content\/uploads\/img_7646-scaled-e1734093479185.jpg","datePublished":"2025-05-21T09:32:13+00:00","dateModified":"2025-05-21T09:32:16+00:00","breadcrumb":{"@id":"https:\/\/www.meydan.tv\/az\/article\/az%c9%99r-qasimli-ev-dustaqligina-buraxilmayib\/#breadcrumb"},"inLanguage":"az","potentialAction":[{"@type":"ReadAction","target":["https:\/\/www.meydan.tv\/az\/article\/az%c9%99r-qasimli-ev-dustaqligina-buraxilmayib\/"]}]},{"@type":"ImageObject","inLanguage":"az","@id":"https:\/\/www.meydan.tv\/az\/article\/az%c9%99r-qasimli-ev-dustaqligina-buraxilmayib\/#primaryimage","url":"https:\/\/www.meydan.tv\/wp-content\/uploads\/img_7646-scaled-e1734093479185.jpg","contentUrl":"https:\/\/www.meydan.tv\/wp-content\/uploads\/img_7646-scaled-e1734093479185.jpg","width":2560,"height":1216,"caption":"Az\u0259r Qas\u0131ml\u0131. ill\u00fcstrasiya: Meydan TV"},{"@type":"BreadcrumbList","@id":"https:\/\/www.meydan.tv\/az\/article\/az%c9%99r-qasimli-ev-dustaqligina-buraxilmayib\/#breadcrumb","itemListElement":[{"@type":"ListItem","position":1,"name":"Ana s\u0259hif\u0259","item":"https:\/\/www.meydan.tv\/az\/"},{"@type":"ListItem","position":2,"name":"Siyas\u0259t","item":"https:\/\/www.meydan.tv\/az\/section\/siyaset\/"},{"@type":"ListItem","position":3,"name":"Az\u0259r Qas\u0131ml\u0131 ev dustaql\u0131\u011f\u0131na burax\u0131lmay\u0131b"}]},{"@type":"WebSite","@id":"https:\/\/www.meydan.tv\/az\/#website","url":"https:\/\/www.meydan.tv\/az\/","name":"MEYDAN.TV","description":"Meydan TV Az\u0259rbaycan\u0131n media m\u0259kan\u0131ndak\u0131 alternativ s\u0259sidir","publisher":{"@id":"https:\/\/www.meydan.tv\/az\/#organization"},"potentialAction":[{"@type":"SearchAction","target":{"@type":"EntryPoint","urlTemplate":"https:\/\/www.meydan.tv\/az\/?s={search_term_string}"},"query-input":{"@type":"PropertyValueSpecification","valueRequired":true,"valueName":"search_term_string"}}],"inLanguage":"az"},{"@type":"Organization","@id":"https:\/\/www.meydan.tv\/az\/#organization","name":"Meydan TV","url":"https:\/\/www.meydan.tv\/az\/","logo":{"@type":"ImageObject","inLanguage":"az","@id":"https:\/\/www.meydan.tv\/az\/#\/schema\/logo\/image\/","url":"https:\/\/www.meydan.tv\/wp-content\/uploads\/2021\/07\/meydan-logo.svg","contentUrl":"https:\/\/www.meydan.tv\/wp-content\/uploads\/2021\/07\/meydan-logo.svg","width":195,"height":46,"caption":"Meydan TV"},"image":{"@id":"https:\/\/www.meydan.tv\/az\/#\/schema\/logo\/image\/"}},{"@type":"Person","@id":"https:\/\/www.meydan.tv\/az\/#\/schema\/person\/09863e516102a829e72bedcf3f84c6b0","name":"mahmud"}]}},"_links":{"self":[{"href":"https:\/\/www.meydan.tv\/az\/wp-json\/wp\/v2\/posts\/330746","targetHints":{"allow":["GET"]}}],"collection":[{"href":"https:\/\/www.meydan.tv\/az\/wp-json\/wp\/v2\/posts"}],"about":[{"href":"https:\/\/www.meydan.tv\/az\/wp-json\/wp\/v2\/types\/post"}],"author":[{"embeddable":true,"href":"https:\/\/www.meydan.tv\/az\/wp-json\/wp\/v2\/users\/21"}],"replies":[{"embeddable":true,"href":"https:\/\/www.meydan.tv\/az\/wp-json\/wp\/v2\/comments?post=330746"}],"version-history":[{"count":3,"href":"https:\/\/www.meydan.tv\/az\/wp-json\/wp\/v2\/posts\/330746\/revisions"}],"predecessor-version":[{"id":330749,"href":"https:\/\/www.meydan.tv\/az\/wp-json\/wp\/v2\/posts\/330746\/revisions\/330749"}],"wp:featuredmedia":[{"embeddable":true,"href":"https:\/\/www.meydan.tv\/az\/wp-json\/wp\/v2\/media\/210058"}],"wp:attachment":[{"href":"https:\/\/www.meydan.tv\/az\/wp-json\/wp\/v2\/media?parent=330746"}],"wp:term":[{"taxonomy":"category","embeddable":true,"href":"https:\/\/www.meydan.tv\/az\/wp-json\/wp\/v2\/categories?post=330746"},{"taxonomy":"post_tag","embeddable":true,"href":"https:\/\/www.meydan.tv\/az\/wp-json\/wp\/v2\/tags?post=330746"}],"curies":[{"name":"wp","href":"https:\/\/api.w.org\/{rel}","templated":true}]}}