{"id":330684,"date":"2025-05-20T17:04:09","date_gmt":"2025-05-20T13:04:09","guid":{"rendered":"https:\/\/www.meydan.tv\/?p=330684"},"modified":"2025-05-20T17:04:12","modified_gmt":"2025-05-20T13:04:12","slug":"isci-masasinin-h%c9%99bsd%c9%99-olan-uzvunun-c%c9%99rim%c9%99-kamerasinda-saxlanma-mudd%c9%99ti-daha-10-gun-uzadilib","status":"publish","type":"post","link":"https:\/\/www.meydan.tv\/az\/article\/isci-masasinin-h%c9%99bsd%c9%99-olan-uzvunun-c%c9%99rim%c9%99-kamerasinda-saxlanma-mudd%c9%99ti-daha-10-gun-uzadilib\/","title":{"rendered":"\u201c\u0130\u015f\u00e7i Masas\u0131\u201dn\u0131n h\u0259bsd\u0259 olan \u00fczv\u00fcn\u00fcn c\u0259rim\u0259 kameras\u0131nda saxlanma m\u00fcdd\u0259ti daha 10 g\u00fcn uzad\u0131l\u0131b"},"content":{"rendered":"\n<p><\/p>\n\n\n\n<p>\u201c\u0130\u015f\u00e7i Masas\u0131\u201d H\u0259mkarlar \u0130ttifaqlar\u0131 Konfederasiyas\u0131n\u0131n h\u0259bsd\u0259 olan \u00fczv\u00fc Elvin Mustafayevin c\u0259rim\u0259 kameras\u0131nda (\u201ckars\u201d) saxlanma m\u00fcdd\u0259tinin daha 10 g\u00fcn uzad\u0131ld\u0131\u011f\u0131 bildirilir.<\/p>\n\n\n\n<p>Bu bar\u0259d\u0259 \u201c\u0130\u015f\u00e7i Masas\u0131\u201d <a href=\"https:\/\/www.instagram.com\/p\/DJ3x1pfNx_6\/\" target=\"_blank\" rel=\"noreferrer noopener\">m\u0259lumat<\/a> yay\u0131b.<\/p>\n\n\n\n<p>M\u0259lumata g\u00f6r\u0259, o, 14 g\u00fcnd\u0259n \u00e7oxdur karserd\u0259dir.<\/p>\n\n\n\n<p>Elvin Mustafayev may\u0131n 6-da Tofiq Yaqublu ba\u015fda olmaqla b\u00fct\u00fcn siyasi m\u0259hbuslar\u0131n azad edilm\u0259si t\u0259l\u0259bil\u0259 acl\u0131q aksiyas\u0131na ba\u015flam\u0131\u015fd\u0131. Bundan sonra ona t\u0259zyiq olunub v\u0259 yeri d\u0259yi\u015fdirilib. Uzun m\u00fcdd\u0259t hans\u0131 m\u00fc\u0259ssis\u0259d\u0259 oldu\u011fu bar\u0259d\u0259 x\u0259b\u0259r verilmirdi. M\u0259lumata g\u00f6r\u0259, Elvin Mustafayev 6 sayl\u0131 c\u0259za\u00e7\u0259km\u0259 m\u00fc\u0259ssis\u0259nin c\u0259rim\u0259 t\u0259cridxanas\u0131ndad\u0131r. May\u0131n 19-da oradan \u00e7\u0131xar\u0131lmal\u0131 olsa da 10 g\u00fcn \u0259lav\u0259 olaraq orada qalaca\u011f\u0131 bildirilir. &nbsp;<\/p>\n\n\n\n<p>\u201c\u0130\u015f\u00e7i Masas\u0131\u201d ail\u0259si v\u0259 yax\u0131nlar\u0131n\u0131n Elvin Mustafayevin s\u0259hh\u0259tind\u0259n narahat oldu\u011funu bildirib v\u0259 onun karserd\u0259n \u00e7\u0131xar\u0131lmas\u0131n\u0131 t\u0259l\u0259b edib.<\/p>\n\n\n\n<p>Elvin Mustafayev 2023-c\u00fc il avqustun 4-d\u0259 saxlan\u0131l\u0131b v\u0259 narkotik alverind\u0259 ittiham olunub.<\/p>\n\n\n\n<p>Mustafayev ittihamlar\u0131 r\u0259dd ed\u0259r\u0259k bildirib ki, narkotik madd\u0259ni onun \u00fcz\u0259rin\u0259 qoyublar.<\/p>\n\n\n\n<p>2024-c\u00fc il yanvar\u0131n 31-d\u0259 Bak\u0131 A\u011f\u0131r Cinay\u0259tl\u0259r M\u0259hk\u0259m\u0259si onu 3 il m\u00fcdd\u0259tin\u0259 azadl\u0131qdan m\u0259hrum edib.<\/p>\n\n\n\n<p>H\u0259min il s\u0259hh\u0259tind\u0259 problem olsa da, m\u00fcalic\u0259 m\u00fc\u0259ssis\u0259sind\u0259n yenid\u0259n c\u0259za\u00e7\u0259km\u0259 m\u00fc\u0259ssis\u0259sin\u0259 qaytar\u0131lan Elvin Mustafayev buna etiraz olaraq acl\u0131q aksiyas\u0131 ke\u00e7irmi\u015fdi.<\/p>\n\n\n\n<p>Az\u0259rbaycanda i\u015f\u00e7i h\u00fcquqlar\u0131n\u0131 m\u00fcdafi\u0259 etm\u0259k m\u0259qs\u0259dil\u0259 2022-ci ild\u0259 yarad\u0131lan \u201c\u0130\u015f\u00e7i Masas\u0131\u201d H\u0259mkarlar \u0130ttifaqlar\u0131 Konfederasiyas\u0131n\u0131n d\u00f6rd \u00fczv\u00fc \u2013 s\u0259dr Afi\u0259ddin M\u0259mm\u0259dov v\u0259 \u00fczvl\u0259ri Ayxan \u0130srafilov, Elvin Mustafayev v\u0259 M\u00f6hy\u0259ddin Orucov haz\u0131rda h\u0259bsd\u0259dir. Onlar m\u00fcxt\u0259lif ittihamla \u00fczl\u0259\u015fs\u0259l\u0259r d\u0259, ittihamlar\u0131n ham\u0131s\u0131n\u0131 qurama, siyasi say\u0131rlar.<\/p>\n\n\n\n<p>Amma r\u0259smil\u0259r \u00f6lk\u0259d\u0259 siyasi h\u0259bsl\u0259rin olmas\u0131 il\u0259 ba\u011fl\u0131 deyil\u0259nl\u0259ri q\u0259bul etmirl\u0259r.<\/p>\n","protected":false},"excerpt":{"rendered":"<p>\u201c\u0130\u015f\u00e7i Masas\u0131\u201d H\u0259mkarlar \u0130ttifaqlar\u0131 Konfederasiyas\u0131n\u0131n h\u0259bsd\u0259 olan \u00fczv\u00fc Elvin Mustafayevin &#8230; <\/p>\n<p class=\"read-more-container\"><a title=\"\u201c\u0130\u015f\u00e7i Masas\u0131\u201dn\u0131n h\u0259bsd\u0259 olan \u00fczv\u00fcn\u00fcn c\u0259rim\u0259 kameras\u0131nda saxlanma m\u00fcdd\u0259ti daha 10 g\u00fcn uzad\u0131l\u0131b\" class=\"read-more button\" href=\"https:\/\/www.meydan.tv\/az\/article\/isci-masasinin-h%c9%99bsd%c9%99-olan-uzvunun-c%c9%99rim%c9%99-kamerasinda-saxlanma-mudd%c9%99ti-daha-10-gun-uzadilib\/#more-330684\" aria-label=\"Read more about \u201c\u0130\u015f\u00e7i Masas\u0131\u201dn\u0131n h\u0259bsd\u0259 olan \u00fczv\u00fcn\u00fcn c\u0259rim\u0259 kameras\u0131nda saxlanma m\u00fcdd\u0259ti daha 10 g\u00fcn uzad\u0131l\u0131b\">Davam\u0131<\/a><\/p>\n","protected":false},"author":21,"featured_media":281608,"comment_status":"closed","ping_status":"closed","sticky":false,"template":"","format":"standard","meta":{"_acf_changed":false,"_sitemap_exclude":false,"_sitemap_priority":"","_sitemap_frequency":"","footnotes":""},"categories":[59,79,56],"tags":[],"class_list":["post-330684","post","type-post","status-publish","format-standard","has-post-thumbnail","hentry","category-siyaset","category-featured","category-xeberler","infinite-scroll-item","generate-columns","tablet-grid-50","mobile-grid-100","grid-parent","grid-33","no-featured-image-padding"],"acf":[],"yoast_head":"<!-- This site is optimized with the Yoast SEO plugin v27.5 - https:\/\/yoast.com\/product\/yoast-seo-wordpress\/ -->\n<title>\u201c\u0130\u015f\u00e7i Masas\u0131\u201dn\u0131n h\u0259bsd\u0259 olan \u00fczv\u00fcn\u00fcn c\u0259rim\u0259 kameras\u0131nda saxlanma m\u00fcdd\u0259ti daha 10 g\u00fcn uzad\u0131l\u0131b - MEYDAN.TV<\/title>\n<meta name=\"robots\" content=\"index, follow, max-snippet:-1, max-image-preview:large, max-video-preview:-1\" \/>\n<link rel=\"canonical\" href=\"https:\/\/www.meydan.tv\/az\/article\/isci-masasinin-h%c9%99bsd%c9%99-olan-uzvunun-c%c9%99rim%c9%99-kamerasinda-saxlanma-mudd%c9%99ti-daha-10-gun-uzadilib\/\" \/>\n<meta property=\"og:locale\" content=\"az_AZ\" \/>\n<meta property=\"og:type\" content=\"article\" \/>\n<meta property=\"og:title\" content=\"\u201c\u0130\u015f\u00e7i Masas\u0131\u201dn\u0131n h\u0259bsd\u0259 olan \u00fczv\u00fcn\u00fcn c\u0259rim\u0259 kameras\u0131nda saxlanma m\u00fcdd\u0259ti daha 10 g\u00fcn uzad\u0131l\u0131b - MEYDAN.TV\" \/>\n<meta property=\"og:description\" content=\"\u201c\u0130\u015f\u00e7i Masas\u0131\u201d H\u0259mkarlar \u0130ttifaqlar\u0131 Konfederasiyas\u0131n\u0131n h\u0259bsd\u0259 olan \u00fczv\u00fc Elvin Mustafayevin ... Davam\u0131\" \/>\n<meta property=\"og:url\" content=\"https:\/\/www.meydan.tv\/az\/article\/isci-masasinin-h%c9%99bsd%c9%99-olan-uzvunun-c%c9%99rim%c9%99-kamerasinda-saxlanma-mudd%c9%99ti-daha-10-gun-uzadilib\/\" \/>\n<meta property=\"og:site_name\" content=\"MEYDAN.TV\" \/>\n<meta property=\"article:published_time\" content=\"2025-05-20T13:04:09+00:00\" \/>\n<meta property=\"article:modified_time\" content=\"2025-05-20T13:04:12+00:00\" \/>\n<meta property=\"og:image\" content=\"https:\/\/www.meydan.tv\/wp-content\/uploads\/untitled-design-175-e1691309119679.jpg\" \/>\n\t<meta property=\"og:image:width\" content=\"1200\" \/>\n\t<meta property=\"og:image:height\" content=\"486\" \/>\n\t<meta property=\"og:image:type\" content=\"image\/jpeg\" \/>\n<meta name=\"author\" content=\"mahmud\" \/>\n<meta name=\"twitter:card\" content=\"summary_large_image\" \/>\n<script type=\"application\/ld+json\" class=\"yoast-schema-graph\">{\"@context\":\"https:\\\/\\\/schema.org\",\"@graph\":[{\"@type\":\"Article\",\"@id\":\"https:\\\/\\\/www.meydan.tv\\\/az\\\/article\\\/isci-masasinin-h%c9%99bsd%c9%99-olan-uzvunun-c%c9%99rim%c9%99-kamerasinda-saxlanma-mudd%c9%99ti-daha-10-gun-uzadilib\\\/#article\",\"isPartOf\":{\"@id\":\"https:\\\/\\\/www.meydan.tv\\\/az\\\/article\\\/isci-masasinin-h%c9%99bsd%c9%99-olan-uzvunun-c%c9%99rim%c9%99-kamerasinda-saxlanma-mudd%c9%99ti-daha-10-gun-uzadilib\\\/\"},\"author\":{\"name\":\"mahmud\",\"@id\":\"https:\\\/\\\/www.meydan.tv\\\/az\\\/#\\\/schema\\\/person\\\/09863e516102a829e72bedcf3f84c6b0\"},\"headline\":\"\u201c\u0130\u015f\u00e7i Masas\u0131\u201dn\u0131n h\u0259bsd\u0259 olan \u00fczv\u00fcn\u00fcn c\u0259rim\u0259 kameras\u0131nda saxlanma m\u00fcdd\u0259ti daha 10 g\u00fcn uzad\u0131l\u0131b\",\"datePublished\":\"2025-05-20T13:04:09+00:00\",\"dateModified\":\"2025-05-20T13:04:12+00:00\",\"mainEntityOfPage\":{\"@id\":\"https:\\\/\\\/www.meydan.tv\\\/az\\\/article\\\/isci-masasinin-h%c9%99bsd%c9%99-olan-uzvunun-c%c9%99rim%c9%99-kamerasinda-saxlanma-mudd%c9%99ti-daha-10-gun-uzadilib\\\/\"},\"wordCount\":379,\"publisher\":{\"@id\":\"https:\\\/\\\/www.meydan.tv\\\/az\\\/#organization\"},\"image\":{\"@id\":\"https:\\\/\\\/www.meydan.tv\\\/az\\\/article\\\/isci-masasinin-h%c9%99bsd%c9%99-olan-uzvunun-c%c9%99rim%c9%99-kamerasinda-saxlanma-mudd%c9%99ti-daha-10-gun-uzadilib\\\/#primaryimage\"},\"thumbnailUrl\":\"https:\\\/\\\/www.meydan.tv\\\/wp-content\\\/uploads\\\/untitled-design-175-e1691309119679.jpg\",\"articleSection\":[\"Siyas\u0259t\",\"T\u00f6vsiy\u0259\",\"X\u0259b\u0259rl\u0259r\"],\"inLanguage\":\"az\"},{\"@type\":\"WebPage\",\"@id\":\"https:\\\/\\\/www.meydan.tv\\\/az\\\/article\\\/isci-masasinin-h%c9%99bsd%c9%99-olan-uzvunun-c%c9%99rim%c9%99-kamerasinda-saxlanma-mudd%c9%99ti-daha-10-gun-uzadilib\\\/\",\"url\":\"https:\\\/\\\/www.meydan.tv\\\/az\\\/article\\\/isci-masasinin-h%c9%99bsd%c9%99-olan-uzvunun-c%c9%99rim%c9%99-kamerasinda-saxlanma-mudd%c9%99ti-daha-10-gun-uzadilib\\\/\",\"name\":\"\u201c\u0130\u015f\u00e7i Masas\u0131\u201dn\u0131n h\u0259bsd\u0259 olan \u00fczv\u00fcn\u00fcn c\u0259rim\u0259 kameras\u0131nda saxlanma m\u00fcdd\u0259ti daha 10 g\u00fcn uzad\u0131l\u0131b - MEYDAN.TV\",\"isPartOf\":{\"@id\":\"https:\\\/\\\/www.meydan.tv\\\/az\\\/#website\"},\"primaryImageOfPage\":{\"@id\":\"https:\\\/\\\/www.meydan.tv\\\/az\\\/article\\\/isci-masasinin-h%c9%99bsd%c9%99-olan-uzvunun-c%c9%99rim%c9%99-kamerasinda-saxlanma-mudd%c9%99ti-daha-10-gun-uzadilib\\\/#primaryimage\"},\"image\":{\"@id\":\"https:\\\/\\\/www.meydan.tv\\\/az\\\/article\\\/isci-masasinin-h%c9%99bsd%c9%99-olan-uzvunun-c%c9%99rim%c9%99-kamerasinda-saxlanma-mudd%c9%99ti-daha-10-gun-uzadilib\\\/#primaryimage\"},\"thumbnailUrl\":\"https:\\\/\\\/www.meydan.tv\\\/wp-content\\\/uploads\\\/untitled-design-175-e1691309119679.jpg\",\"datePublished\":\"2025-05-20T13:04:09+00:00\",\"dateModified\":\"2025-05-20T13:04:12+00:00\",\"breadcrumb\":{\"@id\":\"https:\\\/\\\/www.meydan.tv\\\/az\\\/article\\\/isci-masasinin-h%c9%99bsd%c9%99-olan-uzvunun-c%c9%99rim%c9%99-kamerasinda-saxlanma-mudd%c9%99ti-daha-10-gun-uzadilib\\\/#breadcrumb\"},\"inLanguage\":\"az\",\"potentialAction\":[{\"@type\":\"ReadAction\",\"target\":[\"https:\\\/\\\/www.meydan.tv\\\/az\\\/article\\\/isci-masasinin-h%c9%99bsd%c9%99-olan-uzvunun-c%c9%99rim%c9%99-kamerasinda-saxlanma-mudd%c9%99ti-daha-10-gun-uzadilib\\\/\"]}]},{\"@type\":\"ImageObject\",\"inLanguage\":\"az\",\"@id\":\"https:\\\/\\\/www.meydan.tv\\\/az\\\/article\\\/isci-masasinin-h%c9%99bsd%c9%99-olan-uzvunun-c%c9%99rim%c9%99-kamerasinda-saxlanma-mudd%c9%99ti-daha-10-gun-uzadilib\\\/#primaryimage\",\"url\":\"https:\\\/\\\/www.meydan.tv\\\/wp-content\\\/uploads\\\/untitled-design-175-e1691309119679.jpg\",\"contentUrl\":\"https:\\\/\\\/www.meydan.tv\\\/wp-content\\\/uploads\\\/untitled-design-175-e1691309119679.jpg\",\"width\":1200,\"height\":486,\"caption\":\"Elvin Mustafayev.Foto: F\u0259rqan\u0259 Novruzova\"},{\"@type\":\"BreadcrumbList\",\"@id\":\"https:\\\/\\\/www.meydan.tv\\\/az\\\/article\\\/isci-masasinin-h%c9%99bsd%c9%99-olan-uzvunun-c%c9%99rim%c9%99-kamerasinda-saxlanma-mudd%c9%99ti-daha-10-gun-uzadilib\\\/#breadcrumb\",\"itemListElement\":[{\"@type\":\"ListItem\",\"position\":1,\"name\":\"Ana s\u0259hif\u0259\",\"item\":\"https:\\\/\\\/www.meydan.tv\\\/az\\\/\"},{\"@type\":\"ListItem\",\"position\":2,\"name\":\"Siyas\u0259t\",\"item\":\"https:\\\/\\\/www.meydan.tv\\\/az\\\/section\\\/siyaset\\\/\"},{\"@type\":\"ListItem\",\"position\":3,\"name\":\"\u201c\u0130\u015f\u00e7i Masas\u0131\u201dn\u0131n h\u0259bsd\u0259 olan \u00fczv\u00fcn\u00fcn c\u0259rim\u0259 kameras\u0131nda saxlanma m\u00fcdd\u0259ti daha 10 g\u00fcn uzad\u0131l\u0131b\"}]},{\"@type\":\"WebSite\",\"@id\":\"https:\\\/\\\/www.meydan.tv\\\/az\\\/#website\",\"url\":\"https:\\\/\\\/www.meydan.tv\\\/az\\\/\",\"name\":\"MEYDAN.TV\",\"description\":\"Meydan TV Az\u0259rbaycan\u0131n media m\u0259kan\u0131ndak\u0131 alternativ s\u0259sidir\",\"publisher\":{\"@id\":\"https:\\\/\\\/www.meydan.tv\\\/az\\\/#organization\"},\"potentialAction\":[{\"@type\":\"SearchAction\",\"target\":{\"@type\":\"EntryPoint\",\"urlTemplate\":\"https:\\\/\\\/www.meydan.tv\\\/az\\\/?s={search_term_string}\"},\"query-input\":{\"@type\":\"PropertyValueSpecification\",\"valueRequired\":true,\"valueName\":\"search_term_string\"}}],\"inLanguage\":\"az\"},{\"@type\":\"Organization\",\"@id\":\"https:\\\/\\\/www.meydan.tv\\\/az\\\/#organization\",\"name\":\"Meydan TV\",\"url\":\"https:\\\/\\\/www.meydan.tv\\\/az\\\/\",\"logo\":{\"@type\":\"ImageObject\",\"inLanguage\":\"az\",\"@id\":\"https:\\\/\\\/www.meydan.tv\\\/az\\\/#\\\/schema\\\/logo\\\/image\\\/\",\"url\":\"https:\\\/\\\/www.meydan.tv\\\/wp-content\\\/uploads\\\/2021\\\/07\\\/meydan-logo.svg\",\"contentUrl\":\"https:\\\/\\\/www.meydan.tv\\\/wp-content\\\/uploads\\\/2021\\\/07\\\/meydan-logo.svg\",\"width\":195,\"height\":46,\"caption\":\"Meydan TV\"},\"image\":{\"@id\":\"https:\\\/\\\/www.meydan.tv\\\/az\\\/#\\\/schema\\\/logo\\\/image\\\/\"}},{\"@type\":\"Person\",\"@id\":\"https:\\\/\\\/www.meydan.tv\\\/az\\\/#\\\/schema\\\/person\\\/09863e516102a829e72bedcf3f84c6b0\",\"name\":\"mahmud\"}]}<\/script>\n<!-- \/ Yoast SEO plugin. -->","yoast_head_json":{"title":"\u201c\u0130\u015f\u00e7i Masas\u0131\u201dn\u0131n h\u0259bsd\u0259 olan \u00fczv\u00fcn\u00fcn c\u0259rim\u0259 kameras\u0131nda saxlanma m\u00fcdd\u0259ti daha 10 g\u00fcn uzad\u0131l\u0131b - MEYDAN.TV","robots":{"index":"index","follow":"follow","max-snippet":"max-snippet:-1","max-image-preview":"max-image-preview:large","max-video-preview":"max-video-preview:-1"},"canonical":"https:\/\/www.meydan.tv\/az\/article\/isci-masasinin-h%c9%99bsd%c9%99-olan-uzvunun-c%c9%99rim%c9%99-kamerasinda-saxlanma-mudd%c9%99ti-daha-10-gun-uzadilib\/","og_locale":"az_AZ","og_type":"article","og_title":"\u201c\u0130\u015f\u00e7i Masas\u0131\u201dn\u0131n h\u0259bsd\u0259 olan \u00fczv\u00fcn\u00fcn c\u0259rim\u0259 kameras\u0131nda saxlanma m\u00fcdd\u0259ti daha 10 g\u00fcn uzad\u0131l\u0131b - MEYDAN.TV","og_description":"\u201c\u0130\u015f\u00e7i Masas\u0131\u201d H\u0259mkarlar \u0130ttifaqlar\u0131 Konfederasiyas\u0131n\u0131n h\u0259bsd\u0259 olan \u00fczv\u00fc Elvin Mustafayevin ... Davam\u0131","og_url":"https:\/\/www.meydan.tv\/az\/article\/isci-masasinin-h%c9%99bsd%c9%99-olan-uzvunun-c%c9%99rim%c9%99-kamerasinda-saxlanma-mudd%c9%99ti-daha-10-gun-uzadilib\/","og_site_name":"MEYDAN.TV","article_published_time":"2025-05-20T13:04:09+00:00","article_modified_time":"2025-05-20T13:04:12+00:00","og_image":[{"width":1200,"height":486,"url":"https:\/\/www.meydan.tv\/wp-content\/uploads\/untitled-design-175-e1691309119679.jpg","type":"image\/jpeg"}],"author":"mahmud","twitter_card":"summary_large_image","schema":{"@context":"https:\/\/schema.org","@graph":[{"@type":"Article","@id":"https:\/\/www.meydan.tv\/az\/article\/isci-masasinin-h%c9%99bsd%c9%99-olan-uzvunun-c%c9%99rim%c9%99-kamerasinda-saxlanma-mudd%c9%99ti-daha-10-gun-uzadilib\/#article","isPartOf":{"@id":"https:\/\/www.meydan.tv\/az\/article\/isci-masasinin-h%c9%99bsd%c9%99-olan-uzvunun-c%c9%99rim%c9%99-kamerasinda-saxlanma-mudd%c9%99ti-daha-10-gun-uzadilib\/"},"author":{"name":"mahmud","@id":"https:\/\/www.meydan.tv\/az\/#\/schema\/person\/09863e516102a829e72bedcf3f84c6b0"},"headline":"\u201c\u0130\u015f\u00e7i Masas\u0131\u201dn\u0131n h\u0259bsd\u0259 olan \u00fczv\u00fcn\u00fcn c\u0259rim\u0259 kameras\u0131nda saxlanma m\u00fcdd\u0259ti daha 10 g\u00fcn uzad\u0131l\u0131b","datePublished":"2025-05-20T13:04:09+00:00","dateModified":"2025-05-20T13:04:12+00:00","mainEntityOfPage":{"@id":"https:\/\/www.meydan.tv\/az\/article\/isci-masasinin-h%c9%99bsd%c9%99-olan-uzvunun-c%c9%99rim%c9%99-kamerasinda-saxlanma-mudd%c9%99ti-daha-10-gun-uzadilib\/"},"wordCount":379,"publisher":{"@id":"https:\/\/www.meydan.tv\/az\/#organization"},"image":{"@id":"https:\/\/www.meydan.tv\/az\/article\/isci-masasinin-h%c9%99bsd%c9%99-olan-uzvunun-c%c9%99rim%c9%99-kamerasinda-saxlanma-mudd%c9%99ti-daha-10-gun-uzadilib\/#primaryimage"},"thumbnailUrl":"https:\/\/www.meydan.tv\/wp-content\/uploads\/untitled-design-175-e1691309119679.jpg","articleSection":["Siyas\u0259t","T\u00f6vsiy\u0259","X\u0259b\u0259rl\u0259r"],"inLanguage":"az"},{"@type":"WebPage","@id":"https:\/\/www.meydan.tv\/az\/article\/isci-masasinin-h%c9%99bsd%c9%99-olan-uzvunun-c%c9%99rim%c9%99-kamerasinda-saxlanma-mudd%c9%99ti-daha-10-gun-uzadilib\/","url":"https:\/\/www.meydan.tv\/az\/article\/isci-masasinin-h%c9%99bsd%c9%99-olan-uzvunun-c%c9%99rim%c9%99-kamerasinda-saxlanma-mudd%c9%99ti-daha-10-gun-uzadilib\/","name":"\u201c\u0130\u015f\u00e7i Masas\u0131\u201dn\u0131n h\u0259bsd\u0259 olan \u00fczv\u00fcn\u00fcn c\u0259rim\u0259 kameras\u0131nda saxlanma m\u00fcdd\u0259ti daha 10 g\u00fcn uzad\u0131l\u0131b - MEYDAN.TV","isPartOf":{"@id":"https:\/\/www.meydan.tv\/az\/#website"},"primaryImageOfPage":{"@id":"https:\/\/www.meydan.tv\/az\/article\/isci-masasinin-h%c9%99bsd%c9%99-olan-uzvunun-c%c9%99rim%c9%99-kamerasinda-saxlanma-mudd%c9%99ti-daha-10-gun-uzadilib\/#primaryimage"},"image":{"@id":"https:\/\/www.meydan.tv\/az\/article\/isci-masasinin-h%c9%99bsd%c9%99-olan-uzvunun-c%c9%99rim%c9%99-kamerasinda-saxlanma-mudd%c9%99ti-daha-10-gun-uzadilib\/#primaryimage"},"thumbnailUrl":"https:\/\/www.meydan.tv\/wp-content\/uploads\/untitled-design-175-e1691309119679.jpg","datePublished":"2025-05-20T13:04:09+00:00","dateModified":"2025-05-20T13:04:12+00:00","breadcrumb":{"@id":"https:\/\/www.meydan.tv\/az\/article\/isci-masasinin-h%c9%99bsd%c9%99-olan-uzvunun-c%c9%99rim%c9%99-kamerasinda-saxlanma-mudd%c9%99ti-daha-10-gun-uzadilib\/#breadcrumb"},"inLanguage":"az","potentialAction":[{"@type":"ReadAction","target":["https:\/\/www.meydan.tv\/az\/article\/isci-masasinin-h%c9%99bsd%c9%99-olan-uzvunun-c%c9%99rim%c9%99-kamerasinda-saxlanma-mudd%c9%99ti-daha-10-gun-uzadilib\/"]}]},{"@type":"ImageObject","inLanguage":"az","@id":"https:\/\/www.meydan.tv\/az\/article\/isci-masasinin-h%c9%99bsd%c9%99-olan-uzvunun-c%c9%99rim%c9%99-kamerasinda-saxlanma-mudd%c9%99ti-daha-10-gun-uzadilib\/#primaryimage","url":"https:\/\/www.meydan.tv\/wp-content\/uploads\/untitled-design-175-e1691309119679.jpg","contentUrl":"https:\/\/www.meydan.tv\/wp-content\/uploads\/untitled-design-175-e1691309119679.jpg","width":1200,"height":486,"caption":"Elvin Mustafayev.Foto: F\u0259rqan\u0259 Novruzova"},{"@type":"BreadcrumbList","@id":"https:\/\/www.meydan.tv\/az\/article\/isci-masasinin-h%c9%99bsd%c9%99-olan-uzvunun-c%c9%99rim%c9%99-kamerasinda-saxlanma-mudd%c9%99ti-daha-10-gun-uzadilib\/#breadcrumb","itemListElement":[{"@type":"ListItem","position":1,"name":"Ana s\u0259hif\u0259","item":"https:\/\/www.meydan.tv\/az\/"},{"@type":"ListItem","position":2,"name":"Siyas\u0259t","item":"https:\/\/www.meydan.tv\/az\/section\/siyaset\/"},{"@type":"ListItem","position":3,"name":"\u201c\u0130\u015f\u00e7i Masas\u0131\u201dn\u0131n h\u0259bsd\u0259 olan \u00fczv\u00fcn\u00fcn c\u0259rim\u0259 kameras\u0131nda saxlanma m\u00fcdd\u0259ti daha 10 g\u00fcn uzad\u0131l\u0131b"}]},{"@type":"WebSite","@id":"https:\/\/www.meydan.tv\/az\/#website","url":"https:\/\/www.meydan.tv\/az\/","name":"MEYDAN.TV","description":"Meydan TV Az\u0259rbaycan\u0131n media m\u0259kan\u0131ndak\u0131 alternativ s\u0259sidir","publisher":{"@id":"https:\/\/www.meydan.tv\/az\/#organization"},"potentialAction":[{"@type":"SearchAction","target":{"@type":"EntryPoint","urlTemplate":"https:\/\/www.meydan.tv\/az\/?s={search_term_string}"},"query-input":{"@type":"PropertyValueSpecification","valueRequired":true,"valueName":"search_term_string"}}],"inLanguage":"az"},{"@type":"Organization","@id":"https:\/\/www.meydan.tv\/az\/#organization","name":"Meydan TV","url":"https:\/\/www.meydan.tv\/az\/","logo":{"@type":"ImageObject","inLanguage":"az","@id":"https:\/\/www.meydan.tv\/az\/#\/schema\/logo\/image\/","url":"https:\/\/www.meydan.tv\/wp-content\/uploads\/2021\/07\/meydan-logo.svg","contentUrl":"https:\/\/www.meydan.tv\/wp-content\/uploads\/2021\/07\/meydan-logo.svg","width":195,"height":46,"caption":"Meydan TV"},"image":{"@id":"https:\/\/www.meydan.tv\/az\/#\/schema\/logo\/image\/"}},{"@type":"Person","@id":"https:\/\/www.meydan.tv\/az\/#\/schema\/person\/09863e516102a829e72bedcf3f84c6b0","name":"mahmud"}]}},"_links":{"self":[{"href":"https:\/\/www.meydan.tv\/az\/wp-json\/wp\/v2\/posts\/330684","targetHints":{"allow":["GET"]}}],"collection":[{"href":"https:\/\/www.meydan.tv\/az\/wp-json\/wp\/v2\/posts"}],"about":[{"href":"https:\/\/www.meydan.tv\/az\/wp-json\/wp\/v2\/types\/post"}],"author":[{"embeddable":true,"href":"https:\/\/www.meydan.tv\/az\/wp-json\/wp\/v2\/users\/21"}],"replies":[{"embeddable":true,"href":"https:\/\/www.meydan.tv\/az\/wp-json\/wp\/v2\/comments?post=330684"}],"version-history":[{"count":1,"href":"https:\/\/www.meydan.tv\/az\/wp-json\/wp\/v2\/posts\/330684\/revisions"}],"predecessor-version":[{"id":330685,"href":"https:\/\/www.meydan.tv\/az\/wp-json\/wp\/v2\/posts\/330684\/revisions\/330685"}],"wp:featuredmedia":[{"embeddable":true,"href":"https:\/\/www.meydan.tv\/az\/wp-json\/wp\/v2\/media\/281608"}],"wp:attachment":[{"href":"https:\/\/www.meydan.tv\/az\/wp-json\/wp\/v2\/media?parent=330684"}],"wp:term":[{"taxonomy":"category","embeddable":true,"href":"https:\/\/www.meydan.tv\/az\/wp-json\/wp\/v2\/categories?post=330684"},{"taxonomy":"post_tag","embeddable":true,"href":"https:\/\/www.meydan.tv\/az\/wp-json\/wp\/v2\/tags?post=330684"}],"curies":[{"name":"wp","href":"https:\/\/api.w.org\/{rel}","templated":true}]}}