{"id":330656,"date":"2025-05-20T13:26:42","date_gmt":"2025-05-20T09:26:42","guid":{"rendered":"https:\/\/www.meydan.tv\/?p=330656"},"modified":"2025-05-20T19:06:44","modified_gmt":"2025-05-20T15:06:44","slug":"t%c9%99dqiqatci-iqbal-ebilova-18-il-h%c9%99bs-c%c9%99zasi-verilib","status":"publish","type":"post","link":"https:\/\/www.meydan.tv\/az\/article\/t%c9%99dqiqatci-iqbal-ebilova-18-il-h%c9%99bs-c%c9%99zasi-verilib\/","title":{"rendered":"T\u0259dqiqat\u00e7\u0131 \u0130qbal \u018fbilova 18 il h\u0259bs c\u0259zas\u0131 verilib"},"content":{"rendered":"\n<p><strong><em>O, Erm\u0259nistan x\u00fcsusi xidm\u0259t orqanlar\u0131 il\u0259 \u0259m\u0259kda\u015fl\u0131qda, Az\u0259rbaycanda milli z\u0259mind\u0259 nifr\u0259t yaratmaq c\u0259hdind\u0259 ittiham olunub<\/em><\/strong><\/p>\n\n\n\n<p>Bu g\u00fcn, may\u0131n 20-d\u0259 L\u0259nk\u0259ran A\u011f\u0131r Cinay\u0259tl\u0259r M\u0259hk\u0259m\u0259sinin q\u0259rar\u0131 il\u0259 \u201cTal\u0131\u015f Milli Akademiyas\u0131n\u0131n X\u0259b\u0259rl\u0259ri\u201d sayt\u0131n\u0131n ba\u015f redaktoru, etnik t\u0259dqiqat\u00e7\u0131 \u0130qbal \u018fbilov 18 il m\u00fcdd\u0259tin\u0259 azadl\u0131qdan m\u0259hrum edilib.<\/p>\n\n\n\n<p>May\u0131n 2-d\u0259 ke\u00e7iril\u0259n m\u0259hk\u0259m\u0259 iclas\u0131nda d\u00f6vl\u0259t ittiham\u00e7\u0131s\u0131 \u0130qbal \u018fbilovun 19 il m\u00fcdd\u0259tin\u0259 azadl\u0131qdan m\u0259hrum edilm\u0259sini <a href=\"https:\/\/storage.googleapis.com\/qurium\/www.meydan.tv\/az-article-prokuror-iqbal-ebilova-c%c9%99za-ist%c9%99yib.html\" target=\"_blank\" rel=\"noreferrer noopener\">ist\u0259mi\u015fdi<\/a>.<\/p>\n\n\n\n<p>\u0130qbal \u018fbilova qar\u015f\u0131 Cinay\u0259t M\u0259c\u0259ll\u0259sinin 274 (d\u00f6vl\u0259t\u0259 x\u0259yan\u0259t), 281.3 (d\u00f6vl\u0259t \u0259leyhin\u0259 y\u00f6n\u0259l\u0259n a\u00e7\u0131q \u00e7a\u011f\u0131r\u0131\u015flar \u2013 xarici t\u0259\u015fkilatlar\u0131n v\u0259 onlar\u0131n n\u00fcmay\u0259nd\u0259l\u0259rinin tap\u015f\u0131r\u0131\u011f\u0131 il\u0259 t\u00f6r\u0259dildikd\u0259) v\u0259 283.1-ci (milli, irqi, sosial v\u0259 ya dini nifr\u0259t v\u0259 d\u00fc\u015fm\u0259n\u00e7iliyin sal\u0131nmas\u0131) madd\u0259l\u0259ril\u0259 ittiham ir\u0259li s\u00fcr\u00fcl\u00fcb.<\/p>\n\n\n\n<p>\u0130qbal \u018fbilov Erm\u0259nistan x\u00fcsusi xidm\u0259t orqanlar\u0131 il\u0259 \u0259m\u0259kda\u015fl\u0131qda, raz\u0131la\u015fd\u0131r\u0131lm\u0131\u015f \u015f\u0259kild\u0259 Az\u0259rbaycanda milli z\u0259mind\u0259 nifr\u0259t yaratmaq c\u0259hdind\u0259 ittiham olunub.<\/p>\n\n\n\n<p>O, bu ittihamlar\u0131 t\u0259kzib edir, elmi t\u0259dqiqatla m\u0259\u015f\u011ful oldu\u011funu bildirir.<\/p>\n\n\n\n<p>M\u00fcdafi\u0259 t\u0259r\u0259fi d\u0259 hesab edir ki, ittihamlar\u0131 t\u0259sdiq ed\u0259n m\u00f6t\u0259b\u0259r s\u00fcbutlar t\u0259qdim olunmay\u0131b.<\/p>\n\n\n\n<p><strong>\u0130qbal \u018fbilovun m\u00fcraci\u0259ti<\/strong><\/p>\n\n\n\n<p>\u0130qbal \u018fbilov m\u0259hk\u0259m\u0259 prosesind\u0259n sonra m\u00fcraci\u0259t \u00fcnvanlay\u0131b.<\/p>\n\n\n\n<p>\u00a0O, ail\u0259sin\u0259, dostlar\u0131na, onu d\u0259st\u0259kl\u0259y\u0259n h\u0259r k\u0259s\u0259 t\u0259\u015f\u0259kk\u00fcr edib v\u0259 onlar\u0131n d\u0259st\u0259yini hiss etdiyini bildirib.<\/p>\n\n\n\n<p><em>\u00a0\u201cQ\u0259lbim ail\u0259ml\u0259, xalq\u0131mla, dostlar\u0131mla, m\u0259ni d\u0259st\u0259kl\u0259y\u0259n h\u0259r k\u0259sl\u0259dir. M\u0259nim q\u0259lbim azadd\u0131r,\u201d \u2013<\/em> \u018fbilov bildirib.<\/p>\n\n\n\n<p>O, x\u00fcsusil\u0259 valideynl\u0259rin\u0259, yax\u0131nlar\u0131na, dostlar\u0131na v\u0259 m\u0259hk\u0259m\u0259l\u0259rind\u0259 i\u015ftirak ed\u0259n, m\u00fcdafi\u0259sin\u0259 qalxan h\u0259r k\u0259s\u0259 minn\u0259tdarl\u0131\u011f\u0131n\u0131 \u00e7atd\u0131r\u0131b.<\/p>\n\n\n\n<p>F\u0259al eyni zamanda, \u00f6z h\u00fcquqlar\u0131n\u0131 qoruyan v\u0259kill\u0259ri Fariz Namazl\u0131 v\u0259 R\u00f6v\u015f\u0259n\u0259 R\u0259himovaya da x\u00fcsusi t\u0259\u015f\u0259kk\u00fcr edib:<\/p>\n\n\n\n<p><em>\u201cX\u00fcsusi minn\u0259tdarl\u0131\u011f\u0131m\u0131 \u00f6z m\u00fcbariz v\u0259 \u0259dal\u0259tp\u0259r\u0259st v\u0259kill\u0259rim Fariz Namazl\u0131 v\u0259 R\u00f6v\u015f\u0259n\u0259 R\u0259himovaya \u00e7atd\u0131r\u0131ram. Onlarla tan\u0131\u015f oldu\u011fuma \u015fadam\u201d<\/em>.<\/p>\n\n\n\n<p>\u018fbilov b\u0259rab\u0259rlik v\u0259 insan h\u00fcquqlar\u0131 il\u0259 ba\u011fl\u0131 da mesaj verib. O, cinsiyy\u0259tin\u0259, milliyy\u0259tin\u0259, dilin\u0259, dinin\u0259 v\u0259 m\u0259zh\u0259bin\u0259 g\u00f6r\u0259 he\u00e7 bir insan\u0131n h\u00fcquqlar\u0131ndan m\u0259hrum edilm\u0259m\u0259li oldu\u011funu vur\u011fulay\u0131b:<\/p>\n\n\n\n<p><em>\u201cM\u0259n xo\u015fb\u0259xt\u0259m v\u0259 bilir\u0259m ki, siz d\u0259 m\u0259nim kimi insanlar\u0131n b\u0259rab\u0259rliyin\u0259 inan\u0131rs\u0131n\u0131z<\/em>\u201d.<\/p>\n\n\n\n<p>M\u00fcraci\u0259tind\u0259 \u018fbilov t\u0259cridxanada saxlan\u0131lan ictimai f\u0259al \u018fhm\u0259d M\u0259mm\u0259dlinin v\u0259ziyy\u0259tin\u0259 d\u0259 toxunub. O, M\u0259mm\u0259dlini \u00fcz\u00fc-g\u00f6z\u00fc \u015fi\u015fmi\u015f halda g\u00f6rd\u00fcy\u00fcn\u00fc dey\u0259r\u0259k ona d\u0259st\u0259yini ifad\u0259 edib:<\/p>\n\n\n\n<p><em>\u00a0\u201cOnun kimi saf, savadl\u0131, h\u0259qiq\u0259tp\u0259r\u0259st cavanlar d\u00f6vl\u0259tin \u00fcmidi v\u0259 g\u0259l\u0259c\u0259yidirl\u0259r\u201d.<\/em><\/p>\n\n\n\n<p>\u00a0Sonda \u018fbilov azadl\u0131\u011f\u0131n, bilik v\u0259 vicdan\u0131n g\u00fcc\u00fcn\u0259 inand\u0131\u011f\u0131n\u0131 bildirib:<\/p>\n\n\n\n<p><em>\u201cH\u0259mi\u015f\u0259 azad v\u0259 g\u00fcl\u0259r\u00fczl\u00fc olun! Elm v\u0259 daxili azadl\u0131q QULAQ-dan daha g\u00fccl\u00fcd\u00fcr!\u201d<\/em>.<\/p>\n\n\n\n<p>Belarusda ya\u015fayan \u0130qbal \u018fbilov 2024-c\u00fc il iyulun 22-d\u0259 Az\u0259rbaycana qohumlar\u0131n\u0131n yan\u0131na g\u0259ldiyi zaman saxlan\u0131l\u0131b.<\/p>\n\n\n\n<p>\u00d6z\u00fc d\u0259 milliy\u0259tc\u0259 tal\u0131\u015f olan \u018fbilov \u201cTal\u0131\u015f Milli Akademiyas\u0131n\u0131n X\u0259b\u0259rl\u0259ri\u201dnin ba\u015f redaktoru olub. Saytda tal\u0131\u015f folkloru, tarix\u0259 dair ara\u015fd\u0131rmalar v\u0259 nadir s\u0259n\u0259dl\u0259r n\u0259\u015fr edilirdi.<\/p>\n\n\n\n<p>\u018fbilov Belarus D\u00f6vl\u0259t Universitetinin Beyn\u0259lxalq \u0259laq\u0259l\u0259r ixtisas\u0131 \u00fczr\u0259 bakalavr (2012), magistr (2013) v\u0259 aspirantura (2016) pill\u0259l\u0259rini bitirib.<\/p>\n\n\n\n<p>D\u00fcnya \u00f6lk\u0259l\u0259rind\u0259n olan aliml\u0259r onun azad olunmas\u0131 t\u0259l\u0259bi il\u0259 Az\u0259rbaycan r\u0259hb\u0259rliyin\u0259 m\u00fcraci\u0259t edibl\u0259r. Yerli v\u0259 beyn\u0259lxalq huquq-m\u00fcdafi\u0259 t\u0259\u015fkilatlar\u0131 \u018fbilovu siyasi m\u0259hbus kimi tan\u0131y\u0131b.<\/p>\n","protected":false},"excerpt":{"rendered":"<p>Yenil\u0259nib<\/p>\n","protected":false},"author":21,"featured_media":314268,"comment_status":"closed","ping_status":"closed","sticky":false,"template":"","format":"standard","meta":{"_acf_changed":false,"_sitemap_exclude":false,"_sitemap_priority":"","_sitemap_frequency":"","footnotes":""},"categories":[59,79,56],"tags":[],"class_list":["post-330656","post","type-post","status-publish","format-standard","has-post-thumbnail","hentry","category-siyaset","category-featured","category-xeberler","infinite-scroll-item","generate-columns","tablet-grid-50","mobile-grid-100","grid-parent","grid-33","no-featured-image-padding"],"acf":[],"yoast_head":"<!-- This site is optimized with the Yoast SEO plugin v27.5 - https:\/\/yoast.com\/product\/yoast-seo-wordpress\/ -->\n<title>T\u0259dqiqat\u00e7\u0131 \u0130qbal \u018fbilova 18 il h\u0259bs c\u0259zas\u0131 verilib - MEYDAN.TV<\/title>\n<meta name=\"robots\" content=\"index, follow, max-snippet:-1, max-image-preview:large, max-video-preview:-1\" \/>\n<link rel=\"canonical\" href=\"https:\/\/www.meydan.tv\/az\/article\/t%c9%99dqiqatci-iqbal-ebilova-18-il-h%c9%99bs-c%c9%99zasi-verilib\/\" \/>\n<meta property=\"og:locale\" content=\"az_AZ\" \/>\n<meta property=\"og:type\" content=\"article\" \/>\n<meta property=\"og:title\" content=\"T\u0259dqiqat\u00e7\u0131 \u0130qbal \u018fbilova 18 il h\u0259bs c\u0259zas\u0131 verilib - MEYDAN.TV\" \/>\n<meta property=\"og:description\" content=\"Yenil\u0259nib\" \/>\n<meta property=\"og:url\" content=\"https:\/\/www.meydan.tv\/az\/article\/t%c9%99dqiqatci-iqbal-ebilova-18-il-h%c9%99bs-c%c9%99zasi-verilib\/\" \/>\n<meta property=\"og:site_name\" content=\"MEYDAN.TV\" \/>\n<meta property=\"article:published_time\" content=\"2025-05-20T09:26:42+00:00\" \/>\n<meta property=\"article:modified_time\" content=\"2025-05-20T15:06:44+00:00\" \/>\n<meta property=\"og:image\" content=\"https:\/\/www.meydan.tv\/wp-content\/uploads\/img_4095.jpg\" \/>\n\t<meta property=\"og:image:width\" content=\"2259\" \/>\n\t<meta property=\"og:image:height\" content=\"1290\" \/>\n\t<meta property=\"og:image:type\" content=\"image\/jpeg\" \/>\n<meta name=\"author\" content=\"mahmud\" \/>\n<meta name=\"twitter:card\" content=\"summary_large_image\" \/>\n<script type=\"application\/ld+json\" class=\"yoast-schema-graph\">{\"@context\":\"https:\\\/\\\/schema.org\",\"@graph\":[{\"@type\":\"Article\",\"@id\":\"https:\\\/\\\/www.meydan.tv\\\/az\\\/article\\\/t%c9%99dqiqatci-iqbal-ebilova-18-il-h%c9%99bs-c%c9%99zasi-verilib\\\/#article\",\"isPartOf\":{\"@id\":\"https:\\\/\\\/www.meydan.tv\\\/az\\\/article\\\/t%c9%99dqiqatci-iqbal-ebilova-18-il-h%c9%99bs-c%c9%99zasi-verilib\\\/\"},\"author\":{\"name\":\"mahmud\",\"@id\":\"https:\\\/\\\/www.meydan.tv\\\/az\\\/#\\\/schema\\\/person\\\/09863e516102a829e72bedcf3f84c6b0\"},\"headline\":\"T\u0259dqiqat\u00e7\u0131 \u0130qbal \u018fbilova 18 il h\u0259bs c\u0259zas\u0131 verilib\",\"datePublished\":\"2025-05-20T09:26:42+00:00\",\"dateModified\":\"2025-05-20T15:06:44+00:00\",\"mainEntityOfPage\":{\"@id\":\"https:\\\/\\\/www.meydan.tv\\\/az\\\/article\\\/t%c9%99dqiqatci-iqbal-ebilova-18-il-h%c9%99bs-c%c9%99zasi-verilib\\\/\"},\"wordCount\":713,\"publisher\":{\"@id\":\"https:\\\/\\\/www.meydan.tv\\\/az\\\/#organization\"},\"image\":{\"@id\":\"https:\\\/\\\/www.meydan.tv\\\/az\\\/article\\\/t%c9%99dqiqatci-iqbal-ebilova-18-il-h%c9%99bs-c%c9%99zasi-verilib\\\/#primaryimage\"},\"thumbnailUrl\":\"https:\\\/\\\/www.meydan.tv\\\/wp-content\\\/uploads\\\/img_4095.jpg\",\"articleSection\":[\"Siyas\u0259t\",\"T\u00f6vsiy\u0259\",\"X\u0259b\u0259rl\u0259r\"],\"inLanguage\":\"az\"},{\"@type\":\"WebPage\",\"@id\":\"https:\\\/\\\/www.meydan.tv\\\/az\\\/article\\\/t%c9%99dqiqatci-iqbal-ebilova-18-il-h%c9%99bs-c%c9%99zasi-verilib\\\/\",\"url\":\"https:\\\/\\\/www.meydan.tv\\\/az\\\/article\\\/t%c9%99dqiqatci-iqbal-ebilova-18-il-h%c9%99bs-c%c9%99zasi-verilib\\\/\",\"name\":\"T\u0259dqiqat\u00e7\u0131 \u0130qbal \u018fbilova 18 il h\u0259bs c\u0259zas\u0131 verilib - MEYDAN.TV\",\"isPartOf\":{\"@id\":\"https:\\\/\\\/www.meydan.tv\\\/az\\\/#website\"},\"primaryImageOfPage\":{\"@id\":\"https:\\\/\\\/www.meydan.tv\\\/az\\\/article\\\/t%c9%99dqiqatci-iqbal-ebilova-18-il-h%c9%99bs-c%c9%99zasi-verilib\\\/#primaryimage\"},\"image\":{\"@id\":\"https:\\\/\\\/www.meydan.tv\\\/az\\\/article\\\/t%c9%99dqiqatci-iqbal-ebilova-18-il-h%c9%99bs-c%c9%99zasi-verilib\\\/#primaryimage\"},\"thumbnailUrl\":\"https:\\\/\\\/www.meydan.tv\\\/wp-content\\\/uploads\\\/img_4095.jpg\",\"datePublished\":\"2025-05-20T09:26:42+00:00\",\"dateModified\":\"2025-05-20T15:06:44+00:00\",\"breadcrumb\":{\"@id\":\"https:\\\/\\\/www.meydan.tv\\\/az\\\/article\\\/t%c9%99dqiqatci-iqbal-ebilova-18-il-h%c9%99bs-c%c9%99zasi-verilib\\\/#breadcrumb\"},\"inLanguage\":\"az\",\"potentialAction\":[{\"@type\":\"ReadAction\",\"target\":[\"https:\\\/\\\/www.meydan.tv\\\/az\\\/article\\\/t%c9%99dqiqatci-iqbal-ebilova-18-il-h%c9%99bs-c%c9%99zasi-verilib\\\/\"]}]},{\"@type\":\"ImageObject\",\"inLanguage\":\"az\",\"@id\":\"https:\\\/\\\/www.meydan.tv\\\/az\\\/article\\\/t%c9%99dqiqatci-iqbal-ebilova-18-il-h%c9%99bs-c%c9%99zasi-verilib\\\/#primaryimage\",\"url\":\"https:\\\/\\\/www.meydan.tv\\\/wp-content\\\/uploads\\\/img_4095.jpg\",\"contentUrl\":\"https:\\\/\\\/www.meydan.tv\\\/wp-content\\\/uploads\\\/img_4095.jpg\",\"width\":2259,\"height\":1290,\"caption\":\"\u0130qbal \u018fbilov. Foto: \u00dclviyy\u0259 \u018fli\"},{\"@type\":\"BreadcrumbList\",\"@id\":\"https:\\\/\\\/www.meydan.tv\\\/az\\\/article\\\/t%c9%99dqiqatci-iqbal-ebilova-18-il-h%c9%99bs-c%c9%99zasi-verilib\\\/#breadcrumb\",\"itemListElement\":[{\"@type\":\"ListItem\",\"position\":1,\"name\":\"Ana s\u0259hif\u0259\",\"item\":\"https:\\\/\\\/www.meydan.tv\\\/az\\\/\"},{\"@type\":\"ListItem\",\"position\":2,\"name\":\"Siyas\u0259t\",\"item\":\"https:\\\/\\\/www.meydan.tv\\\/az\\\/section\\\/siyaset\\\/\"},{\"@type\":\"ListItem\",\"position\":3,\"name\":\"T\u0259dqiqat\u00e7\u0131 \u0130qbal \u018fbilova 18 il h\u0259bs c\u0259zas\u0131 verilib\"}]},{\"@type\":\"WebSite\",\"@id\":\"https:\\\/\\\/www.meydan.tv\\\/az\\\/#website\",\"url\":\"https:\\\/\\\/www.meydan.tv\\\/az\\\/\",\"name\":\"MEYDAN.TV\",\"description\":\"Meydan TV Az\u0259rbaycan\u0131n media m\u0259kan\u0131ndak\u0131 alternativ s\u0259sidir\",\"publisher\":{\"@id\":\"https:\\\/\\\/www.meydan.tv\\\/az\\\/#organization\"},\"potentialAction\":[{\"@type\":\"SearchAction\",\"target\":{\"@type\":\"EntryPoint\",\"urlTemplate\":\"https:\\\/\\\/www.meydan.tv\\\/az\\\/?s={search_term_string}\"},\"query-input\":{\"@type\":\"PropertyValueSpecification\",\"valueRequired\":true,\"valueName\":\"search_term_string\"}}],\"inLanguage\":\"az\"},{\"@type\":\"Organization\",\"@id\":\"https:\\\/\\\/www.meydan.tv\\\/az\\\/#organization\",\"name\":\"Meydan TV\",\"url\":\"https:\\\/\\\/www.meydan.tv\\\/az\\\/\",\"logo\":{\"@type\":\"ImageObject\",\"inLanguage\":\"az\",\"@id\":\"https:\\\/\\\/www.meydan.tv\\\/az\\\/#\\\/schema\\\/logo\\\/image\\\/\",\"url\":\"https:\\\/\\\/www.meydan.tv\\\/wp-content\\\/uploads\\\/2021\\\/07\\\/meydan-logo.svg\",\"contentUrl\":\"https:\\\/\\\/www.meydan.tv\\\/wp-content\\\/uploads\\\/2021\\\/07\\\/meydan-logo.svg\",\"width\":195,\"height\":46,\"caption\":\"Meydan TV\"},\"image\":{\"@id\":\"https:\\\/\\\/www.meydan.tv\\\/az\\\/#\\\/schema\\\/logo\\\/image\\\/\"}},{\"@type\":\"Person\",\"@id\":\"https:\\\/\\\/www.meydan.tv\\\/az\\\/#\\\/schema\\\/person\\\/09863e516102a829e72bedcf3f84c6b0\",\"name\":\"mahmud\"}]}<\/script>\n<!-- \/ Yoast SEO plugin. -->","yoast_head_json":{"title":"T\u0259dqiqat\u00e7\u0131 \u0130qbal \u018fbilova 18 il h\u0259bs c\u0259zas\u0131 verilib - MEYDAN.TV","robots":{"index":"index","follow":"follow","max-snippet":"max-snippet:-1","max-image-preview":"max-image-preview:large","max-video-preview":"max-video-preview:-1"},"canonical":"https:\/\/www.meydan.tv\/az\/article\/t%c9%99dqiqatci-iqbal-ebilova-18-il-h%c9%99bs-c%c9%99zasi-verilib\/","og_locale":"az_AZ","og_type":"article","og_title":"T\u0259dqiqat\u00e7\u0131 \u0130qbal \u018fbilova 18 il h\u0259bs c\u0259zas\u0131 verilib - MEYDAN.TV","og_description":"Yenil\u0259nib","og_url":"https:\/\/www.meydan.tv\/az\/article\/t%c9%99dqiqatci-iqbal-ebilova-18-il-h%c9%99bs-c%c9%99zasi-verilib\/","og_site_name":"MEYDAN.TV","article_published_time":"2025-05-20T09:26:42+00:00","article_modified_time":"2025-05-20T15:06:44+00:00","og_image":[{"width":2259,"height":1290,"url":"https:\/\/www.meydan.tv\/wp-content\/uploads\/img_4095.jpg","type":"image\/jpeg"}],"author":"mahmud","twitter_card":"summary_large_image","schema":{"@context":"https:\/\/schema.org","@graph":[{"@type":"Article","@id":"https:\/\/www.meydan.tv\/az\/article\/t%c9%99dqiqatci-iqbal-ebilova-18-il-h%c9%99bs-c%c9%99zasi-verilib\/#article","isPartOf":{"@id":"https:\/\/www.meydan.tv\/az\/article\/t%c9%99dqiqatci-iqbal-ebilova-18-il-h%c9%99bs-c%c9%99zasi-verilib\/"},"author":{"name":"mahmud","@id":"https:\/\/www.meydan.tv\/az\/#\/schema\/person\/09863e516102a829e72bedcf3f84c6b0"},"headline":"T\u0259dqiqat\u00e7\u0131 \u0130qbal \u018fbilova 18 il h\u0259bs c\u0259zas\u0131 verilib","datePublished":"2025-05-20T09:26:42+00:00","dateModified":"2025-05-20T15:06:44+00:00","mainEntityOfPage":{"@id":"https:\/\/www.meydan.tv\/az\/article\/t%c9%99dqiqatci-iqbal-ebilova-18-il-h%c9%99bs-c%c9%99zasi-verilib\/"},"wordCount":713,"publisher":{"@id":"https:\/\/www.meydan.tv\/az\/#organization"},"image":{"@id":"https:\/\/www.meydan.tv\/az\/article\/t%c9%99dqiqatci-iqbal-ebilova-18-il-h%c9%99bs-c%c9%99zasi-verilib\/#primaryimage"},"thumbnailUrl":"https:\/\/www.meydan.tv\/wp-content\/uploads\/img_4095.jpg","articleSection":["Siyas\u0259t","T\u00f6vsiy\u0259","X\u0259b\u0259rl\u0259r"],"inLanguage":"az"},{"@type":"WebPage","@id":"https:\/\/www.meydan.tv\/az\/article\/t%c9%99dqiqatci-iqbal-ebilova-18-il-h%c9%99bs-c%c9%99zasi-verilib\/","url":"https:\/\/www.meydan.tv\/az\/article\/t%c9%99dqiqatci-iqbal-ebilova-18-il-h%c9%99bs-c%c9%99zasi-verilib\/","name":"T\u0259dqiqat\u00e7\u0131 \u0130qbal \u018fbilova 18 il h\u0259bs c\u0259zas\u0131 verilib - MEYDAN.TV","isPartOf":{"@id":"https:\/\/www.meydan.tv\/az\/#website"},"primaryImageOfPage":{"@id":"https:\/\/www.meydan.tv\/az\/article\/t%c9%99dqiqatci-iqbal-ebilova-18-il-h%c9%99bs-c%c9%99zasi-verilib\/#primaryimage"},"image":{"@id":"https:\/\/www.meydan.tv\/az\/article\/t%c9%99dqiqatci-iqbal-ebilova-18-il-h%c9%99bs-c%c9%99zasi-verilib\/#primaryimage"},"thumbnailUrl":"https:\/\/www.meydan.tv\/wp-content\/uploads\/img_4095.jpg","datePublished":"2025-05-20T09:26:42+00:00","dateModified":"2025-05-20T15:06:44+00:00","breadcrumb":{"@id":"https:\/\/www.meydan.tv\/az\/article\/t%c9%99dqiqatci-iqbal-ebilova-18-il-h%c9%99bs-c%c9%99zasi-verilib\/#breadcrumb"},"inLanguage":"az","potentialAction":[{"@type":"ReadAction","target":["https:\/\/www.meydan.tv\/az\/article\/t%c9%99dqiqatci-iqbal-ebilova-18-il-h%c9%99bs-c%c9%99zasi-verilib\/"]}]},{"@type":"ImageObject","inLanguage":"az","@id":"https:\/\/www.meydan.tv\/az\/article\/t%c9%99dqiqatci-iqbal-ebilova-18-il-h%c9%99bs-c%c9%99zasi-verilib\/#primaryimage","url":"https:\/\/www.meydan.tv\/wp-content\/uploads\/img_4095.jpg","contentUrl":"https:\/\/www.meydan.tv\/wp-content\/uploads\/img_4095.jpg","width":2259,"height":1290,"caption":"\u0130qbal \u018fbilov. Foto: \u00dclviyy\u0259 \u018fli"},{"@type":"BreadcrumbList","@id":"https:\/\/www.meydan.tv\/az\/article\/t%c9%99dqiqatci-iqbal-ebilova-18-il-h%c9%99bs-c%c9%99zasi-verilib\/#breadcrumb","itemListElement":[{"@type":"ListItem","position":1,"name":"Ana s\u0259hif\u0259","item":"https:\/\/www.meydan.tv\/az\/"},{"@type":"ListItem","position":2,"name":"Siyas\u0259t","item":"https:\/\/www.meydan.tv\/az\/section\/siyaset\/"},{"@type":"ListItem","position":3,"name":"T\u0259dqiqat\u00e7\u0131 \u0130qbal \u018fbilova 18 il h\u0259bs c\u0259zas\u0131 verilib"}]},{"@type":"WebSite","@id":"https:\/\/www.meydan.tv\/az\/#website","url":"https:\/\/www.meydan.tv\/az\/","name":"MEYDAN.TV","description":"Meydan TV Az\u0259rbaycan\u0131n media m\u0259kan\u0131ndak\u0131 alternativ s\u0259sidir","publisher":{"@id":"https:\/\/www.meydan.tv\/az\/#organization"},"potentialAction":[{"@type":"SearchAction","target":{"@type":"EntryPoint","urlTemplate":"https:\/\/www.meydan.tv\/az\/?s={search_term_string}"},"query-input":{"@type":"PropertyValueSpecification","valueRequired":true,"valueName":"search_term_string"}}],"inLanguage":"az"},{"@type":"Organization","@id":"https:\/\/www.meydan.tv\/az\/#organization","name":"Meydan TV","url":"https:\/\/www.meydan.tv\/az\/","logo":{"@type":"ImageObject","inLanguage":"az","@id":"https:\/\/www.meydan.tv\/az\/#\/schema\/logo\/image\/","url":"https:\/\/www.meydan.tv\/wp-content\/uploads\/2021\/07\/meydan-logo.svg","contentUrl":"https:\/\/www.meydan.tv\/wp-content\/uploads\/2021\/07\/meydan-logo.svg","width":195,"height":46,"caption":"Meydan TV"},"image":{"@id":"https:\/\/www.meydan.tv\/az\/#\/schema\/logo\/image\/"}},{"@type":"Person","@id":"https:\/\/www.meydan.tv\/az\/#\/schema\/person\/09863e516102a829e72bedcf3f84c6b0","name":"mahmud"}]}},"_links":{"self":[{"href":"https:\/\/www.meydan.tv\/az\/wp-json\/wp\/v2\/posts\/330656","targetHints":{"allow":["GET"]}}],"collection":[{"href":"https:\/\/www.meydan.tv\/az\/wp-json\/wp\/v2\/posts"}],"about":[{"href":"https:\/\/www.meydan.tv\/az\/wp-json\/wp\/v2\/types\/post"}],"author":[{"embeddable":true,"href":"https:\/\/www.meydan.tv\/az\/wp-json\/wp\/v2\/users\/21"}],"replies":[{"embeddable":true,"href":"https:\/\/www.meydan.tv\/az\/wp-json\/wp\/v2\/comments?post=330656"}],"version-history":[{"count":6,"href":"https:\/\/www.meydan.tv\/az\/wp-json\/wp\/v2\/posts\/330656\/revisions"}],"predecessor-version":[{"id":330714,"href":"https:\/\/www.meydan.tv\/az\/wp-json\/wp\/v2\/posts\/330656\/revisions\/330714"}],"wp:featuredmedia":[{"embeddable":true,"href":"https:\/\/www.meydan.tv\/az\/wp-json\/wp\/v2\/media\/314268"}],"wp:attachment":[{"href":"https:\/\/www.meydan.tv\/az\/wp-json\/wp\/v2\/media?parent=330656"}],"wp:term":[{"taxonomy":"category","embeddable":true,"href":"https:\/\/www.meydan.tv\/az\/wp-json\/wp\/v2\/categories?post=330656"},{"taxonomy":"post_tag","embeddable":true,"href":"https:\/\/www.meydan.tv\/az\/wp-json\/wp\/v2\/tags?post=330656"}],"curies":[{"name":"wp","href":"https:\/\/api.w.org\/{rel}","templated":true}]}}