{"id":330605,"date":"2025-05-19T15:13:43","date_gmt":"2025-05-19T11:13:43","guid":{"rendered":"https:\/\/www.meydan.tv\/?p=330605"},"modified":"2025-05-19T15:13:46","modified_gmt":"2025-05-19T11:13:46","slug":"toplum-tv-isi-m%c9%99hk%c9%99m%c9%99d%c9%99-el%c9%99sg%c9%99r-m%c9%99mm%c9%99dli-v%c9%99-akif-qurbanova-ittiham-akti-elan-olunub","status":"publish","type":"post","link":"https:\/\/www.meydan.tv\/az\/article\/toplum-tv-isi-m%c9%99hk%c9%99m%c9%99d%c9%99-el%c9%99sg%c9%99r-m%c9%99mm%c9%99dli-v%c9%99-akif-qurbanova-ittiham-akti-elan-olunub\/","title":{"rendered":"\u201cToplum TV i\u015fi\u201d: M\u0259hk\u0259m\u0259d\u0259 \u018fl\u0259sg\u0259r M\u0259mm\u0259dli v\u0259 Akif Qurbanova ittiham akt\u0131 elan olunub"},"content":{"rendered":"\n<p><strong><em>N\u00f6vb\u0259ti m\u0259hk\u0259m\u0259 iclas\u0131 iyunun 2-n\u0259 t\u0259yin edilib<\/em><\/strong><\/p>\n\n\n\n<p>May\u0131n 19-da Bak\u0131 A\u011f\u0131r Cinay\u0259tl\u0259r M\u0259hk\u0259m\u0259sind\u0259 \u201cToplum TV i\u015fi\u201d \u00fczr\u0259 n\u00f6vb\u0259ti m\u0259hk\u0259m\u0259 prosesi ke\u00e7irilib.<\/p>\n\n\n\n<p>Proses\u0259 hakim Az\u0259r Ta\u011f\u0131yev s\u0259drlik edib.<\/p>\n\n\n\n<p>\u0130clas zaman\u0131 ittiham akt\u0131n\u0131n \u018fl\u0259sg\u0259r M\u0259mm\u0259dli v\u0259 Akif Qurbanova aid hiss\u0259si elan olunub.<\/p>\n\n\n\n<p>M\u0259hk\u0259m\u0259d\u0259 \u018fl\u0259sg\u0259r M\u0259mm\u0259dli v\u0259 Ruslan \u0130zz\u0259tlinin v\u0259kill\u0259ri onlar\u0131n bar\u0259sind\u0259 se\u00e7ilmi\u015f h\u0259bs q\u0259timkan t\u0259dbirinin ev dustaql\u0131\u011f\u0131 il\u0259 \u0259v\u0259z olunmas\u0131 bar\u0259d\u0259 v\u0259sat\u0259t qald\u0131r\u0131blar.<\/p>\n\n\n\n<p>Lakin m\u0259hk\u0259m\u0259 bu v\u0259sat\u0259tl\u0259ri t\u0259min etm\u0259yib.<\/p>\n\n\n\n<p>N\u00f6vb\u0259ti m\u0259hk\u0259m\u0259 iclas\u0131 iyunun 2-n\u0259 t\u0259yin edilib.<\/p>\n\n\n\n<p>2024-c\u00fc il mart\u0131n 6-da h\u00fcquq-m\u00fchafiz\u0259 orqanlar\u0131 \u201cToplum TV\u201d, Demokratik T\u0259\u015f\u0259bb\u00fcsl\u0259r \u0130nstitutu v\u0259 III Respublika Platformas\u0131n\u0131n ofisl\u0259rind\u0259 v\u0259 bir ne\u00e7\u0259 \u0259m\u0259kda\u015f\u0131n evind\u0259 axtar\u0131\u015flar apar\u0131b.<\/p>\n\n\n\n<p>N\u0259tic\u0259d\u0259, F\u0259rid \u0130smay\u0131lov, Elmir Abbasov, M\u00fc\u015ffiq Cabbar, Akif Qurbanov, \u018fli Zeynal, Ramil Babayev v\u0259 \u0130lkin \u018fmrahova qar\u015f\u0131 qa\u00e7aqmal\u00e7\u0131l\u0131q ittiham\u0131 il\u0259 cinay\u0259t i\u015fi a\u00e7\u0131l\u0131b v\u0259 onlar bar\u0259sind\u0259 h\u0259bs q\u0259timkan t\u0259dbiri se\u00e7ilib.<\/p>\n\n\n\n<p>Mart\u0131n 8-d\u0259 is\u0259 III Respublika Platformas\u0131n\u0131n qurucu hey\u0259t \u00fczv\u00fc Ruslan \u0130zz\u0259tli v\u0259 \u201cToplum TV\u201d-nin h\u0259mt\u0259sis\u00e7isi \u018fl\u0259sg\u0259r M\u0259mm\u0259dli eyni ittihamla h\u0259bs olunublar.<\/p>\n\n\n\n<p>\u00dcmumilikd\u0259 bu i\u015f \u00fczr\u0259 9 n\u0259f\u0259r cinay\u0259t m\u0259suliyy\u0259tin\u0259 c\u0259lb olunub.<\/p>\n\n\n\n<p>Onlardan 7-si h\u0259bs olunub, F\u0259rid \u0130smay\u0131lov v\u0259 Elmir Abbasov is\u0259 istintaq d\u00f6vr\u00fcnd\u0259 azadl\u0131qda qal\u0131blar.<\/p>\n\n\n\n<p>Ba\u015flan\u011f\u0131cda onlara qar\u015f\u0131 Cinay\u0259t M\u0259c\u0259ll\u0259sinin 206.3.2-ci madd\u0259si (qa\u00e7aqmal\u00e7\u0131l\u0131q \u2013 qabaqcadan \u0259lbir olan bir qrup \u015f\u0259xs t\u0259r\u0259find\u0259n t\u00f6r\u0259dildikd\u0259) il\u0259 ittiham ir\u0259li s\u00fcr\u00fclm\u00fc\u015fd\u00fc. Lakin 2025-ci il yanvar\u0131n 17-d\u0259 istintaq yekunla\u015fd\u0131qdan sonra ittihamlar a\u011f\u0131rla\u015fd\u0131r\u0131l\u0131b. Yeni ittihamlar aras\u0131nda \u0259m\u0259k m\u00fcqavil\u0259si olmadan i\u015f\u0259 c\u0259lb etm\u0259 (162-1.1), qanunsuz sahibkarl\u0131q (192.3.2), \u00e7irkli pullar\u0131n yuyulmas\u0131 (193-1.3.1 v\u0259 193-1.3.2), qa\u00e7aqmal\u00e7\u0131l\u0131q (206.4) v\u0259 vergid\u0259n yay\u0131nma (213.2.1) kimi madd\u0259l\u0259r yer al\u0131r.<\/p>\n\n\n\n<p>Yanvar\u0131n 17-d\u0259 polis n\u0259zar\u0259tind\u0259 olan jurnalist F\u0259rid \u0130smay\u0131lov da h\u0259bs edilib.<\/p>\n\n\n\n<p>Fevral\u0131n 5-d\u0259 is\u0259 jurnalist \u015eahnaz B\u0259yl\u0259rq\u0131z\u0131 (H\u00fcseynova) saxlan\u0131l\u0131b v\u0259 ert\u0259si g\u00fcn bar\u0259sind\u0259 3 ay 15 g\u00fcn m\u00fcdd\u0259tin\u0259 h\u0259bs q\u0259timkan t\u0259dbiri se\u00e7ilib.<\/p>\n\n\n\n<p>Fevral\u0131n 26-da bu q\u0259rar ev dustaql\u0131\u011f\u0131 il\u0259 \u0259v\u0259z olunub.<\/p>\n\n\n\n<p>\u201cToplum TV\u201d r\u0259hb\u0259rliyi v\u0259 \u0259m\u0259kda\u015flar\u0131 ba\u015f ver\u0259nl\u0259ri siyasi sifari\u015fli t\u0259zyiq kimi d\u0259y\u0259rl\u0259ndirir, m\u0259qs\u0259din m\u00fcst\u0259qil median\u0131 v\u0259 azad s\u0259sl\u0259ri susdurmaq oldu\u011funu bildirirl\u0259r.<\/p>\n\n\n\n<p>2023-c\u00fc ilin noyabr\u0131ndan b\u0259ri \u00f6lk\u0259d\u0259 30-a yax\u0131n jurnalistin h\u0259bs olundu\u011fu, onlar\u0131n \u0259ks\u0259riyy\u0259tinin \u201cMeydan TV\u201d, \u201cAbzasMedia\u201d v\u0259 \u201cToplum TV\u201d il\u0259 \u0259laq\u0259li \u015f\u0259xsl\u0259r oldu\u011fu qeyd olunur.<\/p>\n\n\n\n<p>Ba\u015f ver\u0259nl\u0259r \u201cToplum TV\u201d-nin Az\u0259rbaycanda f\u0259aliyy\u0259tini faktiki olaraq qeyri-m\u00fcmk\u00fcn edib.<\/p>\n\n\n\n<p>Media qurumu 2024-c\u00fc ilin fevral\u0131ndan etibar\u0259n f\u0259aliyy\u0259tini \u00f6lk\u0259 xaricind\u0259ki jurnalistl\u0259r vasit\u0259sil\u0259 davam etdirm\u0259k q\u0259rar\u0131 verib.<\/p>\n","protected":false},"excerpt":{"rendered":"<p>N\u00f6vb\u0259ti m\u0259hk\u0259m\u0259 iclas\u0131 iyunun 2-n\u0259 t\u0259yin edilib May\u0131n 19-da Bak\u0131 &#8230; <\/p>\n<p class=\"read-more-container\"><a title=\"\u201cToplum TV i\u015fi\u201d: M\u0259hk\u0259m\u0259d\u0259 \u018fl\u0259sg\u0259r M\u0259mm\u0259dli v\u0259 Akif Qurbanova ittiham akt\u0131 elan olunub\" class=\"read-more button\" href=\"https:\/\/www.meydan.tv\/az\/article\/toplum-tv-isi-m%c9%99hk%c9%99m%c9%99d%c9%99-el%c9%99sg%c9%99r-m%c9%99mm%c9%99dli-v%c9%99-akif-qurbanova-ittiham-akti-elan-olunub\/#more-330605\" aria-label=\"Read more about \u201cToplum TV i\u015fi\u201d: M\u0259hk\u0259m\u0259d\u0259 \u018fl\u0259sg\u0259r M\u0259mm\u0259dli v\u0259 Akif Qurbanova ittiham akt\u0131 elan olunub\">Davam\u0131<\/a><\/p>\n","protected":false},"author":21,"featured_media":326084,"comment_status":"closed","ping_status":"closed","sticky":false,"template":"","format":"standard","meta":{"_acf_changed":false,"_sitemap_exclude":false,"_sitemap_priority":"","_sitemap_frequency":"","footnotes":""},"categories":[59,79,56],"tags":[],"class_list":["post-330605","post","type-post","status-publish","format-standard","has-post-thumbnail","hentry","category-siyaset","category-featured","category-xeberler","infinite-scroll-item","generate-columns","tablet-grid-50","mobile-grid-100","grid-parent","grid-33","no-featured-image-padding"],"acf":[],"yoast_head":"<!-- This site is optimized with the Yoast SEO plugin v27.5 - https:\/\/yoast.com\/product\/yoast-seo-wordpress\/ -->\n<title>\u201cToplum TV i\u015fi\u201d: M\u0259hk\u0259m\u0259d\u0259 \u018fl\u0259sg\u0259r M\u0259mm\u0259dli v\u0259 Akif Qurbanova ittiham akt\u0131 elan olunub - MEYDAN.TV<\/title>\n<meta name=\"robots\" content=\"index, follow, max-snippet:-1, max-image-preview:large, max-video-preview:-1\" \/>\n<link rel=\"canonical\" href=\"https:\/\/www.meydan.tv\/az\/article\/toplum-tv-isi-m%c9%99hk%c9%99m%c9%99d%c9%99-el%c9%99sg%c9%99r-m%c9%99mm%c9%99dli-v%c9%99-akif-qurbanova-ittiham-akti-elan-olunub\/\" \/>\n<meta property=\"og:locale\" content=\"az_AZ\" \/>\n<meta property=\"og:type\" content=\"article\" \/>\n<meta property=\"og:title\" content=\"\u201cToplum TV i\u015fi\u201d: M\u0259hk\u0259m\u0259d\u0259 \u018fl\u0259sg\u0259r M\u0259mm\u0259dli v\u0259 Akif Qurbanova ittiham akt\u0131 elan olunub - MEYDAN.TV\" \/>\n<meta property=\"og:description\" content=\"N\u00f6vb\u0259ti m\u0259hk\u0259m\u0259 iclas\u0131 iyunun 2-n\u0259 t\u0259yin edilib May\u0131n 19-da Bak\u0131 ... Davam\u0131\" \/>\n<meta property=\"og:url\" content=\"https:\/\/www.meydan.tv\/az\/article\/toplum-tv-isi-m%c9%99hk%c9%99m%c9%99d%c9%99-el%c9%99sg%c9%99r-m%c9%99mm%c9%99dli-v%c9%99-akif-qurbanova-ittiham-akti-elan-olunub\/\" \/>\n<meta property=\"og:site_name\" content=\"MEYDAN.TV\" \/>\n<meta property=\"article:published_time\" content=\"2025-05-19T11:13:43+00:00\" \/>\n<meta property=\"article:modified_time\" content=\"2025-05-19T11:13:46+00:00\" \/>\n<meta property=\"og:image\" content=\"https:\/\/www.meydan.tv\/wp-content\/uploads\/0011.png\" \/>\n\t<meta property=\"og:image:width\" content=\"1179\" \/>\n\t<meta property=\"og:image:height\" content=\"576\" \/>\n\t<meta property=\"og:image:type\" content=\"image\/png\" \/>\n<meta name=\"author\" content=\"mahmud\" \/>\n<meta name=\"twitter:card\" content=\"summary_large_image\" \/>\n<script type=\"application\/ld+json\" class=\"yoast-schema-graph\">{\"@context\":\"https:\\\/\\\/schema.org\",\"@graph\":[{\"@type\":\"Article\",\"@id\":\"https:\\\/\\\/www.meydan.tv\\\/az\\\/article\\\/toplum-tv-isi-m%c9%99hk%c9%99m%c9%99d%c9%99-el%c9%99sg%c9%99r-m%c9%99mm%c9%99dli-v%c9%99-akif-qurbanova-ittiham-akti-elan-olunub\\\/#article\",\"isPartOf\":{\"@id\":\"https:\\\/\\\/www.meydan.tv\\\/az\\\/article\\\/toplum-tv-isi-m%c9%99hk%c9%99m%c9%99d%c9%99-el%c9%99sg%c9%99r-m%c9%99mm%c9%99dli-v%c9%99-akif-qurbanova-ittiham-akti-elan-olunub\\\/\"},\"author\":{\"name\":\"mahmud\",\"@id\":\"https:\\\/\\\/www.meydan.tv\\\/az\\\/#\\\/schema\\\/person\\\/09863e516102a829e72bedcf3f84c6b0\"},\"headline\":\"\u201cToplum TV i\u015fi\u201d: M\u0259hk\u0259m\u0259d\u0259 \u018fl\u0259sg\u0259r M\u0259mm\u0259dli v\u0259 Akif Qurbanova ittiham akt\u0131 elan olunub\",\"datePublished\":\"2025-05-19T11:13:43+00:00\",\"dateModified\":\"2025-05-19T11:13:46+00:00\",\"mainEntityOfPage\":{\"@id\":\"https:\\\/\\\/www.meydan.tv\\\/az\\\/article\\\/toplum-tv-isi-m%c9%99hk%c9%99m%c9%99d%c9%99-el%c9%99sg%c9%99r-m%c9%99mm%c9%99dli-v%c9%99-akif-qurbanova-ittiham-akti-elan-olunub\\\/\"},\"wordCount\":592,\"publisher\":{\"@id\":\"https:\\\/\\\/www.meydan.tv\\\/az\\\/#organization\"},\"image\":{\"@id\":\"https:\\\/\\\/www.meydan.tv\\\/az\\\/article\\\/toplum-tv-isi-m%c9%99hk%c9%99m%c9%99d%c9%99-el%c9%99sg%c9%99r-m%c9%99mm%c9%99dli-v%c9%99-akif-qurbanova-ittiham-akti-elan-olunub\\\/#primaryimage\"},\"thumbnailUrl\":\"https:\\\/\\\/www.meydan.tv\\\/wp-content\\\/uploads\\\/0011.png\",\"articleSection\":[\"Siyas\u0259t\",\"T\u00f6vsiy\u0259\",\"X\u0259b\u0259rl\u0259r\"],\"inLanguage\":\"az\"},{\"@type\":\"WebPage\",\"@id\":\"https:\\\/\\\/www.meydan.tv\\\/az\\\/article\\\/toplum-tv-isi-m%c9%99hk%c9%99m%c9%99d%c9%99-el%c9%99sg%c9%99r-m%c9%99mm%c9%99dli-v%c9%99-akif-qurbanova-ittiham-akti-elan-olunub\\\/\",\"url\":\"https:\\\/\\\/www.meydan.tv\\\/az\\\/article\\\/toplum-tv-isi-m%c9%99hk%c9%99m%c9%99d%c9%99-el%c9%99sg%c9%99r-m%c9%99mm%c9%99dli-v%c9%99-akif-qurbanova-ittiham-akti-elan-olunub\\\/\",\"name\":\"\u201cToplum TV i\u015fi\u201d: M\u0259hk\u0259m\u0259d\u0259 \u018fl\u0259sg\u0259r M\u0259mm\u0259dli v\u0259 Akif Qurbanova ittiham akt\u0131 elan olunub - MEYDAN.TV\",\"isPartOf\":{\"@id\":\"https:\\\/\\\/www.meydan.tv\\\/az\\\/#website\"},\"primaryImageOfPage\":{\"@id\":\"https:\\\/\\\/www.meydan.tv\\\/az\\\/article\\\/toplum-tv-isi-m%c9%99hk%c9%99m%c9%99d%c9%99-el%c9%99sg%c9%99r-m%c9%99mm%c9%99dli-v%c9%99-akif-qurbanova-ittiham-akti-elan-olunub\\\/#primaryimage\"},\"image\":{\"@id\":\"https:\\\/\\\/www.meydan.tv\\\/az\\\/article\\\/toplum-tv-isi-m%c9%99hk%c9%99m%c9%99d%c9%99-el%c9%99sg%c9%99r-m%c9%99mm%c9%99dli-v%c9%99-akif-qurbanova-ittiham-akti-elan-olunub\\\/#primaryimage\"},\"thumbnailUrl\":\"https:\\\/\\\/www.meydan.tv\\\/wp-content\\\/uploads\\\/0011.png\",\"datePublished\":\"2025-05-19T11:13:43+00:00\",\"dateModified\":\"2025-05-19T11:13:46+00:00\",\"breadcrumb\":{\"@id\":\"https:\\\/\\\/www.meydan.tv\\\/az\\\/article\\\/toplum-tv-isi-m%c9%99hk%c9%99m%c9%99d%c9%99-el%c9%99sg%c9%99r-m%c9%99mm%c9%99dli-v%c9%99-akif-qurbanova-ittiham-akti-elan-olunub\\\/#breadcrumb\"},\"inLanguage\":\"az\",\"potentialAction\":[{\"@type\":\"ReadAction\",\"target\":[\"https:\\\/\\\/www.meydan.tv\\\/az\\\/article\\\/toplum-tv-isi-m%c9%99hk%c9%99m%c9%99d%c9%99-el%c9%99sg%c9%99r-m%c9%99mm%c9%99dli-v%c9%99-akif-qurbanova-ittiham-akti-elan-olunub\\\/\"]}]},{\"@type\":\"ImageObject\",\"inLanguage\":\"az\",\"@id\":\"https:\\\/\\\/www.meydan.tv\\\/az\\\/article\\\/toplum-tv-isi-m%c9%99hk%c9%99m%c9%99d%c9%99-el%c9%99sg%c9%99r-m%c9%99mm%c9%99dli-v%c9%99-akif-qurbanova-ittiham-akti-elan-olunub\\\/#primaryimage\",\"url\":\"https:\\\/\\\/www.meydan.tv\\\/wp-content\\\/uploads\\\/0011.png\",\"contentUrl\":\"https:\\\/\\\/www.meydan.tv\\\/wp-content\\\/uploads\\\/0011.png\",\"width\":1179,\"height\":576,\"caption\":\"Kollaj: Toplum TV\"},{\"@type\":\"BreadcrumbList\",\"@id\":\"https:\\\/\\\/www.meydan.tv\\\/az\\\/article\\\/toplum-tv-isi-m%c9%99hk%c9%99m%c9%99d%c9%99-el%c9%99sg%c9%99r-m%c9%99mm%c9%99dli-v%c9%99-akif-qurbanova-ittiham-akti-elan-olunub\\\/#breadcrumb\",\"itemListElement\":[{\"@type\":\"ListItem\",\"position\":1,\"name\":\"Ana s\u0259hif\u0259\",\"item\":\"https:\\\/\\\/www.meydan.tv\\\/az\\\/\"},{\"@type\":\"ListItem\",\"position\":2,\"name\":\"Siyas\u0259t\",\"item\":\"https:\\\/\\\/www.meydan.tv\\\/az\\\/section\\\/siyaset\\\/\"},{\"@type\":\"ListItem\",\"position\":3,\"name\":\"\u201cToplum TV i\u015fi\u201d: M\u0259hk\u0259m\u0259d\u0259 \u018fl\u0259sg\u0259r M\u0259mm\u0259dli v\u0259 Akif Qurbanova ittiham akt\u0131 elan olunub\"}]},{\"@type\":\"WebSite\",\"@id\":\"https:\\\/\\\/www.meydan.tv\\\/az\\\/#website\",\"url\":\"https:\\\/\\\/www.meydan.tv\\\/az\\\/\",\"name\":\"MEYDAN.TV\",\"description\":\"Meydan TV Az\u0259rbaycan\u0131n media m\u0259kan\u0131ndak\u0131 alternativ s\u0259sidir\",\"publisher\":{\"@id\":\"https:\\\/\\\/www.meydan.tv\\\/az\\\/#organization\"},\"potentialAction\":[{\"@type\":\"SearchAction\",\"target\":{\"@type\":\"EntryPoint\",\"urlTemplate\":\"https:\\\/\\\/www.meydan.tv\\\/az\\\/?s={search_term_string}\"},\"query-input\":{\"@type\":\"PropertyValueSpecification\",\"valueRequired\":true,\"valueName\":\"search_term_string\"}}],\"inLanguage\":\"az\"},{\"@type\":\"Organization\",\"@id\":\"https:\\\/\\\/www.meydan.tv\\\/az\\\/#organization\",\"name\":\"Meydan TV\",\"url\":\"https:\\\/\\\/www.meydan.tv\\\/az\\\/\",\"logo\":{\"@type\":\"ImageObject\",\"inLanguage\":\"az\",\"@id\":\"https:\\\/\\\/www.meydan.tv\\\/az\\\/#\\\/schema\\\/logo\\\/image\\\/\",\"url\":\"https:\\\/\\\/www.meydan.tv\\\/wp-content\\\/uploads\\\/2021\\\/07\\\/meydan-logo.svg\",\"contentUrl\":\"https:\\\/\\\/www.meydan.tv\\\/wp-content\\\/uploads\\\/2021\\\/07\\\/meydan-logo.svg\",\"width\":195,\"height\":46,\"caption\":\"Meydan TV\"},\"image\":{\"@id\":\"https:\\\/\\\/www.meydan.tv\\\/az\\\/#\\\/schema\\\/logo\\\/image\\\/\"}},{\"@type\":\"Person\",\"@id\":\"https:\\\/\\\/www.meydan.tv\\\/az\\\/#\\\/schema\\\/person\\\/09863e516102a829e72bedcf3f84c6b0\",\"name\":\"mahmud\"}]}<\/script>\n<!-- \/ Yoast SEO plugin. -->","yoast_head_json":{"title":"\u201cToplum TV i\u015fi\u201d: M\u0259hk\u0259m\u0259d\u0259 \u018fl\u0259sg\u0259r M\u0259mm\u0259dli v\u0259 Akif Qurbanova ittiham akt\u0131 elan olunub - MEYDAN.TV","robots":{"index":"index","follow":"follow","max-snippet":"max-snippet:-1","max-image-preview":"max-image-preview:large","max-video-preview":"max-video-preview:-1"},"canonical":"https:\/\/www.meydan.tv\/az\/article\/toplum-tv-isi-m%c9%99hk%c9%99m%c9%99d%c9%99-el%c9%99sg%c9%99r-m%c9%99mm%c9%99dli-v%c9%99-akif-qurbanova-ittiham-akti-elan-olunub\/","og_locale":"az_AZ","og_type":"article","og_title":"\u201cToplum TV i\u015fi\u201d: M\u0259hk\u0259m\u0259d\u0259 \u018fl\u0259sg\u0259r M\u0259mm\u0259dli v\u0259 Akif Qurbanova ittiham akt\u0131 elan olunub - MEYDAN.TV","og_description":"N\u00f6vb\u0259ti m\u0259hk\u0259m\u0259 iclas\u0131 iyunun 2-n\u0259 t\u0259yin edilib May\u0131n 19-da Bak\u0131 ... Davam\u0131","og_url":"https:\/\/www.meydan.tv\/az\/article\/toplum-tv-isi-m%c9%99hk%c9%99m%c9%99d%c9%99-el%c9%99sg%c9%99r-m%c9%99mm%c9%99dli-v%c9%99-akif-qurbanova-ittiham-akti-elan-olunub\/","og_site_name":"MEYDAN.TV","article_published_time":"2025-05-19T11:13:43+00:00","article_modified_time":"2025-05-19T11:13:46+00:00","og_image":[{"width":1179,"height":576,"url":"https:\/\/www.meydan.tv\/wp-content\/uploads\/0011.png","type":"image\/png"}],"author":"mahmud","twitter_card":"summary_large_image","schema":{"@context":"https:\/\/schema.org","@graph":[{"@type":"Article","@id":"https:\/\/www.meydan.tv\/az\/article\/toplum-tv-isi-m%c9%99hk%c9%99m%c9%99d%c9%99-el%c9%99sg%c9%99r-m%c9%99mm%c9%99dli-v%c9%99-akif-qurbanova-ittiham-akti-elan-olunub\/#article","isPartOf":{"@id":"https:\/\/www.meydan.tv\/az\/article\/toplum-tv-isi-m%c9%99hk%c9%99m%c9%99d%c9%99-el%c9%99sg%c9%99r-m%c9%99mm%c9%99dli-v%c9%99-akif-qurbanova-ittiham-akti-elan-olunub\/"},"author":{"name":"mahmud","@id":"https:\/\/www.meydan.tv\/az\/#\/schema\/person\/09863e516102a829e72bedcf3f84c6b0"},"headline":"\u201cToplum TV i\u015fi\u201d: M\u0259hk\u0259m\u0259d\u0259 \u018fl\u0259sg\u0259r M\u0259mm\u0259dli v\u0259 Akif Qurbanova ittiham akt\u0131 elan olunub","datePublished":"2025-05-19T11:13:43+00:00","dateModified":"2025-05-19T11:13:46+00:00","mainEntityOfPage":{"@id":"https:\/\/www.meydan.tv\/az\/article\/toplum-tv-isi-m%c9%99hk%c9%99m%c9%99d%c9%99-el%c9%99sg%c9%99r-m%c9%99mm%c9%99dli-v%c9%99-akif-qurbanova-ittiham-akti-elan-olunub\/"},"wordCount":592,"publisher":{"@id":"https:\/\/www.meydan.tv\/az\/#organization"},"image":{"@id":"https:\/\/www.meydan.tv\/az\/article\/toplum-tv-isi-m%c9%99hk%c9%99m%c9%99d%c9%99-el%c9%99sg%c9%99r-m%c9%99mm%c9%99dli-v%c9%99-akif-qurbanova-ittiham-akti-elan-olunub\/#primaryimage"},"thumbnailUrl":"https:\/\/www.meydan.tv\/wp-content\/uploads\/0011.png","articleSection":["Siyas\u0259t","T\u00f6vsiy\u0259","X\u0259b\u0259rl\u0259r"],"inLanguage":"az"},{"@type":"WebPage","@id":"https:\/\/www.meydan.tv\/az\/article\/toplum-tv-isi-m%c9%99hk%c9%99m%c9%99d%c9%99-el%c9%99sg%c9%99r-m%c9%99mm%c9%99dli-v%c9%99-akif-qurbanova-ittiham-akti-elan-olunub\/","url":"https:\/\/www.meydan.tv\/az\/article\/toplum-tv-isi-m%c9%99hk%c9%99m%c9%99d%c9%99-el%c9%99sg%c9%99r-m%c9%99mm%c9%99dli-v%c9%99-akif-qurbanova-ittiham-akti-elan-olunub\/","name":"\u201cToplum TV i\u015fi\u201d: M\u0259hk\u0259m\u0259d\u0259 \u018fl\u0259sg\u0259r M\u0259mm\u0259dli v\u0259 Akif Qurbanova ittiham akt\u0131 elan olunub - MEYDAN.TV","isPartOf":{"@id":"https:\/\/www.meydan.tv\/az\/#website"},"primaryImageOfPage":{"@id":"https:\/\/www.meydan.tv\/az\/article\/toplum-tv-isi-m%c9%99hk%c9%99m%c9%99d%c9%99-el%c9%99sg%c9%99r-m%c9%99mm%c9%99dli-v%c9%99-akif-qurbanova-ittiham-akti-elan-olunub\/#primaryimage"},"image":{"@id":"https:\/\/www.meydan.tv\/az\/article\/toplum-tv-isi-m%c9%99hk%c9%99m%c9%99d%c9%99-el%c9%99sg%c9%99r-m%c9%99mm%c9%99dli-v%c9%99-akif-qurbanova-ittiham-akti-elan-olunub\/#primaryimage"},"thumbnailUrl":"https:\/\/www.meydan.tv\/wp-content\/uploads\/0011.png","datePublished":"2025-05-19T11:13:43+00:00","dateModified":"2025-05-19T11:13:46+00:00","breadcrumb":{"@id":"https:\/\/www.meydan.tv\/az\/article\/toplum-tv-isi-m%c9%99hk%c9%99m%c9%99d%c9%99-el%c9%99sg%c9%99r-m%c9%99mm%c9%99dli-v%c9%99-akif-qurbanova-ittiham-akti-elan-olunub\/#breadcrumb"},"inLanguage":"az","potentialAction":[{"@type":"ReadAction","target":["https:\/\/www.meydan.tv\/az\/article\/toplum-tv-isi-m%c9%99hk%c9%99m%c9%99d%c9%99-el%c9%99sg%c9%99r-m%c9%99mm%c9%99dli-v%c9%99-akif-qurbanova-ittiham-akti-elan-olunub\/"]}]},{"@type":"ImageObject","inLanguage":"az","@id":"https:\/\/www.meydan.tv\/az\/article\/toplum-tv-isi-m%c9%99hk%c9%99m%c9%99d%c9%99-el%c9%99sg%c9%99r-m%c9%99mm%c9%99dli-v%c9%99-akif-qurbanova-ittiham-akti-elan-olunub\/#primaryimage","url":"https:\/\/www.meydan.tv\/wp-content\/uploads\/0011.png","contentUrl":"https:\/\/www.meydan.tv\/wp-content\/uploads\/0011.png","width":1179,"height":576,"caption":"Kollaj: Toplum TV"},{"@type":"BreadcrumbList","@id":"https:\/\/www.meydan.tv\/az\/article\/toplum-tv-isi-m%c9%99hk%c9%99m%c9%99d%c9%99-el%c9%99sg%c9%99r-m%c9%99mm%c9%99dli-v%c9%99-akif-qurbanova-ittiham-akti-elan-olunub\/#breadcrumb","itemListElement":[{"@type":"ListItem","position":1,"name":"Ana s\u0259hif\u0259","item":"https:\/\/www.meydan.tv\/az\/"},{"@type":"ListItem","position":2,"name":"Siyas\u0259t","item":"https:\/\/www.meydan.tv\/az\/section\/siyaset\/"},{"@type":"ListItem","position":3,"name":"\u201cToplum TV i\u015fi\u201d: M\u0259hk\u0259m\u0259d\u0259 \u018fl\u0259sg\u0259r M\u0259mm\u0259dli v\u0259 Akif Qurbanova ittiham akt\u0131 elan olunub"}]},{"@type":"WebSite","@id":"https:\/\/www.meydan.tv\/az\/#website","url":"https:\/\/www.meydan.tv\/az\/","name":"MEYDAN.TV","description":"Meydan TV Az\u0259rbaycan\u0131n media m\u0259kan\u0131ndak\u0131 alternativ s\u0259sidir","publisher":{"@id":"https:\/\/www.meydan.tv\/az\/#organization"},"potentialAction":[{"@type":"SearchAction","target":{"@type":"EntryPoint","urlTemplate":"https:\/\/www.meydan.tv\/az\/?s={search_term_string}"},"query-input":{"@type":"PropertyValueSpecification","valueRequired":true,"valueName":"search_term_string"}}],"inLanguage":"az"},{"@type":"Organization","@id":"https:\/\/www.meydan.tv\/az\/#organization","name":"Meydan TV","url":"https:\/\/www.meydan.tv\/az\/","logo":{"@type":"ImageObject","inLanguage":"az","@id":"https:\/\/www.meydan.tv\/az\/#\/schema\/logo\/image\/","url":"https:\/\/www.meydan.tv\/wp-content\/uploads\/2021\/07\/meydan-logo.svg","contentUrl":"https:\/\/www.meydan.tv\/wp-content\/uploads\/2021\/07\/meydan-logo.svg","width":195,"height":46,"caption":"Meydan TV"},"image":{"@id":"https:\/\/www.meydan.tv\/az\/#\/schema\/logo\/image\/"}},{"@type":"Person","@id":"https:\/\/www.meydan.tv\/az\/#\/schema\/person\/09863e516102a829e72bedcf3f84c6b0","name":"mahmud"}]}},"_links":{"self":[{"href":"https:\/\/www.meydan.tv\/az\/wp-json\/wp\/v2\/posts\/330605","targetHints":{"allow":["GET"]}}],"collection":[{"href":"https:\/\/www.meydan.tv\/az\/wp-json\/wp\/v2\/posts"}],"about":[{"href":"https:\/\/www.meydan.tv\/az\/wp-json\/wp\/v2\/types\/post"}],"author":[{"embeddable":true,"href":"https:\/\/www.meydan.tv\/az\/wp-json\/wp\/v2\/users\/21"}],"replies":[{"embeddable":true,"href":"https:\/\/www.meydan.tv\/az\/wp-json\/wp\/v2\/comments?post=330605"}],"version-history":[{"count":3,"href":"https:\/\/www.meydan.tv\/az\/wp-json\/wp\/v2\/posts\/330605\/revisions"}],"predecessor-version":[{"id":330614,"href":"https:\/\/www.meydan.tv\/az\/wp-json\/wp\/v2\/posts\/330605\/revisions\/330614"}],"wp:featuredmedia":[{"embeddable":true,"href":"https:\/\/www.meydan.tv\/az\/wp-json\/wp\/v2\/media\/326084"}],"wp:attachment":[{"href":"https:\/\/www.meydan.tv\/az\/wp-json\/wp\/v2\/media?parent=330605"}],"wp:term":[{"taxonomy":"category","embeddable":true,"href":"https:\/\/www.meydan.tv\/az\/wp-json\/wp\/v2\/categories?post=330605"},{"taxonomy":"post_tag","embeddable":true,"href":"https:\/\/www.meydan.tv\/az\/wp-json\/wp\/v2\/tags?post=330605"}],"curies":[{"name":"wp","href":"https:\/\/api.w.org\/{rel}","templated":true}]}}