{"id":330590,"date":"2025-05-19T14:28:12","date_gmt":"2025-05-19T10:28:12","guid":{"rendered":"https:\/\/www.meydan.tv\/?p=330590"},"modified":"2025-05-19T15:10:25","modified_gmt":"2025-05-19T11:10:25","slug":"polsa-gomruyu-alicisi-az%c9%99rbaycan-sirk%c9%99ti-olan-boeing-t%c9%99k%c9%99rl%c9%99rini-saxlayib","status":"publish","type":"post","link":"https:\/\/www.meydan.tv\/az\/article\/polsa-gomruyu-alicisi-az%c9%99rbaycan-sirk%c9%99ti-olan-boeing-t%c9%99k%c9%99rl%c9%99rini-saxlayib\/","title":{"rendered":"Pol\u015fa g\u00f6mr\u00fcy\u00fc al\u0131c\u0131s\u0131 Az\u0259rbaycan \u015firk\u0259ti olan \u201cBoeing\u201d \u00fc\u00e7\u00fcn t\u0259k\u0259r \u015finini saxlay\u0131b"},"content":{"rendered":"\n<p><strong><em>Mallar Rusiyaya g\u00f6nd\u0259rilirmi\u015f<\/em><\/strong><\/p>\n\n\n\n<p>Pol\u015fan\u0131n Milli G\u0259lir \u0130dar\u0259sinin (NRA) \u00a0bu g\u00fcn yayd\u0131\u011f\u0131 m\u0259lumata g\u00f6r\u0259, Pol\u015fa g\u00f6mr\u00fcy\u00fc Belarus vasit\u0259sil\u0259 Rusiyaya ged\u0259n m\u00fclki Boeing t\u0259yyar\u0259l\u0259ri \u00fc\u00e7\u00fcn 5 tonluq t\u0259k\u0259r \u015fini <a href=\"https:\/\/www.reuters.com\/business\/aerospace-defense\/poland-seizes-tires-boeing-aircraft-headed-russia-2025-05-19\/\" target=\"_blank\" rel=\"noreferrer noopener\">saxlay\u0131b.<\/a><\/p>\n\n\n\n<p><em>\u201cM\u0259murlar Koro\u015find\u0259 y\u00fck ma\u015f\u0131n\u0131na bax\u0131\u015f zaman\u0131 s\u00fcr\u00fcc\u00fcn\u00fcn elan edil\u0259n avtomobil v\u0259 avtobus \u015finl\u0259ri \u0259v\u0259zin\u0259 Boeing m\u00fclki t\u0259yyar\u0259l\u0259rind\u0259 istifad\u0259 edil\u0259n t\u0259k\u0259rl\u0259ri da\u015f\u0131d\u0131\u011f\u0131n\u0131 a\u015fkar edibl\u0259r&#8221;.<\/em><\/p>\n\n\n\n<p><em>&#8220;Mallar\u0131n g\u00f6nd\u0259ricisi \u0130spaniya \u015firk\u0259ti, al\u0131c\u0131s\u0131 is\u0259 Az\u0259rbaycan \u015firk\u0259ti olub. G\u00f6mr\u00fck saxtakarl\u0131\u011f\u0131 il\u0259 ba\u011fl\u0131 cinay\u0259t i\u015fi ba\u015flan\u0131l\u0131b. Sanksiyaya m\u0259ruz qalm\u0131\u015f mallar saxlan\u0131l\u0131b&#8221;,<\/em> &#8211; NRA bildirib.<\/p>\n\n\n\n<p>Az\u0259rbaycan t\u0259r\u0259fi yaz\u0131lanlara h\u0259l\u0259lik r\u0259smi m\u00fcnasib\u0259t bildirm\u0259yib.<\/p>\n\n\n\n<p>Koro\u015fin Pol\u015fan\u0131n \u015f\u0259rq s\u0259rh\u0259dind\u0259 yerl\u0259\u015fir v\u0259 Belarusun Brest \u015f\u0259h\u0259ri il\u0259 s\u0259rh\u0259ddir.<\/p>\n\n\n\n<p>Q\u0259rbin Rusiyaya qar\u015f\u0131 sanksiyalar\u0131 2022-ci ild\u0259 Ukraynaya geni\u015fmiqyasl\u0131 m\u00fcdaxil\u0259sind\u0259n sonra d\u0259f\u0259l\u0259rl\u0259 s\u0259rtl\u0259\u015fdirilib.<\/p>\n\n\n\n<p>Mediada yay\u0131lan m\u0259lumatlara g\u00f6r\u0259, m\u0259hdudiyy\u0259tl\u0259r\u0259 baxmayaraq, Moskva b\u0259z\u0259n h\u0259rbi m\u0259qs\u0259dl\u0259r \u00fc\u00e7\u00fcn kritik \u0259h\u0259miyy\u0259tli mallar v\u0259 texnologiyalar \u0259ld\u0259 etm\u0259y\u0259 davam edir.<\/p>\n","protected":false},"excerpt":{"rendered":"<p>Mallar Rusiyaya g\u00f6nd\u0259rilirmi\u015f Pol\u015fan\u0131n Milli G\u0259lir \u0130dar\u0259sinin (NRA) \u00a0bu g\u00fcn &#8230; <\/p>\n<p class=\"read-more-container\"><a title=\"Pol\u015fa g\u00f6mr\u00fcy\u00fc al\u0131c\u0131s\u0131 Az\u0259rbaycan \u015firk\u0259ti olan \u201cBoeing\u201d \u00fc\u00e7\u00fcn t\u0259k\u0259r \u015finini saxlay\u0131b\" class=\"read-more button\" href=\"https:\/\/www.meydan.tv\/az\/article\/polsa-gomruyu-alicisi-az%c9%99rbaycan-sirk%c9%99ti-olan-boeing-t%c9%99k%c9%99rl%c9%99rini-saxlayib\/#more-330590\" aria-label=\"Read more about Pol\u015fa g\u00f6mr\u00fcy\u00fc al\u0131c\u0131s\u0131 Az\u0259rbaycan \u015firk\u0259ti olan \u201cBoeing\u201d \u00fc\u00e7\u00fcn t\u0259k\u0259r \u015finini saxlay\u0131b\">Davam\u0131<\/a><\/p>\n","protected":false},"author":21,"featured_media":330595,"comment_status":"closed","ping_status":"closed","sticky":false,"template":"","format":"standard","meta":{"_acf_changed":false,"_sitemap_exclude":false,"_sitemap_priority":"","_sitemap_frequency":"","footnotes":""},"categories":[59,56],"tags":[],"class_list":["post-330590","post","type-post","status-publish","format-standard","has-post-thumbnail","hentry","category-siyaset","category-xeberler","infinite-scroll-item","generate-columns","tablet-grid-50","mobile-grid-100","grid-parent","grid-33","no-featured-image-padding"],"acf":[],"yoast_head":"<!-- This site is optimized with the Yoast SEO plugin v27.5 - https:\/\/yoast.com\/product\/yoast-seo-wordpress\/ -->\n<title>Pol\u015fa g\u00f6mr\u00fcy\u00fc al\u0131c\u0131s\u0131 Az\u0259rbaycan \u015firk\u0259ti olan \u201cBoeing\u201d \u00fc\u00e7\u00fcn t\u0259k\u0259r \u015finini saxlay\u0131b - MEYDAN.TV<\/title>\n<meta name=\"robots\" content=\"index, follow, max-snippet:-1, max-image-preview:large, max-video-preview:-1\" \/>\n<link rel=\"canonical\" href=\"https:\/\/www.meydan.tv\/az\/article\/polsa-gomruyu-alicisi-az%c9%99rbaycan-sirk%c9%99ti-olan-boeing-t%c9%99k%c9%99rl%c9%99rini-saxlayib\/\" \/>\n<meta property=\"og:locale\" content=\"az_AZ\" \/>\n<meta property=\"og:type\" content=\"article\" \/>\n<meta property=\"og:title\" content=\"Pol\u015fa g\u00f6mr\u00fcy\u00fc al\u0131c\u0131s\u0131 Az\u0259rbaycan \u015firk\u0259ti olan \u201cBoeing\u201d \u00fc\u00e7\u00fcn t\u0259k\u0259r \u015finini saxlay\u0131b - MEYDAN.TV\" \/>\n<meta property=\"og:description\" content=\"Mallar Rusiyaya g\u00f6nd\u0259rilirmi\u015f Pol\u015fan\u0131n Milli G\u0259lir \u0130dar\u0259sinin (NRA) \u00a0bu g\u00fcn ... Davam\u0131\" \/>\n<meta property=\"og:url\" content=\"https:\/\/www.meydan.tv\/az\/article\/polsa-gomruyu-alicisi-az%c9%99rbaycan-sirk%c9%99ti-olan-boeing-t%c9%99k%c9%99rl%c9%99rini-saxlayib\/\" \/>\n<meta property=\"og:site_name\" content=\"MEYDAN.TV\" \/>\n<meta property=\"article:published_time\" content=\"2025-05-19T10:28:12+00:00\" \/>\n<meta property=\"article:modified_time\" content=\"2025-05-19T11:10:25+00:00\" \/>\n<meta property=\"og:image\" content=\"https:\/\/www.meydan.tv\/wp-content\/uploads\/shutterstock_2555675517.jpg\" \/>\n\t<meta property=\"og:image:width\" content=\"1000\" \/>\n\t<meta property=\"og:image:height\" content=\"562\" \/>\n\t<meta property=\"og:image:type\" content=\"image\/jpeg\" \/>\n<meta name=\"author\" content=\"mahmud\" \/>\n<meta name=\"twitter:card\" content=\"summary_large_image\" \/>\n<script type=\"application\/ld+json\" class=\"yoast-schema-graph\">{\"@context\":\"https:\\\/\\\/schema.org\",\"@graph\":[{\"@type\":\"Article\",\"@id\":\"https:\\\/\\\/www.meydan.tv\\\/az\\\/article\\\/polsa-gomruyu-alicisi-az%c9%99rbaycan-sirk%c9%99ti-olan-boeing-t%c9%99k%c9%99rl%c9%99rini-saxlayib\\\/#article\",\"isPartOf\":{\"@id\":\"https:\\\/\\\/www.meydan.tv\\\/az\\\/article\\\/polsa-gomruyu-alicisi-az%c9%99rbaycan-sirk%c9%99ti-olan-boeing-t%c9%99k%c9%99rl%c9%99rini-saxlayib\\\/\"},\"author\":{\"name\":\"mahmud\",\"@id\":\"https:\\\/\\\/www.meydan.tv\\\/az\\\/#\\\/schema\\\/person\\\/09863e516102a829e72bedcf3f84c6b0\"},\"headline\":\"Pol\u015fa g\u00f6mr\u00fcy\u00fc al\u0131c\u0131s\u0131 Az\u0259rbaycan \u015firk\u0259ti olan \u201cBoeing\u201d \u00fc\u00e7\u00fcn t\u0259k\u0259r \u015finini saxlay\u0131b\",\"datePublished\":\"2025-05-19T10:28:12+00:00\",\"dateModified\":\"2025-05-19T11:10:25+00:00\",\"mainEntityOfPage\":{\"@id\":\"https:\\\/\\\/www.meydan.tv\\\/az\\\/article\\\/polsa-gomruyu-alicisi-az%c9%99rbaycan-sirk%c9%99ti-olan-boeing-t%c9%99k%c9%99rl%c9%99rini-saxlayib\\\/\"},\"wordCount\":253,\"publisher\":{\"@id\":\"https:\\\/\\\/www.meydan.tv\\\/az\\\/#organization\"},\"image\":{\"@id\":\"https:\\\/\\\/www.meydan.tv\\\/az\\\/article\\\/polsa-gomruyu-alicisi-az%c9%99rbaycan-sirk%c9%99ti-olan-boeing-t%c9%99k%c9%99rl%c9%99rini-saxlayib\\\/#primaryimage\"},\"thumbnailUrl\":\"https:\\\/\\\/www.meydan.tv\\\/wp-content\\\/uploads\\\/shutterstock_2555675517.jpg\",\"articleSection\":[\"Siyas\u0259t\",\"X\u0259b\u0259rl\u0259r\"],\"inLanguage\":\"az\"},{\"@type\":\"WebPage\",\"@id\":\"https:\\\/\\\/www.meydan.tv\\\/az\\\/article\\\/polsa-gomruyu-alicisi-az%c9%99rbaycan-sirk%c9%99ti-olan-boeing-t%c9%99k%c9%99rl%c9%99rini-saxlayib\\\/\",\"url\":\"https:\\\/\\\/www.meydan.tv\\\/az\\\/article\\\/polsa-gomruyu-alicisi-az%c9%99rbaycan-sirk%c9%99ti-olan-boeing-t%c9%99k%c9%99rl%c9%99rini-saxlayib\\\/\",\"name\":\"Pol\u015fa g\u00f6mr\u00fcy\u00fc al\u0131c\u0131s\u0131 Az\u0259rbaycan \u015firk\u0259ti olan \u201cBoeing\u201d \u00fc\u00e7\u00fcn t\u0259k\u0259r \u015finini saxlay\u0131b - MEYDAN.TV\",\"isPartOf\":{\"@id\":\"https:\\\/\\\/www.meydan.tv\\\/az\\\/#website\"},\"primaryImageOfPage\":{\"@id\":\"https:\\\/\\\/www.meydan.tv\\\/az\\\/article\\\/polsa-gomruyu-alicisi-az%c9%99rbaycan-sirk%c9%99ti-olan-boeing-t%c9%99k%c9%99rl%c9%99rini-saxlayib\\\/#primaryimage\"},\"image\":{\"@id\":\"https:\\\/\\\/www.meydan.tv\\\/az\\\/article\\\/polsa-gomruyu-alicisi-az%c9%99rbaycan-sirk%c9%99ti-olan-boeing-t%c9%99k%c9%99rl%c9%99rini-saxlayib\\\/#primaryimage\"},\"thumbnailUrl\":\"https:\\\/\\\/www.meydan.tv\\\/wp-content\\\/uploads\\\/shutterstock_2555675517.jpg\",\"datePublished\":\"2025-05-19T10:28:12+00:00\",\"dateModified\":\"2025-05-19T11:10:25+00:00\",\"breadcrumb\":{\"@id\":\"https:\\\/\\\/www.meydan.tv\\\/az\\\/article\\\/polsa-gomruyu-alicisi-az%c9%99rbaycan-sirk%c9%99ti-olan-boeing-t%c9%99k%c9%99rl%c9%99rini-saxlayib\\\/#breadcrumb\"},\"inLanguage\":\"az\",\"potentialAction\":[{\"@type\":\"ReadAction\",\"target\":[\"https:\\\/\\\/www.meydan.tv\\\/az\\\/article\\\/polsa-gomruyu-alicisi-az%c9%99rbaycan-sirk%c9%99ti-olan-boeing-t%c9%99k%c9%99rl%c9%99rini-saxlayib\\\/\"]}]},{\"@type\":\"ImageObject\",\"inLanguage\":\"az\",\"@id\":\"https:\\\/\\\/www.meydan.tv\\\/az\\\/article\\\/polsa-gomruyu-alicisi-az%c9%99rbaycan-sirk%c9%99ti-olan-boeing-t%c9%99k%c9%99rl%c9%99rini-saxlayib\\\/#primaryimage\",\"url\":\"https:\\\/\\\/www.meydan.tv\\\/wp-content\\\/uploads\\\/shutterstock_2555675517.jpg\",\"contentUrl\":\"https:\\\/\\\/www.meydan.tv\\\/wp-content\\\/uploads\\\/shutterstock_2555675517.jpg\",\"width\":1000,\"height\":562,\"caption\":\"Foto: Ian Dewar Photography\\\\shutterstock\"},{\"@type\":\"BreadcrumbList\",\"@id\":\"https:\\\/\\\/www.meydan.tv\\\/az\\\/article\\\/polsa-gomruyu-alicisi-az%c9%99rbaycan-sirk%c9%99ti-olan-boeing-t%c9%99k%c9%99rl%c9%99rini-saxlayib\\\/#breadcrumb\",\"itemListElement\":[{\"@type\":\"ListItem\",\"position\":1,\"name\":\"Ana s\u0259hif\u0259\",\"item\":\"https:\\\/\\\/www.meydan.tv\\\/az\\\/\"},{\"@type\":\"ListItem\",\"position\":2,\"name\":\"Siyas\u0259t\",\"item\":\"https:\\\/\\\/www.meydan.tv\\\/az\\\/section\\\/siyaset\\\/\"},{\"@type\":\"ListItem\",\"position\":3,\"name\":\"Pol\u015fa g\u00f6mr\u00fcy\u00fc al\u0131c\u0131s\u0131 Az\u0259rbaycan \u015firk\u0259ti olan \u201cBoeing\u201d \u00fc\u00e7\u00fcn t\u0259k\u0259r \u015finini saxlay\u0131b\"}]},{\"@type\":\"WebSite\",\"@id\":\"https:\\\/\\\/www.meydan.tv\\\/az\\\/#website\",\"url\":\"https:\\\/\\\/www.meydan.tv\\\/az\\\/\",\"name\":\"MEYDAN.TV\",\"description\":\"Meydan TV Az\u0259rbaycan\u0131n media m\u0259kan\u0131ndak\u0131 alternativ s\u0259sidir\",\"publisher\":{\"@id\":\"https:\\\/\\\/www.meydan.tv\\\/az\\\/#organization\"},\"potentialAction\":[{\"@type\":\"SearchAction\",\"target\":{\"@type\":\"EntryPoint\",\"urlTemplate\":\"https:\\\/\\\/www.meydan.tv\\\/az\\\/?s={search_term_string}\"},\"query-input\":{\"@type\":\"PropertyValueSpecification\",\"valueRequired\":true,\"valueName\":\"search_term_string\"}}],\"inLanguage\":\"az\"},{\"@type\":\"Organization\",\"@id\":\"https:\\\/\\\/www.meydan.tv\\\/az\\\/#organization\",\"name\":\"Meydan TV\",\"url\":\"https:\\\/\\\/www.meydan.tv\\\/az\\\/\",\"logo\":{\"@type\":\"ImageObject\",\"inLanguage\":\"az\",\"@id\":\"https:\\\/\\\/www.meydan.tv\\\/az\\\/#\\\/schema\\\/logo\\\/image\\\/\",\"url\":\"https:\\\/\\\/www.meydan.tv\\\/wp-content\\\/uploads\\\/2021\\\/07\\\/meydan-logo.svg\",\"contentUrl\":\"https:\\\/\\\/www.meydan.tv\\\/wp-content\\\/uploads\\\/2021\\\/07\\\/meydan-logo.svg\",\"width\":195,\"height\":46,\"caption\":\"Meydan TV\"},\"image\":{\"@id\":\"https:\\\/\\\/www.meydan.tv\\\/az\\\/#\\\/schema\\\/logo\\\/image\\\/\"}},{\"@type\":\"Person\",\"@id\":\"https:\\\/\\\/www.meydan.tv\\\/az\\\/#\\\/schema\\\/person\\\/09863e516102a829e72bedcf3f84c6b0\",\"name\":\"mahmud\"}]}<\/script>\n<!-- \/ Yoast SEO plugin. -->","yoast_head_json":{"title":"Pol\u015fa g\u00f6mr\u00fcy\u00fc al\u0131c\u0131s\u0131 Az\u0259rbaycan \u015firk\u0259ti olan \u201cBoeing\u201d \u00fc\u00e7\u00fcn t\u0259k\u0259r \u015finini saxlay\u0131b - MEYDAN.TV","robots":{"index":"index","follow":"follow","max-snippet":"max-snippet:-1","max-image-preview":"max-image-preview:large","max-video-preview":"max-video-preview:-1"},"canonical":"https:\/\/www.meydan.tv\/az\/article\/polsa-gomruyu-alicisi-az%c9%99rbaycan-sirk%c9%99ti-olan-boeing-t%c9%99k%c9%99rl%c9%99rini-saxlayib\/","og_locale":"az_AZ","og_type":"article","og_title":"Pol\u015fa g\u00f6mr\u00fcy\u00fc al\u0131c\u0131s\u0131 Az\u0259rbaycan \u015firk\u0259ti olan \u201cBoeing\u201d \u00fc\u00e7\u00fcn t\u0259k\u0259r \u015finini saxlay\u0131b - MEYDAN.TV","og_description":"Mallar Rusiyaya g\u00f6nd\u0259rilirmi\u015f Pol\u015fan\u0131n Milli G\u0259lir \u0130dar\u0259sinin (NRA) \u00a0bu g\u00fcn ... Davam\u0131","og_url":"https:\/\/www.meydan.tv\/az\/article\/polsa-gomruyu-alicisi-az%c9%99rbaycan-sirk%c9%99ti-olan-boeing-t%c9%99k%c9%99rl%c9%99rini-saxlayib\/","og_site_name":"MEYDAN.TV","article_published_time":"2025-05-19T10:28:12+00:00","article_modified_time":"2025-05-19T11:10:25+00:00","og_image":[{"width":1000,"height":562,"url":"https:\/\/www.meydan.tv\/wp-content\/uploads\/shutterstock_2555675517.jpg","type":"image\/jpeg"}],"author":"mahmud","twitter_card":"summary_large_image","schema":{"@context":"https:\/\/schema.org","@graph":[{"@type":"Article","@id":"https:\/\/www.meydan.tv\/az\/article\/polsa-gomruyu-alicisi-az%c9%99rbaycan-sirk%c9%99ti-olan-boeing-t%c9%99k%c9%99rl%c9%99rini-saxlayib\/#article","isPartOf":{"@id":"https:\/\/www.meydan.tv\/az\/article\/polsa-gomruyu-alicisi-az%c9%99rbaycan-sirk%c9%99ti-olan-boeing-t%c9%99k%c9%99rl%c9%99rini-saxlayib\/"},"author":{"name":"mahmud","@id":"https:\/\/www.meydan.tv\/az\/#\/schema\/person\/09863e516102a829e72bedcf3f84c6b0"},"headline":"Pol\u015fa g\u00f6mr\u00fcy\u00fc al\u0131c\u0131s\u0131 Az\u0259rbaycan \u015firk\u0259ti olan \u201cBoeing\u201d \u00fc\u00e7\u00fcn t\u0259k\u0259r \u015finini saxlay\u0131b","datePublished":"2025-05-19T10:28:12+00:00","dateModified":"2025-05-19T11:10:25+00:00","mainEntityOfPage":{"@id":"https:\/\/www.meydan.tv\/az\/article\/polsa-gomruyu-alicisi-az%c9%99rbaycan-sirk%c9%99ti-olan-boeing-t%c9%99k%c9%99rl%c9%99rini-saxlayib\/"},"wordCount":253,"publisher":{"@id":"https:\/\/www.meydan.tv\/az\/#organization"},"image":{"@id":"https:\/\/www.meydan.tv\/az\/article\/polsa-gomruyu-alicisi-az%c9%99rbaycan-sirk%c9%99ti-olan-boeing-t%c9%99k%c9%99rl%c9%99rini-saxlayib\/#primaryimage"},"thumbnailUrl":"https:\/\/www.meydan.tv\/wp-content\/uploads\/shutterstock_2555675517.jpg","articleSection":["Siyas\u0259t","X\u0259b\u0259rl\u0259r"],"inLanguage":"az"},{"@type":"WebPage","@id":"https:\/\/www.meydan.tv\/az\/article\/polsa-gomruyu-alicisi-az%c9%99rbaycan-sirk%c9%99ti-olan-boeing-t%c9%99k%c9%99rl%c9%99rini-saxlayib\/","url":"https:\/\/www.meydan.tv\/az\/article\/polsa-gomruyu-alicisi-az%c9%99rbaycan-sirk%c9%99ti-olan-boeing-t%c9%99k%c9%99rl%c9%99rini-saxlayib\/","name":"Pol\u015fa g\u00f6mr\u00fcy\u00fc al\u0131c\u0131s\u0131 Az\u0259rbaycan \u015firk\u0259ti olan \u201cBoeing\u201d \u00fc\u00e7\u00fcn t\u0259k\u0259r \u015finini saxlay\u0131b - MEYDAN.TV","isPartOf":{"@id":"https:\/\/www.meydan.tv\/az\/#website"},"primaryImageOfPage":{"@id":"https:\/\/www.meydan.tv\/az\/article\/polsa-gomruyu-alicisi-az%c9%99rbaycan-sirk%c9%99ti-olan-boeing-t%c9%99k%c9%99rl%c9%99rini-saxlayib\/#primaryimage"},"image":{"@id":"https:\/\/www.meydan.tv\/az\/article\/polsa-gomruyu-alicisi-az%c9%99rbaycan-sirk%c9%99ti-olan-boeing-t%c9%99k%c9%99rl%c9%99rini-saxlayib\/#primaryimage"},"thumbnailUrl":"https:\/\/www.meydan.tv\/wp-content\/uploads\/shutterstock_2555675517.jpg","datePublished":"2025-05-19T10:28:12+00:00","dateModified":"2025-05-19T11:10:25+00:00","breadcrumb":{"@id":"https:\/\/www.meydan.tv\/az\/article\/polsa-gomruyu-alicisi-az%c9%99rbaycan-sirk%c9%99ti-olan-boeing-t%c9%99k%c9%99rl%c9%99rini-saxlayib\/#breadcrumb"},"inLanguage":"az","potentialAction":[{"@type":"ReadAction","target":["https:\/\/www.meydan.tv\/az\/article\/polsa-gomruyu-alicisi-az%c9%99rbaycan-sirk%c9%99ti-olan-boeing-t%c9%99k%c9%99rl%c9%99rini-saxlayib\/"]}]},{"@type":"ImageObject","inLanguage":"az","@id":"https:\/\/www.meydan.tv\/az\/article\/polsa-gomruyu-alicisi-az%c9%99rbaycan-sirk%c9%99ti-olan-boeing-t%c9%99k%c9%99rl%c9%99rini-saxlayib\/#primaryimage","url":"https:\/\/www.meydan.tv\/wp-content\/uploads\/shutterstock_2555675517.jpg","contentUrl":"https:\/\/www.meydan.tv\/wp-content\/uploads\/shutterstock_2555675517.jpg","width":1000,"height":562,"caption":"Foto: Ian Dewar Photography\\shutterstock"},{"@type":"BreadcrumbList","@id":"https:\/\/www.meydan.tv\/az\/article\/polsa-gomruyu-alicisi-az%c9%99rbaycan-sirk%c9%99ti-olan-boeing-t%c9%99k%c9%99rl%c9%99rini-saxlayib\/#breadcrumb","itemListElement":[{"@type":"ListItem","position":1,"name":"Ana s\u0259hif\u0259","item":"https:\/\/www.meydan.tv\/az\/"},{"@type":"ListItem","position":2,"name":"Siyas\u0259t","item":"https:\/\/www.meydan.tv\/az\/section\/siyaset\/"},{"@type":"ListItem","position":3,"name":"Pol\u015fa g\u00f6mr\u00fcy\u00fc al\u0131c\u0131s\u0131 Az\u0259rbaycan \u015firk\u0259ti olan \u201cBoeing\u201d \u00fc\u00e7\u00fcn t\u0259k\u0259r \u015finini saxlay\u0131b"}]},{"@type":"WebSite","@id":"https:\/\/www.meydan.tv\/az\/#website","url":"https:\/\/www.meydan.tv\/az\/","name":"MEYDAN.TV","description":"Meydan TV Az\u0259rbaycan\u0131n media m\u0259kan\u0131ndak\u0131 alternativ s\u0259sidir","publisher":{"@id":"https:\/\/www.meydan.tv\/az\/#organization"},"potentialAction":[{"@type":"SearchAction","target":{"@type":"EntryPoint","urlTemplate":"https:\/\/www.meydan.tv\/az\/?s={search_term_string}"},"query-input":{"@type":"PropertyValueSpecification","valueRequired":true,"valueName":"search_term_string"}}],"inLanguage":"az"},{"@type":"Organization","@id":"https:\/\/www.meydan.tv\/az\/#organization","name":"Meydan TV","url":"https:\/\/www.meydan.tv\/az\/","logo":{"@type":"ImageObject","inLanguage":"az","@id":"https:\/\/www.meydan.tv\/az\/#\/schema\/logo\/image\/","url":"https:\/\/www.meydan.tv\/wp-content\/uploads\/2021\/07\/meydan-logo.svg","contentUrl":"https:\/\/www.meydan.tv\/wp-content\/uploads\/2021\/07\/meydan-logo.svg","width":195,"height":46,"caption":"Meydan TV"},"image":{"@id":"https:\/\/www.meydan.tv\/az\/#\/schema\/logo\/image\/"}},{"@type":"Person","@id":"https:\/\/www.meydan.tv\/az\/#\/schema\/person\/09863e516102a829e72bedcf3f84c6b0","name":"mahmud"}]}},"_links":{"self":[{"href":"https:\/\/www.meydan.tv\/az\/wp-json\/wp\/v2\/posts\/330590","targetHints":{"allow":["GET"]}}],"collection":[{"href":"https:\/\/www.meydan.tv\/az\/wp-json\/wp\/v2\/posts"}],"about":[{"href":"https:\/\/www.meydan.tv\/az\/wp-json\/wp\/v2\/types\/post"}],"author":[{"embeddable":true,"href":"https:\/\/www.meydan.tv\/az\/wp-json\/wp\/v2\/users\/21"}],"replies":[{"embeddable":true,"href":"https:\/\/www.meydan.tv\/az\/wp-json\/wp\/v2\/comments?post=330590"}],"version-history":[{"count":6,"href":"https:\/\/www.meydan.tv\/az\/wp-json\/wp\/v2\/posts\/330590\/revisions"}],"predecessor-version":[{"id":330611,"href":"https:\/\/www.meydan.tv\/az\/wp-json\/wp\/v2\/posts\/330590\/revisions\/330611"}],"wp:featuredmedia":[{"embeddable":true,"href":"https:\/\/www.meydan.tv\/az\/wp-json\/wp\/v2\/media\/330595"}],"wp:attachment":[{"href":"https:\/\/www.meydan.tv\/az\/wp-json\/wp\/v2\/media?parent=330590"}],"wp:term":[{"taxonomy":"category","embeddable":true,"href":"https:\/\/www.meydan.tv\/az\/wp-json\/wp\/v2\/categories?post=330590"},{"taxonomy":"post_tag","embeddable":true,"href":"https:\/\/www.meydan.tv\/az\/wp-json\/wp\/v2\/tags?post=330590"}],"curies":[{"name":"wp","href":"https:\/\/api.w.org\/{rel}","templated":true}]}}