{"id":330563,"date":"2025-05-19T11:30:07","date_gmt":"2025-05-19T07:30:07","guid":{"rendered":"https:\/\/www.meydan.tv\/?p=330563"},"modified":"2025-05-19T11:30:13","modified_gmt":"2025-05-19T07:30:13","slug":"iki-h%c9%99ft%c9%99dir-yoxa-cixan-f%c9%99al-karsda-saxlanilir","status":"publish","type":"post","link":"https:\/\/www.meydan.tv\/az\/article\/iki-h%c9%99ft%c9%99dir-yoxa-cixan-f%c9%99al-karsda-saxlanilir\/","title":{"rendered":"\u0130ki h\u0259ft\u0259dir yoxa \u00e7\u0131xan f\u0259al \u201ckars\u201dda saxlan\u0131l\u0131r"},"content":{"rendered":"\n<p><em>Elvin Mustafayevin 6 sayl\u0131 c\u0259za\u00e7\u0259km\u0259 m\u00fc\u0259ssis\u0259sin\u0259 k\u00f6\u00e7\u00fcr\u00fcld\u00fcy\u00fc m\u0259lum olub<br><\/em><\/p>\n\n\n\n<p>May\u0131n 6-dan b\u0259ri bar\u0259sind\u0259 m\u0259lumat olmayan \u201c\u0130\u015f\u00e7i Masas\u0131\u201d H\u0259mkarlar \u0130ttifaqlar\u0131 Konfederasiyas\u0131n\u0131n h\u0259bsd\u0259 olan \u00fczv\u00fc Elvin Mustafayevin 6 sayl\u0131 c\u0259za\u00e7\u0259km\u0259 m\u00fc\u0259ssis\u0259sin\u0259 k\u00f6\u00e7\u00fcr\u00fcld\u00fcy\u00fc m\u0259lum olub.<br><\/p>\n\n\n\n<p>Bu bar\u0259d\u0259 Meydan TV-y\u0259 m\u0259hbusun ail\u0259 \u00fczvl\u0259ri m\u0259lumat veribl\u0259r.<br><\/p>\n\n\n\n<p>\u018fvv\u0259ll\u0259r 13 sayl\u0131 c\u0259za\u00e7\u0259km\u0259 m\u00fc\u0259ssis\u0259sind\u0259 saxlan\u0131lan Mustafayev h\u0259min g\u00fcn \u2013 may\u0131n 6-da m\u00fcxalif siyas\u0259t\u00e7i Tofiq Yaqublu v\u0259 dig\u0259r siyasi m\u0259hbuslara d\u0259st\u0259k m\u0259qs\u0259dil\u0259 acl\u0131q aksiyas\u0131na ba\u015flad\u0131\u011f\u0131n\u0131 a\u00e7\u0131qlam\u0131\u015fd\u0131.<br><\/p>\n\n\n\n<p>Ail\u0259sinin bildirdiyin\u0259 g\u00f6r\u0259, bundan sonra ondan h\u0259r hans\u0131 x\u0259b\u0259r almaq m\u00fcmk\u00fcn olmay\u0131b.<br><\/p>\n\n\n\n<p>Yax\u0131nlar\u0131 yaln\u0131z iki h\u0259ft\u0259 sonra Elvin Mustafayevin 6 sayl\u0131 c\u0259za\u00e7\u0259km\u0259 m\u00fc\u0259ssis\u0259sin\u0259 k\u00f6\u00e7\u00fcr\u00fcld\u00fcy\u00fcn\u00fc v\u0259 orada c\u0259rim\u0259 t\u0259cridxanas\u0131na (kars) sal\u0131nd\u0131\u011f\u0131n\u0131 \u00f6yr\u0259nibl\u0259r.<br><\/p>\n\n\n\n<p>Elvin Mustafayev 2023-c\u00fc il avqustun 4-d\u0259 saxlan\u0131l\u0131b v\u0259 narkotik alverind\u0259 ittiham edil\u0259r\u0259k h\u0259bs olunub. O, ittihamlar\u0131 q\u0259bul etm\u0259y\u0259r\u0259k bildirib ki, narkotik madd\u0259l\u0259r onun \u00fcz\u0259rin\u0259 qoyulub. 2024-c\u00fc il yanvar\u0131n 31-d\u0259 Bak\u0131 A\u011f\u0131r Cinay\u0259tl\u0259r M\u0259hk\u0259m\u0259si onu 3 il azadl\u0131qdan m\u0259hrum edib.<br><\/p>\n\n\n\n<p>H\u0259min il s\u0259hh\u0259tind\u0259 probleml\u0259r yaranan f\u0259al m\u00fcalic\u0259 m\u00fc\u0259ssis\u0259sin\u0259 k\u00f6\u00e7\u00fcr\u00fcls\u0259 d\u0259, daha sonra yenid\u0259n c\u0259za\u00e7\u0259km\u0259 m\u00fc\u0259ssis\u0259sin\u0259 qaytar\u0131l\u0131b. O, bu q\u0259rara etiraz olaraq acl\u0131q aksiyas\u0131 ke\u00e7irmi\u015fdi.<br><\/p>\n\n\n\n<p>Elvin Mustafayev Az\u0259rbaycanda i\u015f\u00e7i h\u00fcquqlar\u0131n\u0131 m\u00fcdafi\u0259 etm\u0259k m\u0259qs\u0259dil\u0259 2022-ci ild\u0259 yarad\u0131lm\u0131\u015f \u201c\u0130\u015f\u00e7i Masas\u0131\u201d H\u0259mkarlar \u0130ttifaqlar\u0131 Konfederasiyas\u0131n\u0131n \u00fczv\u00fcd\u00fcr.<br><\/p>\n\n\n\n<p>Haz\u0131rda konfederasiyan\u0131n d\u00f6rd \u00fczv\u00fc \u2013 s\u0259dr Afi\u0259ddin M\u0259mm\u0259dov, Ayxan \u0130srafilov, Elvin Mustafayev v\u0259 M\u00f6hy\u0259ddin Orucov h\u0259bsd\u0259dir.<br><\/p>\n\n\n\n<p>Onlar\u0131n ham\u0131s\u0131 bar\u0259l\u0259rind\u0259 ir\u0259li s\u00fcr\u00fcl\u0259n ittihamlar\u0131 qurama v\u0259 siyasi motivli hesab edir.<\/p>\n","protected":false},"excerpt":{"rendered":"<p>Elvin Mustafayevin 6 sayl\u0131 c\u0259za\u00e7\u0259km\u0259 m\u00fc\u0259ssis\u0259sin\u0259 k\u00f6\u00e7\u00fcr\u00fcld\u00fcy\u00fc m\u0259lum olub May\u0131n &#8230; <\/p>\n<p class=\"read-more-container\"><a title=\"\u0130ki h\u0259ft\u0259dir yoxa \u00e7\u0131xan f\u0259al \u201ckars\u201dda saxlan\u0131l\u0131r\" class=\"read-more button\" href=\"https:\/\/www.meydan.tv\/az\/article\/iki-h%c9%99ft%c9%99dir-yoxa-cixan-f%c9%99al-karsda-saxlanilir\/#more-330563\" aria-label=\"Read more about \u0130ki h\u0259ft\u0259dir yoxa \u00e7\u0131xan f\u0259al \u201ckars\u201dda saxlan\u0131l\u0131r\">Davam\u0131<\/a><\/p>\n","protected":false},"author":12,"featured_media":281608,"comment_status":"closed","ping_status":"closed","sticky":false,"template":"","format":"standard","meta":{"_acf_changed":false,"_sitemap_exclude":false,"_sitemap_priority":"","_sitemap_frequency":"","footnotes":""},"categories":[56],"tags":[],"class_list":["post-330563","post","type-post","status-publish","format-standard","has-post-thumbnail","hentry","category-xeberler","infinite-scroll-item","generate-columns","tablet-grid-50","mobile-grid-100","grid-parent","grid-33","no-featured-image-padding"],"acf":[],"yoast_head":"<!-- This site is optimized with the Yoast SEO plugin v27.5 - https:\/\/yoast.com\/product\/yoast-seo-wordpress\/ -->\n<title>\u0130ki h\u0259ft\u0259dir yoxa \u00e7\u0131xan f\u0259al \u201ckars\u201dda saxlan\u0131l\u0131r - MEYDAN.TV<\/title>\n<meta name=\"robots\" content=\"index, follow, max-snippet:-1, max-image-preview:large, max-video-preview:-1\" \/>\n<link rel=\"canonical\" href=\"https:\/\/www.meydan.tv\/az\/article\/iki-h%c9%99ft%c9%99dir-yoxa-cixan-f%c9%99al-karsda-saxlanilir\/\" \/>\n<meta property=\"og:locale\" content=\"az_AZ\" \/>\n<meta property=\"og:type\" content=\"article\" \/>\n<meta property=\"og:title\" content=\"\u0130ki h\u0259ft\u0259dir yoxa \u00e7\u0131xan f\u0259al \u201ckars\u201dda saxlan\u0131l\u0131r - MEYDAN.TV\" \/>\n<meta property=\"og:description\" content=\"Elvin Mustafayevin 6 sayl\u0131 c\u0259za\u00e7\u0259km\u0259 m\u00fc\u0259ssis\u0259sin\u0259 k\u00f6\u00e7\u00fcr\u00fcld\u00fcy\u00fc m\u0259lum olub May\u0131n ... Davam\u0131\" \/>\n<meta property=\"og:url\" content=\"https:\/\/www.meydan.tv\/az\/article\/iki-h%c9%99ft%c9%99dir-yoxa-cixan-f%c9%99al-karsda-saxlanilir\/\" \/>\n<meta property=\"og:site_name\" content=\"MEYDAN.TV\" \/>\n<meta property=\"article:published_time\" content=\"2025-05-19T07:30:07+00:00\" \/>\n<meta property=\"article:modified_time\" content=\"2025-05-19T07:30:13+00:00\" \/>\n<meta property=\"og:image\" content=\"https:\/\/www.meydan.tv\/wp-content\/uploads\/untitled-design-175-e1691309119679.jpg\" \/>\n\t<meta property=\"og:image:width\" content=\"1200\" \/>\n\t<meta property=\"og:image:height\" content=\"486\" \/>\n\t<meta property=\"og:image:type\" content=\"image\/jpeg\" \/>\n<meta name=\"author\" content=\"aleks\" \/>\n<meta name=\"twitter:card\" content=\"summary_large_image\" \/>\n<script type=\"application\/ld+json\" class=\"yoast-schema-graph\">{\"@context\":\"https:\\\/\\\/schema.org\",\"@graph\":[{\"@type\":\"Article\",\"@id\":\"https:\\\/\\\/www.meydan.tv\\\/az\\\/article\\\/iki-h%c9%99ft%c9%99dir-yoxa-cixan-f%c9%99al-karsda-saxlanilir\\\/#article\",\"isPartOf\":{\"@id\":\"https:\\\/\\\/www.meydan.tv\\\/az\\\/article\\\/iki-h%c9%99ft%c9%99dir-yoxa-cixan-f%c9%99al-karsda-saxlanilir\\\/\"},\"author\":{\"name\":\"aleks\",\"@id\":\"https:\\\/\\\/www.meydan.tv\\\/az\\\/#\\\/schema\\\/person\\\/476e9360e593fa131d5d71d51866f8da\"},\"headline\":\"\u0130ki h\u0259ft\u0259dir yoxa \u00e7\u0131xan f\u0259al \u201ckars\u201dda saxlan\u0131l\u0131r\",\"datePublished\":\"2025-05-19T07:30:07+00:00\",\"dateModified\":\"2025-05-19T07:30:13+00:00\",\"mainEntityOfPage\":{\"@id\":\"https:\\\/\\\/www.meydan.tv\\\/az\\\/article\\\/iki-h%c9%99ft%c9%99dir-yoxa-cixan-f%c9%99al-karsda-saxlanilir\\\/\"},\"wordCount\":367,\"publisher\":{\"@id\":\"https:\\\/\\\/www.meydan.tv\\\/az\\\/#organization\"},\"image\":{\"@id\":\"https:\\\/\\\/www.meydan.tv\\\/az\\\/article\\\/iki-h%c9%99ft%c9%99dir-yoxa-cixan-f%c9%99al-karsda-saxlanilir\\\/#primaryimage\"},\"thumbnailUrl\":\"https:\\\/\\\/www.meydan.tv\\\/wp-content\\\/uploads\\\/untitled-design-175-e1691309119679.jpg\",\"articleSection\":[\"X\u0259b\u0259rl\u0259r\"],\"inLanguage\":\"az\"},{\"@type\":\"WebPage\",\"@id\":\"https:\\\/\\\/www.meydan.tv\\\/az\\\/article\\\/iki-h%c9%99ft%c9%99dir-yoxa-cixan-f%c9%99al-karsda-saxlanilir\\\/\",\"url\":\"https:\\\/\\\/www.meydan.tv\\\/az\\\/article\\\/iki-h%c9%99ft%c9%99dir-yoxa-cixan-f%c9%99al-karsda-saxlanilir\\\/\",\"name\":\"\u0130ki h\u0259ft\u0259dir yoxa \u00e7\u0131xan f\u0259al \u201ckars\u201dda saxlan\u0131l\u0131r - MEYDAN.TV\",\"isPartOf\":{\"@id\":\"https:\\\/\\\/www.meydan.tv\\\/az\\\/#website\"},\"primaryImageOfPage\":{\"@id\":\"https:\\\/\\\/www.meydan.tv\\\/az\\\/article\\\/iki-h%c9%99ft%c9%99dir-yoxa-cixan-f%c9%99al-karsda-saxlanilir\\\/#primaryimage\"},\"image\":{\"@id\":\"https:\\\/\\\/www.meydan.tv\\\/az\\\/article\\\/iki-h%c9%99ft%c9%99dir-yoxa-cixan-f%c9%99al-karsda-saxlanilir\\\/#primaryimage\"},\"thumbnailUrl\":\"https:\\\/\\\/www.meydan.tv\\\/wp-content\\\/uploads\\\/untitled-design-175-e1691309119679.jpg\",\"datePublished\":\"2025-05-19T07:30:07+00:00\",\"dateModified\":\"2025-05-19T07:30:13+00:00\",\"breadcrumb\":{\"@id\":\"https:\\\/\\\/www.meydan.tv\\\/az\\\/article\\\/iki-h%c9%99ft%c9%99dir-yoxa-cixan-f%c9%99al-karsda-saxlanilir\\\/#breadcrumb\"},\"inLanguage\":\"az\",\"potentialAction\":[{\"@type\":\"ReadAction\",\"target\":[\"https:\\\/\\\/www.meydan.tv\\\/az\\\/article\\\/iki-h%c9%99ft%c9%99dir-yoxa-cixan-f%c9%99al-karsda-saxlanilir\\\/\"]}]},{\"@type\":\"ImageObject\",\"inLanguage\":\"az\",\"@id\":\"https:\\\/\\\/www.meydan.tv\\\/az\\\/article\\\/iki-h%c9%99ft%c9%99dir-yoxa-cixan-f%c9%99al-karsda-saxlanilir\\\/#primaryimage\",\"url\":\"https:\\\/\\\/www.meydan.tv\\\/wp-content\\\/uploads\\\/untitled-design-175-e1691309119679.jpg\",\"contentUrl\":\"https:\\\/\\\/www.meydan.tv\\\/wp-content\\\/uploads\\\/untitled-design-175-e1691309119679.jpg\",\"width\":1200,\"height\":486,\"caption\":\"Elvin Mustafayev.Foto: F\u0259rqan\u0259 Novruzova\"},{\"@type\":\"BreadcrumbList\",\"@id\":\"https:\\\/\\\/www.meydan.tv\\\/az\\\/article\\\/iki-h%c9%99ft%c9%99dir-yoxa-cixan-f%c9%99al-karsda-saxlanilir\\\/#breadcrumb\",\"itemListElement\":[{\"@type\":\"ListItem\",\"position\":1,\"name\":\"Ana s\u0259hif\u0259\",\"item\":\"https:\\\/\\\/www.meydan.tv\\\/az\\\/\"},{\"@type\":\"ListItem\",\"position\":2,\"name\":\"X\u0259b\u0259rl\u0259r\",\"item\":\"https:\\\/\\\/www.meydan.tv\\\/az\\\/section\\\/xeberler\\\/\"},{\"@type\":\"ListItem\",\"position\":3,\"name\":\"\u0130ki h\u0259ft\u0259dir yoxa \u00e7\u0131xan f\u0259al \u201ckars\u201dda saxlan\u0131l\u0131r\"}]},{\"@type\":\"WebSite\",\"@id\":\"https:\\\/\\\/www.meydan.tv\\\/az\\\/#website\",\"url\":\"https:\\\/\\\/www.meydan.tv\\\/az\\\/\",\"name\":\"MEYDAN.TV\",\"description\":\"Meydan TV Az\u0259rbaycan\u0131n media m\u0259kan\u0131ndak\u0131 alternativ s\u0259sidir\",\"publisher\":{\"@id\":\"https:\\\/\\\/www.meydan.tv\\\/az\\\/#organization\"},\"potentialAction\":[{\"@type\":\"SearchAction\",\"target\":{\"@type\":\"EntryPoint\",\"urlTemplate\":\"https:\\\/\\\/www.meydan.tv\\\/az\\\/?s={search_term_string}\"},\"query-input\":{\"@type\":\"PropertyValueSpecification\",\"valueRequired\":true,\"valueName\":\"search_term_string\"}}],\"inLanguage\":\"az\"},{\"@type\":\"Organization\",\"@id\":\"https:\\\/\\\/www.meydan.tv\\\/az\\\/#organization\",\"name\":\"Meydan TV\",\"url\":\"https:\\\/\\\/www.meydan.tv\\\/az\\\/\",\"logo\":{\"@type\":\"ImageObject\",\"inLanguage\":\"az\",\"@id\":\"https:\\\/\\\/www.meydan.tv\\\/az\\\/#\\\/schema\\\/logo\\\/image\\\/\",\"url\":\"https:\\\/\\\/www.meydan.tv\\\/wp-content\\\/uploads\\\/2021\\\/07\\\/meydan-logo.svg\",\"contentUrl\":\"https:\\\/\\\/www.meydan.tv\\\/wp-content\\\/uploads\\\/2021\\\/07\\\/meydan-logo.svg\",\"width\":195,\"height\":46,\"caption\":\"Meydan TV\"},\"image\":{\"@id\":\"https:\\\/\\\/www.meydan.tv\\\/az\\\/#\\\/schema\\\/logo\\\/image\\\/\"}},{\"@type\":\"Person\",\"@id\":\"https:\\\/\\\/www.meydan.tv\\\/az\\\/#\\\/schema\\\/person\\\/476e9360e593fa131d5d71d51866f8da\",\"name\":\"aleks\"}]}<\/script>\n<!-- \/ Yoast SEO plugin. -->","yoast_head_json":{"title":"\u0130ki h\u0259ft\u0259dir yoxa \u00e7\u0131xan f\u0259al \u201ckars\u201dda saxlan\u0131l\u0131r - MEYDAN.TV","robots":{"index":"index","follow":"follow","max-snippet":"max-snippet:-1","max-image-preview":"max-image-preview:large","max-video-preview":"max-video-preview:-1"},"canonical":"https:\/\/www.meydan.tv\/az\/article\/iki-h%c9%99ft%c9%99dir-yoxa-cixan-f%c9%99al-karsda-saxlanilir\/","og_locale":"az_AZ","og_type":"article","og_title":"\u0130ki h\u0259ft\u0259dir yoxa \u00e7\u0131xan f\u0259al \u201ckars\u201dda saxlan\u0131l\u0131r - MEYDAN.TV","og_description":"Elvin Mustafayevin 6 sayl\u0131 c\u0259za\u00e7\u0259km\u0259 m\u00fc\u0259ssis\u0259sin\u0259 k\u00f6\u00e7\u00fcr\u00fcld\u00fcy\u00fc m\u0259lum olub May\u0131n ... Davam\u0131","og_url":"https:\/\/www.meydan.tv\/az\/article\/iki-h%c9%99ft%c9%99dir-yoxa-cixan-f%c9%99al-karsda-saxlanilir\/","og_site_name":"MEYDAN.TV","article_published_time":"2025-05-19T07:30:07+00:00","article_modified_time":"2025-05-19T07:30:13+00:00","og_image":[{"width":1200,"height":486,"url":"https:\/\/www.meydan.tv\/wp-content\/uploads\/untitled-design-175-e1691309119679.jpg","type":"image\/jpeg"}],"author":"aleks","twitter_card":"summary_large_image","schema":{"@context":"https:\/\/schema.org","@graph":[{"@type":"Article","@id":"https:\/\/www.meydan.tv\/az\/article\/iki-h%c9%99ft%c9%99dir-yoxa-cixan-f%c9%99al-karsda-saxlanilir\/#article","isPartOf":{"@id":"https:\/\/www.meydan.tv\/az\/article\/iki-h%c9%99ft%c9%99dir-yoxa-cixan-f%c9%99al-karsda-saxlanilir\/"},"author":{"name":"aleks","@id":"https:\/\/www.meydan.tv\/az\/#\/schema\/person\/476e9360e593fa131d5d71d51866f8da"},"headline":"\u0130ki h\u0259ft\u0259dir yoxa \u00e7\u0131xan f\u0259al \u201ckars\u201dda saxlan\u0131l\u0131r","datePublished":"2025-05-19T07:30:07+00:00","dateModified":"2025-05-19T07:30:13+00:00","mainEntityOfPage":{"@id":"https:\/\/www.meydan.tv\/az\/article\/iki-h%c9%99ft%c9%99dir-yoxa-cixan-f%c9%99al-karsda-saxlanilir\/"},"wordCount":367,"publisher":{"@id":"https:\/\/www.meydan.tv\/az\/#organization"},"image":{"@id":"https:\/\/www.meydan.tv\/az\/article\/iki-h%c9%99ft%c9%99dir-yoxa-cixan-f%c9%99al-karsda-saxlanilir\/#primaryimage"},"thumbnailUrl":"https:\/\/www.meydan.tv\/wp-content\/uploads\/untitled-design-175-e1691309119679.jpg","articleSection":["X\u0259b\u0259rl\u0259r"],"inLanguage":"az"},{"@type":"WebPage","@id":"https:\/\/www.meydan.tv\/az\/article\/iki-h%c9%99ft%c9%99dir-yoxa-cixan-f%c9%99al-karsda-saxlanilir\/","url":"https:\/\/www.meydan.tv\/az\/article\/iki-h%c9%99ft%c9%99dir-yoxa-cixan-f%c9%99al-karsda-saxlanilir\/","name":"\u0130ki h\u0259ft\u0259dir yoxa \u00e7\u0131xan f\u0259al \u201ckars\u201dda saxlan\u0131l\u0131r - MEYDAN.TV","isPartOf":{"@id":"https:\/\/www.meydan.tv\/az\/#website"},"primaryImageOfPage":{"@id":"https:\/\/www.meydan.tv\/az\/article\/iki-h%c9%99ft%c9%99dir-yoxa-cixan-f%c9%99al-karsda-saxlanilir\/#primaryimage"},"image":{"@id":"https:\/\/www.meydan.tv\/az\/article\/iki-h%c9%99ft%c9%99dir-yoxa-cixan-f%c9%99al-karsda-saxlanilir\/#primaryimage"},"thumbnailUrl":"https:\/\/www.meydan.tv\/wp-content\/uploads\/untitled-design-175-e1691309119679.jpg","datePublished":"2025-05-19T07:30:07+00:00","dateModified":"2025-05-19T07:30:13+00:00","breadcrumb":{"@id":"https:\/\/www.meydan.tv\/az\/article\/iki-h%c9%99ft%c9%99dir-yoxa-cixan-f%c9%99al-karsda-saxlanilir\/#breadcrumb"},"inLanguage":"az","potentialAction":[{"@type":"ReadAction","target":["https:\/\/www.meydan.tv\/az\/article\/iki-h%c9%99ft%c9%99dir-yoxa-cixan-f%c9%99al-karsda-saxlanilir\/"]}]},{"@type":"ImageObject","inLanguage":"az","@id":"https:\/\/www.meydan.tv\/az\/article\/iki-h%c9%99ft%c9%99dir-yoxa-cixan-f%c9%99al-karsda-saxlanilir\/#primaryimage","url":"https:\/\/www.meydan.tv\/wp-content\/uploads\/untitled-design-175-e1691309119679.jpg","contentUrl":"https:\/\/www.meydan.tv\/wp-content\/uploads\/untitled-design-175-e1691309119679.jpg","width":1200,"height":486,"caption":"Elvin Mustafayev.Foto: F\u0259rqan\u0259 Novruzova"},{"@type":"BreadcrumbList","@id":"https:\/\/www.meydan.tv\/az\/article\/iki-h%c9%99ft%c9%99dir-yoxa-cixan-f%c9%99al-karsda-saxlanilir\/#breadcrumb","itemListElement":[{"@type":"ListItem","position":1,"name":"Ana s\u0259hif\u0259","item":"https:\/\/www.meydan.tv\/az\/"},{"@type":"ListItem","position":2,"name":"X\u0259b\u0259rl\u0259r","item":"https:\/\/www.meydan.tv\/az\/section\/xeberler\/"},{"@type":"ListItem","position":3,"name":"\u0130ki h\u0259ft\u0259dir yoxa \u00e7\u0131xan f\u0259al \u201ckars\u201dda saxlan\u0131l\u0131r"}]},{"@type":"WebSite","@id":"https:\/\/www.meydan.tv\/az\/#website","url":"https:\/\/www.meydan.tv\/az\/","name":"MEYDAN.TV","description":"Meydan TV Az\u0259rbaycan\u0131n media m\u0259kan\u0131ndak\u0131 alternativ s\u0259sidir","publisher":{"@id":"https:\/\/www.meydan.tv\/az\/#organization"},"potentialAction":[{"@type":"SearchAction","target":{"@type":"EntryPoint","urlTemplate":"https:\/\/www.meydan.tv\/az\/?s={search_term_string}"},"query-input":{"@type":"PropertyValueSpecification","valueRequired":true,"valueName":"search_term_string"}}],"inLanguage":"az"},{"@type":"Organization","@id":"https:\/\/www.meydan.tv\/az\/#organization","name":"Meydan TV","url":"https:\/\/www.meydan.tv\/az\/","logo":{"@type":"ImageObject","inLanguage":"az","@id":"https:\/\/www.meydan.tv\/az\/#\/schema\/logo\/image\/","url":"https:\/\/www.meydan.tv\/wp-content\/uploads\/2021\/07\/meydan-logo.svg","contentUrl":"https:\/\/www.meydan.tv\/wp-content\/uploads\/2021\/07\/meydan-logo.svg","width":195,"height":46,"caption":"Meydan TV"},"image":{"@id":"https:\/\/www.meydan.tv\/az\/#\/schema\/logo\/image\/"}},{"@type":"Person","@id":"https:\/\/www.meydan.tv\/az\/#\/schema\/person\/476e9360e593fa131d5d71d51866f8da","name":"aleks"}]}},"_links":{"self":[{"href":"https:\/\/www.meydan.tv\/az\/wp-json\/wp\/v2\/posts\/330563","targetHints":{"allow":["GET"]}}],"collection":[{"href":"https:\/\/www.meydan.tv\/az\/wp-json\/wp\/v2\/posts"}],"about":[{"href":"https:\/\/www.meydan.tv\/az\/wp-json\/wp\/v2\/types\/post"}],"author":[{"embeddable":true,"href":"https:\/\/www.meydan.tv\/az\/wp-json\/wp\/v2\/users\/12"}],"replies":[{"embeddable":true,"href":"https:\/\/www.meydan.tv\/az\/wp-json\/wp\/v2\/comments?post=330563"}],"version-history":[{"count":1,"href":"https:\/\/www.meydan.tv\/az\/wp-json\/wp\/v2\/posts\/330563\/revisions"}],"predecessor-version":[{"id":330564,"href":"https:\/\/www.meydan.tv\/az\/wp-json\/wp\/v2\/posts\/330563\/revisions\/330564"}],"wp:featuredmedia":[{"embeddable":true,"href":"https:\/\/www.meydan.tv\/az\/wp-json\/wp\/v2\/media\/281608"}],"wp:attachment":[{"href":"https:\/\/www.meydan.tv\/az\/wp-json\/wp\/v2\/media?parent=330563"}],"wp:term":[{"taxonomy":"category","embeddable":true,"href":"https:\/\/www.meydan.tv\/az\/wp-json\/wp\/v2\/categories?post=330563"},{"taxonomy":"post_tag","embeddable":true,"href":"https:\/\/www.meydan.tv\/az\/wp-json\/wp\/v2\/tags?post=330563"}],"curies":[{"name":"wp","href":"https:\/\/api.w.org\/{rel}","templated":true}]}}