{"id":330444,"date":"2025-05-16T16:00:32","date_gmt":"2025-05-16T12:00:32","guid":{"rendered":"https:\/\/www.meydan.tv\/?p=330444"},"modified":"2025-05-16T16:26:01","modified_gmt":"2025-05-16T12:26:01","slug":"bakida-tarixi-abid%c9%99l%c9%99rin-sokuntusu-bu-rejimin-tarix%c9%99-horm%c9%99ti-yoxdur","status":"publish","type":"post","link":"https:\/\/www.meydan.tv\/az\/article\/bakida-tarixi-abid%c9%99l%c9%99rin-sokuntusu-bu-rejimin-tarix%c9%99-horm%c9%99ti-yoxdur\/","title":{"rendered":"Bak\u0131da tarixi abid\u0259l\u0259rin s\u00f6k\u00fcnt\u00fcs\u00fc: \u201cBu rejimin tarix\u0259 h\u00f6rm\u0259ti yoxdur\u201d"},"content":{"rendered":"\n<p><strong><em>Memar: \u201c\u0130qtisadi art\u0131m, \u00f6lk\u0259y\u0259 turistl\u0259rin c\u0259lb edilm\u0259si t\u0259kc\u0259 parklar\u0131n sal\u0131nmas\u0131 il\u0259 m\u00fcmk\u00fcn olmayacaq\u201d<\/em><\/strong><\/p>\n\n\n\n<p>May\u0131n 9-da Bak\u0131da daha bir tarixi tikili &#8211; X\u0259tai rayonundak\u0131 \u018fl\u0259ddin Quliyev v\u0259 8-ci Zavod k\u00fc\u00e7\u0259l\u0259rinin k\u0259si\u015fm\u0259sind\u0259 yerl\u0259\u015f\u0259n ikim\u0259rt\u0259b\u0259li bina s\u00f6k\u00fcl\u00fcb.<\/p>\n\n\n\n<p>Bina Rot\u015fild kontor binas\u0131 v\u0259 m\u0259\u015fhur \u015ea\u011f\u0131danov (sonradan Ta\u011f\u0131yev) pasaj\u0131n\u0131n m\u00fc\u0259llifi olan polyak memar\u0131 Kazimir Skurevi\u00e7in layih\u0259si \u0259sas\u0131nda 1895\u20131897-ci ill\u0259rd\u0259 tikilmi\u015fdi.<\/p>\n\n\n\n<p>Tarixi binan\u0131n s\u00f6k\u00fcnt\u00fcs\u00fc sosial mediada naraz\u0131l\u0131qlara s\u0259b\u0259b oldu.<\/p>\n\n\n<div class=\"wp-block-image\">\n<figure class=\"alignright size-large is-resized\"><img decoding=\"async\" width=\"657\" height=\"821\" data-src=\"https:\/\/www.meydan.tv\/wp-content\/uploads\/497502490_531236306725126_5337142172136952634_n-657x821.jpg\" alt=\"\" class=\"wp-image-330451 lazyload\" style=\"--smush-placeholder-width: 657px; --smush-placeholder-aspect-ratio: 657\/821;width:351px;height:auto\" src=\"data:image\/svg+xml;base64,PHN2ZyB3aWR0aD0iMSIgaGVpZ2h0PSIxIiB4bWxucz0iaHR0cDovL3d3dy53My5vcmcvMjAwMC9zdmciPjwvc3ZnPg==\" \/><figcaption class=\"wp-element-caption\">Foto: Stasia Orlova-Stroganovan\u0131n Facebook s\u0259hif\u0259si<\/figcaption><\/figure>\n<\/div>\n\n\n<p>Arxitektor Stasia Orlova-Stroganova \u00f6z\u00fcn\u00fcn \u201cFacebook\u201d statusunda bel\u0259 bir tarixi binan\u0131n s\u00f6k\u00fcnt\u00fcs\u00fcn\u0259 \u00f6z etiraz\u0131n\u0131 <a href=\"https:\/\/www.facebook.com\/permalink.php?story_fbid=pfbid024rtyPzvCehcBnHQyMijJCYwwg3WAsYa89GCBWSNYD8PeJBoYscjRvm23tLJRPx79l&amp;id=100095162832645\" target=\"_blank\" rel=\"noreferrer noopener\">bildirib. <\/a><\/p>\n\n\n\n<p><em>\u201cBu bina t\u0259kc\u0259 fiziki olaraq yox olmad\u0131 \u2014 o, h\u0259m d\u0259 tarixi abid\u0259l\u0259r siyah\u0131s\u0131ndan silindi. \u00c7ox sakit, \u00e7ox hiss olunmadan. Halbuki bu bina sad\u0259c\u0259 da\u015f v\u0259 k\u0259rpic deyildi \u2014 bu, d\u00f6vr\u00fcn\u00fcn canl\u0131 \u015fahidi, memarl\u0131q incisi idi\u201d.<\/em><\/p>\n\n\n\n<h5 class=\"wp-block-heading\"><strong><em>&#8220;Son \u00fcmidimiz \u201cT\u0259z\u0259pir m\u0259h\u0259ll\u0259si\u201dnin s\u00f6k\u00fcnt\u00fcs\u00fcn\u00fcn qar\u015f\u0131s\u0131n\u0131n al\u0131nmas\u0131d\u0131r&#8221;<\/em><\/strong><\/h5>\n\n\n\n<p>Tarixi binalar\u0131n s\u00f6k\u00fcnt\u00fcs\u00fc il\u0259 ba\u011fl\u0131 Meydan TV-y\u0259 dan\u0131\u015fan memar Dilq\u0259m \u0130smay\u0131lov deyib ki, haz\u0131rda \u201cBay\u0131r\u015f\u0259h\u0259r\u201d adland\u0131r\u0131lan \u0259razid\u0259ki \u201cT\u0259z\u0259pir\u201d m\u0259scidinin m\u0259h\u0259ll\u0259si d\u0259 s\u00f6k\u00fclm\u0259 t\u0259hl\u00fck\u0259si il\u0259 \u00fcz-\u00fcz\u0259dir:<\/p>\n\n\n\n<p><em>\u201cArt\u0131q Bak\u0131 \u015e\u0259h\u0259r \u0130cra Hakimiyy\u0259ti k\u00f6\u00e7\u00fcrm\u0259 komissiyas\u0131 yarad\u0131b. H\u0259min \u0259razil\u0259r Bak\u0131n\u0131n yeni Ba\u015f plan\u0131na \u0259sas\u0259n x\u00fcsusi m\u00fchafiz\u0259 zonas\u0131d\u0131r. Orada hans\u0131sa s\u00f6k\u00fcnt\u00fc i\u015fl\u0259rind\u0259n, park sal\u0131nmas\u0131ndan s\u00f6hb\u0259t ged\u0259 bilm\u0259z. \u015e\u0259h\u0259rin bu hiss\u0259sinin s\u00f6k\u00fclm\u0259si, Bak\u0131n\u0131n, h\u0259m\u00e7inin Az\u0259rbaycan tarixinin bir hiss\u0259sinin silinm\u0259sin\u0259 g\u0259tirib \u00e7\u0131xaracaq. Bu da orada ya\u015fayan insanlar\u0131n, icmalar\u0131n \u2013 formala\u015fm\u0131\u015f qon\u015fuluq siyas\u0259tinin sonunu g\u0259tir\u0259c\u0259k. Y\u0259ni t\u0259kc\u0259 tarixi, memarl\u0131q t\u0259r\u0259fl\u0259rind\u0259n ba\u015fqa h\u0259min \u0259razil\u0259rd\u0259 ya\u015fayan insanlar \u00fc\u00e7\u00fcn d\u0259 ciddi-psixoloji n\u0259tic\u0259l\u0259ri olacaq\u201d.<\/em><\/p>\n\n\n<div class=\"wp-block-image\">\n<figure class=\"alignleft size-large is-resized\"><img decoding=\"async\" width=\"657\" height=\"821\" data-src=\"https:\/\/www.meydan.tv\/wp-content\/uploads\/464219105_18466320979058626_3434396695485037350_n-657x821.jpg\" alt=\"\" class=\"wp-image-330447 lazyload\" style=\"--smush-placeholder-width: 657px; --smush-placeholder-aspect-ratio: 657\/821;width:407px;height:auto\" src=\"data:image\/svg+xml;base64,PHN2ZyB3aWR0aD0iMSIgaGVpZ2h0PSIxIiB4bWxucz0iaHR0cDovL3d3dy53My5vcmcvMjAwMC9zdmciPjwvc3ZnPg==\" \/><figcaption class=\"wp-element-caption\">Dilq\u0259m \u0130smay\u0131lov. Foto: \u015e\u0259xsi Facebook s\u0259hif\u0259si<\/figcaption><\/figure>\n<\/div>\n\n\n<p>Dilq\u0259m \u0130smay\u0131lov bildirir ki, bu m\u0259s\u0259l\u0259ni bir ne\u00e7\u0259 memarla birg\u0259 d\u0259f\u0259l\u0259rl\u0259 h\u00f6kum\u0259t n\u00fcmay\u0259nd\u0259l\u0259ri s\u0259viyy\u0259sind\u0259 qald\u0131r\u0131blar, lakin n\u0259tic\u0259siz qal\u0131b.<\/p>\n\n\n\n<p>O, hesab edir ki, Bak\u0131da iqtisadi art\u0131m, \u00f6lk\u0259y\u0259 turistl\u0259rin c\u0259lb edilm\u0259si t\u0259kc\u0259 parklar\u0131n sal\u0131nmas\u0131 il\u0259 m\u00fcmk\u00fcn olmayacaq.<\/p>\n\n\n\n<p>Bunun \u00fc\u00e7\u00fcn d\u00fczg\u00fcn layih\u0259l\u0259ndirm\u0259 laz\u0131md\u0131r.<\/p>\n\n\n\n<p>Memar h\u0259m\u00e7inin Bak\u0131 sakinl\u0259rinin, \u015f\u0259h\u0259rin g\u0259ncl\u0259rinin v\u0259 kreativ k\u0259siminin bu m\u0259s\u0259l\u0259d\u0259 he\u00e7 bir s\u00f6z v\u0259 t\u0259klif haqq\u0131 olmad\u0131\u011f\u0131n\u0131, b\u00fct\u00fcn q\u0259rarlar\u0131n m\u0259murlar t\u0259r\u0259find\u0259n, m\u0259lum olmayan \u015f\u0259rtl\u0259r alt\u0131nda verildiyini deyir:<\/p>\n\n\n\n<p><em>\u201cBak\u0131n\u0131n kvartal tipli \u015f\u0259h\u0259rsalma strukturu m\u00fctl\u0259q saxlan\u0131lmal\u0131d\u0131r. H\u0259min \u0259razil\u0259r aras\u0131nda t\u0259bii ki, hans\u0131sa gec\u0259qondular, yax\u0131n vaxtlarda tikilmi\u015f art\u0131rmalar v\u0259 qarajlar var. Bunun \u00fc\u00e7\u00fcn d\u0259 \u015f\u0259h\u0259rin b\u0259rpas\u0131na pe\u015f\u0259kar yana\u015fma olmal\u0131d\u0131r, ciddi analizl\u0259r apar\u0131lmal\u0131d\u0131r. Tarixi abid\u0259l\u0259rin s\u00f6k\u00fclm\u0259sini planla\u015fd\u0131ran qurumlar\u0131n f\u0259aliyy\u0259ti, Prezidentin s\u0259r\u0259ncam\u0131 v\u0259 Ba\u015f nazirin t\u0259sdiql\u0259diyi yeni Ba\u015f plana tamamil\u0259 ziddir. H\u0259r bir \u015f\u0259h\u0259rin konstitusiyas\u0131 onun Ba\u015f plan\u0131d\u0131r. Son \u00fcmidimiz \u201cT\u0259z\u0259pir m\u0259h\u0259ll\u0259si\u201dnin s\u00f6k\u00fcnt\u00fcs\u00fcn\u00fcn qar\u015f\u0131s\u0131n\u0131n al\u0131nmas\u0131d\u0131r. \u018fg\u0259r h\u0259min \u0259razi s\u00f6k\u00fcl\u0259rs\u0259, bu, Bak\u0131n\u0131n tarixinin k\u00fctl\u0259vi \u015f\u0259kild\u0259 silinm\u0259si il\u0259 n\u0259tic\u0259l\u0259n\u0259c\u0259k. Burada s\u00f6hb\u0259t t\u0259k-t\u00fck ev v\u0259 binalardan deyil, \u00e7ox geni\u015f bir \u0259razid\u0259n gedir\u201d.<\/em><\/p>\n\n\n\n<p>Tarix\u00e7i-alim Altay G\u00f6y\u00fc\u015fov qeyd edir ki, tarixi memarl\u0131q abid\u0259l\u0259ri statusu da\u015f\u0131yan binalar\u0131n d\u00f6vl\u0259t qeydiyyat\u0131ndan \u00e7\u0131xar\u0131laraq s\u00f6k\u00fclm\u0259si, \u0259sas\u0259n maliyy\u0259 maraqlar\u0131 il\u0259 ba\u011fl\u0131d\u0131r. \u00c7\u00fcnki bir \u00e7ox tarixi binalar\u0131n yerl\u0259\u015fdiyi \u0259razil\u0259r Bak\u0131n\u0131n bahal\u0131 hiss\u0259l\u0259ridir.<\/p>\n\n\n\n<h5 class=\"wp-block-heading\"><em><strong>\u201c\u201cSovetski\u201dnin s\u00f6k\u00fcnt\u00fcs\u00fc zaman\u0131 dedil\u0259r ki, orada \u201cn\u0259\u015f\u0259xorlar\u201d ya\u015fay\u0131r<\/strong>&#8220;<\/em><\/h5>\n\n\n\n<p>G\u00f6y\u00fc\u015fov \u0259lav\u0259 edir ki, burada yaln\u0131z \u015f\u0259xsi qazanc deyil, h\u0259m d\u0259 siyasi m\u0259qs\u0259dl\u0259r d\u0259 \u00f6n plandad\u0131r:<\/p>\n\n\n\n<p><em>\u201cBizd\u0259 avtoritar rejimdir v\u0259 bu rejimin tarix\u0259 bir qram h\u00f6rm\u0259ti yoxdur. Sad\u0259c\u0259 olaraq, \u00f6z imzas\u0131n\u0131 qoymaq, \u00f6z irsini yaratmaq ist\u0259yir \u2013 amma bunu da \u00f6z t\u0259s\u0259vv\u00fcr etdiyi \u015f\u0259kild\u0259 h\u0259yata ke\u00e7irir. Hakimiyy\u0259t Bak\u0131n\u0131 Dubaya \u00e7evirm\u0259k niyy\u0259tind\u0259dir, bu is\u0259 \u015f\u0259h\u0259rin tarixi simas\u0131n\u0131 m\u0259hv etm\u0259kl\u0259 h\u0259yata ke\u00e7irilir\u201d.<\/em><\/p>\n\n\n<div class=\"wp-block-image\">\n<figure class=\"alignright size-full is-resized\"><img decoding=\"async\" width=\"606\" height=\"392\" data-src=\"https:\/\/www.meydan.tv\/wp-content\/uploads\/23783.png\" alt=\"Altay G\u00f6y\u00fc\u015fov\" class=\"wp-image-62441 lazyload\" style=\"--smush-placeholder-width: 606px; --smush-placeholder-aspect-ratio: 606\/392;width:478px;height:auto\" src=\"data:image\/svg+xml;base64,PHN2ZyB3aWR0aD0iMSIgaGVpZ2h0PSIxIiB4bWxucz0iaHR0cDovL3d3dy53My5vcmcvMjAwMC9zdmciPjwvc3ZnPg==\" \/><figcaption class=\"wp-element-caption\">Altay G\u00f6y\u00fc\u015fov<\/figcaption><\/figure>\n<\/div>\n\n\n<p>Tarix\u00e7i-alim xat\u0131rlad\u0131r ki, \u0259vv\u0259ll\u0259r Bak\u0131da ya\u015f\u0131ll\u0131q sah\u0259l\u0259ri \u00e7ox olub, lakin SSR\u0130 da\u011f\u0131ld\u0131qdan sonra bu sah\u0259l\u0259rin b\u00f6y\u00fck hiss\u0259si n\u0259zar\u0259tsiz \u015f\u0259kild\u0259 s\u0131radan \u00e7\u0131xar\u0131l\u0131b.<\/p>\n\n\n\n<p><em>\u201cEl\u0259 bu h\u00f6kum\u0259tin \u00f6z m\u0259murlar\u0131 h\u0259min ya\u015f\u0131ll\u0131qlar\u0131 yeni binalar tikm\u0259k m\u0259qs\u0259dil\u0259 m\u0259hv etdil\u0259r\u201d,<\/em> \u2013 tarix\u00e7i bildirir.<\/p>\n\n\n\n<p>O, qeyd edir ki, parklar \u00e7ox zaman \u00f6lk\u0259nin tarixi hesab\u0131na \u2013 y\u0259ni tarixi binalar\u0131n s\u00f6k\u00fclm\u0259si v\u0259 abid\u0259l\u0259rin m\u0259hv edilm\u0259si bahas\u0131na sal\u0131n\u0131r:<\/p>\n\n\n\n<p><em>\u201cHalbuki ya\u015f\u0131ll\u0131q, yeni binalar v\u0259 parklar \u015f\u0259h\u0259r \u00fc\u00e7\u00fcn vacibdir. Amma b\u00fct\u00fcn bunlar el\u0259 h\u0259yata ke\u00e7irilm\u0259lidir ki, tarix\u0259 z\u0259r\u0259r d\u0259ym\u0259sin. Az\u0259rbaycan h\u00f6kum\u0259tinin r\u0259hb\u0259rliyi tarix\u0259 d\u0259y\u0259r vermir. Bu m\u00fcnasib\u0259t t\u0259kc\u0259 Bak\u0131ya deyil, \u00f6lk\u0259nin dig\u0259r b\u00f6lg\u0259l\u0259rind\u0259ki abid\u0259l\u0259r\u0259 d\u0259 aiddir. M\u00fcxt\u0259lif yerl\u0259rd\u0259 tarixi abid\u0259l\u0259r s\u00f6k\u00fcl\u00fcb, saxtala\u015fd\u0131r\u0131l\u0131b, bu sah\u0259d\u0259 min c\u00fcr oyun \u00e7\u0131xar\u0131l\u0131b\u201d.<\/em><\/p>\n\n\n\n<p>Altay G\u00f6y\u00fc\u015fov hesab edir ki, tarixi abid\u0259l\u0259rin qorunmas\u0131 m\u0259s\u0259l\u0259sind\u0259 yaln\u0131z h\u00f6kum\u0259t deyil, c\u0259miyy\u0259tin \u00f6z\u00fc \u2013 x\u00fcsusil\u0259 ziyal\u0131lar v\u0259 yarad\u0131c\u0131 insanlar da m\u00f6vqe n\u00fcmayi\u015f etdirm\u0259li, tarixl\u0259rin\u0259 sahib \u00e7\u0131xmal\u0131d\u0131rlar.<\/p>\n\n\n\n<p><em>\u201cT\u0259\u0259ss\u00fcf ki, insanlarda tarix\u0259 qar\u015f\u0131 qay\u011f\u0131ke\u015f m\u00fcnasib\u0259t formala\u015fmay\u0131b, bu m\u0259s\u0259l\u0259 n\u0259 d\u00fczg\u00fcn t\u0259rbiy\u0259 olunub, n\u0259 d\u0259 t\u0259dris edilib. N\u0259tic\u0259d\u0259 c\u0259miyy\u0259t tarixi abid\u0259l\u0259rinin s\u00f6k\u00fclm\u0259sin\u0259 bigan\u0259 yana\u015f\u0131r. Burada \u0259sas rolu Az\u0259rbaycan\u0131n ziyal\u0131s\u0131, alimi, yaz\u0131\u00e7\u0131s\u0131, \u015fairi, r\u0259ssam\u0131, inc\u0259s\u0259n\u0259t adamlar\u0131 oynaya bil\u0259rdi. Onlar da dan\u0131\u015fm\u0131rlar. \u018fvv\u0259la, qorxurlar, ikincisi is\u0259 sad\u0259c\u0259 bigan\u0259dirl\u0259r\u201d,<\/em> \u2013 G\u00f6y\u00fc\u015fov bildirir.<\/p>\n\n\n\n<p>O, vur\u011fulay\u0131r ki, on ill\u0259rdir bu proses davam edir \u2013 tarixi binalar ard-arda s\u00f6k\u00fcl\u00fcr:<\/p>\n\n\n\n<p><em>\u201cM\u0259s\u0259l\u0259n, \u201cT\u0259z\u0259pir\u201d \u0259traf\u0131ndak\u0131 g\u00f6z\u0259l memarl\u0131q n\u00fcmun\u0259l\u0259rini da\u011f\u0131td\u0131lar. Hans\u0131 binan\u0131 s\u00f6km\u0259k ist\u0259yirl\u0259rs\u0259, \u0259vv\u0259lc\u0259 onu tarixi abid\u0259l\u0259r siyah\u0131s\u0131ndan \u00e7\u0131xar\u0131rlar. Guya ekspert qrupu q\u0259rar verir, amma \u0259slind\u0259 tap\u015f\u0131r\u0131q yuxar\u0131dan \u2013 \u0130cra Hakimiyy\u0259ti v\u0259 Prezident Administrasiyas\u0131ndan g\u0259lir\u201d.<\/em><\/p>\n\n\n\n<p>G\u00f6y\u00fc\u015fov \u0259lav\u0259 edir ki, h\u0259r d\u0259f\u0259 bir \u0259razini s\u00f6km\u0259k \u00fc\u00e7\u00fcn uydurma, qeyri-ciddi v\u0259 biab\u0131r\u00e7\u0131 arqumentl\u0259r d\u0259 ir\u0259li s\u00fcr\u00fcl\u00fcr:<\/p>\n\n\n\n<p><em>\u201c\u201cSovetski\u201dnin s\u00f6k\u00fcnt\u00fcs\u00fc zaman\u0131 dedil\u0259r ki, orada \u201cn\u0259\u015f\u0259xorlar\u201d <\/em>(narkotik as\u0131l\u0131l\u0131\u011f\u0131 olan \u015f\u0259xsl\u0259r n\u0259z\u0259rd\u0259 tutulur &#8211; red.)<em> ya\u015fay\u0131r. Bu n\u0259 s\u00f6hb\u0259tdir? S\u00f6hb\u0259t tarixi abid\u0259d\u0259n gedir\u201d.<\/em><\/p>\n\n\n\n<p>M\u0259s\u0259l\u0259 il\u0259 \u0259laq\u0259dar Bak\u0131 \u015e\u0259h\u0259r \u0130cra Hakimiyy\u0259tinin m\u0259tbuat xidm\u0259ti Meydan TV-nin z\u0259ngl\u0259rini cavabland\u0131rmay\u0131b.<\/p>\n\n\n\n<h5 class=\"wp-block-heading\"><strong>Formala\u015fm\u0131\u015f \u015f\u0259h\u0259r kimliyi?<\/strong>&#8230;<\/h5>\n\n\n\n<p>Bak\u0131da tarixi bina v\u0259 m\u0259h\u0259ll\u0259l\u0259rin s\u00f6k\u00fclm\u0259sin\u0259 h\u0259l\u0259 2000-ci ill\u0259rin \u0259vv\u0259lind\u0259n ba\u015flan\u0131l\u0131b.<\/p>\n\n\n\n<p>\u201cSovetski m\u0259h\u0259ll\u0259si\u201dnin bir hiss\u0259si, Da\u011f\u00fcst\u00fc Park\u0131n \u0259traf\u0131, F\u00fczuli v\u0259 dig\u0259r m\u0259rk\u0259zi k\u00fc\u00e7\u0259l\u0259rd\u0259 yerl\u0259\u015f\u0259n \u00e7oxsayl\u0131 tarixi tikilil\u0259r v\u0259 m\u0259h\u0259ll\u0259l\u0259r l\u0259\u011fv edilib.<\/p>\n\n\n\n<p>S\u00f6k\u00fcnt\u00fcl\u0259r ad\u0259t\u0259n \u015f\u0259h\u0259rin \u201cm\u00fcasir inki\u015faf\u0131\u201d il\u0259 \u0259sasland\u0131r\u0131l\u0131b.<\/p>\n\n\n\n<p>M\u00fct\u0259x\u0259ssisl\u0259r is\u0259 hesab edirl\u0259r ki, bu proses h\u0259m memarl\u0131q irsin\u0259, h\u0259m d\u0259 formala\u015fm\u0131\u015f \u015f\u0259h\u0259r kimliyin\u0259 z\u0259r\u0259r vurur v\u0259 proses h\u0259l\u0259 d\u0259 davam edir.<\/p>\n\n\n\n<p>R\u0259smi m\u0259lumatlara g\u00f6r\u0259, vaxtil\u0259 Bak\u0131da 1956 tarixi bina m\u00f6vcud olub. Lakin Nazirl\u0259r Kabineti t\u0259r\u0259find\u0259n m\u00fcxt\u0259lif d\u00f6vrl\u0259rd\u0259 bu abid\u0259l\u0259rin bir hiss\u0259si d\u00f6vl\u0259t qeydiyyat\u0131ndan \u00e7\u0131xar\u0131l\u0131b.<\/p>\n\n\n\n<p>N\u0259tic\u0259d\u0259, son ill\u0259rd\u0259 70-\u0259 yax\u0131n \u00e7ox\u0259srlik tarixi bina s\u00f6k\u00fcl\u00fcb, b\u0259zi m\u0259h\u0259ll\u0259l\u0259r is\u0259 l\u0259\u011fv olunub.<\/p>\n\n\n\n<p>2012-ci ild\u0259 \u201cTarix v\u0259 m\u0259d\u0259niyy\u0259t abid\u0259l\u0259rinin qorunmas\u0131 haqq\u0131nda\u201d qanunun 7-ci madd\u0259sin\u0259 edil\u0259n <a href=\"https:\/\/e-qanun.az\/framework\/3526\" target=\"_blank\" rel=\"noreferrer noopener\">d\u0259yi\u015fiklik<\/a> d\u0259 bu proses\u0259 daha da t\u0259kan verib.<\/p>\n\n\n\n<p>D\u0259yi\u015fiklikl\u0259r\u0259 \u0259sas\u0259n, h\u0259r hans\u0131 bir tarixi binan\u0131n d\u00f6vl\u0259t m\u00fchafiz\u0259si statusunun l\u0259\u011fvi \u00fc\u00e7\u00fcn M\u0259d\u0259niyy\u0259t Nazirliyi, D\u00f6vl\u0259t \u015e\u0259h\u0259rsalma v\u0259 Arxitektura Komit\u0259si, Az\u0259rbaycan Milli Elml\u0259r Akademiyas\u0131, m\u00fcvafiq rayon icra hakimiyy\u0259ti v\u0259 Nazirl\u0259r Kabinetinin raz\u0131l\u0131\u011f\u0131 t\u0259l\u0259b olunur.<\/p>\n\n\n\n<p>Memarlar\u0131n fikrinc\u0259, 2023-c\u00fc ild\u0259 t\u0259sdiql\u0259nmi\u015f Bak\u0131n\u0131n yeni Ba\u015f plan\u0131na \u0259sas\u0259n, tarixi \u0259h\u0259miyy\u0259t\u0259 malik m\u0259h\u0259ll\u0259 v\u0259 binalar qorunmal\u0131, onlar\u0131n s\u00f6k\u00fclm\u0259sin\u0259 yol verilm\u0259m\u0259lidir.<\/p>\n\n\n\n<p>Lakin b\u0259zi m\u0259murlar \u015f\u0259xsi maraqlar\u0131 namin\u0259 bu \u0259razil\u0259ri yeni plan\u0131n t\u0259l\u0259bl\u0259rin\u0259 m\u0259h\u0259l qoymadan d\u00f6vl\u0259t qeydiyyat\u0131ndan \u00e7\u0131xar\u0131r v\u0259 n\u0259tic\u0259d\u0259 h\u0259min tikilil\u0259r s\u00f6k\u00fcl\u00fcr.<\/p>\n\n\n\n<p>Memarlar is\u0259 bununla ba\u011fl\u0131 davaml\u0131 olaraq aidiyy\u0259ti qurumlara m\u0259ktublar \u00fcnvanlay\u0131b, bu s\u00f6k\u00fcnt\u00fcl\u0259rin dayand\u0131r\u0131lmas\u0131n\u0131 ist\u0259yirl\u0259r. Onlar deyirl\u0259r ki, m\u00fcraci\u0259tl\u0259ri h\u0259r d\u0259f\u0259 n\u0259tic\u0259siz qal\u0131r.<\/p>\n","protected":false},"excerpt":{"rendered":"<p>Memar: \u201c\u0130qtisadi art\u0131m, \u00f6lk\u0259y\u0259 turistl\u0259rin c\u0259lb edilm\u0259si t\u0259kc\u0259 parklar\u0131n sal\u0131nmas\u0131 &#8230; <\/p>\n<p class=\"read-more-container\"><a title=\"Bak\u0131da tarixi abid\u0259l\u0259rin s\u00f6k\u00fcnt\u00fcs\u00fc: \u201cBu rejimin tarix\u0259 h\u00f6rm\u0259ti yoxdur\u201d\" class=\"read-more button\" href=\"https:\/\/www.meydan.tv\/az\/article\/bakida-tarixi-abid%c9%99l%c9%99rin-sokuntusu-bu-rejimin-tarix%c9%99-horm%c9%99ti-yoxdur\/#more-330444\" aria-label=\"Read more about Bak\u0131da tarixi abid\u0259l\u0259rin s\u00f6k\u00fcnt\u00fcs\u00fc: \u201cBu rejimin tarix\u0259 h\u00f6rm\u0259ti yoxdur\u201d\">Davam\u0131<\/a><\/p>\n","protected":false},"author":21,"featured_media":330475,"comment_status":"closed","ping_status":"closed","sticky":false,"template":"","format":"standard","meta":{"_acf_changed":false,"_sitemap_exclude":false,"_sitemap_priority":"","_sitemap_frequency":"","footnotes":""},"categories":[62,79,56],"tags":[],"class_list":["post-330444","post","type-post","status-publish","format-standard","has-post-thumbnail","hentry","category-sosial","category-featured","category-xeberler","infinite-scroll-item","generate-columns","tablet-grid-50","mobile-grid-100","grid-parent","grid-33","no-featured-image-padding"],"acf":[],"yoast_head":"<!-- This site is optimized with the Yoast SEO plugin v27.4 - https:\/\/yoast.com\/product\/yoast-seo-wordpress\/ -->\n<title>Bak\u0131da tarixi abid\u0259l\u0259rin s\u00f6k\u00fcnt\u00fcs\u00fc: \u201cBu rejimin tarix\u0259 h\u00f6rm\u0259ti yoxdur\u201d - MEYDAN.TV<\/title>\n<meta name=\"robots\" content=\"index, follow, max-snippet:-1, max-image-preview:large, max-video-preview:-1\" \/>\n<link rel=\"canonical\" href=\"https:\/\/www.meydan.tv\/az\/article\/bakida-tarixi-abid%c9%99l%c9%99rin-sokuntusu-bu-rejimin-tarix%c9%99-horm%c9%99ti-yoxdur\/\" \/>\n<meta property=\"og:locale\" content=\"az_AZ\" \/>\n<meta property=\"og:type\" content=\"article\" \/>\n<meta property=\"og:title\" content=\"Bak\u0131da tarixi abid\u0259l\u0259rin s\u00f6k\u00fcnt\u00fcs\u00fc: \u201cBu rejimin tarix\u0259 h\u00f6rm\u0259ti yoxdur\u201d - MEYDAN.TV\" \/>\n<meta property=\"og:description\" content=\"Memar: \u201c\u0130qtisadi art\u0131m, \u00f6lk\u0259y\u0259 turistl\u0259rin c\u0259lb edilm\u0259si t\u0259kc\u0259 parklar\u0131n sal\u0131nmas\u0131 ... Davam\u0131\" \/>\n<meta property=\"og:url\" content=\"https:\/\/www.meydan.tv\/az\/article\/bakida-tarixi-abid%c9%99l%c9%99rin-sokuntusu-bu-rejimin-tarix%c9%99-horm%c9%99ti-yoxdur\/\" \/>\n<meta property=\"og:site_name\" content=\"MEYDAN.TV\" \/>\n<meta property=\"article:published_time\" content=\"2025-05-16T12:00:32+00:00\" \/>\n<meta property=\"article:modified_time\" content=\"2025-05-16T12:26:01+00:00\" \/>\n<meta property=\"og:image\" content=\"https:\/\/www.meydan.tv\/wp-content\/uploads\/binafin.jpg\" \/>\n\t<meta property=\"og:image:width\" content=\"2402\" \/>\n\t<meta property=\"og:image:height\" content=\"844\" \/>\n\t<meta property=\"og:image:type\" content=\"image\/jpeg\" \/>\n<meta name=\"author\" content=\"mahmud\" \/>\n<meta name=\"twitter:card\" content=\"summary_large_image\" \/>\n<script type=\"application\/ld+json\" class=\"yoast-schema-graph\">{\"@context\":\"https:\\\/\\\/schema.org\",\"@graph\":[{\"@type\":\"Article\",\"@id\":\"https:\\\/\\\/www.meydan.tv\\\/az\\\/article\\\/bakida-tarixi-abid%c9%99l%c9%99rin-sokuntusu-bu-rejimin-tarix%c9%99-horm%c9%99ti-yoxdur\\\/#article\",\"isPartOf\":{\"@id\":\"https:\\\/\\\/www.meydan.tv\\\/az\\\/article\\\/bakida-tarixi-abid%c9%99l%c9%99rin-sokuntusu-bu-rejimin-tarix%c9%99-horm%c9%99ti-yoxdur\\\/\"},\"author\":{\"name\":\"mahmud\",\"@id\":\"https:\\\/\\\/www.meydan.tv\\\/az\\\/#\\\/schema\\\/person\\\/09863e516102a829e72bedcf3f84c6b0\"},\"headline\":\"Bak\u0131da tarixi abid\u0259l\u0259rin s\u00f6k\u00fcnt\u00fcs\u00fc: \u201cBu rejimin tarix\u0259 h\u00f6rm\u0259ti yoxdur\u201d\",\"datePublished\":\"2025-05-16T12:00:32+00:00\",\"dateModified\":\"2025-05-16T12:26:01+00:00\",\"mainEntityOfPage\":{\"@id\":\"https:\\\/\\\/www.meydan.tv\\\/az\\\/article\\\/bakida-tarixi-abid%c9%99l%c9%99rin-sokuntusu-bu-rejimin-tarix%c9%99-horm%c9%99ti-yoxdur\\\/\"},\"wordCount\":1804,\"publisher\":{\"@id\":\"https:\\\/\\\/www.meydan.tv\\\/az\\\/#organization\"},\"image\":{\"@id\":\"https:\\\/\\\/www.meydan.tv\\\/az\\\/article\\\/bakida-tarixi-abid%c9%99l%c9%99rin-sokuntusu-bu-rejimin-tarix%c9%99-horm%c9%99ti-yoxdur\\\/#primaryimage\"},\"thumbnailUrl\":\"https:\\\/\\\/www.meydan.tv\\\/wp-content\\\/uploads\\\/binafin.jpg\",\"articleSection\":[\"Sosial\",\"T\u00f6vsiy\u0259\",\"X\u0259b\u0259rl\u0259r\"],\"inLanguage\":\"az\"},{\"@type\":\"WebPage\",\"@id\":\"https:\\\/\\\/www.meydan.tv\\\/az\\\/article\\\/bakida-tarixi-abid%c9%99l%c9%99rin-sokuntusu-bu-rejimin-tarix%c9%99-horm%c9%99ti-yoxdur\\\/\",\"url\":\"https:\\\/\\\/www.meydan.tv\\\/az\\\/article\\\/bakida-tarixi-abid%c9%99l%c9%99rin-sokuntusu-bu-rejimin-tarix%c9%99-horm%c9%99ti-yoxdur\\\/\",\"name\":\"Bak\u0131da tarixi abid\u0259l\u0259rin s\u00f6k\u00fcnt\u00fcs\u00fc: \u201cBu rejimin tarix\u0259 h\u00f6rm\u0259ti yoxdur\u201d - MEYDAN.TV\",\"isPartOf\":{\"@id\":\"https:\\\/\\\/www.meydan.tv\\\/az\\\/#website\"},\"primaryImageOfPage\":{\"@id\":\"https:\\\/\\\/www.meydan.tv\\\/az\\\/article\\\/bakida-tarixi-abid%c9%99l%c9%99rin-sokuntusu-bu-rejimin-tarix%c9%99-horm%c9%99ti-yoxdur\\\/#primaryimage\"},\"image\":{\"@id\":\"https:\\\/\\\/www.meydan.tv\\\/az\\\/article\\\/bakida-tarixi-abid%c9%99l%c9%99rin-sokuntusu-bu-rejimin-tarix%c9%99-horm%c9%99ti-yoxdur\\\/#primaryimage\"},\"thumbnailUrl\":\"https:\\\/\\\/www.meydan.tv\\\/wp-content\\\/uploads\\\/binafin.jpg\",\"datePublished\":\"2025-05-16T12:00:32+00:00\",\"dateModified\":\"2025-05-16T12:26:01+00:00\",\"breadcrumb\":{\"@id\":\"https:\\\/\\\/www.meydan.tv\\\/az\\\/article\\\/bakida-tarixi-abid%c9%99l%c9%99rin-sokuntusu-bu-rejimin-tarix%c9%99-horm%c9%99ti-yoxdur\\\/#breadcrumb\"},\"inLanguage\":\"az\",\"potentialAction\":[{\"@type\":\"ReadAction\",\"target\":[\"https:\\\/\\\/www.meydan.tv\\\/az\\\/article\\\/bakida-tarixi-abid%c9%99l%c9%99rin-sokuntusu-bu-rejimin-tarix%c9%99-horm%c9%99ti-yoxdur\\\/\"]}]},{\"@type\":\"ImageObject\",\"inLanguage\":\"az\",\"@id\":\"https:\\\/\\\/www.meydan.tv\\\/az\\\/article\\\/bakida-tarixi-abid%c9%99l%c9%99rin-sokuntusu-bu-rejimin-tarix%c9%99-horm%c9%99ti-yoxdur\\\/#primaryimage\",\"url\":\"https:\\\/\\\/www.meydan.tv\\\/wp-content\\\/uploads\\\/binafin.jpg\",\"contentUrl\":\"https:\\\/\\\/www.meydan.tv\\\/wp-content\\\/uploads\\\/binafin.jpg\",\"width\":2402,\"height\":844,\"caption\":\"Foto: Stasia Orlova-Stroganovan\u0131n Facebook s\u0259hif\u0259si\"},{\"@type\":\"BreadcrumbList\",\"@id\":\"https:\\\/\\\/www.meydan.tv\\\/az\\\/article\\\/bakida-tarixi-abid%c9%99l%c9%99rin-sokuntusu-bu-rejimin-tarix%c9%99-horm%c9%99ti-yoxdur\\\/#breadcrumb\",\"itemListElement\":[{\"@type\":\"ListItem\",\"position\":1,\"name\":\"Ana s\u0259hif\u0259\",\"item\":\"https:\\\/\\\/www.meydan.tv\\\/az\\\/\"},{\"@type\":\"ListItem\",\"position\":2,\"name\":\"Sosial\",\"item\":\"https:\\\/\\\/www.meydan.tv\\\/az\\\/section\\\/sosial\\\/\"},{\"@type\":\"ListItem\",\"position\":3,\"name\":\"Bak\u0131da tarixi abid\u0259l\u0259rin s\u00f6k\u00fcnt\u00fcs\u00fc: \u201cBu rejimin tarix\u0259 h\u00f6rm\u0259ti yoxdur\u201d\"}]},{\"@type\":\"WebSite\",\"@id\":\"https:\\\/\\\/www.meydan.tv\\\/az\\\/#website\",\"url\":\"https:\\\/\\\/www.meydan.tv\\\/az\\\/\",\"name\":\"MEYDAN.TV\",\"description\":\"Meydan TV Az\u0259rbaycan\u0131n media m\u0259kan\u0131ndak\u0131 alternativ s\u0259sidir\",\"publisher\":{\"@id\":\"https:\\\/\\\/www.meydan.tv\\\/az\\\/#organization\"},\"potentialAction\":[{\"@type\":\"SearchAction\",\"target\":{\"@type\":\"EntryPoint\",\"urlTemplate\":\"https:\\\/\\\/www.meydan.tv\\\/az\\\/?s={search_term_string}\"},\"query-input\":{\"@type\":\"PropertyValueSpecification\",\"valueRequired\":true,\"valueName\":\"search_term_string\"}}],\"inLanguage\":\"az\"},{\"@type\":\"Organization\",\"@id\":\"https:\\\/\\\/www.meydan.tv\\\/az\\\/#organization\",\"name\":\"Meydan TV\",\"url\":\"https:\\\/\\\/www.meydan.tv\\\/az\\\/\",\"logo\":{\"@type\":\"ImageObject\",\"inLanguage\":\"az\",\"@id\":\"https:\\\/\\\/www.meydan.tv\\\/az\\\/#\\\/schema\\\/logo\\\/image\\\/\",\"url\":\"https:\\\/\\\/www.meydan.tv\\\/wp-content\\\/uploads\\\/2021\\\/07\\\/meydan-logo.svg\",\"contentUrl\":\"https:\\\/\\\/www.meydan.tv\\\/wp-content\\\/uploads\\\/2021\\\/07\\\/meydan-logo.svg\",\"width\":195,\"height\":46,\"caption\":\"Meydan TV\"},\"image\":{\"@id\":\"https:\\\/\\\/www.meydan.tv\\\/az\\\/#\\\/schema\\\/logo\\\/image\\\/\"}},{\"@type\":\"Person\",\"@id\":\"https:\\\/\\\/www.meydan.tv\\\/az\\\/#\\\/schema\\\/person\\\/09863e516102a829e72bedcf3f84c6b0\",\"name\":\"mahmud\"}]}<\/script>\n<!-- \/ Yoast SEO plugin. -->","yoast_head_json":{"title":"Bak\u0131da tarixi abid\u0259l\u0259rin s\u00f6k\u00fcnt\u00fcs\u00fc: \u201cBu rejimin tarix\u0259 h\u00f6rm\u0259ti yoxdur\u201d - MEYDAN.TV","robots":{"index":"index","follow":"follow","max-snippet":"max-snippet:-1","max-image-preview":"max-image-preview:large","max-video-preview":"max-video-preview:-1"},"canonical":"https:\/\/www.meydan.tv\/az\/article\/bakida-tarixi-abid%c9%99l%c9%99rin-sokuntusu-bu-rejimin-tarix%c9%99-horm%c9%99ti-yoxdur\/","og_locale":"az_AZ","og_type":"article","og_title":"Bak\u0131da tarixi abid\u0259l\u0259rin s\u00f6k\u00fcnt\u00fcs\u00fc: \u201cBu rejimin tarix\u0259 h\u00f6rm\u0259ti yoxdur\u201d - MEYDAN.TV","og_description":"Memar: \u201c\u0130qtisadi art\u0131m, \u00f6lk\u0259y\u0259 turistl\u0259rin c\u0259lb edilm\u0259si t\u0259kc\u0259 parklar\u0131n sal\u0131nmas\u0131 ... Davam\u0131","og_url":"https:\/\/www.meydan.tv\/az\/article\/bakida-tarixi-abid%c9%99l%c9%99rin-sokuntusu-bu-rejimin-tarix%c9%99-horm%c9%99ti-yoxdur\/","og_site_name":"MEYDAN.TV","article_published_time":"2025-05-16T12:00:32+00:00","article_modified_time":"2025-05-16T12:26:01+00:00","og_image":[{"width":2402,"height":844,"url":"https:\/\/www.meydan.tv\/wp-content\/uploads\/binafin.jpg","type":"image\/jpeg"}],"author":"mahmud","twitter_card":"summary_large_image","schema":{"@context":"https:\/\/schema.org","@graph":[{"@type":"Article","@id":"https:\/\/www.meydan.tv\/az\/article\/bakida-tarixi-abid%c9%99l%c9%99rin-sokuntusu-bu-rejimin-tarix%c9%99-horm%c9%99ti-yoxdur\/#article","isPartOf":{"@id":"https:\/\/www.meydan.tv\/az\/article\/bakida-tarixi-abid%c9%99l%c9%99rin-sokuntusu-bu-rejimin-tarix%c9%99-horm%c9%99ti-yoxdur\/"},"author":{"name":"mahmud","@id":"https:\/\/www.meydan.tv\/az\/#\/schema\/person\/09863e516102a829e72bedcf3f84c6b0"},"headline":"Bak\u0131da tarixi abid\u0259l\u0259rin s\u00f6k\u00fcnt\u00fcs\u00fc: \u201cBu rejimin tarix\u0259 h\u00f6rm\u0259ti yoxdur\u201d","datePublished":"2025-05-16T12:00:32+00:00","dateModified":"2025-05-16T12:26:01+00:00","mainEntityOfPage":{"@id":"https:\/\/www.meydan.tv\/az\/article\/bakida-tarixi-abid%c9%99l%c9%99rin-sokuntusu-bu-rejimin-tarix%c9%99-horm%c9%99ti-yoxdur\/"},"wordCount":1804,"publisher":{"@id":"https:\/\/www.meydan.tv\/az\/#organization"},"image":{"@id":"https:\/\/www.meydan.tv\/az\/article\/bakida-tarixi-abid%c9%99l%c9%99rin-sokuntusu-bu-rejimin-tarix%c9%99-horm%c9%99ti-yoxdur\/#primaryimage"},"thumbnailUrl":"https:\/\/www.meydan.tv\/wp-content\/uploads\/binafin.jpg","articleSection":["Sosial","T\u00f6vsiy\u0259","X\u0259b\u0259rl\u0259r"],"inLanguage":"az"},{"@type":"WebPage","@id":"https:\/\/www.meydan.tv\/az\/article\/bakida-tarixi-abid%c9%99l%c9%99rin-sokuntusu-bu-rejimin-tarix%c9%99-horm%c9%99ti-yoxdur\/","url":"https:\/\/www.meydan.tv\/az\/article\/bakida-tarixi-abid%c9%99l%c9%99rin-sokuntusu-bu-rejimin-tarix%c9%99-horm%c9%99ti-yoxdur\/","name":"Bak\u0131da tarixi abid\u0259l\u0259rin s\u00f6k\u00fcnt\u00fcs\u00fc: \u201cBu rejimin tarix\u0259 h\u00f6rm\u0259ti yoxdur\u201d - MEYDAN.TV","isPartOf":{"@id":"https:\/\/www.meydan.tv\/az\/#website"},"primaryImageOfPage":{"@id":"https:\/\/www.meydan.tv\/az\/article\/bakida-tarixi-abid%c9%99l%c9%99rin-sokuntusu-bu-rejimin-tarix%c9%99-horm%c9%99ti-yoxdur\/#primaryimage"},"image":{"@id":"https:\/\/www.meydan.tv\/az\/article\/bakida-tarixi-abid%c9%99l%c9%99rin-sokuntusu-bu-rejimin-tarix%c9%99-horm%c9%99ti-yoxdur\/#primaryimage"},"thumbnailUrl":"https:\/\/www.meydan.tv\/wp-content\/uploads\/binafin.jpg","datePublished":"2025-05-16T12:00:32+00:00","dateModified":"2025-05-16T12:26:01+00:00","breadcrumb":{"@id":"https:\/\/www.meydan.tv\/az\/article\/bakida-tarixi-abid%c9%99l%c9%99rin-sokuntusu-bu-rejimin-tarix%c9%99-horm%c9%99ti-yoxdur\/#breadcrumb"},"inLanguage":"az","potentialAction":[{"@type":"ReadAction","target":["https:\/\/www.meydan.tv\/az\/article\/bakida-tarixi-abid%c9%99l%c9%99rin-sokuntusu-bu-rejimin-tarix%c9%99-horm%c9%99ti-yoxdur\/"]}]},{"@type":"ImageObject","inLanguage":"az","@id":"https:\/\/www.meydan.tv\/az\/article\/bakida-tarixi-abid%c9%99l%c9%99rin-sokuntusu-bu-rejimin-tarix%c9%99-horm%c9%99ti-yoxdur\/#primaryimage","url":"https:\/\/www.meydan.tv\/wp-content\/uploads\/binafin.jpg","contentUrl":"https:\/\/www.meydan.tv\/wp-content\/uploads\/binafin.jpg","width":2402,"height":844,"caption":"Foto: Stasia Orlova-Stroganovan\u0131n Facebook s\u0259hif\u0259si"},{"@type":"BreadcrumbList","@id":"https:\/\/www.meydan.tv\/az\/article\/bakida-tarixi-abid%c9%99l%c9%99rin-sokuntusu-bu-rejimin-tarix%c9%99-horm%c9%99ti-yoxdur\/#breadcrumb","itemListElement":[{"@type":"ListItem","position":1,"name":"Ana s\u0259hif\u0259","item":"https:\/\/www.meydan.tv\/az\/"},{"@type":"ListItem","position":2,"name":"Sosial","item":"https:\/\/www.meydan.tv\/az\/section\/sosial\/"},{"@type":"ListItem","position":3,"name":"Bak\u0131da tarixi abid\u0259l\u0259rin s\u00f6k\u00fcnt\u00fcs\u00fc: \u201cBu rejimin tarix\u0259 h\u00f6rm\u0259ti yoxdur\u201d"}]},{"@type":"WebSite","@id":"https:\/\/www.meydan.tv\/az\/#website","url":"https:\/\/www.meydan.tv\/az\/","name":"MEYDAN.TV","description":"Meydan TV Az\u0259rbaycan\u0131n media m\u0259kan\u0131ndak\u0131 alternativ s\u0259sidir","publisher":{"@id":"https:\/\/www.meydan.tv\/az\/#organization"},"potentialAction":[{"@type":"SearchAction","target":{"@type":"EntryPoint","urlTemplate":"https:\/\/www.meydan.tv\/az\/?s={search_term_string}"},"query-input":{"@type":"PropertyValueSpecification","valueRequired":true,"valueName":"search_term_string"}}],"inLanguage":"az"},{"@type":"Organization","@id":"https:\/\/www.meydan.tv\/az\/#organization","name":"Meydan TV","url":"https:\/\/www.meydan.tv\/az\/","logo":{"@type":"ImageObject","inLanguage":"az","@id":"https:\/\/www.meydan.tv\/az\/#\/schema\/logo\/image\/","url":"https:\/\/www.meydan.tv\/wp-content\/uploads\/2021\/07\/meydan-logo.svg","contentUrl":"https:\/\/www.meydan.tv\/wp-content\/uploads\/2021\/07\/meydan-logo.svg","width":195,"height":46,"caption":"Meydan TV"},"image":{"@id":"https:\/\/www.meydan.tv\/az\/#\/schema\/logo\/image\/"}},{"@type":"Person","@id":"https:\/\/www.meydan.tv\/az\/#\/schema\/person\/09863e516102a829e72bedcf3f84c6b0","name":"mahmud"}]}},"_links":{"self":[{"href":"https:\/\/www.meydan.tv\/az\/wp-json\/wp\/v2\/posts\/330444","targetHints":{"allow":["GET"]}}],"collection":[{"href":"https:\/\/www.meydan.tv\/az\/wp-json\/wp\/v2\/posts"}],"about":[{"href":"https:\/\/www.meydan.tv\/az\/wp-json\/wp\/v2\/types\/post"}],"author":[{"embeddable":true,"href":"https:\/\/www.meydan.tv\/az\/wp-json\/wp\/v2\/users\/21"}],"replies":[{"embeddable":true,"href":"https:\/\/www.meydan.tv\/az\/wp-json\/wp\/v2\/comments?post=330444"}],"version-history":[{"count":9,"href":"https:\/\/www.meydan.tv\/az\/wp-json\/wp\/v2\/posts\/330444\/revisions"}],"predecessor-version":[{"id":330467,"href":"https:\/\/www.meydan.tv\/az\/wp-json\/wp\/v2\/posts\/330444\/revisions\/330467"}],"wp:featuredmedia":[{"embeddable":true,"href":"https:\/\/www.meydan.tv\/az\/wp-json\/wp\/v2\/media\/330475"}],"wp:attachment":[{"href":"https:\/\/www.meydan.tv\/az\/wp-json\/wp\/v2\/media?parent=330444"}],"wp:term":[{"taxonomy":"category","embeddable":true,"href":"https:\/\/www.meydan.tv\/az\/wp-json\/wp\/v2\/categories?post=330444"},{"taxonomy":"post_tag","embeddable":true,"href":"https:\/\/www.meydan.tv\/az\/wp-json\/wp\/v2\/tags?post=330444"}],"curies":[{"name":"wp","href":"https:\/\/api.w.org\/{rel}","templated":true}]}}