{"id":330430,"date":"2025-05-16T14:45:03","date_gmt":"2025-05-16T10:45:03","guid":{"rendered":"https:\/\/www.meydan.tv\/?p=330430"},"modified":"2025-05-16T14:47:33","modified_gmt":"2025-05-16T10:47:33","slug":"sabiq-dovl%c9%99t-m%c9%99murunun-h%c9%99bsxanada-olduyu-bildirilir","status":"publish","type":"post","link":"https:\/\/www.meydan.tv\/az\/article\/sabiq-dovl%c9%99t-m%c9%99murunun-h%c9%99bsxanada-olduyu-bildirilir\/","title":{"rendered":"Sabiq d\u00f6vl\u0259t m\u0259murunun h\u0259bsxanada \u00f6ld\u00fcy\u00fc bildirilir"},"content":{"rendered":"\n<p class=\"wp-block-paragraph\"><strong><em>\u0130lkin m\u0259lumata \u0259sas\u0259n, 38 ya\u015fl\u0131 sabiq v\u0259zif\u0259li \u015f\u0259xsin \u00f6l\u00fcm\u00fcn\u0259 s\u0259b\u0259b anemiya olub<\/em><\/strong><\/p>\n\n\n\n<p class=\"wp-block-paragraph\">\u018fm\u0259k v\u0259 \u018fhalinin Sosial M\u00fcdafi\u0259si Nazirliyinin sabiq v\u0259zif\u0259li \u015f\u0259xsi Rauf Mustafayevin c\u0259za \u00e7\u0259kdiyi Penitensiar Xidm\u0259tin \u015e\u0259kid\u0259 yerl\u0259\u015f\u0259n Qar\u0131\u015f\u0131q Tipli C\u0259za\u00e7\u0259km\u0259 M\u00fc\u0259ssis\u0259sind\u0259 v\u0259fat etdiyi <a href=\"https:\/\/www.facebook.com\/story.php?story_fbid=1301971084936592&amp;id=100053711391344&amp;mibextid=wwXIfr&amp;rdid=rM0wX4ZpTp84RRte#\">deyilir<\/a>.<\/p>\n\n\n\n<p class=\"wp-block-paragraph\">B\u0259rd\u0259 rayon sakini 38 ya\u015fl\u0131 Rauf Mustafayev 2020-2021-ci ill\u0259rd\u0259 Nazirliyin 18 sayl\u0131 \u018frazi M\u0259\u015f\u011fulluq M\u0259rk\u0259zind\u0259 ba\u015f m\u00fchasib v\u0259zif\u0259sind\u0259 \u00e7al\u0131\u015f\u0131b.<\/p>\n\n\n\n<p class=\"wp-block-paragraph\">\u0130lkin m\u0259lumata \u0259sas\u0259n, Rauf Mustafayevin \u00f6l\u00fcm\u00fcn\u0259 s\u0259b\u0259b anemiya olub. R\u0259smi tibbi ekspertiza n\u0259tic\u0259l\u0259ri h\u0259l\u0259lik a\u00e7\u0131qlanmay\u0131b.<\/p>\n\n\n\n<p class=\"wp-block-paragraph\">Hadis\u0259 il\u0259 ba\u011fl\u0131 Penitensiar Xidm\u0259t v\u0259 ya dig\u0259r r\u0259smi qurumlardan \u0259lav\u0259 m\u0259lumat verilm\u0259yib.<\/p>\n\n\n\n<p class=\"wp-block-paragraph\">2023-c\u00fc il iyulun 4-d\u0259 G\u0259nc\u0259 A\u011f\u0131r Cinay\u0259tl\u0259r M\u0259hk\u0259m\u0259sind\u0259 \u018fm\u0259k v\u0259 \u018fhalinin Sosial M\u00fcdafi\u0259si Nazirliyinin 18 sayl\u0131 \u018frazi M\u0259\u015f\u011fulluq M\u0259rk\u0259zinin sabiq r\u0259hb\u0259ri A\u011fayev Az\u0259r V\u0259kil o\u011flu v\u0259 m\u0259rk\u0259zin sabiq ba\u015f m\u00fchasibi Mustafayev Rauf Ab\u0131\u015f o\u011fluna h\u00f6km oxunub.<\/p>\n\n\n\n<p class=\"wp-block-paragraph\">Sabiq s\u0259dr Cinay\u0259t M\u0259c\u0259ll\u0259sinin 314-c\u00fc (s\u0259hl\u0259nkarl\u0131q) madd\u0259si il\u0259 t\u0259qsirli bilinirdi. O, m\u0259suliyy\u0259t\u0259 c\u0259lb etm\u0259 m\u00fcdd\u0259ti ke\u00e7diyind\u0259n cinay\u0259t m\u0259suliyy\u0259tind\u0259n azad edildi.<\/p>\n\n\n\n<p class=\"wp-block-paragraph\">M\u0259\u015f\u011fulluq M\u0259rk\u0259zinin ke\u00e7mi\u015f ba\u015f m\u00fchasibi Rauf Mustafayev is\u0259 Cinay\u0259t M\u0259c\u0259ll\u0259sinin 308 (v\u0259zif\u0259 s\u0259lahiyy\u0259tl\u0259rind\u0259n sui-istifad\u0259) v\u0259 179.3.2-ci (k\u00fclli miqdarda m\u0259nims\u0259m\u0259) madd\u0259l\u0259ri il\u0259 t\u0259qsirli bilin\u0259r\u0259k, 7 il m\u00fcdd\u0259tin\u0259 azadl\u0131qdan m\u0259hrumetm\u0259 c\u0259zas\u0131na m\u0259hkum edildi v\u0259 m\u0259hk\u0259m\u0259 zal\u0131nda h\u0259bs edildi.<\/p>\n\n\n\n<p class=\"wp-block-paragraph\">O, \u00a0elektron sistem\u0259 saxta m\u0259lumatlar daxil etm\u0259kl\u0259 90 min manata yax\u0131n v\u0259saiti m\u0259nims\u0259m\u0259kd\u0259 ittiham olunurdu.<\/p>\n\n\n\n<p class=\"wp-block-paragraph\"><\/p>\n\n\n\n<p class=\"wp-block-paragraph\"><\/p>\n","protected":false},"excerpt":{"rendered":"<p>\u0130lkin m\u0259lumata \u0259sas\u0259n, 38 ya\u015fl\u0131 sabiq v\u0259zif\u0259li \u015f\u0259xsin \u00f6l\u00fcm\u00fcn\u0259 s\u0259b\u0259b &#8230; <\/p>\n<p class=\"read-more-container\"><a title=\"Sabiq d\u00f6vl\u0259t m\u0259murunun h\u0259bsxanada \u00f6ld\u00fcy\u00fc bildirilir\" class=\"read-more button\" href=\"https:\/\/www.meydan.tv\/az\/article\/sabiq-dovl%c9%99t-m%c9%99murunun-h%c9%99bsxanada-olduyu-bildirilir\/#more-330430\" aria-label=\"Read more about Sabiq d\u00f6vl\u0259t m\u0259murunun h\u0259bsxanada \u00f6ld\u00fcy\u00fc bildirilir\">Davam\u0131<\/a><\/p>\n","protected":false},"author":21,"featured_media":211098,"comment_status":"closed","ping_status":"closed","sticky":false,"template":"","format":"standard","meta":{"_acf_changed":false,"_sitemap_exclude":false,"_sitemap_priority":"","_sitemap_frequency":"","footnotes":""},"categories":[62,79,56],"tags":[],"class_list":["post-330430","post","type-post","status-publish","format-standard","has-post-thumbnail","hentry","category-sosial","category-featured","category-xeberler","infinite-scroll-item","generate-columns","tablet-grid-50","mobile-grid-100","grid-parent","grid-33","no-featured-image-padding"],"acf":[],"yoast_head":"<!-- This site is optimized with the Yoast SEO plugin v28.4 - https:\/\/yoast.com\/product\/yoast-seo-wordpress\/ -->\n<title>Sabiq d\u00f6vl\u0259t m\u0259murunun h\u0259bsxanada \u00f6ld\u00fcy\u00fc bildirilir - MEYDAN.TV<\/title>\n<meta name=\"robots\" content=\"index, follow, max-snippet:-1, max-image-preview:large, max-video-preview:-1\" \/>\n<link rel=\"canonical\" href=\"https:\/\/www.meydan.tv\/az\/article\/sabiq-dovl%c9%99t-m%c9%99murunun-h%c9%99bsxanada-olduyu-bildirilir\/\" \/>\n<meta property=\"og:locale\" content=\"az_AZ\" \/>\n<meta property=\"og:type\" content=\"article\" \/>\n<meta property=\"og:title\" content=\"Sabiq d\u00f6vl\u0259t m\u0259murunun h\u0259bsxanada \u00f6ld\u00fcy\u00fc bildirilir - MEYDAN.TV\" \/>\n<meta property=\"og:description\" content=\"\u0130lkin m\u0259lumata \u0259sas\u0259n, 38 ya\u015fl\u0131 sabiq v\u0259zif\u0259li \u015f\u0259xsin \u00f6l\u00fcm\u00fcn\u0259 s\u0259b\u0259b ... Davam\u0131\" \/>\n<meta property=\"og:url\" content=\"https:\/\/www.meydan.tv\/az\/article\/sabiq-dovl%c9%99t-m%c9%99murunun-h%c9%99bsxanada-olduyu-bildirilir\/\" \/>\n<meta property=\"og:site_name\" content=\"MEYDAN.TV\" \/>\n<meta property=\"article:published_time\" content=\"2025-05-16T10:45:03+00:00\" \/>\n<meta property=\"article:modified_time\" content=\"2025-05-16T10:47:33+00:00\" \/>\n<meta property=\"og:image\" content=\"https:\/\/www.meydan.tv\/wp-content\/uploads\/image_from_ios_10_t6fgcxo-scaled-e1664353406977.jpg\" \/>\n\t<meta property=\"og:image:width\" content=\"2560\" \/>\n\t<meta property=\"og:image:height\" content=\"1523\" \/>\n\t<meta property=\"og:image:type\" content=\"image\/jpeg\" \/>\n<meta name=\"twitter:card\" content=\"summary_large_image\" \/>\n<!-- \/ Yoast SEO plugin. -->","yoast_head_json":{"title":"Sabiq d\u00f6vl\u0259t m\u0259murunun h\u0259bsxanada \u00f6ld\u00fcy\u00fc bildirilir - MEYDAN.TV","robots":{"index":"index","follow":"follow","max-snippet":"max-snippet:-1","max-image-preview":"max-image-preview:large","max-video-preview":"max-video-preview:-1"},"canonical":"https:\/\/www.meydan.tv\/az\/article\/sabiq-dovl%c9%99t-m%c9%99murunun-h%c9%99bsxanada-olduyu-bildirilir\/","og_locale":"az_AZ","og_type":"article","og_title":"Sabiq d\u00f6vl\u0259t m\u0259murunun h\u0259bsxanada \u00f6ld\u00fcy\u00fc bildirilir - MEYDAN.TV","og_description":"\u0130lkin m\u0259lumata \u0259sas\u0259n, 38 ya\u015fl\u0131 sabiq v\u0259zif\u0259li \u015f\u0259xsin \u00f6l\u00fcm\u00fcn\u0259 s\u0259b\u0259b ... Davam\u0131","og_url":"https:\/\/www.meydan.tv\/az\/article\/sabiq-dovl%c9%99t-m%c9%99murunun-h%c9%99bsxanada-olduyu-bildirilir\/","og_site_name":"MEYDAN.TV","article_published_time":"2025-05-16T10:45:03+00:00","article_modified_time":"2025-05-16T10:47:33+00:00","og_image":[{"width":2560,"height":1523,"url":"https:\/\/www.meydan.tv\/wp-content\/uploads\/image_from_ios_10_t6fgcxo-scaled-e1664353406977.jpg","type":"image\/jpeg"}],"twitter_card":"summary_large_image","schema":{"@context":"https:\/\/schema.org","@graph":[{"@type":"Article","@id":"https:\/\/www.meydan.tv\/az\/article\/sabiq-dovl%c9%99t-m%c9%99murunun-h%c9%99bsxanada-olduyu-bildirilir\/#article","isPartOf":{"@id":"https:\/\/www.meydan.tv\/az\/article\/sabiq-dovl%c9%99t-m%c9%99murunun-h%c9%99bsxanada-olduyu-bildirilir\/"},"author":{"name":"mahmud","@id":"https:\/\/www.meydan.tv\/az\/#\/schema\/person\/09863e516102a829e72bedcf3f84c6b0"},"headline":"Sabiq d\u00f6vl\u0259t m\u0259murunun h\u0259bsxanada \u00f6ld\u00fcy\u00fc bildirilir","datePublished":"2025-05-16T10:45:03+00:00","dateModified":"2025-05-16T10:47:33+00:00","mainEntityOfPage":{"@id":"https:\/\/www.meydan.tv\/az\/article\/sabiq-dovl%c9%99t-m%c9%99murunun-h%c9%99bsxanada-olduyu-bildirilir\/"},"wordCount":333,"publisher":{"@id":"https:\/\/www.meydan.tv\/az\/#organization"},"image":{"@id":"https:\/\/www.meydan.tv\/az\/article\/sabiq-dovl%c9%99t-m%c9%99murunun-h%c9%99bsxanada-olduyu-bildirilir\/#primaryimage"},"thumbnailUrl":"https:\/\/www.meydan.tv\/wp-content\/uploads\/image_from_ios_10_t6fgcxo-scaled-e1664353406977.jpg","articleSection":["Sosial","T\u00f6vsiy\u0259","X\u0259b\u0259rl\u0259r"],"inLanguage":"az"},{"@type":"WebPage","@id":"https:\/\/www.meydan.tv\/az\/article\/sabiq-dovl%c9%99t-m%c9%99murunun-h%c9%99bsxanada-olduyu-bildirilir\/","url":"https:\/\/www.meydan.tv\/az\/article\/sabiq-dovl%c9%99t-m%c9%99murunun-h%c9%99bsxanada-olduyu-bildirilir\/","name":"Sabiq d\u00f6vl\u0259t m\u0259murunun h\u0259bsxanada \u00f6ld\u00fcy\u00fc bildirilir - MEYDAN.TV","isPartOf":{"@id":"https:\/\/www.meydan.tv\/az\/#website"},"primaryImageOfPage":{"@id":"https:\/\/www.meydan.tv\/az\/article\/sabiq-dovl%c9%99t-m%c9%99murunun-h%c9%99bsxanada-olduyu-bildirilir\/#primaryimage"},"image":{"@id":"https:\/\/www.meydan.tv\/az\/article\/sabiq-dovl%c9%99t-m%c9%99murunun-h%c9%99bsxanada-olduyu-bildirilir\/#primaryimage"},"thumbnailUrl":"https:\/\/www.meydan.tv\/wp-content\/uploads\/image_from_ios_10_t6fgcxo-scaled-e1664353406977.jpg","datePublished":"2025-05-16T10:45:03+00:00","dateModified":"2025-05-16T10:47:33+00:00","breadcrumb":{"@id":"https:\/\/www.meydan.tv\/az\/article\/sabiq-dovl%c9%99t-m%c9%99murunun-h%c9%99bsxanada-olduyu-bildirilir\/#breadcrumb"},"inLanguage":"az","potentialAction":[{"@type":"ReadAction","target":["https:\/\/www.meydan.tv\/az\/article\/sabiq-dovl%c9%99t-m%c9%99murunun-h%c9%99bsxanada-olduyu-bildirilir\/"]}]},{"@type":"ImageObject","inLanguage":"az","@id":"https:\/\/www.meydan.tv\/az\/article\/sabiq-dovl%c9%99t-m%c9%99murunun-h%c9%99bsxanada-olduyu-bildirilir\/#primaryimage","url":"https:\/\/www.meydan.tv\/wp-content\/uploads\/image_from_ios_10_t6fgcxo-scaled-e1664353406977.jpg","contentUrl":"https:\/\/www.meydan.tv\/wp-content\/uploads\/image_from_ios_10_t6fgcxo-scaled-e1664353406977.jpg","width":2560,"height":1523,"caption":"\u0130ll\u00fcstrasiya: Meydan TV"},{"@type":"BreadcrumbList","@id":"https:\/\/www.meydan.tv\/az\/article\/sabiq-dovl%c9%99t-m%c9%99murunun-h%c9%99bsxanada-olduyu-bildirilir\/#breadcrumb","itemListElement":[{"@type":"ListItem","position":1,"name":"Ana s\u0259hif\u0259","item":"https:\/\/www.meydan.tv\/az\/"},{"@type":"ListItem","position":2,"name":"Sosial","item":"https:\/\/www.meydan.tv\/az\/section\/sosial\/"},{"@type":"ListItem","position":3,"name":"Sabiq d\u00f6vl\u0259t m\u0259murunun h\u0259bsxanada \u00f6ld\u00fcy\u00fc bildirilir"}]},{"@type":"WebSite","@id":"https:\/\/www.meydan.tv\/az\/#website","url":"https:\/\/www.meydan.tv\/az\/","name":"MEYDAN.TV","description":"Meydan TV Az\u0259rbaycan\u0131n media m\u0259kan\u0131ndak\u0131 alternativ s\u0259sidir","publisher":{"@id":"https:\/\/www.meydan.tv\/az\/#organization"},"potentialAction":[{"@type":"SearchAction","target":{"@type":"EntryPoint","urlTemplate":"https:\/\/www.meydan.tv\/az\/?s={search_term_string}"},"query-input":{"@type":"PropertyValueSpecification","valueRequired":true,"valueName":"search_term_string"}}],"inLanguage":"az"},{"@type":"Organization","@id":"https:\/\/www.meydan.tv\/az\/#organization","name":"Meydan TV","url":"https:\/\/www.meydan.tv\/az\/","logo":{"@type":"ImageObject","inLanguage":"az","@id":"https:\/\/www.meydan.tv\/az\/#\/schema\/logo\/image\/","url":"https:\/\/www.meydan.tv\/wp-content\/uploads\/2021\/07\/meydan-logo.svg","contentUrl":"https:\/\/www.meydan.tv\/wp-content\/uploads\/2021\/07\/meydan-logo.svg","width":195,"height":46,"caption":"Meydan TV"},"image":{"@id":"https:\/\/www.meydan.tv\/az\/#\/schema\/logo\/image\/"}},{"@type":"Person","@id":"https:\/\/www.meydan.tv\/az\/#\/schema\/person\/09863e516102a829e72bedcf3f84c6b0","name":"mahmud"}]}},"_links":{"self":[{"href":"https:\/\/www.meydan.tv\/az\/wp-json\/wp\/v2\/posts\/330430","targetHints":{"allow":["GET"]}}],"collection":[{"href":"https:\/\/www.meydan.tv\/az\/wp-json\/wp\/v2\/posts"}],"about":[{"href":"https:\/\/www.meydan.tv\/az\/wp-json\/wp\/v2\/types\/post"}],"author":[{"embeddable":true,"href":"https:\/\/www.meydan.tv\/az\/wp-json\/wp\/v2\/users\/21"}],"replies":[{"embeddable":true,"href":"https:\/\/www.meydan.tv\/az\/wp-json\/wp\/v2\/comments?post=330430"}],"version-history":[{"count":5,"href":"https:\/\/www.meydan.tv\/az\/wp-json\/wp\/v2\/posts\/330430\/revisions"}],"predecessor-version":[{"id":330439,"href":"https:\/\/www.meydan.tv\/az\/wp-json\/wp\/v2\/posts\/330430\/revisions\/330439"}],"wp:featuredmedia":[{"embeddable":true,"href":"https:\/\/www.meydan.tv\/az\/wp-json\/wp\/v2\/media\/211098"}],"wp:attachment":[{"href":"https:\/\/www.meydan.tv\/az\/wp-json\/wp\/v2\/media?parent=330430"}],"wp:term":[{"taxonomy":"category","embeddable":true,"href":"https:\/\/www.meydan.tv\/az\/wp-json\/wp\/v2\/categories?post=330430"},{"taxonomy":"post_tag","embeddable":true,"href":"https:\/\/www.meydan.tv\/az\/wp-json\/wp\/v2\/tags?post=330430"}],"curies":[{"name":"wp","href":"https:\/\/api.w.org\/{rel}","templated":true}]}}