{"id":330428,"date":"2025-05-16T14:35:24","date_gmt":"2025-05-16T10:35:24","guid":{"rendered":"https:\/\/www.meydan.tv\/?p=330428"},"modified":"2025-05-16T14:35:27","modified_gmt":"2025-05-16T10:35:27","slug":"human-rights-watch-q%c9%99zzada-acliqla-bagli-beyn%c9%99lxalq-ictimaiyy%c9%99t%c9%99-muraci%c9%99t-edib","status":"publish","type":"post","link":"https:\/\/www.meydan.tv\/az\/article\/human-rights-watch-q%c9%99zzada-acliqla-bagli-beyn%c9%99lxalq-ictimaiyy%c9%99t%c9%99-muraci%c9%99t-edib\/","title":{"rendered":"\u201cHuman Rights Watch\u201d Q\u0259zzada acl\u0131qla ba\u011fl\u0131 beyn\u0259lxalq ictimaiyy\u0259t\u0259 m\u00fcraci\u0259t edib"},"content":{"rendered":"\n<p><strong><em>&#8220;\u0130srailin Q\u0259zzaya qar\u015f\u0131 blokadas\u0131 \u201cyox etm\u0259 vasit\u0259sin\u0259&#8221; \u00e7evrilib&#8221;<\/em><\/strong><\/p>\n\n\n\n<p>\u201cHuman Rights Watch\u201d (HRW) Beyn\u0259lxalq \u0130nsan H\u00fcquqlar\u0131 T\u0259\u015fkilat\u0131 <a href=\"https:\/\/www.middleeasteye.net\/news\/human-rights-watch-says-israels-blockade-gaza-tool-extermination-0\" target=\"_blank\" rel=\"noreferrer noopener\">bildirib<\/a> ki, \u0130srailin Q\u0259zza zola\u011f\u0131na qar\u015f\u0131 8 h\u0259ft\u0259dir t\u0259tbiq etdiyi \u0259rzaq, su v\u0259 humanitar yard\u0131m blokadas\u0131 art\u0131q \u201cyox etm\u0259 vasit\u0259sin\u0259\u201d \u00e7evrilib.<\/p>\n\n\n\n<p>T\u0259\u015fkilat\u0131n m\u00fcv\u0259qq\u0259ti icra\u00e7\u0131 direktoru Federiko Borello may\u0131n 9-da verdiyi a\u00e7\u0131qlamada &nbsp;bel\u0259 deyib.<\/p>\n\n\n\n<p><em>\u201c\u0130srailli r\u0259smil\u0259rin Q\u0259zzan\u0131n iki milyon insan\u0131n\u0131 daha ki\u00e7ik bir \u0259raziy\u0259 s\u0131x\u0131\u015fd\u0131rmaq, qalan \u0259razil\u0259ri is\u0259 ya\u015fanmaz hala g\u0259tirm\u0259k planlar\u0131 bar\u0259d\u0259 a\u00e7\u0131q b\u0259yanatlar\u0131na London, Br\u00fcssel, Paris v\u0259 Va\u015finqtonda be\u015finci d\u0259r\u0259c\u0259li yan\u011f\u0131n siqnal\u0131 kimi yana\u015f\u0131lmal\u0131d\u0131r\u201d.<\/em><\/p>\n\n\n\n<p>Borello \u0259lav\u0259 edib ki, \u0130srailin blokadas\u0131 art\u0131q h\u0259rbi taktika \u00e7\u0259r\u00e7iv\u0259sini ke\u00e7ib v\u0259 m\u0259hv etm\u0259 vasit\u0259sin\u0259 \u00e7evrilib.<\/p>\n\n\n\n<p>HRW eyni zamanda \u0130srailin Q\u0259zzadak\u0131 m\u00fclki infrastrukturu da\u011f\u0131tmaq v\u0259 f\u0259l\u0259stinlil\u0259ri \u00e7ox ki\u00e7ik bir \u0259raziy\u0259 s\u0131x\u0131\u015fd\u0131rmaq planlar\u0131n\u0131 \u201cetnik t\u0259mizl\u0259m\u0259, soyq\u0131r\u0131m\u0131 v\u0259 insanl\u0131\u011fa qar\u015f\u0131 cinay\u0259tl\u0259rin iyr\u0259nc bir m\u0259rh\u0259l\u0259si\u201d kimi d\u0259y\u0259rl\u0259ndirib.<\/p>\n\n\n\n<p>T\u0259\u015fkilat Soyq\u0131r\u0131m Konvensiyas\u0131n\u0131 imzalam\u0131\u015f 153 \u00f6lk\u0259nin m\u0259suliyy\u0259t da\u015f\u0131d\u0131\u011f\u0131n\u0131, lakin t\u0259dbir g\u00f6rm\u0259dikl\u0259rini qeyd edib.<\/p>\n\n\n\n<p>HRW beyn\u0259lxalq ictimaiyy\u0259ti daha s\u0259rt add\u0131mlar atma\u011fa \u00e7a\u011f\u0131raraq, x\u00fcsusil\u0259 AB\u015e, Fransa, Almaniya, Avropa \u0130ttifaq\u0131 v\u0259 B\u00f6y\u00fck Britaniyan\u0131 h\u0259d\u0259f g\u00f6st\u0259rib. T\u0259\u015fkilat bu \u00f6lk\u0259l\u0259ri \u0130srail\u0259 silah sat\u0131\u015f\u0131n\u0131, h\u0259rbi yard\u0131mlar\u0131 v\u0259 diplomatik d\u0259st\u0259yi dayand\u0131rma\u011fa, sanksiyalar t\u0259tbiq etm\u0259y\u0259 v\u0259 ikit\u0259r\u0259fli sazi\u015fl\u0259ri yenid\u0259n n\u0259z\u0259rd\u0259n ke\u00e7irm\u0259y\u0259 \u00e7a\u011f\u0131r\u0131b.<\/p>\n\n\n\n<p>Birl\u0259\u015fmi\u015f Mill\u0259tl\u0259r T\u0259\u015fkilat\u0131 x\u0259b\u0259rdarl\u0131q edib ki, Q\u0259zza m\u00fcharib\u0259nin ba\u015flamas\u0131ndan sonra \u0259n pis humanitar b\u00f6hranla \u00fczl\u0259\u015fib.<\/p>\n\n\n\n<p>\u00dcmumd\u00fcnya S\u0259hiyy\u0259 T\u0259\u015fkilat\u0131 may\u0131n 11-d\u0259 Q\u0259zza S\u0259hiyy\u0259 Nazirliyinin blokadan\u0131n ba\u015flamas\u0131ndan bu yana Q\u0259zzada \u0259n az\u0131 57 u\u015fa\u011f\u0131n qida \u00e7at\u0131\u015fmazl\u0131\u011f\u0131ndan \u00f6ld\u00fcy\u00fc bar\u0259d\u0259 hesabat\u0131na istinad\u0259n Q\u0259zzan\u0131n \u201cd\u00fcnyan\u0131n \u0259n pis acl\u0131q b\u00f6hranlar\u0131ndan birini ya\u015fad\u0131\u011f\u0131n\u0131\u201d bildirib.<\/p>\n\n\n\n<p>Aprelin ortalar\u0131nda \u0130srailin m\u00fcdafi\u0259 naziri \u0130srael Katz \u201cHe\u00e7 bir humanitar yard\u0131m\u0131n Q\u0259zzaya girm\u0259y\u0259c\u0259yini\u201d, Milli T\u0259hl\u00fck\u0259sizlik Naziri \u0130tamar Ben-Qvir is\u0259 \u201cisrailli girovlar\u0131n tunell\u0259rd\u0259 \u00f6ld\u00fcy\u00fc m\u00fcdd\u0259tc\u0259\u201d \u201cbir qram da qida v\u0259 ya yard\u0131ma icaz\u0259 verilm\u0259y\u0259c\u0259yini\u201d s\u00f6yl\u0259yib.<\/p>\n\n\n\n<p>\u0130srail h\u00f6kum\u0259tinin m\u0259lumat\u0131na g\u00f6r\u0259, Q\u0259zzada 58 israilli \u0259sir saxlan\u0131l\u0131r, onlardan 23-n\u00fcn sa\u011f oldu\u011fu g\u00fcman edilir.<\/p>\n","protected":false},"excerpt":{"rendered":"<p>&#8220;\u0130srailin Q\u0259zzaya qar\u015f\u0131 blokadas\u0131 \u201cyox etm\u0259 vasit\u0259sin\u0259&#8221; \u00e7evrilib&#8221; \u201cHuman Rights &#8230; <\/p>\n<p class=\"read-more-container\"><a title=\"\u201cHuman Rights Watch\u201d Q\u0259zzada acl\u0131qla ba\u011fl\u0131 beyn\u0259lxalq ictimaiyy\u0259t\u0259 m\u00fcraci\u0259t edib\" class=\"read-more button\" href=\"https:\/\/www.meydan.tv\/az\/article\/human-rights-watch-q%c9%99zzada-acliqla-bagli-beyn%c9%99lxalq-ictimaiyy%c9%99t%c9%99-muraci%c9%99t-edib\/#more-330428\" aria-label=\"Read more about \u201cHuman Rights Watch\u201d Q\u0259zzada acl\u0131qla ba\u011fl\u0131 beyn\u0259lxalq ictimaiyy\u0259t\u0259 m\u00fcraci\u0259t edib\">Davam\u0131<\/a><\/p>\n","protected":false},"author":21,"featured_media":311563,"comment_status":"closed","ping_status":"closed","sticky":false,"template":"","format":"standard","meta":{"_acf_changed":false,"_sitemap_exclude":false,"_sitemap_priority":"","_sitemap_frequency":"","footnotes":""},"categories":[64,56],"tags":[],"class_list":["post-330428","post","type-post","status-publish","format-standard","has-post-thumbnail","hentry","category-dunya","category-xeberler","infinite-scroll-item","generate-columns","tablet-grid-50","mobile-grid-100","grid-parent","grid-33","no-featured-image-padding"],"acf":[],"yoast_head":"<!-- This site is optimized with the Yoast SEO plugin v27.5 - https:\/\/yoast.com\/product\/yoast-seo-wordpress\/ -->\n<title>\u201cHuman Rights Watch\u201d Q\u0259zzada acl\u0131qla ba\u011fl\u0131 beyn\u0259lxalq ictimaiyy\u0259t\u0259 m\u00fcraci\u0259t edib - MEYDAN.TV<\/title>\n<meta name=\"robots\" content=\"index, follow, max-snippet:-1, max-image-preview:large, max-video-preview:-1\" \/>\n<link rel=\"canonical\" href=\"https:\/\/www.meydan.tv\/az\/article\/human-rights-watch-q%c9%99zzada-acliqla-bagli-beyn%c9%99lxalq-ictimaiyy%c9%99t%c9%99-muraci%c9%99t-edib\/\" \/>\n<meta property=\"og:locale\" content=\"az_AZ\" \/>\n<meta property=\"og:type\" content=\"article\" \/>\n<meta property=\"og:title\" content=\"\u201cHuman Rights Watch\u201d Q\u0259zzada acl\u0131qla ba\u011fl\u0131 beyn\u0259lxalq ictimaiyy\u0259t\u0259 m\u00fcraci\u0259t edib - MEYDAN.TV\" \/>\n<meta property=\"og:description\" content=\"&#8220;\u0130srailin Q\u0259zzaya qar\u015f\u0131 blokadas\u0131 \u201cyox etm\u0259 vasit\u0259sin\u0259&#8221; \u00e7evrilib&#8221; \u201cHuman Rights ... Davam\u0131\" \/>\n<meta property=\"og:url\" content=\"https:\/\/www.meydan.tv\/az\/article\/human-rights-watch-q%c9%99zzada-acliqla-bagli-beyn%c9%99lxalq-ictimaiyy%c9%99t%c9%99-muraci%c9%99t-edib\/\" \/>\n<meta property=\"og:site_name\" content=\"MEYDAN.TV\" \/>\n<meta property=\"article:published_time\" content=\"2025-05-16T10:35:24+00:00\" \/>\n<meta property=\"article:modified_time\" content=\"2025-05-16T10:35:27+00:00\" \/>\n<meta property=\"og:image\" content=\"https:\/\/www.meydan.tv\/wp-content\/uploads\/https___cloudfront-us-east-2.images.arcpublishing.com_reuters_f2u6a3om2vmvzk2kvyb4eidsza.jpg\" \/>\n\t<meta property=\"og:image:width\" content=\"1200\" \/>\n\t<meta property=\"og:image:height\" content=\"800\" \/>\n\t<meta property=\"og:image:type\" content=\"image\/jpeg\" \/>\n<meta name=\"author\" content=\"mahmud\" \/>\n<meta name=\"twitter:card\" content=\"summary_large_image\" \/>\n<script type=\"application\/ld+json\" class=\"yoast-schema-graph\">{\"@context\":\"https:\\\/\\\/schema.org\",\"@graph\":[{\"@type\":\"Article\",\"@id\":\"https:\\\/\\\/www.meydan.tv\\\/az\\\/article\\\/human-rights-watch-q%c9%99zzada-acliqla-bagli-beyn%c9%99lxalq-ictimaiyy%c9%99t%c9%99-muraci%c9%99t-edib\\\/#article\",\"isPartOf\":{\"@id\":\"https:\\\/\\\/www.meydan.tv\\\/az\\\/article\\\/human-rights-watch-q%c9%99zzada-acliqla-bagli-beyn%c9%99lxalq-ictimaiyy%c9%99t%c9%99-muraci%c9%99t-edib\\\/\"},\"author\":{\"name\":\"mahmud\",\"@id\":\"https:\\\/\\\/www.meydan.tv\\\/az\\\/#\\\/schema\\\/person\\\/09863e516102a829e72bedcf3f84c6b0\"},\"headline\":\"\u201cHuman Rights Watch\u201d Q\u0259zzada acl\u0131qla ba\u011fl\u0131 beyn\u0259lxalq ictimaiyy\u0259t\u0259 m\u00fcraci\u0259t edib\",\"datePublished\":\"2025-05-16T10:35:24+00:00\",\"dateModified\":\"2025-05-16T10:35:27+00:00\",\"mainEntityOfPage\":{\"@id\":\"https:\\\/\\\/www.meydan.tv\\\/az\\\/article\\\/human-rights-watch-q%c9%99zzada-acliqla-bagli-beyn%c9%99lxalq-ictimaiyy%c9%99t%c9%99-muraci%c9%99t-edib\\\/\"},\"wordCount\":492,\"publisher\":{\"@id\":\"https:\\\/\\\/www.meydan.tv\\\/az\\\/#organization\"},\"image\":{\"@id\":\"https:\\\/\\\/www.meydan.tv\\\/az\\\/article\\\/human-rights-watch-q%c9%99zzada-acliqla-bagli-beyn%c9%99lxalq-ictimaiyy%c9%99t%c9%99-muraci%c9%99t-edib\\\/#primaryimage\"},\"thumbnailUrl\":\"https:\\\/\\\/www.meydan.tv\\\/wp-content\\\/uploads\\\/https___cloudfront-us-east-2.images.arcpublishing.com_reuters_f2u6a3om2vmvzk2kvyb4eidsza.jpg\",\"articleSection\":[\"D\u00fcnya\",\"X\u0259b\u0259rl\u0259r\"],\"inLanguage\":\"az\"},{\"@type\":\"WebPage\",\"@id\":\"https:\\\/\\\/www.meydan.tv\\\/az\\\/article\\\/human-rights-watch-q%c9%99zzada-acliqla-bagli-beyn%c9%99lxalq-ictimaiyy%c9%99t%c9%99-muraci%c9%99t-edib\\\/\",\"url\":\"https:\\\/\\\/www.meydan.tv\\\/az\\\/article\\\/human-rights-watch-q%c9%99zzada-acliqla-bagli-beyn%c9%99lxalq-ictimaiyy%c9%99t%c9%99-muraci%c9%99t-edib\\\/\",\"name\":\"\u201cHuman Rights Watch\u201d Q\u0259zzada acl\u0131qla ba\u011fl\u0131 beyn\u0259lxalq ictimaiyy\u0259t\u0259 m\u00fcraci\u0259t edib - MEYDAN.TV\",\"isPartOf\":{\"@id\":\"https:\\\/\\\/www.meydan.tv\\\/az\\\/#website\"},\"primaryImageOfPage\":{\"@id\":\"https:\\\/\\\/www.meydan.tv\\\/az\\\/article\\\/human-rights-watch-q%c9%99zzada-acliqla-bagli-beyn%c9%99lxalq-ictimaiyy%c9%99t%c9%99-muraci%c9%99t-edib\\\/#primaryimage\"},\"image\":{\"@id\":\"https:\\\/\\\/www.meydan.tv\\\/az\\\/article\\\/human-rights-watch-q%c9%99zzada-acliqla-bagli-beyn%c9%99lxalq-ictimaiyy%c9%99t%c9%99-muraci%c9%99t-edib\\\/#primaryimage\"},\"thumbnailUrl\":\"https:\\\/\\\/www.meydan.tv\\\/wp-content\\\/uploads\\\/https___cloudfront-us-east-2.images.arcpublishing.com_reuters_f2u6a3om2vmvzk2kvyb4eidsza.jpg\",\"datePublished\":\"2025-05-16T10:35:24+00:00\",\"dateModified\":\"2025-05-16T10:35:27+00:00\",\"breadcrumb\":{\"@id\":\"https:\\\/\\\/www.meydan.tv\\\/az\\\/article\\\/human-rights-watch-q%c9%99zzada-acliqla-bagli-beyn%c9%99lxalq-ictimaiyy%c9%99t%c9%99-muraci%c9%99t-edib\\\/#breadcrumb\"},\"inLanguage\":\"az\",\"potentialAction\":[{\"@type\":\"ReadAction\",\"target\":[\"https:\\\/\\\/www.meydan.tv\\\/az\\\/article\\\/human-rights-watch-q%c9%99zzada-acliqla-bagli-beyn%c9%99lxalq-ictimaiyy%c9%99t%c9%99-muraci%c9%99t-edib\\\/\"]}]},{\"@type\":\"ImageObject\",\"inLanguage\":\"az\",\"@id\":\"https:\\\/\\\/www.meydan.tv\\\/az\\\/article\\\/human-rights-watch-q%c9%99zzada-acliqla-bagli-beyn%c9%99lxalq-ictimaiyy%c9%99t%c9%99-muraci%c9%99t-edib\\\/#primaryimage\",\"url\":\"https:\\\/\\\/www.meydan.tv\\\/wp-content\\\/uploads\\\/https___cloudfront-us-east-2.images.arcpublishing.com_reuters_f2u6a3om2vmvzk2kvyb4eidsza.jpg\",\"contentUrl\":\"https:\\\/\\\/www.meydan.tv\\\/wp-content\\\/uploads\\\/https___cloudfront-us-east-2.images.arcpublishing.com_reuters_f2u6a3om2vmvzk2kvyb4eidsza.jpg\",\"width\":1200,\"height\":800,\"caption\":\"Q\u0259zza. Foto: Reuters\"},{\"@type\":\"BreadcrumbList\",\"@id\":\"https:\\\/\\\/www.meydan.tv\\\/az\\\/article\\\/human-rights-watch-q%c9%99zzada-acliqla-bagli-beyn%c9%99lxalq-ictimaiyy%c9%99t%c9%99-muraci%c9%99t-edib\\\/#breadcrumb\",\"itemListElement\":[{\"@type\":\"ListItem\",\"position\":1,\"name\":\"Ana s\u0259hif\u0259\",\"item\":\"https:\\\/\\\/www.meydan.tv\\\/az\\\/\"},{\"@type\":\"ListItem\",\"position\":2,\"name\":\"D\u00fcnya\",\"item\":\"https:\\\/\\\/www.meydan.tv\\\/az\\\/section\\\/dunya\\\/\"},{\"@type\":\"ListItem\",\"position\":3,\"name\":\"\u201cHuman Rights Watch\u201d Q\u0259zzada acl\u0131qla ba\u011fl\u0131 beyn\u0259lxalq ictimaiyy\u0259t\u0259 m\u00fcraci\u0259t edib\"}]},{\"@type\":\"WebSite\",\"@id\":\"https:\\\/\\\/www.meydan.tv\\\/az\\\/#website\",\"url\":\"https:\\\/\\\/www.meydan.tv\\\/az\\\/\",\"name\":\"MEYDAN.TV\",\"description\":\"Meydan TV Az\u0259rbaycan\u0131n media m\u0259kan\u0131ndak\u0131 alternativ s\u0259sidir\",\"publisher\":{\"@id\":\"https:\\\/\\\/www.meydan.tv\\\/az\\\/#organization\"},\"potentialAction\":[{\"@type\":\"SearchAction\",\"target\":{\"@type\":\"EntryPoint\",\"urlTemplate\":\"https:\\\/\\\/www.meydan.tv\\\/az\\\/?s={search_term_string}\"},\"query-input\":{\"@type\":\"PropertyValueSpecification\",\"valueRequired\":true,\"valueName\":\"search_term_string\"}}],\"inLanguage\":\"az\"},{\"@type\":\"Organization\",\"@id\":\"https:\\\/\\\/www.meydan.tv\\\/az\\\/#organization\",\"name\":\"Meydan TV\",\"url\":\"https:\\\/\\\/www.meydan.tv\\\/az\\\/\",\"logo\":{\"@type\":\"ImageObject\",\"inLanguage\":\"az\",\"@id\":\"https:\\\/\\\/www.meydan.tv\\\/az\\\/#\\\/schema\\\/logo\\\/image\\\/\",\"url\":\"https:\\\/\\\/www.meydan.tv\\\/wp-content\\\/uploads\\\/2021\\\/07\\\/meydan-logo.svg\",\"contentUrl\":\"https:\\\/\\\/www.meydan.tv\\\/wp-content\\\/uploads\\\/2021\\\/07\\\/meydan-logo.svg\",\"width\":195,\"height\":46,\"caption\":\"Meydan TV\"},\"image\":{\"@id\":\"https:\\\/\\\/www.meydan.tv\\\/az\\\/#\\\/schema\\\/logo\\\/image\\\/\"}},{\"@type\":\"Person\",\"@id\":\"https:\\\/\\\/www.meydan.tv\\\/az\\\/#\\\/schema\\\/person\\\/09863e516102a829e72bedcf3f84c6b0\",\"name\":\"mahmud\"}]}<\/script>\n<!-- \/ Yoast SEO plugin. -->","yoast_head_json":{"title":"\u201cHuman Rights Watch\u201d Q\u0259zzada acl\u0131qla ba\u011fl\u0131 beyn\u0259lxalq ictimaiyy\u0259t\u0259 m\u00fcraci\u0259t edib - MEYDAN.TV","robots":{"index":"index","follow":"follow","max-snippet":"max-snippet:-1","max-image-preview":"max-image-preview:large","max-video-preview":"max-video-preview:-1"},"canonical":"https:\/\/www.meydan.tv\/az\/article\/human-rights-watch-q%c9%99zzada-acliqla-bagli-beyn%c9%99lxalq-ictimaiyy%c9%99t%c9%99-muraci%c9%99t-edib\/","og_locale":"az_AZ","og_type":"article","og_title":"\u201cHuman Rights Watch\u201d Q\u0259zzada acl\u0131qla ba\u011fl\u0131 beyn\u0259lxalq ictimaiyy\u0259t\u0259 m\u00fcraci\u0259t edib - MEYDAN.TV","og_description":"&#8220;\u0130srailin Q\u0259zzaya qar\u015f\u0131 blokadas\u0131 \u201cyox etm\u0259 vasit\u0259sin\u0259&#8221; \u00e7evrilib&#8221; \u201cHuman Rights ... Davam\u0131","og_url":"https:\/\/www.meydan.tv\/az\/article\/human-rights-watch-q%c9%99zzada-acliqla-bagli-beyn%c9%99lxalq-ictimaiyy%c9%99t%c9%99-muraci%c9%99t-edib\/","og_site_name":"MEYDAN.TV","article_published_time":"2025-05-16T10:35:24+00:00","article_modified_time":"2025-05-16T10:35:27+00:00","og_image":[{"width":1200,"height":800,"url":"https:\/\/www.meydan.tv\/wp-content\/uploads\/https___cloudfront-us-east-2.images.arcpublishing.com_reuters_f2u6a3om2vmvzk2kvyb4eidsza.jpg","type":"image\/jpeg"}],"author":"mahmud","twitter_card":"summary_large_image","schema":{"@context":"https:\/\/schema.org","@graph":[{"@type":"Article","@id":"https:\/\/www.meydan.tv\/az\/article\/human-rights-watch-q%c9%99zzada-acliqla-bagli-beyn%c9%99lxalq-ictimaiyy%c9%99t%c9%99-muraci%c9%99t-edib\/#article","isPartOf":{"@id":"https:\/\/www.meydan.tv\/az\/article\/human-rights-watch-q%c9%99zzada-acliqla-bagli-beyn%c9%99lxalq-ictimaiyy%c9%99t%c9%99-muraci%c9%99t-edib\/"},"author":{"name":"mahmud","@id":"https:\/\/www.meydan.tv\/az\/#\/schema\/person\/09863e516102a829e72bedcf3f84c6b0"},"headline":"\u201cHuman Rights Watch\u201d Q\u0259zzada acl\u0131qla ba\u011fl\u0131 beyn\u0259lxalq ictimaiyy\u0259t\u0259 m\u00fcraci\u0259t edib","datePublished":"2025-05-16T10:35:24+00:00","dateModified":"2025-05-16T10:35:27+00:00","mainEntityOfPage":{"@id":"https:\/\/www.meydan.tv\/az\/article\/human-rights-watch-q%c9%99zzada-acliqla-bagli-beyn%c9%99lxalq-ictimaiyy%c9%99t%c9%99-muraci%c9%99t-edib\/"},"wordCount":492,"publisher":{"@id":"https:\/\/www.meydan.tv\/az\/#organization"},"image":{"@id":"https:\/\/www.meydan.tv\/az\/article\/human-rights-watch-q%c9%99zzada-acliqla-bagli-beyn%c9%99lxalq-ictimaiyy%c9%99t%c9%99-muraci%c9%99t-edib\/#primaryimage"},"thumbnailUrl":"https:\/\/www.meydan.tv\/wp-content\/uploads\/https___cloudfront-us-east-2.images.arcpublishing.com_reuters_f2u6a3om2vmvzk2kvyb4eidsza.jpg","articleSection":["D\u00fcnya","X\u0259b\u0259rl\u0259r"],"inLanguage":"az"},{"@type":"WebPage","@id":"https:\/\/www.meydan.tv\/az\/article\/human-rights-watch-q%c9%99zzada-acliqla-bagli-beyn%c9%99lxalq-ictimaiyy%c9%99t%c9%99-muraci%c9%99t-edib\/","url":"https:\/\/www.meydan.tv\/az\/article\/human-rights-watch-q%c9%99zzada-acliqla-bagli-beyn%c9%99lxalq-ictimaiyy%c9%99t%c9%99-muraci%c9%99t-edib\/","name":"\u201cHuman Rights Watch\u201d Q\u0259zzada acl\u0131qla ba\u011fl\u0131 beyn\u0259lxalq ictimaiyy\u0259t\u0259 m\u00fcraci\u0259t edib - MEYDAN.TV","isPartOf":{"@id":"https:\/\/www.meydan.tv\/az\/#website"},"primaryImageOfPage":{"@id":"https:\/\/www.meydan.tv\/az\/article\/human-rights-watch-q%c9%99zzada-acliqla-bagli-beyn%c9%99lxalq-ictimaiyy%c9%99t%c9%99-muraci%c9%99t-edib\/#primaryimage"},"image":{"@id":"https:\/\/www.meydan.tv\/az\/article\/human-rights-watch-q%c9%99zzada-acliqla-bagli-beyn%c9%99lxalq-ictimaiyy%c9%99t%c9%99-muraci%c9%99t-edib\/#primaryimage"},"thumbnailUrl":"https:\/\/www.meydan.tv\/wp-content\/uploads\/https___cloudfront-us-east-2.images.arcpublishing.com_reuters_f2u6a3om2vmvzk2kvyb4eidsza.jpg","datePublished":"2025-05-16T10:35:24+00:00","dateModified":"2025-05-16T10:35:27+00:00","breadcrumb":{"@id":"https:\/\/www.meydan.tv\/az\/article\/human-rights-watch-q%c9%99zzada-acliqla-bagli-beyn%c9%99lxalq-ictimaiyy%c9%99t%c9%99-muraci%c9%99t-edib\/#breadcrumb"},"inLanguage":"az","potentialAction":[{"@type":"ReadAction","target":["https:\/\/www.meydan.tv\/az\/article\/human-rights-watch-q%c9%99zzada-acliqla-bagli-beyn%c9%99lxalq-ictimaiyy%c9%99t%c9%99-muraci%c9%99t-edib\/"]}]},{"@type":"ImageObject","inLanguage":"az","@id":"https:\/\/www.meydan.tv\/az\/article\/human-rights-watch-q%c9%99zzada-acliqla-bagli-beyn%c9%99lxalq-ictimaiyy%c9%99t%c9%99-muraci%c9%99t-edib\/#primaryimage","url":"https:\/\/www.meydan.tv\/wp-content\/uploads\/https___cloudfront-us-east-2.images.arcpublishing.com_reuters_f2u6a3om2vmvzk2kvyb4eidsza.jpg","contentUrl":"https:\/\/www.meydan.tv\/wp-content\/uploads\/https___cloudfront-us-east-2.images.arcpublishing.com_reuters_f2u6a3om2vmvzk2kvyb4eidsza.jpg","width":1200,"height":800,"caption":"Q\u0259zza. Foto: Reuters"},{"@type":"BreadcrumbList","@id":"https:\/\/www.meydan.tv\/az\/article\/human-rights-watch-q%c9%99zzada-acliqla-bagli-beyn%c9%99lxalq-ictimaiyy%c9%99t%c9%99-muraci%c9%99t-edib\/#breadcrumb","itemListElement":[{"@type":"ListItem","position":1,"name":"Ana s\u0259hif\u0259","item":"https:\/\/www.meydan.tv\/az\/"},{"@type":"ListItem","position":2,"name":"D\u00fcnya","item":"https:\/\/www.meydan.tv\/az\/section\/dunya\/"},{"@type":"ListItem","position":3,"name":"\u201cHuman Rights Watch\u201d Q\u0259zzada acl\u0131qla ba\u011fl\u0131 beyn\u0259lxalq ictimaiyy\u0259t\u0259 m\u00fcraci\u0259t edib"}]},{"@type":"WebSite","@id":"https:\/\/www.meydan.tv\/az\/#website","url":"https:\/\/www.meydan.tv\/az\/","name":"MEYDAN.TV","description":"Meydan TV Az\u0259rbaycan\u0131n media m\u0259kan\u0131ndak\u0131 alternativ s\u0259sidir","publisher":{"@id":"https:\/\/www.meydan.tv\/az\/#organization"},"potentialAction":[{"@type":"SearchAction","target":{"@type":"EntryPoint","urlTemplate":"https:\/\/www.meydan.tv\/az\/?s={search_term_string}"},"query-input":{"@type":"PropertyValueSpecification","valueRequired":true,"valueName":"search_term_string"}}],"inLanguage":"az"},{"@type":"Organization","@id":"https:\/\/www.meydan.tv\/az\/#organization","name":"Meydan TV","url":"https:\/\/www.meydan.tv\/az\/","logo":{"@type":"ImageObject","inLanguage":"az","@id":"https:\/\/www.meydan.tv\/az\/#\/schema\/logo\/image\/","url":"https:\/\/www.meydan.tv\/wp-content\/uploads\/2021\/07\/meydan-logo.svg","contentUrl":"https:\/\/www.meydan.tv\/wp-content\/uploads\/2021\/07\/meydan-logo.svg","width":195,"height":46,"caption":"Meydan TV"},"image":{"@id":"https:\/\/www.meydan.tv\/az\/#\/schema\/logo\/image\/"}},{"@type":"Person","@id":"https:\/\/www.meydan.tv\/az\/#\/schema\/person\/09863e516102a829e72bedcf3f84c6b0","name":"mahmud"}]}},"_links":{"self":[{"href":"https:\/\/www.meydan.tv\/az\/wp-json\/wp\/v2\/posts\/330428","targetHints":{"allow":["GET"]}}],"collection":[{"href":"https:\/\/www.meydan.tv\/az\/wp-json\/wp\/v2\/posts"}],"about":[{"href":"https:\/\/www.meydan.tv\/az\/wp-json\/wp\/v2\/types\/post"}],"author":[{"embeddable":true,"href":"https:\/\/www.meydan.tv\/az\/wp-json\/wp\/v2\/users\/21"}],"replies":[{"embeddable":true,"href":"https:\/\/www.meydan.tv\/az\/wp-json\/wp\/v2\/comments?post=330428"}],"version-history":[{"count":3,"href":"https:\/\/www.meydan.tv\/az\/wp-json\/wp\/v2\/posts\/330428\/revisions"}],"predecessor-version":[{"id":330432,"href":"https:\/\/www.meydan.tv\/az\/wp-json\/wp\/v2\/posts\/330428\/revisions\/330432"}],"wp:featuredmedia":[{"embeddable":true,"href":"https:\/\/www.meydan.tv\/az\/wp-json\/wp\/v2\/media\/311563"}],"wp:attachment":[{"href":"https:\/\/www.meydan.tv\/az\/wp-json\/wp\/v2\/media?parent=330428"}],"wp:term":[{"taxonomy":"category","embeddable":true,"href":"https:\/\/www.meydan.tv\/az\/wp-json\/wp\/v2\/categories?post=330428"},{"taxonomy":"post_tag","embeddable":true,"href":"https:\/\/www.meydan.tv\/az\/wp-json\/wp\/v2\/tags?post=330428"}],"curies":[{"name":"wp","href":"https:\/\/api.w.org\/{rel}","templated":true}]}}