{"id":330340,"date":"2025-05-15T14:05:32","date_gmt":"2025-05-15T10:05:32","guid":{"rendered":"https:\/\/www.meydan.tv\/?p=330340"},"modified":"2025-05-15T14:05:34","modified_gmt":"2025-05-15T10:05:34","slug":"teymur-k%c9%99rimovun-c%c9%99zasi-1-il-azaldilib","status":"publish","type":"post","link":"https:\/\/www.meydan.tv\/az\/article\/teymur-k%c9%99rimovun-c%c9%99zasi-1-il-azaldilib\/","title":{"rendered":"Teymur K\u0259rimovun c\u0259zas\u0131 1 il azald\u0131l\u0131b"},"content":{"rendered":"\n<p><strong><em>Prosesd\u0259 birinci instansiya m\u0259hk\u0259m\u0259sinin protokollar\u0131na bax\u0131\u015fdan sonra bel\u0259 q\u0259rar q\u0259bul edilib<\/em><\/strong><\/p>\n\n\n\n<p>May\u0131n 15-d\u0259 \u201cKanal 11\u201d internet televiziyas\u0131n\u0131n r\u0259hb\u0259ri Teymur K\u0259rimovun bar\u0259sind\u0259 olan h\u00f6kmd\u0259n veril\u0259n apelyasiya \u015fikay\u0259ti \u00fczr\u0259 m\u0259hk\u0259m\u0259 prosesi ke\u00e7irilib.<\/p>\n\n\n\n<p>Bak\u0131 Apelyasiya M\u0259hk\u0259m\u0259sind\u0259 hakim Anar \u0130brahimovun s\u0259drliyi il\u0259 ke\u00e7iril\u0259n prosesd\u0259 birinci instansiya m\u0259hk\u0259m\u0259sinin protokollar\u0131na bax\u0131\u015fdan sonra q\u0259rar q\u0259bul edilib.<\/p>\n\n\n\n<p>M\u0259hk\u0259m\u0259nin q\u0259rar\u0131 il\u0259 Teymur K\u0259rimovun \u015fikay\u0259ti qism\u0259n t\u0259min edilib v\u0259 onun c\u0259zas\u0131 1 il azald\u0131l\u0131b.<\/p>\n\n\n\n<p>Teymur K\u0259rimov 2024-c\u00fc il dekabr\u0131n 28-d\u0259 Bak\u0131 A\u011f\u0131r Cinay\u0259tl\u0259r M\u0259hk\u0259m\u0259sinin h\u00f6km\u00fc il\u0259 8 il m\u00fcdd\u0259tin\u0259 azadl\u0131qdan m\u0259hrum edilib.<\/p>\n\n\n\n<p>H\u0259m\u00e7inin onun 2 il jurnalistika f\u0259aliyy\u0259ti il\u0259 m\u0259\u015f\u011ful olmas\u0131 qada\u011fan edilib.<\/p>\n\n\n\n<p>Teymur K\u0259rimovla birlikd\u0259 m\u0259hk\u0259m\u0259 qar\u015f\u0131s\u0131na \u00e7\u0131xar\u0131lan, lakin h\u0259bsd\u0259 olmayan reportyor \u0130st\u0259k Totiyevaya is\u0259 iki il s\u0131naq m\u00fcdd\u0259ti olmaqla, \u015f\u0259rti c\u0259za verilib.<\/p>\n\n\n\n<p>Onlar\u0131n h\u0259r ikisi Cinay\u0259t M\u0259c\u0259ll\u0259sinin 182.2.1-ci (h\u0259d\u0259-qorxu il\u0259 t\u0259l\u0259b etm\u0259, qabaqcadan \u0259lbir olan bir qrup \u015f\u0259xs t\u0259r\u0259find\u0259n t\u00f6r\u0259dildikd\u0259) madd\u0259sil\u0259 t\u0259qsirli bilinib.<\/p>\n\n\n\n<p>Bu i\u015f \u00fczr\u0259 Leyla Almaszad\u0259 v\u0259 F\u0259rrux \u018fl\u0259kb\u0259rov z\u0259r\u0259r\u00e7\u0259kmi\u015f qismind\u0259 tan\u0131n\u0131b.<\/p>\n\n\n\n<p>\u0130ttihama \u0259sas\u0259n, Teymur K\u0259rimov v\u0259 \u0130st\u0259k Totiyeva internet kanal\u0131ndan video-material\u0131n silinm\u0259si \u00fc\u00e7\u00fcn F\u0259rrux \u018fl\u0259kb\u0259rovdan 10 min manat pul ist\u0259yib, son n\u0259tic\u0259d\u0259 1000 manat al\u0131b.<\/p>\n\n\n\n<p>Leyla Almaszad\u0259d\u0259n d\u0259 300 manat pul al\u0131n\u0131b.<\/p>\n\n\n\n<p>Leyla Almaszad\u0259 is\u0259 m\u0259hk\u0259m\u0259d\u0259 ifad\u0259sind\u0259 bildirib ki, o, problemi i\u015f\u0131qland\u0131rmaq \u00fc\u00e7\u00fcn \u00f6z\u00fc Teymur K\u0259rimova m\u00fcraci\u0259t edib v\u0259 ona pul \u00f6d\u0259m\u0259yib, ondan \u015fikay\u0259ti d\u0259 yoxdur.<\/p>\n\n\n\n<p>Teymur K\u0259rimov bildirib ki, ona qar\u015f\u0131 ittihamlar saxtad\u0131r, sifari\u015fl\u0259 h\u0259bs olunub, h\u0259bsinin s\u0259b\u0259bi is\u0259 jurnalist f\u0259aliyy\u0259tidir.<\/p>\n\n\n\n<p>Onun fikrinc\u0259, qanunsuzluqlar\u0131 ictimail\u0259\u015fdirdiyin\u0259 g\u00f6r\u0259 bu \u015f\u0259kild\u0259 c\u0259zaland\u0131r\u0131l\u0131r.<\/p>\n","protected":false},"excerpt":{"rendered":"<p>Prosesd\u0259 birinci instansiya m\u0259hk\u0259m\u0259sinin protokollar\u0131na bax\u0131\u015fdan sonra bel\u0259 q\u0259rar q\u0259bul &#8230; <\/p>\n<p class=\"read-more-container\"><a title=\"Teymur K\u0259rimovun c\u0259zas\u0131 1 il azald\u0131l\u0131b\" class=\"read-more button\" href=\"https:\/\/www.meydan.tv\/az\/article\/teymur-k%c9%99rimovun-c%c9%99zasi-1-il-azaldilib\/#more-330340\" aria-label=\"Read more about Teymur K\u0259rimovun c\u0259zas\u0131 1 il azald\u0131l\u0131b\">Davam\u0131<\/a><\/p>\n","protected":false},"author":21,"featured_media":323599,"comment_status":"closed","ping_status":"closed","sticky":false,"template":"","format":"standard","meta":{"_acf_changed":false,"_sitemap_exclude":false,"_sitemap_priority":"","_sitemap_frequency":"","footnotes":""},"categories":[62,56],"tags":[],"class_list":["post-330340","post","type-post","status-publish","format-standard","has-post-thumbnail","hentry","category-sosial","category-xeberler","infinite-scroll-item","generate-columns","tablet-grid-50","mobile-grid-100","grid-parent","grid-33","no-featured-image-padding"],"acf":[],"yoast_head":"<!-- This site is optimized with the Yoast SEO plugin v27.4 - https:\/\/yoast.com\/product\/yoast-seo-wordpress\/ -->\n<title>Teymur K\u0259rimovun c\u0259zas\u0131 1 il azald\u0131l\u0131b - MEYDAN.TV<\/title>\n<meta name=\"robots\" content=\"index, follow, max-snippet:-1, max-image-preview:large, max-video-preview:-1\" \/>\n<link rel=\"canonical\" href=\"https:\/\/www.meydan.tv\/az\/article\/teymur-k%c9%99rimovun-c%c9%99zasi-1-il-azaldilib\/\" \/>\n<meta property=\"og:locale\" content=\"az_AZ\" \/>\n<meta property=\"og:type\" content=\"article\" \/>\n<meta property=\"og:title\" content=\"Teymur K\u0259rimovun c\u0259zas\u0131 1 il azald\u0131l\u0131b - MEYDAN.TV\" \/>\n<meta property=\"og:description\" content=\"Prosesd\u0259 birinci instansiya m\u0259hk\u0259m\u0259sinin protokollar\u0131na bax\u0131\u015fdan sonra bel\u0259 q\u0259rar q\u0259bul ... Davam\u0131\" \/>\n<meta property=\"og:url\" content=\"https:\/\/www.meydan.tv\/az\/article\/teymur-k%c9%99rimovun-c%c9%99zasi-1-il-azaldilib\/\" \/>\n<meta property=\"og:site_name\" content=\"MEYDAN.TV\" \/>\n<meta property=\"article:published_time\" content=\"2025-05-15T10:05:32+00:00\" \/>\n<meta property=\"article:modified_time\" content=\"2025-05-15T10:05:34+00:00\" \/>\n<meta property=\"og:image\" content=\"https:\/\/www.meydan.tv\/wp-content\/uploads\/b688274d-5b07-4a58-9a9d-c1eaea6a3ca2-e1735386515394.jpg\" \/>\n\t<meta property=\"og:image:width\" content=\"1179\" \/>\n\t<meta property=\"og:image:height\" content=\"450\" \/>\n\t<meta property=\"og:image:type\" content=\"image\/jpeg\" \/>\n<meta name=\"author\" content=\"mahmud\" \/>\n<meta name=\"twitter:card\" content=\"summary_large_image\" \/>\n<script type=\"application\/ld+json\" class=\"yoast-schema-graph\">{\"@context\":\"https:\\\/\\\/schema.org\",\"@graph\":[{\"@type\":\"Article\",\"@id\":\"https:\\\/\\\/www.meydan.tv\\\/az\\\/article\\\/teymur-k%c9%99rimovun-c%c9%99zasi-1-il-azaldilib\\\/#article\",\"isPartOf\":{\"@id\":\"https:\\\/\\\/www.meydan.tv\\\/az\\\/article\\\/teymur-k%c9%99rimovun-c%c9%99zasi-1-il-azaldilib\\\/\"},\"author\":{\"name\":\"mahmud\",\"@id\":\"https:\\\/\\\/www.meydan.tv\\\/az\\\/#\\\/schema\\\/person\\\/09863e516102a829e72bedcf3f84c6b0\"},\"headline\":\"Teymur K\u0259rimovun c\u0259zas\u0131 1 il azald\u0131l\u0131b\",\"datePublished\":\"2025-05-15T10:05:32+00:00\",\"dateModified\":\"2025-05-15T10:05:34+00:00\",\"mainEntityOfPage\":{\"@id\":\"https:\\\/\\\/www.meydan.tv\\\/az\\\/article\\\/teymur-k%c9%99rimovun-c%c9%99zasi-1-il-azaldilib\\\/\"},\"wordCount\":372,\"publisher\":{\"@id\":\"https:\\\/\\\/www.meydan.tv\\\/az\\\/#organization\"},\"image\":{\"@id\":\"https:\\\/\\\/www.meydan.tv\\\/az\\\/article\\\/teymur-k%c9%99rimovun-c%c9%99zasi-1-il-azaldilib\\\/#primaryimage\"},\"thumbnailUrl\":\"https:\\\/\\\/www.meydan.tv\\\/wp-content\\\/uploads\\\/b688274d-5b07-4a58-9a9d-c1eaea6a3ca2-e1735386515394.jpg\",\"articleSection\":[\"Sosial\",\"X\u0259b\u0259rl\u0259r\"],\"inLanguage\":\"az\"},{\"@type\":\"WebPage\",\"@id\":\"https:\\\/\\\/www.meydan.tv\\\/az\\\/article\\\/teymur-k%c9%99rimovun-c%c9%99zasi-1-il-azaldilib\\\/\",\"url\":\"https:\\\/\\\/www.meydan.tv\\\/az\\\/article\\\/teymur-k%c9%99rimovun-c%c9%99zasi-1-il-azaldilib\\\/\",\"name\":\"Teymur K\u0259rimovun c\u0259zas\u0131 1 il azald\u0131l\u0131b - MEYDAN.TV\",\"isPartOf\":{\"@id\":\"https:\\\/\\\/www.meydan.tv\\\/az\\\/#website\"},\"primaryImageOfPage\":{\"@id\":\"https:\\\/\\\/www.meydan.tv\\\/az\\\/article\\\/teymur-k%c9%99rimovun-c%c9%99zasi-1-il-azaldilib\\\/#primaryimage\"},\"image\":{\"@id\":\"https:\\\/\\\/www.meydan.tv\\\/az\\\/article\\\/teymur-k%c9%99rimovun-c%c9%99zasi-1-il-azaldilib\\\/#primaryimage\"},\"thumbnailUrl\":\"https:\\\/\\\/www.meydan.tv\\\/wp-content\\\/uploads\\\/b688274d-5b07-4a58-9a9d-c1eaea6a3ca2-e1735386515394.jpg\",\"datePublished\":\"2025-05-15T10:05:32+00:00\",\"dateModified\":\"2025-05-15T10:05:34+00:00\",\"breadcrumb\":{\"@id\":\"https:\\\/\\\/www.meydan.tv\\\/az\\\/article\\\/teymur-k%c9%99rimovun-c%c9%99zasi-1-il-azaldilib\\\/#breadcrumb\"},\"inLanguage\":\"az\",\"potentialAction\":[{\"@type\":\"ReadAction\",\"target\":[\"https:\\\/\\\/www.meydan.tv\\\/az\\\/article\\\/teymur-k%c9%99rimovun-c%c9%99zasi-1-il-azaldilib\\\/\"]}]},{\"@type\":\"ImageObject\",\"inLanguage\":\"az\",\"@id\":\"https:\\\/\\\/www.meydan.tv\\\/az\\\/article\\\/teymur-k%c9%99rimovun-c%c9%99zasi-1-il-azaldilib\\\/#primaryimage\",\"url\":\"https:\\\/\\\/www.meydan.tv\\\/wp-content\\\/uploads\\\/b688274d-5b07-4a58-9a9d-c1eaea6a3ca2-e1735386515394.jpg\",\"contentUrl\":\"https:\\\/\\\/www.meydan.tv\\\/wp-content\\\/uploads\\\/b688274d-5b07-4a58-9a9d-c1eaea6a3ca2-e1735386515394.jpg\",\"width\":1179,\"height\":450,\"caption\":\"Teymur K\u0259rimov. Foto: Meydan TV\"},{\"@type\":\"BreadcrumbList\",\"@id\":\"https:\\\/\\\/www.meydan.tv\\\/az\\\/article\\\/teymur-k%c9%99rimovun-c%c9%99zasi-1-il-azaldilib\\\/#breadcrumb\",\"itemListElement\":[{\"@type\":\"ListItem\",\"position\":1,\"name\":\"Ana s\u0259hif\u0259\",\"item\":\"https:\\\/\\\/www.meydan.tv\\\/az\\\/\"},{\"@type\":\"ListItem\",\"position\":2,\"name\":\"Sosial\",\"item\":\"https:\\\/\\\/www.meydan.tv\\\/az\\\/section\\\/sosial\\\/\"},{\"@type\":\"ListItem\",\"position\":3,\"name\":\"Teymur K\u0259rimovun c\u0259zas\u0131 1 il azald\u0131l\u0131b\"}]},{\"@type\":\"WebSite\",\"@id\":\"https:\\\/\\\/www.meydan.tv\\\/az\\\/#website\",\"url\":\"https:\\\/\\\/www.meydan.tv\\\/az\\\/\",\"name\":\"MEYDAN.TV\",\"description\":\"Meydan TV Az\u0259rbaycan\u0131n media m\u0259kan\u0131ndak\u0131 alternativ s\u0259sidir\",\"publisher\":{\"@id\":\"https:\\\/\\\/www.meydan.tv\\\/az\\\/#organization\"},\"potentialAction\":[{\"@type\":\"SearchAction\",\"target\":{\"@type\":\"EntryPoint\",\"urlTemplate\":\"https:\\\/\\\/www.meydan.tv\\\/az\\\/?s={search_term_string}\"},\"query-input\":{\"@type\":\"PropertyValueSpecification\",\"valueRequired\":true,\"valueName\":\"search_term_string\"}}],\"inLanguage\":\"az\"},{\"@type\":\"Organization\",\"@id\":\"https:\\\/\\\/www.meydan.tv\\\/az\\\/#organization\",\"name\":\"Meydan TV\",\"url\":\"https:\\\/\\\/www.meydan.tv\\\/az\\\/\",\"logo\":{\"@type\":\"ImageObject\",\"inLanguage\":\"az\",\"@id\":\"https:\\\/\\\/www.meydan.tv\\\/az\\\/#\\\/schema\\\/logo\\\/image\\\/\",\"url\":\"https:\\\/\\\/www.meydan.tv\\\/wp-content\\\/uploads\\\/2021\\\/07\\\/meydan-logo.svg\",\"contentUrl\":\"https:\\\/\\\/www.meydan.tv\\\/wp-content\\\/uploads\\\/2021\\\/07\\\/meydan-logo.svg\",\"width\":195,\"height\":46,\"caption\":\"Meydan TV\"},\"image\":{\"@id\":\"https:\\\/\\\/www.meydan.tv\\\/az\\\/#\\\/schema\\\/logo\\\/image\\\/\"}},{\"@type\":\"Person\",\"@id\":\"https:\\\/\\\/www.meydan.tv\\\/az\\\/#\\\/schema\\\/person\\\/09863e516102a829e72bedcf3f84c6b0\",\"name\":\"mahmud\"}]}<\/script>\n<!-- \/ Yoast SEO plugin. -->","yoast_head_json":{"title":"Teymur K\u0259rimovun c\u0259zas\u0131 1 il azald\u0131l\u0131b - MEYDAN.TV","robots":{"index":"index","follow":"follow","max-snippet":"max-snippet:-1","max-image-preview":"max-image-preview:large","max-video-preview":"max-video-preview:-1"},"canonical":"https:\/\/www.meydan.tv\/az\/article\/teymur-k%c9%99rimovun-c%c9%99zasi-1-il-azaldilib\/","og_locale":"az_AZ","og_type":"article","og_title":"Teymur K\u0259rimovun c\u0259zas\u0131 1 il azald\u0131l\u0131b - MEYDAN.TV","og_description":"Prosesd\u0259 birinci instansiya m\u0259hk\u0259m\u0259sinin protokollar\u0131na bax\u0131\u015fdan sonra bel\u0259 q\u0259rar q\u0259bul ... Davam\u0131","og_url":"https:\/\/www.meydan.tv\/az\/article\/teymur-k%c9%99rimovun-c%c9%99zasi-1-il-azaldilib\/","og_site_name":"MEYDAN.TV","article_published_time":"2025-05-15T10:05:32+00:00","article_modified_time":"2025-05-15T10:05:34+00:00","og_image":[{"width":1179,"height":450,"url":"https:\/\/www.meydan.tv\/wp-content\/uploads\/b688274d-5b07-4a58-9a9d-c1eaea6a3ca2-e1735386515394.jpg","type":"image\/jpeg"}],"author":"mahmud","twitter_card":"summary_large_image","schema":{"@context":"https:\/\/schema.org","@graph":[{"@type":"Article","@id":"https:\/\/www.meydan.tv\/az\/article\/teymur-k%c9%99rimovun-c%c9%99zasi-1-il-azaldilib\/#article","isPartOf":{"@id":"https:\/\/www.meydan.tv\/az\/article\/teymur-k%c9%99rimovun-c%c9%99zasi-1-il-azaldilib\/"},"author":{"name":"mahmud","@id":"https:\/\/www.meydan.tv\/az\/#\/schema\/person\/09863e516102a829e72bedcf3f84c6b0"},"headline":"Teymur K\u0259rimovun c\u0259zas\u0131 1 il azald\u0131l\u0131b","datePublished":"2025-05-15T10:05:32+00:00","dateModified":"2025-05-15T10:05:34+00:00","mainEntityOfPage":{"@id":"https:\/\/www.meydan.tv\/az\/article\/teymur-k%c9%99rimovun-c%c9%99zasi-1-il-azaldilib\/"},"wordCount":372,"publisher":{"@id":"https:\/\/www.meydan.tv\/az\/#organization"},"image":{"@id":"https:\/\/www.meydan.tv\/az\/article\/teymur-k%c9%99rimovun-c%c9%99zasi-1-il-azaldilib\/#primaryimage"},"thumbnailUrl":"https:\/\/www.meydan.tv\/wp-content\/uploads\/b688274d-5b07-4a58-9a9d-c1eaea6a3ca2-e1735386515394.jpg","articleSection":["Sosial","X\u0259b\u0259rl\u0259r"],"inLanguage":"az"},{"@type":"WebPage","@id":"https:\/\/www.meydan.tv\/az\/article\/teymur-k%c9%99rimovun-c%c9%99zasi-1-il-azaldilib\/","url":"https:\/\/www.meydan.tv\/az\/article\/teymur-k%c9%99rimovun-c%c9%99zasi-1-il-azaldilib\/","name":"Teymur K\u0259rimovun c\u0259zas\u0131 1 il azald\u0131l\u0131b - MEYDAN.TV","isPartOf":{"@id":"https:\/\/www.meydan.tv\/az\/#website"},"primaryImageOfPage":{"@id":"https:\/\/www.meydan.tv\/az\/article\/teymur-k%c9%99rimovun-c%c9%99zasi-1-il-azaldilib\/#primaryimage"},"image":{"@id":"https:\/\/www.meydan.tv\/az\/article\/teymur-k%c9%99rimovun-c%c9%99zasi-1-il-azaldilib\/#primaryimage"},"thumbnailUrl":"https:\/\/www.meydan.tv\/wp-content\/uploads\/b688274d-5b07-4a58-9a9d-c1eaea6a3ca2-e1735386515394.jpg","datePublished":"2025-05-15T10:05:32+00:00","dateModified":"2025-05-15T10:05:34+00:00","breadcrumb":{"@id":"https:\/\/www.meydan.tv\/az\/article\/teymur-k%c9%99rimovun-c%c9%99zasi-1-il-azaldilib\/#breadcrumb"},"inLanguage":"az","potentialAction":[{"@type":"ReadAction","target":["https:\/\/www.meydan.tv\/az\/article\/teymur-k%c9%99rimovun-c%c9%99zasi-1-il-azaldilib\/"]}]},{"@type":"ImageObject","inLanguage":"az","@id":"https:\/\/www.meydan.tv\/az\/article\/teymur-k%c9%99rimovun-c%c9%99zasi-1-il-azaldilib\/#primaryimage","url":"https:\/\/www.meydan.tv\/wp-content\/uploads\/b688274d-5b07-4a58-9a9d-c1eaea6a3ca2-e1735386515394.jpg","contentUrl":"https:\/\/www.meydan.tv\/wp-content\/uploads\/b688274d-5b07-4a58-9a9d-c1eaea6a3ca2-e1735386515394.jpg","width":1179,"height":450,"caption":"Teymur K\u0259rimov. Foto: Meydan TV"},{"@type":"BreadcrumbList","@id":"https:\/\/www.meydan.tv\/az\/article\/teymur-k%c9%99rimovun-c%c9%99zasi-1-il-azaldilib\/#breadcrumb","itemListElement":[{"@type":"ListItem","position":1,"name":"Ana s\u0259hif\u0259","item":"https:\/\/www.meydan.tv\/az\/"},{"@type":"ListItem","position":2,"name":"Sosial","item":"https:\/\/www.meydan.tv\/az\/section\/sosial\/"},{"@type":"ListItem","position":3,"name":"Teymur K\u0259rimovun c\u0259zas\u0131 1 il azald\u0131l\u0131b"}]},{"@type":"WebSite","@id":"https:\/\/www.meydan.tv\/az\/#website","url":"https:\/\/www.meydan.tv\/az\/","name":"MEYDAN.TV","description":"Meydan TV Az\u0259rbaycan\u0131n media m\u0259kan\u0131ndak\u0131 alternativ s\u0259sidir","publisher":{"@id":"https:\/\/www.meydan.tv\/az\/#organization"},"potentialAction":[{"@type":"SearchAction","target":{"@type":"EntryPoint","urlTemplate":"https:\/\/www.meydan.tv\/az\/?s={search_term_string}"},"query-input":{"@type":"PropertyValueSpecification","valueRequired":true,"valueName":"search_term_string"}}],"inLanguage":"az"},{"@type":"Organization","@id":"https:\/\/www.meydan.tv\/az\/#organization","name":"Meydan TV","url":"https:\/\/www.meydan.tv\/az\/","logo":{"@type":"ImageObject","inLanguage":"az","@id":"https:\/\/www.meydan.tv\/az\/#\/schema\/logo\/image\/","url":"https:\/\/www.meydan.tv\/wp-content\/uploads\/2021\/07\/meydan-logo.svg","contentUrl":"https:\/\/www.meydan.tv\/wp-content\/uploads\/2021\/07\/meydan-logo.svg","width":195,"height":46,"caption":"Meydan TV"},"image":{"@id":"https:\/\/www.meydan.tv\/az\/#\/schema\/logo\/image\/"}},{"@type":"Person","@id":"https:\/\/www.meydan.tv\/az\/#\/schema\/person\/09863e516102a829e72bedcf3f84c6b0","name":"mahmud"}]}},"_links":{"self":[{"href":"https:\/\/www.meydan.tv\/az\/wp-json\/wp\/v2\/posts\/330340","targetHints":{"allow":["GET"]}}],"collection":[{"href":"https:\/\/www.meydan.tv\/az\/wp-json\/wp\/v2\/posts"}],"about":[{"href":"https:\/\/www.meydan.tv\/az\/wp-json\/wp\/v2\/types\/post"}],"author":[{"embeddable":true,"href":"https:\/\/www.meydan.tv\/az\/wp-json\/wp\/v2\/users\/21"}],"replies":[{"embeddable":true,"href":"https:\/\/www.meydan.tv\/az\/wp-json\/wp\/v2\/comments?post=330340"}],"version-history":[{"count":3,"href":"https:\/\/www.meydan.tv\/az\/wp-json\/wp\/v2\/posts\/330340\/revisions"}],"predecessor-version":[{"id":330346,"href":"https:\/\/www.meydan.tv\/az\/wp-json\/wp\/v2\/posts\/330340\/revisions\/330346"}],"wp:featuredmedia":[{"embeddable":true,"href":"https:\/\/www.meydan.tv\/az\/wp-json\/wp\/v2\/media\/323599"}],"wp:attachment":[{"href":"https:\/\/www.meydan.tv\/az\/wp-json\/wp\/v2\/media?parent=330340"}],"wp:term":[{"taxonomy":"category","embeddable":true,"href":"https:\/\/www.meydan.tv\/az\/wp-json\/wp\/v2\/categories?post=330340"},{"taxonomy":"post_tag","embeddable":true,"href":"https:\/\/www.meydan.tv\/az\/wp-json\/wp\/v2\/tags?post=330340"}],"curies":[{"name":"wp","href":"https:\/\/api.w.org\/{rel}","templated":true}]}}