{"id":330287,"date":"2025-05-14T14:58:00","date_gmt":"2025-05-14T10:58:00","guid":{"rendered":"https:\/\/www.meydan.tv\/?p=330287"},"modified":"2025-05-14T14:58:03","modified_gmt":"2025-05-14T10:58:03","slug":"gurcustan-parlmentind%c9%99-siyasi-partiyalarin-qadagan-edilm%c9%99si-haqqinda-qanunu-t%c9%99sdiql%c9%99yib","status":"publish","type":"post","link":"https:\/\/www.meydan.tv\/az\/article\/gurcustan-parlmentind%c9%99-siyasi-partiyalarin-qadagan-edilm%c9%99si-haqqinda-qanunu-t%c9%99sdiql%c9%99yib\/","title":{"rendered":"G\u00fcrc\u00fcstan parlamenti \u201cSiyasi partiyalar\u0131n qada\u011fan edilm\u0259si haqq\u0131nda\u201d qanunu t\u0259sdiql\u0259yib"},"content":{"rendered":"\n<p><strong><em>Hakim &#8220;G\u00fcrc\u00fc arzusu&#8221; partiyas\u0131 bu qanunu v\u0259d etdiyind\u0259n daha tez q\u0259bul etdi  <\/em><\/strong><\/p>\n\n\n\n<p>May\u0131n 13-d\u0259 G\u00fcrc\u00fcstan parlamenti \u201cV\u0259t\u0259nda\u015flar\u0131n siyasi birlikl\u0259ri haqq\u0131nda\u201d v\u0259 \u201cKonstitusiya M\u0259hk\u0259m\u0259si haqq\u0131nda\u201d qanunlara m\u00fcst\u0259qil h\u00fcquq\u015f\u00fcnaslar\u0131n repressiv kimi qiym\u0259tl\u0259ndirdiyi \u0259lav\u0259l\u0259r paketini \u00fc\u00e7\u00fcnc\u00fc v\u0259 yekun oxunu\u015fda yekdillikl\u0259 <a href=\"https:\/\/jam-news.net\/ru\/%d0%b7%d0%b0%d0%ba%d0%be%d0%bd-%d0%be-%d0%b7%d0%b0%d0%bf%d1%80%d0%b5%d1%82%d0%b5-%d0%bf%d0%b0%d1%80%d1%82%d0%b8%d0%b9-%d0%b2-%d0%b3%d1%80%d1%83%d0%b7%d0%b8%d0%b8\/\" target=\"_blank\" rel=\"noreferrer noopener\">q\u0259bul edib<\/a>.<\/p>\n\n\n\n<p>\u201cV\u0259t\u0259nda\u015flar\u0131n siyasi birlikl\u0259ri haqq\u0131nda\u201d qanuna edil\u0259n d\u0259yi\u015fiklikl\u0259r hans\u0131 hallarda partiyan\u0131n qada\u011fan oluna bil\u0259c\u0259yini izah edir.<\/p>\n\n\n\n<p>Bu hallara daxildir:<\/p>\n\n\n\n<ul class=\"wp-block-list\">\n<li>\u018fg\u0259r onun m\u0259qs\u0259di G\u00fcrc\u00fcstan\u0131n konstitusiya qurulu\u015funu devirm\u0259k v\u0259 ya zorak\u0131l\u0131qla d\u0259yi\u015fdirm\u0259kdirs\u0259<\/li>\n\n\n\n<li>M\u00fcharib\u0259 v\u0259 ya zorak\u0131l\u0131\u011f\u0131n t\u0259bli\u011fat\u0131<\/li>\n\n\n\n<li>\u00d6lk\u0259nin m\u00fcst\u0259qilliyin\u0259 q\u0259sd, \u0259razi b\u00fct\u00f6vl\u00fcy\u00fcn\u00fcn pozulmas\u0131<\/li>\n\n\n\n<li>Milli, etnik, dini v\u0259 ya sosial \u0259dav\u0259tin q\u0131z\u0131\u015fd\u0131r\u0131lmas\u0131<\/li>\n\n\n\n<li>Silahl\u0131 birl\u0259\u015fm\u0259nin yarad\u0131lmas\u0131.<\/li>\n<\/ul>\n\n\n\n<p>Bundan \u0259lav\u0259, Konstitusiya M\u0259hk\u0259m\u0259sin\u0259 art\u0131q onun t\u0259r\u0259find\u0259n qada\u011fan edilmi\u015f partyan\u0131n m\u0259ram\u0131n\u0131, f\u0259aliyy\u0259tinin mahiyy\u0259tini v\u0259 \u00fczvl\u0259rinin t\u0259rkibini t\u0259krarlayan ist\u0259nil\u0259n yeni partiyan\u0131 qada\u011fan etm\u0259k s\u0259lahiyy\u0259ti verilib. <br><br>Aprel ay\u0131nda hakim partiyan\u0131n icra\u00e7\u0131 katibi Mamuka Mdinaradze demi\u015fdi ki, \u201cG\u00fcrc\u00fc arzusu\u201d 2025-ci ilin oktyabr\u0131na t\u0259yin edilmi\u015f yerli hakimiyy\u0259t orqanlar\u0131na se\u00e7kil\u0259rd\u0259n d\u0259rhal sonra m\u00fcxalif siyasi partiyalar\u0131n f\u0259aliyy\u0259tinin qada\u011fan edilm\u0259sini <a href=\"https:\/\/jam-news.net\/ru\/%D0%B7%D0%B0%D0%BF%D1%80%D0%B5%D1%82-%D0%BE%D0%BF%D0%BF%D0%BE%D0%B7%D0%B8%D1%86%D0%B8%D0%B8-%D0%B2-%D0%B3%D1%80%D1%83%D0%B7%D0%B8%D0%B8-%D0%BE%D1%82%D0%BB%D0%BE%D0%B6%D0%B8%D0%BB%D0%B8-%D0%B4%D0%BE\/\" target=\"_blank\" rel=\"noreferrer noopener\">t\u0259l\u0259b ed\u0259c\u0259k<\/a>.<\/p>\n\n\n\n<p><em>&#8220;Biz \u0259minik ki, g\u00fcrc\u00fc xalq\u0131 bu se\u00e7kil\u0259rd\u0259 casus partiyalara layiqli cavab ver\u0259c\u0259k. Biz z\u0259f\u0259rl\u0259 qalib g\u0259l\u0259c\u0259yik v\u0259 ist\u0259mirik ki, daxili v\u0259 xarici q\u00fcvv\u0259l\u0259r hakimiyy\u0259tin se\u00e7kil\u0259r \u00f6nc\u0259si partiyalar\u0131 qada\u011fan etm\u0259y\u0259 t\u0259l\u0259sdiyini desin&#8221;,<\/em> &#8211; Mdinaradze o vaxt bildirmi\u015fdi.<\/p>\n\n\n\n<p><\/p>\n","protected":false},"excerpt":{"rendered":"<p>Hakim &#8220;G\u00fcrc\u00fc arzusu&#8221; partiyas\u0131 bu qanunu v\u0259d etdiyind\u0259n daha tez &#8230; <\/p>\n<p class=\"read-more-container\"><a title=\"G\u00fcrc\u00fcstan parlamenti \u201cSiyasi partiyalar\u0131n qada\u011fan edilm\u0259si haqq\u0131nda\u201d qanunu t\u0259sdiql\u0259yib\" class=\"read-more button\" href=\"https:\/\/www.meydan.tv\/az\/article\/gurcustan-parlmentind%c9%99-siyasi-partiyalarin-qadagan-edilm%c9%99si-haqqinda-qanunu-t%c9%99sdiql%c9%99yib\/#more-330287\" aria-label=\"Read more about G\u00fcrc\u00fcstan parlamenti \u201cSiyasi partiyalar\u0131n qada\u011fan edilm\u0259si haqq\u0131nda\u201d qanunu t\u0259sdiql\u0259yib\">Davam\u0131<\/a><\/p>\n","protected":false},"author":16,"featured_media":157457,"comment_status":"closed","ping_status":"closed","sticky":false,"template":"","format":"standard","meta":{"_acf_changed":false,"_sitemap_exclude":false,"_sitemap_priority":"","_sitemap_frequency":"","footnotes":""},"categories":[64,59],"tags":[],"class_list":["post-330287","post","type-post","status-publish","format-standard","has-post-thumbnail","hentry","category-dunya","category-siyaset","infinite-scroll-item","generate-columns","tablet-grid-50","mobile-grid-100","grid-parent","grid-33","no-featured-image-padding"],"acf":[],"yoast_head":"<!-- This site is optimized with the Yoast SEO plugin v27.5 - https:\/\/yoast.com\/product\/yoast-seo-wordpress\/ -->\n<title>G\u00fcrc\u00fcstan parlamenti \u201cSiyasi partiyalar\u0131n qada\u011fan edilm\u0259si haqq\u0131nda\u201d qanunu t\u0259sdiql\u0259yib - MEYDAN.TV<\/title>\n<meta name=\"robots\" content=\"index, follow, max-snippet:-1, max-image-preview:large, max-video-preview:-1\" \/>\n<link rel=\"canonical\" href=\"https:\/\/www.meydan.tv\/az\/article\/gurcustan-parlmentind%c9%99-siyasi-partiyalarin-qadagan-edilm%c9%99si-haqqinda-qanunu-t%c9%99sdiql%c9%99yib\/\" \/>\n<meta property=\"og:locale\" content=\"az_AZ\" \/>\n<meta property=\"og:type\" content=\"article\" \/>\n<meta property=\"og:title\" content=\"G\u00fcrc\u00fcstan parlamenti \u201cSiyasi partiyalar\u0131n qada\u011fan edilm\u0259si haqq\u0131nda\u201d qanunu t\u0259sdiql\u0259yib - MEYDAN.TV\" \/>\n<meta property=\"og:description\" content=\"Hakim &#8220;G\u00fcrc\u00fc arzusu&#8221; partiyas\u0131 bu qanunu v\u0259d etdiyind\u0259n daha tez ... Davam\u0131\" \/>\n<meta property=\"og:url\" content=\"https:\/\/www.meydan.tv\/az\/article\/gurcustan-parlmentind%c9%99-siyasi-partiyalarin-qadagan-edilm%c9%99si-haqqinda-qanunu-t%c9%99sdiql%c9%99yib\/\" \/>\n<meta property=\"og:site_name\" content=\"MEYDAN.TV\" \/>\n<meta property=\"article:published_time\" content=\"2025-05-14T10:58:00+00:00\" \/>\n<meta property=\"article:modified_time\" content=\"2025-05-14T10:58:03+00:00\" \/>\n<meta property=\"og:image\" content=\"https:\/\/www.meydan.tv\/wp-content\/uploads\/img_0827.jpg\" \/>\n\t<meta property=\"og:image:width\" content=\"2000\" \/>\n\t<meta property=\"og:image:height\" content=\"1333\" \/>\n\t<meta property=\"og:image:type\" content=\"image\/jpeg\" \/>\n<meta name=\"author\" content=\"sevda\" \/>\n<meta name=\"twitter:card\" content=\"summary_large_image\" \/>\n<script type=\"application\/ld+json\" class=\"yoast-schema-graph\">{\"@context\":\"https:\\\/\\\/schema.org\",\"@graph\":[{\"@type\":\"Article\",\"@id\":\"https:\\\/\\\/www.meydan.tv\\\/az\\\/article\\\/gurcustan-parlmentind%c9%99-siyasi-partiyalarin-qadagan-edilm%c9%99si-haqqinda-qanunu-t%c9%99sdiql%c9%99yib\\\/#article\",\"isPartOf\":{\"@id\":\"https:\\\/\\\/www.meydan.tv\\\/az\\\/article\\\/gurcustan-parlmentind%c9%99-siyasi-partiyalarin-qadagan-edilm%c9%99si-haqqinda-qanunu-t%c9%99sdiql%c9%99yib\\\/\"},\"author\":{\"name\":\"sevda\",\"@id\":\"https:\\\/\\\/www.meydan.tv\\\/az\\\/#\\\/schema\\\/person\\\/49b5f2bad5b126bb8ea9320eeb3e4dc9\"},\"headline\":\"G\u00fcrc\u00fcstan parlamenti \u201cSiyasi partiyalar\u0131n qada\u011fan edilm\u0259si haqq\u0131nda\u201d qanunu t\u0259sdiql\u0259yib\",\"datePublished\":\"2025-05-14T10:58:00+00:00\",\"dateModified\":\"2025-05-14T10:58:03+00:00\",\"mainEntityOfPage\":{\"@id\":\"https:\\\/\\\/www.meydan.tv\\\/az\\\/article\\\/gurcustan-parlmentind%c9%99-siyasi-partiyalarin-qadagan-edilm%c9%99si-haqqinda-qanunu-t%c9%99sdiql%c9%99yib\\\/\"},\"wordCount\":343,\"publisher\":{\"@id\":\"https:\\\/\\\/www.meydan.tv\\\/az\\\/#organization\"},\"image\":{\"@id\":\"https:\\\/\\\/www.meydan.tv\\\/az\\\/article\\\/gurcustan-parlmentind%c9%99-siyasi-partiyalarin-qadagan-edilm%c9%99si-haqqinda-qanunu-t%c9%99sdiql%c9%99yib\\\/#primaryimage\"},\"thumbnailUrl\":\"https:\\\/\\\/www.meydan.tv\\\/wp-content\\\/uploads\\\/img_0827.jpg\",\"articleSection\":[\"D\u00fcnya\",\"Siyas\u0259t\"],\"inLanguage\":\"az\"},{\"@type\":\"WebPage\",\"@id\":\"https:\\\/\\\/www.meydan.tv\\\/az\\\/article\\\/gurcustan-parlmentind%c9%99-siyasi-partiyalarin-qadagan-edilm%c9%99si-haqqinda-qanunu-t%c9%99sdiql%c9%99yib\\\/\",\"url\":\"https:\\\/\\\/www.meydan.tv\\\/az\\\/article\\\/gurcustan-parlmentind%c9%99-siyasi-partiyalarin-qadagan-edilm%c9%99si-haqqinda-qanunu-t%c9%99sdiql%c9%99yib\\\/\",\"name\":\"G\u00fcrc\u00fcstan parlamenti \u201cSiyasi partiyalar\u0131n qada\u011fan edilm\u0259si haqq\u0131nda\u201d qanunu t\u0259sdiql\u0259yib - MEYDAN.TV\",\"isPartOf\":{\"@id\":\"https:\\\/\\\/www.meydan.tv\\\/az\\\/#website\"},\"primaryImageOfPage\":{\"@id\":\"https:\\\/\\\/www.meydan.tv\\\/az\\\/article\\\/gurcustan-parlmentind%c9%99-siyasi-partiyalarin-qadagan-edilm%c9%99si-haqqinda-qanunu-t%c9%99sdiql%c9%99yib\\\/#primaryimage\"},\"image\":{\"@id\":\"https:\\\/\\\/www.meydan.tv\\\/az\\\/article\\\/gurcustan-parlmentind%c9%99-siyasi-partiyalarin-qadagan-edilm%c9%99si-haqqinda-qanunu-t%c9%99sdiql%c9%99yib\\\/#primaryimage\"},\"thumbnailUrl\":\"https:\\\/\\\/www.meydan.tv\\\/wp-content\\\/uploads\\\/img_0827.jpg\",\"datePublished\":\"2025-05-14T10:58:00+00:00\",\"dateModified\":\"2025-05-14T10:58:03+00:00\",\"breadcrumb\":{\"@id\":\"https:\\\/\\\/www.meydan.tv\\\/az\\\/article\\\/gurcustan-parlmentind%c9%99-siyasi-partiyalarin-qadagan-edilm%c9%99si-haqqinda-qanunu-t%c9%99sdiql%c9%99yib\\\/#breadcrumb\"},\"inLanguage\":\"az\",\"potentialAction\":[{\"@type\":\"ReadAction\",\"target\":[\"https:\\\/\\\/www.meydan.tv\\\/az\\\/article\\\/gurcustan-parlmentind%c9%99-siyasi-partiyalarin-qadagan-edilm%c9%99si-haqqinda-qanunu-t%c9%99sdiql%c9%99yib\\\/\"]}]},{\"@type\":\"ImageObject\",\"inLanguage\":\"az\",\"@id\":\"https:\\\/\\\/www.meydan.tv\\\/az\\\/article\\\/gurcustan-parlmentind%c9%99-siyasi-partiyalarin-qadagan-edilm%c9%99si-haqqinda-qanunu-t%c9%99sdiql%c9%99yib\\\/#primaryimage\",\"url\":\"https:\\\/\\\/www.meydan.tv\\\/wp-content\\\/uploads\\\/img_0827.jpg\",\"contentUrl\":\"https:\\\/\\\/www.meydan.tv\\\/wp-content\\\/uploads\\\/img_0827.jpg\",\"width\":2000,\"height\":1333,\"caption\":\"Azadl\u0131q Meydan\u0131, Tbilisi. Foto: Meydan TV\"},{\"@type\":\"BreadcrumbList\",\"@id\":\"https:\\\/\\\/www.meydan.tv\\\/az\\\/article\\\/gurcustan-parlmentind%c9%99-siyasi-partiyalarin-qadagan-edilm%c9%99si-haqqinda-qanunu-t%c9%99sdiql%c9%99yib\\\/#breadcrumb\",\"itemListElement\":[{\"@type\":\"ListItem\",\"position\":1,\"name\":\"Ana s\u0259hif\u0259\",\"item\":\"https:\\\/\\\/www.meydan.tv\\\/az\\\/\"},{\"@type\":\"ListItem\",\"position\":2,\"name\":\"D\u00fcnya\",\"item\":\"https:\\\/\\\/www.meydan.tv\\\/az\\\/section\\\/dunya\\\/\"},{\"@type\":\"ListItem\",\"position\":3,\"name\":\"G\u00fcrc\u00fcstan parlamenti \u201cSiyasi partiyalar\u0131n qada\u011fan edilm\u0259si haqq\u0131nda\u201d qanunu t\u0259sdiql\u0259yib\"}]},{\"@type\":\"WebSite\",\"@id\":\"https:\\\/\\\/www.meydan.tv\\\/az\\\/#website\",\"url\":\"https:\\\/\\\/www.meydan.tv\\\/az\\\/\",\"name\":\"MEYDAN.TV\",\"description\":\"Meydan TV Az\u0259rbaycan\u0131n media m\u0259kan\u0131ndak\u0131 alternativ s\u0259sidir\",\"publisher\":{\"@id\":\"https:\\\/\\\/www.meydan.tv\\\/az\\\/#organization\"},\"potentialAction\":[{\"@type\":\"SearchAction\",\"target\":{\"@type\":\"EntryPoint\",\"urlTemplate\":\"https:\\\/\\\/www.meydan.tv\\\/az\\\/?s={search_term_string}\"},\"query-input\":{\"@type\":\"PropertyValueSpecification\",\"valueRequired\":true,\"valueName\":\"search_term_string\"}}],\"inLanguage\":\"az\"},{\"@type\":\"Organization\",\"@id\":\"https:\\\/\\\/www.meydan.tv\\\/az\\\/#organization\",\"name\":\"Meydan TV\",\"url\":\"https:\\\/\\\/www.meydan.tv\\\/az\\\/\",\"logo\":{\"@type\":\"ImageObject\",\"inLanguage\":\"az\",\"@id\":\"https:\\\/\\\/www.meydan.tv\\\/az\\\/#\\\/schema\\\/logo\\\/image\\\/\",\"url\":\"https:\\\/\\\/www.meydan.tv\\\/wp-content\\\/uploads\\\/2021\\\/07\\\/meydan-logo.svg\",\"contentUrl\":\"https:\\\/\\\/www.meydan.tv\\\/wp-content\\\/uploads\\\/2021\\\/07\\\/meydan-logo.svg\",\"width\":195,\"height\":46,\"caption\":\"Meydan TV\"},\"image\":{\"@id\":\"https:\\\/\\\/www.meydan.tv\\\/az\\\/#\\\/schema\\\/logo\\\/image\\\/\"}},{\"@type\":\"Person\",\"@id\":\"https:\\\/\\\/www.meydan.tv\\\/az\\\/#\\\/schema\\\/person\\\/49b5f2bad5b126bb8ea9320eeb3e4dc9\",\"name\":\"sevda\"}]}<\/script>\n<!-- \/ Yoast SEO plugin. -->","yoast_head_json":{"title":"G\u00fcrc\u00fcstan parlamenti \u201cSiyasi partiyalar\u0131n qada\u011fan edilm\u0259si haqq\u0131nda\u201d qanunu t\u0259sdiql\u0259yib - MEYDAN.TV","robots":{"index":"index","follow":"follow","max-snippet":"max-snippet:-1","max-image-preview":"max-image-preview:large","max-video-preview":"max-video-preview:-1"},"canonical":"https:\/\/www.meydan.tv\/az\/article\/gurcustan-parlmentind%c9%99-siyasi-partiyalarin-qadagan-edilm%c9%99si-haqqinda-qanunu-t%c9%99sdiql%c9%99yib\/","og_locale":"az_AZ","og_type":"article","og_title":"G\u00fcrc\u00fcstan parlamenti \u201cSiyasi partiyalar\u0131n qada\u011fan edilm\u0259si haqq\u0131nda\u201d qanunu t\u0259sdiql\u0259yib - MEYDAN.TV","og_description":"Hakim &#8220;G\u00fcrc\u00fc arzusu&#8221; partiyas\u0131 bu qanunu v\u0259d etdiyind\u0259n daha tez ... Davam\u0131","og_url":"https:\/\/www.meydan.tv\/az\/article\/gurcustan-parlmentind%c9%99-siyasi-partiyalarin-qadagan-edilm%c9%99si-haqqinda-qanunu-t%c9%99sdiql%c9%99yib\/","og_site_name":"MEYDAN.TV","article_published_time":"2025-05-14T10:58:00+00:00","article_modified_time":"2025-05-14T10:58:03+00:00","og_image":[{"width":2000,"height":1333,"url":"https:\/\/www.meydan.tv\/wp-content\/uploads\/img_0827.jpg","type":"image\/jpeg"}],"author":"sevda","twitter_card":"summary_large_image","schema":{"@context":"https:\/\/schema.org","@graph":[{"@type":"Article","@id":"https:\/\/www.meydan.tv\/az\/article\/gurcustan-parlmentind%c9%99-siyasi-partiyalarin-qadagan-edilm%c9%99si-haqqinda-qanunu-t%c9%99sdiql%c9%99yib\/#article","isPartOf":{"@id":"https:\/\/www.meydan.tv\/az\/article\/gurcustan-parlmentind%c9%99-siyasi-partiyalarin-qadagan-edilm%c9%99si-haqqinda-qanunu-t%c9%99sdiql%c9%99yib\/"},"author":{"name":"sevda","@id":"https:\/\/www.meydan.tv\/az\/#\/schema\/person\/49b5f2bad5b126bb8ea9320eeb3e4dc9"},"headline":"G\u00fcrc\u00fcstan parlamenti \u201cSiyasi partiyalar\u0131n qada\u011fan edilm\u0259si haqq\u0131nda\u201d qanunu t\u0259sdiql\u0259yib","datePublished":"2025-05-14T10:58:00+00:00","dateModified":"2025-05-14T10:58:03+00:00","mainEntityOfPage":{"@id":"https:\/\/www.meydan.tv\/az\/article\/gurcustan-parlmentind%c9%99-siyasi-partiyalarin-qadagan-edilm%c9%99si-haqqinda-qanunu-t%c9%99sdiql%c9%99yib\/"},"wordCount":343,"publisher":{"@id":"https:\/\/www.meydan.tv\/az\/#organization"},"image":{"@id":"https:\/\/www.meydan.tv\/az\/article\/gurcustan-parlmentind%c9%99-siyasi-partiyalarin-qadagan-edilm%c9%99si-haqqinda-qanunu-t%c9%99sdiql%c9%99yib\/#primaryimage"},"thumbnailUrl":"https:\/\/www.meydan.tv\/wp-content\/uploads\/img_0827.jpg","articleSection":["D\u00fcnya","Siyas\u0259t"],"inLanguage":"az"},{"@type":"WebPage","@id":"https:\/\/www.meydan.tv\/az\/article\/gurcustan-parlmentind%c9%99-siyasi-partiyalarin-qadagan-edilm%c9%99si-haqqinda-qanunu-t%c9%99sdiql%c9%99yib\/","url":"https:\/\/www.meydan.tv\/az\/article\/gurcustan-parlmentind%c9%99-siyasi-partiyalarin-qadagan-edilm%c9%99si-haqqinda-qanunu-t%c9%99sdiql%c9%99yib\/","name":"G\u00fcrc\u00fcstan parlamenti \u201cSiyasi partiyalar\u0131n qada\u011fan edilm\u0259si haqq\u0131nda\u201d qanunu t\u0259sdiql\u0259yib - MEYDAN.TV","isPartOf":{"@id":"https:\/\/www.meydan.tv\/az\/#website"},"primaryImageOfPage":{"@id":"https:\/\/www.meydan.tv\/az\/article\/gurcustan-parlmentind%c9%99-siyasi-partiyalarin-qadagan-edilm%c9%99si-haqqinda-qanunu-t%c9%99sdiql%c9%99yib\/#primaryimage"},"image":{"@id":"https:\/\/www.meydan.tv\/az\/article\/gurcustan-parlmentind%c9%99-siyasi-partiyalarin-qadagan-edilm%c9%99si-haqqinda-qanunu-t%c9%99sdiql%c9%99yib\/#primaryimage"},"thumbnailUrl":"https:\/\/www.meydan.tv\/wp-content\/uploads\/img_0827.jpg","datePublished":"2025-05-14T10:58:00+00:00","dateModified":"2025-05-14T10:58:03+00:00","breadcrumb":{"@id":"https:\/\/www.meydan.tv\/az\/article\/gurcustan-parlmentind%c9%99-siyasi-partiyalarin-qadagan-edilm%c9%99si-haqqinda-qanunu-t%c9%99sdiql%c9%99yib\/#breadcrumb"},"inLanguage":"az","potentialAction":[{"@type":"ReadAction","target":["https:\/\/www.meydan.tv\/az\/article\/gurcustan-parlmentind%c9%99-siyasi-partiyalarin-qadagan-edilm%c9%99si-haqqinda-qanunu-t%c9%99sdiql%c9%99yib\/"]}]},{"@type":"ImageObject","inLanguage":"az","@id":"https:\/\/www.meydan.tv\/az\/article\/gurcustan-parlmentind%c9%99-siyasi-partiyalarin-qadagan-edilm%c9%99si-haqqinda-qanunu-t%c9%99sdiql%c9%99yib\/#primaryimage","url":"https:\/\/www.meydan.tv\/wp-content\/uploads\/img_0827.jpg","contentUrl":"https:\/\/www.meydan.tv\/wp-content\/uploads\/img_0827.jpg","width":2000,"height":1333,"caption":"Azadl\u0131q Meydan\u0131, Tbilisi. Foto: Meydan TV"},{"@type":"BreadcrumbList","@id":"https:\/\/www.meydan.tv\/az\/article\/gurcustan-parlmentind%c9%99-siyasi-partiyalarin-qadagan-edilm%c9%99si-haqqinda-qanunu-t%c9%99sdiql%c9%99yib\/#breadcrumb","itemListElement":[{"@type":"ListItem","position":1,"name":"Ana s\u0259hif\u0259","item":"https:\/\/www.meydan.tv\/az\/"},{"@type":"ListItem","position":2,"name":"D\u00fcnya","item":"https:\/\/www.meydan.tv\/az\/section\/dunya\/"},{"@type":"ListItem","position":3,"name":"G\u00fcrc\u00fcstan parlamenti \u201cSiyasi partiyalar\u0131n qada\u011fan edilm\u0259si haqq\u0131nda\u201d qanunu t\u0259sdiql\u0259yib"}]},{"@type":"WebSite","@id":"https:\/\/www.meydan.tv\/az\/#website","url":"https:\/\/www.meydan.tv\/az\/","name":"MEYDAN.TV","description":"Meydan TV Az\u0259rbaycan\u0131n media m\u0259kan\u0131ndak\u0131 alternativ s\u0259sidir","publisher":{"@id":"https:\/\/www.meydan.tv\/az\/#organization"},"potentialAction":[{"@type":"SearchAction","target":{"@type":"EntryPoint","urlTemplate":"https:\/\/www.meydan.tv\/az\/?s={search_term_string}"},"query-input":{"@type":"PropertyValueSpecification","valueRequired":true,"valueName":"search_term_string"}}],"inLanguage":"az"},{"@type":"Organization","@id":"https:\/\/www.meydan.tv\/az\/#organization","name":"Meydan TV","url":"https:\/\/www.meydan.tv\/az\/","logo":{"@type":"ImageObject","inLanguage":"az","@id":"https:\/\/www.meydan.tv\/az\/#\/schema\/logo\/image\/","url":"https:\/\/www.meydan.tv\/wp-content\/uploads\/2021\/07\/meydan-logo.svg","contentUrl":"https:\/\/www.meydan.tv\/wp-content\/uploads\/2021\/07\/meydan-logo.svg","width":195,"height":46,"caption":"Meydan TV"},"image":{"@id":"https:\/\/www.meydan.tv\/az\/#\/schema\/logo\/image\/"}},{"@type":"Person","@id":"https:\/\/www.meydan.tv\/az\/#\/schema\/person\/49b5f2bad5b126bb8ea9320eeb3e4dc9","name":"sevda"}]}},"_links":{"self":[{"href":"https:\/\/www.meydan.tv\/az\/wp-json\/wp\/v2\/posts\/330287","targetHints":{"allow":["GET"]}}],"collection":[{"href":"https:\/\/www.meydan.tv\/az\/wp-json\/wp\/v2\/posts"}],"about":[{"href":"https:\/\/www.meydan.tv\/az\/wp-json\/wp\/v2\/types\/post"}],"author":[{"embeddable":true,"href":"https:\/\/www.meydan.tv\/az\/wp-json\/wp\/v2\/users\/16"}],"replies":[{"embeddable":true,"href":"https:\/\/www.meydan.tv\/az\/wp-json\/wp\/v2\/comments?post=330287"}],"version-history":[{"count":10,"href":"https:\/\/www.meydan.tv\/az\/wp-json\/wp\/v2\/posts\/330287\/revisions"}],"predecessor-version":[{"id":330299,"href":"https:\/\/www.meydan.tv\/az\/wp-json\/wp\/v2\/posts\/330287\/revisions\/330299"}],"wp:featuredmedia":[{"embeddable":true,"href":"https:\/\/www.meydan.tv\/az\/wp-json\/wp\/v2\/media\/157457"}],"wp:attachment":[{"href":"https:\/\/www.meydan.tv\/az\/wp-json\/wp\/v2\/media?parent=330287"}],"wp:term":[{"taxonomy":"category","embeddable":true,"href":"https:\/\/www.meydan.tv\/az\/wp-json\/wp\/v2\/categories?post=330287"},{"taxonomy":"post_tag","embeddable":true,"href":"https:\/\/www.meydan.tv\/az\/wp-json\/wp\/v2\/tags?post=330287"}],"curies":[{"name":"wp","href":"https:\/\/api.w.org\/{rel}","templated":true}]}}