{"id":330246,"date":"2025-05-13T19:16:59","date_gmt":"2025-05-13T15:16:59","guid":{"rendered":"https:\/\/www.meydan.tv\/?p=330246"},"modified":"2025-05-13T22:14:54","modified_gmt":"2025-05-13T18:14:54","slug":"boyuk-britaniya-az%c9%99rbaycanin-z%c9%99ng%c9%99zur-tankerin%c9%99-sanksiya-t%c9%99tbiq-edib","status":"publish","type":"post","link":"https:\/\/www.meydan.tv\/az\/article\/boyuk-britaniya-az%c9%99rbaycanin-z%c9%99ng%c9%99zur-tankerin%c9%99-sanksiya-t%c9%99tbiq-edib\/","title":{"rendered":"B\u00f6y\u00fck Britaniya Az\u0259rbaycan\u0131n \u201cZ\u0259ng\u0259zur\u201d tankerin\u0259 sanksiya t\u0259tbiq edib"},"content":{"rendered":"\n<figure class=\"wp-block-embed is-type-video is-provider-youtube wp-block-embed-youtube wp-embed-aspect-16-9 wp-has-aspect-ratio\"><div class=\"wp-block-embed__wrapper\">\n<iframe title=\"B\u00f6y\u00fck Britaniya Az\u0259rbaycan\u0131n \u201cZ\u0259ng\u0259zur\u201d tankerin\u0259 sanksiya t\u0259tbiq edib\" width=\"1200\" height=\"675\" data-src=\"https:\/\/www.youtube.com\/embed\/Vp5qyv5yI4I?feature=oembed\" frameborder=\"0\" allow=\"accelerometer; autoplay; clipboard-write; encrypted-media; gyroscope; picture-in-picture; web-share\" referrerpolicy=\"strict-origin-when-cross-origin\" allowfullscreen src=\"data:image\/svg+xml;base64,PHN2ZyB3aWR0aD0iMSIgaGVpZ2h0PSIxIiB4bWxucz0iaHR0cDovL3d3dy53My5vcmcvMjAwMC9zdmciPjwvc3ZnPg==\" class=\"lazyload\" data-load-mode=\"1\"><\/iframe>\n<\/div><\/figure>\n\n\n\n<p><strong><em>Sanksiya siyah\u0131s\u0131na h\u0259m\u00e7inin be\u015f Az\u0259rbaycan v\u0259t\u0259nda\u015f\u0131 da daxil edilib<\/em><\/strong><\/p>\n\n\n\n<p>B\u00f6y\u00fck Britaniya may\u0131n 9-da Rusiyaya qar\u015f\u0131 yeni sanksiya t\u0259tbiq edib.<\/p>\n\n\n\n<p>\u00d6lk\u0259nin Maliyy\u0259 Nazirliyi t\u0259r\u0259find\u0259n yay\u0131mlanan s\u0259n\u0259d\u0259 g\u00f6r\u0259, Az\u0259rbaycan h\u00f6kum\u0259tin\u0259 m\u0259xsus \u201cZ\u0259ng\u0259zur\u201d tankerin\u0259 d\u0259 Rusiya neftini da\u015f\u0131d\u0131\u011f\u0131 \u00fc\u00e7\u00fcn <a href=\"https:\/\/www.gov.uk\/government\/publications\/financial-sanctions-ukraine-sovereignty-and-territorial-integrity\" target=\"_blank\" rel=\"noreferrer noopener\">sanksiya<\/a> t\u0259tbiq edilib.<\/p>\n\n\n\n<p>\u201cZ\u0259ng\u0259zur\u201d tankeri Az\u0259rbaycan X\u0259z\u0259r D\u0259niz G\u0259mi\u00e7iliyin\u0259 (ASCO) m\u0259xsusdur v\u0259 2010-cu ild\u0259n istifad\u0259d\u0259dir.<\/p>\n\n\n\n<p>Az\u0259rbaycan X\u0259z\u0259r D\u0259niz G\u0259mi\u00e7iliyinin sayt\u0131nda yerl\u0259\u015fdiril\u0259n a\u00e7\u0131qlamada da qeyd olunur ki, bu tankerin sahibi olan ASCO-nun s\u0259hml\u0259rinin 100 faizi Az\u0259rbaycan h\u00f6kum\u0259tin\u0259 m\u0259xsusdur.<\/p>\n\n\n\n<p>\u015eirk\u0259t sanskiya il\u0259 ba\u011fl\u0131 m\u0259s\u0259l\u0259ni <a href=\"https:\/\/www.occrp.org\/en\/news\/exclusive-uk-sanctions-azerbaijan-state-owned-tanker-for-shipping-russian-oil\" target=\"_blank\" rel=\"noreferrer noopener\">\u015f\u0259rh etm\u0259yib<\/a>.<\/p>\n\n\n\n<p>B\u00f6y\u00fck Britaniyan\u0131n&nbsp; sanksiya siyah\u0131s\u0131na h\u0259m\u00e7inin be\u015f Az\u0259rbaycan v\u0259t\u0259nda\u015f\u0131 da daxil edilib.<\/p>\n\n\n\n<p>H\u0259min \u015f\u0259xsl\u0259r &#8211; Tahir Qarayev, \u018fhm\u0259d K\u0259rimov, Anar M\u0259d\u0259tli, T\u0259l\u0259t S\u0259f\u0259rov v\u0259 Etibar Eyub \u201cCoral Energy Group\u201d (haz\u0131rda \u201c2Rivers Group\u201d) \u015firk\u0259tin\u0259 r\u0259hb\u0259rlik edirl\u0259r.<\/p>\n\n\n\n<p>\u201c2Rivers Group\u201d \u015firk\u0259ti Rusiya neftinin ixrac\u0131nda m\u00fch\u00fcm rol oynayaraq, Q\u0259rb sanksiyalar\u0131ndan yay\u0131nmaq \u00fc\u00e7\u00fcn \u201ck\u00f6lg\u0259 donanmas\u0131\u201d \u0259m\u0259liyyatlar\u0131 h\u0259yata ke\u00e7ir\u0259n \u0259sas ticar\u0259t\u00e7il\u0259rd\u0259n biri kimi tan\u0131n\u0131r.<\/p>\n\n\n\n<p>B\u00f6y\u00fck Britaniya Maliyy\u0259 Nazirliyinin bildirdiyin\u0259 g\u00f6r\u0259, bu \u015firk\u0259t Rusiya enerji sektorunda m\u00fch\u00fcm \u0259h\u0259miyy\u0259t k\u0259sb edir.<\/p>\n\n\n\n<p>G\u0259mil\u0259rl\u0259 yana\u015f\u0131, B\u00f6y\u00fck Britaniya \u201cBX Energy\u201d v\u0259 \u201cNord Axis\u201d LTD adl\u0131 iki \u015firk\u0259ti d\u0259 sanksiya siyah\u0131s\u0131na sal\u0131b.<\/p>\n\n\n\n<p>Bildirilib ki, sanksiyaya d\u00fc\u015f\u0259n az\u0259rbaycanl\u0131 i\u015f adam\u0131 Etibar Eyub h\u0259r iki \u015firk\u0259tl\u0259 \u0259laq\u0259lidir.<\/p>\n\n\n\n<p>\u201cOCCRP\u201d-nin \u0259ld\u0259 etdiyi korporativ s\u0259n\u0259dl\u0259r\u0259 \u0259sas\u0259n, bu \u015firk\u0259tl\u0259r Honq Konqda qeydiyyatdan ke\u00e7ib v\u0259 Dubayda yerl\u0259\u015f\u0259n ayr\u0131ca h\u00fcquqi \u015f\u0259xsl\u0259r\u0259 m\u0259xsusdur.<\/p>\n\n\n\n<p>Bu, Az\u0259rbaycan\u0131n Rusiya nefti il\u0259 \u0259laq\u0259l\u0259ndirildiyi ilk hal deyil.<\/p>\n\n\n\n<p>2024-c\u00fc ilin iyulunda h\u00fcquq m\u00fcdafi\u0259 t\u0259\u015fkilat\u0131 \u201cGlobal Witness\u201d, Az\u0259rbaycan\u0131n d\u00f6vl\u0259t\u0259 m\u0259xsus \u201cSTAR\u201d neft emal\u0131 zavodunun b\u00f6y\u00fck miqdarda Rusiya nefti emal etdiyini g\u00f6st\u0259r\u0259n m\u0259lumatlar payla\u015fm\u0131\u015fd\u0131.<\/p>\n\n\n\n<p>T\u0259\u015fkilat\u0131n m\u0259lumat\u0131na g\u00f6r\u0259, 2024-c\u00fc ilin ilk \u00fc\u00e7 ay\u0131nda bu zavoddan Avropa \u0130ttifaq\u0131na ixrac 2022-ci ilin eyni d\u00f6vr\u00fc il\u0259 m\u00fcqayis\u0259d\u0259 40 faiz art\u0131b.<\/p>\n\n\n\n<p>B\u00f6y\u00fck Britaniya \u201c2Rivers Group\u201da ilk d\u0259f\u0259 2024-c\u00fc ilin dekabr\u0131nda sanksiyalar t\u0259tbiq edib.<\/p>\n","protected":false},"excerpt":{"rendered":"<p>Sanksiya siyah\u0131s\u0131na h\u0259m\u00e7inin be\u015f Az\u0259rbaycan v\u0259t\u0259nda\u015f\u0131 da daxil edilib B\u00f6y\u00fck &#8230; <\/p>\n<p class=\"read-more-container\"><a title=\"B\u00f6y\u00fck Britaniya Az\u0259rbaycan\u0131n \u201cZ\u0259ng\u0259zur\u201d tankerin\u0259 sanksiya t\u0259tbiq edib\" class=\"read-more button\" href=\"https:\/\/www.meydan.tv\/az\/article\/boyuk-britaniya-az%c9%99rbaycanin-z%c9%99ng%c9%99zur-tankerin%c9%99-sanksiya-t%c9%99tbiq-edib\/#more-330246\" aria-label=\"Read more about B\u00f6y\u00fck Britaniya Az\u0259rbaycan\u0131n \u201cZ\u0259ng\u0259zur\u201d tankerin\u0259 sanksiya t\u0259tbiq edib\">Davam\u0131<\/a><\/p>\n","protected":false},"author":21,"featured_media":330258,"comment_status":"closed","ping_status":"closed","sticky":false,"template":"","format":"standard","meta":{"_acf_changed":false,"_sitemap_exclude":false,"_sitemap_priority":"","_sitemap_frequency":"","footnotes":""},"categories":[59,79,63,56],"tags":[],"class_list":["post-330246","post","type-post","status-publish","format-standard","has-post-thumbnail","hentry","category-siyaset","category-featured","category-video-2","category-xeberler","infinite-scroll-item","generate-columns","tablet-grid-50","mobile-grid-100","grid-parent","grid-33","no-featured-image-padding"],"acf":[],"yoast_head":"<!-- This site is optimized with the Yoast SEO plugin v27.4 - https:\/\/yoast.com\/product\/yoast-seo-wordpress\/ -->\n<title>B\u00f6y\u00fck Britaniya Az\u0259rbaycan\u0131n \u201cZ\u0259ng\u0259zur\u201d tankerin\u0259 sanksiya t\u0259tbiq edib - MEYDAN.TV<\/title>\n<meta name=\"robots\" content=\"index, follow, max-snippet:-1, max-image-preview:large, max-video-preview:-1\" \/>\n<link rel=\"canonical\" href=\"https:\/\/www.meydan.tv\/az\/article\/boyuk-britaniya-az%c9%99rbaycanin-z%c9%99ng%c9%99zur-tankerin%c9%99-sanksiya-t%c9%99tbiq-edib\/\" \/>\n<meta property=\"og:locale\" content=\"az_AZ\" \/>\n<meta property=\"og:type\" content=\"article\" \/>\n<meta property=\"og:title\" content=\"B\u00f6y\u00fck Britaniya Az\u0259rbaycan\u0131n \u201cZ\u0259ng\u0259zur\u201d tankerin\u0259 sanksiya t\u0259tbiq edib - MEYDAN.TV\" \/>\n<meta property=\"og:description\" content=\"Sanksiya siyah\u0131s\u0131na h\u0259m\u00e7inin be\u015f Az\u0259rbaycan v\u0259t\u0259nda\u015f\u0131 da daxil edilib B\u00f6y\u00fck ... Davam\u0131\" \/>\n<meta property=\"og:url\" content=\"https:\/\/www.meydan.tv\/az\/article\/boyuk-britaniya-az%c9%99rbaycanin-z%c9%99ng%c9%99zur-tankerin%c9%99-sanksiya-t%c9%99tbiq-edib\/\" \/>\n<meta property=\"og:site_name\" content=\"MEYDAN.TV\" \/>\n<meta property=\"article:published_time\" content=\"2025-05-13T15:16:59+00:00\" \/>\n<meta property=\"article:modified_time\" content=\"2025-05-13T18:14:54+00:00\" \/>\n<meta property=\"og:image\" content=\"https:\/\/www.meydan.tv\/wp-content\/uploads\/screenshot-2025-05-13-at-16.51.42-1200x563.png\" \/>\n\t<meta property=\"og:image:width\" content=\"1200\" \/>\n\t<meta property=\"og:image:height\" content=\"563\" \/>\n\t<meta property=\"og:image:type\" content=\"image\/png\" \/>\n<meta name=\"author\" content=\"mahmud\" \/>\n<meta name=\"twitter:card\" content=\"summary_large_image\" \/>\n<script type=\"application\/ld+json\" class=\"yoast-schema-graph\">{\"@context\":\"https:\\\/\\\/schema.org\",\"@graph\":[{\"@type\":\"Article\",\"@id\":\"https:\\\/\\\/www.meydan.tv\\\/az\\\/article\\\/boyuk-britaniya-az%c9%99rbaycanin-z%c9%99ng%c9%99zur-tankerin%c9%99-sanksiya-t%c9%99tbiq-edib\\\/#article\",\"isPartOf\":{\"@id\":\"https:\\\/\\\/www.meydan.tv\\\/az\\\/article\\\/boyuk-britaniya-az%c9%99rbaycanin-z%c9%99ng%c9%99zur-tankerin%c9%99-sanksiya-t%c9%99tbiq-edib\\\/\"},\"author\":{\"name\":\"mahmud\",\"@id\":\"https:\\\/\\\/www.meydan.tv\\\/az\\\/#\\\/schema\\\/person\\\/09863e516102a829e72bedcf3f84c6b0\"},\"headline\":\"B\u00f6y\u00fck Britaniya Az\u0259rbaycan\u0131n \u201cZ\u0259ng\u0259zur\u201d tankerin\u0259 sanksiya t\u0259tbiq edib\",\"datePublished\":\"2025-05-13T15:16:59+00:00\",\"dateModified\":\"2025-05-13T18:14:54+00:00\",\"mainEntityOfPage\":{\"@id\":\"https:\\\/\\\/www.meydan.tv\\\/az\\\/article\\\/boyuk-britaniya-az%c9%99rbaycanin-z%c9%99ng%c9%99zur-tankerin%c9%99-sanksiya-t%c9%99tbiq-edib\\\/\"},\"wordCount\":464,\"publisher\":{\"@id\":\"https:\\\/\\\/www.meydan.tv\\\/az\\\/#organization\"},\"image\":{\"@id\":\"https:\\\/\\\/www.meydan.tv\\\/az\\\/article\\\/boyuk-britaniya-az%c9%99rbaycanin-z%c9%99ng%c9%99zur-tankerin%c9%99-sanksiya-t%c9%99tbiq-edib\\\/#primaryimage\"},\"thumbnailUrl\":\"https:\\\/\\\/www.meydan.tv\\\/wp-content\\\/uploads\\\/screenshot-2025-05-13-at-16.51.42.png\",\"articleSection\":[\"Siyas\u0259t\",\"T\u00f6vsiy\u0259\",\"Video\",\"X\u0259b\u0259rl\u0259r\"],\"inLanguage\":\"az\"},{\"@type\":\"WebPage\",\"@id\":\"https:\\\/\\\/www.meydan.tv\\\/az\\\/article\\\/boyuk-britaniya-az%c9%99rbaycanin-z%c9%99ng%c9%99zur-tankerin%c9%99-sanksiya-t%c9%99tbiq-edib\\\/\",\"url\":\"https:\\\/\\\/www.meydan.tv\\\/az\\\/article\\\/boyuk-britaniya-az%c9%99rbaycanin-z%c9%99ng%c9%99zur-tankerin%c9%99-sanksiya-t%c9%99tbiq-edib\\\/\",\"name\":\"B\u00f6y\u00fck Britaniya Az\u0259rbaycan\u0131n \u201cZ\u0259ng\u0259zur\u201d tankerin\u0259 sanksiya t\u0259tbiq edib - MEYDAN.TV\",\"isPartOf\":{\"@id\":\"https:\\\/\\\/www.meydan.tv\\\/az\\\/#website\"},\"primaryImageOfPage\":{\"@id\":\"https:\\\/\\\/www.meydan.tv\\\/az\\\/article\\\/boyuk-britaniya-az%c9%99rbaycanin-z%c9%99ng%c9%99zur-tankerin%c9%99-sanksiya-t%c9%99tbiq-edib\\\/#primaryimage\"},\"image\":{\"@id\":\"https:\\\/\\\/www.meydan.tv\\\/az\\\/article\\\/boyuk-britaniya-az%c9%99rbaycanin-z%c9%99ng%c9%99zur-tankerin%c9%99-sanksiya-t%c9%99tbiq-edib\\\/#primaryimage\"},\"thumbnailUrl\":\"https:\\\/\\\/www.meydan.tv\\\/wp-content\\\/uploads\\\/screenshot-2025-05-13-at-16.51.42.png\",\"datePublished\":\"2025-05-13T15:16:59+00:00\",\"dateModified\":\"2025-05-13T18:14:54+00:00\",\"breadcrumb\":{\"@id\":\"https:\\\/\\\/www.meydan.tv\\\/az\\\/article\\\/boyuk-britaniya-az%c9%99rbaycanin-z%c9%99ng%c9%99zur-tankerin%c9%99-sanksiya-t%c9%99tbiq-edib\\\/#breadcrumb\"},\"inLanguage\":\"az\",\"potentialAction\":[{\"@type\":\"ReadAction\",\"target\":[\"https:\\\/\\\/www.meydan.tv\\\/az\\\/article\\\/boyuk-britaniya-az%c9%99rbaycanin-z%c9%99ng%c9%99zur-tankerin%c9%99-sanksiya-t%c9%99tbiq-edib\\\/\"]}]},{\"@type\":\"ImageObject\",\"inLanguage\":\"az\",\"@id\":\"https:\\\/\\\/www.meydan.tv\\\/az\\\/article\\\/boyuk-britaniya-az%c9%99rbaycanin-z%c9%99ng%c9%99zur-tankerin%c9%99-sanksiya-t%c9%99tbiq-edib\\\/#primaryimage\",\"url\":\"https:\\\/\\\/www.meydan.tv\\\/wp-content\\\/uploads\\\/screenshot-2025-05-13-at-16.51.42.png\",\"contentUrl\":\"https:\\\/\\\/www.meydan.tv\\\/wp-content\\\/uploads\\\/screenshot-2025-05-13-at-16.51.42.png\",\"width\":1904,\"height\":894},{\"@type\":\"BreadcrumbList\",\"@id\":\"https:\\\/\\\/www.meydan.tv\\\/az\\\/article\\\/boyuk-britaniya-az%c9%99rbaycanin-z%c9%99ng%c9%99zur-tankerin%c9%99-sanksiya-t%c9%99tbiq-edib\\\/#breadcrumb\",\"itemListElement\":[{\"@type\":\"ListItem\",\"position\":1,\"name\":\"Ana s\u0259hif\u0259\",\"item\":\"https:\\\/\\\/www.meydan.tv\\\/az\\\/\"},{\"@type\":\"ListItem\",\"position\":2,\"name\":\"Siyas\u0259t\",\"item\":\"https:\\\/\\\/www.meydan.tv\\\/az\\\/section\\\/siyaset\\\/\"},{\"@type\":\"ListItem\",\"position\":3,\"name\":\"B\u00f6y\u00fck Britaniya Az\u0259rbaycan\u0131n \u201cZ\u0259ng\u0259zur\u201d tankerin\u0259 sanksiya t\u0259tbiq edib\"}]},{\"@type\":\"WebSite\",\"@id\":\"https:\\\/\\\/www.meydan.tv\\\/az\\\/#website\",\"url\":\"https:\\\/\\\/www.meydan.tv\\\/az\\\/\",\"name\":\"MEYDAN.TV\",\"description\":\"Meydan TV Az\u0259rbaycan\u0131n media m\u0259kan\u0131ndak\u0131 alternativ s\u0259sidir\",\"publisher\":{\"@id\":\"https:\\\/\\\/www.meydan.tv\\\/az\\\/#organization\"},\"potentialAction\":[{\"@type\":\"SearchAction\",\"target\":{\"@type\":\"EntryPoint\",\"urlTemplate\":\"https:\\\/\\\/www.meydan.tv\\\/az\\\/?s={search_term_string}\"},\"query-input\":{\"@type\":\"PropertyValueSpecification\",\"valueRequired\":true,\"valueName\":\"search_term_string\"}}],\"inLanguage\":\"az\"},{\"@type\":\"Organization\",\"@id\":\"https:\\\/\\\/www.meydan.tv\\\/az\\\/#organization\",\"name\":\"Meydan TV\",\"url\":\"https:\\\/\\\/www.meydan.tv\\\/az\\\/\",\"logo\":{\"@type\":\"ImageObject\",\"inLanguage\":\"az\",\"@id\":\"https:\\\/\\\/www.meydan.tv\\\/az\\\/#\\\/schema\\\/logo\\\/image\\\/\",\"url\":\"https:\\\/\\\/www.meydan.tv\\\/wp-content\\\/uploads\\\/2021\\\/07\\\/meydan-logo.svg\",\"contentUrl\":\"https:\\\/\\\/www.meydan.tv\\\/wp-content\\\/uploads\\\/2021\\\/07\\\/meydan-logo.svg\",\"width\":195,\"height\":46,\"caption\":\"Meydan TV\"},\"image\":{\"@id\":\"https:\\\/\\\/www.meydan.tv\\\/az\\\/#\\\/schema\\\/logo\\\/image\\\/\"}},{\"@type\":\"Person\",\"@id\":\"https:\\\/\\\/www.meydan.tv\\\/az\\\/#\\\/schema\\\/person\\\/09863e516102a829e72bedcf3f84c6b0\",\"name\":\"mahmud\"}]}<\/script>\n<!-- \/ Yoast SEO plugin. -->","yoast_head_json":{"title":"B\u00f6y\u00fck Britaniya Az\u0259rbaycan\u0131n \u201cZ\u0259ng\u0259zur\u201d tankerin\u0259 sanksiya t\u0259tbiq edib - MEYDAN.TV","robots":{"index":"index","follow":"follow","max-snippet":"max-snippet:-1","max-image-preview":"max-image-preview:large","max-video-preview":"max-video-preview:-1"},"canonical":"https:\/\/www.meydan.tv\/az\/article\/boyuk-britaniya-az%c9%99rbaycanin-z%c9%99ng%c9%99zur-tankerin%c9%99-sanksiya-t%c9%99tbiq-edib\/","og_locale":"az_AZ","og_type":"article","og_title":"B\u00f6y\u00fck Britaniya Az\u0259rbaycan\u0131n \u201cZ\u0259ng\u0259zur\u201d tankerin\u0259 sanksiya t\u0259tbiq edib - MEYDAN.TV","og_description":"Sanksiya siyah\u0131s\u0131na h\u0259m\u00e7inin be\u015f Az\u0259rbaycan v\u0259t\u0259nda\u015f\u0131 da daxil edilib B\u00f6y\u00fck ... Davam\u0131","og_url":"https:\/\/www.meydan.tv\/az\/article\/boyuk-britaniya-az%c9%99rbaycanin-z%c9%99ng%c9%99zur-tankerin%c9%99-sanksiya-t%c9%99tbiq-edib\/","og_site_name":"MEYDAN.TV","article_published_time":"2025-05-13T15:16:59+00:00","article_modified_time":"2025-05-13T18:14:54+00:00","og_image":[{"width":1200,"height":563,"url":"https:\/\/www.meydan.tv\/wp-content\/uploads\/screenshot-2025-05-13-at-16.51.42-1200x563.png","type":"image\/png"}],"author":"mahmud","twitter_card":"summary_large_image","schema":{"@context":"https:\/\/schema.org","@graph":[{"@type":"Article","@id":"https:\/\/www.meydan.tv\/az\/article\/boyuk-britaniya-az%c9%99rbaycanin-z%c9%99ng%c9%99zur-tankerin%c9%99-sanksiya-t%c9%99tbiq-edib\/#article","isPartOf":{"@id":"https:\/\/www.meydan.tv\/az\/article\/boyuk-britaniya-az%c9%99rbaycanin-z%c9%99ng%c9%99zur-tankerin%c9%99-sanksiya-t%c9%99tbiq-edib\/"},"author":{"name":"mahmud","@id":"https:\/\/www.meydan.tv\/az\/#\/schema\/person\/09863e516102a829e72bedcf3f84c6b0"},"headline":"B\u00f6y\u00fck Britaniya Az\u0259rbaycan\u0131n \u201cZ\u0259ng\u0259zur\u201d tankerin\u0259 sanksiya t\u0259tbiq edib","datePublished":"2025-05-13T15:16:59+00:00","dateModified":"2025-05-13T18:14:54+00:00","mainEntityOfPage":{"@id":"https:\/\/www.meydan.tv\/az\/article\/boyuk-britaniya-az%c9%99rbaycanin-z%c9%99ng%c9%99zur-tankerin%c9%99-sanksiya-t%c9%99tbiq-edib\/"},"wordCount":464,"publisher":{"@id":"https:\/\/www.meydan.tv\/az\/#organization"},"image":{"@id":"https:\/\/www.meydan.tv\/az\/article\/boyuk-britaniya-az%c9%99rbaycanin-z%c9%99ng%c9%99zur-tankerin%c9%99-sanksiya-t%c9%99tbiq-edib\/#primaryimage"},"thumbnailUrl":"https:\/\/www.meydan.tv\/wp-content\/uploads\/screenshot-2025-05-13-at-16.51.42.png","articleSection":["Siyas\u0259t","T\u00f6vsiy\u0259","Video","X\u0259b\u0259rl\u0259r"],"inLanguage":"az"},{"@type":"WebPage","@id":"https:\/\/www.meydan.tv\/az\/article\/boyuk-britaniya-az%c9%99rbaycanin-z%c9%99ng%c9%99zur-tankerin%c9%99-sanksiya-t%c9%99tbiq-edib\/","url":"https:\/\/www.meydan.tv\/az\/article\/boyuk-britaniya-az%c9%99rbaycanin-z%c9%99ng%c9%99zur-tankerin%c9%99-sanksiya-t%c9%99tbiq-edib\/","name":"B\u00f6y\u00fck Britaniya Az\u0259rbaycan\u0131n \u201cZ\u0259ng\u0259zur\u201d tankerin\u0259 sanksiya t\u0259tbiq edib - MEYDAN.TV","isPartOf":{"@id":"https:\/\/www.meydan.tv\/az\/#website"},"primaryImageOfPage":{"@id":"https:\/\/www.meydan.tv\/az\/article\/boyuk-britaniya-az%c9%99rbaycanin-z%c9%99ng%c9%99zur-tankerin%c9%99-sanksiya-t%c9%99tbiq-edib\/#primaryimage"},"image":{"@id":"https:\/\/www.meydan.tv\/az\/article\/boyuk-britaniya-az%c9%99rbaycanin-z%c9%99ng%c9%99zur-tankerin%c9%99-sanksiya-t%c9%99tbiq-edib\/#primaryimage"},"thumbnailUrl":"https:\/\/www.meydan.tv\/wp-content\/uploads\/screenshot-2025-05-13-at-16.51.42.png","datePublished":"2025-05-13T15:16:59+00:00","dateModified":"2025-05-13T18:14:54+00:00","breadcrumb":{"@id":"https:\/\/www.meydan.tv\/az\/article\/boyuk-britaniya-az%c9%99rbaycanin-z%c9%99ng%c9%99zur-tankerin%c9%99-sanksiya-t%c9%99tbiq-edib\/#breadcrumb"},"inLanguage":"az","potentialAction":[{"@type":"ReadAction","target":["https:\/\/www.meydan.tv\/az\/article\/boyuk-britaniya-az%c9%99rbaycanin-z%c9%99ng%c9%99zur-tankerin%c9%99-sanksiya-t%c9%99tbiq-edib\/"]}]},{"@type":"ImageObject","inLanguage":"az","@id":"https:\/\/www.meydan.tv\/az\/article\/boyuk-britaniya-az%c9%99rbaycanin-z%c9%99ng%c9%99zur-tankerin%c9%99-sanksiya-t%c9%99tbiq-edib\/#primaryimage","url":"https:\/\/www.meydan.tv\/wp-content\/uploads\/screenshot-2025-05-13-at-16.51.42.png","contentUrl":"https:\/\/www.meydan.tv\/wp-content\/uploads\/screenshot-2025-05-13-at-16.51.42.png","width":1904,"height":894},{"@type":"BreadcrumbList","@id":"https:\/\/www.meydan.tv\/az\/article\/boyuk-britaniya-az%c9%99rbaycanin-z%c9%99ng%c9%99zur-tankerin%c9%99-sanksiya-t%c9%99tbiq-edib\/#breadcrumb","itemListElement":[{"@type":"ListItem","position":1,"name":"Ana s\u0259hif\u0259","item":"https:\/\/www.meydan.tv\/az\/"},{"@type":"ListItem","position":2,"name":"Siyas\u0259t","item":"https:\/\/www.meydan.tv\/az\/section\/siyaset\/"},{"@type":"ListItem","position":3,"name":"B\u00f6y\u00fck Britaniya Az\u0259rbaycan\u0131n \u201cZ\u0259ng\u0259zur\u201d tankerin\u0259 sanksiya t\u0259tbiq edib"}]},{"@type":"WebSite","@id":"https:\/\/www.meydan.tv\/az\/#website","url":"https:\/\/www.meydan.tv\/az\/","name":"MEYDAN.TV","description":"Meydan TV Az\u0259rbaycan\u0131n media m\u0259kan\u0131ndak\u0131 alternativ s\u0259sidir","publisher":{"@id":"https:\/\/www.meydan.tv\/az\/#organization"},"potentialAction":[{"@type":"SearchAction","target":{"@type":"EntryPoint","urlTemplate":"https:\/\/www.meydan.tv\/az\/?s={search_term_string}"},"query-input":{"@type":"PropertyValueSpecification","valueRequired":true,"valueName":"search_term_string"}}],"inLanguage":"az"},{"@type":"Organization","@id":"https:\/\/www.meydan.tv\/az\/#organization","name":"Meydan TV","url":"https:\/\/www.meydan.tv\/az\/","logo":{"@type":"ImageObject","inLanguage":"az","@id":"https:\/\/www.meydan.tv\/az\/#\/schema\/logo\/image\/","url":"https:\/\/www.meydan.tv\/wp-content\/uploads\/2021\/07\/meydan-logo.svg","contentUrl":"https:\/\/www.meydan.tv\/wp-content\/uploads\/2021\/07\/meydan-logo.svg","width":195,"height":46,"caption":"Meydan TV"},"image":{"@id":"https:\/\/www.meydan.tv\/az\/#\/schema\/logo\/image\/"}},{"@type":"Person","@id":"https:\/\/www.meydan.tv\/az\/#\/schema\/person\/09863e516102a829e72bedcf3f84c6b0","name":"mahmud"}]}},"_links":{"self":[{"href":"https:\/\/www.meydan.tv\/az\/wp-json\/wp\/v2\/posts\/330246","targetHints":{"allow":["GET"]}}],"collection":[{"href":"https:\/\/www.meydan.tv\/az\/wp-json\/wp\/v2\/posts"}],"about":[{"href":"https:\/\/www.meydan.tv\/az\/wp-json\/wp\/v2\/types\/post"}],"author":[{"embeddable":true,"href":"https:\/\/www.meydan.tv\/az\/wp-json\/wp\/v2\/users\/21"}],"replies":[{"embeddable":true,"href":"https:\/\/www.meydan.tv\/az\/wp-json\/wp\/v2\/comments?post=330246"}],"version-history":[{"count":4,"href":"https:\/\/www.meydan.tv\/az\/wp-json\/wp\/v2\/posts\/330246\/revisions"}],"predecessor-version":[{"id":330261,"href":"https:\/\/www.meydan.tv\/az\/wp-json\/wp\/v2\/posts\/330246\/revisions\/330261"}],"wp:featuredmedia":[{"embeddable":true,"href":"https:\/\/www.meydan.tv\/az\/wp-json\/wp\/v2\/media\/330258"}],"wp:attachment":[{"href":"https:\/\/www.meydan.tv\/az\/wp-json\/wp\/v2\/media?parent=330246"}],"wp:term":[{"taxonomy":"category","embeddable":true,"href":"https:\/\/www.meydan.tv\/az\/wp-json\/wp\/v2\/categories?post=330246"},{"taxonomy":"post_tag","embeddable":true,"href":"https:\/\/www.meydan.tv\/az\/wp-json\/wp\/v2\/tags?post=330246"}],"curies":[{"name":"wp","href":"https:\/\/api.w.org\/{rel}","templated":true}]}}