{"id":330198,"date":"2025-05-12T20:04:58","date_gmt":"2025-05-12T16:04:58","guid":{"rendered":"https:\/\/www.meydan.tv\/?p=330198"},"modified":"2025-05-12T20:05:01","modified_gmt":"2025-05-12T16:05:01","slug":"amnesty-international-az%c9%99rbaycanda-f%c9%99aliyy%c9%99t-gost%c9%99r%c9%99n-s%c9%99firlikl%c9%99r%c9%99-cagiris-edib","status":"publish","type":"post","link":"https:\/\/www.meydan.tv\/az\/article\/amnesty-international-az%c9%99rbaycanda-f%c9%99aliyy%c9%99t-gost%c9%99r%c9%99n-s%c9%99firlikl%c9%99r%c9%99-cagiris-edib\/","title":{"rendered":"\u201cAmnesty International\u201d Az\u0259rbaycanda f\u0259aliyy\u0259t g\u00f6st\u0259r\u0259n s\u0259firlikl\u0259r\u0259 \u00e7a\u011f\u0131r\u0131\u015f edib"},"content":{"rendered":"\n<p><\/p>\n\n\n\n<p><strong><em>T\u0259\u015fkilat \u201cAbzasMedia\u201dn\u0131n h\u0259bsd\u0259 olan \u0259m\u0259kda\u015f\u0131 N\u0259rgiz Absalamovan\u0131n kampaniyas\u0131 \u00e7\u0259r\u00e7iv\u0259sind\u0259 b\u0259yanat yay\u0131b<\/em><\/strong><\/p>\n\n\n\n<p>\u201cAmnesty International\u201d beyn\u0259lxalq insan h\u00fcquqlar\u0131 t\u0259\u015fkilat\u0131 Az\u0259rbaycanda f\u0259aliyy\u0259t g\u00f6st\u0259r\u0259n b\u00fct\u00fcn s\u0259firlikl\u0259ri&nbsp;\u201cAbzasMedia\u201dn\u0131n may\u0131n 13-d\u0259 ke\u00e7iril\u0259c\u0259k n\u00f6vb\u0259ti m\u0259hk\u0259m\u0259 prosesind\u0259 i\u015ftiraka \u00e7a\u011f\u0131r\u0131b.<\/p>\n\n\n\n<p>T\u0259\u015fkilat \u201cAbzasMedia\u201dn\u0131n h\u0259bsd\u0259 olan \u0259m\u0259kda\u015f\u0131 N\u0259rgiz Absalamovan\u0131n kampaniyas\u0131 \u00e7\u0259r\u00e7iv\u0259sind\u0259 <a href=\"https:\/\/www.instagram.com\/p\/DJjPsPCiWGS\/\" target=\"_blank\" rel=\"noreferrer noopener\">b\u0259yanat yay\u0131b<\/a>.<\/p>\n\n\n\n<p>\u201cN\u0259rgiz Absalamova v\u0259 onun \u201cAbzasMedia\u201ddak\u0131 h\u0259mkarlar\u0131 2023-c\u00fc ilin noyabr\u0131ndan etibar\u0259n h\u0259bsd\u0259dirl\u0259r. Biz hakimiyy\u0259ti onlara v\u0259 dig\u0259r jurnalistl\u0259r\u0259 qar\u015f\u0131 ir\u0259li s\u00fcr\u00fclm\u00fc\u015f b\u00fct\u00fcn ittihamlar\u0131 l\u0259\u011fv etm\u0259y\u0259, el\u0259c\u0259 d\u0259 s\u0259firlikl\u0259ri 13 mayda ke\u00e7iril\u0259c\u0259k n\u00f6vb\u0259ti m\u0259hk\u0259m\u0259 iclas\u0131nda i\u015ftirak etm\u0259y\u0259 \u00e7a\u011f\u0131r\u0131r\u0131q\u201d, &#8211; b\u0259yanatda qeyd olunub.<\/p>\n\n\n\n<p>\u201cAmnesty International\u201d t\u0259\u015fkilat\u0131 2024-c\u00fc ilin noyabr\u0131ndan etibar\u0259n h\u0259bsd\u0259 olan jurnalist N\u0259rgiz Absalamova il\u0259 ba\u011fl\u0131 kampaniya apar\u0131r v\u0259 onun azad edilm\u0259sin\u0259 \u00e7a\u011f\u0131r\u0131\u015f edir.<\/p>\n\n\n\n<p>2023-c\u00fc ilin noyabr\u0131n 20-d\u0259n etibar\u0259n Az\u0259rbaycanda korrupsiya ara\u015fd\u0131rmalar\u0131 aparan \u201cAbzasMedia\u201d n\u0259\u015frinin 6 \u0259m\u0259kda\u015f\u0131 \u2013 direktor \u00dclvi H\u0259s\u0259nli, onun m\u00fcavini M\u0259h\u0259mm\u0259d Kekalov, ba\u015f redaktor Sevinc Vaqifq\u0131z\u0131, reportyorlar N\u0259rgiz Absalamova v\u0259 Elnar\u0259 Qas\u0131mova, ara\u015fd\u0131rma\u00e7\u0131 jurnalist Hafiz Babal\u0131, \u00f6t\u0259n ilin may\u0131nda is\u0259 \u201cAzadl\u0131q\u201d radiosunun jurnalisti, iqtisad\u00e7\u0131 F\u0259rid Mehral\u0131zad\u0259 \u201cAbzasMedia i\u015fi\u201d \u00e7\u0259r\u00e7iv\u0259sind\u0259 h\u0259bs edilib.<\/p>\n\n\n\n<p>Jurnalistl\u0259rin ham\u0131s\u0131 \u0259vv\u0259lc\u0259 qa\u00e7aqmal\u00e7\u0131l\u0131qda ittiham olunublar.<\/p>\n\n\n\n<p>2024-c\u00fc ilin avqustunda is\u0259 \u201cAbzasMedia i\u015fi\u201d \u00fczr\u0259 h\u0259bs edil\u0259n \u015f\u0259xsl\u0259r\u0259 qar\u015f\u0131 ittihamlar a\u011f\u0131rla\u015fd\u0131r\u0131l\u0131b.<\/p>\n\n\n\n<p>\u0130stintaq\u0131n ir\u0259li s\u00fcrd\u00fcy\u00fc \u0259lav\u0259 ittihamlar\u0131 da n\u0259z\u0259r\u0259 alsaq, jurnalistl\u0259ri 8 ild\u0259n 12 il\u0259d\u0259k h\u0259bs c\u0259zas\u0131 g\u00f6zl\u0259yir.<\/p>\n\n\n\n<p>Yerli v\u0259 beyn\u0259lxalq h\u00fcquq m\u00fcdafi\u0259 t\u0259\u015fkilatlar\u0131 bu h\u0259bsl\u0259ri siyasi motivli hesab edir v\u0259 jurnalistl\u0259rin azad edilm\u0259sin\u0259, onlara qar\u015f\u0131 ittihamlar\u0131n l\u0259\u011fv olunmas\u0131na dair \u00e7a\u011f\u0131r\u0131\u015f edirl\u0259r.<\/p>\n","protected":false},"excerpt":{"rendered":"<p>T\u0259\u015fkilat \u201cAbzasMedia\u201dn\u0131n h\u0259bsd\u0259 olan \u0259m\u0259kda\u015f\u0131 N\u0259rgiz Absalamovan\u0131n kampaniyas\u0131 \u00e7\u0259r\u00e7iv\u0259sind\u0259 b\u0259yanat &#8230; <\/p>\n<p class=\"read-more-container\"><a title=\"\u201cAmnesty International\u201d Az\u0259rbaycanda f\u0259aliyy\u0259t g\u00f6st\u0259r\u0259n s\u0259firlikl\u0259r\u0259 \u00e7a\u011f\u0131r\u0131\u015f edib\" class=\"read-more button\" href=\"https:\/\/www.meydan.tv\/az\/article\/amnesty-international-az%c9%99rbaycanda-f%c9%99aliyy%c9%99t-gost%c9%99r%c9%99n-s%c9%99firlikl%c9%99r%c9%99-cagiris-edib\/#more-330198\" aria-label=\"Read more about \u201cAmnesty International\u201d Az\u0259rbaycanda f\u0259aliyy\u0259t g\u00f6st\u0259r\u0259n s\u0259firlikl\u0259r\u0259 \u00e7a\u011f\u0131r\u0131\u015f edib\">Davam\u0131<\/a><\/p>\n","protected":false},"author":21,"featured_media":229428,"comment_status":"closed","ping_status":"closed","sticky":false,"template":"","format":"standard","meta":{"_acf_changed":false,"_sitemap_exclude":false,"_sitemap_priority":"","_sitemap_frequency":"","footnotes":""},"categories":[59,79,56],"tags":[],"class_list":["post-330198","post","type-post","status-publish","format-standard","has-post-thumbnail","hentry","category-siyaset","category-featured","category-xeberler","infinite-scroll-item","generate-columns","tablet-grid-50","mobile-grid-100","grid-parent","grid-33","no-featured-image-padding"],"acf":[],"yoast_head":"<!-- This site is optimized with the Yoast SEO plugin v27.5 - https:\/\/yoast.com\/product\/yoast-seo-wordpress\/ -->\n<title>\u201cAmnesty International\u201d Az\u0259rbaycanda f\u0259aliyy\u0259t g\u00f6st\u0259r\u0259n s\u0259firlikl\u0259r\u0259 \u00e7a\u011f\u0131r\u0131\u015f edib - MEYDAN.TV<\/title>\n<meta name=\"robots\" content=\"index, follow, max-snippet:-1, max-image-preview:large, max-video-preview:-1\" \/>\n<link rel=\"canonical\" href=\"https:\/\/www.meydan.tv\/az\/article\/amnesty-international-az%c9%99rbaycanda-f%c9%99aliyy%c9%99t-gost%c9%99r%c9%99n-s%c9%99firlikl%c9%99r%c9%99-cagiris-edib\/\" \/>\n<meta property=\"og:locale\" content=\"az_AZ\" \/>\n<meta property=\"og:type\" content=\"article\" \/>\n<meta property=\"og:title\" content=\"\u201cAmnesty International\u201d Az\u0259rbaycanda f\u0259aliyy\u0259t g\u00f6st\u0259r\u0259n s\u0259firlikl\u0259r\u0259 \u00e7a\u011f\u0131r\u0131\u015f edib - MEYDAN.TV\" \/>\n<meta property=\"og:description\" content=\"T\u0259\u015fkilat \u201cAbzasMedia\u201dn\u0131n h\u0259bsd\u0259 olan \u0259m\u0259kda\u015f\u0131 N\u0259rgiz Absalamovan\u0131n kampaniyas\u0131 \u00e7\u0259r\u00e7iv\u0259sind\u0259 b\u0259yanat ... Davam\u0131\" \/>\n<meta property=\"og:url\" content=\"https:\/\/www.meydan.tv\/az\/article\/amnesty-international-az%c9%99rbaycanda-f%c9%99aliyy%c9%99t-gost%c9%99r%c9%99n-s%c9%99firlikl%c9%99r%c9%99-cagiris-edib\/\" \/>\n<meta property=\"og:site_name\" content=\"MEYDAN.TV\" \/>\n<meta property=\"article:published_time\" content=\"2025-05-12T16:04:58+00:00\" \/>\n<meta property=\"article:modified_time\" content=\"2025-05-12T16:05:01+00:00\" \/>\n<meta property=\"og:image\" content=\"https:\/\/www.meydan.tv\/wp-content\/uploads\/shutterstock_1170052747.jpg\" \/>\n\t<meta property=\"og:image:width\" content=\"1200\" \/>\n\t<meta property=\"og:image:height\" content=\"960\" \/>\n\t<meta property=\"og:image:type\" content=\"image\/jpeg\" \/>\n<meta name=\"author\" content=\"mahmud\" \/>\n<meta name=\"twitter:card\" content=\"summary_large_image\" \/>\n<script type=\"application\/ld+json\" class=\"yoast-schema-graph\">{\"@context\":\"https:\\\/\\\/schema.org\",\"@graph\":[{\"@type\":\"Article\",\"@id\":\"https:\\\/\\\/www.meydan.tv\\\/az\\\/article\\\/amnesty-international-az%c9%99rbaycanda-f%c9%99aliyy%c9%99t-gost%c9%99r%c9%99n-s%c9%99firlikl%c9%99r%c9%99-cagiris-edib\\\/#article\",\"isPartOf\":{\"@id\":\"https:\\\/\\\/www.meydan.tv\\\/az\\\/article\\\/amnesty-international-az%c9%99rbaycanda-f%c9%99aliyy%c9%99t-gost%c9%99r%c9%99n-s%c9%99firlikl%c9%99r%c9%99-cagiris-edib\\\/\"},\"author\":{\"name\":\"mahmud\",\"@id\":\"https:\\\/\\\/www.meydan.tv\\\/az\\\/#\\\/schema\\\/person\\\/09863e516102a829e72bedcf3f84c6b0\"},\"headline\":\"\u201cAmnesty International\u201d Az\u0259rbaycanda f\u0259aliyy\u0259t g\u00f6st\u0259r\u0259n s\u0259firlikl\u0259r\u0259 \u00e7a\u011f\u0131r\u0131\u015f edib\",\"datePublished\":\"2025-05-12T16:04:58+00:00\",\"dateModified\":\"2025-05-12T16:05:01+00:00\",\"mainEntityOfPage\":{\"@id\":\"https:\\\/\\\/www.meydan.tv\\\/az\\\/article\\\/amnesty-international-az%c9%99rbaycanda-f%c9%99aliyy%c9%99t-gost%c9%99r%c9%99n-s%c9%99firlikl%c9%99r%c9%99-cagiris-edib\\\/\"},\"wordCount\":388,\"publisher\":{\"@id\":\"https:\\\/\\\/www.meydan.tv\\\/az\\\/#organization\"},\"image\":{\"@id\":\"https:\\\/\\\/www.meydan.tv\\\/az\\\/article\\\/amnesty-international-az%c9%99rbaycanda-f%c9%99aliyy%c9%99t-gost%c9%99r%c9%99n-s%c9%99firlikl%c9%99r%c9%99-cagiris-edib\\\/#primaryimage\"},\"thumbnailUrl\":\"https:\\\/\\\/www.meydan.tv\\\/wp-content\\\/uploads\\\/shutterstock_1170052747.jpg\",\"articleSection\":[\"Siyas\u0259t\",\"T\u00f6vsiy\u0259\",\"X\u0259b\u0259rl\u0259r\"],\"inLanguage\":\"az\"},{\"@type\":\"WebPage\",\"@id\":\"https:\\\/\\\/www.meydan.tv\\\/az\\\/article\\\/amnesty-international-az%c9%99rbaycanda-f%c9%99aliyy%c9%99t-gost%c9%99r%c9%99n-s%c9%99firlikl%c9%99r%c9%99-cagiris-edib\\\/\",\"url\":\"https:\\\/\\\/www.meydan.tv\\\/az\\\/article\\\/amnesty-international-az%c9%99rbaycanda-f%c9%99aliyy%c9%99t-gost%c9%99r%c9%99n-s%c9%99firlikl%c9%99r%c9%99-cagiris-edib\\\/\",\"name\":\"\u201cAmnesty International\u201d Az\u0259rbaycanda f\u0259aliyy\u0259t g\u00f6st\u0259r\u0259n s\u0259firlikl\u0259r\u0259 \u00e7a\u011f\u0131r\u0131\u015f edib - MEYDAN.TV\",\"isPartOf\":{\"@id\":\"https:\\\/\\\/www.meydan.tv\\\/az\\\/#website\"},\"primaryImageOfPage\":{\"@id\":\"https:\\\/\\\/www.meydan.tv\\\/az\\\/article\\\/amnesty-international-az%c9%99rbaycanda-f%c9%99aliyy%c9%99t-gost%c9%99r%c9%99n-s%c9%99firlikl%c9%99r%c9%99-cagiris-edib\\\/#primaryimage\"},\"image\":{\"@id\":\"https:\\\/\\\/www.meydan.tv\\\/az\\\/article\\\/amnesty-international-az%c9%99rbaycanda-f%c9%99aliyy%c9%99t-gost%c9%99r%c9%99n-s%c9%99firlikl%c9%99r%c9%99-cagiris-edib\\\/#primaryimage\"},\"thumbnailUrl\":\"https:\\\/\\\/www.meydan.tv\\\/wp-content\\\/uploads\\\/shutterstock_1170052747.jpg\",\"datePublished\":\"2025-05-12T16:04:58+00:00\",\"dateModified\":\"2025-05-12T16:05:01+00:00\",\"breadcrumb\":{\"@id\":\"https:\\\/\\\/www.meydan.tv\\\/az\\\/article\\\/amnesty-international-az%c9%99rbaycanda-f%c9%99aliyy%c9%99t-gost%c9%99r%c9%99n-s%c9%99firlikl%c9%99r%c9%99-cagiris-edib\\\/#breadcrumb\"},\"inLanguage\":\"az\",\"potentialAction\":[{\"@type\":\"ReadAction\",\"target\":[\"https:\\\/\\\/www.meydan.tv\\\/az\\\/article\\\/amnesty-international-az%c9%99rbaycanda-f%c9%99aliyy%c9%99t-gost%c9%99r%c9%99n-s%c9%99firlikl%c9%99r%c9%99-cagiris-edib\\\/\"]}]},{\"@type\":\"ImageObject\",\"inLanguage\":\"az\",\"@id\":\"https:\\\/\\\/www.meydan.tv\\\/az\\\/article\\\/amnesty-international-az%c9%99rbaycanda-f%c9%99aliyy%c9%99t-gost%c9%99r%c9%99n-s%c9%99firlikl%c9%99r%c9%99-cagiris-edib\\\/#primaryimage\",\"url\":\"https:\\\/\\\/www.meydan.tv\\\/wp-content\\\/uploads\\\/shutterstock_1170052747.jpg\",\"contentUrl\":\"https:\\\/\\\/www.meydan.tv\\\/wp-content\\\/uploads\\\/shutterstock_1170052747.jpg\",\"width\":1200,\"height\":960,\"caption\":\"Foto: By Casimiro PT\\\/Shutterstock\"},{\"@type\":\"BreadcrumbList\",\"@id\":\"https:\\\/\\\/www.meydan.tv\\\/az\\\/article\\\/amnesty-international-az%c9%99rbaycanda-f%c9%99aliyy%c9%99t-gost%c9%99r%c9%99n-s%c9%99firlikl%c9%99r%c9%99-cagiris-edib\\\/#breadcrumb\",\"itemListElement\":[{\"@type\":\"ListItem\",\"position\":1,\"name\":\"Ana s\u0259hif\u0259\",\"item\":\"https:\\\/\\\/www.meydan.tv\\\/az\\\/\"},{\"@type\":\"ListItem\",\"position\":2,\"name\":\"Siyas\u0259t\",\"item\":\"https:\\\/\\\/www.meydan.tv\\\/az\\\/section\\\/siyaset\\\/\"},{\"@type\":\"ListItem\",\"position\":3,\"name\":\"\u201cAmnesty International\u201d Az\u0259rbaycanda f\u0259aliyy\u0259t g\u00f6st\u0259r\u0259n s\u0259firlikl\u0259r\u0259 \u00e7a\u011f\u0131r\u0131\u015f edib\"}]},{\"@type\":\"WebSite\",\"@id\":\"https:\\\/\\\/www.meydan.tv\\\/az\\\/#website\",\"url\":\"https:\\\/\\\/www.meydan.tv\\\/az\\\/\",\"name\":\"MEYDAN.TV\",\"description\":\"Meydan TV Az\u0259rbaycan\u0131n media m\u0259kan\u0131ndak\u0131 alternativ s\u0259sidir\",\"publisher\":{\"@id\":\"https:\\\/\\\/www.meydan.tv\\\/az\\\/#organization\"},\"potentialAction\":[{\"@type\":\"SearchAction\",\"target\":{\"@type\":\"EntryPoint\",\"urlTemplate\":\"https:\\\/\\\/www.meydan.tv\\\/az\\\/?s={search_term_string}\"},\"query-input\":{\"@type\":\"PropertyValueSpecification\",\"valueRequired\":true,\"valueName\":\"search_term_string\"}}],\"inLanguage\":\"az\"},{\"@type\":\"Organization\",\"@id\":\"https:\\\/\\\/www.meydan.tv\\\/az\\\/#organization\",\"name\":\"Meydan TV\",\"url\":\"https:\\\/\\\/www.meydan.tv\\\/az\\\/\",\"logo\":{\"@type\":\"ImageObject\",\"inLanguage\":\"az\",\"@id\":\"https:\\\/\\\/www.meydan.tv\\\/az\\\/#\\\/schema\\\/logo\\\/image\\\/\",\"url\":\"https:\\\/\\\/www.meydan.tv\\\/wp-content\\\/uploads\\\/2021\\\/07\\\/meydan-logo.svg\",\"contentUrl\":\"https:\\\/\\\/www.meydan.tv\\\/wp-content\\\/uploads\\\/2021\\\/07\\\/meydan-logo.svg\",\"width\":195,\"height\":46,\"caption\":\"Meydan TV\"},\"image\":{\"@id\":\"https:\\\/\\\/www.meydan.tv\\\/az\\\/#\\\/schema\\\/logo\\\/image\\\/\"}},{\"@type\":\"Person\",\"@id\":\"https:\\\/\\\/www.meydan.tv\\\/az\\\/#\\\/schema\\\/person\\\/09863e516102a829e72bedcf3f84c6b0\",\"name\":\"mahmud\"}]}<\/script>\n<!-- \/ Yoast SEO plugin. -->","yoast_head_json":{"title":"\u201cAmnesty International\u201d Az\u0259rbaycanda f\u0259aliyy\u0259t g\u00f6st\u0259r\u0259n s\u0259firlikl\u0259r\u0259 \u00e7a\u011f\u0131r\u0131\u015f edib - MEYDAN.TV","robots":{"index":"index","follow":"follow","max-snippet":"max-snippet:-1","max-image-preview":"max-image-preview:large","max-video-preview":"max-video-preview:-1"},"canonical":"https:\/\/www.meydan.tv\/az\/article\/amnesty-international-az%c9%99rbaycanda-f%c9%99aliyy%c9%99t-gost%c9%99r%c9%99n-s%c9%99firlikl%c9%99r%c9%99-cagiris-edib\/","og_locale":"az_AZ","og_type":"article","og_title":"\u201cAmnesty International\u201d Az\u0259rbaycanda f\u0259aliyy\u0259t g\u00f6st\u0259r\u0259n s\u0259firlikl\u0259r\u0259 \u00e7a\u011f\u0131r\u0131\u015f edib - MEYDAN.TV","og_description":"T\u0259\u015fkilat \u201cAbzasMedia\u201dn\u0131n h\u0259bsd\u0259 olan \u0259m\u0259kda\u015f\u0131 N\u0259rgiz Absalamovan\u0131n kampaniyas\u0131 \u00e7\u0259r\u00e7iv\u0259sind\u0259 b\u0259yanat ... Davam\u0131","og_url":"https:\/\/www.meydan.tv\/az\/article\/amnesty-international-az%c9%99rbaycanda-f%c9%99aliyy%c9%99t-gost%c9%99r%c9%99n-s%c9%99firlikl%c9%99r%c9%99-cagiris-edib\/","og_site_name":"MEYDAN.TV","article_published_time":"2025-05-12T16:04:58+00:00","article_modified_time":"2025-05-12T16:05:01+00:00","og_image":[{"width":1200,"height":960,"url":"https:\/\/www.meydan.tv\/wp-content\/uploads\/shutterstock_1170052747.jpg","type":"image\/jpeg"}],"author":"mahmud","twitter_card":"summary_large_image","schema":{"@context":"https:\/\/schema.org","@graph":[{"@type":"Article","@id":"https:\/\/www.meydan.tv\/az\/article\/amnesty-international-az%c9%99rbaycanda-f%c9%99aliyy%c9%99t-gost%c9%99r%c9%99n-s%c9%99firlikl%c9%99r%c9%99-cagiris-edib\/#article","isPartOf":{"@id":"https:\/\/www.meydan.tv\/az\/article\/amnesty-international-az%c9%99rbaycanda-f%c9%99aliyy%c9%99t-gost%c9%99r%c9%99n-s%c9%99firlikl%c9%99r%c9%99-cagiris-edib\/"},"author":{"name":"mahmud","@id":"https:\/\/www.meydan.tv\/az\/#\/schema\/person\/09863e516102a829e72bedcf3f84c6b0"},"headline":"\u201cAmnesty International\u201d Az\u0259rbaycanda f\u0259aliyy\u0259t g\u00f6st\u0259r\u0259n s\u0259firlikl\u0259r\u0259 \u00e7a\u011f\u0131r\u0131\u015f edib","datePublished":"2025-05-12T16:04:58+00:00","dateModified":"2025-05-12T16:05:01+00:00","mainEntityOfPage":{"@id":"https:\/\/www.meydan.tv\/az\/article\/amnesty-international-az%c9%99rbaycanda-f%c9%99aliyy%c9%99t-gost%c9%99r%c9%99n-s%c9%99firlikl%c9%99r%c9%99-cagiris-edib\/"},"wordCount":388,"publisher":{"@id":"https:\/\/www.meydan.tv\/az\/#organization"},"image":{"@id":"https:\/\/www.meydan.tv\/az\/article\/amnesty-international-az%c9%99rbaycanda-f%c9%99aliyy%c9%99t-gost%c9%99r%c9%99n-s%c9%99firlikl%c9%99r%c9%99-cagiris-edib\/#primaryimage"},"thumbnailUrl":"https:\/\/www.meydan.tv\/wp-content\/uploads\/shutterstock_1170052747.jpg","articleSection":["Siyas\u0259t","T\u00f6vsiy\u0259","X\u0259b\u0259rl\u0259r"],"inLanguage":"az"},{"@type":"WebPage","@id":"https:\/\/www.meydan.tv\/az\/article\/amnesty-international-az%c9%99rbaycanda-f%c9%99aliyy%c9%99t-gost%c9%99r%c9%99n-s%c9%99firlikl%c9%99r%c9%99-cagiris-edib\/","url":"https:\/\/www.meydan.tv\/az\/article\/amnesty-international-az%c9%99rbaycanda-f%c9%99aliyy%c9%99t-gost%c9%99r%c9%99n-s%c9%99firlikl%c9%99r%c9%99-cagiris-edib\/","name":"\u201cAmnesty International\u201d Az\u0259rbaycanda f\u0259aliyy\u0259t g\u00f6st\u0259r\u0259n s\u0259firlikl\u0259r\u0259 \u00e7a\u011f\u0131r\u0131\u015f edib - MEYDAN.TV","isPartOf":{"@id":"https:\/\/www.meydan.tv\/az\/#website"},"primaryImageOfPage":{"@id":"https:\/\/www.meydan.tv\/az\/article\/amnesty-international-az%c9%99rbaycanda-f%c9%99aliyy%c9%99t-gost%c9%99r%c9%99n-s%c9%99firlikl%c9%99r%c9%99-cagiris-edib\/#primaryimage"},"image":{"@id":"https:\/\/www.meydan.tv\/az\/article\/amnesty-international-az%c9%99rbaycanda-f%c9%99aliyy%c9%99t-gost%c9%99r%c9%99n-s%c9%99firlikl%c9%99r%c9%99-cagiris-edib\/#primaryimage"},"thumbnailUrl":"https:\/\/www.meydan.tv\/wp-content\/uploads\/shutterstock_1170052747.jpg","datePublished":"2025-05-12T16:04:58+00:00","dateModified":"2025-05-12T16:05:01+00:00","breadcrumb":{"@id":"https:\/\/www.meydan.tv\/az\/article\/amnesty-international-az%c9%99rbaycanda-f%c9%99aliyy%c9%99t-gost%c9%99r%c9%99n-s%c9%99firlikl%c9%99r%c9%99-cagiris-edib\/#breadcrumb"},"inLanguage":"az","potentialAction":[{"@type":"ReadAction","target":["https:\/\/www.meydan.tv\/az\/article\/amnesty-international-az%c9%99rbaycanda-f%c9%99aliyy%c9%99t-gost%c9%99r%c9%99n-s%c9%99firlikl%c9%99r%c9%99-cagiris-edib\/"]}]},{"@type":"ImageObject","inLanguage":"az","@id":"https:\/\/www.meydan.tv\/az\/article\/amnesty-international-az%c9%99rbaycanda-f%c9%99aliyy%c9%99t-gost%c9%99r%c9%99n-s%c9%99firlikl%c9%99r%c9%99-cagiris-edib\/#primaryimage","url":"https:\/\/www.meydan.tv\/wp-content\/uploads\/shutterstock_1170052747.jpg","contentUrl":"https:\/\/www.meydan.tv\/wp-content\/uploads\/shutterstock_1170052747.jpg","width":1200,"height":960,"caption":"Foto: By Casimiro PT\/Shutterstock"},{"@type":"BreadcrumbList","@id":"https:\/\/www.meydan.tv\/az\/article\/amnesty-international-az%c9%99rbaycanda-f%c9%99aliyy%c9%99t-gost%c9%99r%c9%99n-s%c9%99firlikl%c9%99r%c9%99-cagiris-edib\/#breadcrumb","itemListElement":[{"@type":"ListItem","position":1,"name":"Ana s\u0259hif\u0259","item":"https:\/\/www.meydan.tv\/az\/"},{"@type":"ListItem","position":2,"name":"Siyas\u0259t","item":"https:\/\/www.meydan.tv\/az\/section\/siyaset\/"},{"@type":"ListItem","position":3,"name":"\u201cAmnesty International\u201d Az\u0259rbaycanda f\u0259aliyy\u0259t g\u00f6st\u0259r\u0259n s\u0259firlikl\u0259r\u0259 \u00e7a\u011f\u0131r\u0131\u015f edib"}]},{"@type":"WebSite","@id":"https:\/\/www.meydan.tv\/az\/#website","url":"https:\/\/www.meydan.tv\/az\/","name":"MEYDAN.TV","description":"Meydan TV Az\u0259rbaycan\u0131n media m\u0259kan\u0131ndak\u0131 alternativ s\u0259sidir","publisher":{"@id":"https:\/\/www.meydan.tv\/az\/#organization"},"potentialAction":[{"@type":"SearchAction","target":{"@type":"EntryPoint","urlTemplate":"https:\/\/www.meydan.tv\/az\/?s={search_term_string}"},"query-input":{"@type":"PropertyValueSpecification","valueRequired":true,"valueName":"search_term_string"}}],"inLanguage":"az"},{"@type":"Organization","@id":"https:\/\/www.meydan.tv\/az\/#organization","name":"Meydan TV","url":"https:\/\/www.meydan.tv\/az\/","logo":{"@type":"ImageObject","inLanguage":"az","@id":"https:\/\/www.meydan.tv\/az\/#\/schema\/logo\/image\/","url":"https:\/\/www.meydan.tv\/wp-content\/uploads\/2021\/07\/meydan-logo.svg","contentUrl":"https:\/\/www.meydan.tv\/wp-content\/uploads\/2021\/07\/meydan-logo.svg","width":195,"height":46,"caption":"Meydan TV"},"image":{"@id":"https:\/\/www.meydan.tv\/az\/#\/schema\/logo\/image\/"}},{"@type":"Person","@id":"https:\/\/www.meydan.tv\/az\/#\/schema\/person\/09863e516102a829e72bedcf3f84c6b0","name":"mahmud"}]}},"_links":{"self":[{"href":"https:\/\/www.meydan.tv\/az\/wp-json\/wp\/v2\/posts\/330198","targetHints":{"allow":["GET"]}}],"collection":[{"href":"https:\/\/www.meydan.tv\/az\/wp-json\/wp\/v2\/posts"}],"about":[{"href":"https:\/\/www.meydan.tv\/az\/wp-json\/wp\/v2\/types\/post"}],"author":[{"embeddable":true,"href":"https:\/\/www.meydan.tv\/az\/wp-json\/wp\/v2\/users\/21"}],"replies":[{"embeddable":true,"href":"https:\/\/www.meydan.tv\/az\/wp-json\/wp\/v2\/comments?post=330198"}],"version-history":[{"count":1,"href":"https:\/\/www.meydan.tv\/az\/wp-json\/wp\/v2\/posts\/330198\/revisions"}],"predecessor-version":[{"id":330199,"href":"https:\/\/www.meydan.tv\/az\/wp-json\/wp\/v2\/posts\/330198\/revisions\/330199"}],"wp:featuredmedia":[{"embeddable":true,"href":"https:\/\/www.meydan.tv\/az\/wp-json\/wp\/v2\/media\/229428"}],"wp:attachment":[{"href":"https:\/\/www.meydan.tv\/az\/wp-json\/wp\/v2\/media?parent=330198"}],"wp:term":[{"taxonomy":"category","embeddable":true,"href":"https:\/\/www.meydan.tv\/az\/wp-json\/wp\/v2\/categories?post=330198"},{"taxonomy":"post_tag","embeddable":true,"href":"https:\/\/www.meydan.tv\/az\/wp-json\/wp\/v2\/tags?post=330198"}],"curies":[{"name":"wp","href":"https:\/\/api.w.org\/{rel}","templated":true}]}}