{"id":330163,"date":"2025-05-12T15:40:25","date_gmt":"2025-05-12T11:40:25","guid":{"rendered":"https:\/\/www.meydan.tv\/?p=330163"},"modified":"2025-05-12T16:36:29","modified_gmt":"2025-05-12T12:36:29","slug":"ulviyy%c9%99-elinin-zorakiligla-bagli-sikay%c9%99tinin-prokurorluga-gond%c9%99rildiyi-bildirilir","status":"publish","type":"post","link":"https:\/\/www.meydan.tv\/az\/article\/ulviyy%c9%99-elinin-zorakiligla-bagli-sikay%c9%99tinin-prokurorluga-gond%c9%99rildiyi-bildirilir\/","title":{"rendered":"\u00dclviyy\u0259 \u018flinin zorak\u0131l\u0131qla ba\u011fl\u0131 \u015fikay\u0259tinin prokurorlu\u011fa g\u00f6nd\u0259rildiyi bildirilir"},"content":{"rendered":"\n<p><\/p>\n\n\n\n<p><strong><em>Yax\u0131nlar\u0131n\u0131n dediyin\u0259 g\u00f6r\u0259, saxlan\u0131lark\u0259n ba\u015f\u0131na vurulan z\u0259rb\u0259l\u0259r \u00fcz\u00fcnd\u0259n jurnalistin s\u0259hh\u0259tind\u0259 ciddi probleml\u0259r yaran\u0131b<\/em><\/strong><\/p>\n\n\n\n<p>\u201cMeydan TV i\u015fi\u201d il\u0259 ba\u011fl\u0131 cinay\u0259t i\u015fi \u00fczr\u0259 h\u0259bs olunan m\u00fcst\u0259qil jurnalist \u00dclviyy\u0259 \u018flinin (Quliyevan\u0131n) zorak\u0131l\u0131qla \u00fczl\u0259\u015fdiyi bar\u0259d\u0259 \u015fikay\u0259tinin prokurorlu\u011fa g\u00f6nd\u0259rildiyi bildirilir.<\/p>\n\n\n\n<p>May\u0131n 7-d\u0259 X\u0259tai rayon M\u0259hk\u0259m\u0259sind\u0259 h\u0259bs q\u0259rar\u0131 veril\u0259n iclasda \u00e7\u0131x\u0131\u015f ed\u0259n jurnalist saxlan\u0131lark\u0259n qaba v\u0259 insan l\u0259yaq\u0259tini al\u00e7aldan davran\u0131\u015fa m\u0259ruz qald\u0131\u011f\u0131n\u0131 demi\u015fdi:<\/p>\n\n\n\n<p><em>&#8220;\u00dclviyy\u0259 polisl\u0259rin bu davran\u0131\u015flar\u0131n\u0131 m\u0259hk\u0259m\u0259d\u0259 dan\u0131\u015f\u0131b. Hakim d\u0259 q\u0259rar verib ki, prokurorluq zorak\u0131l\u0131q \u015fikay\u0259tini ara\u015fd\u0131rs\u0131n&#8221;.<\/em><em><\/em><\/p>\n\n\n\n<p>Yax\u0131nlar\u0131n\u0131n verdiyi m\u0259lumata g\u00f6r\u0259, saxlan\u0131lark\u0259n ba\u015f\u0131na vurulan z\u0259rb\u0259l\u0259r \u00fcz\u00fcnd\u0259n jurnalistin s\u0259hh\u0259tind\u0259 ciddi probleml\u0259r yaran\u0131b. \u0130ndi Bak\u0131 \u0130stintaq T\u0259cridxanas\u0131nda saxlan\u0131lan \u00dclviyy\u0259 \u018flinin k\u0259skin ba\u015f a\u011fr\u0131lar\u0131ndan \u0259ziyy\u0259t \u00e7\u0259kdiyi v\u0259 t\u0259cili m\u00fcayin\u0259y\u0259 ehtiyac duydu\u011fu deyilir.<\/p>\n\n\n\n<p>Meydan TV-nin h\u0259bsd\u0259 olan \u0259m\u0259kda\u015f\u0131 Aytac Tapd\u0131q da may\u0131n 10-da h\u0259bsxanadan g\u00f6nd\u0259rdiyi m\u0259ktubda \u00dclviyy\u0259 \u018flinin h\u0259yat\u0131n\u0131n t\u0259hl\u00fck\u0259d\u0259 oldu\u011funu <a href=\"https:\/\/www.meydan.tv\/az\/article\/aytac-tapdiq-ulviyy%c9%99-elinin-basinda-sidd%c9%99tli-agrilari-var\/\">bildirmi\u015fdi<\/a>.<\/p>\n\n\n\n<p><em>\u201cJurnalist \u00dclviyy\u0259 \u018fli (Quliyeva) Bak\u0131 \u015f\u0259h\u0259r Ba\u015f Polis \u0130dar\u0259sind\u0259 polis zorak\u0131l\u0131\u011f\u0131na m\u0259ruz qalandan, ba\u015f\u0131n\u0131n m\u00fcxt\u0259lif nahiy\u0259l\u0259rind\u0259n ald\u0131\u011f\u0131 \u00e7oxsayl\u0131 z\u0259rb\u0259l\u0259rd\u0259n sonra, iki d\u0259f\u0259 m\u00fcv\u0259qq\u0259ti saxlanma yerind\u0259, bir d\u0259f\u0259 d\u0259 K\u00fcrd\u0259xan\u0131da qusub. Ba\u015f\u0131nda \u015fidd\u0259tli a\u011fr\u0131lar\u0131 var\u201d, \u2013 Aytac Tapd\u0131q 1 sayl\u0131 Bak\u0131 \u0130stintaq T\u0259cridxanas\u0131ndan g\u00f6nd\u0259riyi m\u0259ktubunda yaz\u0131b.<\/em><\/p>\n\n\n\n<p>Jurnalistin zorak\u0131l\u0131\u011fa m\u0259ruz qalmas\u0131 il\u0259 ba\u011fl\u0131 Daxili \u0130\u015fl\u0259r Nazirliyi m\u00fcnasib\u0259t bildirm\u0259yib.<\/p>\n\n\n\n<p>May\u0131n 7-d\u0259 X\u0259tai Rayon M\u0259hk\u0259m\u0259sind\u0259 istintaq orqan\u0131n\u0131n t\u0259qdimat\u0131 \u00fczr\u0259 \u201cMeydan TV\u201d i\u015fi \u00fczr\u0259 saxlan\u0131lan \u00dclviyy\u0259 \u018fli bar\u0259sind\u0259 1 ay 29 g\u00fcn m\u00fcdd\u0259tin\u0259 h\u0259bs q\u0259timkan t\u0259dbiri se\u00e7ilib.<\/p>\n\n\n\n<p>Ona qar\u015f\u0131 Cinay\u0259t M\u0259c\u0259ll\u0259sinin 206.3.2-ci (qa\u00e7aqmal\u00e7\u0131l\u0131q, \u0259vv\u0259lc\u0259d\u0259n \u0259lbir olan bir qrup \u015f\u0259xs t\u0259r\u0259find\u0259n t\u00f6r\u0259dildikd\u0259) madd\u0259si il\u0259 ittiham ir\u0259li s\u00fcr\u00fcl\u00fcb.<\/p>\n\n\n\n<p>\u00dclviyy\u0259 \u018fli \u00f6z\u00fcn\u00fc t\u0259qsirli bilmir, jurnalist f\u0259aliyy\u0259tin\u0259 g\u00f6r\u0259 h\u0259bs olundu\u011funu bildirir.<\/p>\n\n\n\n<p>Jurnalistin v\u0259kili Elvin \u018fl\u0259mov Meydan TV-y\u0259 bildirib ki, \u00dclviyy\u0259 \u018fli ifad\u0259 verm\u0259kd\u0259n imtina edib.<\/p>\n\n\n\n<p>O, may\u0131n 7-n\u0259 ke\u00e7\u0259n gec\u0259 saxlan\u0131l\u0131b. Bildirilir ki, o, saxlan\u0131lark\u0259n t\u0259zyiq\u0259 m\u0259ruz qal\u0131b, komp\u00fcteri g\u00f6t\u00fcr\u00fcl\u00fcb.<\/p>\n\n\n\n<p>\u00dclviyy\u0259 \u018fli 2025-ci il yanvar\u0131n 16-da Bak\u0131 \u015e\u0259h\u0259r Ba\u015f Polis \u0130dar\u0259sind\u0259 \u201cMeydan TV i\u015fi\u201d il\u0259 \u0259laq\u0259dar dindirilib, onun \u00f6lk\u0259d\u0259n \u00e7\u0131x\u0131\u015f\u0131na qada\u011fa qoyulmu\u015fdu.<\/p>\n\n\n\n<p>Jurnalist bu q\u0259rarla raz\u0131la\u015fmam\u0131\u015f v\u0259 m\u0259hk\u0259m\u0259y\u0259 m\u00fcraci\u0259t etmi\u015fdi.<\/p>\n\n\n\n<p>O, MeydanTV il\u0259 \u0259m\u0259kda\u015fl\u0131q etm\u0259diyini a\u00e7\u0131qlam\u0131\u015fd\u0131:<\/p>\n\n\n\n<p><em>&nbsp;&#8220;Meydan TV il\u0259 he\u00e7 bir i\u015fg\u00fczar ba\u011fl\u0131l\u0131\u011f\u0131m yoxdur. H\u0259tta bel\u0259 ba\u011fl\u0131l\u0131\u011f\u0131m olsa bel\u0259, Meydan TV il\u0259 \u0259m\u0259kda\u015fl\u0131q cinay\u0259t deyil&#8221;.<\/em><\/p>\n\n\n\n<p>\u00dclviyy\u0259 \u018fli \u201cMeydan TV i\u015fi\u201d il\u0259 ba\u011fl\u0131 indiy\u0259 q\u0259d\u0259r saxlan\u0131lan sayca 11-ci jurnalistdir. Meydan TV bildirir ki, \u00dclviyy\u0259 \u018flinin bu media qurumu il\u0259 \u0259m\u0259kda\u015fl\u0131\u011f\u0131 yoxdur.<\/p>\n\n\n\n<p>2024-c\u00fc il dekabr\u0131n 6-da Meydan TV-nin \u0259m\u0259kda\u015flar\u0131 Ramin Deko (C\u0259bray\u0131lzad\u0259), Aynur Q\u0259nb\u0259rova (Elg\u00fcn\u0259\u015f), Aysel Umudova, Aytac \u018fhm\u0259dova (Tapd\u0131q), X\u0259yal\u0259 A\u011fayeva, Natiq Cavadl\u0131 saxlan\u0131l\u0131blar. Onlara qar\u015f\u0131 Cinay\u0259t M\u0259c\u0259ll\u0259sinin 206.3.2-ci (qa\u00e7aqmal\u00e7\u0131l\u0131q, \u0259vv\u0259lc\u0259d\u0259n \u0259lbir olan bir qrup \u015f\u0259xs t\u0259r\u0259find\u0259n t\u00f6r\u0259dildikd\u0259) madd\u0259si il\u0259 ittiham ir\u0259li s\u00fcr\u00fcl\u00fcb.<\/p>\n\n\n\n<p>Meydan TV \u0259m\u0259kda\u015flar\u0131 il\u0259 yana\u015f\u0131, eyni g\u00fcnd\u0259 v\u0259t\u0259nda\u015f c\u0259miyy\u0259tinin \u00fczv\u00fc \u00dclvi Tahirov da h\u0259bs olunub. \u00dclvi Tahirovun Meydan TV-y\u0259 aidiyy\u0259ti yoxdur.<\/p>\n\n\n\n<p>2025-ci il fevral\u0131n 5-i \u201carqument.az\u201d sayt\u0131n\u0131n ba\u015f redaktoru, Meydan TV il\u0259 \u0259m\u0259kda\u015fl\u0131q ed\u0259n jurnalist \u015e\u0259m\u015fad A\u011fayev (A\u011fa) d\u0259 h\u0259bs edilib.<\/p>\n\n\n\n<p>Fevral\u0131n 20-d\u0259 is\u0259 jurnalist Nurlan Libre (Q\u0259hr\u0259manl\u0131) bar\u0259sind\u0259 Meydan TV il\u0259 \u0259laq\u0259li cinay\u0259t i\u015fin\u0259 g\u00f6r\u0259 h\u0259bs q\u0259timkan t\u0259dbiri se\u00e7ilib.<\/p>\n\n\n\n<p>Fatim\u0259 M\u00f6vlaml\u0131 da fevral\u0131n 28-d\u0259 \u201cMeydan TV i\u015fi\u201d il\u0259 \u0259laq\u0259dar h\u0259bs edilib.<\/p>\n\n\n\n<p>Saxlan\u0131lan jurnalistl\u0259rin evind\u0259 axtar\u0131\u015f apar\u0131l\u0131b, telefonlar\u0131, komp\u00fcterl\u0259ri v\u0259 dig\u0259r \u015f\u0259xsi \u0259\u015fyalar\u0131 g\u00f6t\u00fcr\u00fcl\u00fcb.<\/p>\n\n\n\n<p>H\u0259bs olunan jurnalistl\u0259r \u00f6zl\u0259rini t\u0259qsirli bilmir, Meydan TV \u0259m\u0259kda\u015flar\u0131n\u0131n t\u0259nqid\u00e7i f\u0259aliyy\u0259tl\u0259rin\u0259 g\u00f6r\u0259 c\u0259zaland\u0131r\u0131ld\u0131qlar\u0131n\u0131 b\u0259yan edibl\u0259r.<\/p>\n\n\n\n<p>Haz\u0131rda ox\u015far ittihamlarla 30-d\u0259k jurnalist, ictimai f\u0259al h\u0259bsd\u0259dir. Onlar ittiham\u0131 q\u0259bul etmir, pe\u015f\u0259 f\u0259aliyy\u0259tl\u0259ri il\u0259 \u0259laq\u0259l\u0259ndirirl\u0259r. Hakimiyy\u0259t t\u0259msil\u00e7il\u0259ri \u00f6lk\u0259d\u0259 siyasi motivli h\u0259bsl\u0259rin olmad\u0131\u011f\u0131n\u0131 deyirl\u0259r.<\/p>\n\n\n\n<p>Beyn\u0259lxalq insan haqlar\u0131 qurumlar\u0131, Q\u0259rb r\u0259smil\u0259ri d\u0259 h\u00f6kum\u0259ti haqs\u0131z tutulanlar\u0131 azad etm\u0259y\u0259 \u00e7a\u011f\u0131r\u0131rlar.<\/p>\n\n\n\n<p><\/p>\n\n\n\n<p><\/p>\n","protected":false},"excerpt":{"rendered":"<p>Yax\u0131nlar\u0131n\u0131n dediyin\u0259 g\u00f6r\u0259, saxlan\u0131lark\u0259n ba\u015f\u0131na vurulan z\u0259rb\u0259l\u0259r \u00fcz\u00fcnd\u0259n jurnalistin s\u0259hh\u0259tind\u0259 &#8230; <\/p>\n<p class=\"read-more-container\"><a title=\"\u00dclviyy\u0259 \u018flinin zorak\u0131l\u0131qla ba\u011fl\u0131 \u015fikay\u0259tinin prokurorlu\u011fa g\u00f6nd\u0259rildiyi bildirilir\" class=\"read-more button\" href=\"https:\/\/www.meydan.tv\/az\/article\/ulviyy%c9%99-elinin-zorakiligla-bagli-sikay%c9%99tinin-prokurorluga-gond%c9%99rildiyi-bildirilir\/#more-330163\" aria-label=\"Read more about \u00dclviyy\u0259 \u018flinin zorak\u0131l\u0131qla ba\u011fl\u0131 \u015fikay\u0259tinin prokurorlu\u011fa g\u00f6nd\u0259rildiyi bildirilir\">Davam\u0131<\/a><\/p>\n","protected":false},"author":21,"featured_media":329857,"comment_status":"closed","ping_status":"closed","sticky":false,"template":"","format":"standard","meta":{"_acf_changed":false,"_sitemap_exclude":false,"_sitemap_priority":"","_sitemap_frequency":"","footnotes":""},"categories":[139,59,79,56],"tags":[],"class_list":["post-330163","post","type-post","status-publish","format-standard","has-post-thumbnail","hentry","category-meydan-tv-isi","category-siyaset","category-featured","category-xeberler","infinite-scroll-item","generate-columns","tablet-grid-50","mobile-grid-100","grid-parent","grid-33","no-featured-image-padding"],"acf":[],"yoast_head":"<!-- This site is optimized with the Yoast SEO plugin v27.5 - https:\/\/yoast.com\/product\/yoast-seo-wordpress\/ -->\n<title>\u00dclviyy\u0259 \u018flinin zorak\u0131l\u0131qla ba\u011fl\u0131 \u015fikay\u0259tinin prokurorlu\u011fa g\u00f6nd\u0259rildiyi bildirilir - MEYDAN.TV<\/title>\n<meta name=\"robots\" content=\"index, follow, max-snippet:-1, max-image-preview:large, max-video-preview:-1\" \/>\n<link rel=\"canonical\" href=\"https:\/\/www.meydan.tv\/az\/article\/ulviyy%c9%99-elinin-zorakiligla-bagli-sikay%c9%99tinin-prokurorluga-gond%c9%99rildiyi-bildirilir\/\" \/>\n<meta property=\"og:locale\" content=\"az_AZ\" \/>\n<meta property=\"og:type\" content=\"article\" \/>\n<meta property=\"og:title\" content=\"\u00dclviyy\u0259 \u018flinin zorak\u0131l\u0131qla ba\u011fl\u0131 \u015fikay\u0259tinin prokurorlu\u011fa g\u00f6nd\u0259rildiyi bildirilir - MEYDAN.TV\" \/>\n<meta property=\"og:description\" content=\"Yax\u0131nlar\u0131n\u0131n dediyin\u0259 g\u00f6r\u0259, saxlan\u0131lark\u0259n ba\u015f\u0131na vurulan z\u0259rb\u0259l\u0259r \u00fcz\u00fcnd\u0259n jurnalistin s\u0259hh\u0259tind\u0259 ... Davam\u0131\" \/>\n<meta property=\"og:url\" content=\"https:\/\/www.meydan.tv\/az\/article\/ulviyy%c9%99-elinin-zorakiligla-bagli-sikay%c9%99tinin-prokurorluga-gond%c9%99rildiyi-bildirilir\/\" \/>\n<meta property=\"og:site_name\" content=\"MEYDAN.TV\" \/>\n<meta property=\"article:published_time\" content=\"2025-05-12T11:40:25+00:00\" \/>\n<meta property=\"article:modified_time\" content=\"2025-05-12T12:36:29+00:00\" \/>\n<meta property=\"og:image\" content=\"https:\/\/www.meydan.tv\/wp-content\/uploads\/08766.png\" \/>\n\t<meta property=\"og:image:width\" content=\"1179\" \/>\n\t<meta property=\"og:image:height\" content=\"576\" \/>\n\t<meta property=\"og:image:type\" content=\"image\/png\" \/>\n<meta name=\"author\" content=\"mahmud\" \/>\n<meta name=\"twitter:card\" content=\"summary_large_image\" \/>\n<script type=\"application\/ld+json\" class=\"yoast-schema-graph\">{\"@context\":\"https:\\\/\\\/schema.org\",\"@graph\":[{\"@type\":\"Article\",\"@id\":\"https:\\\/\\\/www.meydan.tv\\\/az\\\/article\\\/ulviyy%c9%99-elinin-zorakiligla-bagli-sikay%c9%99tinin-prokurorluga-gond%c9%99rildiyi-bildirilir\\\/#article\",\"isPartOf\":{\"@id\":\"https:\\\/\\\/www.meydan.tv\\\/az\\\/article\\\/ulviyy%c9%99-elinin-zorakiligla-bagli-sikay%c9%99tinin-prokurorluga-gond%c9%99rildiyi-bildirilir\\\/\"},\"author\":{\"name\":\"mahmud\",\"@id\":\"https:\\\/\\\/www.meydan.tv\\\/az\\\/#\\\/schema\\\/person\\\/09863e516102a829e72bedcf3f84c6b0\"},\"headline\":\"\u00dclviyy\u0259 \u018flinin zorak\u0131l\u0131qla ba\u011fl\u0131 \u015fikay\u0259tinin prokurorlu\u011fa g\u00f6nd\u0259rildiyi bildirilir\",\"datePublished\":\"2025-05-12T11:40:25+00:00\",\"dateModified\":\"2025-05-12T12:36:29+00:00\",\"mainEntityOfPage\":{\"@id\":\"https:\\\/\\\/www.meydan.tv\\\/az\\\/article\\\/ulviyy%c9%99-elinin-zorakiligla-bagli-sikay%c9%99tinin-prokurorluga-gond%c9%99rildiyi-bildirilir\\\/\"},\"wordCount\":930,\"publisher\":{\"@id\":\"https:\\\/\\\/www.meydan.tv\\\/az\\\/#organization\"},\"image\":{\"@id\":\"https:\\\/\\\/www.meydan.tv\\\/az\\\/article\\\/ulviyy%c9%99-elinin-zorakiligla-bagli-sikay%c9%99tinin-prokurorluga-gond%c9%99rildiyi-bildirilir\\\/#primaryimage\"},\"thumbnailUrl\":\"https:\\\/\\\/www.meydan.tv\\\/wp-content\\\/uploads\\\/08766.png\",\"articleSection\":[\"Meydan TV i\u015fi\",\"Siyas\u0259t\",\"T\u00f6vsiy\u0259\",\"X\u0259b\u0259rl\u0259r\"],\"inLanguage\":\"az\"},{\"@type\":\"WebPage\",\"@id\":\"https:\\\/\\\/www.meydan.tv\\\/az\\\/article\\\/ulviyy%c9%99-elinin-zorakiligla-bagli-sikay%c9%99tinin-prokurorluga-gond%c9%99rildiyi-bildirilir\\\/\",\"url\":\"https:\\\/\\\/www.meydan.tv\\\/az\\\/article\\\/ulviyy%c9%99-elinin-zorakiligla-bagli-sikay%c9%99tinin-prokurorluga-gond%c9%99rildiyi-bildirilir\\\/\",\"name\":\"\u00dclviyy\u0259 \u018flinin zorak\u0131l\u0131qla ba\u011fl\u0131 \u015fikay\u0259tinin prokurorlu\u011fa g\u00f6nd\u0259rildiyi bildirilir - MEYDAN.TV\",\"isPartOf\":{\"@id\":\"https:\\\/\\\/www.meydan.tv\\\/az\\\/#website\"},\"primaryImageOfPage\":{\"@id\":\"https:\\\/\\\/www.meydan.tv\\\/az\\\/article\\\/ulviyy%c9%99-elinin-zorakiligla-bagli-sikay%c9%99tinin-prokurorluga-gond%c9%99rildiyi-bildirilir\\\/#primaryimage\"},\"image\":{\"@id\":\"https:\\\/\\\/www.meydan.tv\\\/az\\\/article\\\/ulviyy%c9%99-elinin-zorakiligla-bagli-sikay%c9%99tinin-prokurorluga-gond%c9%99rildiyi-bildirilir\\\/#primaryimage\"},\"thumbnailUrl\":\"https:\\\/\\\/www.meydan.tv\\\/wp-content\\\/uploads\\\/08766.png\",\"datePublished\":\"2025-05-12T11:40:25+00:00\",\"dateModified\":\"2025-05-12T12:36:29+00:00\",\"breadcrumb\":{\"@id\":\"https:\\\/\\\/www.meydan.tv\\\/az\\\/article\\\/ulviyy%c9%99-elinin-zorakiligla-bagli-sikay%c9%99tinin-prokurorluga-gond%c9%99rildiyi-bildirilir\\\/#breadcrumb\"},\"inLanguage\":\"az\",\"potentialAction\":[{\"@type\":\"ReadAction\",\"target\":[\"https:\\\/\\\/www.meydan.tv\\\/az\\\/article\\\/ulviyy%c9%99-elinin-zorakiligla-bagli-sikay%c9%99tinin-prokurorluga-gond%c9%99rildiyi-bildirilir\\\/\"]}]},{\"@type\":\"ImageObject\",\"inLanguage\":\"az\",\"@id\":\"https:\\\/\\\/www.meydan.tv\\\/az\\\/article\\\/ulviyy%c9%99-elinin-zorakiligla-bagli-sikay%c9%99tinin-prokurorluga-gond%c9%99rildiyi-bildirilir\\\/#primaryimage\",\"url\":\"https:\\\/\\\/www.meydan.tv\\\/wp-content\\\/uploads\\\/08766.png\",\"contentUrl\":\"https:\\\/\\\/www.meydan.tv\\\/wp-content\\\/uploads\\\/08766.png\",\"width\":1179,\"height\":576,\"caption\":\"\u00dclviyy\u0259 \u018fli. Foto: Facebook \u015f\u0259xsi s\u0259hif\u0259sind\u0259n\"},{\"@type\":\"BreadcrumbList\",\"@id\":\"https:\\\/\\\/www.meydan.tv\\\/az\\\/article\\\/ulviyy%c9%99-elinin-zorakiligla-bagli-sikay%c9%99tinin-prokurorluga-gond%c9%99rildiyi-bildirilir\\\/#breadcrumb\",\"itemListElement\":[{\"@type\":\"ListItem\",\"position\":1,\"name\":\"Ana s\u0259hif\u0259\",\"item\":\"https:\\\/\\\/www.meydan.tv\\\/az\\\/\"},{\"@type\":\"ListItem\",\"position\":2,\"name\":\"Meydan TV i\u015fi\",\"item\":\"https:\\\/\\\/www.meydan.tv\\\/az\\\/section\\\/meydan-tv-isi\\\/\"},{\"@type\":\"ListItem\",\"position\":3,\"name\":\"\u00dclviyy\u0259 \u018flinin zorak\u0131l\u0131qla ba\u011fl\u0131 \u015fikay\u0259tinin prokurorlu\u011fa g\u00f6nd\u0259rildiyi bildirilir\"}]},{\"@type\":\"WebSite\",\"@id\":\"https:\\\/\\\/www.meydan.tv\\\/az\\\/#website\",\"url\":\"https:\\\/\\\/www.meydan.tv\\\/az\\\/\",\"name\":\"MEYDAN.TV\",\"description\":\"Meydan TV Az\u0259rbaycan\u0131n media m\u0259kan\u0131ndak\u0131 alternativ s\u0259sidir\",\"publisher\":{\"@id\":\"https:\\\/\\\/www.meydan.tv\\\/az\\\/#organization\"},\"potentialAction\":[{\"@type\":\"SearchAction\",\"target\":{\"@type\":\"EntryPoint\",\"urlTemplate\":\"https:\\\/\\\/www.meydan.tv\\\/az\\\/?s={search_term_string}\"},\"query-input\":{\"@type\":\"PropertyValueSpecification\",\"valueRequired\":true,\"valueName\":\"search_term_string\"}}],\"inLanguage\":\"az\"},{\"@type\":\"Organization\",\"@id\":\"https:\\\/\\\/www.meydan.tv\\\/az\\\/#organization\",\"name\":\"Meydan TV\",\"url\":\"https:\\\/\\\/www.meydan.tv\\\/az\\\/\",\"logo\":{\"@type\":\"ImageObject\",\"inLanguage\":\"az\",\"@id\":\"https:\\\/\\\/www.meydan.tv\\\/az\\\/#\\\/schema\\\/logo\\\/image\\\/\",\"url\":\"https:\\\/\\\/www.meydan.tv\\\/wp-content\\\/uploads\\\/2021\\\/07\\\/meydan-logo.svg\",\"contentUrl\":\"https:\\\/\\\/www.meydan.tv\\\/wp-content\\\/uploads\\\/2021\\\/07\\\/meydan-logo.svg\",\"width\":195,\"height\":46,\"caption\":\"Meydan TV\"},\"image\":{\"@id\":\"https:\\\/\\\/www.meydan.tv\\\/az\\\/#\\\/schema\\\/logo\\\/image\\\/\"}},{\"@type\":\"Person\",\"@id\":\"https:\\\/\\\/www.meydan.tv\\\/az\\\/#\\\/schema\\\/person\\\/09863e516102a829e72bedcf3f84c6b0\",\"name\":\"mahmud\"}]}<\/script>\n<!-- \/ Yoast SEO plugin. -->","yoast_head_json":{"title":"\u00dclviyy\u0259 \u018flinin zorak\u0131l\u0131qla ba\u011fl\u0131 \u015fikay\u0259tinin prokurorlu\u011fa g\u00f6nd\u0259rildiyi bildirilir - MEYDAN.TV","robots":{"index":"index","follow":"follow","max-snippet":"max-snippet:-1","max-image-preview":"max-image-preview:large","max-video-preview":"max-video-preview:-1"},"canonical":"https:\/\/www.meydan.tv\/az\/article\/ulviyy%c9%99-elinin-zorakiligla-bagli-sikay%c9%99tinin-prokurorluga-gond%c9%99rildiyi-bildirilir\/","og_locale":"az_AZ","og_type":"article","og_title":"\u00dclviyy\u0259 \u018flinin zorak\u0131l\u0131qla ba\u011fl\u0131 \u015fikay\u0259tinin prokurorlu\u011fa g\u00f6nd\u0259rildiyi bildirilir - MEYDAN.TV","og_description":"Yax\u0131nlar\u0131n\u0131n dediyin\u0259 g\u00f6r\u0259, saxlan\u0131lark\u0259n ba\u015f\u0131na vurulan z\u0259rb\u0259l\u0259r \u00fcz\u00fcnd\u0259n jurnalistin s\u0259hh\u0259tind\u0259 ... Davam\u0131","og_url":"https:\/\/www.meydan.tv\/az\/article\/ulviyy%c9%99-elinin-zorakiligla-bagli-sikay%c9%99tinin-prokurorluga-gond%c9%99rildiyi-bildirilir\/","og_site_name":"MEYDAN.TV","article_published_time":"2025-05-12T11:40:25+00:00","article_modified_time":"2025-05-12T12:36:29+00:00","og_image":[{"width":1179,"height":576,"url":"https:\/\/www.meydan.tv\/wp-content\/uploads\/08766.png","type":"image\/png"}],"author":"mahmud","twitter_card":"summary_large_image","schema":{"@context":"https:\/\/schema.org","@graph":[{"@type":"Article","@id":"https:\/\/www.meydan.tv\/az\/article\/ulviyy%c9%99-elinin-zorakiligla-bagli-sikay%c9%99tinin-prokurorluga-gond%c9%99rildiyi-bildirilir\/#article","isPartOf":{"@id":"https:\/\/www.meydan.tv\/az\/article\/ulviyy%c9%99-elinin-zorakiligla-bagli-sikay%c9%99tinin-prokurorluga-gond%c9%99rildiyi-bildirilir\/"},"author":{"name":"mahmud","@id":"https:\/\/www.meydan.tv\/az\/#\/schema\/person\/09863e516102a829e72bedcf3f84c6b0"},"headline":"\u00dclviyy\u0259 \u018flinin zorak\u0131l\u0131qla ba\u011fl\u0131 \u015fikay\u0259tinin prokurorlu\u011fa g\u00f6nd\u0259rildiyi bildirilir","datePublished":"2025-05-12T11:40:25+00:00","dateModified":"2025-05-12T12:36:29+00:00","mainEntityOfPage":{"@id":"https:\/\/www.meydan.tv\/az\/article\/ulviyy%c9%99-elinin-zorakiligla-bagli-sikay%c9%99tinin-prokurorluga-gond%c9%99rildiyi-bildirilir\/"},"wordCount":930,"publisher":{"@id":"https:\/\/www.meydan.tv\/az\/#organization"},"image":{"@id":"https:\/\/www.meydan.tv\/az\/article\/ulviyy%c9%99-elinin-zorakiligla-bagli-sikay%c9%99tinin-prokurorluga-gond%c9%99rildiyi-bildirilir\/#primaryimage"},"thumbnailUrl":"https:\/\/www.meydan.tv\/wp-content\/uploads\/08766.png","articleSection":["Meydan TV i\u015fi","Siyas\u0259t","T\u00f6vsiy\u0259","X\u0259b\u0259rl\u0259r"],"inLanguage":"az"},{"@type":"WebPage","@id":"https:\/\/www.meydan.tv\/az\/article\/ulviyy%c9%99-elinin-zorakiligla-bagli-sikay%c9%99tinin-prokurorluga-gond%c9%99rildiyi-bildirilir\/","url":"https:\/\/www.meydan.tv\/az\/article\/ulviyy%c9%99-elinin-zorakiligla-bagli-sikay%c9%99tinin-prokurorluga-gond%c9%99rildiyi-bildirilir\/","name":"\u00dclviyy\u0259 \u018flinin zorak\u0131l\u0131qla ba\u011fl\u0131 \u015fikay\u0259tinin prokurorlu\u011fa g\u00f6nd\u0259rildiyi bildirilir - MEYDAN.TV","isPartOf":{"@id":"https:\/\/www.meydan.tv\/az\/#website"},"primaryImageOfPage":{"@id":"https:\/\/www.meydan.tv\/az\/article\/ulviyy%c9%99-elinin-zorakiligla-bagli-sikay%c9%99tinin-prokurorluga-gond%c9%99rildiyi-bildirilir\/#primaryimage"},"image":{"@id":"https:\/\/www.meydan.tv\/az\/article\/ulviyy%c9%99-elinin-zorakiligla-bagli-sikay%c9%99tinin-prokurorluga-gond%c9%99rildiyi-bildirilir\/#primaryimage"},"thumbnailUrl":"https:\/\/www.meydan.tv\/wp-content\/uploads\/08766.png","datePublished":"2025-05-12T11:40:25+00:00","dateModified":"2025-05-12T12:36:29+00:00","breadcrumb":{"@id":"https:\/\/www.meydan.tv\/az\/article\/ulviyy%c9%99-elinin-zorakiligla-bagli-sikay%c9%99tinin-prokurorluga-gond%c9%99rildiyi-bildirilir\/#breadcrumb"},"inLanguage":"az","potentialAction":[{"@type":"ReadAction","target":["https:\/\/www.meydan.tv\/az\/article\/ulviyy%c9%99-elinin-zorakiligla-bagli-sikay%c9%99tinin-prokurorluga-gond%c9%99rildiyi-bildirilir\/"]}]},{"@type":"ImageObject","inLanguage":"az","@id":"https:\/\/www.meydan.tv\/az\/article\/ulviyy%c9%99-elinin-zorakiligla-bagli-sikay%c9%99tinin-prokurorluga-gond%c9%99rildiyi-bildirilir\/#primaryimage","url":"https:\/\/www.meydan.tv\/wp-content\/uploads\/08766.png","contentUrl":"https:\/\/www.meydan.tv\/wp-content\/uploads\/08766.png","width":1179,"height":576,"caption":"\u00dclviyy\u0259 \u018fli. Foto: Facebook \u015f\u0259xsi s\u0259hif\u0259sind\u0259n"},{"@type":"BreadcrumbList","@id":"https:\/\/www.meydan.tv\/az\/article\/ulviyy%c9%99-elinin-zorakiligla-bagli-sikay%c9%99tinin-prokurorluga-gond%c9%99rildiyi-bildirilir\/#breadcrumb","itemListElement":[{"@type":"ListItem","position":1,"name":"Ana s\u0259hif\u0259","item":"https:\/\/www.meydan.tv\/az\/"},{"@type":"ListItem","position":2,"name":"Meydan TV i\u015fi","item":"https:\/\/www.meydan.tv\/az\/section\/meydan-tv-isi\/"},{"@type":"ListItem","position":3,"name":"\u00dclviyy\u0259 \u018flinin zorak\u0131l\u0131qla ba\u011fl\u0131 \u015fikay\u0259tinin prokurorlu\u011fa g\u00f6nd\u0259rildiyi bildirilir"}]},{"@type":"WebSite","@id":"https:\/\/www.meydan.tv\/az\/#website","url":"https:\/\/www.meydan.tv\/az\/","name":"MEYDAN.TV","description":"Meydan TV Az\u0259rbaycan\u0131n media m\u0259kan\u0131ndak\u0131 alternativ s\u0259sidir","publisher":{"@id":"https:\/\/www.meydan.tv\/az\/#organization"},"potentialAction":[{"@type":"SearchAction","target":{"@type":"EntryPoint","urlTemplate":"https:\/\/www.meydan.tv\/az\/?s={search_term_string}"},"query-input":{"@type":"PropertyValueSpecification","valueRequired":true,"valueName":"search_term_string"}}],"inLanguage":"az"},{"@type":"Organization","@id":"https:\/\/www.meydan.tv\/az\/#organization","name":"Meydan TV","url":"https:\/\/www.meydan.tv\/az\/","logo":{"@type":"ImageObject","inLanguage":"az","@id":"https:\/\/www.meydan.tv\/az\/#\/schema\/logo\/image\/","url":"https:\/\/www.meydan.tv\/wp-content\/uploads\/2021\/07\/meydan-logo.svg","contentUrl":"https:\/\/www.meydan.tv\/wp-content\/uploads\/2021\/07\/meydan-logo.svg","width":195,"height":46,"caption":"Meydan TV"},"image":{"@id":"https:\/\/www.meydan.tv\/az\/#\/schema\/logo\/image\/"}},{"@type":"Person","@id":"https:\/\/www.meydan.tv\/az\/#\/schema\/person\/09863e516102a829e72bedcf3f84c6b0","name":"mahmud"}]}},"_links":{"self":[{"href":"https:\/\/www.meydan.tv\/az\/wp-json\/wp\/v2\/posts\/330163","targetHints":{"allow":["GET"]}}],"collection":[{"href":"https:\/\/www.meydan.tv\/az\/wp-json\/wp\/v2\/posts"}],"about":[{"href":"https:\/\/www.meydan.tv\/az\/wp-json\/wp\/v2\/types\/post"}],"author":[{"embeddable":true,"href":"https:\/\/www.meydan.tv\/az\/wp-json\/wp\/v2\/users\/21"}],"replies":[{"embeddable":true,"href":"https:\/\/www.meydan.tv\/az\/wp-json\/wp\/v2\/comments?post=330163"}],"version-history":[{"count":4,"href":"https:\/\/www.meydan.tv\/az\/wp-json\/wp\/v2\/posts\/330163\/revisions"}],"predecessor-version":[{"id":330178,"href":"https:\/\/www.meydan.tv\/az\/wp-json\/wp\/v2\/posts\/330163\/revisions\/330178"}],"wp:featuredmedia":[{"embeddable":true,"href":"https:\/\/www.meydan.tv\/az\/wp-json\/wp\/v2\/media\/329857"}],"wp:attachment":[{"href":"https:\/\/www.meydan.tv\/az\/wp-json\/wp\/v2\/media?parent=330163"}],"wp:term":[{"taxonomy":"category","embeddable":true,"href":"https:\/\/www.meydan.tv\/az\/wp-json\/wp\/v2\/categories?post=330163"},{"taxonomy":"post_tag","embeddable":true,"href":"https:\/\/www.meydan.tv\/az\/wp-json\/wp\/v2\/tags?post=330163"}],"curies":[{"name":"wp","href":"https:\/\/api.w.org\/{rel}","templated":true}]}}