{"id":330159,"date":"2025-05-12T15:18:35","date_gmt":"2025-05-12T11:18:35","guid":{"rendered":"https:\/\/www.meydan.tv\/?p=330159"},"modified":"2025-05-13T11:36:55","modified_gmt":"2025-05-13T07:36:55","slug":"meydan-tv-isind%c9%99ki-must%c9%99ntiqin-adi-rusv%c9%99td%c9%99-hallanir","status":"publish","type":"post","link":"https:\/\/www.meydan.tv\/az\/article\/meydan-tv-isind%c9%99ki-must%c9%99ntiqin-adi-rusv%c9%99td%c9%99-hallanir\/","title":{"rendered":"\u201cMeydan TV i\u015fi\u201dnd\u0259ki m\u00fcst\u0259ntiqin ad\u0131 r\u00fc\u015fv\u0259td\u0259 hallan\u0131r"},"content":{"rendered":"\n<p><\/p>\n\n\n\n<p><strong><em>23 ya\u015fl\u0131 m\u00fcst\u0259ntiq Meydan TV \u0259m\u0259kda\u015flar\u0131na qar\u015f\u0131 a\u00e7\u0131lan cinay\u0259t i\u015fi \u00fczr\u0259 istintaq qrupunun \u00fczv\u00fcd\u00fcr<\/em><\/strong><\/p>\n\n\n\n<p>Turizm sah\u0259sind\u0259 \u00e7al\u0131\u015fan Leyla \u0130brahimova Bak\u0131 \u015e\u0259h\u0259r Ba\u015f Polis \u0130dar\u0259sind\u0259 (B\u015eBP\u0130) t\u0259zyiq\u0259 m\u0259ruz qald\u0131\u011f\u0131n\u0131 deyir.<\/p>\n\n\n\n<p>S\u0259b\u0259b is\u0259 saxta ittiham\u0131 r\u0259dd etm\u0259sidir.<\/p>\n\n\n\n<p>X\u0259tai Rayon M\u0259hk\u0259m\u0259sinin 25 aprel 2025-cil il tarixli q\u0259rar\u0131 il\u0259 Cinay\u0259t M\u0259c\u0259ll\u0259sinin 178.2.2, (d\u0259l\u0259duzluq t\u0259krar t\u00f6r\u0259dildikd\u0259), 178.2.4 (d\u0259l\u0259duzluq xeyli miqdarda ziyan vurmaqla t\u00f6r\u0259dildikd\u0259)\u00a0madd\u0259l\u0259ril\u0259 t\u0259qsirl\u0259ndiril\u0259n Leyla \u0130brahimova bar\u0259sind\u0259 1 ay 13 g\u00fcn m\u00fcdd\u0259tin\u0259 h\u0259bs q\u0259timkan t\u0259dbiri se\u00e7ilib.<\/p>\n\n\n\n<p>Leyla \u0130brahimova deyir ki, m\u00fcst\u0259ntiq\u0259 r\u00fc\u015fv\u0259t verm\u0259diyi \u00fc\u00e7\u00fcn ona qar\u015f\u0131 q\u0259r\u0259zli ittiham ir\u0259li s\u00fcr\u00fcl\u00fcb, zorak\u0131l\u0131\u011fa m\u0259ruz qal\u0131b.<\/p>\n\n\n\n<p><em>\u201cBak\u0131 \u015e\u0259h\u0259r Polis \u0130dar\u0259sin\u0259 k\u00f6n\u00fcll\u00fc \u015f\u0259kild\u0259 getdim. M\u00fcst\u0259ntiq F\u0259rid \u015e\u00fck\u00fcrl\u00fcn\u00fcn m\u0259n\u0259 ilk sual\u0131 \u201cn\u0259 q\u0259d\u0259r pulla g\u0259lmis\u0259n?\u201d oldu. He\u00e7 bir pulla g\u0259lm\u0259diyimi dey\u0259nd\u0259 \u201co zaman s\u0259ni y\u00fcz faiz h\u0259bs ed\u0259c\u0259y\u0259m\u201d, -s\u00f6yl\u0259di. Qar\u015f\u0131ma saxta axtar\u0131\u015f q\u0259rar\u0131 v\u0259 saxta ittiham qoydu\u201d<\/em>,- Leyla \u0130brahimova Meydan TV \u0259m\u0259kda\u015f\u0131na dan\u0131\u015f\u0131b.<\/p>\n\n\n\n<p>Leyla \u0130brahimova \u201cOrxan\u201d adl\u0131 \u015f\u0259xsd\u0259n turizm xidm\u0259ti g\u00f6st\u0259rm\u0259k ad\u0131 il\u0259 10 min manata yax\u0131n v\u0259sait almaqda v\u0259 m\u0259nims\u0259m\u0259kd\u0259 ittiham olunur.<\/p>\n\n\n\n<p>Leyla \u0130brahimova&nbsp; h\u0259min \u015f\u0259xsi tan\u0131mad\u0131\u011f\u0131n\u0131 deyib v\u0259 \u00fczl\u0259\u015fm\u0259 t\u0259l\u0259b edib:<\/p>\n\n\n\n<p><em>\u201cEkspertiza ke\u00e7m\u0259k ad\u0131 il\u0259 m\u0259ni m\u00fcst\u0259ntiqin yan\u0131ndan \u00e7\u0131xar\u0131b, yandak\u0131 ota\u011fa apard\u0131lar. \u0130\u00e7\u0259ri bir polis girdi. O, m\u0259n\u0259 nalayiq s\u00f6y\u00fc\u015fl\u0259r s\u00f6y\u0259r\u0259k niy\u0259 s\u0259n\u0259di imzalamad\u0131\u011f\u0131n\u0131 soru\u015fdu. Sonra sol qula\u011f\u0131m\u0131n \u00fcz\u0259rind\u0259n sill\u0259 vurdu. \u00dcz\u00fcmd\u0259 sill\u0259nin izi il\u0259 m\u00fcst\u0259ntiqin ota\u011f\u0131na d\u00f6n\u0259nd\u0259 v\u0259kilim Araz Allahverdiyev d\u0259 orada idi. Onlara dedim ki, m\u0259ni \u00f6ld\u00fcrs\u0259l\u0259r d\u0259, qol \u00e7\u0259km\u0259y\u0259c\u0259y\u0259m\u201d.<\/em><\/p>\n\n\n\n<p>Leyla \u0130brahimovan\u0131n s\u00f6zl\u0259rin\u0259 g\u00f6r\u0259, istintaq idar\u0259sinin r\u0259is m\u00fcavini H\u0259bib H\u0259bibli d\u0259 onu ittiham q\u0259bul etm\u0259y\u0259c\u0259yi t\u0259qdird\u0259 \u201cqaranl\u0131q ota\u011fa\u201d salaca\u011f\u0131 il\u0259 t\u0259hdid edib.<\/p>\n\n\n\n<p>H\u0259m\u00e7inin Leyla \u0130brahimova guya B\u015eBP\u0130-y\u0259 axtar\u0131\u015fla g\u0259tirilm\u0259si il\u0259 ba\u011fl\u0131 s\u0259n\u0259d\u0259 d\u0259 qol \u00e7\u0259km\u0259y\u0259c\u0259yini bildir\u0259nd\u0259, ona qar\u015f\u0131 t\u0259krar zorak\u0131l\u0131q g\u00f6st\u0259rilib:<\/p>\n\n\n\n<p><em>\u201c\u0130kinci d\u0259f\u0259 h\u0259min ota\u011fa apar\u0131landa art\u0131q i\u00e7\u0259rid\u0259 m\u0259ni n\u0259 g\u00f6zl\u0259diyini bilirdim. Yen\u0259 t\u0259hqir olundum, sill\u0259 il\u0259 vuruldum. Q\u0131\u015fq\u0131randan sonra m\u00fcst\u0259ntiqin ota\u011f\u0131na apard\u0131lar. Ba\u015f ver\u0259nl\u0259r\u0259 \u015fahid olub, he\u00e7 bir etiraz etm\u0259y\u0259n v\u0259kilim Araz Allahverdiyevd\u0259n imtina etdiyimi bildirdim. M\u00fcst\u0259ntiq m\u0259n\u0259 icaz\u0259 verm\u0259di. M\u0259s\u0259l\u0259ni ictimail\u0259\u015fdir\u0259c\u0259yimi dey\u0259nd\u0259 F\u0259rid \u015e\u00fck\u00fcrl\u00fc \u201csahibl\u0259rin\u0259 dey\u0259rs\u0259n ictimail\u0259\u015fdir\u0259r\u201d deyib, &#8211; istehza etdi\u201d.<\/em><\/p>\n\n\n\n<p>Haz\u0131rda Bak\u0131 \u0130stintaq T\u0259cridxanas\u0131nda saxlan\u0131lan Leyla \u0130brahimova Meydan TV \u0259m\u0259kda\u015f\u0131 il\u0259 eyni kameradad\u0131r.<\/p>\n\n\n\n<p>23 ya\u015fl\u0131 m\u00fcst\u0259ntiq F\u0259rid \u015e\u00fck\u00fcrl\u00fc is\u0259 Meydan TV \u0259m\u0259kda\u015flar\u0131na qar\u015f\u0131 a\u00e7\u0131lan cinay\u0259t i\u015fi \u00fczr\u0259 istintaq qrupunun \u00fczv\u00fcd\u00fcr.<\/p>\n\n\n\n<p>H\u0259r iki i\u015f \u00fczr\u0259 m\u00fcst\u0259ntiq olan F\u0259rid \u015e\u00fck\u00fcrl\u00fc \u201csahibl\u0259rin\u201d dedikd\u0259 Meydan TV \u0259m\u0259kda\u015flar\u0131n\u0131 n\u0259z\u0259rd\u0259 tutub.<\/p>\n\n\n\n<p>23 ya\u015fl\u0131 m\u00fcst\u0259ntiq Polis Akademiyas\u0131n\u0131 bitir\u0259n kimi birba\u015fa B\u015eBP\u0130-y\u0259 m\u00fcst\u0259ntiq kimi i\u015f\u0259 ba\u015flay\u0131b.<\/p>\n\n\n\n<p>M\u0259tbuatda ad\u0131n\u0131n hallanmas\u0131nda maraql\u0131 olan F\u0259rid \u015e\u00fck\u00fcrl\u00fc sanksiya m\u0259hk\u0259m\u0259sind\u0259 Meydan TV \u0259m\u0259kda\u015f\u0131na, \u201csiz bizi pisl\u0259yin ki, ir\u0259li ged\u0259k\u201d dey\u0259 i\u015far\u0259 d\u0259 vurub.<\/p>\n\n\n\n<p>Leyla \u0130brahimova haqq\u0131nda 2024-c\u00fc ild\u0259 d\u0259 axtar\u0131\u015f elan olunub. Cinay\u0259t M\u0259c\u0259ll\u0259sinin 178.2.2-ci (d\u0259l\u0259duzluq t\u0259krar t\u00f6r\u0259dildikd\u0259) madd\u0259si il\u0259 m\u0259hk\u0259m\u0259d\u0259n yay\u0131nd\u0131\u011f\u0131 \u0259sas g\u0259tiril\u0259r\u0259k dekabr\u0131n 12-d\u0259 bar\u0259sind\u0259 m\u00fcdd\u0259tsiz h\u0259bs q\u0259timkan t\u0259dbiri se\u00e7ilib.<\/p>\n\n\n\n<p>Analoji i\u015f \u00fczr\u0259 Yasamal Rayon M\u0259hk\u0259m\u0259sinin 21 aprel 2025-ci il tarixli q\u0259rar\u0131 il\u0259 Leyla \u0130brahimovan\u0131n azadl\u0131\u011f\u0131 1 il 9 ay 24 g\u00fcn m\u00fcdd\u0259tin\u0259 m\u0259hdudla\u015fd\u0131r\u0131l\u0131b. O, ya\u015fay\u0131\u015f yerini t\u0259rk etm\u0259m\u0259k, elektron n\u0259zar\u0259t vasit\u0259sini g\u0259zdirm\u0259k \u015f\u0259rti il\u0259 m\u0259hk\u0259m\u0259 zal\u0131ndan s\u0259rb\u0259st burax\u0131l\u0131b. D\u00f6rd g\u00fcn azadl\u0131qda olan turizm i\u015f\u00e7isi aprelin 24-d\u0259 yeni ittihamla h\u0259bs olunub. O, bu ittiham\u0131 qanunsuz hesab edir, i\u015fin \u0259dal\u0259tli apar\u0131lmas\u0131n\u0131 ist\u0259yir.<\/p>\n\n\n\n<p><em>\u201cM\u0259n m\u0259hk\u0259m\u0259nin h\u00f6km\u00fcn\u0259 \u0259sas\u0259n, haz\u0131rda azadl\u0131qda olmal\u0131yam. Lakin Bak\u0131 \u015e\u0259h\u0259r Ba\u015f Polis idar\u0259si r\u00fc\u015fv\u0259t verm\u0259diyim \u00fc\u00e7\u00fcn saxta ittihamla m\u0259ni h\u0259bs etdi. \u0130dar\u0259 m\u0259ni h\u0259bsd\u0259 saxlamaq \u00fc\u00e7\u00fcn ortaya yeni z\u0259r\u0259r\u00e7\u0259k\u0259n \u00e7\u0131xard\u0131. T\u0259l\u0259b edir\u0259m ki, F\u0259rid \u015e\u00fck\u00fcrl\u00fc bar\u0259sind\u0259 ara\u015fd\u0131rma apar\u0131ls\u0131n, qanunam\u00fcvafiq \u015f\u0259kild\u0259 c\u0259zaland\u0131r\u0131ls\u0131n. H\u0259m\u00e7inin azadl\u0131q h\u00fcququmun b\u0259rpa olunmas\u0131n\u0131 t\u0259l\u0259b edir\u0259m\u201d, <\/em>&#8211; Leyla \u0130brahimova deyib.<\/p>\n\n\n\n<p>Yeni ittihamla, ondan t\u0259l\u0259b olunan m\u0259bl\u0259\u011fl\u0259 raz\u0131la\u015fmayan Leyla \u0130brahimova apelyasiya \u015fikay\u0259ti ver\u0259c\u0259k.<\/p>\n\n\n\n<p>Onun s\u00f6zl\u0259rin\u0259 g\u00f6r\u0259 m\u00fcst\u0259ntiq F\u0259rid \u015e\u00fck\u00fcrl\u00fc t\u0259kc\u0259 ona yox, i\u015fd\u0259 z\u0259r\u0259r\u00e7\u0259kmi\u015f kimi tan\u0131nan \u015f\u0259xsl\u0259r\u0259 d\u0259 t\u0259zyiq g\u00f6st\u0259rir.<\/p>\n\n\n\n<p><em>\u201c\u0130\u015f \u00fczr\u0259 3 z\u0259r\u0259r\u00e7\u0259k\u0259n k\u00f6n\u00fcll\u00fc olaraq \u015fikay\u0259tl\u0259rini geri g\u00f6t\u00fcrm\u0259k ist\u0259s\u0259 d\u0259, m\u00fcst\u0259ntiq buna mane olur. Saxlan\u0131lmazdan iki g\u00fcn \u00f6nc\u0259 idar\u0259y\u0259 \u015fikay\u0259ti geri g\u00f6t\u00fcrm\u0259y\u0259 ged\u0259n bir z\u0259r\u0259r\u00e7\u0259k\u0259n\u0259 \u201cindi vaxt\u0131m yoxdur\u201d, &#8211; dey\u0259r\u0259k onu q\u0259bul etm\u0259yib. M\u00fcst\u0259ntiqd\u0259n bunun s\u0259b\u0259bini soru\u015fanda \u201cs\u0259ni tutma\u011fa \u0259sas\u0131m olsun\u201d dey\u0259r\u0259k \u0259m\u0259lin\u0259 haqq qazand\u0131rd\u0131<\/em><em>\u201d.<\/em><\/p>\n\n\n\n<p>Meydan TV \u0259m\u0259kda\u015f\u0131 F\u0259rid \u015e\u00fck\u00fcrl\u00fcd\u0259n Leyla \u0130brahimovan\u0131n dedikl\u0259rin\u0259 cavab ist\u0259y\u0259nd\u0259, m\u00fcst\u0259ntiq istehza il\u0259 g\u00fcl\u00fcb v\u0259 yaln\u0131z ad\u0131 il\u0259 m\u00fcraci\u0259t\u0259 irad bildirib: <em>\u201cF\u0259rid yox, F\u0259rid m\u00fc\u0259llim\u201d.<\/em><\/p>\n\n\n\n<p>Meydan TV-nin m\u0259s\u0259l\u0259 il\u0259 \u0259laq\u0259dar Daxili \u0130\u015fl\u0259r Nazirliyin\u0259 \u00fcnvanlad\u0131\u011f\u0131 sor\u011fu cavabland\u0131r\u0131lmay\u0131b.<\/p>\n\n\n\n<p>Leyla \u0130brahimovan\u0131n v\u0259kili Araz Allahverdiyevd\u0259n onun dedikl\u0259rin\u0259 m\u00fcnasib\u0259t \u00f6yr\u0259nm\u0259k m\u00fcmk\u00fcn olmay\u0131b.<\/p>\n","protected":false},"excerpt":{"rendered":"<p>23 ya\u015fl\u0131 m\u00fcst\u0259ntiq Meydan TV \u0259m\u0259kda\u015flar\u0131na qar\u015f\u0131 a\u00e7\u0131lan cinay\u0259t i\u015fi &#8230; <\/p>\n<p class=\"read-more-container\"><a title=\"\u201cMeydan TV i\u015fi\u201dnd\u0259ki m\u00fcst\u0259ntiqin ad\u0131 r\u00fc\u015fv\u0259td\u0259 hallan\u0131r\" class=\"read-more button\" href=\"https:\/\/www.meydan.tv\/az\/article\/meydan-tv-isind%c9%99ki-must%c9%99ntiqin-adi-rusv%c9%99td%c9%99-hallanir\/#more-330159\" aria-label=\"Read more about \u201cMeydan TV i\u015fi\u201dnd\u0259ki m\u00fcst\u0259ntiqin ad\u0131 r\u00fc\u015fv\u0259td\u0259 hallan\u0131r\">Davam\u0131<\/a><\/p>\n","protected":false},"author":21,"featured_media":243993,"comment_status":"closed","ping_status":"closed","sticky":false,"template":"","format":"standard","meta":{"_acf_changed":false,"_sitemap_exclude":false,"_sitemap_priority":"","_sitemap_frequency":"","footnotes":""},"categories":[139,62,79,56],"tags":[],"class_list":["post-330159","post","type-post","status-publish","format-standard","has-post-thumbnail","hentry","category-meydan-tv-isi","category-sosial","category-featured","category-xeberler","infinite-scroll-item","generate-columns","tablet-grid-50","mobile-grid-100","grid-parent","grid-33","no-featured-image-padding"],"acf":[],"yoast_head":"<!-- This site is optimized with the Yoast SEO plugin v27.4 - https:\/\/yoast.com\/product\/yoast-seo-wordpress\/ -->\n<title>\u201cMeydan TV i\u015fi\u201dnd\u0259ki m\u00fcst\u0259ntiqin ad\u0131 r\u00fc\u015fv\u0259td\u0259 hallan\u0131r - MEYDAN.TV<\/title>\n<meta name=\"robots\" content=\"index, follow, max-snippet:-1, max-image-preview:large, max-video-preview:-1\" \/>\n<link rel=\"canonical\" href=\"https:\/\/www.meydan.tv\/az\/article\/meydan-tv-isind%c9%99ki-must%c9%99ntiqin-adi-rusv%c9%99td%c9%99-hallanir\/\" \/>\n<meta property=\"og:locale\" content=\"az_AZ\" \/>\n<meta property=\"og:type\" content=\"article\" \/>\n<meta property=\"og:title\" content=\"\u201cMeydan TV i\u015fi\u201dnd\u0259ki m\u00fcst\u0259ntiqin ad\u0131 r\u00fc\u015fv\u0259td\u0259 hallan\u0131r - MEYDAN.TV\" \/>\n<meta property=\"og:description\" content=\"23 ya\u015fl\u0131 m\u00fcst\u0259ntiq Meydan TV \u0259m\u0259kda\u015flar\u0131na qar\u015f\u0131 a\u00e7\u0131lan cinay\u0259t i\u015fi ... Davam\u0131\" \/>\n<meta property=\"og:url\" content=\"https:\/\/www.meydan.tv\/az\/article\/meydan-tv-isind%c9%99ki-must%c9%99ntiqin-adi-rusv%c9%99td%c9%99-hallanir\/\" \/>\n<meta property=\"og:site_name\" content=\"MEYDAN.TV\" \/>\n<meta property=\"article:published_time\" content=\"2025-05-12T11:18:35+00:00\" \/>\n<meta property=\"article:modified_time\" content=\"2025-05-13T07:36:55+00:00\" \/>\n<meta property=\"og:image\" content=\"https:\/\/www.meydan.tv\/wp-content\/uploads\/shutterstock_151610453.jpg\" \/>\n\t<meta property=\"og:image:width\" content=\"1500\" \/>\n\t<meta property=\"og:image:height\" content=\"1053\" \/>\n\t<meta property=\"og:image:type\" content=\"image\/jpeg\" \/>\n<meta name=\"author\" content=\"mahmud\" \/>\n<meta name=\"twitter:card\" content=\"summary_large_image\" \/>\n<script type=\"application\/ld+json\" class=\"yoast-schema-graph\">{\"@context\":\"https:\\\/\\\/schema.org\",\"@graph\":[{\"@type\":\"Article\",\"@id\":\"https:\\\/\\\/www.meydan.tv\\\/az\\\/article\\\/meydan-tv-isind%c9%99ki-must%c9%99ntiqin-adi-rusv%c9%99td%c9%99-hallanir\\\/#article\",\"isPartOf\":{\"@id\":\"https:\\\/\\\/www.meydan.tv\\\/az\\\/article\\\/meydan-tv-isind%c9%99ki-must%c9%99ntiqin-adi-rusv%c9%99td%c9%99-hallanir\\\/\"},\"author\":{\"name\":\"mahmud\",\"@id\":\"https:\\\/\\\/www.meydan.tv\\\/az\\\/#\\\/schema\\\/person\\\/09863e516102a829e72bedcf3f84c6b0\"},\"headline\":\"\u201cMeydan TV i\u015fi\u201dnd\u0259ki m\u00fcst\u0259ntiqin ad\u0131 r\u00fc\u015fv\u0259td\u0259 hallan\u0131r\",\"datePublished\":\"2025-05-12T11:18:35+00:00\",\"dateModified\":\"2025-05-13T07:36:55+00:00\",\"mainEntityOfPage\":{\"@id\":\"https:\\\/\\\/www.meydan.tv\\\/az\\\/article\\\/meydan-tv-isind%c9%99ki-must%c9%99ntiqin-adi-rusv%c9%99td%c9%99-hallanir\\\/\"},\"wordCount\":1164,\"publisher\":{\"@id\":\"https:\\\/\\\/www.meydan.tv\\\/az\\\/#organization\"},\"image\":{\"@id\":\"https:\\\/\\\/www.meydan.tv\\\/az\\\/article\\\/meydan-tv-isind%c9%99ki-must%c9%99ntiqin-adi-rusv%c9%99td%c9%99-hallanir\\\/#primaryimage\"},\"thumbnailUrl\":\"https:\\\/\\\/www.meydan.tv\\\/wp-content\\\/uploads\\\/shutterstock_151610453.jpg\",\"articleSection\":[\"Meydan TV i\u015fi\",\"Sosial\",\"T\u00f6vsiy\u0259\",\"X\u0259b\u0259rl\u0259r\"],\"inLanguage\":\"az\"},{\"@type\":\"WebPage\",\"@id\":\"https:\\\/\\\/www.meydan.tv\\\/az\\\/article\\\/meydan-tv-isind%c9%99ki-must%c9%99ntiqin-adi-rusv%c9%99td%c9%99-hallanir\\\/\",\"url\":\"https:\\\/\\\/www.meydan.tv\\\/az\\\/article\\\/meydan-tv-isind%c9%99ki-must%c9%99ntiqin-adi-rusv%c9%99td%c9%99-hallanir\\\/\",\"name\":\"\u201cMeydan TV i\u015fi\u201dnd\u0259ki m\u00fcst\u0259ntiqin ad\u0131 r\u00fc\u015fv\u0259td\u0259 hallan\u0131r - MEYDAN.TV\",\"isPartOf\":{\"@id\":\"https:\\\/\\\/www.meydan.tv\\\/az\\\/#website\"},\"primaryImageOfPage\":{\"@id\":\"https:\\\/\\\/www.meydan.tv\\\/az\\\/article\\\/meydan-tv-isind%c9%99ki-must%c9%99ntiqin-adi-rusv%c9%99td%c9%99-hallanir\\\/#primaryimage\"},\"image\":{\"@id\":\"https:\\\/\\\/www.meydan.tv\\\/az\\\/article\\\/meydan-tv-isind%c9%99ki-must%c9%99ntiqin-adi-rusv%c9%99td%c9%99-hallanir\\\/#primaryimage\"},\"thumbnailUrl\":\"https:\\\/\\\/www.meydan.tv\\\/wp-content\\\/uploads\\\/shutterstock_151610453.jpg\",\"datePublished\":\"2025-05-12T11:18:35+00:00\",\"dateModified\":\"2025-05-13T07:36:55+00:00\",\"breadcrumb\":{\"@id\":\"https:\\\/\\\/www.meydan.tv\\\/az\\\/article\\\/meydan-tv-isind%c9%99ki-must%c9%99ntiqin-adi-rusv%c9%99td%c9%99-hallanir\\\/#breadcrumb\"},\"inLanguage\":\"az\",\"potentialAction\":[{\"@type\":\"ReadAction\",\"target\":[\"https:\\\/\\\/www.meydan.tv\\\/az\\\/article\\\/meydan-tv-isind%c9%99ki-must%c9%99ntiqin-adi-rusv%c9%99td%c9%99-hallanir\\\/\"]}]},{\"@type\":\"ImageObject\",\"inLanguage\":\"az\",\"@id\":\"https:\\\/\\\/www.meydan.tv\\\/az\\\/article\\\/meydan-tv-isind%c9%99ki-must%c9%99ntiqin-adi-rusv%c9%99td%c9%99-hallanir\\\/#primaryimage\",\"url\":\"https:\\\/\\\/www.meydan.tv\\\/wp-content\\\/uploads\\\/shutterstock_151610453.jpg\",\"contentUrl\":\"https:\\\/\\\/www.meydan.tv\\\/wp-content\\\/uploads\\\/shutterstock_151610453.jpg\",\"width\":1500,\"height\":1053,\"caption\":\"H\u0259bs. Foto: Africa Studio\\\/Shutterstock\"},{\"@type\":\"BreadcrumbList\",\"@id\":\"https:\\\/\\\/www.meydan.tv\\\/az\\\/article\\\/meydan-tv-isind%c9%99ki-must%c9%99ntiqin-adi-rusv%c9%99td%c9%99-hallanir\\\/#breadcrumb\",\"itemListElement\":[{\"@type\":\"ListItem\",\"position\":1,\"name\":\"Ana s\u0259hif\u0259\",\"item\":\"https:\\\/\\\/www.meydan.tv\\\/az\\\/\"},{\"@type\":\"ListItem\",\"position\":2,\"name\":\"Meydan TV i\u015fi\",\"item\":\"https:\\\/\\\/www.meydan.tv\\\/az\\\/section\\\/meydan-tv-isi\\\/\"},{\"@type\":\"ListItem\",\"position\":3,\"name\":\"\u201cMeydan TV i\u015fi\u201dnd\u0259ki m\u00fcst\u0259ntiqin ad\u0131 r\u00fc\u015fv\u0259td\u0259 hallan\u0131r\"}]},{\"@type\":\"WebSite\",\"@id\":\"https:\\\/\\\/www.meydan.tv\\\/az\\\/#website\",\"url\":\"https:\\\/\\\/www.meydan.tv\\\/az\\\/\",\"name\":\"MEYDAN.TV\",\"description\":\"Meydan TV Az\u0259rbaycan\u0131n media m\u0259kan\u0131ndak\u0131 alternativ s\u0259sidir\",\"publisher\":{\"@id\":\"https:\\\/\\\/www.meydan.tv\\\/az\\\/#organization\"},\"potentialAction\":[{\"@type\":\"SearchAction\",\"target\":{\"@type\":\"EntryPoint\",\"urlTemplate\":\"https:\\\/\\\/www.meydan.tv\\\/az\\\/?s={search_term_string}\"},\"query-input\":{\"@type\":\"PropertyValueSpecification\",\"valueRequired\":true,\"valueName\":\"search_term_string\"}}],\"inLanguage\":\"az\"},{\"@type\":\"Organization\",\"@id\":\"https:\\\/\\\/www.meydan.tv\\\/az\\\/#organization\",\"name\":\"Meydan TV\",\"url\":\"https:\\\/\\\/www.meydan.tv\\\/az\\\/\",\"logo\":{\"@type\":\"ImageObject\",\"inLanguage\":\"az\",\"@id\":\"https:\\\/\\\/www.meydan.tv\\\/az\\\/#\\\/schema\\\/logo\\\/image\\\/\",\"url\":\"https:\\\/\\\/www.meydan.tv\\\/wp-content\\\/uploads\\\/2021\\\/07\\\/meydan-logo.svg\",\"contentUrl\":\"https:\\\/\\\/www.meydan.tv\\\/wp-content\\\/uploads\\\/2021\\\/07\\\/meydan-logo.svg\",\"width\":195,\"height\":46,\"caption\":\"Meydan TV\"},\"image\":{\"@id\":\"https:\\\/\\\/www.meydan.tv\\\/az\\\/#\\\/schema\\\/logo\\\/image\\\/\"}},{\"@type\":\"Person\",\"@id\":\"https:\\\/\\\/www.meydan.tv\\\/az\\\/#\\\/schema\\\/person\\\/09863e516102a829e72bedcf3f84c6b0\",\"name\":\"mahmud\"}]}<\/script>\n<!-- \/ Yoast SEO plugin. -->","yoast_head_json":{"title":"\u201cMeydan TV i\u015fi\u201dnd\u0259ki m\u00fcst\u0259ntiqin ad\u0131 r\u00fc\u015fv\u0259td\u0259 hallan\u0131r - MEYDAN.TV","robots":{"index":"index","follow":"follow","max-snippet":"max-snippet:-1","max-image-preview":"max-image-preview:large","max-video-preview":"max-video-preview:-1"},"canonical":"https:\/\/www.meydan.tv\/az\/article\/meydan-tv-isind%c9%99ki-must%c9%99ntiqin-adi-rusv%c9%99td%c9%99-hallanir\/","og_locale":"az_AZ","og_type":"article","og_title":"\u201cMeydan TV i\u015fi\u201dnd\u0259ki m\u00fcst\u0259ntiqin ad\u0131 r\u00fc\u015fv\u0259td\u0259 hallan\u0131r - MEYDAN.TV","og_description":"23 ya\u015fl\u0131 m\u00fcst\u0259ntiq Meydan TV \u0259m\u0259kda\u015flar\u0131na qar\u015f\u0131 a\u00e7\u0131lan cinay\u0259t i\u015fi ... Davam\u0131","og_url":"https:\/\/www.meydan.tv\/az\/article\/meydan-tv-isind%c9%99ki-must%c9%99ntiqin-adi-rusv%c9%99td%c9%99-hallanir\/","og_site_name":"MEYDAN.TV","article_published_time":"2025-05-12T11:18:35+00:00","article_modified_time":"2025-05-13T07:36:55+00:00","og_image":[{"width":1500,"height":1053,"url":"https:\/\/www.meydan.tv\/wp-content\/uploads\/shutterstock_151610453.jpg","type":"image\/jpeg"}],"author":"mahmud","twitter_card":"summary_large_image","schema":{"@context":"https:\/\/schema.org","@graph":[{"@type":"Article","@id":"https:\/\/www.meydan.tv\/az\/article\/meydan-tv-isind%c9%99ki-must%c9%99ntiqin-adi-rusv%c9%99td%c9%99-hallanir\/#article","isPartOf":{"@id":"https:\/\/www.meydan.tv\/az\/article\/meydan-tv-isind%c9%99ki-must%c9%99ntiqin-adi-rusv%c9%99td%c9%99-hallanir\/"},"author":{"name":"mahmud","@id":"https:\/\/www.meydan.tv\/az\/#\/schema\/person\/09863e516102a829e72bedcf3f84c6b0"},"headline":"\u201cMeydan TV i\u015fi\u201dnd\u0259ki m\u00fcst\u0259ntiqin ad\u0131 r\u00fc\u015fv\u0259td\u0259 hallan\u0131r","datePublished":"2025-05-12T11:18:35+00:00","dateModified":"2025-05-13T07:36:55+00:00","mainEntityOfPage":{"@id":"https:\/\/www.meydan.tv\/az\/article\/meydan-tv-isind%c9%99ki-must%c9%99ntiqin-adi-rusv%c9%99td%c9%99-hallanir\/"},"wordCount":1164,"publisher":{"@id":"https:\/\/www.meydan.tv\/az\/#organization"},"image":{"@id":"https:\/\/www.meydan.tv\/az\/article\/meydan-tv-isind%c9%99ki-must%c9%99ntiqin-adi-rusv%c9%99td%c9%99-hallanir\/#primaryimage"},"thumbnailUrl":"https:\/\/www.meydan.tv\/wp-content\/uploads\/shutterstock_151610453.jpg","articleSection":["Meydan TV i\u015fi","Sosial","T\u00f6vsiy\u0259","X\u0259b\u0259rl\u0259r"],"inLanguage":"az"},{"@type":"WebPage","@id":"https:\/\/www.meydan.tv\/az\/article\/meydan-tv-isind%c9%99ki-must%c9%99ntiqin-adi-rusv%c9%99td%c9%99-hallanir\/","url":"https:\/\/www.meydan.tv\/az\/article\/meydan-tv-isind%c9%99ki-must%c9%99ntiqin-adi-rusv%c9%99td%c9%99-hallanir\/","name":"\u201cMeydan TV i\u015fi\u201dnd\u0259ki m\u00fcst\u0259ntiqin ad\u0131 r\u00fc\u015fv\u0259td\u0259 hallan\u0131r - MEYDAN.TV","isPartOf":{"@id":"https:\/\/www.meydan.tv\/az\/#website"},"primaryImageOfPage":{"@id":"https:\/\/www.meydan.tv\/az\/article\/meydan-tv-isind%c9%99ki-must%c9%99ntiqin-adi-rusv%c9%99td%c9%99-hallanir\/#primaryimage"},"image":{"@id":"https:\/\/www.meydan.tv\/az\/article\/meydan-tv-isind%c9%99ki-must%c9%99ntiqin-adi-rusv%c9%99td%c9%99-hallanir\/#primaryimage"},"thumbnailUrl":"https:\/\/www.meydan.tv\/wp-content\/uploads\/shutterstock_151610453.jpg","datePublished":"2025-05-12T11:18:35+00:00","dateModified":"2025-05-13T07:36:55+00:00","breadcrumb":{"@id":"https:\/\/www.meydan.tv\/az\/article\/meydan-tv-isind%c9%99ki-must%c9%99ntiqin-adi-rusv%c9%99td%c9%99-hallanir\/#breadcrumb"},"inLanguage":"az","potentialAction":[{"@type":"ReadAction","target":["https:\/\/www.meydan.tv\/az\/article\/meydan-tv-isind%c9%99ki-must%c9%99ntiqin-adi-rusv%c9%99td%c9%99-hallanir\/"]}]},{"@type":"ImageObject","inLanguage":"az","@id":"https:\/\/www.meydan.tv\/az\/article\/meydan-tv-isind%c9%99ki-must%c9%99ntiqin-adi-rusv%c9%99td%c9%99-hallanir\/#primaryimage","url":"https:\/\/www.meydan.tv\/wp-content\/uploads\/shutterstock_151610453.jpg","contentUrl":"https:\/\/www.meydan.tv\/wp-content\/uploads\/shutterstock_151610453.jpg","width":1500,"height":1053,"caption":"H\u0259bs. Foto: Africa Studio\/Shutterstock"},{"@type":"BreadcrumbList","@id":"https:\/\/www.meydan.tv\/az\/article\/meydan-tv-isind%c9%99ki-must%c9%99ntiqin-adi-rusv%c9%99td%c9%99-hallanir\/#breadcrumb","itemListElement":[{"@type":"ListItem","position":1,"name":"Ana s\u0259hif\u0259","item":"https:\/\/www.meydan.tv\/az\/"},{"@type":"ListItem","position":2,"name":"Meydan TV i\u015fi","item":"https:\/\/www.meydan.tv\/az\/section\/meydan-tv-isi\/"},{"@type":"ListItem","position":3,"name":"\u201cMeydan TV i\u015fi\u201dnd\u0259ki m\u00fcst\u0259ntiqin ad\u0131 r\u00fc\u015fv\u0259td\u0259 hallan\u0131r"}]},{"@type":"WebSite","@id":"https:\/\/www.meydan.tv\/az\/#website","url":"https:\/\/www.meydan.tv\/az\/","name":"MEYDAN.TV","description":"Meydan TV Az\u0259rbaycan\u0131n media m\u0259kan\u0131ndak\u0131 alternativ s\u0259sidir","publisher":{"@id":"https:\/\/www.meydan.tv\/az\/#organization"},"potentialAction":[{"@type":"SearchAction","target":{"@type":"EntryPoint","urlTemplate":"https:\/\/www.meydan.tv\/az\/?s={search_term_string}"},"query-input":{"@type":"PropertyValueSpecification","valueRequired":true,"valueName":"search_term_string"}}],"inLanguage":"az"},{"@type":"Organization","@id":"https:\/\/www.meydan.tv\/az\/#organization","name":"Meydan TV","url":"https:\/\/www.meydan.tv\/az\/","logo":{"@type":"ImageObject","inLanguage":"az","@id":"https:\/\/www.meydan.tv\/az\/#\/schema\/logo\/image\/","url":"https:\/\/www.meydan.tv\/wp-content\/uploads\/2021\/07\/meydan-logo.svg","contentUrl":"https:\/\/www.meydan.tv\/wp-content\/uploads\/2021\/07\/meydan-logo.svg","width":195,"height":46,"caption":"Meydan TV"},"image":{"@id":"https:\/\/www.meydan.tv\/az\/#\/schema\/logo\/image\/"}},{"@type":"Person","@id":"https:\/\/www.meydan.tv\/az\/#\/schema\/person\/09863e516102a829e72bedcf3f84c6b0","name":"mahmud"}]}},"_links":{"self":[{"href":"https:\/\/www.meydan.tv\/az\/wp-json\/wp\/v2\/posts\/330159","targetHints":{"allow":["GET"]}}],"collection":[{"href":"https:\/\/www.meydan.tv\/az\/wp-json\/wp\/v2\/posts"}],"about":[{"href":"https:\/\/www.meydan.tv\/az\/wp-json\/wp\/v2\/types\/post"}],"author":[{"embeddable":true,"href":"https:\/\/www.meydan.tv\/az\/wp-json\/wp\/v2\/users\/21"}],"replies":[{"embeddable":true,"href":"https:\/\/www.meydan.tv\/az\/wp-json\/wp\/v2\/comments?post=330159"}],"version-history":[{"count":7,"href":"https:\/\/www.meydan.tv\/az\/wp-json\/wp\/v2\/posts\/330159\/revisions"}],"predecessor-version":[{"id":330203,"href":"https:\/\/www.meydan.tv\/az\/wp-json\/wp\/v2\/posts\/330159\/revisions\/330203"}],"wp:featuredmedia":[{"embeddable":true,"href":"https:\/\/www.meydan.tv\/az\/wp-json\/wp\/v2\/media\/243993"}],"wp:attachment":[{"href":"https:\/\/www.meydan.tv\/az\/wp-json\/wp\/v2\/media?parent=330159"}],"wp:term":[{"taxonomy":"category","embeddable":true,"href":"https:\/\/www.meydan.tv\/az\/wp-json\/wp\/v2\/categories?post=330159"},{"taxonomy":"post_tag","embeddable":true,"href":"https:\/\/www.meydan.tv\/az\/wp-json\/wp\/v2\/tags?post=330159"}],"curies":[{"name":"wp","href":"https:\/\/api.w.org\/{rel}","templated":true}]}}