{"id":330156,"date":"2025-05-12T13:30:16","date_gmt":"2025-05-12T09:30:16","guid":{"rendered":"https:\/\/www.meydan.tv\/?p=330156"},"modified":"2025-05-12T13:38:16","modified_gmt":"2025-05-12T09:38:16","slug":"pkk-silahli-f%c9%99aliyy%c9%99tin%c9%99-son-verdiyini-v%c9%99-t%c9%99skilatin-buraxildigini-aciqlayib","status":"publish","type":"post","link":"https:\/\/www.meydan.tv\/az\/article\/pkk-silahli-f%c9%99aliyy%c9%99tin%c9%99-son-verdiyini-v%c9%99-t%c9%99skilatin-buraxildigini-aciqlayib\/","title":{"rendered":"PKK silahl\u0131 f\u0259aliyy\u0259tin\u0259 son verdiyini v\u0259 t\u0259\u015fkilat\u0131n burax\u0131ld\u0131\u011f\u0131n\u0131 a\u00e7\u0131qlay\u0131b"},"content":{"rendered":"\n<p><\/p>\n\n\n\n<p><strong><em>Bu q\u0259rar Abdullah \u00d6calan t\u0259r\u0259find\u0259n veril\u0259n \u00e7a\u011f\u0131r\u0131\u015fa cavab olaraq h\u0259yata ke\u00e7irilib<\/em><\/strong><\/p>\n\n\n\n<p>K\u00fcrd\u00fcstan F\u0259hl\u0259 Partiyas\u0131 (PKK) silahl\u0131 f\u0259aliyy\u0259tin\u0259 son verdiyini v\u0259 t\u0259\u015fkilat\u0131n burax\u0131ld\u0131\u011f\u0131n\u0131 a\u00e7\u0131qlay\u0131b. Bu q\u0259rar, t\u0259\u015fkilat\u0131n 12-ci qurultay\u0131nda q\u0259bul edilib v\u0259 Abdullah \u00d6calan t\u0259r\u0259find\u0259n s\u0259sl\u0259n\u0259n \u00e7a\u011f\u0131r\u0131\u015fa cavab olaraq h\u0259yata <a href=\"https:\/\/firatnews.com\/kurdIstan\/pkk-212559\" target=\"_blank\" rel=\"noreferrer noopener\">ke\u00e7irilib<\/a>.<\/p>\n\n\n\n<p>May\u0131n 12-d\u0259 yay\u0131mlanan b\u0259yanatda PKK 40 illik silahl\u0131 m\u00fcbariz\u0259nin \u201ctarixi missiyas\u0131n\u0131\u201d ba\u015fa vurdu\u011funu v\u0259 k\u00fcrd m\u0259s\u0259l\u0259sinin art\u0131q demokratik siyas\u0259t \u00e7\u0259r\u00e7iv\u0259sind\u0259 h\u0259ll oluna bil\u0259c\u0259k bir m\u0259rh\u0259l\u0259y\u0259 g\u0259ldiyini bildirib.<\/p>\n\n\n\n<p><em>\u201cBu m\u0259rh\u0259l\u0259d\u0259 T\u00fcrkiy\u0259 B\u00f6y\u00fck Mill\u0259t M\u0259clisinin tarixi m\u0259suliyy\u0259tini yerin\u0259 yetirm\u0259si m\u00fch\u00fcmd\u00fcr. Parlamentd\u0259 t\u0259msil olunan b\u00fct\u00fcn siyasi partiyalar, x\u00fcsusil\u0259 hakimiyy\u0259t v\u0259 \u0259sas m\u00fcxalif\u0259t, h\u0259m\u00e7inin v\u0259t\u0259nda\u015f c\u0259miyy\u0259ti t\u0259\u015fkilatlar\u0131 s\u00fclh v\u0259 demokratik c\u0259miyy\u0259tin qurulmas\u0131nda \u00fcz\u0259rl\u0259rin\u0259 d\u00fc\u015f\u0259n rolu oynamal\u0131d\u0131rlar\u201d<\/em><em>,<\/em> &nbsp;\u2013 dey\u0259 b\u0259yanatda qeyd olunub.<\/p>\n\n\n\n<p>\u00d6calan 1999-cu ild\u0259n b\u0259ri T\u00fcrkiy\u0259nin \u0130mrali adas\u0131nda h\u0259bsd\u0259dir v\u0259 onun \u00e7a\u011f\u0131r\u0131\u015f\u0131, t\u0259\u015fkilat\u0131n silahl\u0131 m\u00fcbariz\u0259y\u0259 son qoymas\u0131n\u0131 v\u0259 siyasi h\u0259ll yolunu se\u00e7m\u0259sini t\u0259l\u0259b edib.<\/p>\n\n\n\n<p>PKK m\u00fc\u0259yy\u0259n \u015f\u0259rtl\u0259r daxilind\u0259 mart\u0131n 1-d\u0259 t\u0259kt\u0259r\u0259fli at\u0259\u015fk\u0259s elan edib. Bu \u015f\u0259rtl\u0259rd\u0259n biri d\u0259 s\u00fclh dan\u0131\u015f\u0131qlar\u0131 \u00fc\u00e7\u00fcn yeni h\u00fcquqi bazan\u0131n yarad\u0131lmas\u0131 idi.<\/p>\n\n\n\n<p>PKK 1980-ci ill\u0259rd\u0259n etibar\u0259n T\u00fcrkiy\u0259 il\u0259 silahl\u0131 m\u00fcbariz\u0259y\u0259 ba\u015flay\u0131b. \u018fvv\u0259ll\u0259r m\u00fcst\u0259qil K\u00fcrd\u00fcstan u\u011frunda d\u00f6y\u00fc\u015f\u0259n t\u0259\u015fkilat, son ill\u0259rd\u0259 m\u0259qs\u0259dini \u00f6lk\u0259 daxilind\u0259 muxtariyy\u0259t v\u0259 k\u00fcrd v\u0259t\u0259nda\u015flara daha geni\u015f h\u00fcquqlar \u0259ld\u0259 etm\u0259y\u0259 d\u0259yi\u015fib.<\/p>\n\n\n\n<p>Bu ill\u0259r \u0259rzind\u0259 m\u00fcxt\u0259lif T\u00fcrkiy\u0259 h\u00f6kum\u0259tl\u0259ri, o c\u00fcml\u0259d\u0259n Prezident R\u0259c\u0259b Tayyib \u018frdo\u011fan r\u0259hb\u0259rliyind\u0259ki iqtidar m\u0259s\u0259l\u0259nin h\u00fcquqi yollarla h\u0259llin\u0259 \u00e7al\u0131\u015fsa da, bu t\u0259\u015f\u0259bb\u00fcsl\u0259r n\u0259tic\u0259 verm\u0259yib. M\u00fcnaqi\u015f\u0259 zaman\u0131 on minl\u0259rl\u0259 insan h\u0259yat\u0131n\u0131 itirib.<\/p>\n\n\n\n<p>T\u0259\u015fkilat\u0131n ad\u0131 T\u00fcrkiy\u0259, AB\u015e v\u0259 Avropa \u0130ttifaq\u0131 t\u0259r\u0259find\u0259n terror qrupla\u015fmas\u0131 siyah\u0131s\u0131na sal\u0131nm\u0131\u015fd\u0131.<\/p>\n","protected":false},"excerpt":{"rendered":"<p>Bu q\u0259rar Abdullah \u00d6calan t\u0259r\u0259find\u0259n veril\u0259n \u00e7a\u011f\u0131r\u0131\u015fa cavab olaraq h\u0259yata &#8230; <\/p>\n<p class=\"read-more-container\"><a title=\"PKK silahl\u0131 f\u0259aliyy\u0259tin\u0259 son verdiyini v\u0259 t\u0259\u015fkilat\u0131n burax\u0131ld\u0131\u011f\u0131n\u0131 a\u00e7\u0131qlay\u0131b\" class=\"read-more button\" href=\"https:\/\/www.meydan.tv\/az\/article\/pkk-silahli-f%c9%99aliyy%c9%99tin%c9%99-son-verdiyini-v%c9%99-t%c9%99skilatin-buraxildigini-aciqlayib\/#more-330156\" aria-label=\"Read more about PKK silahl\u0131 f\u0259aliyy\u0259tin\u0259 son verdiyini v\u0259 t\u0259\u015fkilat\u0131n burax\u0131ld\u0131\u011f\u0131n\u0131 a\u00e7\u0131qlay\u0131b\">Davam\u0131<\/a><\/p>\n","protected":false},"author":21,"featured_media":318321,"comment_status":"closed","ping_status":"closed","sticky":false,"template":"","format":"standard","meta":{"_acf_changed":false,"_sitemap_exclude":false,"_sitemap_priority":"","_sitemap_frequency":"","footnotes":""},"categories":[64,79,56],"tags":[],"class_list":["post-330156","post","type-post","status-publish","format-standard","has-post-thumbnail","hentry","category-dunya","category-featured","category-xeberler","infinite-scroll-item","generate-columns","tablet-grid-50","mobile-grid-100","grid-parent","grid-33","no-featured-image-padding"],"acf":[],"yoast_head":"<!-- This site is optimized with the Yoast SEO plugin v27.5 - https:\/\/yoast.com\/product\/yoast-seo-wordpress\/ -->\n<title>PKK silahl\u0131 f\u0259aliyy\u0259tin\u0259 son verdiyini v\u0259 t\u0259\u015fkilat\u0131n burax\u0131ld\u0131\u011f\u0131n\u0131 a\u00e7\u0131qlay\u0131b - MEYDAN.TV<\/title>\n<meta name=\"robots\" content=\"index, follow, max-snippet:-1, max-image-preview:large, max-video-preview:-1\" \/>\n<link rel=\"canonical\" href=\"https:\/\/www.meydan.tv\/az\/article\/pkk-silahli-f%c9%99aliyy%c9%99tin%c9%99-son-verdiyini-v%c9%99-t%c9%99skilatin-buraxildigini-aciqlayib\/\" \/>\n<meta property=\"og:locale\" content=\"az_AZ\" \/>\n<meta property=\"og:type\" content=\"article\" \/>\n<meta property=\"og:title\" content=\"PKK silahl\u0131 f\u0259aliyy\u0259tin\u0259 son verdiyini v\u0259 t\u0259\u015fkilat\u0131n burax\u0131ld\u0131\u011f\u0131n\u0131 a\u00e7\u0131qlay\u0131b - MEYDAN.TV\" \/>\n<meta property=\"og:description\" content=\"Bu q\u0259rar Abdullah \u00d6calan t\u0259r\u0259find\u0259n veril\u0259n \u00e7a\u011f\u0131r\u0131\u015fa cavab olaraq h\u0259yata ... Davam\u0131\" \/>\n<meta property=\"og:url\" content=\"https:\/\/www.meydan.tv\/az\/article\/pkk-silahli-f%c9%99aliyy%c9%99tin%c9%99-son-verdiyini-v%c9%99-t%c9%99skilatin-buraxildigini-aciqlayib\/\" \/>\n<meta property=\"og:site_name\" content=\"MEYDAN.TV\" \/>\n<meta property=\"article:published_time\" content=\"2025-05-12T09:30:16+00:00\" \/>\n<meta property=\"article:modified_time\" content=\"2025-05-12T09:38:16+00:00\" \/>\n<meta property=\"og:image\" content=\"https:\/\/www.meydan.tv\/wp-content\/uploads\/img_3472-scaled.jpeg\" \/>\n\t<meta property=\"og:image:width\" content=\"2560\" \/>\n\t<meta property=\"og:image:height\" content=\"1774\" \/>\n\t<meta property=\"og:image:type\" content=\"image\/jpeg\" \/>\n<meta name=\"author\" content=\"mahmud\" \/>\n<meta name=\"twitter:card\" content=\"summary_large_image\" \/>\n<script type=\"application\/ld+json\" class=\"yoast-schema-graph\">{\"@context\":\"https:\\\/\\\/schema.org\",\"@graph\":[{\"@type\":\"Article\",\"@id\":\"https:\\\/\\\/www.meydan.tv\\\/az\\\/article\\\/pkk-silahli-f%c9%99aliyy%c9%99tin%c9%99-son-verdiyini-v%c9%99-t%c9%99skilatin-buraxildigini-aciqlayib\\\/#article\",\"isPartOf\":{\"@id\":\"https:\\\/\\\/www.meydan.tv\\\/az\\\/article\\\/pkk-silahli-f%c9%99aliyy%c9%99tin%c9%99-son-verdiyini-v%c9%99-t%c9%99skilatin-buraxildigini-aciqlayib\\\/\"},\"author\":{\"name\":\"mahmud\",\"@id\":\"https:\\\/\\\/www.meydan.tv\\\/az\\\/#\\\/schema\\\/person\\\/09863e516102a829e72bedcf3f84c6b0\"},\"headline\":\"PKK silahl\u0131 f\u0259aliyy\u0259tin\u0259 son verdiyini v\u0259 t\u0259\u015fkilat\u0131n burax\u0131ld\u0131\u011f\u0131n\u0131 a\u00e7\u0131qlay\u0131b\",\"datePublished\":\"2025-05-12T09:30:16+00:00\",\"dateModified\":\"2025-05-12T09:38:16+00:00\",\"mainEntityOfPage\":{\"@id\":\"https:\\\/\\\/www.meydan.tv\\\/az\\\/article\\\/pkk-silahli-f%c9%99aliyy%c9%99tin%c9%99-son-verdiyini-v%c9%99-t%c9%99skilatin-buraxildigini-aciqlayib\\\/\"},\"wordCount\":443,\"publisher\":{\"@id\":\"https:\\\/\\\/www.meydan.tv\\\/az\\\/#organization\"},\"image\":{\"@id\":\"https:\\\/\\\/www.meydan.tv\\\/az\\\/article\\\/pkk-silahli-f%c9%99aliyy%c9%99tin%c9%99-son-verdiyini-v%c9%99-t%c9%99skilatin-buraxildigini-aciqlayib\\\/#primaryimage\"},\"thumbnailUrl\":\"https:\\\/\\\/www.meydan.tv\\\/wp-content\\\/uploads\\\/img_3472-scaled-e1761556672104.jpeg\",\"articleSection\":[\"D\u00fcnya\",\"T\u00f6vsiy\u0259\",\"X\u0259b\u0259rl\u0259r\"],\"inLanguage\":\"az\"},{\"@type\":\"WebPage\",\"@id\":\"https:\\\/\\\/www.meydan.tv\\\/az\\\/article\\\/pkk-silahli-f%c9%99aliyy%c9%99tin%c9%99-son-verdiyini-v%c9%99-t%c9%99skilatin-buraxildigini-aciqlayib\\\/\",\"url\":\"https:\\\/\\\/www.meydan.tv\\\/az\\\/article\\\/pkk-silahli-f%c9%99aliyy%c9%99tin%c9%99-son-verdiyini-v%c9%99-t%c9%99skilatin-buraxildigini-aciqlayib\\\/\",\"name\":\"PKK silahl\u0131 f\u0259aliyy\u0259tin\u0259 son verdiyini v\u0259 t\u0259\u015fkilat\u0131n burax\u0131ld\u0131\u011f\u0131n\u0131 a\u00e7\u0131qlay\u0131b - MEYDAN.TV\",\"isPartOf\":{\"@id\":\"https:\\\/\\\/www.meydan.tv\\\/az\\\/#website\"},\"primaryImageOfPage\":{\"@id\":\"https:\\\/\\\/www.meydan.tv\\\/az\\\/article\\\/pkk-silahli-f%c9%99aliyy%c9%99tin%c9%99-son-verdiyini-v%c9%99-t%c9%99skilatin-buraxildigini-aciqlayib\\\/#primaryimage\"},\"image\":{\"@id\":\"https:\\\/\\\/www.meydan.tv\\\/az\\\/article\\\/pkk-silahli-f%c9%99aliyy%c9%99tin%c9%99-son-verdiyini-v%c9%99-t%c9%99skilatin-buraxildigini-aciqlayib\\\/#primaryimage\"},\"thumbnailUrl\":\"https:\\\/\\\/www.meydan.tv\\\/wp-content\\\/uploads\\\/img_3472-scaled-e1761556672104.jpeg\",\"datePublished\":\"2025-05-12T09:30:16+00:00\",\"dateModified\":\"2025-05-12T09:38:16+00:00\",\"breadcrumb\":{\"@id\":\"https:\\\/\\\/www.meydan.tv\\\/az\\\/article\\\/pkk-silahli-f%c9%99aliyy%c9%99tin%c9%99-son-verdiyini-v%c9%99-t%c9%99skilatin-buraxildigini-aciqlayib\\\/#breadcrumb\"},\"inLanguage\":\"az\",\"potentialAction\":[{\"@type\":\"ReadAction\",\"target\":[\"https:\\\/\\\/www.meydan.tv\\\/az\\\/article\\\/pkk-silahli-f%c9%99aliyy%c9%99tin%c9%99-son-verdiyini-v%c9%99-t%c9%99skilatin-buraxildigini-aciqlayib\\\/\"]}]},{\"@type\":\"ImageObject\",\"inLanguage\":\"az\",\"@id\":\"https:\\\/\\\/www.meydan.tv\\\/az\\\/article\\\/pkk-silahli-f%c9%99aliyy%c9%99tin%c9%99-son-verdiyini-v%c9%99-t%c9%99skilatin-buraxildigini-aciqlayib\\\/#primaryimage\",\"url\":\"https:\\\/\\\/www.meydan.tv\\\/wp-content\\\/uploads\\\/img_3472-scaled-e1761556672104.jpeg\",\"contentUrl\":\"https:\\\/\\\/www.meydan.tv\\\/wp-content\\\/uploads\\\/img_3472-scaled-e1761556672104.jpeg\",\"width\":1000,\"height\":542,\"caption\":\"Foto: REUTERS\\\/Vincent Kessler\\\/File Photo\"},{\"@type\":\"BreadcrumbList\",\"@id\":\"https:\\\/\\\/www.meydan.tv\\\/az\\\/article\\\/pkk-silahli-f%c9%99aliyy%c9%99tin%c9%99-son-verdiyini-v%c9%99-t%c9%99skilatin-buraxildigini-aciqlayib\\\/#breadcrumb\",\"itemListElement\":[{\"@type\":\"ListItem\",\"position\":1,\"name\":\"Ana s\u0259hif\u0259\",\"item\":\"https:\\\/\\\/www.meydan.tv\\\/az\\\/\"},{\"@type\":\"ListItem\",\"position\":2,\"name\":\"D\u00fcnya\",\"item\":\"https:\\\/\\\/www.meydan.tv\\\/az\\\/section\\\/dunya\\\/\"},{\"@type\":\"ListItem\",\"position\":3,\"name\":\"PKK silahl\u0131 f\u0259aliyy\u0259tin\u0259 son verdiyini v\u0259 t\u0259\u015fkilat\u0131n burax\u0131ld\u0131\u011f\u0131n\u0131 a\u00e7\u0131qlay\u0131b\"}]},{\"@type\":\"WebSite\",\"@id\":\"https:\\\/\\\/www.meydan.tv\\\/az\\\/#website\",\"url\":\"https:\\\/\\\/www.meydan.tv\\\/az\\\/\",\"name\":\"MEYDAN.TV\",\"description\":\"Meydan TV Az\u0259rbaycan\u0131n media m\u0259kan\u0131ndak\u0131 alternativ s\u0259sidir\",\"publisher\":{\"@id\":\"https:\\\/\\\/www.meydan.tv\\\/az\\\/#organization\"},\"potentialAction\":[{\"@type\":\"SearchAction\",\"target\":{\"@type\":\"EntryPoint\",\"urlTemplate\":\"https:\\\/\\\/www.meydan.tv\\\/az\\\/?s={search_term_string}\"},\"query-input\":{\"@type\":\"PropertyValueSpecification\",\"valueRequired\":true,\"valueName\":\"search_term_string\"}}],\"inLanguage\":\"az\"},{\"@type\":\"Organization\",\"@id\":\"https:\\\/\\\/www.meydan.tv\\\/az\\\/#organization\",\"name\":\"Meydan TV\",\"url\":\"https:\\\/\\\/www.meydan.tv\\\/az\\\/\",\"logo\":{\"@type\":\"ImageObject\",\"inLanguage\":\"az\",\"@id\":\"https:\\\/\\\/www.meydan.tv\\\/az\\\/#\\\/schema\\\/logo\\\/image\\\/\",\"url\":\"https:\\\/\\\/www.meydan.tv\\\/wp-content\\\/uploads\\\/2021\\\/07\\\/meydan-logo.svg\",\"contentUrl\":\"https:\\\/\\\/www.meydan.tv\\\/wp-content\\\/uploads\\\/2021\\\/07\\\/meydan-logo.svg\",\"width\":195,\"height\":46,\"caption\":\"Meydan TV\"},\"image\":{\"@id\":\"https:\\\/\\\/www.meydan.tv\\\/az\\\/#\\\/schema\\\/logo\\\/image\\\/\"}},{\"@type\":\"Person\",\"@id\":\"https:\\\/\\\/www.meydan.tv\\\/az\\\/#\\\/schema\\\/person\\\/09863e516102a829e72bedcf3f84c6b0\",\"name\":\"mahmud\"}]}<\/script>\n<!-- \/ Yoast SEO plugin. -->","yoast_head_json":{"title":"PKK silahl\u0131 f\u0259aliyy\u0259tin\u0259 son verdiyini v\u0259 t\u0259\u015fkilat\u0131n burax\u0131ld\u0131\u011f\u0131n\u0131 a\u00e7\u0131qlay\u0131b - MEYDAN.TV","robots":{"index":"index","follow":"follow","max-snippet":"max-snippet:-1","max-image-preview":"max-image-preview:large","max-video-preview":"max-video-preview:-1"},"canonical":"https:\/\/www.meydan.tv\/az\/article\/pkk-silahli-f%c9%99aliyy%c9%99tin%c9%99-son-verdiyini-v%c9%99-t%c9%99skilatin-buraxildigini-aciqlayib\/","og_locale":"az_AZ","og_type":"article","og_title":"PKK silahl\u0131 f\u0259aliyy\u0259tin\u0259 son verdiyini v\u0259 t\u0259\u015fkilat\u0131n burax\u0131ld\u0131\u011f\u0131n\u0131 a\u00e7\u0131qlay\u0131b - MEYDAN.TV","og_description":"Bu q\u0259rar Abdullah \u00d6calan t\u0259r\u0259find\u0259n veril\u0259n \u00e7a\u011f\u0131r\u0131\u015fa cavab olaraq h\u0259yata ... Davam\u0131","og_url":"https:\/\/www.meydan.tv\/az\/article\/pkk-silahli-f%c9%99aliyy%c9%99tin%c9%99-son-verdiyini-v%c9%99-t%c9%99skilatin-buraxildigini-aciqlayib\/","og_site_name":"MEYDAN.TV","article_published_time":"2025-05-12T09:30:16+00:00","article_modified_time":"2025-05-12T09:38:16+00:00","og_image":[{"width":2560,"height":1774,"url":"https:\/\/www.meydan.tv\/wp-content\/uploads\/img_3472-scaled.jpeg","type":"image\/jpeg"}],"author":"mahmud","twitter_card":"summary_large_image","schema":{"@context":"https:\/\/schema.org","@graph":[{"@type":"Article","@id":"https:\/\/www.meydan.tv\/az\/article\/pkk-silahli-f%c9%99aliyy%c9%99tin%c9%99-son-verdiyini-v%c9%99-t%c9%99skilatin-buraxildigini-aciqlayib\/#article","isPartOf":{"@id":"https:\/\/www.meydan.tv\/az\/article\/pkk-silahli-f%c9%99aliyy%c9%99tin%c9%99-son-verdiyini-v%c9%99-t%c9%99skilatin-buraxildigini-aciqlayib\/"},"author":{"name":"mahmud","@id":"https:\/\/www.meydan.tv\/az\/#\/schema\/person\/09863e516102a829e72bedcf3f84c6b0"},"headline":"PKK silahl\u0131 f\u0259aliyy\u0259tin\u0259 son verdiyini v\u0259 t\u0259\u015fkilat\u0131n burax\u0131ld\u0131\u011f\u0131n\u0131 a\u00e7\u0131qlay\u0131b","datePublished":"2025-05-12T09:30:16+00:00","dateModified":"2025-05-12T09:38:16+00:00","mainEntityOfPage":{"@id":"https:\/\/www.meydan.tv\/az\/article\/pkk-silahli-f%c9%99aliyy%c9%99tin%c9%99-son-verdiyini-v%c9%99-t%c9%99skilatin-buraxildigini-aciqlayib\/"},"wordCount":443,"publisher":{"@id":"https:\/\/www.meydan.tv\/az\/#organization"},"image":{"@id":"https:\/\/www.meydan.tv\/az\/article\/pkk-silahli-f%c9%99aliyy%c9%99tin%c9%99-son-verdiyini-v%c9%99-t%c9%99skilatin-buraxildigini-aciqlayib\/#primaryimage"},"thumbnailUrl":"https:\/\/www.meydan.tv\/wp-content\/uploads\/img_3472-scaled-e1761556672104.jpeg","articleSection":["D\u00fcnya","T\u00f6vsiy\u0259","X\u0259b\u0259rl\u0259r"],"inLanguage":"az"},{"@type":"WebPage","@id":"https:\/\/www.meydan.tv\/az\/article\/pkk-silahli-f%c9%99aliyy%c9%99tin%c9%99-son-verdiyini-v%c9%99-t%c9%99skilatin-buraxildigini-aciqlayib\/","url":"https:\/\/www.meydan.tv\/az\/article\/pkk-silahli-f%c9%99aliyy%c9%99tin%c9%99-son-verdiyini-v%c9%99-t%c9%99skilatin-buraxildigini-aciqlayib\/","name":"PKK silahl\u0131 f\u0259aliyy\u0259tin\u0259 son verdiyini v\u0259 t\u0259\u015fkilat\u0131n burax\u0131ld\u0131\u011f\u0131n\u0131 a\u00e7\u0131qlay\u0131b - MEYDAN.TV","isPartOf":{"@id":"https:\/\/www.meydan.tv\/az\/#website"},"primaryImageOfPage":{"@id":"https:\/\/www.meydan.tv\/az\/article\/pkk-silahli-f%c9%99aliyy%c9%99tin%c9%99-son-verdiyini-v%c9%99-t%c9%99skilatin-buraxildigini-aciqlayib\/#primaryimage"},"image":{"@id":"https:\/\/www.meydan.tv\/az\/article\/pkk-silahli-f%c9%99aliyy%c9%99tin%c9%99-son-verdiyini-v%c9%99-t%c9%99skilatin-buraxildigini-aciqlayib\/#primaryimage"},"thumbnailUrl":"https:\/\/www.meydan.tv\/wp-content\/uploads\/img_3472-scaled-e1761556672104.jpeg","datePublished":"2025-05-12T09:30:16+00:00","dateModified":"2025-05-12T09:38:16+00:00","breadcrumb":{"@id":"https:\/\/www.meydan.tv\/az\/article\/pkk-silahli-f%c9%99aliyy%c9%99tin%c9%99-son-verdiyini-v%c9%99-t%c9%99skilatin-buraxildigini-aciqlayib\/#breadcrumb"},"inLanguage":"az","potentialAction":[{"@type":"ReadAction","target":["https:\/\/www.meydan.tv\/az\/article\/pkk-silahli-f%c9%99aliyy%c9%99tin%c9%99-son-verdiyini-v%c9%99-t%c9%99skilatin-buraxildigini-aciqlayib\/"]}]},{"@type":"ImageObject","inLanguage":"az","@id":"https:\/\/www.meydan.tv\/az\/article\/pkk-silahli-f%c9%99aliyy%c9%99tin%c9%99-son-verdiyini-v%c9%99-t%c9%99skilatin-buraxildigini-aciqlayib\/#primaryimage","url":"https:\/\/www.meydan.tv\/wp-content\/uploads\/img_3472-scaled-e1761556672104.jpeg","contentUrl":"https:\/\/www.meydan.tv\/wp-content\/uploads\/img_3472-scaled-e1761556672104.jpeg","width":1000,"height":542,"caption":"Foto: REUTERS\/Vincent Kessler\/File Photo"},{"@type":"BreadcrumbList","@id":"https:\/\/www.meydan.tv\/az\/article\/pkk-silahli-f%c9%99aliyy%c9%99tin%c9%99-son-verdiyini-v%c9%99-t%c9%99skilatin-buraxildigini-aciqlayib\/#breadcrumb","itemListElement":[{"@type":"ListItem","position":1,"name":"Ana s\u0259hif\u0259","item":"https:\/\/www.meydan.tv\/az\/"},{"@type":"ListItem","position":2,"name":"D\u00fcnya","item":"https:\/\/www.meydan.tv\/az\/section\/dunya\/"},{"@type":"ListItem","position":3,"name":"PKK silahl\u0131 f\u0259aliyy\u0259tin\u0259 son verdiyini v\u0259 t\u0259\u015fkilat\u0131n burax\u0131ld\u0131\u011f\u0131n\u0131 a\u00e7\u0131qlay\u0131b"}]},{"@type":"WebSite","@id":"https:\/\/www.meydan.tv\/az\/#website","url":"https:\/\/www.meydan.tv\/az\/","name":"MEYDAN.TV","description":"Meydan TV Az\u0259rbaycan\u0131n media m\u0259kan\u0131ndak\u0131 alternativ s\u0259sidir","publisher":{"@id":"https:\/\/www.meydan.tv\/az\/#organization"},"potentialAction":[{"@type":"SearchAction","target":{"@type":"EntryPoint","urlTemplate":"https:\/\/www.meydan.tv\/az\/?s={search_term_string}"},"query-input":{"@type":"PropertyValueSpecification","valueRequired":true,"valueName":"search_term_string"}}],"inLanguage":"az"},{"@type":"Organization","@id":"https:\/\/www.meydan.tv\/az\/#organization","name":"Meydan TV","url":"https:\/\/www.meydan.tv\/az\/","logo":{"@type":"ImageObject","inLanguage":"az","@id":"https:\/\/www.meydan.tv\/az\/#\/schema\/logo\/image\/","url":"https:\/\/www.meydan.tv\/wp-content\/uploads\/2021\/07\/meydan-logo.svg","contentUrl":"https:\/\/www.meydan.tv\/wp-content\/uploads\/2021\/07\/meydan-logo.svg","width":195,"height":46,"caption":"Meydan TV"},"image":{"@id":"https:\/\/www.meydan.tv\/az\/#\/schema\/logo\/image\/"}},{"@type":"Person","@id":"https:\/\/www.meydan.tv\/az\/#\/schema\/person\/09863e516102a829e72bedcf3f84c6b0","name":"mahmud"}]}},"_links":{"self":[{"href":"https:\/\/www.meydan.tv\/az\/wp-json\/wp\/v2\/posts\/330156","targetHints":{"allow":["GET"]}}],"collection":[{"href":"https:\/\/www.meydan.tv\/az\/wp-json\/wp\/v2\/posts"}],"about":[{"href":"https:\/\/www.meydan.tv\/az\/wp-json\/wp\/v2\/types\/post"}],"author":[{"embeddable":true,"href":"https:\/\/www.meydan.tv\/az\/wp-json\/wp\/v2\/users\/21"}],"replies":[{"embeddable":true,"href":"https:\/\/www.meydan.tv\/az\/wp-json\/wp\/v2\/comments?post=330156"}],"version-history":[{"count":1,"href":"https:\/\/www.meydan.tv\/az\/wp-json\/wp\/v2\/posts\/330156\/revisions"}],"predecessor-version":[{"id":330157,"href":"https:\/\/www.meydan.tv\/az\/wp-json\/wp\/v2\/posts\/330156\/revisions\/330157"}],"wp:featuredmedia":[{"embeddable":true,"href":"https:\/\/www.meydan.tv\/az\/wp-json\/wp\/v2\/media\/318321"}],"wp:attachment":[{"href":"https:\/\/www.meydan.tv\/az\/wp-json\/wp\/v2\/media?parent=330156"}],"wp:term":[{"taxonomy":"category","embeddable":true,"href":"https:\/\/www.meydan.tv\/az\/wp-json\/wp\/v2\/categories?post=330156"},{"taxonomy":"post_tag","embeddable":true,"href":"https:\/\/www.meydan.tv\/az\/wp-json\/wp\/v2\/tags?post=330156"}],"curies":[{"name":"wp","href":"https:\/\/api.w.org\/{rel}","templated":true}]}}