{"id":330112,"date":"2025-05-10T10:12:45","date_gmt":"2025-05-10T06:12:45","guid":{"rendered":"https:\/\/www.meydan.tv\/?p=330112"},"modified":"2025-05-10T10:12:47","modified_gmt":"2025-05-10T06:12:47","slug":"hitler-almaniyasinin-cokusund%c9%99n-80-il-sonra-dunya-m%c9%99nz%c9%99r%c9%99si","status":"publish","type":"post","link":"https:\/\/www.meydan.tv\/az\/article\/hitler-almaniyasinin-cokusund%c9%99n-80-il-sonra-dunya-m%c9%99nz%c9%99r%c9%99si\/","title":{"rendered":"Hitler Almaniyas\u0131n\u0131n \u00e7\u00f6k\u00fc\u015f\u00fcnd\u0259n 80 il sonra d\u00fcnya m\u0259nz\u0259r\u0259si"},"content":{"rendered":"\n<figure class=\"wp-block-embed is-type-video is-provider-youtube wp-block-embed-youtube wp-embed-aspect-16-9 wp-has-aspect-ratio\"><div class=\"wp-block-embed__wrapper\">\n<iframe title=\"Hitler Almaniyas\u0131n\u0131n \u00e7\u00f6k\u00fc\u015f\u00fcnd\u0259n 80 il sonra d\u00fcnya m\u0259nz\u0259r\u0259si\" width=\"1200\" height=\"675\" data-src=\"https:\/\/www.youtube.com\/embed\/gYcibGTAIgY?feature=oembed\" frameborder=\"0\" allow=\"accelerometer; autoplay; clipboard-write; encrypted-media; gyroscope; picture-in-picture; web-share\" referrerpolicy=\"strict-origin-when-cross-origin\" allowfullscreen src=\"data:image\/svg+xml;base64,PHN2ZyB3aWR0aD0iMSIgaGVpZ2h0PSIxIiB4bWxucz0iaHR0cDovL3d3dy53My5vcmcvMjAwMC9zdmciPjwvc3ZnPg==\" class=\"lazyload\" data-load-mode=\"1\"><\/iframe>\n<\/div><\/figure>\n\n\n\n<!--more-->\n\n\n\n<p><\/p>\n\n\n\n<p>Sovet \u0130ttifaq\u0131nda Nasist Almaniyas\u0131na qar\u015f\u0131 q\u0259l\u0259b\u0259 g\u00fcn\u00fc kimi qeyd olunan 9 mayda, Rusiya prezidenti Vladimir Putin Q\u0131z\u0131l Meydanda \u0259n\u0259n\u0259vi Q\u0259l\u0259b\u0259 Parad\u0131n\u0131 ke\u00e7irib.<\/p>\n\n\n\n<p>Tam 3 il 2 ay 15 g\u00fcn \u0259vv\u0259l Rusiya Ukraynaya h\u0259rbi m\u00fcdaxil\u0259y\u0259 ba\u015flay\u0131b.<\/p>\n\n\n\n<p>&nbsp;Putin bu \u0259m\u0259liyyat\u0131 \u201cx\u00fcsusi h\u0259rbi \u0259m\u0259liyyat\u201d adland\u0131rsa da, beyn\u0259lxalq al\u0259m t\u0259r\u0259find\u0259n i\u015f\u011fal kimi qiym\u0259tl\u0259ndirilir. M\u00fcharib\u0259 n\u0259tic\u0259sind\u0259 indiy\u0259 q\u0259d\u0259r t\u0259xmin\u0259n 13 min sivil, \u0259n az\u0131 210 min h\u0259rb\u00e7i h\u0259lak olub.<\/p>\n\n\n\n<p>M\u00fcharib\u0259d\u0259n \u0259vv\u0259l m\u00fcxt\u0259lif \u00f6lk\u0259 liderl\u0259rinin qat\u0131ld\u0131\u011f\u0131 Q\u0259l\u0259b\u0259 Parad\u0131na bu il Avropa \u0130ttifaq\u0131 \u00f6lk\u0259l\u0259rind\u0259n yaln\u0131z Slovakiya i\u015ftirak edib. Bir \u00e7ox Q\u0259rb \u00f6lk\u0259l\u0259ri bu t\u0259dbiri Rusiyan\u0131n militarist siyas\u0259tinin t\u0259c\u0259ss\u00fcm\u00fc kimi g\u00f6r\u00fcr. Parad zaman\u0131 Rusiyan\u0131n h\u0259rbi texnikas\u0131 n\u00fcmayi\u015f etdirilib. Bildirilir ki, \u015eimali Koreya Rusiyaya y\u00fcz minl\u0259rl\u0259 artilleriya m\u0259rmisi v\u0259 ballistik raketl\u0259r t\u0259dar\u00fck edib.<\/p>\n\n\n\n<p>D\u00fcnyada artan m\u00fcharib\u0259l\u0259r v\u0259 aqressiya fonunda fa\u015fizm v\u0259 Hitler irsinin h\u0259l\u0259 d\u0259 ya\u015fay\u0131b-ya\u015famad\u0131\u011f\u0131 sual\u0131 aktuall\u0131\u011f\u0131n\u0131 qoruyur. Son ill\u0259rd\u0259 sa\u011f partiyalar\u0131n y\u00fcks\u0259li\u015fi, artan islamofobiya, miqrantlara qar\u015f\u0131 s\u0259rt siyas\u0259t, siyas\u0259td\u0259 mill\u0259t\u00e7i ritorika fa\u015fizmin qlobal fenomen kimi h\u0259l\u0259 d\u0259 m\u00f6vcud oldu\u011funu g\u00f6st\u0259rir.<\/p>\n","protected":false},"excerpt":{"rendered":"","protected":false},"author":16,"featured_media":330114,"comment_status":"closed","ping_status":"closed","sticky":false,"template":"","format":"standard","meta":{"_acf_changed":false,"_sitemap_exclude":false,"_sitemap_priority":"","_sitemap_frequency":"","footnotes":""},"categories":[59,63],"tags":[],"class_list":["post-330112","post","type-post","status-publish","format-standard","has-post-thumbnail","hentry","category-siyaset","category-video-2","infinite-scroll-item","generate-columns","tablet-grid-50","mobile-grid-100","grid-parent","grid-33","no-featured-image-padding"],"acf":[],"yoast_head":"<!-- This site is optimized with the Yoast SEO plugin v27.4 - https:\/\/yoast.com\/product\/yoast-seo-wordpress\/ -->\n<title>Hitler Almaniyas\u0131n\u0131n \u00e7\u00f6k\u00fc\u015f\u00fcnd\u0259n 80 il sonra d\u00fcnya m\u0259nz\u0259r\u0259si - MEYDAN.TV<\/title>\n<meta name=\"robots\" content=\"index, follow, max-snippet:-1, max-image-preview:large, max-video-preview:-1\" \/>\n<link rel=\"canonical\" href=\"https:\/\/www.meydan.tv\/az\/article\/hitler-almaniyasinin-cokusund%c9%99n-80-il-sonra-dunya-m%c9%99nz%c9%99r%c9%99si\/\" \/>\n<meta property=\"og:locale\" content=\"az_AZ\" \/>\n<meta property=\"og:type\" content=\"article\" \/>\n<meta property=\"og:title\" content=\"Hitler Almaniyas\u0131n\u0131n \u00e7\u00f6k\u00fc\u015f\u00fcnd\u0259n 80 il sonra d\u00fcnya m\u0259nz\u0259r\u0259si - MEYDAN.TV\" \/>\n<meta property=\"og:url\" content=\"https:\/\/www.meydan.tv\/az\/article\/hitler-almaniyasinin-cokusund%c9%99n-80-il-sonra-dunya-m%c9%99nz%c9%99r%c9%99si\/\" \/>\n<meta property=\"og:site_name\" content=\"MEYDAN.TV\" \/>\n<meta property=\"article:published_time\" content=\"2025-05-10T06:12:45+00:00\" \/>\n<meta property=\"article:modified_time\" content=\"2025-05-10T06:12:47+00:00\" \/>\n<meta property=\"og:image\" content=\"https:\/\/www.meydan.tv\/wp-content\/uploads\/snimok-ekrana-2025-05-10-v-07.51.37-1200x779.png\" \/>\n\t<meta property=\"og:image:width\" content=\"1200\" \/>\n\t<meta property=\"og:image:height\" content=\"779\" \/>\n\t<meta property=\"og:image:type\" content=\"image\/png\" \/>\n<meta name=\"author\" content=\"sevda\" \/>\n<meta name=\"twitter:card\" content=\"summary_large_image\" \/>\n<script type=\"application\/ld+json\" class=\"yoast-schema-graph\">{\"@context\":\"https:\\\/\\\/schema.org\",\"@graph\":[{\"@type\":\"Article\",\"@id\":\"https:\\\/\\\/www.meydan.tv\\\/az\\\/article\\\/hitler-almaniyasinin-cokusund%c9%99n-80-il-sonra-dunya-m%c9%99nz%c9%99r%c9%99si\\\/#article\",\"isPartOf\":{\"@id\":\"https:\\\/\\\/www.meydan.tv\\\/az\\\/article\\\/hitler-almaniyasinin-cokusund%c9%99n-80-il-sonra-dunya-m%c9%99nz%c9%99r%c9%99si\\\/\"},\"author\":{\"name\":\"sevda\",\"@id\":\"https:\\\/\\\/www.meydan.tv\\\/az\\\/#\\\/schema\\\/person\\\/49b5f2bad5b126bb8ea9320eeb3e4dc9\"},\"headline\":\"Hitler Almaniyas\u0131n\u0131n \u00e7\u00f6k\u00fc\u015f\u00fcnd\u0259n 80 il sonra d\u00fcnya m\u0259nz\u0259r\u0259si\",\"datePublished\":\"2025-05-10T06:12:45+00:00\",\"dateModified\":\"2025-05-10T06:12:47+00:00\",\"mainEntityOfPage\":{\"@id\":\"https:\\\/\\\/www.meydan.tv\\\/az\\\/article\\\/hitler-almaniyasinin-cokusund%c9%99n-80-il-sonra-dunya-m%c9%99nz%c9%99r%c9%99si\\\/\"},\"wordCount\":272,\"publisher\":{\"@id\":\"https:\\\/\\\/www.meydan.tv\\\/az\\\/#organization\"},\"image\":{\"@id\":\"https:\\\/\\\/www.meydan.tv\\\/az\\\/article\\\/hitler-almaniyasinin-cokusund%c9%99n-80-il-sonra-dunya-m%c9%99nz%c9%99r%c9%99si\\\/#primaryimage\"},\"thumbnailUrl\":\"https:\\\/\\\/www.meydan.tv\\\/wp-content\\\/uploads\\\/snimok-ekrana-2025-05-10-v-07.51.37.png\",\"articleSection\":[\"Siyas\u0259t\",\"Video\"],\"inLanguage\":\"az\"},{\"@type\":\"WebPage\",\"@id\":\"https:\\\/\\\/www.meydan.tv\\\/az\\\/article\\\/hitler-almaniyasinin-cokusund%c9%99n-80-il-sonra-dunya-m%c9%99nz%c9%99r%c9%99si\\\/\",\"url\":\"https:\\\/\\\/www.meydan.tv\\\/az\\\/article\\\/hitler-almaniyasinin-cokusund%c9%99n-80-il-sonra-dunya-m%c9%99nz%c9%99r%c9%99si\\\/\",\"name\":\"Hitler Almaniyas\u0131n\u0131n \u00e7\u00f6k\u00fc\u015f\u00fcnd\u0259n 80 il sonra d\u00fcnya m\u0259nz\u0259r\u0259si - MEYDAN.TV\",\"isPartOf\":{\"@id\":\"https:\\\/\\\/www.meydan.tv\\\/az\\\/#website\"},\"primaryImageOfPage\":{\"@id\":\"https:\\\/\\\/www.meydan.tv\\\/az\\\/article\\\/hitler-almaniyasinin-cokusund%c9%99n-80-il-sonra-dunya-m%c9%99nz%c9%99r%c9%99si\\\/#primaryimage\"},\"image\":{\"@id\":\"https:\\\/\\\/www.meydan.tv\\\/az\\\/article\\\/hitler-almaniyasinin-cokusund%c9%99n-80-il-sonra-dunya-m%c9%99nz%c9%99r%c9%99si\\\/#primaryimage\"},\"thumbnailUrl\":\"https:\\\/\\\/www.meydan.tv\\\/wp-content\\\/uploads\\\/snimok-ekrana-2025-05-10-v-07.51.37.png\",\"datePublished\":\"2025-05-10T06:12:45+00:00\",\"dateModified\":\"2025-05-10T06:12:47+00:00\",\"breadcrumb\":{\"@id\":\"https:\\\/\\\/www.meydan.tv\\\/az\\\/article\\\/hitler-almaniyasinin-cokusund%c9%99n-80-il-sonra-dunya-m%c9%99nz%c9%99r%c9%99si\\\/#breadcrumb\"},\"inLanguage\":\"az\",\"potentialAction\":[{\"@type\":\"ReadAction\",\"target\":[\"https:\\\/\\\/www.meydan.tv\\\/az\\\/article\\\/hitler-almaniyasinin-cokusund%c9%99n-80-il-sonra-dunya-m%c9%99nz%c9%99r%c9%99si\\\/\"]}]},{\"@type\":\"ImageObject\",\"inLanguage\":\"az\",\"@id\":\"https:\\\/\\\/www.meydan.tv\\\/az\\\/article\\\/hitler-almaniyasinin-cokusund%c9%99n-80-il-sonra-dunya-m%c9%99nz%c9%99r%c9%99si\\\/#primaryimage\",\"url\":\"https:\\\/\\\/www.meydan.tv\\\/wp-content\\\/uploads\\\/snimok-ekrana-2025-05-10-v-07.51.37.png\",\"contentUrl\":\"https:\\\/\\\/www.meydan.tv\\\/wp-content\\\/uploads\\\/snimok-ekrana-2025-05-10-v-07.51.37.png\",\"width\":3024,\"height\":1964},{\"@type\":\"BreadcrumbList\",\"@id\":\"https:\\\/\\\/www.meydan.tv\\\/az\\\/article\\\/hitler-almaniyasinin-cokusund%c9%99n-80-il-sonra-dunya-m%c9%99nz%c9%99r%c9%99si\\\/#breadcrumb\",\"itemListElement\":[{\"@type\":\"ListItem\",\"position\":1,\"name\":\"Ana s\u0259hif\u0259\",\"item\":\"https:\\\/\\\/www.meydan.tv\\\/az\\\/\"},{\"@type\":\"ListItem\",\"position\":2,\"name\":\"Video\",\"item\":\"https:\\\/\\\/www.meydan.tv\\\/az\\\/section\\\/video-2\\\/\"},{\"@type\":\"ListItem\",\"position\":3,\"name\":\"Hitler Almaniyas\u0131n\u0131n \u00e7\u00f6k\u00fc\u015f\u00fcnd\u0259n 80 il sonra d\u00fcnya m\u0259nz\u0259r\u0259si\"}]},{\"@type\":\"WebSite\",\"@id\":\"https:\\\/\\\/www.meydan.tv\\\/az\\\/#website\",\"url\":\"https:\\\/\\\/www.meydan.tv\\\/az\\\/\",\"name\":\"MEYDAN.TV\",\"description\":\"Meydan TV Az\u0259rbaycan\u0131n media m\u0259kan\u0131ndak\u0131 alternativ s\u0259sidir\",\"publisher\":{\"@id\":\"https:\\\/\\\/www.meydan.tv\\\/az\\\/#organization\"},\"potentialAction\":[{\"@type\":\"SearchAction\",\"target\":{\"@type\":\"EntryPoint\",\"urlTemplate\":\"https:\\\/\\\/www.meydan.tv\\\/az\\\/?s={search_term_string}\"},\"query-input\":{\"@type\":\"PropertyValueSpecification\",\"valueRequired\":true,\"valueName\":\"search_term_string\"}}],\"inLanguage\":\"az\"},{\"@type\":\"Organization\",\"@id\":\"https:\\\/\\\/www.meydan.tv\\\/az\\\/#organization\",\"name\":\"Meydan TV\",\"url\":\"https:\\\/\\\/www.meydan.tv\\\/az\\\/\",\"logo\":{\"@type\":\"ImageObject\",\"inLanguage\":\"az\",\"@id\":\"https:\\\/\\\/www.meydan.tv\\\/az\\\/#\\\/schema\\\/logo\\\/image\\\/\",\"url\":\"https:\\\/\\\/www.meydan.tv\\\/wp-content\\\/uploads\\\/2021\\\/07\\\/meydan-logo.svg\",\"contentUrl\":\"https:\\\/\\\/www.meydan.tv\\\/wp-content\\\/uploads\\\/2021\\\/07\\\/meydan-logo.svg\",\"width\":195,\"height\":46,\"caption\":\"Meydan TV\"},\"image\":{\"@id\":\"https:\\\/\\\/www.meydan.tv\\\/az\\\/#\\\/schema\\\/logo\\\/image\\\/\"}},{\"@type\":\"Person\",\"@id\":\"https:\\\/\\\/www.meydan.tv\\\/az\\\/#\\\/schema\\\/person\\\/49b5f2bad5b126bb8ea9320eeb3e4dc9\",\"name\":\"sevda\"}]}<\/script>\n<!-- \/ Yoast SEO plugin. -->","yoast_head_json":{"title":"Hitler Almaniyas\u0131n\u0131n \u00e7\u00f6k\u00fc\u015f\u00fcnd\u0259n 80 il sonra d\u00fcnya m\u0259nz\u0259r\u0259si - MEYDAN.TV","robots":{"index":"index","follow":"follow","max-snippet":"max-snippet:-1","max-image-preview":"max-image-preview:large","max-video-preview":"max-video-preview:-1"},"canonical":"https:\/\/www.meydan.tv\/az\/article\/hitler-almaniyasinin-cokusund%c9%99n-80-il-sonra-dunya-m%c9%99nz%c9%99r%c9%99si\/","og_locale":"az_AZ","og_type":"article","og_title":"Hitler Almaniyas\u0131n\u0131n \u00e7\u00f6k\u00fc\u015f\u00fcnd\u0259n 80 il sonra d\u00fcnya m\u0259nz\u0259r\u0259si - MEYDAN.TV","og_url":"https:\/\/www.meydan.tv\/az\/article\/hitler-almaniyasinin-cokusund%c9%99n-80-il-sonra-dunya-m%c9%99nz%c9%99r%c9%99si\/","og_site_name":"MEYDAN.TV","article_published_time":"2025-05-10T06:12:45+00:00","article_modified_time":"2025-05-10T06:12:47+00:00","og_image":[{"width":1200,"height":779,"url":"https:\/\/www.meydan.tv\/wp-content\/uploads\/snimok-ekrana-2025-05-10-v-07.51.37-1200x779.png","type":"image\/png"}],"author":"sevda","twitter_card":"summary_large_image","schema":{"@context":"https:\/\/schema.org","@graph":[{"@type":"Article","@id":"https:\/\/www.meydan.tv\/az\/article\/hitler-almaniyasinin-cokusund%c9%99n-80-il-sonra-dunya-m%c9%99nz%c9%99r%c9%99si\/#article","isPartOf":{"@id":"https:\/\/www.meydan.tv\/az\/article\/hitler-almaniyasinin-cokusund%c9%99n-80-il-sonra-dunya-m%c9%99nz%c9%99r%c9%99si\/"},"author":{"name":"sevda","@id":"https:\/\/www.meydan.tv\/az\/#\/schema\/person\/49b5f2bad5b126bb8ea9320eeb3e4dc9"},"headline":"Hitler Almaniyas\u0131n\u0131n \u00e7\u00f6k\u00fc\u015f\u00fcnd\u0259n 80 il sonra d\u00fcnya m\u0259nz\u0259r\u0259si","datePublished":"2025-05-10T06:12:45+00:00","dateModified":"2025-05-10T06:12:47+00:00","mainEntityOfPage":{"@id":"https:\/\/www.meydan.tv\/az\/article\/hitler-almaniyasinin-cokusund%c9%99n-80-il-sonra-dunya-m%c9%99nz%c9%99r%c9%99si\/"},"wordCount":272,"publisher":{"@id":"https:\/\/www.meydan.tv\/az\/#organization"},"image":{"@id":"https:\/\/www.meydan.tv\/az\/article\/hitler-almaniyasinin-cokusund%c9%99n-80-il-sonra-dunya-m%c9%99nz%c9%99r%c9%99si\/#primaryimage"},"thumbnailUrl":"https:\/\/www.meydan.tv\/wp-content\/uploads\/snimok-ekrana-2025-05-10-v-07.51.37.png","articleSection":["Siyas\u0259t","Video"],"inLanguage":"az"},{"@type":"WebPage","@id":"https:\/\/www.meydan.tv\/az\/article\/hitler-almaniyasinin-cokusund%c9%99n-80-il-sonra-dunya-m%c9%99nz%c9%99r%c9%99si\/","url":"https:\/\/www.meydan.tv\/az\/article\/hitler-almaniyasinin-cokusund%c9%99n-80-il-sonra-dunya-m%c9%99nz%c9%99r%c9%99si\/","name":"Hitler Almaniyas\u0131n\u0131n \u00e7\u00f6k\u00fc\u015f\u00fcnd\u0259n 80 il sonra d\u00fcnya m\u0259nz\u0259r\u0259si - MEYDAN.TV","isPartOf":{"@id":"https:\/\/www.meydan.tv\/az\/#website"},"primaryImageOfPage":{"@id":"https:\/\/www.meydan.tv\/az\/article\/hitler-almaniyasinin-cokusund%c9%99n-80-il-sonra-dunya-m%c9%99nz%c9%99r%c9%99si\/#primaryimage"},"image":{"@id":"https:\/\/www.meydan.tv\/az\/article\/hitler-almaniyasinin-cokusund%c9%99n-80-il-sonra-dunya-m%c9%99nz%c9%99r%c9%99si\/#primaryimage"},"thumbnailUrl":"https:\/\/www.meydan.tv\/wp-content\/uploads\/snimok-ekrana-2025-05-10-v-07.51.37.png","datePublished":"2025-05-10T06:12:45+00:00","dateModified":"2025-05-10T06:12:47+00:00","breadcrumb":{"@id":"https:\/\/www.meydan.tv\/az\/article\/hitler-almaniyasinin-cokusund%c9%99n-80-il-sonra-dunya-m%c9%99nz%c9%99r%c9%99si\/#breadcrumb"},"inLanguage":"az","potentialAction":[{"@type":"ReadAction","target":["https:\/\/www.meydan.tv\/az\/article\/hitler-almaniyasinin-cokusund%c9%99n-80-il-sonra-dunya-m%c9%99nz%c9%99r%c9%99si\/"]}]},{"@type":"ImageObject","inLanguage":"az","@id":"https:\/\/www.meydan.tv\/az\/article\/hitler-almaniyasinin-cokusund%c9%99n-80-il-sonra-dunya-m%c9%99nz%c9%99r%c9%99si\/#primaryimage","url":"https:\/\/www.meydan.tv\/wp-content\/uploads\/snimok-ekrana-2025-05-10-v-07.51.37.png","contentUrl":"https:\/\/www.meydan.tv\/wp-content\/uploads\/snimok-ekrana-2025-05-10-v-07.51.37.png","width":3024,"height":1964},{"@type":"BreadcrumbList","@id":"https:\/\/www.meydan.tv\/az\/article\/hitler-almaniyasinin-cokusund%c9%99n-80-il-sonra-dunya-m%c9%99nz%c9%99r%c9%99si\/#breadcrumb","itemListElement":[{"@type":"ListItem","position":1,"name":"Ana s\u0259hif\u0259","item":"https:\/\/www.meydan.tv\/az\/"},{"@type":"ListItem","position":2,"name":"Video","item":"https:\/\/www.meydan.tv\/az\/section\/video-2\/"},{"@type":"ListItem","position":3,"name":"Hitler Almaniyas\u0131n\u0131n \u00e7\u00f6k\u00fc\u015f\u00fcnd\u0259n 80 il sonra d\u00fcnya m\u0259nz\u0259r\u0259si"}]},{"@type":"WebSite","@id":"https:\/\/www.meydan.tv\/az\/#website","url":"https:\/\/www.meydan.tv\/az\/","name":"MEYDAN.TV","description":"Meydan TV Az\u0259rbaycan\u0131n media m\u0259kan\u0131ndak\u0131 alternativ s\u0259sidir","publisher":{"@id":"https:\/\/www.meydan.tv\/az\/#organization"},"potentialAction":[{"@type":"SearchAction","target":{"@type":"EntryPoint","urlTemplate":"https:\/\/www.meydan.tv\/az\/?s={search_term_string}"},"query-input":{"@type":"PropertyValueSpecification","valueRequired":true,"valueName":"search_term_string"}}],"inLanguage":"az"},{"@type":"Organization","@id":"https:\/\/www.meydan.tv\/az\/#organization","name":"Meydan TV","url":"https:\/\/www.meydan.tv\/az\/","logo":{"@type":"ImageObject","inLanguage":"az","@id":"https:\/\/www.meydan.tv\/az\/#\/schema\/logo\/image\/","url":"https:\/\/www.meydan.tv\/wp-content\/uploads\/2021\/07\/meydan-logo.svg","contentUrl":"https:\/\/www.meydan.tv\/wp-content\/uploads\/2021\/07\/meydan-logo.svg","width":195,"height":46,"caption":"Meydan TV"},"image":{"@id":"https:\/\/www.meydan.tv\/az\/#\/schema\/logo\/image\/"}},{"@type":"Person","@id":"https:\/\/www.meydan.tv\/az\/#\/schema\/person\/49b5f2bad5b126bb8ea9320eeb3e4dc9","name":"sevda"}]}},"_links":{"self":[{"href":"https:\/\/www.meydan.tv\/az\/wp-json\/wp\/v2\/posts\/330112","targetHints":{"allow":["GET"]}}],"collection":[{"href":"https:\/\/www.meydan.tv\/az\/wp-json\/wp\/v2\/posts"}],"about":[{"href":"https:\/\/www.meydan.tv\/az\/wp-json\/wp\/v2\/types\/post"}],"author":[{"embeddable":true,"href":"https:\/\/www.meydan.tv\/az\/wp-json\/wp\/v2\/users\/16"}],"replies":[{"embeddable":true,"href":"https:\/\/www.meydan.tv\/az\/wp-json\/wp\/v2\/comments?post=330112"}],"version-history":[{"count":2,"href":"https:\/\/www.meydan.tv\/az\/wp-json\/wp\/v2\/posts\/330112\/revisions"}],"predecessor-version":[{"id":330117,"href":"https:\/\/www.meydan.tv\/az\/wp-json\/wp\/v2\/posts\/330112\/revisions\/330117"}],"wp:featuredmedia":[{"embeddable":true,"href":"https:\/\/www.meydan.tv\/az\/wp-json\/wp\/v2\/media\/330114"}],"wp:attachment":[{"href":"https:\/\/www.meydan.tv\/az\/wp-json\/wp\/v2\/media?parent=330112"}],"wp:term":[{"taxonomy":"category","embeddable":true,"href":"https:\/\/www.meydan.tv\/az\/wp-json\/wp\/v2\/categories?post=330112"},{"taxonomy":"post_tag","embeddable":true,"href":"https:\/\/www.meydan.tv\/az\/wp-json\/wp\/v2\/tags?post=330112"}],"curies":[{"name":"wp","href":"https:\/\/api.w.org\/{rel}","templated":true}]}}