{"id":330046,"date":"2025-05-09T11:38:58","date_gmt":"2025-05-09T07:38:58","guid":{"rendered":"https:\/\/www.meydan.tv\/?p=330046"},"modified":"2025-05-09T11:41:56","modified_gmt":"2025-05-09T07:41:56","slug":"azal-moskvaya-ucuslari-b%c9%99rpa-edib","status":"publish","type":"post","link":"https:\/\/www.meydan.tv\/az\/article\/azal-moskvaya-ucuslari-b%c9%99rpa-edib\/","title":{"rendered":"AZAL Moskvaya u\u00e7u\u015flar\u0131 b\u0259rpa edib"},"content":{"rendered":"\n<p><strong><em>&#8220;U\u00e7u\u015flar art\u0131q c\u0259dv\u0259l\u0259 uy\u011fun \u015ftat rejimind\u0259 h\u0259yata ke\u00e7irilir\u201d, &#8211; avia\u015firk\u0259tin m\u0259lumatda deyilir<\/em><\/strong><\/p>\n\n\n\n<p>\u201cAz\u0259rbaycan Hava Yollar\u0131\u201d (AZAL) avia\u015firk\u0259ti Bak\u0131-Moskva reysi \u00fczr\u0259 u\u00e7u\u015flar\u0131 b\u0259rpa edib. <\/p>\n\n\n\n<p>Bu haqda APA \u0130nformasiya Agentliyi AZAL-\u0131n m\u0259tbuat xidm\u0259tin\u0259 istinad\u0259n <a href=\"https:\/\/apa.az\/infrastruktur\/azal-baki-moskva-reysi-uzre-ucuslari-berpa-edilib-899443\" target=\"_blank\" rel=\"noreferrer noopener\">m\u0259lumat verir.<\/a> <\/p>\n\n\n\n<p><em>\u201cRusiyan\u0131n Moskva \u015f\u0259h\u0259ri \u00fcz\u0259rind\u0259 hava m\u0259kan\u0131nda olan m\u0259hdudiyy\u0259tl\u0259r aradan qald\u0131r\u0131ld\u0131\u011f\u0131 \u00fc\u00e7\u00fcn \u201cAz\u0259rbaycan Hava Yollar\u0131\u201d (AZAL) avia\u015firk\u0259tinin Bak\u0131-Moskva-Bak\u0131 mar\u015frutu \u00fczr\u0259 u\u00e7u\u015flar\u0131 d\u00fcn\u0259n ax\u015famdan b\u0259rpa olunub v\u0259 art\u0131q c\u0259dv\u0259l\u0259 uy\u011fun \u015ftat rejimind\u0259 h\u0259yata ke\u00e7irilir\u201d, <\/em>&#8211; m\u0259lumatda deyilir. <\/p>\n\n\n\n<p>Rusiyan\u0131n hava m\u0259kan\u0131nda m\u0259hdudiyy\u0259tl\u0259r Ukrayna PUA-lar\u0131n\u0131n h\u00fccumu n\u0259tic\u0259sind\u0259 qoyulub. <\/p>\n\n\n\n<p>May\u0131n 7-d\u0259 Ukrayna sutka \u0259rzind\u0259 Rusiyaya \u0259n irimiqyasl\u0131 dron h\u00fccumunu h\u0259yata ke\u00e7irdi.<\/p>\n\n\n\n<p>El\u0259 h\u0259min g\u00fcn s\u0259h\u0259r saatlar\u0131ndan Rusiyan\u0131n bir s\u0131ra hava limanlar\u0131 f\u0259aliyy\u0259tini dayand\u0131rd\u0131. <\/p>\n\n\n\n<p>Bundan \u0259lav\u0259, BBC-nin Rus Xidm\u0259ti <a href=\"https:\/\/www.bbc.com\/russian\/articles\/ckg729pz7dno\" target=\"_blank\" rel=\"noreferrer noopener\">x\u0259b\u0259r verir<\/a> ki,  may\u0131n 9-u \u0259r\u0259f\u0259sind\u0259 Moskvada mobil rabit\u0259 v\u0259 hava n\u0259qliyyat\u0131nda probleml\u0259r davam edir. <br><br>May\u0131n 8-n\u0259 ke\u00e7\u0259n gec\u0259 Ukrayna pilotsuz t\u0259yyar\u0259l\u0259rinin Rusiya paytaxt\u0131na h\u00fccumu dem\u0259k olar ki, dayand\u0131r\u0131lsa da, 100-d\u0259n \u00e7ox reys t\u0259xir\u0259 sal\u0131n\u0131b v\u0259 ya gecikib, b\u0259zi s\u0259rni\u015finl\u0259r is\u0259 ikinci g\u00fcnd\u00fcr ki, paytaxt aeroportlar\u0131nda qalmal\u0131 olublar.<\/p>\n\n\n\n<p>Moskva Regionlararas\u0131 N\u0259qliyyat Prokurorlu\u011funun m\u0259lumat\u0131na g\u00f6r\u0259, may\u0131n 8-d\u0259 s\u0259h\u0259r saat 9-a kimi \u015f\u0259h\u0259rin hava limanlar\u0131nda y\u00fczd\u0259n \u00e7ox reys <a href=\"https:\/\/t.me\/mmtproc\/3109\" target=\"_blank\" rel=\"noreferrer noopener\">t\u0259xir\u0259 sal\u0131n\u0131b<\/a>.<\/p>\n\n\n\n<p><\/p>\n","protected":false},"excerpt":{"rendered":"<p>&#8220;U\u00e7u\u015flar art\u0131q c\u0259dv\u0259l\u0259 uy\u011fun \u015ftat rejimind\u0259 h\u0259yata ke\u00e7irilir\u201d, &#8211; avia\u015firk\u0259tin &#8230; <\/p>\n<p class=\"read-more-container\"><a title=\"AZAL Moskvaya u\u00e7u\u015flar\u0131 b\u0259rpa edib\" class=\"read-more button\" href=\"https:\/\/www.meydan.tv\/az\/article\/azal-moskvaya-ucuslari-b%c9%99rpa-edib\/#more-330046\" aria-label=\"Read more about AZAL Moskvaya u\u00e7u\u015flar\u0131 b\u0259rpa edib\">Davam\u0131<\/a><\/p>\n","protected":false},"author":16,"featured_media":120086,"comment_status":"closed","ping_status":"closed","sticky":false,"template":"","format":"standard","meta":{"_acf_changed":false,"_sitemap_exclude":false,"_sitemap_priority":"","_sitemap_frequency":"","footnotes":""},"categories":[62,56],"tags":[],"class_list":["post-330046","post","type-post","status-publish","format-standard","has-post-thumbnail","hentry","category-sosial","category-xeberler","infinite-scroll-item","generate-columns","tablet-grid-50","mobile-grid-100","grid-parent","grid-33","no-featured-image-padding"],"acf":[],"yoast_head":"<!-- This site is optimized with the Yoast SEO plugin v27.4 - https:\/\/yoast.com\/product\/yoast-seo-wordpress\/ -->\n<title>AZAL Moskvaya u\u00e7u\u015flar\u0131 b\u0259rpa edib - MEYDAN.TV<\/title>\n<meta name=\"robots\" content=\"index, follow, max-snippet:-1, max-image-preview:large, max-video-preview:-1\" \/>\n<link rel=\"canonical\" href=\"https:\/\/www.meydan.tv\/az\/article\/azal-moskvaya-ucuslari-b%c9%99rpa-edib\/\" \/>\n<meta property=\"og:locale\" content=\"az_AZ\" \/>\n<meta property=\"og:type\" content=\"article\" \/>\n<meta property=\"og:title\" content=\"AZAL Moskvaya u\u00e7u\u015flar\u0131 b\u0259rpa edib - MEYDAN.TV\" \/>\n<meta property=\"og:description\" content=\"&#8220;U\u00e7u\u015flar art\u0131q c\u0259dv\u0259l\u0259 uy\u011fun \u015ftat rejimind\u0259 h\u0259yata ke\u00e7irilir\u201d, &#8211; avia\u015firk\u0259tin ... Davam\u0131\" \/>\n<meta property=\"og:url\" content=\"https:\/\/www.meydan.tv\/az\/article\/azal-moskvaya-ucuslari-b%c9%99rpa-edib\/\" \/>\n<meta property=\"og:site_name\" content=\"MEYDAN.TV\" \/>\n<meta property=\"article:published_time\" content=\"2025-05-09T07:38:58+00:00\" \/>\n<meta property=\"article:modified_time\" content=\"2025-05-09T07:41:56+00:00\" \/>\n<meta property=\"og:image\" content=\"https:\/\/www.meydan.tv\/wp-content\/uploads\/azal_64_3049008.jpg\" \/>\n\t<meta property=\"og:image:width\" content=\"1500\" \/>\n\t<meta property=\"og:image:height\" content=\"1200\" \/>\n\t<meta property=\"og:image:type\" content=\"image\/jpeg\" \/>\n<meta name=\"author\" content=\"sevda\" \/>\n<meta name=\"twitter:card\" content=\"summary_large_image\" \/>\n<script type=\"application\/ld+json\" class=\"yoast-schema-graph\">{\"@context\":\"https:\\\/\\\/schema.org\",\"@graph\":[{\"@type\":\"Article\",\"@id\":\"https:\\\/\\\/www.meydan.tv\\\/az\\\/article\\\/azal-moskvaya-ucuslari-b%c9%99rpa-edib\\\/#article\",\"isPartOf\":{\"@id\":\"https:\\\/\\\/www.meydan.tv\\\/az\\\/article\\\/azal-moskvaya-ucuslari-b%c9%99rpa-edib\\\/\"},\"author\":{\"name\":\"sevda\",\"@id\":\"https:\\\/\\\/www.meydan.tv\\\/az\\\/#\\\/schema\\\/person\\\/49b5f2bad5b126bb8ea9320eeb3e4dc9\"},\"headline\":\"AZAL Moskvaya u\u00e7u\u015flar\u0131 b\u0259rpa edib\",\"datePublished\":\"2025-05-09T07:38:58+00:00\",\"dateModified\":\"2025-05-09T07:41:56+00:00\",\"mainEntityOfPage\":{\"@id\":\"https:\\\/\\\/www.meydan.tv\\\/az\\\/article\\\/azal-moskvaya-ucuslari-b%c9%99rpa-edib\\\/\"},\"wordCount\":304,\"publisher\":{\"@id\":\"https:\\\/\\\/www.meydan.tv\\\/az\\\/#organization\"},\"image\":{\"@id\":\"https:\\\/\\\/www.meydan.tv\\\/az\\\/article\\\/azal-moskvaya-ucuslari-b%c9%99rpa-edib\\\/#primaryimage\"},\"thumbnailUrl\":\"https:\\\/\\\/www.meydan.tv\\\/wp-content\\\/uploads\\\/azal_64_3049008.jpg\",\"articleSection\":[\"Sosial\",\"X\u0259b\u0259rl\u0259r\"],\"inLanguage\":\"az\"},{\"@type\":\"WebPage\",\"@id\":\"https:\\\/\\\/www.meydan.tv\\\/az\\\/article\\\/azal-moskvaya-ucuslari-b%c9%99rpa-edib\\\/\",\"url\":\"https:\\\/\\\/www.meydan.tv\\\/az\\\/article\\\/azal-moskvaya-ucuslari-b%c9%99rpa-edib\\\/\",\"name\":\"AZAL Moskvaya u\u00e7u\u015flar\u0131 b\u0259rpa edib - MEYDAN.TV\",\"isPartOf\":{\"@id\":\"https:\\\/\\\/www.meydan.tv\\\/az\\\/#website\"},\"primaryImageOfPage\":{\"@id\":\"https:\\\/\\\/www.meydan.tv\\\/az\\\/article\\\/azal-moskvaya-ucuslari-b%c9%99rpa-edib\\\/#primaryimage\"},\"image\":{\"@id\":\"https:\\\/\\\/www.meydan.tv\\\/az\\\/article\\\/azal-moskvaya-ucuslari-b%c9%99rpa-edib\\\/#primaryimage\"},\"thumbnailUrl\":\"https:\\\/\\\/www.meydan.tv\\\/wp-content\\\/uploads\\\/azal_64_3049008.jpg\",\"datePublished\":\"2025-05-09T07:38:58+00:00\",\"dateModified\":\"2025-05-09T07:41:56+00:00\",\"breadcrumb\":{\"@id\":\"https:\\\/\\\/www.meydan.tv\\\/az\\\/article\\\/azal-moskvaya-ucuslari-b%c9%99rpa-edib\\\/#breadcrumb\"},\"inLanguage\":\"az\",\"potentialAction\":[{\"@type\":\"ReadAction\",\"target\":[\"https:\\\/\\\/www.meydan.tv\\\/az\\\/article\\\/azal-moskvaya-ucuslari-b%c9%99rpa-edib\\\/\"]}]},{\"@type\":\"ImageObject\",\"inLanguage\":\"az\",\"@id\":\"https:\\\/\\\/www.meydan.tv\\\/az\\\/article\\\/azal-moskvaya-ucuslari-b%c9%99rpa-edib\\\/#primaryimage\",\"url\":\"https:\\\/\\\/www.meydan.tv\\\/wp-content\\\/uploads\\\/azal_64_3049008.jpg\",\"contentUrl\":\"https:\\\/\\\/www.meydan.tv\\\/wp-content\\\/uploads\\\/azal_64_3049008.jpg\",\"width\":1500,\"height\":1200,\"caption\":\"Foto: AZAL\"},{\"@type\":\"BreadcrumbList\",\"@id\":\"https:\\\/\\\/www.meydan.tv\\\/az\\\/article\\\/azal-moskvaya-ucuslari-b%c9%99rpa-edib\\\/#breadcrumb\",\"itemListElement\":[{\"@type\":\"ListItem\",\"position\":1,\"name\":\"Ana s\u0259hif\u0259\",\"item\":\"https:\\\/\\\/www.meydan.tv\\\/az\\\/\"},{\"@type\":\"ListItem\",\"position\":2,\"name\":\"X\u0259b\u0259rl\u0259r\",\"item\":\"https:\\\/\\\/www.meydan.tv\\\/az\\\/section\\\/xeberler\\\/\"},{\"@type\":\"ListItem\",\"position\":3,\"name\":\"AZAL Moskvaya u\u00e7u\u015flar\u0131 b\u0259rpa edib\"}]},{\"@type\":\"WebSite\",\"@id\":\"https:\\\/\\\/www.meydan.tv\\\/az\\\/#website\",\"url\":\"https:\\\/\\\/www.meydan.tv\\\/az\\\/\",\"name\":\"MEYDAN.TV\",\"description\":\"Meydan TV Az\u0259rbaycan\u0131n media m\u0259kan\u0131ndak\u0131 alternativ s\u0259sidir\",\"publisher\":{\"@id\":\"https:\\\/\\\/www.meydan.tv\\\/az\\\/#organization\"},\"potentialAction\":[{\"@type\":\"SearchAction\",\"target\":{\"@type\":\"EntryPoint\",\"urlTemplate\":\"https:\\\/\\\/www.meydan.tv\\\/az\\\/?s={search_term_string}\"},\"query-input\":{\"@type\":\"PropertyValueSpecification\",\"valueRequired\":true,\"valueName\":\"search_term_string\"}}],\"inLanguage\":\"az\"},{\"@type\":\"Organization\",\"@id\":\"https:\\\/\\\/www.meydan.tv\\\/az\\\/#organization\",\"name\":\"Meydan TV\",\"url\":\"https:\\\/\\\/www.meydan.tv\\\/az\\\/\",\"logo\":{\"@type\":\"ImageObject\",\"inLanguage\":\"az\",\"@id\":\"https:\\\/\\\/www.meydan.tv\\\/az\\\/#\\\/schema\\\/logo\\\/image\\\/\",\"url\":\"https:\\\/\\\/www.meydan.tv\\\/wp-content\\\/uploads\\\/2021\\\/07\\\/meydan-logo.svg\",\"contentUrl\":\"https:\\\/\\\/www.meydan.tv\\\/wp-content\\\/uploads\\\/2021\\\/07\\\/meydan-logo.svg\",\"width\":195,\"height\":46,\"caption\":\"Meydan TV\"},\"image\":{\"@id\":\"https:\\\/\\\/www.meydan.tv\\\/az\\\/#\\\/schema\\\/logo\\\/image\\\/\"}},{\"@type\":\"Person\",\"@id\":\"https:\\\/\\\/www.meydan.tv\\\/az\\\/#\\\/schema\\\/person\\\/49b5f2bad5b126bb8ea9320eeb3e4dc9\",\"name\":\"sevda\"}]}<\/script>\n<!-- \/ Yoast SEO plugin. -->","yoast_head_json":{"title":"AZAL Moskvaya u\u00e7u\u015flar\u0131 b\u0259rpa edib - MEYDAN.TV","robots":{"index":"index","follow":"follow","max-snippet":"max-snippet:-1","max-image-preview":"max-image-preview:large","max-video-preview":"max-video-preview:-1"},"canonical":"https:\/\/www.meydan.tv\/az\/article\/azal-moskvaya-ucuslari-b%c9%99rpa-edib\/","og_locale":"az_AZ","og_type":"article","og_title":"AZAL Moskvaya u\u00e7u\u015flar\u0131 b\u0259rpa edib - MEYDAN.TV","og_description":"&#8220;U\u00e7u\u015flar art\u0131q c\u0259dv\u0259l\u0259 uy\u011fun \u015ftat rejimind\u0259 h\u0259yata ke\u00e7irilir\u201d, &#8211; avia\u015firk\u0259tin ... Davam\u0131","og_url":"https:\/\/www.meydan.tv\/az\/article\/azal-moskvaya-ucuslari-b%c9%99rpa-edib\/","og_site_name":"MEYDAN.TV","article_published_time":"2025-05-09T07:38:58+00:00","article_modified_time":"2025-05-09T07:41:56+00:00","og_image":[{"width":1500,"height":1200,"url":"https:\/\/www.meydan.tv\/wp-content\/uploads\/azal_64_3049008.jpg","type":"image\/jpeg"}],"author":"sevda","twitter_card":"summary_large_image","schema":{"@context":"https:\/\/schema.org","@graph":[{"@type":"Article","@id":"https:\/\/www.meydan.tv\/az\/article\/azal-moskvaya-ucuslari-b%c9%99rpa-edib\/#article","isPartOf":{"@id":"https:\/\/www.meydan.tv\/az\/article\/azal-moskvaya-ucuslari-b%c9%99rpa-edib\/"},"author":{"name":"sevda","@id":"https:\/\/www.meydan.tv\/az\/#\/schema\/person\/49b5f2bad5b126bb8ea9320eeb3e4dc9"},"headline":"AZAL Moskvaya u\u00e7u\u015flar\u0131 b\u0259rpa edib","datePublished":"2025-05-09T07:38:58+00:00","dateModified":"2025-05-09T07:41:56+00:00","mainEntityOfPage":{"@id":"https:\/\/www.meydan.tv\/az\/article\/azal-moskvaya-ucuslari-b%c9%99rpa-edib\/"},"wordCount":304,"publisher":{"@id":"https:\/\/www.meydan.tv\/az\/#organization"},"image":{"@id":"https:\/\/www.meydan.tv\/az\/article\/azal-moskvaya-ucuslari-b%c9%99rpa-edib\/#primaryimage"},"thumbnailUrl":"https:\/\/www.meydan.tv\/wp-content\/uploads\/azal_64_3049008.jpg","articleSection":["Sosial","X\u0259b\u0259rl\u0259r"],"inLanguage":"az"},{"@type":"WebPage","@id":"https:\/\/www.meydan.tv\/az\/article\/azal-moskvaya-ucuslari-b%c9%99rpa-edib\/","url":"https:\/\/www.meydan.tv\/az\/article\/azal-moskvaya-ucuslari-b%c9%99rpa-edib\/","name":"AZAL Moskvaya u\u00e7u\u015flar\u0131 b\u0259rpa edib - MEYDAN.TV","isPartOf":{"@id":"https:\/\/www.meydan.tv\/az\/#website"},"primaryImageOfPage":{"@id":"https:\/\/www.meydan.tv\/az\/article\/azal-moskvaya-ucuslari-b%c9%99rpa-edib\/#primaryimage"},"image":{"@id":"https:\/\/www.meydan.tv\/az\/article\/azal-moskvaya-ucuslari-b%c9%99rpa-edib\/#primaryimage"},"thumbnailUrl":"https:\/\/www.meydan.tv\/wp-content\/uploads\/azal_64_3049008.jpg","datePublished":"2025-05-09T07:38:58+00:00","dateModified":"2025-05-09T07:41:56+00:00","breadcrumb":{"@id":"https:\/\/www.meydan.tv\/az\/article\/azal-moskvaya-ucuslari-b%c9%99rpa-edib\/#breadcrumb"},"inLanguage":"az","potentialAction":[{"@type":"ReadAction","target":["https:\/\/www.meydan.tv\/az\/article\/azal-moskvaya-ucuslari-b%c9%99rpa-edib\/"]}]},{"@type":"ImageObject","inLanguage":"az","@id":"https:\/\/www.meydan.tv\/az\/article\/azal-moskvaya-ucuslari-b%c9%99rpa-edib\/#primaryimage","url":"https:\/\/www.meydan.tv\/wp-content\/uploads\/azal_64_3049008.jpg","contentUrl":"https:\/\/www.meydan.tv\/wp-content\/uploads\/azal_64_3049008.jpg","width":1500,"height":1200,"caption":"Foto: AZAL"},{"@type":"BreadcrumbList","@id":"https:\/\/www.meydan.tv\/az\/article\/azal-moskvaya-ucuslari-b%c9%99rpa-edib\/#breadcrumb","itemListElement":[{"@type":"ListItem","position":1,"name":"Ana s\u0259hif\u0259","item":"https:\/\/www.meydan.tv\/az\/"},{"@type":"ListItem","position":2,"name":"X\u0259b\u0259rl\u0259r","item":"https:\/\/www.meydan.tv\/az\/section\/xeberler\/"},{"@type":"ListItem","position":3,"name":"AZAL Moskvaya u\u00e7u\u015flar\u0131 b\u0259rpa edib"}]},{"@type":"WebSite","@id":"https:\/\/www.meydan.tv\/az\/#website","url":"https:\/\/www.meydan.tv\/az\/","name":"MEYDAN.TV","description":"Meydan TV Az\u0259rbaycan\u0131n media m\u0259kan\u0131ndak\u0131 alternativ s\u0259sidir","publisher":{"@id":"https:\/\/www.meydan.tv\/az\/#organization"},"potentialAction":[{"@type":"SearchAction","target":{"@type":"EntryPoint","urlTemplate":"https:\/\/www.meydan.tv\/az\/?s={search_term_string}"},"query-input":{"@type":"PropertyValueSpecification","valueRequired":true,"valueName":"search_term_string"}}],"inLanguage":"az"},{"@type":"Organization","@id":"https:\/\/www.meydan.tv\/az\/#organization","name":"Meydan TV","url":"https:\/\/www.meydan.tv\/az\/","logo":{"@type":"ImageObject","inLanguage":"az","@id":"https:\/\/www.meydan.tv\/az\/#\/schema\/logo\/image\/","url":"https:\/\/www.meydan.tv\/wp-content\/uploads\/2021\/07\/meydan-logo.svg","contentUrl":"https:\/\/www.meydan.tv\/wp-content\/uploads\/2021\/07\/meydan-logo.svg","width":195,"height":46,"caption":"Meydan TV"},"image":{"@id":"https:\/\/www.meydan.tv\/az\/#\/schema\/logo\/image\/"}},{"@type":"Person","@id":"https:\/\/www.meydan.tv\/az\/#\/schema\/person\/49b5f2bad5b126bb8ea9320eeb3e4dc9","name":"sevda"}]}},"_links":{"self":[{"href":"https:\/\/www.meydan.tv\/az\/wp-json\/wp\/v2\/posts\/330046","targetHints":{"allow":["GET"]}}],"collection":[{"href":"https:\/\/www.meydan.tv\/az\/wp-json\/wp\/v2\/posts"}],"about":[{"href":"https:\/\/www.meydan.tv\/az\/wp-json\/wp\/v2\/types\/post"}],"author":[{"embeddable":true,"href":"https:\/\/www.meydan.tv\/az\/wp-json\/wp\/v2\/users\/16"}],"replies":[{"embeddable":true,"href":"https:\/\/www.meydan.tv\/az\/wp-json\/wp\/v2\/comments?post=330046"}],"version-history":[{"count":4,"href":"https:\/\/www.meydan.tv\/az\/wp-json\/wp\/v2\/posts\/330046\/revisions"}],"predecessor-version":[{"id":330050,"href":"https:\/\/www.meydan.tv\/az\/wp-json\/wp\/v2\/posts\/330046\/revisions\/330050"}],"wp:featuredmedia":[{"embeddable":true,"href":"https:\/\/www.meydan.tv\/az\/wp-json\/wp\/v2\/media\/120086"}],"wp:attachment":[{"href":"https:\/\/www.meydan.tv\/az\/wp-json\/wp\/v2\/media?parent=330046"}],"wp:term":[{"taxonomy":"category","embeddable":true,"href":"https:\/\/www.meydan.tv\/az\/wp-json\/wp\/v2\/categories?post=330046"},{"taxonomy":"post_tag","embeddable":true,"href":"https:\/\/www.meydan.tv\/az\/wp-json\/wp\/v2\/tags?post=330046"}],"curies":[{"name":"wp","href":"https:\/\/api.w.org\/{rel}","templated":true}]}}