{"id":329995,"date":"2025-05-08T16:01:32","date_gmt":"2025-05-08T12:01:32","guid":{"rendered":"https:\/\/www.meydan.tv\/?p=329995"},"modified":"2025-05-08T16:01:35","modified_gmt":"2025-05-08T12:01:35","slug":"iddia-cavid-qurbanovun-%c9%99misi-oglu-prokuror-qardasi-istintaqdan-yayinir","status":"publish","type":"post","link":"https:\/\/www.meydan.tv\/az\/article\/iddia-cavid-qurbanovun-%c9%99misi-oglu-prokuror-qardasi-istintaqdan-yayinir\/","title":{"rendered":"\u0130ddia: Cavid Qurbanovun \u0259misi o\u011flu, prokuror qarda\u015f\u0131 istintaqdan yay\u0131n\u0131r"},"content":{"rendered":"\n<p><\/p>\n\n\n\n<p><strong><em>S\u00f6z\u00fcged\u0259n \u015f\u0259xs bar\u0259sind\u0259 h\u0259bs q\u0259rar\u0131 verilm\u0259diyi \u00fc\u00e7\u00fcn o, \u00f6lk\u0259ni t\u0259rk edib<\/em><\/strong><\/p>\n\n\n\n<p>Bak\u0131 \u015f\u0259h\u0259r sakini, haz\u0131rda 1 Sayl\u0131 \u0130stintaq T\u0259cridxanas\u0131nda saxlan\u0131lan \u0130lkin \u018fb\u00fclf\u0259z o\u011flu Babayev Prezident \u0130lham \u018fliyev\u0259 m\u00fcraci\u0259t edib.<\/p>\n\n\n\n<p>Meydan TV-y\u0259 g\u00f6nd\u0259rdiyi m\u0259ktubunda m\u0259hbus Bak\u0131 A\u011f\u0131r Cinay\u0259tl\u0259r M\u0259hk\u0259m\u0259sinin hakimi Roman \u018fl\u0259kb\u0259rlinin prosesi q\u0259r\u0259zli apard\u0131\u011f\u0131n\u0131, prokurorlu\u011fun sifari\u015fini yerin\u0259 yetirdiyini deyir.<\/p>\n\n\n\n<p>Onun fikrinc\u0259, ittiham akt\u0131nda yaz\u0131lanlar yaland\u0131r, m\u0259qs\u0259d prokuror Nicat \u015e\u0259m\u015firovun qarda\u015f\u0131 Nahid \u015e\u0259m\u015firovu cinay\u0259t \u0259m\u0259lind\u0259n yay\u0131nd\u0131rmaqd\u0131r.<\/p>\n\n\n\n<p>Nahid \u015e\u0259m\u015firov \u0259sl\u0259n k\u0259lb\u0259c\u0259rlidir. O, r\u0259q\u0259msal inki\u015faf v\u0259 n\u0259qliyyat nazirinin m\u00fcavini Cavid Qurbanovun \u0259misi o\u011fludur. H\u0259m\u00e7inin, ke\u00e7mi\u015f \u0259dliyy\u0259 nazirinin m\u00fcavini Ayd\u0131n Qas\u0131movun o\u011flu v\u0259 Pentensiar Xidm\u0259tin r\u0259isi Mirsaleh Seyidovun m\u00fcavini Rauf Qas\u0131movun qayn\u0131d\u0131r.<\/p>\n\n\n\n<p>Qarda\u015f\u0131 Nicat \u015e\u0259m\u015firov is\u0259 Ba\u015f prokuror yan\u0131nda Korrupsiyaya qar\u015f\u0131 M\u00fcbariz\u0259 \u0130dar\u0259sind\u0259 prokuror kimi \u00e7al\u0131\u015f\u0131r. El\u0259 ittiham akt\u0131ndan da g\u00f6r\u00fcn\u00fcr ki, Nahid \u015e\u0259m\u015firov qarda\u015f\u0131n\u0131n ad\u0131ndan dan\u0131\u015faraq v\u0259t\u0259nda\u015flar\u0131 aldad\u0131b.<\/p>\n\n\n\n<p>\u0130ttihamda yaz\u0131l\u0131b ki, Az\u0259rbaycan Avtomobil Yollar\u0131 D\u00f6vl\u0259t Agentliyinin 5 sayl\u0131 Yol \u0130dar\u0259sinin r\u0259is m\u00fcavini i\u015fl\u0259y\u0259n Nahid \u015e\u0259m\u015firov tan\u0131\u015f\u0131 Eldar Muradov v\u0259 \u0130lkin Babayevl\u0259 birlikd\u0259 aldatma v\u0259 etibardan sui-istifad\u0259 etm\u0259 yolu il\u0259 \u00f6zg\u0259 \u0259mlak\u0131n\u0131 vahid niyy\u0259tl\u0259 v\u0259 k\u00fclli miqdarda ziyan vurmaqla t\u0259krar\u0259n d\u0259l\u0259duzluq yolu il\u0259 (Cinay\u0259t M\u0259c\u0259ll\u0259sinin 310, 32.4. 312.2 v\u0259 178.3.2-ci madd\u0259l\u0259ri) \u0259l\u0259 ke\u00e7irib.<\/p>\n\n\n\n<p>Bel\u0259 ki, t\u0259qsirl\u0259ndiril\u0259nl\u0259r \u00f6zl\u0259rini v\u0259zif\u0259li \u015f\u0259xs, yaxud da v\u0259zif\u0259li \u015f\u0259xsin yax\u0131n\u0131 kimi g\u00f6st\u0259r\u0259r\u0259k, m\u00fcxt\u0259lif v\u0259t\u0259nda\u015flar\u0131 aldad\u0131blar.<\/p>\n\n\n\n<p>M\u0259s\u0259l\u0259n, Daxili \u0130\u015fl\u0259r Nazirliyinin Ba\u015f M\u00fct\u0259\u015f\u0259kkil Cinay\u0259tkarl\u0131qla M\u00fcbariz\u0259 \u0130dar\u0259si (Bandotdel) t\u0259r\u0259find\u0259n h\u0259bs edil\u0259n El\u00e7in \u018fsk\u0259rb\u0259ylini r\u00fc\u015fv\u0259t m\u00fcqabilind\u0259 azadl\u0131\u011fa buraxd\u0131rmaq \u00fc\u00e7\u00fcn K\u0259r\u0259m \u018fhm\u0259dov adl\u0131 \u015f\u0259xsd\u0259n 50 min manat v\u0259sait al\u0131n\u0131b.<\/p>\n\n\n\n<p>Bundan ba\u015fqa, ev t\u0259l\u0259bi m\u00fcbahis\u0259si il\u0259 ba\u011fl\u0131 a\u015fa\u011f\u0131 m\u0259hk\u0259m\u0259 instansiyalar\u0131nda uduzmu\u015f Yegan\u0259 Qurbanovan\u0131n Ali M\u0259hk\u0259m\u0259d\u0259 qazanmas\u0131 \u00fc\u00e7\u00fcn ondan 28 min manat, Elm v\u0259 T\u0259hsil Nazirliyinin \u018fsasl\u0131 Tikinti v\u0259 T\u0259chizat \u0130dar\u0259sinin t\u0259mir-tikinti i\u015fl\u0259rinin t\u0259\u015fkili v\u0259 texniki n\u0259zar\u0259t \u015f\u00f6b\u0259sinin m\u00fcdir m\u00fcavini X\u0259lil Qas\u0131movdan is\u0259 qarda\u015f\u0131 o\u011flu Oruc Orucb\u0259ylini D\u00f6vl\u0259t Yol Polisin\u0259 i\u015f\u0259 d\u00fcz\u0259ltm\u0259k \u00fc\u00e7\u00fcn 49300 manat al\u0131n\u0131b.<\/p>\n\n\n\n<p>X\u0259lil Qas\u0131mov t\u0259krar aldad\u0131l\u0131b. \u0130ttihamlara g\u00f6r\u0259, Nahid \u015e\u0259m\u015firov \u0130lkin Babayevin telefonundan ona z\u0259ng ed\u0259r\u0259k \u00f6z\u00fcn\u00fc \u201cNicat\u201d adl\u0131 prokuror kimi t\u0259qdim edib, yalandan deyib ki, onunla ba\u011fl\u0131 ara\u015fd\u0131rma apar\u0131l\u0131r. \u0130\u015fin X\u0259lil Qas\u0131movun xeyrin\u0259 h\u0259ll olunmas\u0131 \u00fc\u00e7\u00fcn ondan 10 min dollar al\u0131n\u0131b v\u0259 bel\u0259likl\u0259 X\u0259lil Qas\u0131mova 67.200 manat ziyan vurulub.<\/p>\n\n\n\n<p>Bin\u0259q\u0259di Rayon Polis \u0130dar\u0259si t\u0259r\u0259find\u0259n h\u0259bs olunan M\u0259mm\u0259d M\u0259mm\u0259dovun ev dustaql\u0131\u011f\u0131na burax\u0131lmas\u0131 \u00fc\u00e7\u00fcn o\u011flu C\u0259lal M\u0259mm\u0259dov da t\u0259qsirl\u0259ndiril\u0259n \u015f\u0259xsl\u0259r\u0259 30 min manat \u00f6d\u0259yib.<\/p>\n\n\n\n<p>\u00d6vlad\u0131 \u015e\u0259had\u0259t H\u00fcseynlini D\u00f6vl\u0259t G\u00f6mr\u00fck \u0130dar\u0259sinin Ba\u015f G\u00f6mr\u00fck \u0130dar\u0259sin\u0259 i\u015f\u0259 d\u00fcz\u0259ltm\u0259k ist\u0259y\u0259n \u0130bad\u0259t H\u00fcseynov da t\u0259qsirl\u0259ndiril\u0259n \u015f\u0259xsl\u0259r\u0259 50 min manat \u00f6d\u0259diyini bildirib. Eyni m\u0259qs\u0259dl\u0259rl\u0259 aldad\u0131ld\u0131\u011f\u0131n\u0131 dey\u0259n daha iki n\u0259f\u0259r d\u0259 \u015fikay\u0259t\u00e7il\u0259r aras\u0131ndad\u0131r. Ancaq \u0130lkin Babayevd\u0259n ba\u015fqa t\u0259qsirl\u0259ndiril\u0259n \u015f\u0259xsl\u0259rin he\u00e7 biri h\u0259bsd\u0259 deyil. Onun s\u00f6zl\u0259rin\u0259 g\u00f6r\u0259, cinay\u0259t i\u015find\u0259 \u0259lbir oldu\u011fu g\u00f6st\u0259ril\u0259n Eldar Muradovla \u0259vv\u0259ll\u0259r he\u00e7 bir tan\u0131\u015fl\u0131\u011f\u0131 olmay\u0131b.<\/p>\n\n\n\n<p>\u0130ttihamda qeyd olunan epizodlardan is\u0259 yaln\u0131z biri \u00fczr\u0259 &#8211; telefonundan istifad\u0259y\u0259 icaz\u0259 verdiyi \u00fc\u00e7\u00fcn \u00f6z\u00fcn\u00fc t\u0259qsirli bilir.<\/p>\n\n\n\n<p>\u0130lkin Babayev deyir ki, Nicat \u015e\u0259m\u015firov v\u0259zif\u0259sind\u0259n istifad\u0259 ed\u0259r\u0259k, qarda\u015f\u0131n\u0131 m\u0259suliyy\u0259td\u0259n yay\u0131nd\u0131r\u0131b, n\u0259tic\u0259d\u0259 h\u0259r iki \u0259m\u0259l sahibi azadl\u0131qda qal\u0131b. M\u0259hk\u0259m\u0259 qar\u015f\u0131s\u0131na is\u0259 yaln\u0131z \u0130lkin Babayev \u00e7\u0131xar\u0131l\u0131b.<\/p>\n\n\n\n<p>\u0130lkin Babayev Prezident\u0259 m\u00fcraci\u0259tind\u0259 yaz\u0131r ki, 4 fevral 2023-c\u00fc ild\u0259 Bin\u0259q\u0259di Rayon M\u0259hk\u0259m\u0259sind\u0259 F\u0259rid \u018fmrulllayevin s\u0259drliyi il\u0259 ke\u00e7iril\u0259n sanksiya m\u0259hk\u0259m\u0259si zaman\u0131 Nahid \u015e\u0259m\u015firovun ad\u0131 prokurorlu\u011fun t\u0259qdimat\u0131nda halland\u0131r\u0131lsa da, i\u015fi aparan m\u00fcst\u0259ntiq \u0130lyas H\u00fcseynov onun h\u0259bsin\u0259 imkan verm\u0259yib.<\/p>\n\n\n\n<p><em>\u201c9 fevral 2023-c\u00fc ild\u0259 Bak\u0131 \u0130stintaq T\u0259cridxanas\u0131nda ke\u00e7iril\u0259n \u00fczl\u0259\u015fm\u0259 istintaq h\u0259r\u0259k\u0259tl\u0259ri zaman\u0131 prokuror qarda\u015f\u0131 &#8211; Nahid \u015e\u0259m\u015firovun bu cinay\u0259tl\u0259ri t\u00f6r\u0259tm\u0259si bir daha \u00f6z t\u0259sdiqini tapsa da, m\u00fcst\u0259ntiq \u0130lyas H\u00fcseynov onu yen\u0259 d\u0259 h\u0259bs etm\u0259di\u201d,<\/em> &#8211; \u0130lkin Babayev yaz\u0131r.<\/p>\n\n\n\n<p>Onun s\u00f6zl\u0259rin\u0259 g\u00f6r\u0259, n\u0259tic\u0259d\u0259 3 ay Nahid \u015e\u0259m\u015firov bar\u0259sind\u0259 h\u0259bs q\u0259rar\u0131 verilm\u0259yib v\u0259 o, \u00f6lk\u0259ni t\u0259rk ed\u0259 bilib. Haz\u0131rda o, AB\u015e-d\u0259 m\u0259skunla\u015f\u0131b. Bunu D\u0130N-nin \u0130nterpolun Milli M\u0259rk\u0259zi B\u00fcrosunun 10 yanvar 2025-ci ild\u0259 \u0130lkin Babayev\u0259 g\u00f6nd\u0259rdiyi cavab m\u0259ktubu da t\u0259sdiql\u0259yir.<\/p>\n\n\n\n<p>B\u00fcrodan bildirilir ki, Nahid \u015e\u0259m\u015firov AB\u015e-d\u0259 saxlan\u0131l\u0131b, onun ekstradisiya v\u0259 ya deportasiyas\u0131 m\u0259s\u0259l\u0259sin\u0259 bax\u0131lmas\u0131 \u00fc\u00e7\u00fcn qar\u015f\u0131 t\u0259r\u0259f\u0259 m\u00fcraci\u0259t edilib.<\/p>\n\n\n\n<p>\u0130lkin Babayev m\u00fcraci\u0259tind\u0259 qeyd edib ki, o, d\u0259f\u0259l\u0259rl\u0259 ba\u015f ver\u0259nl\u0259r\u0259 etiraz ed\u0259r\u0259k acl\u0131q edib, h\u0259tta \u00f6z\u00fcn\u0259 x\u0259sar\u0259t yetirib, haz\u0131rda h\u0259kim n\u0259zar\u0259tind\u0259dir.<\/p>\n\n\n\n<p>T\u0259sqirl\u0259ndiril\u0259n \u015f\u0259xs m\u0259mur \u00f6zba\u015f\u0131nal\u0131\u011f\u0131na son qoyulmas\u0131n\u0131 v\u0259 bar\u0259sind\u0259 ev dustaql\u0131\u011f\u0131 q\u0259timkan t\u0259dbirinin se\u00e7ilm\u0259sini ist\u0259yir.<\/p>\n\n\n\n<p>Adlar\u0131 sadalanan \u015f\u0259xsl\u0259rin m\u00f6vqeyini d\u0259rc etm\u0259y\u0259 haz\u0131r\u0131q.<\/p>\n","protected":false},"excerpt":{"rendered":"<p>S\u00f6z\u00fcged\u0259n \u015f\u0259xs bar\u0259sind\u0259 h\u0259bs q\u0259rar\u0131 verilm\u0259diyi \u00fc\u00e7\u00fcn o, \u00f6lk\u0259ni t\u0259rk &#8230; <\/p>\n<p class=\"read-more-container\"><a title=\"\u0130ddia: Cavid Qurbanovun \u0259misi o\u011flu, prokuror qarda\u015f\u0131 istintaqdan yay\u0131n\u0131r\" class=\"read-more button\" href=\"https:\/\/www.meydan.tv\/az\/article\/iddia-cavid-qurbanovun-%c9%99misi-oglu-prokuror-qardasi-istintaqdan-yayinir\/#more-329995\" aria-label=\"Read more about \u0130ddia: Cavid Qurbanovun \u0259misi o\u011flu, prokuror qarda\u015f\u0131 istintaqdan yay\u0131n\u0131r\">Davam\u0131<\/a><\/p>\n","protected":false},"author":21,"featured_media":210253,"comment_status":"closed","ping_status":"closed","sticky":false,"template":"","format":"standard","meta":{"_acf_changed":false,"_sitemap_exclude":false,"_sitemap_priority":"","_sitemap_frequency":"","footnotes":""},"categories":[62,79,56],"tags":[],"class_list":["post-329995","post","type-post","status-publish","format-standard","has-post-thumbnail","hentry","category-sosial","category-featured","category-xeberler","infinite-scroll-item","generate-columns","tablet-grid-50","mobile-grid-100","grid-parent","grid-33","no-featured-image-padding"],"acf":[],"yoast_head":"<!-- This site is optimized with the Yoast SEO plugin v27.4 - https:\/\/yoast.com\/product\/yoast-seo-wordpress\/ -->\n<title>\u0130ddia: Cavid Qurbanovun \u0259misi o\u011flu, prokuror qarda\u015f\u0131 istintaqdan yay\u0131n\u0131r - MEYDAN.TV<\/title>\n<meta name=\"robots\" content=\"index, follow, max-snippet:-1, max-image-preview:large, max-video-preview:-1\" \/>\n<link rel=\"canonical\" href=\"https:\/\/www.meydan.tv\/az\/article\/iddia-cavid-qurbanovun-%c9%99misi-oglu-prokuror-qardasi-istintaqdan-yayinir\/\" \/>\n<meta property=\"og:locale\" content=\"az_AZ\" \/>\n<meta property=\"og:type\" content=\"article\" \/>\n<meta property=\"og:title\" content=\"\u0130ddia: Cavid Qurbanovun \u0259misi o\u011flu, prokuror qarda\u015f\u0131 istintaqdan yay\u0131n\u0131r - MEYDAN.TV\" \/>\n<meta property=\"og:description\" content=\"S\u00f6z\u00fcged\u0259n \u015f\u0259xs bar\u0259sind\u0259 h\u0259bs q\u0259rar\u0131 verilm\u0259diyi \u00fc\u00e7\u00fcn o, \u00f6lk\u0259ni t\u0259rk ... Davam\u0131\" \/>\n<meta property=\"og:url\" content=\"https:\/\/www.meydan.tv\/az\/article\/iddia-cavid-qurbanovun-%c9%99misi-oglu-prokuror-qardasi-istintaqdan-yayinir\/\" \/>\n<meta property=\"og:site_name\" content=\"MEYDAN.TV\" \/>\n<meta property=\"article:published_time\" content=\"2025-05-08T12:01:32+00:00\" \/>\n<meta property=\"article:modified_time\" content=\"2025-05-08T12:01:35+00:00\" \/>\n<meta property=\"og:image\" content=\"https:\/\/www.meydan.tv\/wp-content\/uploads\/hebs1-scaled.jpg\" \/>\n\t<meta property=\"og:image:width\" content=\"2560\" \/>\n\t<meta property=\"og:image:height\" content=\"1440\" \/>\n\t<meta property=\"og:image:type\" content=\"image\/jpeg\" \/>\n<meta name=\"author\" content=\"mahmud\" \/>\n<meta name=\"twitter:card\" content=\"summary_large_image\" \/>\n<script type=\"application\/ld+json\" class=\"yoast-schema-graph\">{\"@context\":\"https:\\\/\\\/schema.org\",\"@graph\":[{\"@type\":\"Article\",\"@id\":\"https:\\\/\\\/www.meydan.tv\\\/az\\\/article\\\/iddia-cavid-qurbanovun-%c9%99misi-oglu-prokuror-qardasi-istintaqdan-yayinir\\\/#article\",\"isPartOf\":{\"@id\":\"https:\\\/\\\/www.meydan.tv\\\/az\\\/article\\\/iddia-cavid-qurbanovun-%c9%99misi-oglu-prokuror-qardasi-istintaqdan-yayinir\\\/\"},\"author\":{\"name\":\"mahmud\",\"@id\":\"https:\\\/\\\/www.meydan.tv\\\/az\\\/#\\\/schema\\\/person\\\/09863e516102a829e72bedcf3f84c6b0\"},\"headline\":\"\u0130ddia: Cavid Qurbanovun \u0259misi o\u011flu, prokuror qarda\u015f\u0131 istintaqdan yay\u0131n\u0131r\",\"datePublished\":\"2025-05-08T12:01:32+00:00\",\"dateModified\":\"2025-05-08T12:01:35+00:00\",\"mainEntityOfPage\":{\"@id\":\"https:\\\/\\\/www.meydan.tv\\\/az\\\/article\\\/iddia-cavid-qurbanovun-%c9%99misi-oglu-prokuror-qardasi-istintaqdan-yayinir\\\/\"},\"wordCount\":1082,\"publisher\":{\"@id\":\"https:\\\/\\\/www.meydan.tv\\\/az\\\/#organization\"},\"image\":{\"@id\":\"https:\\\/\\\/www.meydan.tv\\\/az\\\/article\\\/iddia-cavid-qurbanovun-%c9%99misi-oglu-prokuror-qardasi-istintaqdan-yayinir\\\/#primaryimage\"},\"thumbnailUrl\":\"https:\\\/\\\/www.meydan.tv\\\/wp-content\\\/uploads\\\/hebs1-scaled.jpg\",\"articleSection\":[\"Sosial\",\"T\u00f6vsiy\u0259\",\"X\u0259b\u0259rl\u0259r\"],\"inLanguage\":\"az\"},{\"@type\":\"WebPage\",\"@id\":\"https:\\\/\\\/www.meydan.tv\\\/az\\\/article\\\/iddia-cavid-qurbanovun-%c9%99misi-oglu-prokuror-qardasi-istintaqdan-yayinir\\\/\",\"url\":\"https:\\\/\\\/www.meydan.tv\\\/az\\\/article\\\/iddia-cavid-qurbanovun-%c9%99misi-oglu-prokuror-qardasi-istintaqdan-yayinir\\\/\",\"name\":\"\u0130ddia: Cavid Qurbanovun \u0259misi o\u011flu, prokuror qarda\u015f\u0131 istintaqdan yay\u0131n\u0131r - MEYDAN.TV\",\"isPartOf\":{\"@id\":\"https:\\\/\\\/www.meydan.tv\\\/az\\\/#website\"},\"primaryImageOfPage\":{\"@id\":\"https:\\\/\\\/www.meydan.tv\\\/az\\\/article\\\/iddia-cavid-qurbanovun-%c9%99misi-oglu-prokuror-qardasi-istintaqdan-yayinir\\\/#primaryimage\"},\"image\":{\"@id\":\"https:\\\/\\\/www.meydan.tv\\\/az\\\/article\\\/iddia-cavid-qurbanovun-%c9%99misi-oglu-prokuror-qardasi-istintaqdan-yayinir\\\/#primaryimage\"},\"thumbnailUrl\":\"https:\\\/\\\/www.meydan.tv\\\/wp-content\\\/uploads\\\/hebs1-scaled.jpg\",\"datePublished\":\"2025-05-08T12:01:32+00:00\",\"dateModified\":\"2025-05-08T12:01:35+00:00\",\"breadcrumb\":{\"@id\":\"https:\\\/\\\/www.meydan.tv\\\/az\\\/article\\\/iddia-cavid-qurbanovun-%c9%99misi-oglu-prokuror-qardasi-istintaqdan-yayinir\\\/#breadcrumb\"},\"inLanguage\":\"az\",\"potentialAction\":[{\"@type\":\"ReadAction\",\"target\":[\"https:\\\/\\\/www.meydan.tv\\\/az\\\/article\\\/iddia-cavid-qurbanovun-%c9%99misi-oglu-prokuror-qardasi-istintaqdan-yayinir\\\/\"]}]},{\"@type\":\"ImageObject\",\"inLanguage\":\"az\",\"@id\":\"https:\\\/\\\/www.meydan.tv\\\/az\\\/article\\\/iddia-cavid-qurbanovun-%c9%99misi-oglu-prokuror-qardasi-istintaqdan-yayinir\\\/#primaryimage\",\"url\":\"https:\\\/\\\/www.meydan.tv\\\/wp-content\\\/uploads\\\/hebs1-scaled.jpg\",\"contentUrl\":\"https:\\\/\\\/www.meydan.tv\\\/wp-content\\\/uploads\\\/hebs1-scaled.jpg\",\"width\":2560,\"height\":1440,\"caption\":\"ill\u00fcstrasiya: Meydan.TV\"},{\"@type\":\"BreadcrumbList\",\"@id\":\"https:\\\/\\\/www.meydan.tv\\\/az\\\/article\\\/iddia-cavid-qurbanovun-%c9%99misi-oglu-prokuror-qardasi-istintaqdan-yayinir\\\/#breadcrumb\",\"itemListElement\":[{\"@type\":\"ListItem\",\"position\":1,\"name\":\"Ana s\u0259hif\u0259\",\"item\":\"https:\\\/\\\/www.meydan.tv\\\/az\\\/\"},{\"@type\":\"ListItem\",\"position\":2,\"name\":\"T\u00f6vsiy\u0259\",\"item\":\"https:\\\/\\\/www.meydan.tv\\\/az\\\/section\\\/featured\\\/\"},{\"@type\":\"ListItem\",\"position\":3,\"name\":\"\u0130ddia: Cavid Qurbanovun \u0259misi o\u011flu, prokuror qarda\u015f\u0131 istintaqdan yay\u0131n\u0131r\"}]},{\"@type\":\"WebSite\",\"@id\":\"https:\\\/\\\/www.meydan.tv\\\/az\\\/#website\",\"url\":\"https:\\\/\\\/www.meydan.tv\\\/az\\\/\",\"name\":\"MEYDAN.TV\",\"description\":\"Meydan TV Az\u0259rbaycan\u0131n media m\u0259kan\u0131ndak\u0131 alternativ s\u0259sidir\",\"publisher\":{\"@id\":\"https:\\\/\\\/www.meydan.tv\\\/az\\\/#organization\"},\"potentialAction\":[{\"@type\":\"SearchAction\",\"target\":{\"@type\":\"EntryPoint\",\"urlTemplate\":\"https:\\\/\\\/www.meydan.tv\\\/az\\\/?s={search_term_string}\"},\"query-input\":{\"@type\":\"PropertyValueSpecification\",\"valueRequired\":true,\"valueName\":\"search_term_string\"}}],\"inLanguage\":\"az\"},{\"@type\":\"Organization\",\"@id\":\"https:\\\/\\\/www.meydan.tv\\\/az\\\/#organization\",\"name\":\"Meydan TV\",\"url\":\"https:\\\/\\\/www.meydan.tv\\\/az\\\/\",\"logo\":{\"@type\":\"ImageObject\",\"inLanguage\":\"az\",\"@id\":\"https:\\\/\\\/www.meydan.tv\\\/az\\\/#\\\/schema\\\/logo\\\/image\\\/\",\"url\":\"https:\\\/\\\/www.meydan.tv\\\/wp-content\\\/uploads\\\/2021\\\/07\\\/meydan-logo.svg\",\"contentUrl\":\"https:\\\/\\\/www.meydan.tv\\\/wp-content\\\/uploads\\\/2021\\\/07\\\/meydan-logo.svg\",\"width\":195,\"height\":46,\"caption\":\"Meydan TV\"},\"image\":{\"@id\":\"https:\\\/\\\/www.meydan.tv\\\/az\\\/#\\\/schema\\\/logo\\\/image\\\/\"}},{\"@type\":\"Person\",\"@id\":\"https:\\\/\\\/www.meydan.tv\\\/az\\\/#\\\/schema\\\/person\\\/09863e516102a829e72bedcf3f84c6b0\",\"name\":\"mahmud\"}]}<\/script>\n<!-- \/ Yoast SEO plugin. -->","yoast_head_json":{"title":"\u0130ddia: Cavid Qurbanovun \u0259misi o\u011flu, prokuror qarda\u015f\u0131 istintaqdan yay\u0131n\u0131r - MEYDAN.TV","robots":{"index":"index","follow":"follow","max-snippet":"max-snippet:-1","max-image-preview":"max-image-preview:large","max-video-preview":"max-video-preview:-1"},"canonical":"https:\/\/www.meydan.tv\/az\/article\/iddia-cavid-qurbanovun-%c9%99misi-oglu-prokuror-qardasi-istintaqdan-yayinir\/","og_locale":"az_AZ","og_type":"article","og_title":"\u0130ddia: Cavid Qurbanovun \u0259misi o\u011flu, prokuror qarda\u015f\u0131 istintaqdan yay\u0131n\u0131r - MEYDAN.TV","og_description":"S\u00f6z\u00fcged\u0259n \u015f\u0259xs bar\u0259sind\u0259 h\u0259bs q\u0259rar\u0131 verilm\u0259diyi \u00fc\u00e7\u00fcn o, \u00f6lk\u0259ni t\u0259rk ... Davam\u0131","og_url":"https:\/\/www.meydan.tv\/az\/article\/iddia-cavid-qurbanovun-%c9%99misi-oglu-prokuror-qardasi-istintaqdan-yayinir\/","og_site_name":"MEYDAN.TV","article_published_time":"2025-05-08T12:01:32+00:00","article_modified_time":"2025-05-08T12:01:35+00:00","og_image":[{"width":2560,"height":1440,"url":"https:\/\/www.meydan.tv\/wp-content\/uploads\/hebs1-scaled.jpg","type":"image\/jpeg"}],"author":"mahmud","twitter_card":"summary_large_image","schema":{"@context":"https:\/\/schema.org","@graph":[{"@type":"Article","@id":"https:\/\/www.meydan.tv\/az\/article\/iddia-cavid-qurbanovun-%c9%99misi-oglu-prokuror-qardasi-istintaqdan-yayinir\/#article","isPartOf":{"@id":"https:\/\/www.meydan.tv\/az\/article\/iddia-cavid-qurbanovun-%c9%99misi-oglu-prokuror-qardasi-istintaqdan-yayinir\/"},"author":{"name":"mahmud","@id":"https:\/\/www.meydan.tv\/az\/#\/schema\/person\/09863e516102a829e72bedcf3f84c6b0"},"headline":"\u0130ddia: Cavid Qurbanovun \u0259misi o\u011flu, prokuror qarda\u015f\u0131 istintaqdan yay\u0131n\u0131r","datePublished":"2025-05-08T12:01:32+00:00","dateModified":"2025-05-08T12:01:35+00:00","mainEntityOfPage":{"@id":"https:\/\/www.meydan.tv\/az\/article\/iddia-cavid-qurbanovun-%c9%99misi-oglu-prokuror-qardasi-istintaqdan-yayinir\/"},"wordCount":1082,"publisher":{"@id":"https:\/\/www.meydan.tv\/az\/#organization"},"image":{"@id":"https:\/\/www.meydan.tv\/az\/article\/iddia-cavid-qurbanovun-%c9%99misi-oglu-prokuror-qardasi-istintaqdan-yayinir\/#primaryimage"},"thumbnailUrl":"https:\/\/www.meydan.tv\/wp-content\/uploads\/hebs1-scaled.jpg","articleSection":["Sosial","T\u00f6vsiy\u0259","X\u0259b\u0259rl\u0259r"],"inLanguage":"az"},{"@type":"WebPage","@id":"https:\/\/www.meydan.tv\/az\/article\/iddia-cavid-qurbanovun-%c9%99misi-oglu-prokuror-qardasi-istintaqdan-yayinir\/","url":"https:\/\/www.meydan.tv\/az\/article\/iddia-cavid-qurbanovun-%c9%99misi-oglu-prokuror-qardasi-istintaqdan-yayinir\/","name":"\u0130ddia: Cavid Qurbanovun \u0259misi o\u011flu, prokuror qarda\u015f\u0131 istintaqdan yay\u0131n\u0131r - MEYDAN.TV","isPartOf":{"@id":"https:\/\/www.meydan.tv\/az\/#website"},"primaryImageOfPage":{"@id":"https:\/\/www.meydan.tv\/az\/article\/iddia-cavid-qurbanovun-%c9%99misi-oglu-prokuror-qardasi-istintaqdan-yayinir\/#primaryimage"},"image":{"@id":"https:\/\/www.meydan.tv\/az\/article\/iddia-cavid-qurbanovun-%c9%99misi-oglu-prokuror-qardasi-istintaqdan-yayinir\/#primaryimage"},"thumbnailUrl":"https:\/\/www.meydan.tv\/wp-content\/uploads\/hebs1-scaled.jpg","datePublished":"2025-05-08T12:01:32+00:00","dateModified":"2025-05-08T12:01:35+00:00","breadcrumb":{"@id":"https:\/\/www.meydan.tv\/az\/article\/iddia-cavid-qurbanovun-%c9%99misi-oglu-prokuror-qardasi-istintaqdan-yayinir\/#breadcrumb"},"inLanguage":"az","potentialAction":[{"@type":"ReadAction","target":["https:\/\/www.meydan.tv\/az\/article\/iddia-cavid-qurbanovun-%c9%99misi-oglu-prokuror-qardasi-istintaqdan-yayinir\/"]}]},{"@type":"ImageObject","inLanguage":"az","@id":"https:\/\/www.meydan.tv\/az\/article\/iddia-cavid-qurbanovun-%c9%99misi-oglu-prokuror-qardasi-istintaqdan-yayinir\/#primaryimage","url":"https:\/\/www.meydan.tv\/wp-content\/uploads\/hebs1-scaled.jpg","contentUrl":"https:\/\/www.meydan.tv\/wp-content\/uploads\/hebs1-scaled.jpg","width":2560,"height":1440,"caption":"ill\u00fcstrasiya: Meydan.TV"},{"@type":"BreadcrumbList","@id":"https:\/\/www.meydan.tv\/az\/article\/iddia-cavid-qurbanovun-%c9%99misi-oglu-prokuror-qardasi-istintaqdan-yayinir\/#breadcrumb","itemListElement":[{"@type":"ListItem","position":1,"name":"Ana s\u0259hif\u0259","item":"https:\/\/www.meydan.tv\/az\/"},{"@type":"ListItem","position":2,"name":"T\u00f6vsiy\u0259","item":"https:\/\/www.meydan.tv\/az\/section\/featured\/"},{"@type":"ListItem","position":3,"name":"\u0130ddia: Cavid Qurbanovun \u0259misi o\u011flu, prokuror qarda\u015f\u0131 istintaqdan yay\u0131n\u0131r"}]},{"@type":"WebSite","@id":"https:\/\/www.meydan.tv\/az\/#website","url":"https:\/\/www.meydan.tv\/az\/","name":"MEYDAN.TV","description":"Meydan TV Az\u0259rbaycan\u0131n media m\u0259kan\u0131ndak\u0131 alternativ s\u0259sidir","publisher":{"@id":"https:\/\/www.meydan.tv\/az\/#organization"},"potentialAction":[{"@type":"SearchAction","target":{"@type":"EntryPoint","urlTemplate":"https:\/\/www.meydan.tv\/az\/?s={search_term_string}"},"query-input":{"@type":"PropertyValueSpecification","valueRequired":true,"valueName":"search_term_string"}}],"inLanguage":"az"},{"@type":"Organization","@id":"https:\/\/www.meydan.tv\/az\/#organization","name":"Meydan TV","url":"https:\/\/www.meydan.tv\/az\/","logo":{"@type":"ImageObject","inLanguage":"az","@id":"https:\/\/www.meydan.tv\/az\/#\/schema\/logo\/image\/","url":"https:\/\/www.meydan.tv\/wp-content\/uploads\/2021\/07\/meydan-logo.svg","contentUrl":"https:\/\/www.meydan.tv\/wp-content\/uploads\/2021\/07\/meydan-logo.svg","width":195,"height":46,"caption":"Meydan TV"},"image":{"@id":"https:\/\/www.meydan.tv\/az\/#\/schema\/logo\/image\/"}},{"@type":"Person","@id":"https:\/\/www.meydan.tv\/az\/#\/schema\/person\/09863e516102a829e72bedcf3f84c6b0","name":"mahmud"}]}},"_links":{"self":[{"href":"https:\/\/www.meydan.tv\/az\/wp-json\/wp\/v2\/posts\/329995","targetHints":{"allow":["GET"]}}],"collection":[{"href":"https:\/\/www.meydan.tv\/az\/wp-json\/wp\/v2\/posts"}],"about":[{"href":"https:\/\/www.meydan.tv\/az\/wp-json\/wp\/v2\/types\/post"}],"author":[{"embeddable":true,"href":"https:\/\/www.meydan.tv\/az\/wp-json\/wp\/v2\/users\/21"}],"replies":[{"embeddable":true,"href":"https:\/\/www.meydan.tv\/az\/wp-json\/wp\/v2\/comments?post=329995"}],"version-history":[{"count":1,"href":"https:\/\/www.meydan.tv\/az\/wp-json\/wp\/v2\/posts\/329995\/revisions"}],"predecessor-version":[{"id":329996,"href":"https:\/\/www.meydan.tv\/az\/wp-json\/wp\/v2\/posts\/329995\/revisions\/329996"}],"wp:featuredmedia":[{"embeddable":true,"href":"https:\/\/www.meydan.tv\/az\/wp-json\/wp\/v2\/media\/210253"}],"wp:attachment":[{"href":"https:\/\/www.meydan.tv\/az\/wp-json\/wp\/v2\/media?parent=329995"}],"wp:term":[{"taxonomy":"category","embeddable":true,"href":"https:\/\/www.meydan.tv\/az\/wp-json\/wp\/v2\/categories?post=329995"},{"taxonomy":"post_tag","embeddable":true,"href":"https:\/\/www.meydan.tv\/az\/wp-json\/wp\/v2\/tags?post=329995"}],"curies":[{"name":"wp","href":"https:\/\/api.w.org\/{rel}","templated":true}]}}