{"id":329800,"date":"2025-05-06T18:17:04","date_gmt":"2025-05-06T14:17:04","guid":{"rendered":"https:\/\/www.meydan.tv\/?p=329800"},"modified":"2025-05-06T18:17:08","modified_gmt":"2025-05-06T14:17:08","slug":"rusiyanin-azal-t%c9%99yyar%c9%99sinin-q%c9%99zasi-il%c9%99-bagli-istintaq-prosesini-uzatdigi-deyilir","status":"publish","type":"post","link":"https:\/\/www.meydan.tv\/az\/article\/rusiyanin-azal-t%c9%99yyar%c9%99sinin-q%c9%99zasi-il%c9%99-bagli-istintaq-prosesini-uzatdigi-deyilir\/","title":{"rendered":"Rusiyan\u0131n AZAL t\u0259yyar\u0259sinin q\u0259zas\u0131 il\u0259 ba\u011fl\u0131 istintaq prosesini uzatd\u0131\u011f\u0131 deyilir"},"content":{"rendered":"\n<p><\/p>\n\n\n\n<p><strong><em>\u201cAz\u0259rbaycan t\u0259r\u0259fi Rusiyadan m\u0259s\u0259l\u0259 il\u0259 ba\u011fl\u0131 konkret add\u0131mlar g\u00f6zl\u0259yir\u201d<\/em><\/strong><strong><\/strong><\/p>\n\n\n\n<p>Rusiya AZAL-\u0131n t\u0259yyar\u0259sinin q\u0259zaya u\u011framas\u0131 il\u0259 ba\u011fl\u0131 apar\u0131lan istintaq prosesini be\u015f ayd\u0131r uzad\u0131r.<\/p>\n\n\n\n<p>APA-n\u0131n m\u0259nb\u0259sin\u0259 istinad\u0259n <a href=\"https:\/\/apa.az\/hadise\/rusiya-azal-in-teyyaresinin-qezaya-ugramasi-ile-bagli-istintaqi-uzadir-azerbaycanin-muracietlerine-cavab-vermir-898977\" target=\"_blank\" rel=\"noreferrer noopener\">yazd\u0131\u011f\u0131na<\/a> g\u00f6r\u0259, Az\u0259rbaycan h\u0259r ay bu m\u0259s\u0259l\u0259 il\u0259 ba\u011fl\u0131 Rusiyaya m\u00fcraci\u0259t ets\u0259 d\u0259,\u00a0 qar\u015f\u0131 t\u0259r\u0259f m\u00fcxt\u0259lif b\u0259han\u0259l\u0259rl\u0259 istintaq\u0131 uzad\u0131r v\u0259 m\u00fcraci\u0259tl\u0259r\u0259 cavab vermir.<\/p>\n\n\n\n<p><em>\u201cBu be\u015f ay \u0259rzind\u0259 Rusiya t\u0259r\u0259find\u0259n he\u00e7 bir istintaq h\u0259r\u0259k\u0259tl\u0259ri apar\u0131lm\u0131r. Q\u0259zan\u0131n ba\u015f verm\u0259sind\u0259 g\u00fcnah\u0131 v\u0259 m\u0259suliyy\u0259ti olan \u015f\u0259xsl\u0259rd\u0259n he\u00e7 kim bar\u0259sind\u0259 h\u0259bs q\u0259timkan t\u0259dbiri se\u00e7ilm\u0259yib\u201d,<\/em> &#8211; m\u0259nb\u0259 qeyd edib.<\/p>\n\n\n\n<p>M\u0259nb\u0259nin s\u00f6zl\u0259rin\u0259 g\u00f6r\u0259, bir m\u00fcdd\u0259t \u00f6nc\u0259 Az\u0259rbaycan v\u0259 Rusiya h\u00fcquq-m\u00fchafiz\u0259 orqanlar\u0131 aras\u0131nda m\u0259s\u0259l\u0259 il\u0259 ba\u011fl\u0131 n\u00f6vb\u0259ti yaz\u0131\u015fma olub, amma yen\u0259 d\u0259 n\u0259tic\u0259siz qal\u0131b:<\/p>\n\n\n\n<p><em>\u201cAz\u0259rbaycan t\u0259r\u0259fi Rusiyadan m\u0259s\u0259l\u0259 il\u0259 ba\u011fl\u0131 konkret add\u0131mlar g\u00f6zl\u0259yir\u201d.<\/em><\/p>\n\n\n\n<p>2024-c\u00fc il dekabr\u0131n 25-d\u0259 Bak\u0131dan Qrozn\u0131ya u\u00e7an \u201cAz\u0259rbaycan Hava Yollar\u0131\u201d (AZAL) avia\u015firk\u0259tin\u0259 m\u0259xsus \u201cEmbraer-190\u201d s\u0259rni\u015fin t\u0259yyar\u0259si Qazax\u0131stan\u0131n Aktau \u015f\u0259h\u0259ri yax\u0131nl\u0131\u011f\u0131nda q\u0259zaya u\u011fray\u0131b.<\/p>\n\n\n\n<p>2025-ci il fevral\u0131n 4-d\u0259 Qazax\u0131stan\u0131n N\u0259qliyyat Nazirliyinin ilkin a\u00e7\u0131qlamas\u0131nda <a href=\"https:\/\/storage.googleapis.com\/qurium\/www.meydan.tv\/az-article-azal-in-q%c9%99zaya-ugrayan-t%c9%99yyar%c9%99sinin-arasdirmalari-dekabrda-yekunlasa-bil%c9%99r.html\">bildirilib<\/a> ki, Aktau yax\u0131nl\u0131\u011f\u0131nda q\u0259zaya u\u011frayan AZAL t\u0259yyar\u0259si yer s\u0259thi il\u0259 toqqu\u015fana q\u0259d\u0259r xarici t\u0259sir\u0259 m\u0259ruz qal\u0131b.<\/p>\n\n\n\n<p>Ard\u0131nca \u201cReuters\u201d Az\u0259rbaycan h\u00f6kum\u0259tind\u0259ki anonim m\u0259nb\u0259sin\u0259 istinad\u0259n m\u0259lumat yayaraq, t\u0259yyar\u0259nin Rusiyan\u0131n \u201cPantsir-S\u201d raketi il\u0259 vuruldu\u011funu bildirib.<\/p>\n\n\n\n<p>Kreml Qazax\u0131stan\u0131n q\u0259za il\u0259 ba\u011fl\u0131 ilkin hesabat\u0131n\u0131 \u015f\u0259rh etm\u0259yib, istintaq\u0131n tamamlanmas\u0131n\u0131 g\u00f6zl\u0259m\u0259y\u0259 \u00e7a\u011f\u0131r\u0131b.<\/p>\n\n\n\n<p>Q\u0259zaya u\u011fram\u0131\u015f t\u0259yyar\u0259d\u0259 62 s\u0259rni\u015fin v\u0259 5 ekipaj \u00fczv\u00fc olub, onlardan 29 n\u0259f\u0259r sa\u011f qal\u0131b.<\/p>\n","protected":false},"excerpt":{"rendered":"<p>\u201cAz\u0259rbaycan t\u0259r\u0259fi Rusiyadan m\u0259s\u0259l\u0259 il\u0259 ba\u011fl\u0131 konkret add\u0131mlar g\u00f6zl\u0259yir\u201d Rusiya &#8230; <\/p>\n<p class=\"read-more-container\"><a title=\"Rusiyan\u0131n AZAL t\u0259yyar\u0259sinin q\u0259zas\u0131 il\u0259 ba\u011fl\u0131 istintaq prosesini uzatd\u0131\u011f\u0131 deyilir\" class=\"read-more button\" href=\"https:\/\/www.meydan.tv\/az\/article\/rusiyanin-azal-t%c9%99yyar%c9%99sinin-q%c9%99zasi-il%c9%99-bagli-istintaq-prosesini-uzatdigi-deyilir\/#more-329800\" aria-label=\"Read more about Rusiyan\u0131n AZAL t\u0259yyar\u0259sinin q\u0259zas\u0131 il\u0259 ba\u011fl\u0131 istintaq prosesini uzatd\u0131\u011f\u0131 deyilir\">Davam\u0131<\/a><\/p>\n","protected":false},"author":21,"featured_media":323400,"comment_status":"closed","ping_status":"closed","sticky":false,"template":"","format":"standard","meta":{"_acf_changed":false,"_sitemap_exclude":false,"_sitemap_priority":"","_sitemap_frequency":"","footnotes":""},"categories":[59,79,56],"tags":[],"class_list":["post-329800","post","type-post","status-publish","format-standard","has-post-thumbnail","hentry","category-siyaset","category-featured","category-xeberler","infinite-scroll-item","generate-columns","tablet-grid-50","mobile-grid-100","grid-parent","grid-33","no-featured-image-padding"],"acf":[],"yoast_head":"<!-- This site is optimized with the Yoast SEO plugin v27.5 - https:\/\/yoast.com\/product\/yoast-seo-wordpress\/ -->\n<title>Rusiyan\u0131n AZAL t\u0259yyar\u0259sinin q\u0259zas\u0131 il\u0259 ba\u011fl\u0131 istintaq prosesini uzatd\u0131\u011f\u0131 deyilir - MEYDAN.TV<\/title>\n<meta name=\"robots\" content=\"index, follow, max-snippet:-1, max-image-preview:large, max-video-preview:-1\" \/>\n<link rel=\"canonical\" href=\"https:\/\/www.meydan.tv\/az\/article\/rusiyanin-azal-t%c9%99yyar%c9%99sinin-q%c9%99zasi-il%c9%99-bagli-istintaq-prosesini-uzatdigi-deyilir\/\" \/>\n<meta property=\"og:locale\" content=\"az_AZ\" \/>\n<meta property=\"og:type\" content=\"article\" \/>\n<meta property=\"og:title\" content=\"Rusiyan\u0131n AZAL t\u0259yyar\u0259sinin q\u0259zas\u0131 il\u0259 ba\u011fl\u0131 istintaq prosesini uzatd\u0131\u011f\u0131 deyilir - MEYDAN.TV\" \/>\n<meta property=\"og:description\" content=\"\u201cAz\u0259rbaycan t\u0259r\u0259fi Rusiyadan m\u0259s\u0259l\u0259 il\u0259 ba\u011fl\u0131 konkret add\u0131mlar g\u00f6zl\u0259yir\u201d Rusiya ... Davam\u0131\" \/>\n<meta property=\"og:url\" content=\"https:\/\/www.meydan.tv\/az\/article\/rusiyanin-azal-t%c9%99yyar%c9%99sinin-q%c9%99zasi-il%c9%99-bagli-istintaq-prosesini-uzatdigi-deyilir\/\" \/>\n<meta property=\"og:site_name\" content=\"MEYDAN.TV\" \/>\n<meta property=\"article:published_time\" content=\"2025-05-06T14:17:04+00:00\" \/>\n<meta property=\"article:modified_time\" content=\"2025-05-06T14:17:08+00:00\" \/>\n<meta property=\"og:image\" content=\"https:\/\/www.meydan.tv\/wp-content\/uploads\/bez-nazvaniya.png\" \/>\n\t<meta property=\"og:image:width\" content=\"1280\" \/>\n\t<meta property=\"og:image:height\" content=\"738\" \/>\n\t<meta property=\"og:image:type\" content=\"image\/png\" \/>\n<meta name=\"author\" content=\"mahmud\" \/>\n<meta name=\"twitter:card\" content=\"summary_large_image\" \/>\n<script type=\"application\/ld+json\" class=\"yoast-schema-graph\">{\"@context\":\"https:\\\/\\\/schema.org\",\"@graph\":[{\"@type\":\"Article\",\"@id\":\"https:\\\/\\\/www.meydan.tv\\\/az\\\/article\\\/rusiyanin-azal-t%c9%99yyar%c9%99sinin-q%c9%99zasi-il%c9%99-bagli-istintaq-prosesini-uzatdigi-deyilir\\\/#article\",\"isPartOf\":{\"@id\":\"https:\\\/\\\/www.meydan.tv\\\/az\\\/article\\\/rusiyanin-azal-t%c9%99yyar%c9%99sinin-q%c9%99zasi-il%c9%99-bagli-istintaq-prosesini-uzatdigi-deyilir\\\/\"},\"author\":{\"name\":\"mahmud\",\"@id\":\"https:\\\/\\\/www.meydan.tv\\\/az\\\/#\\\/schema\\\/person\\\/09863e516102a829e72bedcf3f84c6b0\"},\"headline\":\"Rusiyan\u0131n AZAL t\u0259yyar\u0259sinin q\u0259zas\u0131 il\u0259 ba\u011fl\u0131 istintaq prosesini uzatd\u0131\u011f\u0131 deyilir\",\"datePublished\":\"2025-05-06T14:17:04+00:00\",\"dateModified\":\"2025-05-06T14:17:08+00:00\",\"mainEntityOfPage\":{\"@id\":\"https:\\\/\\\/www.meydan.tv\\\/az\\\/article\\\/rusiyanin-azal-t%c9%99yyar%c9%99sinin-q%c9%99zasi-il%c9%99-bagli-istintaq-prosesini-uzatdigi-deyilir\\\/\"},\"wordCount\":383,\"publisher\":{\"@id\":\"https:\\\/\\\/www.meydan.tv\\\/az\\\/#organization\"},\"image\":{\"@id\":\"https:\\\/\\\/www.meydan.tv\\\/az\\\/article\\\/rusiyanin-azal-t%c9%99yyar%c9%99sinin-q%c9%99zasi-il%c9%99-bagli-istintaq-prosesini-uzatdigi-deyilir\\\/#primaryimage\"},\"thumbnailUrl\":\"https:\\\/\\\/www.meydan.tv\\\/wp-content\\\/uploads\\\/bez-nazvaniya.png\",\"articleSection\":[\"Siyas\u0259t\",\"T\u00f6vsiy\u0259\",\"X\u0259b\u0259rl\u0259r\"],\"inLanguage\":\"az\"},{\"@type\":\"WebPage\",\"@id\":\"https:\\\/\\\/www.meydan.tv\\\/az\\\/article\\\/rusiyanin-azal-t%c9%99yyar%c9%99sinin-q%c9%99zasi-il%c9%99-bagli-istintaq-prosesini-uzatdigi-deyilir\\\/\",\"url\":\"https:\\\/\\\/www.meydan.tv\\\/az\\\/article\\\/rusiyanin-azal-t%c9%99yyar%c9%99sinin-q%c9%99zasi-il%c9%99-bagli-istintaq-prosesini-uzatdigi-deyilir\\\/\",\"name\":\"Rusiyan\u0131n AZAL t\u0259yyar\u0259sinin q\u0259zas\u0131 il\u0259 ba\u011fl\u0131 istintaq prosesini uzatd\u0131\u011f\u0131 deyilir - MEYDAN.TV\",\"isPartOf\":{\"@id\":\"https:\\\/\\\/www.meydan.tv\\\/az\\\/#website\"},\"primaryImageOfPage\":{\"@id\":\"https:\\\/\\\/www.meydan.tv\\\/az\\\/article\\\/rusiyanin-azal-t%c9%99yyar%c9%99sinin-q%c9%99zasi-il%c9%99-bagli-istintaq-prosesini-uzatdigi-deyilir\\\/#primaryimage\"},\"image\":{\"@id\":\"https:\\\/\\\/www.meydan.tv\\\/az\\\/article\\\/rusiyanin-azal-t%c9%99yyar%c9%99sinin-q%c9%99zasi-il%c9%99-bagli-istintaq-prosesini-uzatdigi-deyilir\\\/#primaryimage\"},\"thumbnailUrl\":\"https:\\\/\\\/www.meydan.tv\\\/wp-content\\\/uploads\\\/bez-nazvaniya.png\",\"datePublished\":\"2025-05-06T14:17:04+00:00\",\"dateModified\":\"2025-05-06T14:17:08+00:00\",\"breadcrumb\":{\"@id\":\"https:\\\/\\\/www.meydan.tv\\\/az\\\/article\\\/rusiyanin-azal-t%c9%99yyar%c9%99sinin-q%c9%99zasi-il%c9%99-bagli-istintaq-prosesini-uzatdigi-deyilir\\\/#breadcrumb\"},\"inLanguage\":\"az\",\"potentialAction\":[{\"@type\":\"ReadAction\",\"target\":[\"https:\\\/\\\/www.meydan.tv\\\/az\\\/article\\\/rusiyanin-azal-t%c9%99yyar%c9%99sinin-q%c9%99zasi-il%c9%99-bagli-istintaq-prosesini-uzatdigi-deyilir\\\/\"]}]},{\"@type\":\"ImageObject\",\"inLanguage\":\"az\",\"@id\":\"https:\\\/\\\/www.meydan.tv\\\/az\\\/article\\\/rusiyanin-azal-t%c9%99yyar%c9%99sinin-q%c9%99zasi-il%c9%99-bagli-istintaq-prosesini-uzatdigi-deyilir\\\/#primaryimage\",\"url\":\"https:\\\/\\\/www.meydan.tv\\\/wp-content\\\/uploads\\\/bez-nazvaniya.png\",\"contentUrl\":\"https:\\\/\\\/www.meydan.tv\\\/wp-content\\\/uploads\\\/bez-nazvaniya.png\",\"width\":1280,\"height\":738,\"caption\":\"Foto: Reuters\"},{\"@type\":\"BreadcrumbList\",\"@id\":\"https:\\\/\\\/www.meydan.tv\\\/az\\\/article\\\/rusiyanin-azal-t%c9%99yyar%c9%99sinin-q%c9%99zasi-il%c9%99-bagli-istintaq-prosesini-uzatdigi-deyilir\\\/#breadcrumb\",\"itemListElement\":[{\"@type\":\"ListItem\",\"position\":1,\"name\":\"Ana s\u0259hif\u0259\",\"item\":\"https:\\\/\\\/www.meydan.tv\\\/az\\\/\"},{\"@type\":\"ListItem\",\"position\":2,\"name\":\"Siyas\u0259t\",\"item\":\"https:\\\/\\\/www.meydan.tv\\\/az\\\/section\\\/siyaset\\\/\"},{\"@type\":\"ListItem\",\"position\":3,\"name\":\"Rusiyan\u0131n AZAL t\u0259yyar\u0259sinin q\u0259zas\u0131 il\u0259 ba\u011fl\u0131 istintaq prosesini uzatd\u0131\u011f\u0131 deyilir\"}]},{\"@type\":\"WebSite\",\"@id\":\"https:\\\/\\\/www.meydan.tv\\\/az\\\/#website\",\"url\":\"https:\\\/\\\/www.meydan.tv\\\/az\\\/\",\"name\":\"MEYDAN.TV\",\"description\":\"Meydan TV Az\u0259rbaycan\u0131n media m\u0259kan\u0131ndak\u0131 alternativ s\u0259sidir\",\"publisher\":{\"@id\":\"https:\\\/\\\/www.meydan.tv\\\/az\\\/#organization\"},\"potentialAction\":[{\"@type\":\"SearchAction\",\"target\":{\"@type\":\"EntryPoint\",\"urlTemplate\":\"https:\\\/\\\/www.meydan.tv\\\/az\\\/?s={search_term_string}\"},\"query-input\":{\"@type\":\"PropertyValueSpecification\",\"valueRequired\":true,\"valueName\":\"search_term_string\"}}],\"inLanguage\":\"az\"},{\"@type\":\"Organization\",\"@id\":\"https:\\\/\\\/www.meydan.tv\\\/az\\\/#organization\",\"name\":\"Meydan TV\",\"url\":\"https:\\\/\\\/www.meydan.tv\\\/az\\\/\",\"logo\":{\"@type\":\"ImageObject\",\"inLanguage\":\"az\",\"@id\":\"https:\\\/\\\/www.meydan.tv\\\/az\\\/#\\\/schema\\\/logo\\\/image\\\/\",\"url\":\"https:\\\/\\\/www.meydan.tv\\\/wp-content\\\/uploads\\\/2021\\\/07\\\/meydan-logo.svg\",\"contentUrl\":\"https:\\\/\\\/www.meydan.tv\\\/wp-content\\\/uploads\\\/2021\\\/07\\\/meydan-logo.svg\",\"width\":195,\"height\":46,\"caption\":\"Meydan TV\"},\"image\":{\"@id\":\"https:\\\/\\\/www.meydan.tv\\\/az\\\/#\\\/schema\\\/logo\\\/image\\\/\"}},{\"@type\":\"Person\",\"@id\":\"https:\\\/\\\/www.meydan.tv\\\/az\\\/#\\\/schema\\\/person\\\/09863e516102a829e72bedcf3f84c6b0\",\"name\":\"mahmud\"}]}<\/script>\n<!-- \/ Yoast SEO plugin. -->","yoast_head_json":{"title":"Rusiyan\u0131n AZAL t\u0259yyar\u0259sinin q\u0259zas\u0131 il\u0259 ba\u011fl\u0131 istintaq prosesini uzatd\u0131\u011f\u0131 deyilir - MEYDAN.TV","robots":{"index":"index","follow":"follow","max-snippet":"max-snippet:-1","max-image-preview":"max-image-preview:large","max-video-preview":"max-video-preview:-1"},"canonical":"https:\/\/www.meydan.tv\/az\/article\/rusiyanin-azal-t%c9%99yyar%c9%99sinin-q%c9%99zasi-il%c9%99-bagli-istintaq-prosesini-uzatdigi-deyilir\/","og_locale":"az_AZ","og_type":"article","og_title":"Rusiyan\u0131n AZAL t\u0259yyar\u0259sinin q\u0259zas\u0131 il\u0259 ba\u011fl\u0131 istintaq prosesini uzatd\u0131\u011f\u0131 deyilir - MEYDAN.TV","og_description":"\u201cAz\u0259rbaycan t\u0259r\u0259fi Rusiyadan m\u0259s\u0259l\u0259 il\u0259 ba\u011fl\u0131 konkret add\u0131mlar g\u00f6zl\u0259yir\u201d Rusiya ... Davam\u0131","og_url":"https:\/\/www.meydan.tv\/az\/article\/rusiyanin-azal-t%c9%99yyar%c9%99sinin-q%c9%99zasi-il%c9%99-bagli-istintaq-prosesini-uzatdigi-deyilir\/","og_site_name":"MEYDAN.TV","article_published_time":"2025-05-06T14:17:04+00:00","article_modified_time":"2025-05-06T14:17:08+00:00","og_image":[{"width":1280,"height":738,"url":"https:\/\/www.meydan.tv\/wp-content\/uploads\/bez-nazvaniya.png","type":"image\/png"}],"author":"mahmud","twitter_card":"summary_large_image","schema":{"@context":"https:\/\/schema.org","@graph":[{"@type":"Article","@id":"https:\/\/www.meydan.tv\/az\/article\/rusiyanin-azal-t%c9%99yyar%c9%99sinin-q%c9%99zasi-il%c9%99-bagli-istintaq-prosesini-uzatdigi-deyilir\/#article","isPartOf":{"@id":"https:\/\/www.meydan.tv\/az\/article\/rusiyanin-azal-t%c9%99yyar%c9%99sinin-q%c9%99zasi-il%c9%99-bagli-istintaq-prosesini-uzatdigi-deyilir\/"},"author":{"name":"mahmud","@id":"https:\/\/www.meydan.tv\/az\/#\/schema\/person\/09863e516102a829e72bedcf3f84c6b0"},"headline":"Rusiyan\u0131n AZAL t\u0259yyar\u0259sinin q\u0259zas\u0131 il\u0259 ba\u011fl\u0131 istintaq prosesini uzatd\u0131\u011f\u0131 deyilir","datePublished":"2025-05-06T14:17:04+00:00","dateModified":"2025-05-06T14:17:08+00:00","mainEntityOfPage":{"@id":"https:\/\/www.meydan.tv\/az\/article\/rusiyanin-azal-t%c9%99yyar%c9%99sinin-q%c9%99zasi-il%c9%99-bagli-istintaq-prosesini-uzatdigi-deyilir\/"},"wordCount":383,"publisher":{"@id":"https:\/\/www.meydan.tv\/az\/#organization"},"image":{"@id":"https:\/\/www.meydan.tv\/az\/article\/rusiyanin-azal-t%c9%99yyar%c9%99sinin-q%c9%99zasi-il%c9%99-bagli-istintaq-prosesini-uzatdigi-deyilir\/#primaryimage"},"thumbnailUrl":"https:\/\/www.meydan.tv\/wp-content\/uploads\/bez-nazvaniya.png","articleSection":["Siyas\u0259t","T\u00f6vsiy\u0259","X\u0259b\u0259rl\u0259r"],"inLanguage":"az"},{"@type":"WebPage","@id":"https:\/\/www.meydan.tv\/az\/article\/rusiyanin-azal-t%c9%99yyar%c9%99sinin-q%c9%99zasi-il%c9%99-bagli-istintaq-prosesini-uzatdigi-deyilir\/","url":"https:\/\/www.meydan.tv\/az\/article\/rusiyanin-azal-t%c9%99yyar%c9%99sinin-q%c9%99zasi-il%c9%99-bagli-istintaq-prosesini-uzatdigi-deyilir\/","name":"Rusiyan\u0131n AZAL t\u0259yyar\u0259sinin q\u0259zas\u0131 il\u0259 ba\u011fl\u0131 istintaq prosesini uzatd\u0131\u011f\u0131 deyilir - MEYDAN.TV","isPartOf":{"@id":"https:\/\/www.meydan.tv\/az\/#website"},"primaryImageOfPage":{"@id":"https:\/\/www.meydan.tv\/az\/article\/rusiyanin-azal-t%c9%99yyar%c9%99sinin-q%c9%99zasi-il%c9%99-bagli-istintaq-prosesini-uzatdigi-deyilir\/#primaryimage"},"image":{"@id":"https:\/\/www.meydan.tv\/az\/article\/rusiyanin-azal-t%c9%99yyar%c9%99sinin-q%c9%99zasi-il%c9%99-bagli-istintaq-prosesini-uzatdigi-deyilir\/#primaryimage"},"thumbnailUrl":"https:\/\/www.meydan.tv\/wp-content\/uploads\/bez-nazvaniya.png","datePublished":"2025-05-06T14:17:04+00:00","dateModified":"2025-05-06T14:17:08+00:00","breadcrumb":{"@id":"https:\/\/www.meydan.tv\/az\/article\/rusiyanin-azal-t%c9%99yyar%c9%99sinin-q%c9%99zasi-il%c9%99-bagli-istintaq-prosesini-uzatdigi-deyilir\/#breadcrumb"},"inLanguage":"az","potentialAction":[{"@type":"ReadAction","target":["https:\/\/www.meydan.tv\/az\/article\/rusiyanin-azal-t%c9%99yyar%c9%99sinin-q%c9%99zasi-il%c9%99-bagli-istintaq-prosesini-uzatdigi-deyilir\/"]}]},{"@type":"ImageObject","inLanguage":"az","@id":"https:\/\/www.meydan.tv\/az\/article\/rusiyanin-azal-t%c9%99yyar%c9%99sinin-q%c9%99zasi-il%c9%99-bagli-istintaq-prosesini-uzatdigi-deyilir\/#primaryimage","url":"https:\/\/www.meydan.tv\/wp-content\/uploads\/bez-nazvaniya.png","contentUrl":"https:\/\/www.meydan.tv\/wp-content\/uploads\/bez-nazvaniya.png","width":1280,"height":738,"caption":"Foto: Reuters"},{"@type":"BreadcrumbList","@id":"https:\/\/www.meydan.tv\/az\/article\/rusiyanin-azal-t%c9%99yyar%c9%99sinin-q%c9%99zasi-il%c9%99-bagli-istintaq-prosesini-uzatdigi-deyilir\/#breadcrumb","itemListElement":[{"@type":"ListItem","position":1,"name":"Ana s\u0259hif\u0259","item":"https:\/\/www.meydan.tv\/az\/"},{"@type":"ListItem","position":2,"name":"Siyas\u0259t","item":"https:\/\/www.meydan.tv\/az\/section\/siyaset\/"},{"@type":"ListItem","position":3,"name":"Rusiyan\u0131n AZAL t\u0259yyar\u0259sinin q\u0259zas\u0131 il\u0259 ba\u011fl\u0131 istintaq prosesini uzatd\u0131\u011f\u0131 deyilir"}]},{"@type":"WebSite","@id":"https:\/\/www.meydan.tv\/az\/#website","url":"https:\/\/www.meydan.tv\/az\/","name":"MEYDAN.TV","description":"Meydan TV Az\u0259rbaycan\u0131n media m\u0259kan\u0131ndak\u0131 alternativ s\u0259sidir","publisher":{"@id":"https:\/\/www.meydan.tv\/az\/#organization"},"potentialAction":[{"@type":"SearchAction","target":{"@type":"EntryPoint","urlTemplate":"https:\/\/www.meydan.tv\/az\/?s={search_term_string}"},"query-input":{"@type":"PropertyValueSpecification","valueRequired":true,"valueName":"search_term_string"}}],"inLanguage":"az"},{"@type":"Organization","@id":"https:\/\/www.meydan.tv\/az\/#organization","name":"Meydan TV","url":"https:\/\/www.meydan.tv\/az\/","logo":{"@type":"ImageObject","inLanguage":"az","@id":"https:\/\/www.meydan.tv\/az\/#\/schema\/logo\/image\/","url":"https:\/\/www.meydan.tv\/wp-content\/uploads\/2021\/07\/meydan-logo.svg","contentUrl":"https:\/\/www.meydan.tv\/wp-content\/uploads\/2021\/07\/meydan-logo.svg","width":195,"height":46,"caption":"Meydan TV"},"image":{"@id":"https:\/\/www.meydan.tv\/az\/#\/schema\/logo\/image\/"}},{"@type":"Person","@id":"https:\/\/www.meydan.tv\/az\/#\/schema\/person\/09863e516102a829e72bedcf3f84c6b0","name":"mahmud"}]}},"_links":{"self":[{"href":"https:\/\/www.meydan.tv\/az\/wp-json\/wp\/v2\/posts\/329800","targetHints":{"allow":["GET"]}}],"collection":[{"href":"https:\/\/www.meydan.tv\/az\/wp-json\/wp\/v2\/posts"}],"about":[{"href":"https:\/\/www.meydan.tv\/az\/wp-json\/wp\/v2\/types\/post"}],"author":[{"embeddable":true,"href":"https:\/\/www.meydan.tv\/az\/wp-json\/wp\/v2\/users\/21"}],"replies":[{"embeddable":true,"href":"https:\/\/www.meydan.tv\/az\/wp-json\/wp\/v2\/comments?post=329800"}],"version-history":[{"count":1,"href":"https:\/\/www.meydan.tv\/az\/wp-json\/wp\/v2\/posts\/329800\/revisions"}],"predecessor-version":[{"id":329801,"href":"https:\/\/www.meydan.tv\/az\/wp-json\/wp\/v2\/posts\/329800\/revisions\/329801"}],"wp:featuredmedia":[{"embeddable":true,"href":"https:\/\/www.meydan.tv\/az\/wp-json\/wp\/v2\/media\/323400"}],"wp:attachment":[{"href":"https:\/\/www.meydan.tv\/az\/wp-json\/wp\/v2\/media?parent=329800"}],"wp:term":[{"taxonomy":"category","embeddable":true,"href":"https:\/\/www.meydan.tv\/az\/wp-json\/wp\/v2\/categories?post=329800"},{"taxonomy":"post_tag","embeddable":true,"href":"https:\/\/www.meydan.tv\/az\/wp-json\/wp\/v2\/tags?post=329800"}],"curies":[{"name":"wp","href":"https:\/\/api.w.org\/{rel}","templated":true}]}}