{"id":329777,"date":"2025-05-06T15:09:34","date_gmt":"2025-05-06T11:09:34","guid":{"rendered":"https:\/\/www.meydan.tv\/?p=329777"},"modified":"2025-05-06T16:43:54","modified_gmt":"2025-05-06T12:43:54","slug":"m%c9%99hk%c9%99m%c9%99-tofiq-yaqublunu-azad-etm%c9%99yib","status":"publish","type":"post","link":"https:\/\/www.meydan.tv\/az\/article\/m%c9%99hk%c9%99m%c9%99-tofiq-yaqublunu-azad-etm%c9%99yib\/","title":{"rendered":"M\u0259hk\u0259m\u0259 Tofiq Yaqublunu h\u0259bsd\u0259 saxlay\u0131b"},"content":{"rendered":"\n<p><\/p>\n\n\n\n<p><strong><em>36 g\u00fcnd\u00fcr acl\u0131q ed\u0259n Yaqublunun m\u0259hk\u0259m\u0259 zal\u0131na be\u015f n\u0259f\u0259rin k\u00f6m\u0259yi il\u0259 g\u0259tirildiyi bildirilir<\/em><\/strong><\/p>\n\n\n\n<p>Bu g\u00fcn, may\u0131n 6-da M\u00fcsavat Partiyas\u0131n\u0131n v\u0259 Milli \u015euran\u0131n \u00fczv\u00fc Tofiq Yaqublunun ittiham olundu\u011fu cinay\u0259t i\u015fi \u00fczr\u0259 Bak\u0131 Apelyasiya M\u0259hk\u0259m\u0259sind\u0259 proses ke\u00e7irilib.<\/p>\n\n\n\n<p>\u0130lkin bax\u0131\u015f iclas\u0131nda Tofiq Yaqublu da i\u015ftirak edib.<\/p>\n\n\n\n<p>36 g\u00fcnd\u00fcr acl\u0131q ed\u0259n Yaqublunun m\u0259hk\u0259m\u0259 zal\u0131na be\u015f n\u0259f\u0259rin k\u00f6m\u0259yi il\u0259 g\u0259tirildiyi bildirilir.<\/p>\n\n\n\n<p>Ayaq \u00fcst\u0259 dayana bilm\u0259y\u0259n, ba\u015f\u0131 v\u0259 b\u0259d\u0259ni \u0259s\u0259n Yaqublu m\u0259hk\u0259m\u0259 zal\u0131nda \u201cSiz m\u0259nim \u00fcr\u0259yimsiniz\u201d yaz\u0131lan v\u0259r\u0259qi qald\u0131r\u0131b.<\/p>\n\n\n\n<p>Hakim Zamin \u0130brahimov Tofiq Yaqublunun ev dustaql\u0131\u011f\u0131na burax\u0131lmas\u0131 il\u0259 ba\u011fl\u0131 v\u0259sat\u0259ti t\u0259min etm\u0259yib.<\/p>\n\n\n\n<p>N\u00f6vb\u0259ti m\u0259hk\u0259m\u0259 iclas\u0131 20 may 15:00-a t\u0259yin olunub.<\/p>\n\n\n\n<p>Sosial \u015f\u0259b\u0259k\u0259l\u0259rd\u0259 payla\u015f\u0131lan m\u0259lumatlara g\u00f6r\u0259, m\u0259hk\u0259m\u0259 \u00f6n\u00fcn\u0259 topla\u015fan insanlar polis t\u0259r\u0259find\u0259n zorak\u0131l\u0131lqla oradan uzaqla\u015fd\u0131r\u0131l\u0131blar.<\/p>\n\n\n\n<p>Yaqublunun q\u0131z\u0131 Nigar H\u0259zi m\u0259hk\u0259m\u0259 binas\u0131n\u0131n \u00f6n\u00fcn\u0259 g\u0259l\u0259n jurnalistl\u0259r\u0259 <a href=\"https:\/\/www.facebook.com\/share\/p\/1AF3CcY3Be\/\">deyib <\/a>ki, hakim Zamin \u0130brahimovun q\u0259rar\u0131 anti-humanistdir:<\/p>\n\n\n\n<p><em>\u201cHakim g\u00f6zl\u0259ri il\u0259 g\u00f6rd\u00fc ki, Tofiq Yaqublu m\u0259hk\u0259m\u0259 zal\u0131nda hans\u0131 v\u0259ziyy\u0259td\u0259 oturub, h\u0259tta dan\u0131\u015fma\u011fa hal\u0131 yox idi. Tofiq Yaqublu optimistliyini itirm\u0259yib. M\u0259hk\u0259m\u0259 zal\u0131na g\u0259l\u0259n insanlara ka\u011f\u0131zda yaz\u0131b ki, siz m\u0259nim \u00fcr\u0259yimsiniz. O, bilir ki, c\u0259miyy\u0259tin ona nec\u0259 d\u0259st\u0259yi var. Bu g\u00fcn polis qo\u015fununun g\u0259lm\u0259si g\u00f6st\u0259rir ki, onlar Tofiq Yaqubluya olan d\u0259st\u0259kd\u0259n narahatd\u0131r. Xalq\u0131n ona olan sevgisind\u0259n \u00e7ox narahatd\u0131rlar. Tofiq Yaqublu h\u0259qiq\u0259t\u0259n d\u0259 cinay\u0259tkard\u0131rsa, niy\u0259 bel\u0259 narahat olurdunuz? Niy\u0259 bura bu q\u0259d\u0259r polis t\u00f6km\u00fcs\u00fcn\u00fcz? Niy\u0259 qoymursunuz, insanlar orada topla\u015fs\u0131nlar? \u0130lham \u018fliyev Tofiq Yaqublunu \u00f6ld\u00fcrm\u0259k q\u0259rar\u0131 verdi. N\u00f6vb\u0259ti m\u0259hk\u0259m\u0259 20 may saat 15:00-a t\u0259yin edildi. O m\u00fcdd\u0259t\u0259 is\u0259 Tofiq Yaqublu h\u0259yatda <a href=\"https:\/\/www.facebook.com\/share\/p\/186CFchFMK\/\">olmayacaq!\u201d<\/a><\/em><\/p>\n\n\n\n<p>Tofiq Yaqublu 2025-ci il mart\u0131n 10-da Bak\u0131 A\u011f\u0131r Cinay\u0259tl\u0259r M\u0259hk\u0259m\u0259sinin h\u00f6km\u00fc il\u0259 9 il azadl\u0131qdan m\u0259hrum edilib.<\/p>\n\n\n\n<p>O, aprelin 1-d\u0259n azadl\u0131\u011fa burax\u0131lmas\u0131 t\u0259l\u0259bi il\u0259 acl\u0131q aksiyas\u0131 ke\u00e7irir.<\/p>\n\n\n\n<p>Yaqublu Cinay\u0259t M\u0259c\u0259ll\u0259sinin k\u00fclli miqdarda ziyan vurmaqla d\u0259l\u0259duzluq v\u0259 saxta s\u0259n\u0259d haz\u0131rlama v\u0259 ya istifad\u0259 etm\u0259 madd\u0259l\u0259ri il\u0259 t\u0259qsirli bilinib.<\/p>\n\n\n\n<p>Siyas\u0259t\u00e7i ittihamlar\u0131 qurama say\u0131r.<\/p>\n\n\n\n<p>Bu, Tofiq Yaqublunun ilk acl\u0131q aksiyas\u0131 deyil.<\/p>\n\n\n\n<p>O, 2020-ci il mart\u0131n 22-d\u0259 h\u0259bsin\u0259 etiraz olaraq 17 g\u00fcn acl\u0131q etmi\u015fdi. Sonradan v\u0259ziyy\u0259ti pisl\u0259\u015fdiyin\u0259 g\u00f6r\u0259 4 il 3 ayl\u0131q h\u0259bs h\u00f6km\u00fc \u015f\u0259rti c\u0259za il\u0259 \u0259v\u0259zl\u0259nmi\u015fdi.<\/p>\n","protected":false},"excerpt":{"rendered":"<p>36 g\u00fcnd\u00fcr acl\u0131q ed\u0259n Yaqublunun m\u0259hk\u0259m\u0259 zal\u0131na be\u015f n\u0259f\u0259rin k\u00f6m\u0259yi &#8230; <\/p>\n<p class=\"read-more-container\"><a title=\"M\u0259hk\u0259m\u0259 Tofiq Yaqublunu h\u0259bsd\u0259 saxlay\u0131b\" class=\"read-more button\" href=\"https:\/\/www.meydan.tv\/az\/article\/m%c9%99hk%c9%99m%c9%99-tofiq-yaqublunu-azad-etm%c9%99yib\/#more-329777\" aria-label=\"Read more about M\u0259hk\u0259m\u0259 Tofiq Yaqublunu h\u0259bsd\u0259 saxlay\u0131b\">Davam\u0131<\/a><\/p>\n","protected":false},"author":21,"featured_media":329209,"comment_status":"closed","ping_status":"closed","sticky":false,"template":"","format":"standard","meta":{"_acf_changed":false,"_sitemap_exclude":false,"_sitemap_priority":"","_sitemap_frequency":"","footnotes":""},"categories":[59,79,56],"tags":[],"class_list":["post-329777","post","type-post","status-publish","format-standard","has-post-thumbnail","hentry","category-siyaset","category-featured","category-xeberler","infinite-scroll-item","generate-columns","tablet-grid-50","mobile-grid-100","grid-parent","grid-33","no-featured-image-padding"],"acf":[],"yoast_head":"<!-- This site is optimized with the Yoast SEO plugin v27.5 - https:\/\/yoast.com\/product\/yoast-seo-wordpress\/ -->\n<title>M\u0259hk\u0259m\u0259 Tofiq Yaqublunu h\u0259bsd\u0259 saxlay\u0131b - MEYDAN.TV<\/title>\n<meta name=\"robots\" content=\"index, follow, max-snippet:-1, max-image-preview:large, max-video-preview:-1\" \/>\n<link rel=\"canonical\" href=\"https:\/\/www.meydan.tv\/az\/article\/m%c9%99hk%c9%99m%c9%99-tofiq-yaqublunu-azad-etm%c9%99yib\/\" \/>\n<meta property=\"og:locale\" content=\"az_AZ\" \/>\n<meta property=\"og:type\" content=\"article\" \/>\n<meta property=\"og:title\" content=\"M\u0259hk\u0259m\u0259 Tofiq Yaqublunu h\u0259bsd\u0259 saxlay\u0131b - MEYDAN.TV\" \/>\n<meta property=\"og:description\" content=\"36 g\u00fcnd\u00fcr acl\u0131q ed\u0259n Yaqublunun m\u0259hk\u0259m\u0259 zal\u0131na be\u015f n\u0259f\u0259rin k\u00f6m\u0259yi ... Davam\u0131\" \/>\n<meta property=\"og:url\" content=\"https:\/\/www.meydan.tv\/az\/article\/m%c9%99hk%c9%99m%c9%99-tofiq-yaqublunu-azad-etm%c9%99yib\/\" \/>\n<meta property=\"og:site_name\" content=\"MEYDAN.TV\" \/>\n<meta property=\"article:published_time\" content=\"2025-05-06T11:09:34+00:00\" \/>\n<meta property=\"article:modified_time\" content=\"2025-05-06T12:43:54+00:00\" \/>\n<meta property=\"og:image\" content=\"https:\/\/www.meydan.tv\/wp-content\/uploads\/6757.png\" \/>\n\t<meta property=\"og:image:width\" content=\"1179\" \/>\n\t<meta property=\"og:image:height\" content=\"576\" \/>\n\t<meta property=\"og:image:type\" content=\"image\/png\" \/>\n<meta name=\"author\" content=\"mahmud\" \/>\n<meta name=\"twitter:card\" content=\"summary_large_image\" \/>\n<script type=\"application\/ld+json\" class=\"yoast-schema-graph\">{\"@context\":\"https:\\\/\\\/schema.org\",\"@graph\":[{\"@type\":\"Article\",\"@id\":\"https:\\\/\\\/www.meydan.tv\\\/az\\\/article\\\/m%c9%99hk%c9%99m%c9%99-tofiq-yaqublunu-azad-etm%c9%99yib\\\/#article\",\"isPartOf\":{\"@id\":\"https:\\\/\\\/www.meydan.tv\\\/az\\\/article\\\/m%c9%99hk%c9%99m%c9%99-tofiq-yaqublunu-azad-etm%c9%99yib\\\/\"},\"author\":{\"name\":\"mahmud\",\"@id\":\"https:\\\/\\\/www.meydan.tv\\\/az\\\/#\\\/schema\\\/person\\\/09863e516102a829e72bedcf3f84c6b0\"},\"headline\":\"M\u0259hk\u0259m\u0259 Tofiq Yaqublunu h\u0259bsd\u0259 saxlay\u0131b\",\"datePublished\":\"2025-05-06T11:09:34+00:00\",\"dateModified\":\"2025-05-06T12:43:54+00:00\",\"mainEntityOfPage\":{\"@id\":\"https:\\\/\\\/www.meydan.tv\\\/az\\\/article\\\/m%c9%99hk%c9%99m%c9%99-tofiq-yaqublunu-azad-etm%c9%99yib\\\/\"},\"wordCount\":517,\"publisher\":{\"@id\":\"https:\\\/\\\/www.meydan.tv\\\/az\\\/#organization\"},\"image\":{\"@id\":\"https:\\\/\\\/www.meydan.tv\\\/az\\\/article\\\/m%c9%99hk%c9%99m%c9%99-tofiq-yaqublunu-azad-etm%c9%99yib\\\/#primaryimage\"},\"thumbnailUrl\":\"https:\\\/\\\/www.meydan.tv\\\/wp-content\\\/uploads\\\/6757.png\",\"articleSection\":[\"Siyas\u0259t\",\"T\u00f6vsiy\u0259\",\"X\u0259b\u0259rl\u0259r\"],\"inLanguage\":\"az\"},{\"@type\":\"WebPage\",\"@id\":\"https:\\\/\\\/www.meydan.tv\\\/az\\\/article\\\/m%c9%99hk%c9%99m%c9%99-tofiq-yaqublunu-azad-etm%c9%99yib\\\/\",\"url\":\"https:\\\/\\\/www.meydan.tv\\\/az\\\/article\\\/m%c9%99hk%c9%99m%c9%99-tofiq-yaqublunu-azad-etm%c9%99yib\\\/\",\"name\":\"M\u0259hk\u0259m\u0259 Tofiq Yaqublunu h\u0259bsd\u0259 saxlay\u0131b - MEYDAN.TV\",\"isPartOf\":{\"@id\":\"https:\\\/\\\/www.meydan.tv\\\/az\\\/#website\"},\"primaryImageOfPage\":{\"@id\":\"https:\\\/\\\/www.meydan.tv\\\/az\\\/article\\\/m%c9%99hk%c9%99m%c9%99-tofiq-yaqublunu-azad-etm%c9%99yib\\\/#primaryimage\"},\"image\":{\"@id\":\"https:\\\/\\\/www.meydan.tv\\\/az\\\/article\\\/m%c9%99hk%c9%99m%c9%99-tofiq-yaqublunu-azad-etm%c9%99yib\\\/#primaryimage\"},\"thumbnailUrl\":\"https:\\\/\\\/www.meydan.tv\\\/wp-content\\\/uploads\\\/6757.png\",\"datePublished\":\"2025-05-06T11:09:34+00:00\",\"dateModified\":\"2025-05-06T12:43:54+00:00\",\"breadcrumb\":{\"@id\":\"https:\\\/\\\/www.meydan.tv\\\/az\\\/article\\\/m%c9%99hk%c9%99m%c9%99-tofiq-yaqublunu-azad-etm%c9%99yib\\\/#breadcrumb\"},\"inLanguage\":\"az\",\"potentialAction\":[{\"@type\":\"ReadAction\",\"target\":[\"https:\\\/\\\/www.meydan.tv\\\/az\\\/article\\\/m%c9%99hk%c9%99m%c9%99-tofiq-yaqublunu-azad-etm%c9%99yib\\\/\"]}]},{\"@type\":\"ImageObject\",\"inLanguage\":\"az\",\"@id\":\"https:\\\/\\\/www.meydan.tv\\\/az\\\/article\\\/m%c9%99hk%c9%99m%c9%99-tofiq-yaqublunu-azad-etm%c9%99yib\\\/#primaryimage\",\"url\":\"https:\\\/\\\/www.meydan.tv\\\/wp-content\\\/uploads\\\/6757.png\",\"contentUrl\":\"https:\\\/\\\/www.meydan.tv\\\/wp-content\\\/uploads\\\/6757.png\",\"width\":1179,\"height\":576,\"caption\":\"Tofiq Yaqublu - Foto: Facebook \u015f\u0259xsi arxivind\u0259n\"},{\"@type\":\"BreadcrumbList\",\"@id\":\"https:\\\/\\\/www.meydan.tv\\\/az\\\/article\\\/m%c9%99hk%c9%99m%c9%99-tofiq-yaqublunu-azad-etm%c9%99yib\\\/#breadcrumb\",\"itemListElement\":[{\"@type\":\"ListItem\",\"position\":1,\"name\":\"Ana s\u0259hif\u0259\",\"item\":\"https:\\\/\\\/www.meydan.tv\\\/az\\\/\"},{\"@type\":\"ListItem\",\"position\":2,\"name\":\"Siyas\u0259t\",\"item\":\"https:\\\/\\\/www.meydan.tv\\\/az\\\/section\\\/siyaset\\\/\"},{\"@type\":\"ListItem\",\"position\":3,\"name\":\"M\u0259hk\u0259m\u0259 Tofiq Yaqublunu h\u0259bsd\u0259 saxlay\u0131b\"}]},{\"@type\":\"WebSite\",\"@id\":\"https:\\\/\\\/www.meydan.tv\\\/az\\\/#website\",\"url\":\"https:\\\/\\\/www.meydan.tv\\\/az\\\/\",\"name\":\"MEYDAN.TV\",\"description\":\"Meydan TV Az\u0259rbaycan\u0131n media m\u0259kan\u0131ndak\u0131 alternativ s\u0259sidir\",\"publisher\":{\"@id\":\"https:\\\/\\\/www.meydan.tv\\\/az\\\/#organization\"},\"potentialAction\":[{\"@type\":\"SearchAction\",\"target\":{\"@type\":\"EntryPoint\",\"urlTemplate\":\"https:\\\/\\\/www.meydan.tv\\\/az\\\/?s={search_term_string}\"},\"query-input\":{\"@type\":\"PropertyValueSpecification\",\"valueRequired\":true,\"valueName\":\"search_term_string\"}}],\"inLanguage\":\"az\"},{\"@type\":\"Organization\",\"@id\":\"https:\\\/\\\/www.meydan.tv\\\/az\\\/#organization\",\"name\":\"Meydan TV\",\"url\":\"https:\\\/\\\/www.meydan.tv\\\/az\\\/\",\"logo\":{\"@type\":\"ImageObject\",\"inLanguage\":\"az\",\"@id\":\"https:\\\/\\\/www.meydan.tv\\\/az\\\/#\\\/schema\\\/logo\\\/image\\\/\",\"url\":\"https:\\\/\\\/www.meydan.tv\\\/wp-content\\\/uploads\\\/2021\\\/07\\\/meydan-logo.svg\",\"contentUrl\":\"https:\\\/\\\/www.meydan.tv\\\/wp-content\\\/uploads\\\/2021\\\/07\\\/meydan-logo.svg\",\"width\":195,\"height\":46,\"caption\":\"Meydan TV\"},\"image\":{\"@id\":\"https:\\\/\\\/www.meydan.tv\\\/az\\\/#\\\/schema\\\/logo\\\/image\\\/\"}},{\"@type\":\"Person\",\"@id\":\"https:\\\/\\\/www.meydan.tv\\\/az\\\/#\\\/schema\\\/person\\\/09863e516102a829e72bedcf3f84c6b0\",\"name\":\"mahmud\"}]}<\/script>\n<!-- \/ Yoast SEO plugin. -->","yoast_head_json":{"title":"M\u0259hk\u0259m\u0259 Tofiq Yaqublunu h\u0259bsd\u0259 saxlay\u0131b - MEYDAN.TV","robots":{"index":"index","follow":"follow","max-snippet":"max-snippet:-1","max-image-preview":"max-image-preview:large","max-video-preview":"max-video-preview:-1"},"canonical":"https:\/\/www.meydan.tv\/az\/article\/m%c9%99hk%c9%99m%c9%99-tofiq-yaqublunu-azad-etm%c9%99yib\/","og_locale":"az_AZ","og_type":"article","og_title":"M\u0259hk\u0259m\u0259 Tofiq Yaqublunu h\u0259bsd\u0259 saxlay\u0131b - MEYDAN.TV","og_description":"36 g\u00fcnd\u00fcr acl\u0131q ed\u0259n Yaqublunun m\u0259hk\u0259m\u0259 zal\u0131na be\u015f n\u0259f\u0259rin k\u00f6m\u0259yi ... Davam\u0131","og_url":"https:\/\/www.meydan.tv\/az\/article\/m%c9%99hk%c9%99m%c9%99-tofiq-yaqublunu-azad-etm%c9%99yib\/","og_site_name":"MEYDAN.TV","article_published_time":"2025-05-06T11:09:34+00:00","article_modified_time":"2025-05-06T12:43:54+00:00","og_image":[{"width":1179,"height":576,"url":"https:\/\/www.meydan.tv\/wp-content\/uploads\/6757.png","type":"image\/png"}],"author":"mahmud","twitter_card":"summary_large_image","schema":{"@context":"https:\/\/schema.org","@graph":[{"@type":"Article","@id":"https:\/\/www.meydan.tv\/az\/article\/m%c9%99hk%c9%99m%c9%99-tofiq-yaqublunu-azad-etm%c9%99yib\/#article","isPartOf":{"@id":"https:\/\/www.meydan.tv\/az\/article\/m%c9%99hk%c9%99m%c9%99-tofiq-yaqublunu-azad-etm%c9%99yib\/"},"author":{"name":"mahmud","@id":"https:\/\/www.meydan.tv\/az\/#\/schema\/person\/09863e516102a829e72bedcf3f84c6b0"},"headline":"M\u0259hk\u0259m\u0259 Tofiq Yaqublunu h\u0259bsd\u0259 saxlay\u0131b","datePublished":"2025-05-06T11:09:34+00:00","dateModified":"2025-05-06T12:43:54+00:00","mainEntityOfPage":{"@id":"https:\/\/www.meydan.tv\/az\/article\/m%c9%99hk%c9%99m%c9%99-tofiq-yaqublunu-azad-etm%c9%99yib\/"},"wordCount":517,"publisher":{"@id":"https:\/\/www.meydan.tv\/az\/#organization"},"image":{"@id":"https:\/\/www.meydan.tv\/az\/article\/m%c9%99hk%c9%99m%c9%99-tofiq-yaqublunu-azad-etm%c9%99yib\/#primaryimage"},"thumbnailUrl":"https:\/\/www.meydan.tv\/wp-content\/uploads\/6757.png","articleSection":["Siyas\u0259t","T\u00f6vsiy\u0259","X\u0259b\u0259rl\u0259r"],"inLanguage":"az"},{"@type":"WebPage","@id":"https:\/\/www.meydan.tv\/az\/article\/m%c9%99hk%c9%99m%c9%99-tofiq-yaqublunu-azad-etm%c9%99yib\/","url":"https:\/\/www.meydan.tv\/az\/article\/m%c9%99hk%c9%99m%c9%99-tofiq-yaqublunu-azad-etm%c9%99yib\/","name":"M\u0259hk\u0259m\u0259 Tofiq Yaqublunu h\u0259bsd\u0259 saxlay\u0131b - MEYDAN.TV","isPartOf":{"@id":"https:\/\/www.meydan.tv\/az\/#website"},"primaryImageOfPage":{"@id":"https:\/\/www.meydan.tv\/az\/article\/m%c9%99hk%c9%99m%c9%99-tofiq-yaqublunu-azad-etm%c9%99yib\/#primaryimage"},"image":{"@id":"https:\/\/www.meydan.tv\/az\/article\/m%c9%99hk%c9%99m%c9%99-tofiq-yaqublunu-azad-etm%c9%99yib\/#primaryimage"},"thumbnailUrl":"https:\/\/www.meydan.tv\/wp-content\/uploads\/6757.png","datePublished":"2025-05-06T11:09:34+00:00","dateModified":"2025-05-06T12:43:54+00:00","breadcrumb":{"@id":"https:\/\/www.meydan.tv\/az\/article\/m%c9%99hk%c9%99m%c9%99-tofiq-yaqublunu-azad-etm%c9%99yib\/#breadcrumb"},"inLanguage":"az","potentialAction":[{"@type":"ReadAction","target":["https:\/\/www.meydan.tv\/az\/article\/m%c9%99hk%c9%99m%c9%99-tofiq-yaqublunu-azad-etm%c9%99yib\/"]}]},{"@type":"ImageObject","inLanguage":"az","@id":"https:\/\/www.meydan.tv\/az\/article\/m%c9%99hk%c9%99m%c9%99-tofiq-yaqublunu-azad-etm%c9%99yib\/#primaryimage","url":"https:\/\/www.meydan.tv\/wp-content\/uploads\/6757.png","contentUrl":"https:\/\/www.meydan.tv\/wp-content\/uploads\/6757.png","width":1179,"height":576,"caption":"Tofiq Yaqublu - Foto: Facebook \u015f\u0259xsi arxivind\u0259n"},{"@type":"BreadcrumbList","@id":"https:\/\/www.meydan.tv\/az\/article\/m%c9%99hk%c9%99m%c9%99-tofiq-yaqublunu-azad-etm%c9%99yib\/#breadcrumb","itemListElement":[{"@type":"ListItem","position":1,"name":"Ana s\u0259hif\u0259","item":"https:\/\/www.meydan.tv\/az\/"},{"@type":"ListItem","position":2,"name":"Siyas\u0259t","item":"https:\/\/www.meydan.tv\/az\/section\/siyaset\/"},{"@type":"ListItem","position":3,"name":"M\u0259hk\u0259m\u0259 Tofiq Yaqublunu h\u0259bsd\u0259 saxlay\u0131b"}]},{"@type":"WebSite","@id":"https:\/\/www.meydan.tv\/az\/#website","url":"https:\/\/www.meydan.tv\/az\/","name":"MEYDAN.TV","description":"Meydan TV Az\u0259rbaycan\u0131n media m\u0259kan\u0131ndak\u0131 alternativ s\u0259sidir","publisher":{"@id":"https:\/\/www.meydan.tv\/az\/#organization"},"potentialAction":[{"@type":"SearchAction","target":{"@type":"EntryPoint","urlTemplate":"https:\/\/www.meydan.tv\/az\/?s={search_term_string}"},"query-input":{"@type":"PropertyValueSpecification","valueRequired":true,"valueName":"search_term_string"}}],"inLanguage":"az"},{"@type":"Organization","@id":"https:\/\/www.meydan.tv\/az\/#organization","name":"Meydan TV","url":"https:\/\/www.meydan.tv\/az\/","logo":{"@type":"ImageObject","inLanguage":"az","@id":"https:\/\/www.meydan.tv\/az\/#\/schema\/logo\/image\/","url":"https:\/\/www.meydan.tv\/wp-content\/uploads\/2021\/07\/meydan-logo.svg","contentUrl":"https:\/\/www.meydan.tv\/wp-content\/uploads\/2021\/07\/meydan-logo.svg","width":195,"height":46,"caption":"Meydan TV"},"image":{"@id":"https:\/\/www.meydan.tv\/az\/#\/schema\/logo\/image\/"}},{"@type":"Person","@id":"https:\/\/www.meydan.tv\/az\/#\/schema\/person\/09863e516102a829e72bedcf3f84c6b0","name":"mahmud"}]}},"_links":{"self":[{"href":"https:\/\/www.meydan.tv\/az\/wp-json\/wp\/v2\/posts\/329777","targetHints":{"allow":["GET"]}}],"collection":[{"href":"https:\/\/www.meydan.tv\/az\/wp-json\/wp\/v2\/posts"}],"about":[{"href":"https:\/\/www.meydan.tv\/az\/wp-json\/wp\/v2\/types\/post"}],"author":[{"embeddable":true,"href":"https:\/\/www.meydan.tv\/az\/wp-json\/wp\/v2\/users\/21"}],"replies":[{"embeddable":true,"href":"https:\/\/www.meydan.tv\/az\/wp-json\/wp\/v2\/comments?post=329777"}],"version-history":[{"count":6,"href":"https:\/\/www.meydan.tv\/az\/wp-json\/wp\/v2\/posts\/329777\/revisions"}],"predecessor-version":[{"id":329797,"href":"https:\/\/www.meydan.tv\/az\/wp-json\/wp\/v2\/posts\/329777\/revisions\/329797"}],"wp:featuredmedia":[{"embeddable":true,"href":"https:\/\/www.meydan.tv\/az\/wp-json\/wp\/v2\/media\/329209"}],"wp:attachment":[{"href":"https:\/\/www.meydan.tv\/az\/wp-json\/wp\/v2\/media?parent=329777"}],"wp:term":[{"taxonomy":"category","embeddable":true,"href":"https:\/\/www.meydan.tv\/az\/wp-json\/wp\/v2\/categories?post=329777"},{"taxonomy":"post_tag","embeddable":true,"href":"https:\/\/www.meydan.tv\/az\/wp-json\/wp\/v2\/tags?post=329777"}],"curies":[{"name":"wp","href":"https:\/\/api.w.org\/{rel}","templated":true}]}}