{"id":329759,"date":"2025-05-06T13:02:13","date_gmt":"2025-05-06T09:02:13","guid":{"rendered":"https:\/\/www.meydan.tv\/?p=329759"},"modified":"2025-05-06T13:02:16","modified_gmt":"2025-05-06T09:02:16","slug":"vasinqtonda-az%c9%99rbaycan-s%c9%99firliyinin-onund%c9%99-aksiya-kecirilib","status":"publish","type":"post","link":"https:\/\/www.meydan.tv\/az\/article\/vasinqtonda-az%c9%99rbaycan-s%c9%99firliyinin-onund%c9%99-aksiya-kecirilib\/","title":{"rendered":"Va\u015finqtonda Az\u0259rbaycan s\u0259firliyinin \u00f6n\u00fcnd\u0259 aksiya ke\u00e7irilib"},"content":{"rendered":"\n<p><\/p>\n\n\n\n<p><em><strong>Etiraz aksiyasi Tofiq Yaqubluya v\u0259 dig\u0259r siyasi m\u0259hbuslara azadl\u0131q t\u0259l\u0259bi il\u0259 ke\u00e7irilib<\/strong><\/em><\/p>\n\n\n\n<p>May\u0131n 5-d\u0259 Va\u015finqtonda Az\u0259rbaycan s\u0259firliyinin \u00f6n\u00fcnd\u0259 AB\u015e-d\u0259 ya\u015fayan bir qrup az\u0259rbaycanl\u0131 aksiya ke\u00e7irib.<\/p>\n\n\n\n<p>Etiraz aksiyasi Tofiq Yaqubluya v\u0259 dig\u0259r siyasi m\u0259hbuslara azadl\u0131q t\u0259l\u0259bi il\u0259 ke\u00e7irilib.<\/p>\n\n\n\n<p>Aksiyan\u0131n \u0259sas \u015f\u00fcar\u0131 \u201cTofiq Yaqubluya azadl\u0131q!\u201d, \u201c\u00d6ld\u00fcrm\u0259, azad et!\u201d, \u201cB\u00fct\u00fcn siyasi m\u0259hbuslara azadl\u0131q!\u201d olub.<\/p>\n\n\n\n<p>Tofiq Yaqublu 2023-c\u00fc ilin dekabr\u0131nda h\u0259bs olunub. Mart\u0131n 10-da Bak\u0131 A\u011f\u0131r Cinay\u0259tl\u0259r M\u0259hk\u0259m\u0259sind\u0259 ke\u00e7iril\u0259n prosesd\u0259 d\u0259l\u0259duzluqda v\u0259 saxta s\u0259n\u0259d haz\u0131rlamaqda t\u0259qsirli bilin\u0259r\u0259k 9 il azadl\u0131qdan m\u0259hrum edilib. Buna etiraz olaraq aprelin 1-d\u0259n \u00f6l\u00fcm acl\u0131\u011f\u0131 edir.<\/p>\n\n\n\n<p>Tofiq Yaqubluya oxunan h\u00f6kmd\u0259n veril\u0259n apelyasiya \u015fikay\u0259tin\u0259 bu g\u00fcn bax\u0131lacaq.<\/p>\n\n\n\n<p>Bu, siyas\u0259t\u00e7inin ilk acl\u0131q aksiyas\u0131 deyil.<\/p>\n\n\n\n<p>O, 2020-ci il mart\u0131n 22-d\u0259 h\u0259bsin\u0259 etiraz olaraq 17 g\u00fcn acl\u0131q etmi\u015fdi. Sonradan v\u0259ziyy\u0259ti pisl\u0259\u015fdiyin\u0259 g\u00f6r\u0259 4 il 3 ayl\u0131q h\u0259bs h\u00f6km\u00fc \u015f\u0259rti c\u0259za il\u0259 \u0259v\u0259zl\u0259nmi\u015fdi.<\/p>\n\n\n\n<p>M\u00fcxalif siyas\u0259t\u00e7i 32 ildir Az\u0259rbaycana r\u0259hb\u0259rlik ed\u0259n \u018fliyevl\u0259r ail\u0259sinin \u0259sas t\u0259nqid\u00e7il\u0259rind\u0259n biridir.<\/p>\n","protected":false},"excerpt":{"rendered":"<p>Etiraz aksiyasi Tofiq Yaqubluya v\u0259 dig\u0259r siyasi m\u0259hbuslara azadl\u0131q t\u0259l\u0259bi &#8230; <\/p>\n<p class=\"read-more-container\"><a title=\"Va\u015finqtonda Az\u0259rbaycan s\u0259firliyinin \u00f6n\u00fcnd\u0259 aksiya ke\u00e7irilib\" class=\"read-more button\" href=\"https:\/\/www.meydan.tv\/az\/article\/vasinqtonda-az%c9%99rbaycan-s%c9%99firliyinin-onund%c9%99-aksiya-kecirilib\/#more-329759\" aria-label=\"Read more about Va\u015finqtonda Az\u0259rbaycan s\u0259firliyinin \u00f6n\u00fcnd\u0259 aksiya ke\u00e7irilib\">Davam\u0131<\/a><\/p>\n","protected":false},"author":21,"featured_media":329760,"comment_status":"closed","ping_status":"closed","sticky":false,"template":"","format":"standard","meta":{"_acf_changed":false,"_sitemap_exclude":false,"_sitemap_priority":"","_sitemap_frequency":"","footnotes":""},"categories":[59,56],"tags":[],"class_list":["post-329759","post","type-post","status-publish","format-standard","has-post-thumbnail","hentry","category-siyaset","category-xeberler","infinite-scroll-item","generate-columns","tablet-grid-50","mobile-grid-100","grid-parent","grid-33","no-featured-image-padding"],"acf":[],"yoast_head":"<!-- This site is optimized with the Yoast SEO plugin v27.5 - https:\/\/yoast.com\/product\/yoast-seo-wordpress\/ -->\n<title>Va\u015finqtonda Az\u0259rbaycan s\u0259firliyinin \u00f6n\u00fcnd\u0259 aksiya ke\u00e7irilib - MEYDAN.TV<\/title>\n<meta name=\"robots\" content=\"index, follow, max-snippet:-1, max-image-preview:large, max-video-preview:-1\" \/>\n<link rel=\"canonical\" href=\"https:\/\/www.meydan.tv\/az\/article\/vasinqtonda-az%c9%99rbaycan-s%c9%99firliyinin-onund%c9%99-aksiya-kecirilib\/\" \/>\n<meta property=\"og:locale\" content=\"az_AZ\" \/>\n<meta property=\"og:type\" content=\"article\" \/>\n<meta property=\"og:title\" content=\"Va\u015finqtonda Az\u0259rbaycan s\u0259firliyinin \u00f6n\u00fcnd\u0259 aksiya ke\u00e7irilib - MEYDAN.TV\" \/>\n<meta property=\"og:description\" content=\"Etiraz aksiyasi Tofiq Yaqubluya v\u0259 dig\u0259r siyasi m\u0259hbuslara azadl\u0131q t\u0259l\u0259bi ... Davam\u0131\" \/>\n<meta property=\"og:url\" content=\"https:\/\/www.meydan.tv\/az\/article\/vasinqtonda-az%c9%99rbaycan-s%c9%99firliyinin-onund%c9%99-aksiya-kecirilib\/\" \/>\n<meta property=\"og:site_name\" content=\"MEYDAN.TV\" \/>\n<meta property=\"article:published_time\" content=\"2025-05-06T09:02:13+00:00\" \/>\n<meta property=\"article:modified_time\" content=\"2025-05-06T09:02:16+00:00\" \/>\n<meta property=\"og:image\" content=\"https:\/\/www.meydan.tv\/wp-content\/uploads\/495178489_2634631206735462_7832521670781586219_n.jpg\" \/>\n\t<meta property=\"og:image:width\" content=\"2048\" \/>\n\t<meta property=\"og:image:height\" content=\"1254\" \/>\n\t<meta property=\"og:image:type\" content=\"image\/jpeg\" \/>\n<meta name=\"author\" content=\"mahmud\" \/>\n<meta name=\"twitter:card\" content=\"summary_large_image\" \/>\n<script type=\"application\/ld+json\" class=\"yoast-schema-graph\">{\"@context\":\"https:\\\/\\\/schema.org\",\"@graph\":[{\"@type\":\"Article\",\"@id\":\"https:\\\/\\\/www.meydan.tv\\\/az\\\/article\\\/vasinqtonda-az%c9%99rbaycan-s%c9%99firliyinin-onund%c9%99-aksiya-kecirilib\\\/#article\",\"isPartOf\":{\"@id\":\"https:\\\/\\\/www.meydan.tv\\\/az\\\/article\\\/vasinqtonda-az%c9%99rbaycan-s%c9%99firliyinin-onund%c9%99-aksiya-kecirilib\\\/\"},\"author\":{\"name\":\"mahmud\",\"@id\":\"https:\\\/\\\/www.meydan.tv\\\/az\\\/#\\\/schema\\\/person\\\/09863e516102a829e72bedcf3f84c6b0\"},\"headline\":\"Va\u015finqtonda Az\u0259rbaycan s\u0259firliyinin \u00f6n\u00fcnd\u0259 aksiya ke\u00e7irilib\",\"datePublished\":\"2025-05-06T09:02:13+00:00\",\"dateModified\":\"2025-05-06T09:02:16+00:00\",\"mainEntityOfPage\":{\"@id\":\"https:\\\/\\\/www.meydan.tv\\\/az\\\/article\\\/vasinqtonda-az%c9%99rbaycan-s%c9%99firliyinin-onund%c9%99-aksiya-kecirilib\\\/\"},\"wordCount\":235,\"publisher\":{\"@id\":\"https:\\\/\\\/www.meydan.tv\\\/az\\\/#organization\"},\"image\":{\"@id\":\"https:\\\/\\\/www.meydan.tv\\\/az\\\/article\\\/vasinqtonda-az%c9%99rbaycan-s%c9%99firliyinin-onund%c9%99-aksiya-kecirilib\\\/#primaryimage\"},\"thumbnailUrl\":\"https:\\\/\\\/www.meydan.tv\\\/wp-content\\\/uploads\\\/495178489_2634631206735462_7832521670781586219_n.jpg\",\"articleSection\":[\"Siyas\u0259t\",\"X\u0259b\u0259rl\u0259r\"],\"inLanguage\":\"az\"},{\"@type\":\"WebPage\",\"@id\":\"https:\\\/\\\/www.meydan.tv\\\/az\\\/article\\\/vasinqtonda-az%c9%99rbaycan-s%c9%99firliyinin-onund%c9%99-aksiya-kecirilib\\\/\",\"url\":\"https:\\\/\\\/www.meydan.tv\\\/az\\\/article\\\/vasinqtonda-az%c9%99rbaycan-s%c9%99firliyinin-onund%c9%99-aksiya-kecirilib\\\/\",\"name\":\"Va\u015finqtonda Az\u0259rbaycan s\u0259firliyinin \u00f6n\u00fcnd\u0259 aksiya ke\u00e7irilib - MEYDAN.TV\",\"isPartOf\":{\"@id\":\"https:\\\/\\\/www.meydan.tv\\\/az\\\/#website\"},\"primaryImageOfPage\":{\"@id\":\"https:\\\/\\\/www.meydan.tv\\\/az\\\/article\\\/vasinqtonda-az%c9%99rbaycan-s%c9%99firliyinin-onund%c9%99-aksiya-kecirilib\\\/#primaryimage\"},\"image\":{\"@id\":\"https:\\\/\\\/www.meydan.tv\\\/az\\\/article\\\/vasinqtonda-az%c9%99rbaycan-s%c9%99firliyinin-onund%c9%99-aksiya-kecirilib\\\/#primaryimage\"},\"thumbnailUrl\":\"https:\\\/\\\/www.meydan.tv\\\/wp-content\\\/uploads\\\/495178489_2634631206735462_7832521670781586219_n.jpg\",\"datePublished\":\"2025-05-06T09:02:13+00:00\",\"dateModified\":\"2025-05-06T09:02:16+00:00\",\"breadcrumb\":{\"@id\":\"https:\\\/\\\/www.meydan.tv\\\/az\\\/article\\\/vasinqtonda-az%c9%99rbaycan-s%c9%99firliyinin-onund%c9%99-aksiya-kecirilib\\\/#breadcrumb\"},\"inLanguage\":\"az\",\"potentialAction\":[{\"@type\":\"ReadAction\",\"target\":[\"https:\\\/\\\/www.meydan.tv\\\/az\\\/article\\\/vasinqtonda-az%c9%99rbaycan-s%c9%99firliyinin-onund%c9%99-aksiya-kecirilib\\\/\"]}]},{\"@type\":\"ImageObject\",\"inLanguage\":\"az\",\"@id\":\"https:\\\/\\\/www.meydan.tv\\\/az\\\/article\\\/vasinqtonda-az%c9%99rbaycan-s%c9%99firliyinin-onund%c9%99-aksiya-kecirilib\\\/#primaryimage\",\"url\":\"https:\\\/\\\/www.meydan.tv\\\/wp-content\\\/uploads\\\/495178489_2634631206735462_7832521670781586219_n.jpg\",\"contentUrl\":\"https:\\\/\\\/www.meydan.tv\\\/wp-content\\\/uploads\\\/495178489_2634631206735462_7832521670781586219_n.jpg\",\"width\":2048,\"height\":1254,\"caption\":\"Foto: Nigar H\u0259zinin Facebook s\u0259hif\u0259si\"},{\"@type\":\"BreadcrumbList\",\"@id\":\"https:\\\/\\\/www.meydan.tv\\\/az\\\/article\\\/vasinqtonda-az%c9%99rbaycan-s%c9%99firliyinin-onund%c9%99-aksiya-kecirilib\\\/#breadcrumb\",\"itemListElement\":[{\"@type\":\"ListItem\",\"position\":1,\"name\":\"Ana s\u0259hif\u0259\",\"item\":\"https:\\\/\\\/www.meydan.tv\\\/az\\\/\"},{\"@type\":\"ListItem\",\"position\":2,\"name\":\"Siyas\u0259t\",\"item\":\"https:\\\/\\\/www.meydan.tv\\\/az\\\/section\\\/siyaset\\\/\"},{\"@type\":\"ListItem\",\"position\":3,\"name\":\"Va\u015finqtonda Az\u0259rbaycan s\u0259firliyinin \u00f6n\u00fcnd\u0259 aksiya ke\u00e7irilib\"}]},{\"@type\":\"WebSite\",\"@id\":\"https:\\\/\\\/www.meydan.tv\\\/az\\\/#website\",\"url\":\"https:\\\/\\\/www.meydan.tv\\\/az\\\/\",\"name\":\"MEYDAN.TV\",\"description\":\"Meydan TV Az\u0259rbaycan\u0131n media m\u0259kan\u0131ndak\u0131 alternativ s\u0259sidir\",\"publisher\":{\"@id\":\"https:\\\/\\\/www.meydan.tv\\\/az\\\/#organization\"},\"potentialAction\":[{\"@type\":\"SearchAction\",\"target\":{\"@type\":\"EntryPoint\",\"urlTemplate\":\"https:\\\/\\\/www.meydan.tv\\\/az\\\/?s={search_term_string}\"},\"query-input\":{\"@type\":\"PropertyValueSpecification\",\"valueRequired\":true,\"valueName\":\"search_term_string\"}}],\"inLanguage\":\"az\"},{\"@type\":\"Organization\",\"@id\":\"https:\\\/\\\/www.meydan.tv\\\/az\\\/#organization\",\"name\":\"Meydan TV\",\"url\":\"https:\\\/\\\/www.meydan.tv\\\/az\\\/\",\"logo\":{\"@type\":\"ImageObject\",\"inLanguage\":\"az\",\"@id\":\"https:\\\/\\\/www.meydan.tv\\\/az\\\/#\\\/schema\\\/logo\\\/image\\\/\",\"url\":\"https:\\\/\\\/www.meydan.tv\\\/wp-content\\\/uploads\\\/2021\\\/07\\\/meydan-logo.svg\",\"contentUrl\":\"https:\\\/\\\/www.meydan.tv\\\/wp-content\\\/uploads\\\/2021\\\/07\\\/meydan-logo.svg\",\"width\":195,\"height\":46,\"caption\":\"Meydan TV\"},\"image\":{\"@id\":\"https:\\\/\\\/www.meydan.tv\\\/az\\\/#\\\/schema\\\/logo\\\/image\\\/\"}},{\"@type\":\"Person\",\"@id\":\"https:\\\/\\\/www.meydan.tv\\\/az\\\/#\\\/schema\\\/person\\\/09863e516102a829e72bedcf3f84c6b0\",\"name\":\"mahmud\"}]}<\/script>\n<!-- \/ Yoast SEO plugin. -->","yoast_head_json":{"title":"Va\u015finqtonda Az\u0259rbaycan s\u0259firliyinin \u00f6n\u00fcnd\u0259 aksiya ke\u00e7irilib - MEYDAN.TV","robots":{"index":"index","follow":"follow","max-snippet":"max-snippet:-1","max-image-preview":"max-image-preview:large","max-video-preview":"max-video-preview:-1"},"canonical":"https:\/\/www.meydan.tv\/az\/article\/vasinqtonda-az%c9%99rbaycan-s%c9%99firliyinin-onund%c9%99-aksiya-kecirilib\/","og_locale":"az_AZ","og_type":"article","og_title":"Va\u015finqtonda Az\u0259rbaycan s\u0259firliyinin \u00f6n\u00fcnd\u0259 aksiya ke\u00e7irilib - MEYDAN.TV","og_description":"Etiraz aksiyasi Tofiq Yaqubluya v\u0259 dig\u0259r siyasi m\u0259hbuslara azadl\u0131q t\u0259l\u0259bi ... Davam\u0131","og_url":"https:\/\/www.meydan.tv\/az\/article\/vasinqtonda-az%c9%99rbaycan-s%c9%99firliyinin-onund%c9%99-aksiya-kecirilib\/","og_site_name":"MEYDAN.TV","article_published_time":"2025-05-06T09:02:13+00:00","article_modified_time":"2025-05-06T09:02:16+00:00","og_image":[{"width":2048,"height":1254,"url":"https:\/\/www.meydan.tv\/wp-content\/uploads\/495178489_2634631206735462_7832521670781586219_n.jpg","type":"image\/jpeg"}],"author":"mahmud","twitter_card":"summary_large_image","schema":{"@context":"https:\/\/schema.org","@graph":[{"@type":"Article","@id":"https:\/\/www.meydan.tv\/az\/article\/vasinqtonda-az%c9%99rbaycan-s%c9%99firliyinin-onund%c9%99-aksiya-kecirilib\/#article","isPartOf":{"@id":"https:\/\/www.meydan.tv\/az\/article\/vasinqtonda-az%c9%99rbaycan-s%c9%99firliyinin-onund%c9%99-aksiya-kecirilib\/"},"author":{"name":"mahmud","@id":"https:\/\/www.meydan.tv\/az\/#\/schema\/person\/09863e516102a829e72bedcf3f84c6b0"},"headline":"Va\u015finqtonda Az\u0259rbaycan s\u0259firliyinin \u00f6n\u00fcnd\u0259 aksiya ke\u00e7irilib","datePublished":"2025-05-06T09:02:13+00:00","dateModified":"2025-05-06T09:02:16+00:00","mainEntityOfPage":{"@id":"https:\/\/www.meydan.tv\/az\/article\/vasinqtonda-az%c9%99rbaycan-s%c9%99firliyinin-onund%c9%99-aksiya-kecirilib\/"},"wordCount":235,"publisher":{"@id":"https:\/\/www.meydan.tv\/az\/#organization"},"image":{"@id":"https:\/\/www.meydan.tv\/az\/article\/vasinqtonda-az%c9%99rbaycan-s%c9%99firliyinin-onund%c9%99-aksiya-kecirilib\/#primaryimage"},"thumbnailUrl":"https:\/\/www.meydan.tv\/wp-content\/uploads\/495178489_2634631206735462_7832521670781586219_n.jpg","articleSection":["Siyas\u0259t","X\u0259b\u0259rl\u0259r"],"inLanguage":"az"},{"@type":"WebPage","@id":"https:\/\/www.meydan.tv\/az\/article\/vasinqtonda-az%c9%99rbaycan-s%c9%99firliyinin-onund%c9%99-aksiya-kecirilib\/","url":"https:\/\/www.meydan.tv\/az\/article\/vasinqtonda-az%c9%99rbaycan-s%c9%99firliyinin-onund%c9%99-aksiya-kecirilib\/","name":"Va\u015finqtonda Az\u0259rbaycan s\u0259firliyinin \u00f6n\u00fcnd\u0259 aksiya ke\u00e7irilib - MEYDAN.TV","isPartOf":{"@id":"https:\/\/www.meydan.tv\/az\/#website"},"primaryImageOfPage":{"@id":"https:\/\/www.meydan.tv\/az\/article\/vasinqtonda-az%c9%99rbaycan-s%c9%99firliyinin-onund%c9%99-aksiya-kecirilib\/#primaryimage"},"image":{"@id":"https:\/\/www.meydan.tv\/az\/article\/vasinqtonda-az%c9%99rbaycan-s%c9%99firliyinin-onund%c9%99-aksiya-kecirilib\/#primaryimage"},"thumbnailUrl":"https:\/\/www.meydan.tv\/wp-content\/uploads\/495178489_2634631206735462_7832521670781586219_n.jpg","datePublished":"2025-05-06T09:02:13+00:00","dateModified":"2025-05-06T09:02:16+00:00","breadcrumb":{"@id":"https:\/\/www.meydan.tv\/az\/article\/vasinqtonda-az%c9%99rbaycan-s%c9%99firliyinin-onund%c9%99-aksiya-kecirilib\/#breadcrumb"},"inLanguage":"az","potentialAction":[{"@type":"ReadAction","target":["https:\/\/www.meydan.tv\/az\/article\/vasinqtonda-az%c9%99rbaycan-s%c9%99firliyinin-onund%c9%99-aksiya-kecirilib\/"]}]},{"@type":"ImageObject","inLanguage":"az","@id":"https:\/\/www.meydan.tv\/az\/article\/vasinqtonda-az%c9%99rbaycan-s%c9%99firliyinin-onund%c9%99-aksiya-kecirilib\/#primaryimage","url":"https:\/\/www.meydan.tv\/wp-content\/uploads\/495178489_2634631206735462_7832521670781586219_n.jpg","contentUrl":"https:\/\/www.meydan.tv\/wp-content\/uploads\/495178489_2634631206735462_7832521670781586219_n.jpg","width":2048,"height":1254,"caption":"Foto: Nigar H\u0259zinin Facebook s\u0259hif\u0259si"},{"@type":"BreadcrumbList","@id":"https:\/\/www.meydan.tv\/az\/article\/vasinqtonda-az%c9%99rbaycan-s%c9%99firliyinin-onund%c9%99-aksiya-kecirilib\/#breadcrumb","itemListElement":[{"@type":"ListItem","position":1,"name":"Ana s\u0259hif\u0259","item":"https:\/\/www.meydan.tv\/az\/"},{"@type":"ListItem","position":2,"name":"Siyas\u0259t","item":"https:\/\/www.meydan.tv\/az\/section\/siyaset\/"},{"@type":"ListItem","position":3,"name":"Va\u015finqtonda Az\u0259rbaycan s\u0259firliyinin \u00f6n\u00fcnd\u0259 aksiya ke\u00e7irilib"}]},{"@type":"WebSite","@id":"https:\/\/www.meydan.tv\/az\/#website","url":"https:\/\/www.meydan.tv\/az\/","name":"MEYDAN.TV","description":"Meydan TV Az\u0259rbaycan\u0131n media m\u0259kan\u0131ndak\u0131 alternativ s\u0259sidir","publisher":{"@id":"https:\/\/www.meydan.tv\/az\/#organization"},"potentialAction":[{"@type":"SearchAction","target":{"@type":"EntryPoint","urlTemplate":"https:\/\/www.meydan.tv\/az\/?s={search_term_string}"},"query-input":{"@type":"PropertyValueSpecification","valueRequired":true,"valueName":"search_term_string"}}],"inLanguage":"az"},{"@type":"Organization","@id":"https:\/\/www.meydan.tv\/az\/#organization","name":"Meydan TV","url":"https:\/\/www.meydan.tv\/az\/","logo":{"@type":"ImageObject","inLanguage":"az","@id":"https:\/\/www.meydan.tv\/az\/#\/schema\/logo\/image\/","url":"https:\/\/www.meydan.tv\/wp-content\/uploads\/2021\/07\/meydan-logo.svg","contentUrl":"https:\/\/www.meydan.tv\/wp-content\/uploads\/2021\/07\/meydan-logo.svg","width":195,"height":46,"caption":"Meydan TV"},"image":{"@id":"https:\/\/www.meydan.tv\/az\/#\/schema\/logo\/image\/"}},{"@type":"Person","@id":"https:\/\/www.meydan.tv\/az\/#\/schema\/person\/09863e516102a829e72bedcf3f84c6b0","name":"mahmud"}]}},"_links":{"self":[{"href":"https:\/\/www.meydan.tv\/az\/wp-json\/wp\/v2\/posts\/329759","targetHints":{"allow":["GET"]}}],"collection":[{"href":"https:\/\/www.meydan.tv\/az\/wp-json\/wp\/v2\/posts"}],"about":[{"href":"https:\/\/www.meydan.tv\/az\/wp-json\/wp\/v2\/types\/post"}],"author":[{"embeddable":true,"href":"https:\/\/www.meydan.tv\/az\/wp-json\/wp\/v2\/users\/21"}],"replies":[{"embeddable":true,"href":"https:\/\/www.meydan.tv\/az\/wp-json\/wp\/v2\/comments?post=329759"}],"version-history":[{"count":2,"href":"https:\/\/www.meydan.tv\/az\/wp-json\/wp\/v2\/posts\/329759\/revisions"}],"predecessor-version":[{"id":329764,"href":"https:\/\/www.meydan.tv\/az\/wp-json\/wp\/v2\/posts\/329759\/revisions\/329764"}],"wp:featuredmedia":[{"embeddable":true,"href":"https:\/\/www.meydan.tv\/az\/wp-json\/wp\/v2\/media\/329760"}],"wp:attachment":[{"href":"https:\/\/www.meydan.tv\/az\/wp-json\/wp\/v2\/media?parent=329759"}],"wp:term":[{"taxonomy":"category","embeddable":true,"href":"https:\/\/www.meydan.tv\/az\/wp-json\/wp\/v2\/categories?post=329759"},{"taxonomy":"post_tag","embeddable":true,"href":"https:\/\/www.meydan.tv\/az\/wp-json\/wp\/v2\/tags?post=329759"}],"curies":[{"name":"wp","href":"https:\/\/api.w.org\/{rel}","templated":true}]}}