{"id":329716,"date":"2025-05-05T17:37:42","date_gmt":"2025-05-05T13:37:42","guid":{"rendered":"https:\/\/www.meydan.tv\/?p=329716"},"modified":"2025-05-05T17:37:44","modified_gmt":"2025-05-05T13:37:44","slug":"tofiq-yaqublu-agrilarindan-sikay%c9%99t-edib","status":"publish","type":"post","link":"https:\/\/www.meydan.tv\/az\/article\/tofiq-yaqublu-agrilarindan-sikay%c9%99t-edib\/","title":{"rendered":"Tofiq Yaqublu a\u011fr\u0131lar\u0131ndan \u015fikay\u0259t edib"},"content":{"rendered":"\n<p><\/p>\n\n\n\n<p><strong><em>35 g\u00fcnd\u00fcr acl\u0131q ed\u0259n siyas\u0259t\u00e7inin apelyasiya \u015fikay\u0259tin\u0259 sabah bax\u0131lacaq<\/em><\/strong><\/p>\n\n\n\n<p>V\u0259kili Nem\u0259t K\u0259rimli h\u0259bsin\u0259 etiraz olaraq 35 g\u00fcnd\u00fcr acl\u0131q ed\u0259n M\u00fcsavat Partiyas\u0131 v\u0259 Milli \u015euran\u0131n \u00fczv\u00fc Tofiq Yaqublu il\u0259 g\u00f6r\u00fc\u015f\u00fcb.<\/p>\n\n\n\n<p>V\u0259kil onunla saxlan\u0131ld\u0131\u011f\u0131 Penitensiar Xidm\u0259tin M\u00fcalic\u0259 M\u00fc\u0259ssis\u0259sind\u0259 g\u00f6r\u00fc\u015f\u00fcb.<\/p>\n\n\n\n<p>V\u0259kilin s\u00f6zl\u0259rin\u0259 g\u00f6r\u0259, Yaqublu yata bilmir v\u0259 \u00f6t\u0259n gec\u0259 yaln\u0131z \u201cDimedrol\u201d iyn\u0259si vurulduqdan sonra yata bilib. O \u0259lav\u0259 edib ki, siyas\u0259t\u00e7i \u00e7\u0259ki itirm\u0259y\u0259 davam edir, lakin yadda\u015f\u0131n\u0131 da itirdiyind\u0259n \u00e7\u0259kisini v\u0259 dig\u0259r g\u00f6st\u0259ricil\u0259rini xat\u0131rlamay\u0131b.<\/p>\n\n\n\n<p>V\u0259kil bildirib ki, Yaqublu b\u0259d\u0259nind\u0259ki a\u011fr\u0131lardan \u015fikay\u0259t edib v\u0259 oturub-durmaqda da \u00e7\u0259tinlik \u00e7\u0259kib.<\/p>\n\n\n\n<p><em>\u201c\u00dcmid ed\u0259k ki, sabah Bak\u0131 Apellyasiya M\u0259hk\u0259m\u0259si \u00f6mr\u00fcnd\u0259 ilk d\u0259f\u0259 qanuni q\u0259rar versin. H\u0259bs q\u0259ti-imkan t\u0259dbirinin d\u0259yi\u015fdirilm\u0259siyl\u0259 ba\u011fl\u0131 v\u0259sat\u0259t verilib v\u0259 sistem\u0259 yerl\u0259\u015fdirilib. Bu m\u0259s\u0259l\u0259 m\u00fczakir\u0259 m\u00f6vzular\u0131ndan biridir v\u0259 hesab ed\u0259k ki, m\u0259hk\u0259m\u0259d\u0259 qanuni, \u0259dal\u0259tli q\u0259rar q\u0259bul edil\u0259c\u0259k<\/em>\u201d, &#8211; K\u0259rimli deyib.<\/p>\n\n\n\n<p>Tofiq Yaqubluya oxunan h\u00f6kmd\u0259n veril\u0259n apelyasiya \u015fikay\u0259tin\u0259 sabah, may\u0131n 6-da bax\u0131lacaq.<\/p>\n\n\n\n<p>Tofiq Yaqublu 2023-c\u00fc ilin dekabr\u0131nda h\u0259bs olunub. Mart\u0131n 10-da Bak\u0131 A\u011f\u0131r Cinay\u0259tl\u0259r M\u0259hk\u0259m\u0259sind\u0259 ke\u00e7iril\u0259n prosesd\u0259 d\u0259l\u0259duzluqda v\u0259 saxta s\u0259n\u0259d haz\u0131rlamaqda t\u0259qsirli bilin\u0259r\u0259k 9 il azadl\u0131qdan m\u0259hrum edilib. Buna etiraz olaraq aprelin 1-d\u0259n \u00f6l\u00fcm acl\u0131\u011f\u0131 edir.<\/p>\n\n\n\n<p>Bu, siyas\u0259t\u00e7inin ilk acl\u0131q aksiyas\u0131 deyil.<\/p>\n\n\n\n<p>O, 2020-ci il mart\u0131n 22-d\u0259 h\u0259bsin\u0259 etiraz olaraq 17 g\u00fcn acl\u0131q etmi\u015fdi. Sonradan v\u0259ziyy\u0259ti pisl\u0259\u015fdiyin\u0259 g\u00f6r\u0259 4 il 3 ayl\u0131q h\u0259bs h\u00f6km\u00fc \u015f\u0259rti c\u0259za il\u0259 \u0259v\u0259zl\u0259nmi\u015fdi.<\/p>\n\n\n\n<p>M\u00fcxalif siyas\u0259t\u00e7i 32 ildir Az\u0259rbaycana r\u0259hb\u0259rlik ed\u0259n \u018fliyevl\u0259r ail\u0259sinin \u0259sas t\u0259nqid\u00e7il\u0259rind\u0259n biridir.<\/p>\n","protected":false},"excerpt":{"rendered":"<p>35 g\u00fcnd\u00fcr acl\u0131q ed\u0259n siyas\u0259t\u00e7inin apelyasiya \u015fikay\u0259tin\u0259 sabah bax\u0131lacaq V\u0259kili &#8230; <\/p>\n<p class=\"read-more-container\"><a title=\"Tofiq Yaqublu a\u011fr\u0131lar\u0131ndan \u015fikay\u0259t edib\" class=\"read-more button\" href=\"https:\/\/www.meydan.tv\/az\/article\/tofiq-yaqublu-agrilarindan-sikay%c9%99t-edib\/#more-329716\" aria-label=\"Read more about Tofiq Yaqublu a\u011fr\u0131lar\u0131ndan \u015fikay\u0259t edib\">Davam\u0131<\/a><\/p>\n","protected":false},"author":21,"featured_media":148040,"comment_status":"closed","ping_status":"closed","sticky":false,"template":"","format":"standard","meta":{"_acf_changed":false,"_sitemap_exclude":false,"_sitemap_priority":"","_sitemap_frequency":"","footnotes":""},"categories":[59,79,56],"tags":[],"class_list":["post-329716","post","type-post","status-publish","format-standard","has-post-thumbnail","hentry","category-siyaset","category-featured","category-xeberler","infinite-scroll-item","generate-columns","tablet-grid-50","mobile-grid-100","grid-parent","grid-33","no-featured-image-padding"],"acf":[],"yoast_head":"<!-- This site is optimized with the Yoast SEO plugin v27.5 - https:\/\/yoast.com\/product\/yoast-seo-wordpress\/ -->\n<title>Tofiq Yaqublu a\u011fr\u0131lar\u0131ndan \u015fikay\u0259t edib - MEYDAN.TV<\/title>\n<meta name=\"robots\" content=\"index, follow, max-snippet:-1, max-image-preview:large, max-video-preview:-1\" \/>\n<link rel=\"canonical\" href=\"https:\/\/www.meydan.tv\/az\/article\/tofiq-yaqublu-agrilarindan-sikay%c9%99t-edib\/\" \/>\n<meta property=\"og:locale\" content=\"az_AZ\" \/>\n<meta property=\"og:type\" content=\"article\" \/>\n<meta property=\"og:title\" content=\"Tofiq Yaqublu a\u011fr\u0131lar\u0131ndan \u015fikay\u0259t edib - MEYDAN.TV\" \/>\n<meta property=\"og:description\" content=\"35 g\u00fcnd\u00fcr acl\u0131q ed\u0259n siyas\u0259t\u00e7inin apelyasiya \u015fikay\u0259tin\u0259 sabah bax\u0131lacaq V\u0259kili ... Davam\u0131\" \/>\n<meta property=\"og:url\" content=\"https:\/\/www.meydan.tv\/az\/article\/tofiq-yaqublu-agrilarindan-sikay%c9%99t-edib\/\" \/>\n<meta property=\"og:site_name\" content=\"MEYDAN.TV\" \/>\n<meta property=\"article:published_time\" content=\"2025-05-05T13:37:42+00:00\" \/>\n<meta property=\"article:modified_time\" content=\"2025-05-05T13:37:44+00:00\" \/>\n<meta property=\"og:image\" content=\"https:\/\/www.meydan.tv\/wp-content\/uploads\/207365b9-29e2-3b6f-aac4-6531910b8bad_850.jpg\" \/>\n\t<meta property=\"og:image:width\" content=\"850\" \/>\n\t<meta property=\"og:image:height\" content=\"530\" \/>\n\t<meta property=\"og:image:type\" content=\"image\/jpeg\" \/>\n<meta name=\"author\" content=\"mahmud\" \/>\n<meta name=\"twitter:card\" content=\"summary_large_image\" \/>\n<script type=\"application\/ld+json\" class=\"yoast-schema-graph\">{\"@context\":\"https:\\\/\\\/schema.org\",\"@graph\":[{\"@type\":\"Article\",\"@id\":\"https:\\\/\\\/www.meydan.tv\\\/az\\\/article\\\/tofiq-yaqublu-agrilarindan-sikay%c9%99t-edib\\\/#article\",\"isPartOf\":{\"@id\":\"https:\\\/\\\/www.meydan.tv\\\/az\\\/article\\\/tofiq-yaqublu-agrilarindan-sikay%c9%99t-edib\\\/\"},\"author\":{\"name\":\"mahmud\",\"@id\":\"https:\\\/\\\/www.meydan.tv\\\/az\\\/#\\\/schema\\\/person\\\/09863e516102a829e72bedcf3f84c6b0\"},\"headline\":\"Tofiq Yaqublu a\u011fr\u0131lar\u0131ndan \u015fikay\u0259t edib\",\"datePublished\":\"2025-05-05T13:37:42+00:00\",\"dateModified\":\"2025-05-05T13:37:44+00:00\",\"mainEntityOfPage\":{\"@id\":\"https:\\\/\\\/www.meydan.tv\\\/az\\\/article\\\/tofiq-yaqublu-agrilarindan-sikay%c9%99t-edib\\\/\"},\"wordCount\":363,\"publisher\":{\"@id\":\"https:\\\/\\\/www.meydan.tv\\\/az\\\/#organization\"},\"image\":{\"@id\":\"https:\\\/\\\/www.meydan.tv\\\/az\\\/article\\\/tofiq-yaqublu-agrilarindan-sikay%c9%99t-edib\\\/#primaryimage\"},\"thumbnailUrl\":\"https:\\\/\\\/www.meydan.tv\\\/wp-content\\\/uploads\\\/207365b9-29e2-3b6f-aac4-6531910b8bad_850.jpg\",\"articleSection\":[\"Siyas\u0259t\",\"T\u00f6vsiy\u0259\",\"X\u0259b\u0259rl\u0259r\"],\"inLanguage\":\"az\"},{\"@type\":\"WebPage\",\"@id\":\"https:\\\/\\\/www.meydan.tv\\\/az\\\/article\\\/tofiq-yaqublu-agrilarindan-sikay%c9%99t-edib\\\/\",\"url\":\"https:\\\/\\\/www.meydan.tv\\\/az\\\/article\\\/tofiq-yaqublu-agrilarindan-sikay%c9%99t-edib\\\/\",\"name\":\"Tofiq Yaqublu a\u011fr\u0131lar\u0131ndan \u015fikay\u0259t edib - MEYDAN.TV\",\"isPartOf\":{\"@id\":\"https:\\\/\\\/www.meydan.tv\\\/az\\\/#website\"},\"primaryImageOfPage\":{\"@id\":\"https:\\\/\\\/www.meydan.tv\\\/az\\\/article\\\/tofiq-yaqublu-agrilarindan-sikay%c9%99t-edib\\\/#primaryimage\"},\"image\":{\"@id\":\"https:\\\/\\\/www.meydan.tv\\\/az\\\/article\\\/tofiq-yaqublu-agrilarindan-sikay%c9%99t-edib\\\/#primaryimage\"},\"thumbnailUrl\":\"https:\\\/\\\/www.meydan.tv\\\/wp-content\\\/uploads\\\/207365b9-29e2-3b6f-aac4-6531910b8bad_850.jpg\",\"datePublished\":\"2025-05-05T13:37:42+00:00\",\"dateModified\":\"2025-05-05T13:37:44+00:00\",\"breadcrumb\":{\"@id\":\"https:\\\/\\\/www.meydan.tv\\\/az\\\/article\\\/tofiq-yaqublu-agrilarindan-sikay%c9%99t-edib\\\/#breadcrumb\"},\"inLanguage\":\"az\",\"potentialAction\":[{\"@type\":\"ReadAction\",\"target\":[\"https:\\\/\\\/www.meydan.tv\\\/az\\\/article\\\/tofiq-yaqublu-agrilarindan-sikay%c9%99t-edib\\\/\"]}]},{\"@type\":\"ImageObject\",\"inLanguage\":\"az\",\"@id\":\"https:\\\/\\\/www.meydan.tv\\\/az\\\/article\\\/tofiq-yaqublu-agrilarindan-sikay%c9%99t-edib\\\/#primaryimage\",\"url\":\"https:\\\/\\\/www.meydan.tv\\\/wp-content\\\/uploads\\\/207365b9-29e2-3b6f-aac4-6531910b8bad_850.jpg\",\"contentUrl\":\"https:\\\/\\\/www.meydan.tv\\\/wp-content\\\/uploads\\\/207365b9-29e2-3b6f-aac4-6531910b8bad_850.jpg\",\"width\":850,\"height\":530,\"caption\":\"Foto: Tofiq Yaqublunun \u015f\u0259xsi arxivind\u0259n\"},{\"@type\":\"BreadcrumbList\",\"@id\":\"https:\\\/\\\/www.meydan.tv\\\/az\\\/article\\\/tofiq-yaqublu-agrilarindan-sikay%c9%99t-edib\\\/#breadcrumb\",\"itemListElement\":[{\"@type\":\"ListItem\",\"position\":1,\"name\":\"Ana s\u0259hif\u0259\",\"item\":\"https:\\\/\\\/www.meydan.tv\\\/az\\\/\"},{\"@type\":\"ListItem\",\"position\":2,\"name\":\"Siyas\u0259t\",\"item\":\"https:\\\/\\\/www.meydan.tv\\\/az\\\/section\\\/siyaset\\\/\"},{\"@type\":\"ListItem\",\"position\":3,\"name\":\"Tofiq Yaqublu a\u011fr\u0131lar\u0131ndan \u015fikay\u0259t edib\"}]},{\"@type\":\"WebSite\",\"@id\":\"https:\\\/\\\/www.meydan.tv\\\/az\\\/#website\",\"url\":\"https:\\\/\\\/www.meydan.tv\\\/az\\\/\",\"name\":\"MEYDAN.TV\",\"description\":\"Meydan TV Az\u0259rbaycan\u0131n media m\u0259kan\u0131ndak\u0131 alternativ s\u0259sidir\",\"publisher\":{\"@id\":\"https:\\\/\\\/www.meydan.tv\\\/az\\\/#organization\"},\"potentialAction\":[{\"@type\":\"SearchAction\",\"target\":{\"@type\":\"EntryPoint\",\"urlTemplate\":\"https:\\\/\\\/www.meydan.tv\\\/az\\\/?s={search_term_string}\"},\"query-input\":{\"@type\":\"PropertyValueSpecification\",\"valueRequired\":true,\"valueName\":\"search_term_string\"}}],\"inLanguage\":\"az\"},{\"@type\":\"Organization\",\"@id\":\"https:\\\/\\\/www.meydan.tv\\\/az\\\/#organization\",\"name\":\"Meydan TV\",\"url\":\"https:\\\/\\\/www.meydan.tv\\\/az\\\/\",\"logo\":{\"@type\":\"ImageObject\",\"inLanguage\":\"az\",\"@id\":\"https:\\\/\\\/www.meydan.tv\\\/az\\\/#\\\/schema\\\/logo\\\/image\\\/\",\"url\":\"https:\\\/\\\/www.meydan.tv\\\/wp-content\\\/uploads\\\/2021\\\/07\\\/meydan-logo.svg\",\"contentUrl\":\"https:\\\/\\\/www.meydan.tv\\\/wp-content\\\/uploads\\\/2021\\\/07\\\/meydan-logo.svg\",\"width\":195,\"height\":46,\"caption\":\"Meydan TV\"},\"image\":{\"@id\":\"https:\\\/\\\/www.meydan.tv\\\/az\\\/#\\\/schema\\\/logo\\\/image\\\/\"}},{\"@type\":\"Person\",\"@id\":\"https:\\\/\\\/www.meydan.tv\\\/az\\\/#\\\/schema\\\/person\\\/09863e516102a829e72bedcf3f84c6b0\",\"name\":\"mahmud\"}]}<\/script>\n<!-- \/ Yoast SEO plugin. -->","yoast_head_json":{"title":"Tofiq Yaqublu a\u011fr\u0131lar\u0131ndan \u015fikay\u0259t edib - MEYDAN.TV","robots":{"index":"index","follow":"follow","max-snippet":"max-snippet:-1","max-image-preview":"max-image-preview:large","max-video-preview":"max-video-preview:-1"},"canonical":"https:\/\/www.meydan.tv\/az\/article\/tofiq-yaqublu-agrilarindan-sikay%c9%99t-edib\/","og_locale":"az_AZ","og_type":"article","og_title":"Tofiq Yaqublu a\u011fr\u0131lar\u0131ndan \u015fikay\u0259t edib - MEYDAN.TV","og_description":"35 g\u00fcnd\u00fcr acl\u0131q ed\u0259n siyas\u0259t\u00e7inin apelyasiya \u015fikay\u0259tin\u0259 sabah bax\u0131lacaq V\u0259kili ... Davam\u0131","og_url":"https:\/\/www.meydan.tv\/az\/article\/tofiq-yaqublu-agrilarindan-sikay%c9%99t-edib\/","og_site_name":"MEYDAN.TV","article_published_time":"2025-05-05T13:37:42+00:00","article_modified_time":"2025-05-05T13:37:44+00:00","og_image":[{"width":850,"height":530,"url":"https:\/\/www.meydan.tv\/wp-content\/uploads\/207365b9-29e2-3b6f-aac4-6531910b8bad_850.jpg","type":"image\/jpeg"}],"author":"mahmud","twitter_card":"summary_large_image","schema":{"@context":"https:\/\/schema.org","@graph":[{"@type":"Article","@id":"https:\/\/www.meydan.tv\/az\/article\/tofiq-yaqublu-agrilarindan-sikay%c9%99t-edib\/#article","isPartOf":{"@id":"https:\/\/www.meydan.tv\/az\/article\/tofiq-yaqublu-agrilarindan-sikay%c9%99t-edib\/"},"author":{"name":"mahmud","@id":"https:\/\/www.meydan.tv\/az\/#\/schema\/person\/09863e516102a829e72bedcf3f84c6b0"},"headline":"Tofiq Yaqublu a\u011fr\u0131lar\u0131ndan \u015fikay\u0259t edib","datePublished":"2025-05-05T13:37:42+00:00","dateModified":"2025-05-05T13:37:44+00:00","mainEntityOfPage":{"@id":"https:\/\/www.meydan.tv\/az\/article\/tofiq-yaqublu-agrilarindan-sikay%c9%99t-edib\/"},"wordCount":363,"publisher":{"@id":"https:\/\/www.meydan.tv\/az\/#organization"},"image":{"@id":"https:\/\/www.meydan.tv\/az\/article\/tofiq-yaqublu-agrilarindan-sikay%c9%99t-edib\/#primaryimage"},"thumbnailUrl":"https:\/\/www.meydan.tv\/wp-content\/uploads\/207365b9-29e2-3b6f-aac4-6531910b8bad_850.jpg","articleSection":["Siyas\u0259t","T\u00f6vsiy\u0259","X\u0259b\u0259rl\u0259r"],"inLanguage":"az"},{"@type":"WebPage","@id":"https:\/\/www.meydan.tv\/az\/article\/tofiq-yaqublu-agrilarindan-sikay%c9%99t-edib\/","url":"https:\/\/www.meydan.tv\/az\/article\/tofiq-yaqublu-agrilarindan-sikay%c9%99t-edib\/","name":"Tofiq Yaqublu a\u011fr\u0131lar\u0131ndan \u015fikay\u0259t edib - MEYDAN.TV","isPartOf":{"@id":"https:\/\/www.meydan.tv\/az\/#website"},"primaryImageOfPage":{"@id":"https:\/\/www.meydan.tv\/az\/article\/tofiq-yaqublu-agrilarindan-sikay%c9%99t-edib\/#primaryimage"},"image":{"@id":"https:\/\/www.meydan.tv\/az\/article\/tofiq-yaqublu-agrilarindan-sikay%c9%99t-edib\/#primaryimage"},"thumbnailUrl":"https:\/\/www.meydan.tv\/wp-content\/uploads\/207365b9-29e2-3b6f-aac4-6531910b8bad_850.jpg","datePublished":"2025-05-05T13:37:42+00:00","dateModified":"2025-05-05T13:37:44+00:00","breadcrumb":{"@id":"https:\/\/www.meydan.tv\/az\/article\/tofiq-yaqublu-agrilarindan-sikay%c9%99t-edib\/#breadcrumb"},"inLanguage":"az","potentialAction":[{"@type":"ReadAction","target":["https:\/\/www.meydan.tv\/az\/article\/tofiq-yaqublu-agrilarindan-sikay%c9%99t-edib\/"]}]},{"@type":"ImageObject","inLanguage":"az","@id":"https:\/\/www.meydan.tv\/az\/article\/tofiq-yaqublu-agrilarindan-sikay%c9%99t-edib\/#primaryimage","url":"https:\/\/www.meydan.tv\/wp-content\/uploads\/207365b9-29e2-3b6f-aac4-6531910b8bad_850.jpg","contentUrl":"https:\/\/www.meydan.tv\/wp-content\/uploads\/207365b9-29e2-3b6f-aac4-6531910b8bad_850.jpg","width":850,"height":530,"caption":"Foto: Tofiq Yaqublunun \u015f\u0259xsi arxivind\u0259n"},{"@type":"BreadcrumbList","@id":"https:\/\/www.meydan.tv\/az\/article\/tofiq-yaqublu-agrilarindan-sikay%c9%99t-edib\/#breadcrumb","itemListElement":[{"@type":"ListItem","position":1,"name":"Ana s\u0259hif\u0259","item":"https:\/\/www.meydan.tv\/az\/"},{"@type":"ListItem","position":2,"name":"Siyas\u0259t","item":"https:\/\/www.meydan.tv\/az\/section\/siyaset\/"},{"@type":"ListItem","position":3,"name":"Tofiq Yaqublu a\u011fr\u0131lar\u0131ndan \u015fikay\u0259t edib"}]},{"@type":"WebSite","@id":"https:\/\/www.meydan.tv\/az\/#website","url":"https:\/\/www.meydan.tv\/az\/","name":"MEYDAN.TV","description":"Meydan TV Az\u0259rbaycan\u0131n media m\u0259kan\u0131ndak\u0131 alternativ s\u0259sidir","publisher":{"@id":"https:\/\/www.meydan.tv\/az\/#organization"},"potentialAction":[{"@type":"SearchAction","target":{"@type":"EntryPoint","urlTemplate":"https:\/\/www.meydan.tv\/az\/?s={search_term_string}"},"query-input":{"@type":"PropertyValueSpecification","valueRequired":true,"valueName":"search_term_string"}}],"inLanguage":"az"},{"@type":"Organization","@id":"https:\/\/www.meydan.tv\/az\/#organization","name":"Meydan TV","url":"https:\/\/www.meydan.tv\/az\/","logo":{"@type":"ImageObject","inLanguage":"az","@id":"https:\/\/www.meydan.tv\/az\/#\/schema\/logo\/image\/","url":"https:\/\/www.meydan.tv\/wp-content\/uploads\/2021\/07\/meydan-logo.svg","contentUrl":"https:\/\/www.meydan.tv\/wp-content\/uploads\/2021\/07\/meydan-logo.svg","width":195,"height":46,"caption":"Meydan TV"},"image":{"@id":"https:\/\/www.meydan.tv\/az\/#\/schema\/logo\/image\/"}},{"@type":"Person","@id":"https:\/\/www.meydan.tv\/az\/#\/schema\/person\/09863e516102a829e72bedcf3f84c6b0","name":"mahmud"}]}},"_links":{"self":[{"href":"https:\/\/www.meydan.tv\/az\/wp-json\/wp\/v2\/posts\/329716","targetHints":{"allow":["GET"]}}],"collection":[{"href":"https:\/\/www.meydan.tv\/az\/wp-json\/wp\/v2\/posts"}],"about":[{"href":"https:\/\/www.meydan.tv\/az\/wp-json\/wp\/v2\/types\/post"}],"author":[{"embeddable":true,"href":"https:\/\/www.meydan.tv\/az\/wp-json\/wp\/v2\/users\/21"}],"replies":[{"embeddable":true,"href":"https:\/\/www.meydan.tv\/az\/wp-json\/wp\/v2\/comments?post=329716"}],"version-history":[{"count":1,"href":"https:\/\/www.meydan.tv\/az\/wp-json\/wp\/v2\/posts\/329716\/revisions"}],"predecessor-version":[{"id":329717,"href":"https:\/\/www.meydan.tv\/az\/wp-json\/wp\/v2\/posts\/329716\/revisions\/329717"}],"wp:featuredmedia":[{"embeddable":true,"href":"https:\/\/www.meydan.tv\/az\/wp-json\/wp\/v2\/media\/148040"}],"wp:attachment":[{"href":"https:\/\/www.meydan.tv\/az\/wp-json\/wp\/v2\/media?parent=329716"}],"wp:term":[{"taxonomy":"category","embeddable":true,"href":"https:\/\/www.meydan.tv\/az\/wp-json\/wp\/v2\/categories?post=329716"},{"taxonomy":"post_tag","embeddable":true,"href":"https:\/\/www.meydan.tv\/az\/wp-json\/wp\/v2\/tags?post=329716"}],"curies":[{"name":"wp","href":"https:\/\/api.w.org\/{rel}","templated":true}]}}