{"id":329702,"date":"2025-05-04T15:34:43","date_gmt":"2025-05-04T11:34:43","guid":{"rendered":"https:\/\/www.meydan.tv\/?p=329702"},"modified":"2025-05-04T15:34:46","modified_gmt":"2025-05-04T11:34:46","slug":"az%c9%99rbaycanin-isci-masasi-konfederasiyasi-berlind%c9%99-konfransda-istirak-edib","status":"publish","type":"post","link":"https:\/\/www.meydan.tv\/az\/article\/az%c9%99rbaycanin-isci-masasi-konfederasiyasi-berlind%c9%99-konfransda-istirak-edib\/","title":{"rendered":"Az\u0259rbaycan\u0131n \u201c\u0130\u015f\u00e7i Masas\u0131\u201d Konfederasiyas\u0131 Berlind\u0259 konfransda i\u015ftirak edib"},"content":{"rendered":"\n<p><a href=\"https:\/\/www.youtube.com\/@MeydanTelevision\"><\/a><\/p>\n\n\n\n<figure class=\"wp-block-embed is-type-video is-provider-youtube wp-block-embed-youtube wp-embed-aspect-16-9 wp-has-aspect-ratio\"><div class=\"wp-block-embed__wrapper\">\n<iframe title=\"Az\u0259rbaycan\u0131n \u201c\u0130\u015f\u00e7i Masas\u0131\u201d  Konfederasiyas\u0131 Berlind\u0259 konfransda i\u015ftirak edib\" width=\"1200\" height=\"675\" data-src=\"https:\/\/www.youtube.com\/embed\/4mfDEdDV2o8?feature=oembed\" frameborder=\"0\" allow=\"accelerometer; autoplay; clipboard-write; encrypted-media; gyroscope; picture-in-picture; web-share\" referrerpolicy=\"strict-origin-when-cross-origin\" allowfullscreen src=\"data:image\/svg+xml;base64,PHN2ZyB3aWR0aD0iMSIgaGVpZ2h0PSIxIiB4bWxucz0iaHR0cDovL3d3dy53My5vcmcvMjAwMC9zdmciPjwvc3ZnPg==\" class=\"lazyload\" data-load-mode=\"1\"><\/iframe>\n<\/div><\/figure>\n\n\n\n<!--more-->\n\n\n\n<p>Berlind\u0259 Roza L\u00fcksemburq fondunun t\u0259\u015fkilat\u00e7\u0131l\u0131\u011f\u0131 il\u0259 \u201cK\u00fcl\u0259y\u0259 qar\u015f\u0131 dir\u0259ni\u015f &#8211; sa\u011f siyas\u0259tin y\u00fcks\u0259li\u015fin\u0259 v\u0259 ixtisar siyas\u0259tin\u0259 qar\u015f\u0131 h\u0259mkarlar ittifaqlar\u0131n\u0131n m\u00fcbariz\u0259si\u201d konfrans\u0131 ke\u00e7irilir.<\/p>\n\n\n\n<p>3 g\u00fcnd\u00fcr davam ed\u0259n konfransda 2 mind\u0259n \u00e7ox insan v\u0259 y\u00fczl\u0259rl\u0259 beyn\u0259lxalq t\u0259\u015fki\u0131at i\u015ftirak edir.<\/p>\n\n\n\n<p>T\u0259\u015fkilatlar aras\u0131nda Az\u0259rbaycanda Feminist S\u00fclh Kollektivi v\u0259 \u0130\u015f\u00e7i Masas\u0131 H\u0259mkarlar \u0130ttifaqlar\u0131 Konfederasiyas\u0131 da var.<\/p>\n\n\n\n<p>\u0130\u015f\u00e7i Masas\u0131n\u0131n t\u0259msil\u00e7isi Elm\u0259ddin \u015eamizad\u0259 bildirib ki, onlar t\u0259dbird\u0259 i\u015ftirak ed\u0259r\u0259k \u0130lham \u018fliyevin d\u00fcnyadak\u0131 qlobal sa\u011f siyas\u0259tin bir par\u00e7as\u0131 oldu\u011funu v\u0259 bu siyas\u0259t n\u0259tic\u0259sind\u0259 Az\u0259rbaycanda h\u0259bs olunan siyasi m\u0259hbuslara, Tofiq Yaqublunun acl\u0131q aksiyas\u0131na diqq\u0259t \u00e7\u0259km\u0259k ist\u0259yirl\u0259r.<\/p>\n","protected":false},"excerpt":{"rendered":"","protected":false},"author":14,"featured_media":329703,"comment_status":"closed","ping_status":"closed","sticky":false,"template":"","format":"standard","meta":{"_acf_changed":false,"_sitemap_exclude":false,"_sitemap_priority":"","_sitemap_frequency":"","footnotes":""},"categories":[63],"tags":[],"class_list":["post-329702","post","type-post","status-publish","format-standard","has-post-thumbnail","hentry","category-video-2","infinite-scroll-item","generate-columns","tablet-grid-50","mobile-grid-100","grid-parent","grid-33","no-featured-image-padding"],"acf":[],"yoast_head":"<!-- This site is optimized with the Yoast SEO plugin v27.4 - https:\/\/yoast.com\/product\/yoast-seo-wordpress\/ -->\n<title>Az\u0259rbaycan\u0131n \u201c\u0130\u015f\u00e7i Masas\u0131\u201d Konfederasiyas\u0131 Berlind\u0259 konfransda i\u015ftirak edib - MEYDAN.TV<\/title>\n<meta name=\"robots\" content=\"index, follow, max-snippet:-1, max-image-preview:large, max-video-preview:-1\" \/>\n<link rel=\"canonical\" href=\"https:\/\/www.meydan.tv\/az\/article\/az%c9%99rbaycanin-isci-masasi-konfederasiyasi-berlind%c9%99-konfransda-istirak-edib\/\" \/>\n<meta property=\"og:locale\" content=\"az_AZ\" \/>\n<meta property=\"og:type\" content=\"article\" \/>\n<meta property=\"og:title\" content=\"Az\u0259rbaycan\u0131n \u201c\u0130\u015f\u00e7i Masas\u0131\u201d Konfederasiyas\u0131 Berlind\u0259 konfransda i\u015ftirak edib - MEYDAN.TV\" \/>\n<meta property=\"og:url\" content=\"https:\/\/www.meydan.tv\/az\/article\/az%c9%99rbaycanin-isci-masasi-konfederasiyasi-berlind%c9%99-konfransda-istirak-edib\/\" \/>\n<meta property=\"og:site_name\" content=\"MEYDAN.TV\" \/>\n<meta property=\"article:published_time\" content=\"2025-05-04T11:34:43+00:00\" \/>\n<meta property=\"article:modified_time\" content=\"2025-05-04T11:34:46+00:00\" \/>\n<meta property=\"og:image\" content=\"https:\/\/www.meydan.tv\/wp-content\/uploads\/screenshot-2025-05-04-at-13.34.09-1200x674.png\" \/>\n\t<meta property=\"og:image:width\" content=\"1200\" \/>\n\t<meta property=\"og:image:height\" content=\"674\" \/>\n\t<meta property=\"og:image:type\" content=\"image\/png\" \/>\n<meta name=\"author\" content=\"roma\" \/>\n<meta name=\"twitter:card\" content=\"summary_large_image\" \/>\n<script type=\"application\/ld+json\" class=\"yoast-schema-graph\">{\"@context\":\"https:\\\/\\\/schema.org\",\"@graph\":[{\"@type\":\"Article\",\"@id\":\"https:\\\/\\\/www.meydan.tv\\\/az\\\/article\\\/az%c9%99rbaycanin-isci-masasi-konfederasiyasi-berlind%c9%99-konfransda-istirak-edib\\\/#article\",\"isPartOf\":{\"@id\":\"https:\\\/\\\/www.meydan.tv\\\/az\\\/article\\\/az%c9%99rbaycanin-isci-masasi-konfederasiyasi-berlind%c9%99-konfransda-istirak-edib\\\/\"},\"author\":{\"name\":\"roma\",\"@id\":\"https:\\\/\\\/www.meydan.tv\\\/az\\\/#\\\/schema\\\/person\\\/8f23e01c4de63326c13c319fb65ee65d\"},\"headline\":\"Az\u0259rbaycan\u0131n \u201c\u0130\u015f\u00e7i Masas\u0131\u201d Konfederasiyas\u0131 Berlind\u0259 konfransda i\u015ftirak edib\",\"datePublished\":\"2025-05-04T11:34:43+00:00\",\"dateModified\":\"2025-05-04T11:34:46+00:00\",\"mainEntityOfPage\":{\"@id\":\"https:\\\/\\\/www.meydan.tv\\\/az\\\/article\\\/az%c9%99rbaycanin-isci-masasi-konfederasiyasi-berlind%c9%99-konfransda-istirak-edib\\\/\"},\"wordCount\":161,\"publisher\":{\"@id\":\"https:\\\/\\\/www.meydan.tv\\\/az\\\/#organization\"},\"image\":{\"@id\":\"https:\\\/\\\/www.meydan.tv\\\/az\\\/article\\\/az%c9%99rbaycanin-isci-masasi-konfederasiyasi-berlind%c9%99-konfransda-istirak-edib\\\/#primaryimage\"},\"thumbnailUrl\":\"https:\\\/\\\/www.meydan.tv\\\/wp-content\\\/uploads\\\/screenshot-2025-05-04-at-13.34.09.png\",\"articleSection\":[\"Video\"],\"inLanguage\":\"az\"},{\"@type\":\"WebPage\",\"@id\":\"https:\\\/\\\/www.meydan.tv\\\/az\\\/article\\\/az%c9%99rbaycanin-isci-masasi-konfederasiyasi-berlind%c9%99-konfransda-istirak-edib\\\/\",\"url\":\"https:\\\/\\\/www.meydan.tv\\\/az\\\/article\\\/az%c9%99rbaycanin-isci-masasi-konfederasiyasi-berlind%c9%99-konfransda-istirak-edib\\\/\",\"name\":\"Az\u0259rbaycan\u0131n \u201c\u0130\u015f\u00e7i Masas\u0131\u201d Konfederasiyas\u0131 Berlind\u0259 konfransda i\u015ftirak edib - MEYDAN.TV\",\"isPartOf\":{\"@id\":\"https:\\\/\\\/www.meydan.tv\\\/az\\\/#website\"},\"primaryImageOfPage\":{\"@id\":\"https:\\\/\\\/www.meydan.tv\\\/az\\\/article\\\/az%c9%99rbaycanin-isci-masasi-konfederasiyasi-berlind%c9%99-konfransda-istirak-edib\\\/#primaryimage\"},\"image\":{\"@id\":\"https:\\\/\\\/www.meydan.tv\\\/az\\\/article\\\/az%c9%99rbaycanin-isci-masasi-konfederasiyasi-berlind%c9%99-konfransda-istirak-edib\\\/#primaryimage\"},\"thumbnailUrl\":\"https:\\\/\\\/www.meydan.tv\\\/wp-content\\\/uploads\\\/screenshot-2025-05-04-at-13.34.09.png\",\"datePublished\":\"2025-05-04T11:34:43+00:00\",\"dateModified\":\"2025-05-04T11:34:46+00:00\",\"breadcrumb\":{\"@id\":\"https:\\\/\\\/www.meydan.tv\\\/az\\\/article\\\/az%c9%99rbaycanin-isci-masasi-konfederasiyasi-berlind%c9%99-konfransda-istirak-edib\\\/#breadcrumb\"},\"inLanguage\":\"az\",\"potentialAction\":[{\"@type\":\"ReadAction\",\"target\":[\"https:\\\/\\\/www.meydan.tv\\\/az\\\/article\\\/az%c9%99rbaycanin-isci-masasi-konfederasiyasi-berlind%c9%99-konfransda-istirak-edib\\\/\"]}]},{\"@type\":\"ImageObject\",\"inLanguage\":\"az\",\"@id\":\"https:\\\/\\\/www.meydan.tv\\\/az\\\/article\\\/az%c9%99rbaycanin-isci-masasi-konfederasiyasi-berlind%c9%99-konfransda-istirak-edib\\\/#primaryimage\",\"url\":\"https:\\\/\\\/www.meydan.tv\\\/wp-content\\\/uploads\\\/screenshot-2025-05-04-at-13.34.09.png\",\"contentUrl\":\"https:\\\/\\\/www.meydan.tv\\\/wp-content\\\/uploads\\\/screenshot-2025-05-04-at-13.34.09.png\",\"width\":1886,\"height\":1060},{\"@type\":\"BreadcrumbList\",\"@id\":\"https:\\\/\\\/www.meydan.tv\\\/az\\\/article\\\/az%c9%99rbaycanin-isci-masasi-konfederasiyasi-berlind%c9%99-konfransda-istirak-edib\\\/#breadcrumb\",\"itemListElement\":[{\"@type\":\"ListItem\",\"position\":1,\"name\":\"Ana s\u0259hif\u0259\",\"item\":\"https:\\\/\\\/www.meydan.tv\\\/az\\\/\"},{\"@type\":\"ListItem\",\"position\":2,\"name\":\"Video\",\"item\":\"https:\\\/\\\/www.meydan.tv\\\/az\\\/section\\\/video-2\\\/\"},{\"@type\":\"ListItem\",\"position\":3,\"name\":\"Az\u0259rbaycan\u0131n \u201c\u0130\u015f\u00e7i Masas\u0131\u201d Konfederasiyas\u0131 Berlind\u0259 konfransda i\u015ftirak edib\"}]},{\"@type\":\"WebSite\",\"@id\":\"https:\\\/\\\/www.meydan.tv\\\/az\\\/#website\",\"url\":\"https:\\\/\\\/www.meydan.tv\\\/az\\\/\",\"name\":\"MEYDAN.TV\",\"description\":\"Meydan TV Az\u0259rbaycan\u0131n media m\u0259kan\u0131ndak\u0131 alternativ s\u0259sidir\",\"publisher\":{\"@id\":\"https:\\\/\\\/www.meydan.tv\\\/az\\\/#organization\"},\"potentialAction\":[{\"@type\":\"SearchAction\",\"target\":{\"@type\":\"EntryPoint\",\"urlTemplate\":\"https:\\\/\\\/www.meydan.tv\\\/az\\\/?s={search_term_string}\"},\"query-input\":{\"@type\":\"PropertyValueSpecification\",\"valueRequired\":true,\"valueName\":\"search_term_string\"}}],\"inLanguage\":\"az\"},{\"@type\":\"Organization\",\"@id\":\"https:\\\/\\\/www.meydan.tv\\\/az\\\/#organization\",\"name\":\"Meydan TV\",\"url\":\"https:\\\/\\\/www.meydan.tv\\\/az\\\/\",\"logo\":{\"@type\":\"ImageObject\",\"inLanguage\":\"az\",\"@id\":\"https:\\\/\\\/www.meydan.tv\\\/az\\\/#\\\/schema\\\/logo\\\/image\\\/\",\"url\":\"https:\\\/\\\/www.meydan.tv\\\/wp-content\\\/uploads\\\/2021\\\/07\\\/meydan-logo.svg\",\"contentUrl\":\"https:\\\/\\\/www.meydan.tv\\\/wp-content\\\/uploads\\\/2021\\\/07\\\/meydan-logo.svg\",\"width\":195,\"height\":46,\"caption\":\"Meydan TV\"},\"image\":{\"@id\":\"https:\\\/\\\/www.meydan.tv\\\/az\\\/#\\\/schema\\\/logo\\\/image\\\/\"}},{\"@type\":\"Person\",\"@id\":\"https:\\\/\\\/www.meydan.tv\\\/az\\\/#\\\/schema\\\/person\\\/8f23e01c4de63326c13c319fb65ee65d\",\"name\":\"roma\"}]}<\/script>\n<!-- \/ Yoast SEO plugin. -->","yoast_head_json":{"title":"Az\u0259rbaycan\u0131n \u201c\u0130\u015f\u00e7i Masas\u0131\u201d Konfederasiyas\u0131 Berlind\u0259 konfransda i\u015ftirak edib - MEYDAN.TV","robots":{"index":"index","follow":"follow","max-snippet":"max-snippet:-1","max-image-preview":"max-image-preview:large","max-video-preview":"max-video-preview:-1"},"canonical":"https:\/\/www.meydan.tv\/az\/article\/az%c9%99rbaycanin-isci-masasi-konfederasiyasi-berlind%c9%99-konfransda-istirak-edib\/","og_locale":"az_AZ","og_type":"article","og_title":"Az\u0259rbaycan\u0131n \u201c\u0130\u015f\u00e7i Masas\u0131\u201d Konfederasiyas\u0131 Berlind\u0259 konfransda i\u015ftirak edib - MEYDAN.TV","og_url":"https:\/\/www.meydan.tv\/az\/article\/az%c9%99rbaycanin-isci-masasi-konfederasiyasi-berlind%c9%99-konfransda-istirak-edib\/","og_site_name":"MEYDAN.TV","article_published_time":"2025-05-04T11:34:43+00:00","article_modified_time":"2025-05-04T11:34:46+00:00","og_image":[{"width":1200,"height":674,"url":"https:\/\/www.meydan.tv\/wp-content\/uploads\/screenshot-2025-05-04-at-13.34.09-1200x674.png","type":"image\/png"}],"author":"roma","twitter_card":"summary_large_image","schema":{"@context":"https:\/\/schema.org","@graph":[{"@type":"Article","@id":"https:\/\/www.meydan.tv\/az\/article\/az%c9%99rbaycanin-isci-masasi-konfederasiyasi-berlind%c9%99-konfransda-istirak-edib\/#article","isPartOf":{"@id":"https:\/\/www.meydan.tv\/az\/article\/az%c9%99rbaycanin-isci-masasi-konfederasiyasi-berlind%c9%99-konfransda-istirak-edib\/"},"author":{"name":"roma","@id":"https:\/\/www.meydan.tv\/az\/#\/schema\/person\/8f23e01c4de63326c13c319fb65ee65d"},"headline":"Az\u0259rbaycan\u0131n \u201c\u0130\u015f\u00e7i Masas\u0131\u201d Konfederasiyas\u0131 Berlind\u0259 konfransda i\u015ftirak edib","datePublished":"2025-05-04T11:34:43+00:00","dateModified":"2025-05-04T11:34:46+00:00","mainEntityOfPage":{"@id":"https:\/\/www.meydan.tv\/az\/article\/az%c9%99rbaycanin-isci-masasi-konfederasiyasi-berlind%c9%99-konfransda-istirak-edib\/"},"wordCount":161,"publisher":{"@id":"https:\/\/www.meydan.tv\/az\/#organization"},"image":{"@id":"https:\/\/www.meydan.tv\/az\/article\/az%c9%99rbaycanin-isci-masasi-konfederasiyasi-berlind%c9%99-konfransda-istirak-edib\/#primaryimage"},"thumbnailUrl":"https:\/\/www.meydan.tv\/wp-content\/uploads\/screenshot-2025-05-04-at-13.34.09.png","articleSection":["Video"],"inLanguage":"az"},{"@type":"WebPage","@id":"https:\/\/www.meydan.tv\/az\/article\/az%c9%99rbaycanin-isci-masasi-konfederasiyasi-berlind%c9%99-konfransda-istirak-edib\/","url":"https:\/\/www.meydan.tv\/az\/article\/az%c9%99rbaycanin-isci-masasi-konfederasiyasi-berlind%c9%99-konfransda-istirak-edib\/","name":"Az\u0259rbaycan\u0131n \u201c\u0130\u015f\u00e7i Masas\u0131\u201d Konfederasiyas\u0131 Berlind\u0259 konfransda i\u015ftirak edib - MEYDAN.TV","isPartOf":{"@id":"https:\/\/www.meydan.tv\/az\/#website"},"primaryImageOfPage":{"@id":"https:\/\/www.meydan.tv\/az\/article\/az%c9%99rbaycanin-isci-masasi-konfederasiyasi-berlind%c9%99-konfransda-istirak-edib\/#primaryimage"},"image":{"@id":"https:\/\/www.meydan.tv\/az\/article\/az%c9%99rbaycanin-isci-masasi-konfederasiyasi-berlind%c9%99-konfransda-istirak-edib\/#primaryimage"},"thumbnailUrl":"https:\/\/www.meydan.tv\/wp-content\/uploads\/screenshot-2025-05-04-at-13.34.09.png","datePublished":"2025-05-04T11:34:43+00:00","dateModified":"2025-05-04T11:34:46+00:00","breadcrumb":{"@id":"https:\/\/www.meydan.tv\/az\/article\/az%c9%99rbaycanin-isci-masasi-konfederasiyasi-berlind%c9%99-konfransda-istirak-edib\/#breadcrumb"},"inLanguage":"az","potentialAction":[{"@type":"ReadAction","target":["https:\/\/www.meydan.tv\/az\/article\/az%c9%99rbaycanin-isci-masasi-konfederasiyasi-berlind%c9%99-konfransda-istirak-edib\/"]}]},{"@type":"ImageObject","inLanguage":"az","@id":"https:\/\/www.meydan.tv\/az\/article\/az%c9%99rbaycanin-isci-masasi-konfederasiyasi-berlind%c9%99-konfransda-istirak-edib\/#primaryimage","url":"https:\/\/www.meydan.tv\/wp-content\/uploads\/screenshot-2025-05-04-at-13.34.09.png","contentUrl":"https:\/\/www.meydan.tv\/wp-content\/uploads\/screenshot-2025-05-04-at-13.34.09.png","width":1886,"height":1060},{"@type":"BreadcrumbList","@id":"https:\/\/www.meydan.tv\/az\/article\/az%c9%99rbaycanin-isci-masasi-konfederasiyasi-berlind%c9%99-konfransda-istirak-edib\/#breadcrumb","itemListElement":[{"@type":"ListItem","position":1,"name":"Ana s\u0259hif\u0259","item":"https:\/\/www.meydan.tv\/az\/"},{"@type":"ListItem","position":2,"name":"Video","item":"https:\/\/www.meydan.tv\/az\/section\/video-2\/"},{"@type":"ListItem","position":3,"name":"Az\u0259rbaycan\u0131n \u201c\u0130\u015f\u00e7i Masas\u0131\u201d Konfederasiyas\u0131 Berlind\u0259 konfransda i\u015ftirak edib"}]},{"@type":"WebSite","@id":"https:\/\/www.meydan.tv\/az\/#website","url":"https:\/\/www.meydan.tv\/az\/","name":"MEYDAN.TV","description":"Meydan TV Az\u0259rbaycan\u0131n media m\u0259kan\u0131ndak\u0131 alternativ s\u0259sidir","publisher":{"@id":"https:\/\/www.meydan.tv\/az\/#organization"},"potentialAction":[{"@type":"SearchAction","target":{"@type":"EntryPoint","urlTemplate":"https:\/\/www.meydan.tv\/az\/?s={search_term_string}"},"query-input":{"@type":"PropertyValueSpecification","valueRequired":true,"valueName":"search_term_string"}}],"inLanguage":"az"},{"@type":"Organization","@id":"https:\/\/www.meydan.tv\/az\/#organization","name":"Meydan TV","url":"https:\/\/www.meydan.tv\/az\/","logo":{"@type":"ImageObject","inLanguage":"az","@id":"https:\/\/www.meydan.tv\/az\/#\/schema\/logo\/image\/","url":"https:\/\/www.meydan.tv\/wp-content\/uploads\/2021\/07\/meydan-logo.svg","contentUrl":"https:\/\/www.meydan.tv\/wp-content\/uploads\/2021\/07\/meydan-logo.svg","width":195,"height":46,"caption":"Meydan TV"},"image":{"@id":"https:\/\/www.meydan.tv\/az\/#\/schema\/logo\/image\/"}},{"@type":"Person","@id":"https:\/\/www.meydan.tv\/az\/#\/schema\/person\/8f23e01c4de63326c13c319fb65ee65d","name":"roma"}]}},"_links":{"self":[{"href":"https:\/\/www.meydan.tv\/az\/wp-json\/wp\/v2\/posts\/329702","targetHints":{"allow":["GET"]}}],"collection":[{"href":"https:\/\/www.meydan.tv\/az\/wp-json\/wp\/v2\/posts"}],"about":[{"href":"https:\/\/www.meydan.tv\/az\/wp-json\/wp\/v2\/types\/post"}],"author":[{"embeddable":true,"href":"https:\/\/www.meydan.tv\/az\/wp-json\/wp\/v2\/users\/14"}],"replies":[{"embeddable":true,"href":"https:\/\/www.meydan.tv\/az\/wp-json\/wp\/v2\/comments?post=329702"}],"version-history":[{"count":1,"href":"https:\/\/www.meydan.tv\/az\/wp-json\/wp\/v2\/posts\/329702\/revisions"}],"predecessor-version":[{"id":329707,"href":"https:\/\/www.meydan.tv\/az\/wp-json\/wp\/v2\/posts\/329702\/revisions\/329707"}],"wp:featuredmedia":[{"embeddable":true,"href":"https:\/\/www.meydan.tv\/az\/wp-json\/wp\/v2\/media\/329703"}],"wp:attachment":[{"href":"https:\/\/www.meydan.tv\/az\/wp-json\/wp\/v2\/media?parent=329702"}],"wp:term":[{"taxonomy":"category","embeddable":true,"href":"https:\/\/www.meydan.tv\/az\/wp-json\/wp\/v2\/categories?post=329702"},{"taxonomy":"post_tag","embeddable":true,"href":"https:\/\/www.meydan.tv\/az\/wp-json\/wp\/v2\/tags?post=329702"}],"curies":[{"name":"wp","href":"https:\/\/api.w.org\/{rel}","templated":true}]}}