{"id":329680,"date":"2025-05-03T12:05:45","date_gmt":"2025-05-03T08:05:45","guid":{"rendered":"https:\/\/www.meydan.tv\/?p=329680"},"modified":"2025-05-03T12:05:50","modified_gmt":"2025-05-03T08:05:50","slug":"az%c9%99rbaycan-oz-mediasina-qarsi-kiberhucumlarin-t%c9%99skilind%c9%99-rusiyani-gunahlandirir","status":"publish","type":"post","link":"https:\/\/www.meydan.tv\/az\/article\/az%c9%99rbaycan-oz-mediasina-qarsi-kiberhucumlarin-t%c9%99skilind%c9%99-rusiyani-gunahlandirir\/","title":{"rendered":"Az\u0259rbaycan mediaya qar\u015f\u0131 kiberh\u00fccumlara g\u00f6r\u0259 Rusiyan\u0131 g\u00fcnahland\u0131r\u0131r"},"content":{"rendered":"\n<p><strong><em>Parlamentin komissiya s\u0259dri bildirir ki, h\u00fccum \u201cy\u00fcks\u0259k texniki s\u0259viyy\u0259d\u0259\u201d h\u0259yata ke\u00e7irilib<\/em><\/strong><\/p>\n\n\n\n<p>Bak\u0131 hesab edir ki, fevralda Az\u0259rbaycan\u0131n media resurslar\u0131na edil\u0259n kiberh\u00fccumun s\u0259b\u0259bi &#8220;Rus Evi&#8221; v\u0259 &#8220;Russia Today&#8221;-in n\u00fcmay\u0259nd\u0259liyinin ba\u011flanmas\u0131 olub.<\/p>\n\n\n\n<p>Fevral\u0131n \u0259vv\u0259lind\u0259 Az\u0259rbaycan Xarici \u0130\u015fl\u0259r Nazirliyinin m\u00fcraci\u0259ti \u0259sas\u0131nda \u201cRus evi\u201dnin (Rossotrudni\u00e7estvo n\u00fcmay\u0259nd\u0259liyi) Bak\u0131dak\u0131 f\u0259aliyy\u0259tin\u0259 xitam verilib.  Kreml bunu \u201canla\u015f\u0131lmazl\u0131q\u201d adland\u0131r\u0131b. Daha sonra fevral ay\u0131nda &#8220;Sputnik Az\u0259rbaycan&#8221; ad\u0131 il\u0259 f\u0259aliyy\u0259t g\u00f6st\u0259r\u0259n Rusiyan\u0131n &#8220;Rossiya Seqodnya&#8221; media qrupunun Az\u0259rbaycandak\u0131 n\u00fcmay\u0259nd\u0259liyi l\u0259\u011fv edilib.<\/p>\n\n\n\n<pre class=\"wp-block-verse\">Az\u0259rbaycanl\u0131 v\u0259 rusiyal\u0131 analitikl\u0259r <a href=\"https:\/\/www.kavkaz-uzel.eu\/articles\/408349\" target=\"_blank\" rel=\"noreferrer noopener\">hesab edirl\u0259r <\/a>ki, Bak\u0131n\u0131n \"Rus Evini\" ba\u011flamaq t\u0259l\u0259bi Moskvaya AZAL-\u0131n t\u0259yyar\u0259 q\u0259zas\u0131nda g\u00fcnah\u0131n\u0131 etiraf etm\u0259k v\u0259 t\u0259zminat \u00f6d\u0259m\u0259k \u00fc\u00e7\u00fcn t\u0259zyiq etm\u0259k \u00fcsuludur. <\/pre>\n\n\n\n<p>Fevral\u0131n 20-d\u0259 Az\u0259rbaycan\u0131n bir s\u0131ra k\u00fctl\u0259vi informasiya vasit\u0259l\u0259rinin m\u0259ruz qald\u0131\u011f\u0131 kiberh\u00fccum Rusiyan\u0131n \u201cCozy Bear\u201d, \u201cMidnight Blizzard\u201d v\u0259 \u201cThe Dukes\u201d kimi tan\u0131nan APT29 kibercasus qrupu t\u0259r\u0259find\u0259n h\u0259yata ke\u00e7irilib, bu bar\u0259d\u0259 Milli M\u0259clisin Xarici m\u00fcdaxil\u0259 v\u0259 hibrid t\u0259hdidl\u0259r\u0259 qar\u015f\u0131 m\u00fcbariz\u0259 \u00fczr\u0259 komissiyas\u0131n\u0131n s\u0259dri Ramid Namazov \u201cAz\u0259rbaycan\u0131n media resurslar\u0131na kiberh\u00fccumlar\u201d&nbsp;m\u00f6vzusunda ke\u00e7irildiyi ictimai&nbsp;m\u00fczakir\u0259l\u0259r zaman\u0131 <a href=\"https:\/\/www.kavkaz-uzel.eu\/articles\/410974\" target=\"_blank\" rel=\"noreferrer noopener\">bildirib<\/a>.<\/p>\n\n\n\n<p>Namazovun s\u00f6zl\u0259rin\u0259 g\u00f6r\u0259, h\u00fccum \u201cy\u00fcks\u0259k texniki s\u0259viyy\u0259d\u0259\u201d h\u0259yata ke\u00e7irilib. H\u00fccumun t\u0259\u015fkilat\u00e7\u0131lar\u0131 Rusiya Federasiyas\u0131n\u0131n maraqlar\u0131 namin\u0259 y\u00fcks\u0259k prioritetli kiber \u0259m\u0259liyyatlar \u00fczr\u0259 ixtisasla\u015f\u0131b, onlar\u0131n h\u0259d\u0259fl\u0259ri d\u00f6vl\u0259t qurumlar\u0131, diplomatik n\u00fcmay\u0259nd\u0259likl\u0259r, enerji sektoru, m\u00fcdafi\u0259 sektoru v\u0259 mediad\u0131r.<\/p>\n\n\n\n<p>Namazov qeyd edib ki, Rusiyan\u0131n Az\u0259rbaycan medias\u0131na h\u00fccumu iki \u00f6lk\u0259nin m\u00fctt\u0259fiqlik b\u0259yannam\u0259sin\u0259 v\u0259 \u201cikit\u0259r\u0259fli m\u00fcnasib\u0259tl\u0259rin ruhuna\u201d ziddir v\u0259 bu, \u201ct\u0259\u0259ss\u00fcf do\u011furur\u201d. O, ehtimal olunan s\u0259b\u0259b kimi Bak\u0131da &#8220;Rus Evi&#8221;nin f\u0259aliyy\u0259tinin dayand\u0131r\u0131lmas\u0131n\u0131 v\u0259 h\u00fccum zaman\u0131 m\u00fczakir\u0259 olunan \u201cRussia Today\u201d-in Az\u0259rbaycan n\u00fcmay\u0259nd\u0259liyinin l\u0259\u011fvi m\u0259s\u0259l\u0259sini g\u00f6st\u0259rib.<\/p>\n\n\n\n<p><em>&#8220;M\u0259hz bu prosesl\u0259rd\u0259n dolay\u0131 siyasi motivli bu kiberm\u00fcdaxil\u0259 hadis\u0259si ba\u015f verib&#8221;, <\/em>&#8211; Namazov <a href=\"https:\/\/report.az\/hadise\/komissiya-sedri-azerbaycanin-bir-sira-media-resurslarina-kiberhucum-rusiyadan-qaynaqlanib\/\" target=\"_blank\" rel=\"noreferrer noopener\">deyib<\/a>. <\/p>\n\n\n\n<p>M\u00fczakir\u0259l\u0259r zaman\u0131 az\u0259rbaycanl\u0131 deputat Rasim Musab\u0259yov qeyd edib ki, \u201ckiberh\u00fccumlar h\u0259rbi h\u00fccumlara b\u0259rab\u0259rdir\u201d v\u0259 buna g\u00f6r\u0259 d\u0259 Az\u0259rbaycan x\u00fcsusi xidm\u0259t orqanlar\u0131 ba\u015f ver\u0259nl\u0259ri rusiyal\u0131 h\u0259mkarlar\u0131 il\u0259 m\u00fczakir\u0259 etm\u0259lidir. Namazov da buna cavab olaraq bildirib ki, art\u0131q bel\u0259 dan\u0131\u015f\u0131qlar apar\u0131l\u0131r.<\/p>\n\n\n\n<p>Jurnalistl\u0259r Birliyinin r\u0259hb\u0259ri M\u00fc\u015ffiq \u018fl\u0259sg\u0259rli d\u0259 \u00f6z n\u00f6vb\u0259sind\u0259 Rusiya t\u0259r\u0259fin\u0259 \u201c\u0259n az\u0131 ictimai t\u0259\u015fkilatlar s\u0259viyy\u0259sind\u0259\u201d etiraz etm\u0259yi t\u0259klif edib. O qeyd edib ki, 2020-ci il m\u00fcharib\u0259si v\u0259 Az\u0259rbaycanda 2023-c\u00fc il antiterror \u0259m\u0259liyyat\u0131 zaman\u0131 r\u0259smi Moskva Rusiya \u0259razisind\u0259 rus dilind\u0259 m\u0259lumat yayan bir s\u0131ra Az\u0259rbaycan saytlar\u0131n\u0131 bloklay\u0131b.<\/p>\n\n\n\n<p>Fevral\u0131n 20-d\u0259 ba\u015f ver\u0259n kiberh\u00fccum Qlobal Media Qrupuna daxil olan onlayn resurslara &#8211; &#8220;Report.az&#8221;, &#8220;Oxu.az&#8221;, &#8220;Media.az&#8221;, &#8220;Baku TV&#8221;, &#8220;Caliber.az&#8221; v\u0259 &#8220;Baku.ws&#8221; saytlar\u0131na t\u0259sir g\u00f6st\u0259rib. Az\u0259rbaycan Median\u0131n \u0130nki\u015faf\u0131 Agentliyi (MED\u0130A) x\u0259b\u0259r verir ki, h\u0259min g\u00fcn saytlar\u0131n server v\u0259 idar\u0259etm\u0259 panell\u0259rini s\u0131nd\u0131rma\u011fa c\u0259hdl\u0259r edilib, onlar\u0131n \u0259sas s\u0259hif\u0259l\u0259rind\u0259 b\u0259zi g\u00f6r\u00fcnt\u00fcl\u0259r yerl\u0259\u015fdirilib.<\/p>\n\n\n\n<p>R\u0259smi Moskva Bak\u0131dan g\u0259l\u0259n kiberh\u00fccumun t\u0259\u015fkili il\u0259 ba\u011fl\u0131 ittihamlara h\u0259l\u0259lik m\u00fcnasib\u0259t bildirm\u0259yib.<br><br><\/p>\n","protected":false},"excerpt":{"rendered":"<p>Parlamentin komissiya s\u0259dri bildirir ki, h\u00fccum \u201cy\u00fcks\u0259k texniki s\u0259viyy\u0259d\u0259\u201d h\u0259yata &#8230; <\/p>\n<p class=\"read-more-container\"><a title=\"Az\u0259rbaycan mediaya qar\u015f\u0131 kiberh\u00fccumlara g\u00f6r\u0259 Rusiyan\u0131 g\u00fcnahland\u0131r\u0131r\" class=\"read-more button\" href=\"https:\/\/www.meydan.tv\/az\/article\/az%c9%99rbaycan-oz-mediasina-qarsi-kiberhucumlarin-t%c9%99skilind%c9%99-rusiyani-gunahlandirir\/#more-329680\" aria-label=\"Read more about Az\u0259rbaycan mediaya qar\u015f\u0131 kiberh\u00fccumlara g\u00f6r\u0259 Rusiyan\u0131 g\u00fcnahland\u0131r\u0131r\">Davam\u0131<\/a><\/p>\n","protected":false},"author":16,"featured_media":329682,"comment_status":"closed","ping_status":"closed","sticky":false,"template":"","format":"standard","meta":{"_acf_changed":false,"_sitemap_exclude":false,"_sitemap_priority":"","_sitemap_frequency":"","footnotes":""},"categories":[59,79,56],"tags":[],"class_list":["post-329680","post","type-post","status-publish","format-standard","has-post-thumbnail","hentry","category-siyaset","category-featured","category-xeberler","infinite-scroll-item","generate-columns","tablet-grid-50","mobile-grid-100","grid-parent","grid-33","no-featured-image-padding"],"acf":[],"yoast_head":"<!-- This site is optimized with the Yoast SEO plugin v27.5 - https:\/\/yoast.com\/product\/yoast-seo-wordpress\/ -->\n<title>Az\u0259rbaycan mediaya qar\u015f\u0131 kiberh\u00fccumlara g\u00f6r\u0259 Rusiyan\u0131 g\u00fcnahland\u0131r\u0131r - MEYDAN.TV<\/title>\n<meta name=\"robots\" content=\"index, follow, max-snippet:-1, max-image-preview:large, max-video-preview:-1\" \/>\n<link rel=\"canonical\" href=\"https:\/\/www.meydan.tv\/az\/article\/az%c9%99rbaycan-oz-mediasina-qarsi-kiberhucumlarin-t%c9%99skilind%c9%99-rusiyani-gunahlandirir\/\" \/>\n<meta property=\"og:locale\" content=\"az_AZ\" \/>\n<meta property=\"og:type\" content=\"article\" \/>\n<meta property=\"og:title\" content=\"Az\u0259rbaycan mediaya qar\u015f\u0131 kiberh\u00fccumlara g\u00f6r\u0259 Rusiyan\u0131 g\u00fcnahland\u0131r\u0131r - MEYDAN.TV\" \/>\n<meta property=\"og:description\" content=\"Parlamentin komissiya s\u0259dri bildirir ki, h\u00fccum \u201cy\u00fcks\u0259k texniki s\u0259viyy\u0259d\u0259\u201d h\u0259yata ... Davam\u0131\" \/>\n<meta property=\"og:url\" content=\"https:\/\/www.meydan.tv\/az\/article\/az%c9%99rbaycan-oz-mediasina-qarsi-kiberhucumlarin-t%c9%99skilind%c9%99-rusiyani-gunahlandirir\/\" \/>\n<meta property=\"og:site_name\" content=\"MEYDAN.TV\" \/>\n<meta property=\"article:published_time\" content=\"2025-05-03T08:05:45+00:00\" \/>\n<meta property=\"article:modified_time\" content=\"2025-05-03T08:05:50+00:00\" \/>\n<meta property=\"og:image\" content=\"https:\/\/www.meydan.tv\/wp-content\/uploads\/shutterstock_2473890027.jpg\" \/>\n\t<meta property=\"og:image:width\" content=\"1000\" \/>\n\t<meta property=\"og:image:height\" content=\"667\" \/>\n\t<meta property=\"og:image:type\" content=\"image\/jpeg\" \/>\n<meta name=\"author\" content=\"sevda\" \/>\n<meta name=\"twitter:card\" content=\"summary_large_image\" \/>\n<script type=\"application\/ld+json\" class=\"yoast-schema-graph\">{\"@context\":\"https:\\\/\\\/schema.org\",\"@graph\":[{\"@type\":\"Article\",\"@id\":\"https:\\\/\\\/www.meydan.tv\\\/az\\\/article\\\/az%c9%99rbaycan-oz-mediasina-qarsi-kiberhucumlarin-t%c9%99skilind%c9%99-rusiyani-gunahlandirir\\\/#article\",\"isPartOf\":{\"@id\":\"https:\\\/\\\/www.meydan.tv\\\/az\\\/article\\\/az%c9%99rbaycan-oz-mediasina-qarsi-kiberhucumlarin-t%c9%99skilind%c9%99-rusiyani-gunahlandirir\\\/\"},\"author\":{\"name\":\"sevda\",\"@id\":\"https:\\\/\\\/www.meydan.tv\\\/az\\\/#\\\/schema\\\/person\\\/49b5f2bad5b126bb8ea9320eeb3e4dc9\"},\"headline\":\"Az\u0259rbaycan mediaya qar\u015f\u0131 kiberh\u00fccumlara g\u00f6r\u0259 Rusiyan\u0131 g\u00fcnahland\u0131r\u0131r\",\"datePublished\":\"2025-05-03T08:05:45+00:00\",\"dateModified\":\"2025-05-03T08:05:50+00:00\",\"mainEntityOfPage\":{\"@id\":\"https:\\\/\\\/www.meydan.tv\\\/az\\\/article\\\/az%c9%99rbaycan-oz-mediasina-qarsi-kiberhucumlarin-t%c9%99skilind%c9%99-rusiyani-gunahlandirir\\\/\"},\"wordCount\":632,\"publisher\":{\"@id\":\"https:\\\/\\\/www.meydan.tv\\\/az\\\/#organization\"},\"image\":{\"@id\":\"https:\\\/\\\/www.meydan.tv\\\/az\\\/article\\\/az%c9%99rbaycan-oz-mediasina-qarsi-kiberhucumlarin-t%c9%99skilind%c9%99-rusiyani-gunahlandirir\\\/#primaryimage\"},\"thumbnailUrl\":\"https:\\\/\\\/www.meydan.tv\\\/wp-content\\\/uploads\\\/shutterstock_2473890027.jpg\",\"articleSection\":[\"Siyas\u0259t\",\"T\u00f6vsiy\u0259\",\"X\u0259b\u0259rl\u0259r\"],\"inLanguage\":\"az\"},{\"@type\":\"WebPage\",\"@id\":\"https:\\\/\\\/www.meydan.tv\\\/az\\\/article\\\/az%c9%99rbaycan-oz-mediasina-qarsi-kiberhucumlarin-t%c9%99skilind%c9%99-rusiyani-gunahlandirir\\\/\",\"url\":\"https:\\\/\\\/www.meydan.tv\\\/az\\\/article\\\/az%c9%99rbaycan-oz-mediasina-qarsi-kiberhucumlarin-t%c9%99skilind%c9%99-rusiyani-gunahlandirir\\\/\",\"name\":\"Az\u0259rbaycan mediaya qar\u015f\u0131 kiberh\u00fccumlara g\u00f6r\u0259 Rusiyan\u0131 g\u00fcnahland\u0131r\u0131r - MEYDAN.TV\",\"isPartOf\":{\"@id\":\"https:\\\/\\\/www.meydan.tv\\\/az\\\/#website\"},\"primaryImageOfPage\":{\"@id\":\"https:\\\/\\\/www.meydan.tv\\\/az\\\/article\\\/az%c9%99rbaycan-oz-mediasina-qarsi-kiberhucumlarin-t%c9%99skilind%c9%99-rusiyani-gunahlandirir\\\/#primaryimage\"},\"image\":{\"@id\":\"https:\\\/\\\/www.meydan.tv\\\/az\\\/article\\\/az%c9%99rbaycan-oz-mediasina-qarsi-kiberhucumlarin-t%c9%99skilind%c9%99-rusiyani-gunahlandirir\\\/#primaryimage\"},\"thumbnailUrl\":\"https:\\\/\\\/www.meydan.tv\\\/wp-content\\\/uploads\\\/shutterstock_2473890027.jpg\",\"datePublished\":\"2025-05-03T08:05:45+00:00\",\"dateModified\":\"2025-05-03T08:05:50+00:00\",\"breadcrumb\":{\"@id\":\"https:\\\/\\\/www.meydan.tv\\\/az\\\/article\\\/az%c9%99rbaycan-oz-mediasina-qarsi-kiberhucumlarin-t%c9%99skilind%c9%99-rusiyani-gunahlandirir\\\/#breadcrumb\"},\"inLanguage\":\"az\",\"potentialAction\":[{\"@type\":\"ReadAction\",\"target\":[\"https:\\\/\\\/www.meydan.tv\\\/az\\\/article\\\/az%c9%99rbaycan-oz-mediasina-qarsi-kiberhucumlarin-t%c9%99skilind%c9%99-rusiyani-gunahlandirir\\\/\"]}]},{\"@type\":\"ImageObject\",\"inLanguage\":\"az\",\"@id\":\"https:\\\/\\\/www.meydan.tv\\\/az\\\/article\\\/az%c9%99rbaycan-oz-mediasina-qarsi-kiberhucumlarin-t%c9%99skilind%c9%99-rusiyani-gunahlandirir\\\/#primaryimage\",\"url\":\"https:\\\/\\\/www.meydan.tv\\\/wp-content\\\/uploads\\\/shutterstock_2473890027.jpg\",\"contentUrl\":\"https:\\\/\\\/www.meydan.tv\\\/wp-content\\\/uploads\\\/shutterstock_2473890027.jpg\",\"width\":1000,\"height\":667,\"caption\":\"Foto: shutterstock\\\\Song_about_summer\"},{\"@type\":\"BreadcrumbList\",\"@id\":\"https:\\\/\\\/www.meydan.tv\\\/az\\\/article\\\/az%c9%99rbaycan-oz-mediasina-qarsi-kiberhucumlarin-t%c9%99skilind%c9%99-rusiyani-gunahlandirir\\\/#breadcrumb\",\"itemListElement\":[{\"@type\":\"ListItem\",\"position\":1,\"name\":\"Ana s\u0259hif\u0259\",\"item\":\"https:\\\/\\\/www.meydan.tv\\\/az\\\/\"},{\"@type\":\"ListItem\",\"position\":2,\"name\":\"X\u0259b\u0259rl\u0259r\",\"item\":\"https:\\\/\\\/www.meydan.tv\\\/az\\\/section\\\/xeberler\\\/\"},{\"@type\":\"ListItem\",\"position\":3,\"name\":\"Az\u0259rbaycan mediaya qar\u015f\u0131 kiberh\u00fccumlara g\u00f6r\u0259 Rusiyan\u0131 g\u00fcnahland\u0131r\u0131r\"}]},{\"@type\":\"WebSite\",\"@id\":\"https:\\\/\\\/www.meydan.tv\\\/az\\\/#website\",\"url\":\"https:\\\/\\\/www.meydan.tv\\\/az\\\/\",\"name\":\"MEYDAN.TV\",\"description\":\"Meydan TV Az\u0259rbaycan\u0131n media m\u0259kan\u0131ndak\u0131 alternativ s\u0259sidir\",\"publisher\":{\"@id\":\"https:\\\/\\\/www.meydan.tv\\\/az\\\/#organization\"},\"potentialAction\":[{\"@type\":\"SearchAction\",\"target\":{\"@type\":\"EntryPoint\",\"urlTemplate\":\"https:\\\/\\\/www.meydan.tv\\\/az\\\/?s={search_term_string}\"},\"query-input\":{\"@type\":\"PropertyValueSpecification\",\"valueRequired\":true,\"valueName\":\"search_term_string\"}}],\"inLanguage\":\"az\"},{\"@type\":\"Organization\",\"@id\":\"https:\\\/\\\/www.meydan.tv\\\/az\\\/#organization\",\"name\":\"Meydan TV\",\"url\":\"https:\\\/\\\/www.meydan.tv\\\/az\\\/\",\"logo\":{\"@type\":\"ImageObject\",\"inLanguage\":\"az\",\"@id\":\"https:\\\/\\\/www.meydan.tv\\\/az\\\/#\\\/schema\\\/logo\\\/image\\\/\",\"url\":\"https:\\\/\\\/www.meydan.tv\\\/wp-content\\\/uploads\\\/2021\\\/07\\\/meydan-logo.svg\",\"contentUrl\":\"https:\\\/\\\/www.meydan.tv\\\/wp-content\\\/uploads\\\/2021\\\/07\\\/meydan-logo.svg\",\"width\":195,\"height\":46,\"caption\":\"Meydan TV\"},\"image\":{\"@id\":\"https:\\\/\\\/www.meydan.tv\\\/az\\\/#\\\/schema\\\/logo\\\/image\\\/\"}},{\"@type\":\"Person\",\"@id\":\"https:\\\/\\\/www.meydan.tv\\\/az\\\/#\\\/schema\\\/person\\\/49b5f2bad5b126bb8ea9320eeb3e4dc9\",\"name\":\"sevda\"}]}<\/script>\n<!-- \/ Yoast SEO plugin. -->","yoast_head_json":{"title":"Az\u0259rbaycan mediaya qar\u015f\u0131 kiberh\u00fccumlara g\u00f6r\u0259 Rusiyan\u0131 g\u00fcnahland\u0131r\u0131r - MEYDAN.TV","robots":{"index":"index","follow":"follow","max-snippet":"max-snippet:-1","max-image-preview":"max-image-preview:large","max-video-preview":"max-video-preview:-1"},"canonical":"https:\/\/www.meydan.tv\/az\/article\/az%c9%99rbaycan-oz-mediasina-qarsi-kiberhucumlarin-t%c9%99skilind%c9%99-rusiyani-gunahlandirir\/","og_locale":"az_AZ","og_type":"article","og_title":"Az\u0259rbaycan mediaya qar\u015f\u0131 kiberh\u00fccumlara g\u00f6r\u0259 Rusiyan\u0131 g\u00fcnahland\u0131r\u0131r - MEYDAN.TV","og_description":"Parlamentin komissiya s\u0259dri bildirir ki, h\u00fccum \u201cy\u00fcks\u0259k texniki s\u0259viyy\u0259d\u0259\u201d h\u0259yata ... Davam\u0131","og_url":"https:\/\/www.meydan.tv\/az\/article\/az%c9%99rbaycan-oz-mediasina-qarsi-kiberhucumlarin-t%c9%99skilind%c9%99-rusiyani-gunahlandirir\/","og_site_name":"MEYDAN.TV","article_published_time":"2025-05-03T08:05:45+00:00","article_modified_time":"2025-05-03T08:05:50+00:00","og_image":[{"width":1000,"height":667,"url":"https:\/\/www.meydan.tv\/wp-content\/uploads\/shutterstock_2473890027.jpg","type":"image\/jpeg"}],"author":"sevda","twitter_card":"summary_large_image","schema":{"@context":"https:\/\/schema.org","@graph":[{"@type":"Article","@id":"https:\/\/www.meydan.tv\/az\/article\/az%c9%99rbaycan-oz-mediasina-qarsi-kiberhucumlarin-t%c9%99skilind%c9%99-rusiyani-gunahlandirir\/#article","isPartOf":{"@id":"https:\/\/www.meydan.tv\/az\/article\/az%c9%99rbaycan-oz-mediasina-qarsi-kiberhucumlarin-t%c9%99skilind%c9%99-rusiyani-gunahlandirir\/"},"author":{"name":"sevda","@id":"https:\/\/www.meydan.tv\/az\/#\/schema\/person\/49b5f2bad5b126bb8ea9320eeb3e4dc9"},"headline":"Az\u0259rbaycan mediaya qar\u015f\u0131 kiberh\u00fccumlara g\u00f6r\u0259 Rusiyan\u0131 g\u00fcnahland\u0131r\u0131r","datePublished":"2025-05-03T08:05:45+00:00","dateModified":"2025-05-03T08:05:50+00:00","mainEntityOfPage":{"@id":"https:\/\/www.meydan.tv\/az\/article\/az%c9%99rbaycan-oz-mediasina-qarsi-kiberhucumlarin-t%c9%99skilind%c9%99-rusiyani-gunahlandirir\/"},"wordCount":632,"publisher":{"@id":"https:\/\/www.meydan.tv\/az\/#organization"},"image":{"@id":"https:\/\/www.meydan.tv\/az\/article\/az%c9%99rbaycan-oz-mediasina-qarsi-kiberhucumlarin-t%c9%99skilind%c9%99-rusiyani-gunahlandirir\/#primaryimage"},"thumbnailUrl":"https:\/\/www.meydan.tv\/wp-content\/uploads\/shutterstock_2473890027.jpg","articleSection":["Siyas\u0259t","T\u00f6vsiy\u0259","X\u0259b\u0259rl\u0259r"],"inLanguage":"az"},{"@type":"WebPage","@id":"https:\/\/www.meydan.tv\/az\/article\/az%c9%99rbaycan-oz-mediasina-qarsi-kiberhucumlarin-t%c9%99skilind%c9%99-rusiyani-gunahlandirir\/","url":"https:\/\/www.meydan.tv\/az\/article\/az%c9%99rbaycan-oz-mediasina-qarsi-kiberhucumlarin-t%c9%99skilind%c9%99-rusiyani-gunahlandirir\/","name":"Az\u0259rbaycan mediaya qar\u015f\u0131 kiberh\u00fccumlara g\u00f6r\u0259 Rusiyan\u0131 g\u00fcnahland\u0131r\u0131r - MEYDAN.TV","isPartOf":{"@id":"https:\/\/www.meydan.tv\/az\/#website"},"primaryImageOfPage":{"@id":"https:\/\/www.meydan.tv\/az\/article\/az%c9%99rbaycan-oz-mediasina-qarsi-kiberhucumlarin-t%c9%99skilind%c9%99-rusiyani-gunahlandirir\/#primaryimage"},"image":{"@id":"https:\/\/www.meydan.tv\/az\/article\/az%c9%99rbaycan-oz-mediasina-qarsi-kiberhucumlarin-t%c9%99skilind%c9%99-rusiyani-gunahlandirir\/#primaryimage"},"thumbnailUrl":"https:\/\/www.meydan.tv\/wp-content\/uploads\/shutterstock_2473890027.jpg","datePublished":"2025-05-03T08:05:45+00:00","dateModified":"2025-05-03T08:05:50+00:00","breadcrumb":{"@id":"https:\/\/www.meydan.tv\/az\/article\/az%c9%99rbaycan-oz-mediasina-qarsi-kiberhucumlarin-t%c9%99skilind%c9%99-rusiyani-gunahlandirir\/#breadcrumb"},"inLanguage":"az","potentialAction":[{"@type":"ReadAction","target":["https:\/\/www.meydan.tv\/az\/article\/az%c9%99rbaycan-oz-mediasina-qarsi-kiberhucumlarin-t%c9%99skilind%c9%99-rusiyani-gunahlandirir\/"]}]},{"@type":"ImageObject","inLanguage":"az","@id":"https:\/\/www.meydan.tv\/az\/article\/az%c9%99rbaycan-oz-mediasina-qarsi-kiberhucumlarin-t%c9%99skilind%c9%99-rusiyani-gunahlandirir\/#primaryimage","url":"https:\/\/www.meydan.tv\/wp-content\/uploads\/shutterstock_2473890027.jpg","contentUrl":"https:\/\/www.meydan.tv\/wp-content\/uploads\/shutterstock_2473890027.jpg","width":1000,"height":667,"caption":"Foto: shutterstock\\Song_about_summer"},{"@type":"BreadcrumbList","@id":"https:\/\/www.meydan.tv\/az\/article\/az%c9%99rbaycan-oz-mediasina-qarsi-kiberhucumlarin-t%c9%99skilind%c9%99-rusiyani-gunahlandirir\/#breadcrumb","itemListElement":[{"@type":"ListItem","position":1,"name":"Ana s\u0259hif\u0259","item":"https:\/\/www.meydan.tv\/az\/"},{"@type":"ListItem","position":2,"name":"X\u0259b\u0259rl\u0259r","item":"https:\/\/www.meydan.tv\/az\/section\/xeberler\/"},{"@type":"ListItem","position":3,"name":"Az\u0259rbaycan mediaya qar\u015f\u0131 kiberh\u00fccumlara g\u00f6r\u0259 Rusiyan\u0131 g\u00fcnahland\u0131r\u0131r"}]},{"@type":"WebSite","@id":"https:\/\/www.meydan.tv\/az\/#website","url":"https:\/\/www.meydan.tv\/az\/","name":"MEYDAN.TV","description":"Meydan TV Az\u0259rbaycan\u0131n media m\u0259kan\u0131ndak\u0131 alternativ s\u0259sidir","publisher":{"@id":"https:\/\/www.meydan.tv\/az\/#organization"},"potentialAction":[{"@type":"SearchAction","target":{"@type":"EntryPoint","urlTemplate":"https:\/\/www.meydan.tv\/az\/?s={search_term_string}"},"query-input":{"@type":"PropertyValueSpecification","valueRequired":true,"valueName":"search_term_string"}}],"inLanguage":"az"},{"@type":"Organization","@id":"https:\/\/www.meydan.tv\/az\/#organization","name":"Meydan TV","url":"https:\/\/www.meydan.tv\/az\/","logo":{"@type":"ImageObject","inLanguage":"az","@id":"https:\/\/www.meydan.tv\/az\/#\/schema\/logo\/image\/","url":"https:\/\/www.meydan.tv\/wp-content\/uploads\/2021\/07\/meydan-logo.svg","contentUrl":"https:\/\/www.meydan.tv\/wp-content\/uploads\/2021\/07\/meydan-logo.svg","width":195,"height":46,"caption":"Meydan TV"},"image":{"@id":"https:\/\/www.meydan.tv\/az\/#\/schema\/logo\/image\/"}},{"@type":"Person","@id":"https:\/\/www.meydan.tv\/az\/#\/schema\/person\/49b5f2bad5b126bb8ea9320eeb3e4dc9","name":"sevda"}]}},"_links":{"self":[{"href":"https:\/\/www.meydan.tv\/az\/wp-json\/wp\/v2\/posts\/329680","targetHints":{"allow":["GET"]}}],"collection":[{"href":"https:\/\/www.meydan.tv\/az\/wp-json\/wp\/v2\/posts"}],"about":[{"href":"https:\/\/www.meydan.tv\/az\/wp-json\/wp\/v2\/types\/post"}],"author":[{"embeddable":true,"href":"https:\/\/www.meydan.tv\/az\/wp-json\/wp\/v2\/users\/16"}],"replies":[{"embeddable":true,"href":"https:\/\/www.meydan.tv\/az\/wp-json\/wp\/v2\/comments?post=329680"}],"version-history":[{"count":5,"href":"https:\/\/www.meydan.tv\/az\/wp-json\/wp\/v2\/posts\/329680\/revisions"}],"predecessor-version":[{"id":329690,"href":"https:\/\/www.meydan.tv\/az\/wp-json\/wp\/v2\/posts\/329680\/revisions\/329690"}],"wp:featuredmedia":[{"embeddable":true,"href":"https:\/\/www.meydan.tv\/az\/wp-json\/wp\/v2\/media\/329682"}],"wp:attachment":[{"href":"https:\/\/www.meydan.tv\/az\/wp-json\/wp\/v2\/media?parent=329680"}],"wp:term":[{"taxonomy":"category","embeddable":true,"href":"https:\/\/www.meydan.tv\/az\/wp-json\/wp\/v2\/categories?post=329680"},{"taxonomy":"post_tag","embeddable":true,"href":"https:\/\/www.meydan.tv\/az\/wp-json\/wp\/v2\/tags?post=329680"}],"curies":[{"name":"wp","href":"https:\/\/api.w.org\/{rel}","templated":true}]}}