{"id":329674,"date":"2025-05-02T20:48:19","date_gmt":"2025-05-02T16:48:19","guid":{"rendered":"https:\/\/www.meydan.tv\/?p=329674"},"modified":"2025-05-02T20:48:22","modified_gmt":"2025-05-02T16:48:22","slug":"eliyev-olk%c9%99ni-ail%c9%99si-ucun-feodal-malikan%c9%99-kimi-n%c9%99zar%c9%99td%c9%99-saxlayaraq-istismar-edir","status":"publish","type":"post","link":"https:\/\/www.meydan.tv\/az\/article\/eliyev-olk%c9%99ni-ail%c9%99si-ucun-feodal-malikan%c9%99-kimi-n%c9%99zar%c9%99td%c9%99-saxlayaraq-istismar-edir\/","title":{"rendered":"&#8220;\u018fliyev \u00f6lk\u0259ni ail\u0259si \u00fc\u00e7\u00fcn feodal malikan\u0259 kimi n\u0259zar\u0259td\u0259 saxlayaraq istismar edir&#8221;"},"content":{"rendered":"\n<p><a href=\"https:\/\/www.youtube.com\/@MeydanTelevision\"><\/a><\/p>\n\n\n\n<figure class=\"wp-block-embed is-type-video is-provider-youtube wp-block-embed-youtube wp-embed-aspect-16-9 wp-has-aspect-ratio\"><div class=\"wp-block-embed__wrapper\">\n<iframe title=\"&quot;\u018fliyev \u00f6lk\u0259ni ail\u0259si \u00fc\u00e7\u00fcn feodal malikan\u0259 kimi n\u0259zar\u0259td\u0259 saxlayaraq istismar edir&quot;\" width=\"1200\" height=\"675\" data-src=\"https:\/\/www.youtube.com\/embed\/n5d2bobymSA?feature=oembed\" frameborder=\"0\" allow=\"accelerometer; autoplay; clipboard-write; encrypted-media; gyroscope; picture-in-picture; web-share\" referrerpolicy=\"strict-origin-when-cross-origin\" allowfullscreen src=\"data:image\/svg+xml;base64,PHN2ZyB3aWR0aD0iMSIgaGVpZ2h0PSIxIiB4bWxucz0iaHR0cDovL3d3dy53My5vcmcvMjAwMC9zdmciPjwvc3ZnPg==\" class=\"lazyload\" data-load-mode=\"1\"><\/iframe>\n<\/div><\/figure>\n\n\n\n<p>AB\u015e senatoru Kris Smit Az\u0259rbaycanla ba\u011fl\u0131 dinl\u0259m\u0259l\u0259r zaman\u0131 dedi ki, Az\u0259rbaycan bir diktatura \u00f6lk\u0259sidir v\u0259 Prezident \u0130lham \u018fliyev \u00f6lk\u0259ni ail\u0259si \u00fc\u00e7\u00fcn feodal malikan\u0259 kimi n\u0259zar\u0259td\u0259 saxlayaraq istismar edir. Senator erm\u0259ni m\u0259hbuslardan da dan\u0131\u015f\u0131b, onlar\u0131 \u201csiyasi m\u0259hbus\u201d adland\u0131r\u0131b. \u201c\u018fliyevin etnik nifr\u0259ti q\u0131z\u0131\u015fd\u0131rmas\u0131 onlar\u0131n orada ya\u015famas\u0131n\u0131 \u00e7ox t\u0259hl\u00fck\u0259li edib\u201d, \u2013 dey\u0259 o bildirib. &#8220;\u0130ll\u0259r \u0259vv\u0259l AB\u015e-da bel\u0259 dinl\u0259m\u0259l\u0259r ke\u00e7iril\u0259nd\u0259 \u00fcmid yaran\u0131rd\u0131 ki, n\u0259hay\u0259t, indiki rejim\u0259 sanksiyalar t\u0259tbiq olunacaq. Amma ill\u0259r ke\u00e7dikc\u0259, dinl\u0259m\u0259l\u0259r sad\u0259c\u0259 dinl\u0259nilib bitdikc\u0259, \u00fcmidl\u0259r d\u0259 t\u00fck\u0259nm\u0259y\u0259 ba\u015flad\u0131&#8221;<\/p>\n","protected":false},"excerpt":{"rendered":"<p>AB\u015e senatoru Kris Smit Az\u0259rbaycanla ba\u011fl\u0131 dinl\u0259m\u0259l\u0259r zaman\u0131 dedi ki, &#8230; <\/p>\n<p class=\"read-more-container\"><a title=\"&#8220;\u018fliyev \u00f6lk\u0259ni ail\u0259si \u00fc\u00e7\u00fcn feodal malikan\u0259 kimi n\u0259zar\u0259td\u0259 saxlayaraq istismar edir&#8221;\" class=\"read-more button\" href=\"https:\/\/www.meydan.tv\/az\/article\/eliyev-olk%c9%99ni-ail%c9%99si-ucun-feodal-malikan%c9%99-kimi-n%c9%99zar%c9%99td%c9%99-saxlayaraq-istismar-edir\/#more-329674\" aria-label=\"Read more about &#8220;\u018fliyev \u00f6lk\u0259ni ail\u0259si \u00fc\u00e7\u00fcn feodal malikan\u0259 kimi n\u0259zar\u0259td\u0259 saxlayaraq istismar edir&#8221;\">Davam\u0131<\/a><\/p>\n","protected":false},"author":14,"featured_media":329675,"comment_status":"closed","ping_status":"closed","sticky":false,"template":"","format":"standard","meta":{"_acf_changed":false,"_sitemap_exclude":false,"_sitemap_priority":"","_sitemap_frequency":"","footnotes":""},"categories":[63],"tags":[],"class_list":["post-329674","post","type-post","status-publish","format-standard","has-post-thumbnail","hentry","category-video-2","infinite-scroll-item","generate-columns","tablet-grid-50","mobile-grid-100","grid-parent","grid-33","no-featured-image-padding"],"acf":[],"yoast_head":"<!-- This site is optimized with the Yoast SEO plugin v27.4 - https:\/\/yoast.com\/product\/yoast-seo-wordpress\/ -->\n<title>&quot;\u018fliyev \u00f6lk\u0259ni ail\u0259si \u00fc\u00e7\u00fcn feodal malikan\u0259 kimi n\u0259zar\u0259td\u0259 saxlayaraq istismar edir&quot; - MEYDAN.TV<\/title>\n<meta name=\"robots\" content=\"index, follow, max-snippet:-1, max-image-preview:large, max-video-preview:-1\" \/>\n<link rel=\"canonical\" href=\"https:\/\/www.meydan.tv\/az\/article\/eliyev-olk%c9%99ni-ail%c9%99si-ucun-feodal-malikan%c9%99-kimi-n%c9%99zar%c9%99td%c9%99-saxlayaraq-istismar-edir\/\" \/>\n<meta property=\"og:locale\" content=\"az_AZ\" \/>\n<meta property=\"og:type\" content=\"article\" \/>\n<meta property=\"og:title\" content=\"&quot;\u018fliyev \u00f6lk\u0259ni ail\u0259si \u00fc\u00e7\u00fcn feodal malikan\u0259 kimi n\u0259zar\u0259td\u0259 saxlayaraq istismar edir&quot; - MEYDAN.TV\" \/>\n<meta property=\"og:description\" content=\"AB\u015e senatoru Kris Smit Az\u0259rbaycanla ba\u011fl\u0131 dinl\u0259m\u0259l\u0259r zaman\u0131 dedi ki, ... Davam\u0131\" \/>\n<meta property=\"og:url\" content=\"https:\/\/www.meydan.tv\/az\/article\/eliyev-olk%c9%99ni-ail%c9%99si-ucun-feodal-malikan%c9%99-kimi-n%c9%99zar%c9%99td%c9%99-saxlayaraq-istismar-edir\/\" \/>\n<meta property=\"og:site_name\" content=\"MEYDAN.TV\" \/>\n<meta property=\"article:published_time\" content=\"2025-05-02T16:48:19+00:00\" \/>\n<meta property=\"article:modified_time\" content=\"2025-05-02T16:48:22+00:00\" \/>\n<meta property=\"og:image\" content=\"https:\/\/www.meydan.tv\/wp-content\/uploads\/\u0561\u056c\u056b\u0587\u0576\u0565\u0580.jpeg\" \/>\n\t<meta property=\"og:image:width\" content=\"786\" \/>\n\t<meta property=\"og:image:height\" content=\"458\" \/>\n\t<meta property=\"og:image:type\" content=\"image\/jpeg\" \/>\n<meta name=\"author\" content=\"roma\" \/>\n<meta name=\"twitter:card\" content=\"summary_large_image\" \/>\n<script type=\"application\/ld+json\" class=\"yoast-schema-graph\">{\"@context\":\"https:\\\/\\\/schema.org\",\"@graph\":[{\"@type\":\"Article\",\"@id\":\"https:\\\/\\\/www.meydan.tv\\\/az\\\/article\\\/eliyev-olk%c9%99ni-ail%c9%99si-ucun-feodal-malikan%c9%99-kimi-n%c9%99zar%c9%99td%c9%99-saxlayaraq-istismar-edir\\\/#article\",\"isPartOf\":{\"@id\":\"https:\\\/\\\/www.meydan.tv\\\/az\\\/article\\\/eliyev-olk%c9%99ni-ail%c9%99si-ucun-feodal-malikan%c9%99-kimi-n%c9%99zar%c9%99td%c9%99-saxlayaraq-istismar-edir\\\/\"},\"author\":{\"name\":\"roma\",\"@id\":\"https:\\\/\\\/www.meydan.tv\\\/az\\\/#\\\/schema\\\/person\\\/8f23e01c4de63326c13c319fb65ee65d\"},\"headline\":\"&#8220;\u018fliyev \u00f6lk\u0259ni ail\u0259si \u00fc\u00e7\u00fcn feodal malikan\u0259 kimi n\u0259zar\u0259td\u0259 saxlayaraq istismar edir&#8221;\",\"datePublished\":\"2025-05-02T16:48:19+00:00\",\"dateModified\":\"2025-05-02T16:48:22+00:00\",\"mainEntityOfPage\":{\"@id\":\"https:\\\/\\\/www.meydan.tv\\\/az\\\/article\\\/eliyev-olk%c9%99ni-ail%c9%99si-ucun-feodal-malikan%c9%99-kimi-n%c9%99zar%c9%99td%c9%99-saxlayaraq-istismar-edir\\\/\"},\"wordCount\":151,\"publisher\":{\"@id\":\"https:\\\/\\\/www.meydan.tv\\\/az\\\/#organization\"},\"image\":{\"@id\":\"https:\\\/\\\/www.meydan.tv\\\/az\\\/article\\\/eliyev-olk%c9%99ni-ail%c9%99si-ucun-feodal-malikan%c9%99-kimi-n%c9%99zar%c9%99td%c9%99-saxlayaraq-istismar-edir\\\/#primaryimage\"},\"thumbnailUrl\":\"https:\\\/\\\/www.meydan.tv\\\/wp-content\\\/uploads\\\/\u0561\u056c\u056b\u0587\u0576\u0565\u0580.jpeg\",\"articleSection\":[\"Video\"],\"inLanguage\":\"az\"},{\"@type\":\"WebPage\",\"@id\":\"https:\\\/\\\/www.meydan.tv\\\/az\\\/article\\\/eliyev-olk%c9%99ni-ail%c9%99si-ucun-feodal-malikan%c9%99-kimi-n%c9%99zar%c9%99td%c9%99-saxlayaraq-istismar-edir\\\/\",\"url\":\"https:\\\/\\\/www.meydan.tv\\\/az\\\/article\\\/eliyev-olk%c9%99ni-ail%c9%99si-ucun-feodal-malikan%c9%99-kimi-n%c9%99zar%c9%99td%c9%99-saxlayaraq-istismar-edir\\\/\",\"name\":\"\\\"\u018fliyev \u00f6lk\u0259ni ail\u0259si \u00fc\u00e7\u00fcn feodal malikan\u0259 kimi n\u0259zar\u0259td\u0259 saxlayaraq istismar edir\\\" - MEYDAN.TV\",\"isPartOf\":{\"@id\":\"https:\\\/\\\/www.meydan.tv\\\/az\\\/#website\"},\"primaryImageOfPage\":{\"@id\":\"https:\\\/\\\/www.meydan.tv\\\/az\\\/article\\\/eliyev-olk%c9%99ni-ail%c9%99si-ucun-feodal-malikan%c9%99-kimi-n%c9%99zar%c9%99td%c9%99-saxlayaraq-istismar-edir\\\/#primaryimage\"},\"image\":{\"@id\":\"https:\\\/\\\/www.meydan.tv\\\/az\\\/article\\\/eliyev-olk%c9%99ni-ail%c9%99si-ucun-feodal-malikan%c9%99-kimi-n%c9%99zar%c9%99td%c9%99-saxlayaraq-istismar-edir\\\/#primaryimage\"},\"thumbnailUrl\":\"https:\\\/\\\/www.meydan.tv\\\/wp-content\\\/uploads\\\/\u0561\u056c\u056b\u0587\u0576\u0565\u0580.jpeg\",\"datePublished\":\"2025-05-02T16:48:19+00:00\",\"dateModified\":\"2025-05-02T16:48:22+00:00\",\"breadcrumb\":{\"@id\":\"https:\\\/\\\/www.meydan.tv\\\/az\\\/article\\\/eliyev-olk%c9%99ni-ail%c9%99si-ucun-feodal-malikan%c9%99-kimi-n%c9%99zar%c9%99td%c9%99-saxlayaraq-istismar-edir\\\/#breadcrumb\"},\"inLanguage\":\"az\",\"potentialAction\":[{\"@type\":\"ReadAction\",\"target\":[\"https:\\\/\\\/www.meydan.tv\\\/az\\\/article\\\/eliyev-olk%c9%99ni-ail%c9%99si-ucun-feodal-malikan%c9%99-kimi-n%c9%99zar%c9%99td%c9%99-saxlayaraq-istismar-edir\\\/\"]}]},{\"@type\":\"ImageObject\",\"inLanguage\":\"az\",\"@id\":\"https:\\\/\\\/www.meydan.tv\\\/az\\\/article\\\/eliyev-olk%c9%99ni-ail%c9%99si-ucun-feodal-malikan%c9%99-kimi-n%c9%99zar%c9%99td%c9%99-saxlayaraq-istismar-edir\\\/#primaryimage\",\"url\":\"https:\\\/\\\/www.meydan.tv\\\/wp-content\\\/uploads\\\/\u0561\u056c\u056b\u0587\u0576\u0565\u0580.jpeg\",\"contentUrl\":\"https:\\\/\\\/www.meydan.tv\\\/wp-content\\\/uploads\\\/\u0561\u056c\u056b\u0587\u0576\u0565\u0580.jpeg\",\"width\":786,\"height\":458},{\"@type\":\"BreadcrumbList\",\"@id\":\"https:\\\/\\\/www.meydan.tv\\\/az\\\/article\\\/eliyev-olk%c9%99ni-ail%c9%99si-ucun-feodal-malikan%c9%99-kimi-n%c9%99zar%c9%99td%c9%99-saxlayaraq-istismar-edir\\\/#breadcrumb\",\"itemListElement\":[{\"@type\":\"ListItem\",\"position\":1,\"name\":\"Ana s\u0259hif\u0259\",\"item\":\"https:\\\/\\\/www.meydan.tv\\\/az\\\/\"},{\"@type\":\"ListItem\",\"position\":2,\"name\":\"Video\",\"item\":\"https:\\\/\\\/www.meydan.tv\\\/az\\\/section\\\/video-2\\\/\"},{\"@type\":\"ListItem\",\"position\":3,\"name\":\"&#8220;\u018fliyev \u00f6lk\u0259ni ail\u0259si \u00fc\u00e7\u00fcn feodal malikan\u0259 kimi n\u0259zar\u0259td\u0259 saxlayaraq istismar edir&#8221;\"}]},{\"@type\":\"WebSite\",\"@id\":\"https:\\\/\\\/www.meydan.tv\\\/az\\\/#website\",\"url\":\"https:\\\/\\\/www.meydan.tv\\\/az\\\/\",\"name\":\"MEYDAN.TV\",\"description\":\"Meydan TV Az\u0259rbaycan\u0131n media m\u0259kan\u0131ndak\u0131 alternativ s\u0259sidir\",\"publisher\":{\"@id\":\"https:\\\/\\\/www.meydan.tv\\\/az\\\/#organization\"},\"potentialAction\":[{\"@type\":\"SearchAction\",\"target\":{\"@type\":\"EntryPoint\",\"urlTemplate\":\"https:\\\/\\\/www.meydan.tv\\\/az\\\/?s={search_term_string}\"},\"query-input\":{\"@type\":\"PropertyValueSpecification\",\"valueRequired\":true,\"valueName\":\"search_term_string\"}}],\"inLanguage\":\"az\"},{\"@type\":\"Organization\",\"@id\":\"https:\\\/\\\/www.meydan.tv\\\/az\\\/#organization\",\"name\":\"Meydan TV\",\"url\":\"https:\\\/\\\/www.meydan.tv\\\/az\\\/\",\"logo\":{\"@type\":\"ImageObject\",\"inLanguage\":\"az\",\"@id\":\"https:\\\/\\\/www.meydan.tv\\\/az\\\/#\\\/schema\\\/logo\\\/image\\\/\",\"url\":\"https:\\\/\\\/www.meydan.tv\\\/wp-content\\\/uploads\\\/2021\\\/07\\\/meydan-logo.svg\",\"contentUrl\":\"https:\\\/\\\/www.meydan.tv\\\/wp-content\\\/uploads\\\/2021\\\/07\\\/meydan-logo.svg\",\"width\":195,\"height\":46,\"caption\":\"Meydan TV\"},\"image\":{\"@id\":\"https:\\\/\\\/www.meydan.tv\\\/az\\\/#\\\/schema\\\/logo\\\/image\\\/\"}},{\"@type\":\"Person\",\"@id\":\"https:\\\/\\\/www.meydan.tv\\\/az\\\/#\\\/schema\\\/person\\\/8f23e01c4de63326c13c319fb65ee65d\",\"name\":\"roma\"}]}<\/script>\n<!-- \/ Yoast SEO plugin. -->","yoast_head_json":{"title":"\"\u018fliyev \u00f6lk\u0259ni ail\u0259si \u00fc\u00e7\u00fcn feodal malikan\u0259 kimi n\u0259zar\u0259td\u0259 saxlayaraq istismar edir\" - MEYDAN.TV","robots":{"index":"index","follow":"follow","max-snippet":"max-snippet:-1","max-image-preview":"max-image-preview:large","max-video-preview":"max-video-preview:-1"},"canonical":"https:\/\/www.meydan.tv\/az\/article\/eliyev-olk%c9%99ni-ail%c9%99si-ucun-feodal-malikan%c9%99-kimi-n%c9%99zar%c9%99td%c9%99-saxlayaraq-istismar-edir\/","og_locale":"az_AZ","og_type":"article","og_title":"\"\u018fliyev \u00f6lk\u0259ni ail\u0259si \u00fc\u00e7\u00fcn feodal malikan\u0259 kimi n\u0259zar\u0259td\u0259 saxlayaraq istismar edir\" - MEYDAN.TV","og_description":"AB\u015e senatoru Kris Smit Az\u0259rbaycanla ba\u011fl\u0131 dinl\u0259m\u0259l\u0259r zaman\u0131 dedi ki, ... Davam\u0131","og_url":"https:\/\/www.meydan.tv\/az\/article\/eliyev-olk%c9%99ni-ail%c9%99si-ucun-feodal-malikan%c9%99-kimi-n%c9%99zar%c9%99td%c9%99-saxlayaraq-istismar-edir\/","og_site_name":"MEYDAN.TV","article_published_time":"2025-05-02T16:48:19+00:00","article_modified_time":"2025-05-02T16:48:22+00:00","og_image":[{"width":786,"height":458,"url":"https:\/\/www.meydan.tv\/wp-content\/uploads\/\u0561\u056c\u056b\u0587\u0576\u0565\u0580.jpeg","type":"image\/jpeg"}],"author":"roma","twitter_card":"summary_large_image","schema":{"@context":"https:\/\/schema.org","@graph":[{"@type":"Article","@id":"https:\/\/www.meydan.tv\/az\/article\/eliyev-olk%c9%99ni-ail%c9%99si-ucun-feodal-malikan%c9%99-kimi-n%c9%99zar%c9%99td%c9%99-saxlayaraq-istismar-edir\/#article","isPartOf":{"@id":"https:\/\/www.meydan.tv\/az\/article\/eliyev-olk%c9%99ni-ail%c9%99si-ucun-feodal-malikan%c9%99-kimi-n%c9%99zar%c9%99td%c9%99-saxlayaraq-istismar-edir\/"},"author":{"name":"roma","@id":"https:\/\/www.meydan.tv\/az\/#\/schema\/person\/8f23e01c4de63326c13c319fb65ee65d"},"headline":"&#8220;\u018fliyev \u00f6lk\u0259ni ail\u0259si \u00fc\u00e7\u00fcn feodal malikan\u0259 kimi n\u0259zar\u0259td\u0259 saxlayaraq istismar edir&#8221;","datePublished":"2025-05-02T16:48:19+00:00","dateModified":"2025-05-02T16:48:22+00:00","mainEntityOfPage":{"@id":"https:\/\/www.meydan.tv\/az\/article\/eliyev-olk%c9%99ni-ail%c9%99si-ucun-feodal-malikan%c9%99-kimi-n%c9%99zar%c9%99td%c9%99-saxlayaraq-istismar-edir\/"},"wordCount":151,"publisher":{"@id":"https:\/\/www.meydan.tv\/az\/#organization"},"image":{"@id":"https:\/\/www.meydan.tv\/az\/article\/eliyev-olk%c9%99ni-ail%c9%99si-ucun-feodal-malikan%c9%99-kimi-n%c9%99zar%c9%99td%c9%99-saxlayaraq-istismar-edir\/#primaryimage"},"thumbnailUrl":"https:\/\/www.meydan.tv\/wp-content\/uploads\/\u0561\u056c\u056b\u0587\u0576\u0565\u0580.jpeg","articleSection":["Video"],"inLanguage":"az"},{"@type":"WebPage","@id":"https:\/\/www.meydan.tv\/az\/article\/eliyev-olk%c9%99ni-ail%c9%99si-ucun-feodal-malikan%c9%99-kimi-n%c9%99zar%c9%99td%c9%99-saxlayaraq-istismar-edir\/","url":"https:\/\/www.meydan.tv\/az\/article\/eliyev-olk%c9%99ni-ail%c9%99si-ucun-feodal-malikan%c9%99-kimi-n%c9%99zar%c9%99td%c9%99-saxlayaraq-istismar-edir\/","name":"\"\u018fliyev \u00f6lk\u0259ni ail\u0259si \u00fc\u00e7\u00fcn feodal malikan\u0259 kimi n\u0259zar\u0259td\u0259 saxlayaraq istismar edir\" - MEYDAN.TV","isPartOf":{"@id":"https:\/\/www.meydan.tv\/az\/#website"},"primaryImageOfPage":{"@id":"https:\/\/www.meydan.tv\/az\/article\/eliyev-olk%c9%99ni-ail%c9%99si-ucun-feodal-malikan%c9%99-kimi-n%c9%99zar%c9%99td%c9%99-saxlayaraq-istismar-edir\/#primaryimage"},"image":{"@id":"https:\/\/www.meydan.tv\/az\/article\/eliyev-olk%c9%99ni-ail%c9%99si-ucun-feodal-malikan%c9%99-kimi-n%c9%99zar%c9%99td%c9%99-saxlayaraq-istismar-edir\/#primaryimage"},"thumbnailUrl":"https:\/\/www.meydan.tv\/wp-content\/uploads\/\u0561\u056c\u056b\u0587\u0576\u0565\u0580.jpeg","datePublished":"2025-05-02T16:48:19+00:00","dateModified":"2025-05-02T16:48:22+00:00","breadcrumb":{"@id":"https:\/\/www.meydan.tv\/az\/article\/eliyev-olk%c9%99ni-ail%c9%99si-ucun-feodal-malikan%c9%99-kimi-n%c9%99zar%c9%99td%c9%99-saxlayaraq-istismar-edir\/#breadcrumb"},"inLanguage":"az","potentialAction":[{"@type":"ReadAction","target":["https:\/\/www.meydan.tv\/az\/article\/eliyev-olk%c9%99ni-ail%c9%99si-ucun-feodal-malikan%c9%99-kimi-n%c9%99zar%c9%99td%c9%99-saxlayaraq-istismar-edir\/"]}]},{"@type":"ImageObject","inLanguage":"az","@id":"https:\/\/www.meydan.tv\/az\/article\/eliyev-olk%c9%99ni-ail%c9%99si-ucun-feodal-malikan%c9%99-kimi-n%c9%99zar%c9%99td%c9%99-saxlayaraq-istismar-edir\/#primaryimage","url":"https:\/\/www.meydan.tv\/wp-content\/uploads\/\u0561\u056c\u056b\u0587\u0576\u0565\u0580.jpeg","contentUrl":"https:\/\/www.meydan.tv\/wp-content\/uploads\/\u0561\u056c\u056b\u0587\u0576\u0565\u0580.jpeg","width":786,"height":458},{"@type":"BreadcrumbList","@id":"https:\/\/www.meydan.tv\/az\/article\/eliyev-olk%c9%99ni-ail%c9%99si-ucun-feodal-malikan%c9%99-kimi-n%c9%99zar%c9%99td%c9%99-saxlayaraq-istismar-edir\/#breadcrumb","itemListElement":[{"@type":"ListItem","position":1,"name":"Ana s\u0259hif\u0259","item":"https:\/\/www.meydan.tv\/az\/"},{"@type":"ListItem","position":2,"name":"Video","item":"https:\/\/www.meydan.tv\/az\/section\/video-2\/"},{"@type":"ListItem","position":3,"name":"&#8220;\u018fliyev \u00f6lk\u0259ni ail\u0259si \u00fc\u00e7\u00fcn feodal malikan\u0259 kimi n\u0259zar\u0259td\u0259 saxlayaraq istismar edir&#8221;"}]},{"@type":"WebSite","@id":"https:\/\/www.meydan.tv\/az\/#website","url":"https:\/\/www.meydan.tv\/az\/","name":"MEYDAN.TV","description":"Meydan TV Az\u0259rbaycan\u0131n media m\u0259kan\u0131ndak\u0131 alternativ s\u0259sidir","publisher":{"@id":"https:\/\/www.meydan.tv\/az\/#organization"},"potentialAction":[{"@type":"SearchAction","target":{"@type":"EntryPoint","urlTemplate":"https:\/\/www.meydan.tv\/az\/?s={search_term_string}"},"query-input":{"@type":"PropertyValueSpecification","valueRequired":true,"valueName":"search_term_string"}}],"inLanguage":"az"},{"@type":"Organization","@id":"https:\/\/www.meydan.tv\/az\/#organization","name":"Meydan TV","url":"https:\/\/www.meydan.tv\/az\/","logo":{"@type":"ImageObject","inLanguage":"az","@id":"https:\/\/www.meydan.tv\/az\/#\/schema\/logo\/image\/","url":"https:\/\/www.meydan.tv\/wp-content\/uploads\/2021\/07\/meydan-logo.svg","contentUrl":"https:\/\/www.meydan.tv\/wp-content\/uploads\/2021\/07\/meydan-logo.svg","width":195,"height":46,"caption":"Meydan TV"},"image":{"@id":"https:\/\/www.meydan.tv\/az\/#\/schema\/logo\/image\/"}},{"@type":"Person","@id":"https:\/\/www.meydan.tv\/az\/#\/schema\/person\/8f23e01c4de63326c13c319fb65ee65d","name":"roma"}]}},"_links":{"self":[{"href":"https:\/\/www.meydan.tv\/az\/wp-json\/wp\/v2\/posts\/329674","targetHints":{"allow":["GET"]}}],"collection":[{"href":"https:\/\/www.meydan.tv\/az\/wp-json\/wp\/v2\/posts"}],"about":[{"href":"https:\/\/www.meydan.tv\/az\/wp-json\/wp\/v2\/types\/post"}],"author":[{"embeddable":true,"href":"https:\/\/www.meydan.tv\/az\/wp-json\/wp\/v2\/users\/14"}],"replies":[{"embeddable":true,"href":"https:\/\/www.meydan.tv\/az\/wp-json\/wp\/v2\/comments?post=329674"}],"version-history":[{"count":1,"href":"https:\/\/www.meydan.tv\/az\/wp-json\/wp\/v2\/posts\/329674\/revisions"}],"predecessor-version":[{"id":329678,"href":"https:\/\/www.meydan.tv\/az\/wp-json\/wp\/v2\/posts\/329674\/revisions\/329678"}],"wp:featuredmedia":[{"embeddable":true,"href":"https:\/\/www.meydan.tv\/az\/wp-json\/wp\/v2\/media\/329675"}],"wp:attachment":[{"href":"https:\/\/www.meydan.tv\/az\/wp-json\/wp\/v2\/media?parent=329674"}],"wp:term":[{"taxonomy":"category","embeddable":true,"href":"https:\/\/www.meydan.tv\/az\/wp-json\/wp\/v2\/categories?post=329674"},{"taxonomy":"post_tag","embeddable":true,"href":"https:\/\/www.meydan.tv\/az\/wp-json\/wp\/v2\/tags?post=329674"}],"curies":[{"name":"wp","href":"https:\/\/api.w.org\/{rel}","templated":true}]}}