{"id":329640,"date":"2025-05-02T16:02:02","date_gmt":"2025-05-02T12:02:02","guid":{"rendered":"https:\/\/www.meydan.tv\/?p=329640"},"modified":"2025-05-02T16:02:05","modified_gmt":"2025-05-02T12:02:05","slug":"m%c9%99zahir-p%c9%99nahovun-oglunun-h%c9%99yat-yoldasina-sidd%c9%99t-gost%c9%99rdiyi-bildirilir","status":"publish","type":"post","link":"https:\/\/www.meydan.tv\/az\/article\/m%c9%99zahir-p%c9%99nahovun-oglunun-h%c9%99yat-yoldasina-sidd%c9%99t-gost%c9%99rdiyi-bildirilir\/","title":{"rendered":"M\u0259zahir P\u0259nahovun o\u011flunun h\u0259yat yolda\u015f\u0131na \u015fidd\u0259t g\u00f6st\u0259rdiyi bildirilir"},"content":{"rendered":"\n<p><\/p>\n\n\n\n<p><strong><em>Zorak\u0131l\u0131\u011f\u0131n P\u0259nahovun Los-Ancelesd\u0259 Hollivud ulduzlar\u0131n\u0131n ya\u015fad\u0131\u011f\u0131 \u0259razid\u0259 2 milyon 35 min 400 dollara ald\u0131\u011f\u0131 villada ba\u015f verdiyi deyilir<\/em><\/strong><\/p>\n\n\n\n<p>M\u0259zahir P\u0259nahovun o\u011flunun h\u0259yat yolda\u015f\u0131na \u015fidd\u0259t g\u00f6st\u0259rdiyi bildirilir<\/p>\n\n\n\n<p>Bu bar\u0259d\u0259 <a href=\"https:\/\/haqqin.az\/news\/347153\" target=\"_blank\" rel=\"noreferrer noopener\">m\u0259lumat\u0131<\/a> haqq\u0131n.az yay\u0131b.<\/p>\n\n\n\n<p>N\u0259\u015frin yazd\u0131\u011f\u0131na g\u00f6r\u0259, m\u0259i\u015f\u0259t zorak\u0131l\u0131\u011f\u0131n\u0131n qurban\u0131 olan qad\u0131n onlarla \u0259laq\u0259 saxlay\u0131b.<\/p>\n\n\n\n<p>Zorak\u0131l\u0131\u011f\u0131 t\u00f6r\u0259d\u0259n \u015f\u0259xsin M\u0259rk\u0259zi Se\u00e7ki Komissiyas\u0131n\u0131n s\u0259dri M\u0259zahir P\u0259nahovun o\u011flu M\u0259h\u0259mm\u0259d P\u0259nahov oldu\u011fu m\u0259lum olub. &nbsp;<\/p>\n\n\n\n<p>Zorak\u0131l\u0131\u011f\u0131n AB\u015e \u0259razisind\u0259 t\u00f6r\u0259dildiyi v\u0259 \u015fidd\u0259t\u0259 m\u0259ruz qalan qad\u0131n\u0131n Az\u0259rbaycana qa\u00e7araq h\u0259yat\u0131n\u0131 xilas etdiyi deyilir.<\/p>\n\n\n\n<p>M\u0259lumatda deyilir ki, 38 ya\u015fl\u0131 H.P. (ad g\u00f6st\u0259rilm\u0259yib- red.) M\u0259h\u0259mm\u0259d P\u0259nahovla &nbsp;2022-ci ild\u0259 iyunun 28-d\u0259 Bak\u0131da ail\u0259 h\u0259yat\u0131 qurub. Yeni evlil\u0259r ya\u015famaq \u00fc\u00e7\u00fcn AB\u015e-y\u0259, Los-Anceles\u0259 k\u00f6\u00e7\u00fcbl\u0259r. \u0130\u015fsiz olan P\u0259nahov Los-Ancelesin n\u00fcfuzlu Bel-Air b\u00f6lg\u0259sind\u0259 Hollivud ulduzlar\u0131n\u0131n ya\u015fad\u0131\u011f\u0131 \u0259razid\u0259 2 milyon 35 min 400 dollara d\u0259bd\u0259b\u0259li villa alma\u011fa m\u00fcv\u0259ff\u0259q olub. Ata yeni evlil\u0259r \u00fc\u00e7\u00fcn b\u00fct\u00fcn imkanlar\u0131 yarad\u0131b. G\u0259nc c\u00fctl\u00fcy\u00fcn maddi \u00e7\u0259tinlikl\u0259ri olmay\u0131b. Evli c\u00fctl\u00fck Britaniya banklar\u0131nda \u2013 Halifax, Natwest, h\u0259m\u00e7inin Dubay banklar\u0131nda, h\u0259tta Amerika banklar\u0131ndak\u0131 hesablar\u0131ndan bahal\u0131 Kaliforniyada milyonlarla pul x\u0259rcl\u0259yibl\u0259r. \u00d6vlad\u0131n\u0131n rahat ya\u015famas\u0131 \u00fc\u00e7\u00fcn bu hesablar varl\u0131 ata- M\u0259zahir P\u0259nahov t\u0259r\u0259find\u0259n doldurulub.<\/p>\n\n\n\n<p>Sonradan M\u0259h\u0259mm\u0259d P\u0259nahov pis v\u0259rdi\u015fl\u0259r\u0259, ilk n\u00f6vb\u0259d\u0259 spirtli i\u00e7kil\u0259r\u0259 alud\u0259\u00e7iliy\u0259 ba\u015flay\u0131b. N\u0259\u015fr yaz\u0131r ki, M.P\u0259nahov bir d\u0259f\u0259y\u0259 26 butulka piv\u0259ni bo\u015falda bilirmi\u015f. Sonra is\u0259 bo\u015faltd\u0131\u011f\u0131 \u015f\u00fc\u015f\u0259l\u0259ri hamil\u0259 olan h\u0259yat yolda\u015f\u0131na at\u0131rm\u0131\u015f. Bu hadis\u0259l\u0259rd\u0259n birind\u0259 qad\u0131n \u00f6vlad\u0131n\u0131 itirib.<\/p>\n\n\n\n<p>Zorak\u0131l\u0131\u011fa m\u0259ruz qalan qad\u0131n 17 ayl\u0131q evlilikd\u0259n sonra Kaliforniyadak\u0131 villas\u0131ndan qa\u00e7maq q\u0259rar\u0131na g\u0259lib. \u00c7ar\u0259siz qalan H.P-y\u0259 valideynl\u0259ri v\u0259 yax\u0131nlar\u0131 d\u0259f\u0259l\u0259rl\u0259 Kaliforniya polisi il\u0259 \u0259laq\u0259 saxlama\u011f\u0131 t\u00f6vsiy\u0259 edibl\u0259r, lakin o, xilas\u0131n\u0131 Bak\u0131ya qa\u00e7maqda g\u00f6r\u00fcb.<\/p>\n\n\n\n<p>Ancaq Bak\u0131ya g\u0259ldikd\u0259n sonra da rahatl\u0131q tapa bilm\u0259yib. M\u0259h\u0259mm\u0259d P\u0259nahov ona h\u0259d\u0259-qorxu g\u0259lm\u0259kd\u0259 davam edib, h\u0259r g\u00fcn z\u0259ng vurub v\u0259 onu \u00f6ld\u00fcr\u0259c\u0259yi il\u0259 h\u0259d\u0259l\u0259yib.<\/p>\n\n\n\n<p>Qad\u0131n bo\u015fanma iddias\u0131 il\u0259 Bin\u0259q\u0259di M\u0259hk\u0259m\u0259sin\u0259 m\u00fcraci\u0259t edib. Ancaq bir ild\u0259n \u00e7oxdur ki, m\u0259i\u015f\u0259t zorak\u0131l\u0131\u011f\u0131n\u0131n qurban\u0131, fiziki zorak\u0131l\u0131q n\u0259tic\u0259sind\u0259 \u00f6vlad\u0131n\u0131 itir\u0259n qad\u0131n bo\u015fana bilmir.<\/p>\n\n\n\n<p>N\u0259\u015frin yazd\u0131\u011f\u0131na g\u00f6r\u0259, M\u0259h\u0259mm\u0259d P\u0259nahov t\u0259kc\u0259 h\u0259yat yolda\u015f\u0131n\u0131 deyil, onun v\u0259kili, Az\u0259rbaycan V\u0259kill\u0259r Kollegiyas\u0131n\u0131n \u00fczv\u00fc Esmira H\u00fcseynovan\u0131 da h\u0259d\u0259l\u0259y\u0259r\u0259k bo\u015fanma prosesin\u0259 son qoyulmas\u0131n\u0131 t\u0259l\u0259b edir. P\u0259nahovlar t\u0259l\u0259b edir ki, H.P. AB\u015e-y\u0259 \u0259rinin yan\u0131na qay\u0131ts\u0131n.<\/p>\n\n\n\n<p>Qad\u0131n indi Az\u0259rbaycan\u0131n d\u00f6vl\u0259t qurumlar\u0131ndan nicat umur. O, &nbsp;Az\u0259rbaycan Daxili \u0130\u015fl\u0259r Nazirliyinin r\u0259hb\u0259rliyin\u0259, Ombudsmana m\u00fcraci\u0259t edib.<\/p>\n\n\n\n<p>Onun haz\u0131rda qad\u0131n s\u0131\u011f\u0131naca\u011f\u0131na yerl\u0259\u015fdirildiyi bildirilir.<\/p>\n\n\n\n<p>M\u0259s\u0259l\u0259 il\u0259 ba\u011fl\u0131 MSK s\u0259dri, onun o\u011flu v\u0259 ya aidiyyat\u0131 qurumlar h\u0259l\u0259lik a\u00e7\u0131qlama verm\u0259yibl\u0259r.<\/p>\n\n\n\n<p>M\u0259zahir P\u0259nahov 2000-ci ild\u0259n M\u0259rk\u0259zi Se\u00e7ki Komissiyas\u0131na s\u0259drlik edir.  <\/p>\n","protected":false},"excerpt":{"rendered":"<p>Zorak\u0131l\u0131\u011f\u0131n P\u0259nahovun Los-Ancelesd\u0259 Hollivud ulduzlar\u0131n\u0131n ya\u015fad\u0131\u011f\u0131 \u0259razid\u0259 2 milyon 35 &#8230; <\/p>\n<p class=\"read-more-container\"><a title=\"M\u0259zahir P\u0259nahovun o\u011flunun h\u0259yat yolda\u015f\u0131na \u015fidd\u0259t g\u00f6st\u0259rdiyi bildirilir\" class=\"read-more button\" href=\"https:\/\/www.meydan.tv\/az\/article\/m%c9%99zahir-p%c9%99nahovun-oglunun-h%c9%99yat-yoldasina-sidd%c9%99t-gost%c9%99rdiyi-bildirilir\/#more-329640\" aria-label=\"Read more about M\u0259zahir P\u0259nahovun o\u011flunun h\u0259yat yolda\u015f\u0131na \u015fidd\u0259t g\u00f6st\u0259rdiyi bildirilir\">Davam\u0131<\/a><\/p>\n","protected":false},"author":21,"featured_media":329643,"comment_status":"closed","ping_status":"closed","sticky":false,"template":"","format":"standard","meta":{"_acf_changed":false,"_sitemap_exclude":false,"_sitemap_priority":"","_sitemap_frequency":"","footnotes":""},"categories":[62,79,56],"tags":[],"class_list":["post-329640","post","type-post","status-publish","format-standard","has-post-thumbnail","hentry","category-sosial","category-featured","category-xeberler","infinite-scroll-item","generate-columns","tablet-grid-50","mobile-grid-100","grid-parent","grid-33","no-featured-image-padding"],"acf":[],"yoast_head":"<!-- This site is optimized with the Yoast SEO plugin v27.4 - https:\/\/yoast.com\/product\/yoast-seo-wordpress\/ -->\n<title>M\u0259zahir P\u0259nahovun o\u011flunun h\u0259yat yolda\u015f\u0131na \u015fidd\u0259t g\u00f6st\u0259rdiyi bildirilir - MEYDAN.TV<\/title>\n<meta name=\"robots\" content=\"index, follow, max-snippet:-1, max-image-preview:large, max-video-preview:-1\" \/>\n<link rel=\"canonical\" href=\"https:\/\/www.meydan.tv\/az\/article\/m%c9%99zahir-p%c9%99nahovun-oglunun-h%c9%99yat-yoldasina-sidd%c9%99t-gost%c9%99rdiyi-bildirilir\/\" \/>\n<meta property=\"og:locale\" content=\"az_AZ\" \/>\n<meta property=\"og:type\" content=\"article\" \/>\n<meta property=\"og:title\" content=\"M\u0259zahir P\u0259nahovun o\u011flunun h\u0259yat yolda\u015f\u0131na \u015fidd\u0259t g\u00f6st\u0259rdiyi bildirilir - MEYDAN.TV\" \/>\n<meta property=\"og:description\" content=\"Zorak\u0131l\u0131\u011f\u0131n P\u0259nahovun Los-Ancelesd\u0259 Hollivud ulduzlar\u0131n\u0131n ya\u015fad\u0131\u011f\u0131 \u0259razid\u0259 2 milyon 35 ... Davam\u0131\" \/>\n<meta property=\"og:url\" content=\"https:\/\/www.meydan.tv\/az\/article\/m%c9%99zahir-p%c9%99nahovun-oglunun-h%c9%99yat-yoldasina-sidd%c9%99t-gost%c9%99rdiyi-bildirilir\/\" \/>\n<meta property=\"og:site_name\" content=\"MEYDAN.TV\" \/>\n<meta property=\"article:published_time\" content=\"2025-05-02T12:02:02+00:00\" \/>\n<meta property=\"article:modified_time\" content=\"2025-05-02T12:02:05+00:00\" \/>\n<meta property=\"og:image\" content=\"https:\/\/www.meydan.tv\/wp-content\/uploads\/img_3637.jpeg\" \/>\n\t<meta property=\"og:image:width\" content=\"1280\" \/>\n\t<meta property=\"og:image:height\" content=\"738\" \/>\n\t<meta property=\"og:image:type\" content=\"image\/jpeg\" \/>\n<meta name=\"author\" content=\"mahmud\" \/>\n<meta name=\"twitter:card\" content=\"summary_large_image\" \/>\n<script type=\"application\/ld+json\" class=\"yoast-schema-graph\">{\"@context\":\"https:\\\/\\\/schema.org\",\"@graph\":[{\"@type\":\"Article\",\"@id\":\"https:\\\/\\\/www.meydan.tv\\\/az\\\/article\\\/m%c9%99zahir-p%c9%99nahovun-oglunun-h%c9%99yat-yoldasina-sidd%c9%99t-gost%c9%99rdiyi-bildirilir\\\/#article\",\"isPartOf\":{\"@id\":\"https:\\\/\\\/www.meydan.tv\\\/az\\\/article\\\/m%c9%99zahir-p%c9%99nahovun-oglunun-h%c9%99yat-yoldasina-sidd%c9%99t-gost%c9%99rdiyi-bildirilir\\\/\"},\"author\":{\"name\":\"mahmud\",\"@id\":\"https:\\\/\\\/www.meydan.tv\\\/az\\\/#\\\/schema\\\/person\\\/09863e516102a829e72bedcf3f84c6b0\"},\"headline\":\"M\u0259zahir P\u0259nahovun o\u011flunun h\u0259yat yolda\u015f\u0131na \u015fidd\u0259t g\u00f6st\u0259rdiyi bildirilir\",\"datePublished\":\"2025-05-02T12:02:02+00:00\",\"dateModified\":\"2025-05-02T12:02:05+00:00\",\"mainEntityOfPage\":{\"@id\":\"https:\\\/\\\/www.meydan.tv\\\/az\\\/article\\\/m%c9%99zahir-p%c9%99nahovun-oglunun-h%c9%99yat-yoldasina-sidd%c9%99t-gost%c9%99rdiyi-bildirilir\\\/\"},\"wordCount\":661,\"publisher\":{\"@id\":\"https:\\\/\\\/www.meydan.tv\\\/az\\\/#organization\"},\"image\":{\"@id\":\"https:\\\/\\\/www.meydan.tv\\\/az\\\/article\\\/m%c9%99zahir-p%c9%99nahovun-oglunun-h%c9%99yat-yoldasina-sidd%c9%99t-gost%c9%99rdiyi-bildirilir\\\/#primaryimage\"},\"thumbnailUrl\":\"https:\\\/\\\/www.meydan.tv\\\/wp-content\\\/uploads\\\/img_3637.jpeg\",\"articleSection\":[\"Sosial\",\"T\u00f6vsiy\u0259\",\"X\u0259b\u0259rl\u0259r\"],\"inLanguage\":\"az\"},{\"@type\":\"WebPage\",\"@id\":\"https:\\\/\\\/www.meydan.tv\\\/az\\\/article\\\/m%c9%99zahir-p%c9%99nahovun-oglunun-h%c9%99yat-yoldasina-sidd%c9%99t-gost%c9%99rdiyi-bildirilir\\\/\",\"url\":\"https:\\\/\\\/www.meydan.tv\\\/az\\\/article\\\/m%c9%99zahir-p%c9%99nahovun-oglunun-h%c9%99yat-yoldasina-sidd%c9%99t-gost%c9%99rdiyi-bildirilir\\\/\",\"name\":\"M\u0259zahir P\u0259nahovun o\u011flunun h\u0259yat yolda\u015f\u0131na \u015fidd\u0259t g\u00f6st\u0259rdiyi bildirilir - MEYDAN.TV\",\"isPartOf\":{\"@id\":\"https:\\\/\\\/www.meydan.tv\\\/az\\\/#website\"},\"primaryImageOfPage\":{\"@id\":\"https:\\\/\\\/www.meydan.tv\\\/az\\\/article\\\/m%c9%99zahir-p%c9%99nahovun-oglunun-h%c9%99yat-yoldasina-sidd%c9%99t-gost%c9%99rdiyi-bildirilir\\\/#primaryimage\"},\"image\":{\"@id\":\"https:\\\/\\\/www.meydan.tv\\\/az\\\/article\\\/m%c9%99zahir-p%c9%99nahovun-oglunun-h%c9%99yat-yoldasina-sidd%c9%99t-gost%c9%99rdiyi-bildirilir\\\/#primaryimage\"},\"thumbnailUrl\":\"https:\\\/\\\/www.meydan.tv\\\/wp-content\\\/uploads\\\/img_3637.jpeg\",\"datePublished\":\"2025-05-02T12:02:02+00:00\",\"dateModified\":\"2025-05-02T12:02:05+00:00\",\"breadcrumb\":{\"@id\":\"https:\\\/\\\/www.meydan.tv\\\/az\\\/article\\\/m%c9%99zahir-p%c9%99nahovun-oglunun-h%c9%99yat-yoldasina-sidd%c9%99t-gost%c9%99rdiyi-bildirilir\\\/#breadcrumb\"},\"inLanguage\":\"az\",\"potentialAction\":[{\"@type\":\"ReadAction\",\"target\":[\"https:\\\/\\\/www.meydan.tv\\\/az\\\/article\\\/m%c9%99zahir-p%c9%99nahovun-oglunun-h%c9%99yat-yoldasina-sidd%c9%99t-gost%c9%99rdiyi-bildirilir\\\/\"]}]},{\"@type\":\"ImageObject\",\"inLanguage\":\"az\",\"@id\":\"https:\\\/\\\/www.meydan.tv\\\/az\\\/article\\\/m%c9%99zahir-p%c9%99nahovun-oglunun-h%c9%99yat-yoldasina-sidd%c9%99t-gost%c9%99rdiyi-bildirilir\\\/#primaryimage\",\"url\":\"https:\\\/\\\/www.meydan.tv\\\/wp-content\\\/uploads\\\/img_3637.jpeg\",\"contentUrl\":\"https:\\\/\\\/www.meydan.tv\\\/wp-content\\\/uploads\\\/img_3637.jpeg\",\"width\":1280,\"height\":738},{\"@type\":\"BreadcrumbList\",\"@id\":\"https:\\\/\\\/www.meydan.tv\\\/az\\\/article\\\/m%c9%99zahir-p%c9%99nahovun-oglunun-h%c9%99yat-yoldasina-sidd%c9%99t-gost%c9%99rdiyi-bildirilir\\\/#breadcrumb\",\"itemListElement\":[{\"@type\":\"ListItem\",\"position\":1,\"name\":\"Ana s\u0259hif\u0259\",\"item\":\"https:\\\/\\\/www.meydan.tv\\\/az\\\/\"},{\"@type\":\"ListItem\",\"position\":2,\"name\":\"Sosial\",\"item\":\"https:\\\/\\\/www.meydan.tv\\\/az\\\/section\\\/sosial\\\/\"},{\"@type\":\"ListItem\",\"position\":3,\"name\":\"M\u0259zahir P\u0259nahovun o\u011flunun h\u0259yat yolda\u015f\u0131na \u015fidd\u0259t g\u00f6st\u0259rdiyi bildirilir\"}]},{\"@type\":\"WebSite\",\"@id\":\"https:\\\/\\\/www.meydan.tv\\\/az\\\/#website\",\"url\":\"https:\\\/\\\/www.meydan.tv\\\/az\\\/\",\"name\":\"MEYDAN.TV\",\"description\":\"Meydan TV Az\u0259rbaycan\u0131n media m\u0259kan\u0131ndak\u0131 alternativ s\u0259sidir\",\"publisher\":{\"@id\":\"https:\\\/\\\/www.meydan.tv\\\/az\\\/#organization\"},\"potentialAction\":[{\"@type\":\"SearchAction\",\"target\":{\"@type\":\"EntryPoint\",\"urlTemplate\":\"https:\\\/\\\/www.meydan.tv\\\/az\\\/?s={search_term_string}\"},\"query-input\":{\"@type\":\"PropertyValueSpecification\",\"valueRequired\":true,\"valueName\":\"search_term_string\"}}],\"inLanguage\":\"az\"},{\"@type\":\"Organization\",\"@id\":\"https:\\\/\\\/www.meydan.tv\\\/az\\\/#organization\",\"name\":\"Meydan TV\",\"url\":\"https:\\\/\\\/www.meydan.tv\\\/az\\\/\",\"logo\":{\"@type\":\"ImageObject\",\"inLanguage\":\"az\",\"@id\":\"https:\\\/\\\/www.meydan.tv\\\/az\\\/#\\\/schema\\\/logo\\\/image\\\/\",\"url\":\"https:\\\/\\\/www.meydan.tv\\\/wp-content\\\/uploads\\\/2021\\\/07\\\/meydan-logo.svg\",\"contentUrl\":\"https:\\\/\\\/www.meydan.tv\\\/wp-content\\\/uploads\\\/2021\\\/07\\\/meydan-logo.svg\",\"width\":195,\"height\":46,\"caption\":\"Meydan TV\"},\"image\":{\"@id\":\"https:\\\/\\\/www.meydan.tv\\\/az\\\/#\\\/schema\\\/logo\\\/image\\\/\"}},{\"@type\":\"Person\",\"@id\":\"https:\\\/\\\/www.meydan.tv\\\/az\\\/#\\\/schema\\\/person\\\/09863e516102a829e72bedcf3f84c6b0\",\"name\":\"mahmud\"}]}<\/script>\n<!-- \/ Yoast SEO plugin. -->","yoast_head_json":{"title":"M\u0259zahir P\u0259nahovun o\u011flunun h\u0259yat yolda\u015f\u0131na \u015fidd\u0259t g\u00f6st\u0259rdiyi bildirilir - MEYDAN.TV","robots":{"index":"index","follow":"follow","max-snippet":"max-snippet:-1","max-image-preview":"max-image-preview:large","max-video-preview":"max-video-preview:-1"},"canonical":"https:\/\/www.meydan.tv\/az\/article\/m%c9%99zahir-p%c9%99nahovun-oglunun-h%c9%99yat-yoldasina-sidd%c9%99t-gost%c9%99rdiyi-bildirilir\/","og_locale":"az_AZ","og_type":"article","og_title":"M\u0259zahir P\u0259nahovun o\u011flunun h\u0259yat yolda\u015f\u0131na \u015fidd\u0259t g\u00f6st\u0259rdiyi bildirilir - MEYDAN.TV","og_description":"Zorak\u0131l\u0131\u011f\u0131n P\u0259nahovun Los-Ancelesd\u0259 Hollivud ulduzlar\u0131n\u0131n ya\u015fad\u0131\u011f\u0131 \u0259razid\u0259 2 milyon 35 ... Davam\u0131","og_url":"https:\/\/www.meydan.tv\/az\/article\/m%c9%99zahir-p%c9%99nahovun-oglunun-h%c9%99yat-yoldasina-sidd%c9%99t-gost%c9%99rdiyi-bildirilir\/","og_site_name":"MEYDAN.TV","article_published_time":"2025-05-02T12:02:02+00:00","article_modified_time":"2025-05-02T12:02:05+00:00","og_image":[{"width":1280,"height":738,"url":"https:\/\/www.meydan.tv\/wp-content\/uploads\/img_3637.jpeg","type":"image\/jpeg"}],"author":"mahmud","twitter_card":"summary_large_image","schema":{"@context":"https:\/\/schema.org","@graph":[{"@type":"Article","@id":"https:\/\/www.meydan.tv\/az\/article\/m%c9%99zahir-p%c9%99nahovun-oglunun-h%c9%99yat-yoldasina-sidd%c9%99t-gost%c9%99rdiyi-bildirilir\/#article","isPartOf":{"@id":"https:\/\/www.meydan.tv\/az\/article\/m%c9%99zahir-p%c9%99nahovun-oglunun-h%c9%99yat-yoldasina-sidd%c9%99t-gost%c9%99rdiyi-bildirilir\/"},"author":{"name":"mahmud","@id":"https:\/\/www.meydan.tv\/az\/#\/schema\/person\/09863e516102a829e72bedcf3f84c6b0"},"headline":"M\u0259zahir P\u0259nahovun o\u011flunun h\u0259yat yolda\u015f\u0131na \u015fidd\u0259t g\u00f6st\u0259rdiyi bildirilir","datePublished":"2025-05-02T12:02:02+00:00","dateModified":"2025-05-02T12:02:05+00:00","mainEntityOfPage":{"@id":"https:\/\/www.meydan.tv\/az\/article\/m%c9%99zahir-p%c9%99nahovun-oglunun-h%c9%99yat-yoldasina-sidd%c9%99t-gost%c9%99rdiyi-bildirilir\/"},"wordCount":661,"publisher":{"@id":"https:\/\/www.meydan.tv\/az\/#organization"},"image":{"@id":"https:\/\/www.meydan.tv\/az\/article\/m%c9%99zahir-p%c9%99nahovun-oglunun-h%c9%99yat-yoldasina-sidd%c9%99t-gost%c9%99rdiyi-bildirilir\/#primaryimage"},"thumbnailUrl":"https:\/\/www.meydan.tv\/wp-content\/uploads\/img_3637.jpeg","articleSection":["Sosial","T\u00f6vsiy\u0259","X\u0259b\u0259rl\u0259r"],"inLanguage":"az"},{"@type":"WebPage","@id":"https:\/\/www.meydan.tv\/az\/article\/m%c9%99zahir-p%c9%99nahovun-oglunun-h%c9%99yat-yoldasina-sidd%c9%99t-gost%c9%99rdiyi-bildirilir\/","url":"https:\/\/www.meydan.tv\/az\/article\/m%c9%99zahir-p%c9%99nahovun-oglunun-h%c9%99yat-yoldasina-sidd%c9%99t-gost%c9%99rdiyi-bildirilir\/","name":"M\u0259zahir P\u0259nahovun o\u011flunun h\u0259yat yolda\u015f\u0131na \u015fidd\u0259t g\u00f6st\u0259rdiyi bildirilir - MEYDAN.TV","isPartOf":{"@id":"https:\/\/www.meydan.tv\/az\/#website"},"primaryImageOfPage":{"@id":"https:\/\/www.meydan.tv\/az\/article\/m%c9%99zahir-p%c9%99nahovun-oglunun-h%c9%99yat-yoldasina-sidd%c9%99t-gost%c9%99rdiyi-bildirilir\/#primaryimage"},"image":{"@id":"https:\/\/www.meydan.tv\/az\/article\/m%c9%99zahir-p%c9%99nahovun-oglunun-h%c9%99yat-yoldasina-sidd%c9%99t-gost%c9%99rdiyi-bildirilir\/#primaryimage"},"thumbnailUrl":"https:\/\/www.meydan.tv\/wp-content\/uploads\/img_3637.jpeg","datePublished":"2025-05-02T12:02:02+00:00","dateModified":"2025-05-02T12:02:05+00:00","breadcrumb":{"@id":"https:\/\/www.meydan.tv\/az\/article\/m%c9%99zahir-p%c9%99nahovun-oglunun-h%c9%99yat-yoldasina-sidd%c9%99t-gost%c9%99rdiyi-bildirilir\/#breadcrumb"},"inLanguage":"az","potentialAction":[{"@type":"ReadAction","target":["https:\/\/www.meydan.tv\/az\/article\/m%c9%99zahir-p%c9%99nahovun-oglunun-h%c9%99yat-yoldasina-sidd%c9%99t-gost%c9%99rdiyi-bildirilir\/"]}]},{"@type":"ImageObject","inLanguage":"az","@id":"https:\/\/www.meydan.tv\/az\/article\/m%c9%99zahir-p%c9%99nahovun-oglunun-h%c9%99yat-yoldasina-sidd%c9%99t-gost%c9%99rdiyi-bildirilir\/#primaryimage","url":"https:\/\/www.meydan.tv\/wp-content\/uploads\/img_3637.jpeg","contentUrl":"https:\/\/www.meydan.tv\/wp-content\/uploads\/img_3637.jpeg","width":1280,"height":738},{"@type":"BreadcrumbList","@id":"https:\/\/www.meydan.tv\/az\/article\/m%c9%99zahir-p%c9%99nahovun-oglunun-h%c9%99yat-yoldasina-sidd%c9%99t-gost%c9%99rdiyi-bildirilir\/#breadcrumb","itemListElement":[{"@type":"ListItem","position":1,"name":"Ana s\u0259hif\u0259","item":"https:\/\/www.meydan.tv\/az\/"},{"@type":"ListItem","position":2,"name":"Sosial","item":"https:\/\/www.meydan.tv\/az\/section\/sosial\/"},{"@type":"ListItem","position":3,"name":"M\u0259zahir P\u0259nahovun o\u011flunun h\u0259yat yolda\u015f\u0131na \u015fidd\u0259t g\u00f6st\u0259rdiyi bildirilir"}]},{"@type":"WebSite","@id":"https:\/\/www.meydan.tv\/az\/#website","url":"https:\/\/www.meydan.tv\/az\/","name":"MEYDAN.TV","description":"Meydan TV Az\u0259rbaycan\u0131n media m\u0259kan\u0131ndak\u0131 alternativ s\u0259sidir","publisher":{"@id":"https:\/\/www.meydan.tv\/az\/#organization"},"potentialAction":[{"@type":"SearchAction","target":{"@type":"EntryPoint","urlTemplate":"https:\/\/www.meydan.tv\/az\/?s={search_term_string}"},"query-input":{"@type":"PropertyValueSpecification","valueRequired":true,"valueName":"search_term_string"}}],"inLanguage":"az"},{"@type":"Organization","@id":"https:\/\/www.meydan.tv\/az\/#organization","name":"Meydan TV","url":"https:\/\/www.meydan.tv\/az\/","logo":{"@type":"ImageObject","inLanguage":"az","@id":"https:\/\/www.meydan.tv\/az\/#\/schema\/logo\/image\/","url":"https:\/\/www.meydan.tv\/wp-content\/uploads\/2021\/07\/meydan-logo.svg","contentUrl":"https:\/\/www.meydan.tv\/wp-content\/uploads\/2021\/07\/meydan-logo.svg","width":195,"height":46,"caption":"Meydan TV"},"image":{"@id":"https:\/\/www.meydan.tv\/az\/#\/schema\/logo\/image\/"}},{"@type":"Person","@id":"https:\/\/www.meydan.tv\/az\/#\/schema\/person\/09863e516102a829e72bedcf3f84c6b0","name":"mahmud"}]}},"_links":{"self":[{"href":"https:\/\/www.meydan.tv\/az\/wp-json\/wp\/v2\/posts\/329640","targetHints":{"allow":["GET"]}}],"collection":[{"href":"https:\/\/www.meydan.tv\/az\/wp-json\/wp\/v2\/posts"}],"about":[{"href":"https:\/\/www.meydan.tv\/az\/wp-json\/wp\/v2\/types\/post"}],"author":[{"embeddable":true,"href":"https:\/\/www.meydan.tv\/az\/wp-json\/wp\/v2\/users\/21"}],"replies":[{"embeddable":true,"href":"https:\/\/www.meydan.tv\/az\/wp-json\/wp\/v2\/comments?post=329640"}],"version-history":[{"count":2,"href":"https:\/\/www.meydan.tv\/az\/wp-json\/wp\/v2\/posts\/329640\/revisions"}],"predecessor-version":[{"id":329642,"href":"https:\/\/www.meydan.tv\/az\/wp-json\/wp\/v2\/posts\/329640\/revisions\/329642"}],"wp:featuredmedia":[{"embeddable":true,"href":"https:\/\/www.meydan.tv\/az\/wp-json\/wp\/v2\/media\/329643"}],"wp:attachment":[{"href":"https:\/\/www.meydan.tv\/az\/wp-json\/wp\/v2\/media?parent=329640"}],"wp:term":[{"taxonomy":"category","embeddable":true,"href":"https:\/\/www.meydan.tv\/az\/wp-json\/wp\/v2\/categories?post=329640"},{"taxonomy":"post_tag","embeddable":true,"href":"https:\/\/www.meydan.tv\/az\/wp-json\/wp\/v2\/tags?post=329640"}],"curies":[{"name":"wp","href":"https:\/\/api.w.org\/{rel}","templated":true}]}}