{"id":329610,"date":"2025-05-02T13:31:46","date_gmt":"2025-05-02T09:31:46","guid":{"rendered":"https:\/\/www.meydan.tv\/?p=329610"},"modified":"2025-05-02T13:31:49","modified_gmt":"2025-05-02T09:31:49","slug":"az%c9%99rbaycan-dunya-m%c9%99tbuat-azadligi-indeksind%c9%99-yen%c9%99-geril%c9%99yib","status":"publish","type":"post","link":"https:\/\/www.meydan.tv\/az\/article\/az%c9%99rbaycan-dunya-m%c9%99tbuat-azadligi-indeksind%c9%99-yen%c9%99-geril%c9%99yib\/","title":{"rendered":"Az\u0259rbaycan D\u00fcnya M\u0259tbuat Azadl\u0131\u011f\u0131 \u0130ndeksind\u0259 yen\u0259 geril\u0259yib"},"content":{"rendered":"\n<p><\/p>\n\n\n\n<p><strong><em>\u00d6lk\u0259 \u00fc\u00e7 pill\u0259 d\u0259 geril\u0259y\u0259r\u0259k 180 \u00f6lk\u0259 aras\u0131nda 167-ci yerd\u0259 q\u0259rarla\u015f\u0131b<\/em><\/strong><\/p>\n\n\n\n<p>May\u0131n 2-d\u0259 &#8220;S\u0259rh\u0259dsiz Reportyorlar&#8221; T\u0259\u015fkilat\u0131 (RSF) D\u00fcnya M\u0259tbuat Azadl\u0131\u011f\u0131 \u0130ndeksini <a href=\"https:\/\/rsf.org\/en\/rsf-world-press-freedom-index-2025-economic-fragility-leading-threat-press-freedom?year=2025&amp;data_type=general\" target=\"_blank\" rel=\"noreferrer noopener\">a\u00e7\u0131qlay\u0131b<\/a>. <\/p>\n\n\n\n<p>Bu il Az\u0259rbaycan d\u00fcnyada m\u0259tbuat azadl\u0131\u011f\u0131na g\u00f6r\u0259 \u00fc\u00e7 pill\u0259 geril\u0259y\u0259r\u0259k 180 \u00f6lk\u0259 aras\u0131nda 167-ci yerd\u0259 q\u0259rarla\u015f\u0131b.<\/p>\n\n\n\n<p>H\u0259r il bu qurum 3 may \u2013 D\u00fcnya M\u0259tbuat Azadl\u0131\u011f\u0131 G\u00fcn\u00fcnd\u0259 D\u00fcnya M\u0259tbuat Azadl\u0131\u011f\u0131 \u0130ndeksini t\u0259qdim edir.<\/p>\n\n\n\n<p>RSF bildirir ki, jurnalistl\u0259r\u0259 qar\u015f\u0131 fiziki h\u00fccumlar m\u0259tbuat azadl\u0131\u011f\u0131n\u0131n \u0259n \u00e7ox g\u00f6r\u00fcn\u0259n pozuntular\u0131 olsa da, iqtisadi t\u0259zyiq d\u0259 b\u00f6y\u00fck problem olaraq qal\u0131r. M\u0259tbuat azadl\u0131\u011f\u0131 indeksind\u0259 iqtisadi indikator haz\u0131rda g\u00f6r\u00fcnm\u0259mi\u015f s\u0259viyy\u0259d\u0259 a\u015fa\u011f\u0131 h\u0259dd\u0259dir. \u0130ndeksin tarixind\u0259 ilk d\u0259f\u0259 olaraq m\u0259tbuat azadl\u0131\u011f\u0131n\u0131n qlobal s\u0259viyy\u0259d\u0259 \u00e7\u0259tin durumda oldu\u011fu bildirilir.<\/p>\n\n\n\n<p>Bu g\u00fcn x\u0259b\u0259r medias\u0131 redaksiya m\u00fcst\u0259qilliyini qorumaqla iqtisadi bax\u0131mdan ayaqda qalmaq aras\u0131nda qal\u0131b. Bunu indeksin iqtisadi indikatoru \u00fcz\u0259 \u00e7\u0131xar\u0131b.<\/p>\n\n\n\n<p><em>&#8220;Median\u0131n maliyy\u0259 m\u00fcst\u0259qilliyi ictimai mara\u011fa xidm\u0259t ed\u0259n azad, etibarl\u0131 informasiya t\u0259minat\u0131 \u00fc\u00e7\u00fcn vacib \u015f\u0259rtdir&#8221;,<\/em> \u2013 RSF-in redaktoru Enn Bokande bildirir.<\/p>\n\n\n\n<p>RSF-in 2025-ci il D\u00fcnya M\u0259tbuat Azadl\u0131\u011f\u0131 \u0130ndeksi \u00fc\u00e7\u00fcn d\u0259y\u0259rl\u0259ndirdiyi 180 \u00f6lk\u0259d\u0259n 160-\u0131nda (88.9 faizind\u0259) media qurumlar\u0131 maliyy\u0259 sabitliyini \u00e7\u0259tinlikl\u0259 \u0259ld\u0259 edir, yaxud he\u00e7 \u0259ld\u0259 ed\u0259 bilmirl\u0259r.<\/p>\n\n\n\n<p>\u00d6lk\u0259l\u0259rin t\u0259xmin\u0259n \u00fc\u00e7d\u0259 birind\u0259 x\u0259b\u0259r orqanlar\u0131 iqtisadi \u00e7\u0259tinlikl\u0259r s\u0259b\u0259bind\u0259n ba\u011flan\u0131r.<\/p>\n\n\n\n<p>\u00dcmumilikd\u0259 34 \u00f6lk\u0259 media qurumlar\u0131n\u0131n k\u00fctl\u0259vi ba\u011flanmas\u0131na, son ill\u0259r jurnalistl\u0259rin k\u00fctl\u0259vi m\u00fchacir\u0259t\u0259 getm\u0259sin\u0259 g\u00f6r\u0259 \u00f6n\u0259 \u00e7\u0131x\u0131r. Bu, \u00f6z\u00fcn\u00fc Nikaraquada (172-ci yer), Belarusda (166), \u0130randa (176), Myanmada (169), Sudan (156), Az\u0259rbaycan (167) v\u0259 \u018ffqan\u0131standa (175) qabar\u0131q g\u00f6st\u0259rir.<\/p>\n\n\n\n<p>Birl\u0259\u015fmi\u015f \u015etatlar da indeksd\u0259 iki pil\u0259 geril\u0259y\u0259r\u0259k 57-ci yeri tutub. Bu \u00f6lk\u0259d\u0259 yerli jurnalistikan\u0131n iqtisadi durumun pisl\u0259\u015fm\u0259sind\u0259n \u0259ziyy\u0259t \u00e7\u0259kdiyi vur\u011fulan\u0131r. RSF Donald Tramp administrasiyas\u0131n\u0131n AB\u015e Qlobal Media Agentliyinin (USAGM) maliyy\u0259sini q\u0259fil k\u0259sm\u0259sini d\u0259 qeyd edir. Bu is\u0259 &#8220;Amerikan\u0131n S\u0259si&#8221; v\u0259 \u201cAzad Avropa\/Azadl\u0131q Radiolar\u0131\u201d daxil olmaqla bir ne\u00e7\u0259 x\u0259b\u0259r qurumuna t\u0259sirini g\u00f6st\u0259rib, \u201cn\u0259tic\u0259d\u0259 d\u00fcnyada az\u0131 400 milyon v\u0259t\u0259nda\u015f\u0131n etibarl\u0131 informasiyaya \u00e7\u0131x\u0131\u015f\u0131 q\u0259fil k\u0259silib&#8221;.<\/p>\n\n\n\n<p>Rusiya doqquz pill\u0259 geril\u0259y\u0259r\u0259k 171-ci, G\u00fcrc\u00fcstan 11 pill\u0259 d\u00fc\u015f\u0259r\u0259k 114-c\u00fc olub.<\/p>\n\n\n\n<p>\u00d6t\u0259n il indeksd\u0259 43-c\u00fc olan Erm\u0259nistan bu il ir\u0259lil\u0259y\u0259r\u0259k 34-c\u00fc pill\u0259d\u0259 q\u0259rarla\u015f\u0131b.<\/p>\n\n\n\n<p>\u201cS\u0259rh\u0259dsiz Reportyorlar\u201d \u015e\u0259rqi Avropa v\u0259 M\u0259rk\u0259zi Asiya \u015f\u00f6b\u0259sinin r\u0259hb\u0259ri Cin Kavelyer deyib ki, Az\u0259rbaycan daxilind\u0259 f\u0259aliyy\u0259t g\u00f6st\u0259r\u0259n \u201cm\u00fcst\u0259qil media orqan\u0131 qalmay\u0131b.<\/p>\n\n\n\n<p>O bildirib ki, Az\u0259rbaycanda m\u00fcst\u0259qil jurnalistika il\u0259 m\u0259\u015f\u011ful olmaq dem\u0259k olar ki, m\u00fcmk\u00fcns\u00fcz olub. O \u0259lav\u0259 edib ki, Suriya, \u015eimali Koreya v\u0259 Eritreya kimi \u00f6lk\u0259l\u0259rd\u0259 oldu\u011fu kimi, Az\u0259rbaycanda da hakimiyy\u0259t media resurslar\u0131na tam n\u0259zar\u0259t edir.&nbsp;<\/p>\n\n\n\n<p>Siyah\u0131n\u0131n ilk pill\u0259l\u0259rind\u0259 m\u00fcvafiq olaraq Norve\u00e7, Estoniya v\u0259 Hollandiya q\u0259rarla\u015f\u0131b. AB\u015e iki pill\u0259 geril\u0259y\u0259r\u0259k 57-ci yer\u0259 d\u00fc\u015f\u00fcb. Son pill\u0259ni is\u0259 Eritreya tutub.<\/p>\n\n\n\n<p>2023-c\u00fc ilin sonlar\u0131ndan ba\u015flayaraq Az\u0259rbaycanda 30-a yax\u0131n jurnalist h\u0259bs edilib.<\/p>\n\n\n\n<p>\u201cAbzasMedia\u201d i\u015fi \u00fczr\u0259 h\u0259bsl\u0259r 2023-c\u00fc il noyabr\u0131n 20-d\u0259n ba\u015flay\u0131b. \u00d6nc\u0259 sayt\u0131n direktoru \u00dclvi H\u0259s\u0259nli, direktor m\u00fcavini, ictimai f\u0259al M\u0259h\u0259mm\u0259d Kekalov, ba\u015f redaktoru Sevinc Vaqifq\u0131z\u0131 h\u0259bs edilib.<\/p>\n\n\n\n<p>Bundan sonra is\u0259 ara\u015fd\u0131rma\u00e7\u0131 jurnalist Hafiz Babal\u0131, reportyorlar N\u0259rgiz Absalamova v\u0259 Elnar\u0259 Qas\u0131mova h\u0259bs edilib.<\/p>\n\n\n\n<p>Onlar\u0131n h\u0259r biri Cinay\u0259t M\u0259c\u0259ll\u0259sinin 206.3.2-ci (bir qrup \u015f\u0259xs t\u0259r\u0259find\u0259n qa\u00e7aqmal\u00e7\u0131l\u0131q) madd\u0259si il\u0259 ittiham olunur. Bu madd\u0259 il\u0259 onlar\u0131 5 ild\u0259n 8 il\u0259 q\u0259d\u0259r azadl\u0131qdan m\u0259hrumetm\u0259 c\u0259zas\u0131 n\u0259z\u0259rd\u0259 tutulub.<\/p>\n\n\n\n<p>Mart\u0131n 6-da is\u0259 polis \u201cToplum TV\u201d-nin ofisin\u0259 basq\u0131n edib, ofisl\u0259 yana\u015f\u0131 sayt\u0131n bir ne\u00e7\u0259 \u0259m\u0259kda\u015f\u0131n\u0131n evind\u0259 d\u0259 axtar\u0131\u015f apar\u0131l\u0131b. Ofisd\u0259n 30 min avro, \u0259m\u0259kda\u015flar\u0131n is\u0259 evl\u0259rind\u0259n 2700, 3100 avro pul v\u0259saiti tap\u0131ld\u0131\u011f\u0131 bildirilib.<\/p>\n\n\n\n<p>Akif Qurbanova, F\u0259rid \u0130smay\u0131lova, M\u00fc\u015ffiq Cabbara, \u018fli Zeynala, Ramil Babayev\u0259, Elmir Abbasova v\u0259 \u0130lkin \u018fmrahova 206.3.2 (qa\u00e7aqmal\u00e7\u0131l\u0131q) ittiham\u0131 il\u0259 cinay\u0259t i\u015fi a\u00e7\u0131l\u0131b.<\/p>\n\n\n\n<p>H\u0259bs edil\u0259nl\u0259rin h\u0259r biri bunun s\u0131rf pe\u015f\u0259 f\u0259aliyy\u0259tl\u0259ri il\u0259 \u0259laq\u0259li oldu\u011funu bildirirl\u0259r.<\/p>\n\n\n\n<p>2024-c\u00fc il dekabr\u0131n 6-da Meydan TV-nin \u0259m\u0259kda\u015flar\u0131 Ramin Deko (C\u0259bray\u0131lzad\u0259), Aynur Q\u0259nb\u0259rova (Elg\u00fcn\u0259\u015f), Aysel Umudova, Aytac \u018fhm\u0259dova (Tapd\u0131q), X\u0259yal\u0259 A\u011fayeva, Natiq Cavadl\u0131 h\u0259bs edilibl\u0259r. Onlara qar\u015f\u0131 Cinay\u0259t M\u0259c\u0259ll\u0259sinin 206.3.2-ci (qa\u00e7aqmal\u00e7\u0131l\u0131q, \u0259vv\u0259lc\u0259d\u0259n \u0259lbir olan bir qrup \u015f\u0259xs t\u0259r\u0259find\u0259n t\u00f6r\u0259dildikd\u0259) madd\u0259si il\u0259 ittiham ir\u0259li s\u00fcr\u00fcl\u00fcb.<\/p>\n\n\n\n<p>Meydan TV \u0259m\u0259kda\u015flar\u0131 il\u0259 yana\u015f\u0131, eyni g\u00fcnd\u0259 v\u0259t\u0259nda\u015f c\u0259miyy\u0259tinin \u00fczv\u00fc \u00dclvi Tahirov da saxlan\u0131l\u0131b. Eyni ittihamla onun da bar\u0259sind\u0259 4 ayl\u0131q h\u0259bs q\u0259timkan t\u0259dbiri se\u00e7ilib. \u00dclvi Tahirovun Meydan TV-y\u0259 aidiyy\u0259ti yoxdur.<\/p>\n\n\n\n<p>2025-ci il fevral\u0131n 5-i \u201carqument.az\u201d sayt\u0131n\u0131n ba\u015f redaktoru, Meydan TV il\u0259 \u0259m\u0259kda\u015fl\u0131q ed\u0259n jurnalist \u015e\u0259m\u015fad A\u011fayev (A\u011fa) d\u0259 saxlan\u0131l\u0131b. Onun bar\u0259sind\u0259 2 ay 1 g\u00fcn m\u00fcdd\u0259tin\u0259 h\u0259bs q\u0259timkan t\u0259dbiri se\u00e7ilib.<\/p>\n\n\n\n<p>Fevral\u0131n 20-d\u0259 is\u0259 jurnalist Nurlan Libre (Q\u0259hr\u0259manl\u0131) \u201cMeydan TV\u201d il\u0259 \u0259laq\u0259li cinay\u0259t i\u015fin\u0259 g\u00f6r\u0259 saxlan\u0131l\u0131b. M\u0259hk\u0259m\u0259nin q\u0259rar\u0131 il\u0259 onun bar\u0259sind\u0259 1 ay 17 g\u00fcn m\u00fcdd\u0259tin\u0259 h\u0259bs q\u0259timkan t\u0259dbiri se\u00e7ilib.<\/p>\n\n\n\n<p>Fatim\u0259 M\u00f6vlaml\u0131 da fevral\u0131n 28-d\u0259 \u201cMeydan TV\u201d il\u0259 \u0259laq\u0259li cinay\u0259t i\u015fin\u0259 g\u00f6r\u0259 saxlan\u0131l\u0131b. X\u0259tai Rayon M\u0259hk\u0259m\u0259si mart\u0131n 1-d\u0259 istintaq d\u00f6vr\u00fc \u00fc\u00e7\u00fcn jurnalistin 1 ay 9 g\u00fcn m\u00fcdd\u0259tin\u0259 h\u0259bs olunmas\u0131 q\u0259rar\u0131n\u0131 \u00e7\u0131xar\u0131b.<\/p>\n\n\n\n<p>Saxlan\u0131lan jurnalistl\u0259rin evind\u0259 axtar\u0131\u015f apar\u0131l\u0131b, telefonlar\u0131, komp\u00fcterl\u0259ri v\u0259 dig\u0259r \u015f\u0259xsi \u0259\u015fyalar\u0131 g\u00f6t\u00fcr\u00fcl\u00fcb.<\/p>\n\n\n\n<p>H\u0259bs olunan jurnalistl\u0259r \u00f6zl\u0259rini t\u0259qsirli bilmir, Meydan TV \u0259m\u0259kda\u015flar\u0131n\u0131n t\u0259nqid\u00e7i f\u0259aliyy\u0259tl\u0259rin\u0259 g\u00f6r\u0259 c\u0259zaland\u0131r\u0131ld\u0131qlar\u0131n\u0131 b\u0259yan edibl\u0259r.<\/p>\n\n\n\n<p>Haz\u0131rda ox\u015far ittihamlarla 30-d\u0259k jurnalist, ictimai f\u0259al h\u0259bsd\u0259dir. Onlar ittiham\u0131 q\u0259bul etmir, pe\u015f\u0259 f\u0259aliyy\u0259tl\u0259ri il\u0259 \u0259laq\u0259l\u0259ndirirl\u0259r. Hakimiyy\u0259t t\u0259msil\u00e7il\u0259ri \u00f6lk\u0259d\u0259 siyasi motivli h\u0259bsl\u0259rin olmad\u0131\u011f\u0131n\u0131 deyirl\u0259r.<\/p>\n\n\n\n<p>Beyn\u0259lxalq insan haqlar\u0131 qurumlar\u0131, Q\u0259rb r\u0259smil\u0259ri d\u0259 h\u00f6kum\u0259ti haqs\u0131z tutulanlar\u0131 azad etm\u0259y\u0259 \u00e7a\u011f\u0131r\u0131rlar.<\/p>\n","protected":false},"excerpt":{"rendered":"<p>\u00d6lk\u0259 \u00fc\u00e7 pill\u0259 d\u0259 geril\u0259y\u0259r\u0259k 180 \u00f6lk\u0259 aras\u0131nda 167-ci yerd\u0259 &#8230; <\/p>\n<p class=\"read-more-container\"><a title=\"Az\u0259rbaycan D\u00fcnya M\u0259tbuat Azadl\u0131\u011f\u0131 \u0130ndeksind\u0259 yen\u0259 geril\u0259yib\" class=\"read-more button\" href=\"https:\/\/www.meydan.tv\/az\/article\/az%c9%99rbaycan-dunya-m%c9%99tbuat-azadligi-indeksind%c9%99-yen%c9%99-geril%c9%99yib\/#more-329610\" aria-label=\"Read more about Az\u0259rbaycan D\u00fcnya M\u0259tbuat Azadl\u0131\u011f\u0131 \u0130ndeksind\u0259 yen\u0259 geril\u0259yib\">Davam\u0131<\/a><\/p>\n","protected":false},"author":21,"featured_media":329617,"comment_status":"closed","ping_status":"closed","sticky":false,"template":"","format":"standard","meta":{"_acf_changed":false,"_sitemap_exclude":false,"_sitemap_priority":"","_sitemap_frequency":"","footnotes":""},"categories":[59,79,56],"tags":[],"class_list":["post-329610","post","type-post","status-publish","format-standard","has-post-thumbnail","hentry","category-siyaset","category-featured","category-xeberler","infinite-scroll-item","generate-columns","tablet-grid-50","mobile-grid-100","grid-parent","grid-33","no-featured-image-padding"],"acf":[],"yoast_head":"<!-- This site is optimized with the Yoast SEO plugin v27.5 - https:\/\/yoast.com\/product\/yoast-seo-wordpress\/ -->\n<title>Az\u0259rbaycan D\u00fcnya M\u0259tbuat Azadl\u0131\u011f\u0131 \u0130ndeksind\u0259 yen\u0259 geril\u0259yib - MEYDAN.TV<\/title>\n<meta name=\"robots\" content=\"index, follow, max-snippet:-1, max-image-preview:large, max-video-preview:-1\" \/>\n<link rel=\"canonical\" href=\"https:\/\/www.meydan.tv\/az\/article\/az%c9%99rbaycan-dunya-m%c9%99tbuat-azadligi-indeksind%c9%99-yen%c9%99-geril%c9%99yib\/\" \/>\n<meta property=\"og:locale\" content=\"az_AZ\" \/>\n<meta property=\"og:type\" content=\"article\" \/>\n<meta property=\"og:title\" content=\"Az\u0259rbaycan D\u00fcnya M\u0259tbuat Azadl\u0131\u011f\u0131 \u0130ndeksind\u0259 yen\u0259 geril\u0259yib - MEYDAN.TV\" \/>\n<meta property=\"og:description\" content=\"\u00d6lk\u0259 \u00fc\u00e7 pill\u0259 d\u0259 geril\u0259y\u0259r\u0259k 180 \u00f6lk\u0259 aras\u0131nda 167-ci yerd\u0259 ... Davam\u0131\" \/>\n<meta property=\"og:url\" content=\"https:\/\/www.meydan.tv\/az\/article\/az%c9%99rbaycan-dunya-m%c9%99tbuat-azadligi-indeksind%c9%99-yen%c9%99-geril%c9%99yib\/\" \/>\n<meta property=\"og:site_name\" content=\"MEYDAN.TV\" \/>\n<meta property=\"article:published_time\" content=\"2025-05-02T09:31:46+00:00\" \/>\n<meta property=\"article:modified_time\" content=\"2025-05-02T09:31:49+00:00\" \/>\n<meta property=\"og:image\" content=\"https:\/\/www.meydan.tv\/wp-content\/uploads\/465a93cb-2107-44e6-13f5-08dd8209f50d_cx6_cy0_cw89_w1597_n_r1_s_s.png\" \/>\n\t<meta property=\"og:image:width\" content=\"1597\" \/>\n\t<meta property=\"og:image:height\" content=\"898\" \/>\n\t<meta property=\"og:image:type\" content=\"image\/png\" \/>\n<meta name=\"author\" content=\"mahmud\" \/>\n<meta name=\"twitter:card\" content=\"summary_large_image\" \/>\n<script type=\"application\/ld+json\" class=\"yoast-schema-graph\">{\"@context\":\"https:\\\/\\\/schema.org\",\"@graph\":[{\"@type\":\"Article\",\"@id\":\"https:\\\/\\\/www.meydan.tv\\\/az\\\/article\\\/az%c9%99rbaycan-dunya-m%c9%99tbuat-azadligi-indeksind%c9%99-yen%c9%99-geril%c9%99yib\\\/#article\",\"isPartOf\":{\"@id\":\"https:\\\/\\\/www.meydan.tv\\\/az\\\/article\\\/az%c9%99rbaycan-dunya-m%c9%99tbuat-azadligi-indeksind%c9%99-yen%c9%99-geril%c9%99yib\\\/\"},\"author\":{\"name\":\"mahmud\",\"@id\":\"https:\\\/\\\/www.meydan.tv\\\/az\\\/#\\\/schema\\\/person\\\/09863e516102a829e72bedcf3f84c6b0\"},\"headline\":\"Az\u0259rbaycan D\u00fcnya M\u0259tbuat Azadl\u0131\u011f\u0131 \u0130ndeksind\u0259 yen\u0259 geril\u0259yib\",\"datePublished\":\"2025-05-02T09:31:46+00:00\",\"dateModified\":\"2025-05-02T09:31:49+00:00\",\"mainEntityOfPage\":{\"@id\":\"https:\\\/\\\/www.meydan.tv\\\/az\\\/article\\\/az%c9%99rbaycan-dunya-m%c9%99tbuat-azadligi-indeksind%c9%99-yen%c9%99-geril%c9%99yib\\\/\"},\"wordCount\":1208,\"publisher\":{\"@id\":\"https:\\\/\\\/www.meydan.tv\\\/az\\\/#organization\"},\"image\":{\"@id\":\"https:\\\/\\\/www.meydan.tv\\\/az\\\/article\\\/az%c9%99rbaycan-dunya-m%c9%99tbuat-azadligi-indeksind%c9%99-yen%c9%99-geril%c9%99yib\\\/#primaryimage\"},\"thumbnailUrl\":\"https:\\\/\\\/www.meydan.tv\\\/wp-content\\\/uploads\\\/465a93cb-2107-44e6-13f5-08dd8209f50d_cx6_cy0_cw89_w1597_n_r1_s_s.png\",\"articleSection\":[\"Siyas\u0259t\",\"T\u00f6vsiy\u0259\",\"X\u0259b\u0259rl\u0259r\"],\"inLanguage\":\"az\"},{\"@type\":\"WebPage\",\"@id\":\"https:\\\/\\\/www.meydan.tv\\\/az\\\/article\\\/az%c9%99rbaycan-dunya-m%c9%99tbuat-azadligi-indeksind%c9%99-yen%c9%99-geril%c9%99yib\\\/\",\"url\":\"https:\\\/\\\/www.meydan.tv\\\/az\\\/article\\\/az%c9%99rbaycan-dunya-m%c9%99tbuat-azadligi-indeksind%c9%99-yen%c9%99-geril%c9%99yib\\\/\",\"name\":\"Az\u0259rbaycan D\u00fcnya M\u0259tbuat Azadl\u0131\u011f\u0131 \u0130ndeksind\u0259 yen\u0259 geril\u0259yib - MEYDAN.TV\",\"isPartOf\":{\"@id\":\"https:\\\/\\\/www.meydan.tv\\\/az\\\/#website\"},\"primaryImageOfPage\":{\"@id\":\"https:\\\/\\\/www.meydan.tv\\\/az\\\/article\\\/az%c9%99rbaycan-dunya-m%c9%99tbuat-azadligi-indeksind%c9%99-yen%c9%99-geril%c9%99yib\\\/#primaryimage\"},\"image\":{\"@id\":\"https:\\\/\\\/www.meydan.tv\\\/az\\\/article\\\/az%c9%99rbaycan-dunya-m%c9%99tbuat-azadligi-indeksind%c9%99-yen%c9%99-geril%c9%99yib\\\/#primaryimage\"},\"thumbnailUrl\":\"https:\\\/\\\/www.meydan.tv\\\/wp-content\\\/uploads\\\/465a93cb-2107-44e6-13f5-08dd8209f50d_cx6_cy0_cw89_w1597_n_r1_s_s.png\",\"datePublished\":\"2025-05-02T09:31:46+00:00\",\"dateModified\":\"2025-05-02T09:31:49+00:00\",\"breadcrumb\":{\"@id\":\"https:\\\/\\\/www.meydan.tv\\\/az\\\/article\\\/az%c9%99rbaycan-dunya-m%c9%99tbuat-azadligi-indeksind%c9%99-yen%c9%99-geril%c9%99yib\\\/#breadcrumb\"},\"inLanguage\":\"az\",\"potentialAction\":[{\"@type\":\"ReadAction\",\"target\":[\"https:\\\/\\\/www.meydan.tv\\\/az\\\/article\\\/az%c9%99rbaycan-dunya-m%c9%99tbuat-azadligi-indeksind%c9%99-yen%c9%99-geril%c9%99yib\\\/\"]}]},{\"@type\":\"ImageObject\",\"inLanguage\":\"az\",\"@id\":\"https:\\\/\\\/www.meydan.tv\\\/az\\\/article\\\/az%c9%99rbaycan-dunya-m%c9%99tbuat-azadligi-indeksind%c9%99-yen%c9%99-geril%c9%99yib\\\/#primaryimage\",\"url\":\"https:\\\/\\\/www.meydan.tv\\\/wp-content\\\/uploads\\\/465a93cb-2107-44e6-13f5-08dd8209f50d_cx6_cy0_cw89_w1597_n_r1_s_s.png\",\"contentUrl\":\"https:\\\/\\\/www.meydan.tv\\\/wp-content\\\/uploads\\\/465a93cb-2107-44e6-13f5-08dd8209f50d_cx6_cy0_cw89_w1597_n_r1_s_s.png\",\"width\":1597,\"height\":898,\"caption\":\"D\u00fcnya M\u0259tbuat Azadl\u0131\u011f\u0131 \u0130ndeksi 2025. Foto: RSF\"},{\"@type\":\"BreadcrumbList\",\"@id\":\"https:\\\/\\\/www.meydan.tv\\\/az\\\/article\\\/az%c9%99rbaycan-dunya-m%c9%99tbuat-azadligi-indeksind%c9%99-yen%c9%99-geril%c9%99yib\\\/#breadcrumb\",\"itemListElement\":[{\"@type\":\"ListItem\",\"position\":1,\"name\":\"Ana s\u0259hif\u0259\",\"item\":\"https:\\\/\\\/www.meydan.tv\\\/az\\\/\"},{\"@type\":\"ListItem\",\"position\":2,\"name\":\"X\u0259b\u0259rl\u0259r\",\"item\":\"https:\\\/\\\/www.meydan.tv\\\/az\\\/section\\\/xeberler\\\/\"},{\"@type\":\"ListItem\",\"position\":3,\"name\":\"Az\u0259rbaycan D\u00fcnya M\u0259tbuat Azadl\u0131\u011f\u0131 \u0130ndeksind\u0259 yen\u0259 geril\u0259yib\"}]},{\"@type\":\"WebSite\",\"@id\":\"https:\\\/\\\/www.meydan.tv\\\/az\\\/#website\",\"url\":\"https:\\\/\\\/www.meydan.tv\\\/az\\\/\",\"name\":\"MEYDAN.TV\",\"description\":\"Meydan TV Az\u0259rbaycan\u0131n media m\u0259kan\u0131ndak\u0131 alternativ s\u0259sidir\",\"publisher\":{\"@id\":\"https:\\\/\\\/www.meydan.tv\\\/az\\\/#organization\"},\"potentialAction\":[{\"@type\":\"SearchAction\",\"target\":{\"@type\":\"EntryPoint\",\"urlTemplate\":\"https:\\\/\\\/www.meydan.tv\\\/az\\\/?s={search_term_string}\"},\"query-input\":{\"@type\":\"PropertyValueSpecification\",\"valueRequired\":true,\"valueName\":\"search_term_string\"}}],\"inLanguage\":\"az\"},{\"@type\":\"Organization\",\"@id\":\"https:\\\/\\\/www.meydan.tv\\\/az\\\/#organization\",\"name\":\"Meydan TV\",\"url\":\"https:\\\/\\\/www.meydan.tv\\\/az\\\/\",\"logo\":{\"@type\":\"ImageObject\",\"inLanguage\":\"az\",\"@id\":\"https:\\\/\\\/www.meydan.tv\\\/az\\\/#\\\/schema\\\/logo\\\/image\\\/\",\"url\":\"https:\\\/\\\/www.meydan.tv\\\/wp-content\\\/uploads\\\/2021\\\/07\\\/meydan-logo.svg\",\"contentUrl\":\"https:\\\/\\\/www.meydan.tv\\\/wp-content\\\/uploads\\\/2021\\\/07\\\/meydan-logo.svg\",\"width\":195,\"height\":46,\"caption\":\"Meydan TV\"},\"image\":{\"@id\":\"https:\\\/\\\/www.meydan.tv\\\/az\\\/#\\\/schema\\\/logo\\\/image\\\/\"}},{\"@type\":\"Person\",\"@id\":\"https:\\\/\\\/www.meydan.tv\\\/az\\\/#\\\/schema\\\/person\\\/09863e516102a829e72bedcf3f84c6b0\",\"name\":\"mahmud\"}]}<\/script>\n<!-- \/ Yoast SEO plugin. -->","yoast_head_json":{"title":"Az\u0259rbaycan D\u00fcnya M\u0259tbuat Azadl\u0131\u011f\u0131 \u0130ndeksind\u0259 yen\u0259 geril\u0259yib - MEYDAN.TV","robots":{"index":"index","follow":"follow","max-snippet":"max-snippet:-1","max-image-preview":"max-image-preview:large","max-video-preview":"max-video-preview:-1"},"canonical":"https:\/\/www.meydan.tv\/az\/article\/az%c9%99rbaycan-dunya-m%c9%99tbuat-azadligi-indeksind%c9%99-yen%c9%99-geril%c9%99yib\/","og_locale":"az_AZ","og_type":"article","og_title":"Az\u0259rbaycan D\u00fcnya M\u0259tbuat Azadl\u0131\u011f\u0131 \u0130ndeksind\u0259 yen\u0259 geril\u0259yib - MEYDAN.TV","og_description":"\u00d6lk\u0259 \u00fc\u00e7 pill\u0259 d\u0259 geril\u0259y\u0259r\u0259k 180 \u00f6lk\u0259 aras\u0131nda 167-ci yerd\u0259 ... Davam\u0131","og_url":"https:\/\/www.meydan.tv\/az\/article\/az%c9%99rbaycan-dunya-m%c9%99tbuat-azadligi-indeksind%c9%99-yen%c9%99-geril%c9%99yib\/","og_site_name":"MEYDAN.TV","article_published_time":"2025-05-02T09:31:46+00:00","article_modified_time":"2025-05-02T09:31:49+00:00","og_image":[{"width":1597,"height":898,"url":"https:\/\/www.meydan.tv\/wp-content\/uploads\/465a93cb-2107-44e6-13f5-08dd8209f50d_cx6_cy0_cw89_w1597_n_r1_s_s.png","type":"image\/png"}],"author":"mahmud","twitter_card":"summary_large_image","schema":{"@context":"https:\/\/schema.org","@graph":[{"@type":"Article","@id":"https:\/\/www.meydan.tv\/az\/article\/az%c9%99rbaycan-dunya-m%c9%99tbuat-azadligi-indeksind%c9%99-yen%c9%99-geril%c9%99yib\/#article","isPartOf":{"@id":"https:\/\/www.meydan.tv\/az\/article\/az%c9%99rbaycan-dunya-m%c9%99tbuat-azadligi-indeksind%c9%99-yen%c9%99-geril%c9%99yib\/"},"author":{"name":"mahmud","@id":"https:\/\/www.meydan.tv\/az\/#\/schema\/person\/09863e516102a829e72bedcf3f84c6b0"},"headline":"Az\u0259rbaycan D\u00fcnya M\u0259tbuat Azadl\u0131\u011f\u0131 \u0130ndeksind\u0259 yen\u0259 geril\u0259yib","datePublished":"2025-05-02T09:31:46+00:00","dateModified":"2025-05-02T09:31:49+00:00","mainEntityOfPage":{"@id":"https:\/\/www.meydan.tv\/az\/article\/az%c9%99rbaycan-dunya-m%c9%99tbuat-azadligi-indeksind%c9%99-yen%c9%99-geril%c9%99yib\/"},"wordCount":1208,"publisher":{"@id":"https:\/\/www.meydan.tv\/az\/#organization"},"image":{"@id":"https:\/\/www.meydan.tv\/az\/article\/az%c9%99rbaycan-dunya-m%c9%99tbuat-azadligi-indeksind%c9%99-yen%c9%99-geril%c9%99yib\/#primaryimage"},"thumbnailUrl":"https:\/\/www.meydan.tv\/wp-content\/uploads\/465a93cb-2107-44e6-13f5-08dd8209f50d_cx6_cy0_cw89_w1597_n_r1_s_s.png","articleSection":["Siyas\u0259t","T\u00f6vsiy\u0259","X\u0259b\u0259rl\u0259r"],"inLanguage":"az"},{"@type":"WebPage","@id":"https:\/\/www.meydan.tv\/az\/article\/az%c9%99rbaycan-dunya-m%c9%99tbuat-azadligi-indeksind%c9%99-yen%c9%99-geril%c9%99yib\/","url":"https:\/\/www.meydan.tv\/az\/article\/az%c9%99rbaycan-dunya-m%c9%99tbuat-azadligi-indeksind%c9%99-yen%c9%99-geril%c9%99yib\/","name":"Az\u0259rbaycan D\u00fcnya M\u0259tbuat Azadl\u0131\u011f\u0131 \u0130ndeksind\u0259 yen\u0259 geril\u0259yib - MEYDAN.TV","isPartOf":{"@id":"https:\/\/www.meydan.tv\/az\/#website"},"primaryImageOfPage":{"@id":"https:\/\/www.meydan.tv\/az\/article\/az%c9%99rbaycan-dunya-m%c9%99tbuat-azadligi-indeksind%c9%99-yen%c9%99-geril%c9%99yib\/#primaryimage"},"image":{"@id":"https:\/\/www.meydan.tv\/az\/article\/az%c9%99rbaycan-dunya-m%c9%99tbuat-azadligi-indeksind%c9%99-yen%c9%99-geril%c9%99yib\/#primaryimage"},"thumbnailUrl":"https:\/\/www.meydan.tv\/wp-content\/uploads\/465a93cb-2107-44e6-13f5-08dd8209f50d_cx6_cy0_cw89_w1597_n_r1_s_s.png","datePublished":"2025-05-02T09:31:46+00:00","dateModified":"2025-05-02T09:31:49+00:00","breadcrumb":{"@id":"https:\/\/www.meydan.tv\/az\/article\/az%c9%99rbaycan-dunya-m%c9%99tbuat-azadligi-indeksind%c9%99-yen%c9%99-geril%c9%99yib\/#breadcrumb"},"inLanguage":"az","potentialAction":[{"@type":"ReadAction","target":["https:\/\/www.meydan.tv\/az\/article\/az%c9%99rbaycan-dunya-m%c9%99tbuat-azadligi-indeksind%c9%99-yen%c9%99-geril%c9%99yib\/"]}]},{"@type":"ImageObject","inLanguage":"az","@id":"https:\/\/www.meydan.tv\/az\/article\/az%c9%99rbaycan-dunya-m%c9%99tbuat-azadligi-indeksind%c9%99-yen%c9%99-geril%c9%99yib\/#primaryimage","url":"https:\/\/www.meydan.tv\/wp-content\/uploads\/465a93cb-2107-44e6-13f5-08dd8209f50d_cx6_cy0_cw89_w1597_n_r1_s_s.png","contentUrl":"https:\/\/www.meydan.tv\/wp-content\/uploads\/465a93cb-2107-44e6-13f5-08dd8209f50d_cx6_cy0_cw89_w1597_n_r1_s_s.png","width":1597,"height":898,"caption":"D\u00fcnya M\u0259tbuat Azadl\u0131\u011f\u0131 \u0130ndeksi 2025. Foto: RSF"},{"@type":"BreadcrumbList","@id":"https:\/\/www.meydan.tv\/az\/article\/az%c9%99rbaycan-dunya-m%c9%99tbuat-azadligi-indeksind%c9%99-yen%c9%99-geril%c9%99yib\/#breadcrumb","itemListElement":[{"@type":"ListItem","position":1,"name":"Ana s\u0259hif\u0259","item":"https:\/\/www.meydan.tv\/az\/"},{"@type":"ListItem","position":2,"name":"X\u0259b\u0259rl\u0259r","item":"https:\/\/www.meydan.tv\/az\/section\/xeberler\/"},{"@type":"ListItem","position":3,"name":"Az\u0259rbaycan D\u00fcnya M\u0259tbuat Azadl\u0131\u011f\u0131 \u0130ndeksind\u0259 yen\u0259 geril\u0259yib"}]},{"@type":"WebSite","@id":"https:\/\/www.meydan.tv\/az\/#website","url":"https:\/\/www.meydan.tv\/az\/","name":"MEYDAN.TV","description":"Meydan TV Az\u0259rbaycan\u0131n media m\u0259kan\u0131ndak\u0131 alternativ s\u0259sidir","publisher":{"@id":"https:\/\/www.meydan.tv\/az\/#organization"},"potentialAction":[{"@type":"SearchAction","target":{"@type":"EntryPoint","urlTemplate":"https:\/\/www.meydan.tv\/az\/?s={search_term_string}"},"query-input":{"@type":"PropertyValueSpecification","valueRequired":true,"valueName":"search_term_string"}}],"inLanguage":"az"},{"@type":"Organization","@id":"https:\/\/www.meydan.tv\/az\/#organization","name":"Meydan TV","url":"https:\/\/www.meydan.tv\/az\/","logo":{"@type":"ImageObject","inLanguage":"az","@id":"https:\/\/www.meydan.tv\/az\/#\/schema\/logo\/image\/","url":"https:\/\/www.meydan.tv\/wp-content\/uploads\/2021\/07\/meydan-logo.svg","contentUrl":"https:\/\/www.meydan.tv\/wp-content\/uploads\/2021\/07\/meydan-logo.svg","width":195,"height":46,"caption":"Meydan TV"},"image":{"@id":"https:\/\/www.meydan.tv\/az\/#\/schema\/logo\/image\/"}},{"@type":"Person","@id":"https:\/\/www.meydan.tv\/az\/#\/schema\/person\/09863e516102a829e72bedcf3f84c6b0","name":"mahmud"}]}},"_links":{"self":[{"href":"https:\/\/www.meydan.tv\/az\/wp-json\/wp\/v2\/posts\/329610","targetHints":{"allow":["GET"]}}],"collection":[{"href":"https:\/\/www.meydan.tv\/az\/wp-json\/wp\/v2\/posts"}],"about":[{"href":"https:\/\/www.meydan.tv\/az\/wp-json\/wp\/v2\/types\/post"}],"author":[{"embeddable":true,"href":"https:\/\/www.meydan.tv\/az\/wp-json\/wp\/v2\/users\/21"}],"replies":[{"embeddable":true,"href":"https:\/\/www.meydan.tv\/az\/wp-json\/wp\/v2\/comments?post=329610"}],"version-history":[{"count":1,"href":"https:\/\/www.meydan.tv\/az\/wp-json\/wp\/v2\/posts\/329610\/revisions"}],"predecessor-version":[{"id":329620,"href":"https:\/\/www.meydan.tv\/az\/wp-json\/wp\/v2\/posts\/329610\/revisions\/329620"}],"wp:featuredmedia":[{"embeddable":true,"href":"https:\/\/www.meydan.tv\/az\/wp-json\/wp\/v2\/media\/329617"}],"wp:attachment":[{"href":"https:\/\/www.meydan.tv\/az\/wp-json\/wp\/v2\/media?parent=329610"}],"wp:term":[{"taxonomy":"category","embeddable":true,"href":"https:\/\/www.meydan.tv\/az\/wp-json\/wp\/v2\/categories?post=329610"},{"taxonomy":"post_tag","embeddable":true,"href":"https:\/\/www.meydan.tv\/az\/wp-json\/wp\/v2\/tags?post=329610"}],"curies":[{"name":"wp","href":"https:\/\/api.w.org\/{rel}","templated":true}]}}