{"id":329603,"date":"2025-05-01T18:00:57","date_gmt":"2025-05-01T14:00:57","guid":{"rendered":"https:\/\/www.meydan.tv\/?p=329603"},"modified":"2025-05-01T18:01:00","modified_gmt":"2025-05-01T14:01:00","slug":"v%c9%99kili-tofiq-yaqublu-artiq-husunu-itirir","status":"publish","type":"post","link":"https:\/\/www.meydan.tv\/az\/article\/v%c9%99kili-tofiq-yaqublu-artiq-husunu-itirir\/","title":{"rendered":"V\u0259kili: \u201cTofiq Yaqublu art\u0131q hu\u015funu itirir\u201d"},"content":{"rendered":"\n<p><\/p>\n\n\n\n<p><strong><em>\u201cO, h\u0259r bir an h\u0259yat\u0131n\u0131 itir\u0259 bil\u0259r\u201d<\/em><\/strong><\/p>\n\n\n\n<p>V\u0259kil Nazim Musayev bu g\u00fcn \u018fdliyy\u0259 nazirliyinin m\u00fcalic\u0259 m\u00fc\u0259ssis\u0259sind\u0259 31 g\u00fcnd\u00fcr h\u0259bsin\u0259 etiraz olaraq acl\u0131q ed\u0259n M\u00fcsavat Partiyas\u0131n\u0131n v\u0259 Milli \u015euran\u0131n \u00fczv\u00fc Tofiq Yaqublu il\u0259 g\u00f6r\u00fc\u015f\u00fcb.<\/p>\n\n\n\n<p>Nazim Musayev <a href=\"https:\/\/www.facebook.com\/nigar.yaqublu.3\/videos\/1200687765067978\" target=\"_blank\" rel=\"noreferrer noopener\">deyib <\/a>ki, Tofiq Yaqublunun v\u0259ziyy\u0259ti h\u0259ddind\u0259n art\u0131q narahatedicidir.<\/p>\n\n\n\n<p><em>\u201cG\u00fcn\u00fc-g\u00fcnd\u0259n \u00e7\u0259kisi azal\u0131r. Bu g\u00fcn \u00e7\u0259kisi 79.6 kq-d\u0131r. Dig\u0259r g\u00f6st\u0259ricil\u0259rini yad\u0131nda saxlaya bilm\u0259diyi \u00fc\u00e7\u00fcn m\u0259lumat ver\u0259 bilm\u0259di. Saxlanma \u015f\u0259raitind\u0259n \u015fikay\u0259ti yoxdur. <\/em><em>H\u0259kiml\u0259rin n\u0259zar\u0259ti alt\u0131ndad\u0131r. V\u0259ziyy\u0259ti \u00e7ox a\u011f\u0131rd\u0131r. H\u0259r\u0259k\u0259td\u0259 taq\u0259tsizdir, qolundan tutub g\u0259tirirl\u0259r. <\/em><em>Art\u0131q <\/em><em>hu\u015funun itirilm\u0259si ba\u015f verir\u201d.<\/em><em><\/em><\/p>\n\n\n\n<p>V\u0259kil bildirib ki, Tofiq Yaqublu h\u0259r bir an h\u0259yat\u0131n\u0131 itir\u0259 bil\u0259r.<\/p>\n\n\n\n<p><em>\u201cOna g\u00f6r\u0259 t\u0259xir\u0259 sal\u0131nmadan t\u0259dbirl\u0259r g\u00f6r\u00fclm\u0259lidir\u201d. &nbsp;<\/em><\/p>\n\n\n\n<p>Tofiq Yaqublunun q\u0131z\u0131 Nigar H\u0259zi \u201cFacebook s\u0259hif\u0259sind\u0259 yaz\u0131r ki, atas\u0131n\u0131 m\u00fcayin\u0259 etm\u0259k \u00fc\u00e7\u00fcn h\u0259kim Adil Qeybulla m\u00fcalic\u0259 m\u00fc\u0259ssis\u0259sin\u0259 burax\u0131lm\u0131r: &nbsp;<\/p>\n\n\n\n<p><em>\u201cTofiq Yaqublu 31 g\u00fcn \u0259rzind\u0259 16 kq \u00e7\u0259ki itirib. H<\/em><em>\u0259r an gerid\u00f6nm\u0259z hallar ba\u015f ver\u0259 bil\u0259r. H\u0259kim Adil Qeybulla is\u0259 h\u0259l\u0259 d\u0259 m\u00fc\u0259ssis\u0259si burax\u0131lm\u0131r<\/em><em>\u201d<\/em>.<\/p>\n\n\n\n<p>Tofiq Yaqublu 2023-c\u00fc ilin dekabr\u0131nda h\u0259bs olunub. Mart\u0131n 10-da Bak\u0131 A\u011f\u0131r Cinay\u0259tl\u0259r M\u0259hk\u0259m\u0259sind\u0259 ke\u00e7iril\u0259n prosesd\u0259 d\u0259l\u0259duzluqda v\u0259 saxta s\u0259n\u0259d haz\u0131rlamaqda t\u0259qsirli bilin\u0259r\u0259k 9 il azadl\u0131qdan m\u0259hrum edilib. Buna etiraz olaraq aprelin 1-d\u0259n \u00f6l\u00fcm acl\u0131\u011f\u0131 edir.<\/p>\n\n\n\n<p>Tofiq Yaqublunun apelyasiya m\u0259hk\u0259m\u0259si is\u0259 may\u0131n 6-na t\u0259yin olunub.<\/p>\n\n\n\n<p>Bu, siyas\u0259t\u00e7inin ilk acl\u0131q aksiyas\u0131 deyil.<\/p>\n\n\n\n<p>O, 2020-ci il mart\u0131n 22-d\u0259 h\u0259bsin\u0259 etiraz olaraq 17 g\u00fcn acl\u0131q etmi\u015fdi. Sonradan v\u0259ziyy\u0259ti pisl\u0259\u015fdiyin\u0259 g\u00f6r\u0259 4 il 3 ayl\u0131q h\u0259bs h\u00f6km\u00fc \u015f\u0259rti c\u0259za il\u0259 \u0259v\u0259zl\u0259nmi\u015fdi.<\/p>\n\n\n\n<p>M\u00fcxalif siyas\u0259t\u00e7i 32 ildir Az\u0259rbaycana r\u0259hb\u0259rlik ed\u0259n \u018fliyevl\u0259r ail\u0259sinin \u0259sas t\u0259nqid\u00e7isidir v\u0259 bu m\u00fcdd\u0259td\u0259 8 d\u0259f\u0259 h\u0259bs olunub. O, vicdan m\u0259hbusu kimi tan\u0131n\u0131b.<\/p>\n","protected":false},"excerpt":{"rendered":"<p>\u201cO, h\u0259r bir an h\u0259yat\u0131n\u0131 itir\u0259 bil\u0259r\u201d V\u0259kil Nazim Musayev &#8230; <\/p>\n<p class=\"read-more-container\"><a title=\"V\u0259kili: \u201cTofiq Yaqublu art\u0131q hu\u015funu itirir\u201d\" class=\"read-more button\" href=\"https:\/\/www.meydan.tv\/az\/article\/v%c9%99kili-tofiq-yaqublu-artiq-husunu-itirir\/#more-329603\" aria-label=\"Read more about V\u0259kili: \u201cTofiq Yaqublu art\u0131q hu\u015funu itirir\u201d\">Davam\u0131<\/a><\/p>\n","protected":false},"author":21,"featured_media":328388,"comment_status":"closed","ping_status":"closed","sticky":false,"template":"","format":"standard","meta":{"_acf_changed":false,"_sitemap_exclude":false,"_sitemap_priority":"","_sitemap_frequency":"","footnotes":""},"categories":[59,79,56],"tags":[],"class_list":["post-329603","post","type-post","status-publish","format-standard","has-post-thumbnail","hentry","category-siyaset","category-featured","category-xeberler","infinite-scroll-item","generate-columns","tablet-grid-50","mobile-grid-100","grid-parent","grid-33","no-featured-image-padding"],"acf":[],"yoast_head":"<!-- This site is optimized with the Yoast SEO plugin v27.5 - https:\/\/yoast.com\/product\/yoast-seo-wordpress\/ -->\n<title>V\u0259kili: \u201cTofiq Yaqublu art\u0131q hu\u015funu itirir\u201d - MEYDAN.TV<\/title>\n<meta name=\"robots\" content=\"index, follow, max-snippet:-1, max-image-preview:large, max-video-preview:-1\" \/>\n<link rel=\"canonical\" href=\"https:\/\/www.meydan.tv\/az\/article\/v%c9%99kili-tofiq-yaqublu-artiq-husunu-itirir\/\" \/>\n<meta property=\"og:locale\" content=\"az_AZ\" \/>\n<meta property=\"og:type\" content=\"article\" \/>\n<meta property=\"og:title\" content=\"V\u0259kili: \u201cTofiq Yaqublu art\u0131q hu\u015funu itirir\u201d - MEYDAN.TV\" \/>\n<meta property=\"og:description\" content=\"\u201cO, h\u0259r bir an h\u0259yat\u0131n\u0131 itir\u0259 bil\u0259r\u201d V\u0259kil Nazim Musayev ... Davam\u0131\" \/>\n<meta property=\"og:url\" content=\"https:\/\/www.meydan.tv\/az\/article\/v%c9%99kili-tofiq-yaqublu-artiq-husunu-itirir\/\" \/>\n<meta property=\"og:site_name\" content=\"MEYDAN.TV\" \/>\n<meta property=\"article:published_time\" content=\"2025-05-01T14:00:57+00:00\" \/>\n<meta property=\"article:modified_time\" content=\"2025-05-01T14:01:00+00:00\" \/>\n<meta property=\"og:image\" content=\"https:\/\/www.meydan.tv\/wp-content\/uploads\/0644.png\" \/>\n\t<meta property=\"og:image:width\" content=\"1179\" \/>\n\t<meta property=\"og:image:height\" content=\"576\" \/>\n\t<meta property=\"og:image:type\" content=\"image\/png\" \/>\n<meta name=\"author\" content=\"mahmud\" \/>\n<meta name=\"twitter:card\" content=\"summary_large_image\" \/>\n<script type=\"application\/ld+json\" class=\"yoast-schema-graph\">{\"@context\":\"https:\\\/\\\/schema.org\",\"@graph\":[{\"@type\":\"Article\",\"@id\":\"https:\\\/\\\/www.meydan.tv\\\/az\\\/article\\\/v%c9%99kili-tofiq-yaqublu-artiq-husunu-itirir\\\/#article\",\"isPartOf\":{\"@id\":\"https:\\\/\\\/www.meydan.tv\\\/az\\\/article\\\/v%c9%99kili-tofiq-yaqublu-artiq-husunu-itirir\\\/\"},\"author\":{\"name\":\"mahmud\",\"@id\":\"https:\\\/\\\/www.meydan.tv\\\/az\\\/#\\\/schema\\\/person\\\/09863e516102a829e72bedcf3f84c6b0\"},\"headline\":\"V\u0259kili: \u201cTofiq Yaqublu art\u0131q hu\u015funu itirir\u201d\",\"datePublished\":\"2025-05-01T14:00:57+00:00\",\"dateModified\":\"2025-05-01T14:01:00+00:00\",\"mainEntityOfPage\":{\"@id\":\"https:\\\/\\\/www.meydan.tv\\\/az\\\/article\\\/v%c9%99kili-tofiq-yaqublu-artiq-husunu-itirir\\\/\"},\"wordCount\":404,\"publisher\":{\"@id\":\"https:\\\/\\\/www.meydan.tv\\\/az\\\/#organization\"},\"image\":{\"@id\":\"https:\\\/\\\/www.meydan.tv\\\/az\\\/article\\\/v%c9%99kili-tofiq-yaqublu-artiq-husunu-itirir\\\/#primaryimage\"},\"thumbnailUrl\":\"https:\\\/\\\/www.meydan.tv\\\/wp-content\\\/uploads\\\/0644.png\",\"articleSection\":[\"Siyas\u0259t\",\"T\u00f6vsiy\u0259\",\"X\u0259b\u0259rl\u0259r\"],\"inLanguage\":\"az\"},{\"@type\":\"WebPage\",\"@id\":\"https:\\\/\\\/www.meydan.tv\\\/az\\\/article\\\/v%c9%99kili-tofiq-yaqublu-artiq-husunu-itirir\\\/\",\"url\":\"https:\\\/\\\/www.meydan.tv\\\/az\\\/article\\\/v%c9%99kili-tofiq-yaqublu-artiq-husunu-itirir\\\/\",\"name\":\"V\u0259kili: \u201cTofiq Yaqublu art\u0131q hu\u015funu itirir\u201d - MEYDAN.TV\",\"isPartOf\":{\"@id\":\"https:\\\/\\\/www.meydan.tv\\\/az\\\/#website\"},\"primaryImageOfPage\":{\"@id\":\"https:\\\/\\\/www.meydan.tv\\\/az\\\/article\\\/v%c9%99kili-tofiq-yaqublu-artiq-husunu-itirir\\\/#primaryimage\"},\"image\":{\"@id\":\"https:\\\/\\\/www.meydan.tv\\\/az\\\/article\\\/v%c9%99kili-tofiq-yaqublu-artiq-husunu-itirir\\\/#primaryimage\"},\"thumbnailUrl\":\"https:\\\/\\\/www.meydan.tv\\\/wp-content\\\/uploads\\\/0644.png\",\"datePublished\":\"2025-05-01T14:00:57+00:00\",\"dateModified\":\"2025-05-01T14:01:00+00:00\",\"breadcrumb\":{\"@id\":\"https:\\\/\\\/www.meydan.tv\\\/az\\\/article\\\/v%c9%99kili-tofiq-yaqublu-artiq-husunu-itirir\\\/#breadcrumb\"},\"inLanguage\":\"az\",\"potentialAction\":[{\"@type\":\"ReadAction\",\"target\":[\"https:\\\/\\\/www.meydan.tv\\\/az\\\/article\\\/v%c9%99kili-tofiq-yaqublu-artiq-husunu-itirir\\\/\"]}]},{\"@type\":\"ImageObject\",\"inLanguage\":\"az\",\"@id\":\"https:\\\/\\\/www.meydan.tv\\\/az\\\/article\\\/v%c9%99kili-tofiq-yaqublu-artiq-husunu-itirir\\\/#primaryimage\",\"url\":\"https:\\\/\\\/www.meydan.tv\\\/wp-content\\\/uploads\\\/0644.png\",\"contentUrl\":\"https:\\\/\\\/www.meydan.tv\\\/wp-content\\\/uploads\\\/0644.png\",\"width\":1179,\"height\":576,\"caption\":\"Tofiq Yaqublu. Foto: Meydan TV\"},{\"@type\":\"BreadcrumbList\",\"@id\":\"https:\\\/\\\/www.meydan.tv\\\/az\\\/article\\\/v%c9%99kili-tofiq-yaqublu-artiq-husunu-itirir\\\/#breadcrumb\",\"itemListElement\":[{\"@type\":\"ListItem\",\"position\":1,\"name\":\"Ana s\u0259hif\u0259\",\"item\":\"https:\\\/\\\/www.meydan.tv\\\/az\\\/\"},{\"@type\":\"ListItem\",\"position\":2,\"name\":\"Siyas\u0259t\",\"item\":\"https:\\\/\\\/www.meydan.tv\\\/az\\\/section\\\/siyaset\\\/\"},{\"@type\":\"ListItem\",\"position\":3,\"name\":\"V\u0259kili: \u201cTofiq Yaqublu art\u0131q hu\u015funu itirir\u201d\"}]},{\"@type\":\"WebSite\",\"@id\":\"https:\\\/\\\/www.meydan.tv\\\/az\\\/#website\",\"url\":\"https:\\\/\\\/www.meydan.tv\\\/az\\\/\",\"name\":\"MEYDAN.TV\",\"description\":\"Meydan TV Az\u0259rbaycan\u0131n media m\u0259kan\u0131ndak\u0131 alternativ s\u0259sidir\",\"publisher\":{\"@id\":\"https:\\\/\\\/www.meydan.tv\\\/az\\\/#organization\"},\"potentialAction\":[{\"@type\":\"SearchAction\",\"target\":{\"@type\":\"EntryPoint\",\"urlTemplate\":\"https:\\\/\\\/www.meydan.tv\\\/az\\\/?s={search_term_string}\"},\"query-input\":{\"@type\":\"PropertyValueSpecification\",\"valueRequired\":true,\"valueName\":\"search_term_string\"}}],\"inLanguage\":\"az\"},{\"@type\":\"Organization\",\"@id\":\"https:\\\/\\\/www.meydan.tv\\\/az\\\/#organization\",\"name\":\"Meydan TV\",\"url\":\"https:\\\/\\\/www.meydan.tv\\\/az\\\/\",\"logo\":{\"@type\":\"ImageObject\",\"inLanguage\":\"az\",\"@id\":\"https:\\\/\\\/www.meydan.tv\\\/az\\\/#\\\/schema\\\/logo\\\/image\\\/\",\"url\":\"https:\\\/\\\/www.meydan.tv\\\/wp-content\\\/uploads\\\/2021\\\/07\\\/meydan-logo.svg\",\"contentUrl\":\"https:\\\/\\\/www.meydan.tv\\\/wp-content\\\/uploads\\\/2021\\\/07\\\/meydan-logo.svg\",\"width\":195,\"height\":46,\"caption\":\"Meydan TV\"},\"image\":{\"@id\":\"https:\\\/\\\/www.meydan.tv\\\/az\\\/#\\\/schema\\\/logo\\\/image\\\/\"}},{\"@type\":\"Person\",\"@id\":\"https:\\\/\\\/www.meydan.tv\\\/az\\\/#\\\/schema\\\/person\\\/09863e516102a829e72bedcf3f84c6b0\",\"name\":\"mahmud\"}]}<\/script>\n<!-- \/ Yoast SEO plugin. -->","yoast_head_json":{"title":"V\u0259kili: \u201cTofiq Yaqublu art\u0131q hu\u015funu itirir\u201d - MEYDAN.TV","robots":{"index":"index","follow":"follow","max-snippet":"max-snippet:-1","max-image-preview":"max-image-preview:large","max-video-preview":"max-video-preview:-1"},"canonical":"https:\/\/www.meydan.tv\/az\/article\/v%c9%99kili-tofiq-yaqublu-artiq-husunu-itirir\/","og_locale":"az_AZ","og_type":"article","og_title":"V\u0259kili: \u201cTofiq Yaqublu art\u0131q hu\u015funu itirir\u201d - MEYDAN.TV","og_description":"\u201cO, h\u0259r bir an h\u0259yat\u0131n\u0131 itir\u0259 bil\u0259r\u201d V\u0259kil Nazim Musayev ... Davam\u0131","og_url":"https:\/\/www.meydan.tv\/az\/article\/v%c9%99kili-tofiq-yaqublu-artiq-husunu-itirir\/","og_site_name":"MEYDAN.TV","article_published_time":"2025-05-01T14:00:57+00:00","article_modified_time":"2025-05-01T14:01:00+00:00","og_image":[{"width":1179,"height":576,"url":"https:\/\/www.meydan.tv\/wp-content\/uploads\/0644.png","type":"image\/png"}],"author":"mahmud","twitter_card":"summary_large_image","schema":{"@context":"https:\/\/schema.org","@graph":[{"@type":"Article","@id":"https:\/\/www.meydan.tv\/az\/article\/v%c9%99kili-tofiq-yaqublu-artiq-husunu-itirir\/#article","isPartOf":{"@id":"https:\/\/www.meydan.tv\/az\/article\/v%c9%99kili-tofiq-yaqublu-artiq-husunu-itirir\/"},"author":{"name":"mahmud","@id":"https:\/\/www.meydan.tv\/az\/#\/schema\/person\/09863e516102a829e72bedcf3f84c6b0"},"headline":"V\u0259kili: \u201cTofiq Yaqublu art\u0131q hu\u015funu itirir\u201d","datePublished":"2025-05-01T14:00:57+00:00","dateModified":"2025-05-01T14:01:00+00:00","mainEntityOfPage":{"@id":"https:\/\/www.meydan.tv\/az\/article\/v%c9%99kili-tofiq-yaqublu-artiq-husunu-itirir\/"},"wordCount":404,"publisher":{"@id":"https:\/\/www.meydan.tv\/az\/#organization"},"image":{"@id":"https:\/\/www.meydan.tv\/az\/article\/v%c9%99kili-tofiq-yaqublu-artiq-husunu-itirir\/#primaryimage"},"thumbnailUrl":"https:\/\/www.meydan.tv\/wp-content\/uploads\/0644.png","articleSection":["Siyas\u0259t","T\u00f6vsiy\u0259","X\u0259b\u0259rl\u0259r"],"inLanguage":"az"},{"@type":"WebPage","@id":"https:\/\/www.meydan.tv\/az\/article\/v%c9%99kili-tofiq-yaqublu-artiq-husunu-itirir\/","url":"https:\/\/www.meydan.tv\/az\/article\/v%c9%99kili-tofiq-yaqublu-artiq-husunu-itirir\/","name":"V\u0259kili: \u201cTofiq Yaqublu art\u0131q hu\u015funu itirir\u201d - MEYDAN.TV","isPartOf":{"@id":"https:\/\/www.meydan.tv\/az\/#website"},"primaryImageOfPage":{"@id":"https:\/\/www.meydan.tv\/az\/article\/v%c9%99kili-tofiq-yaqublu-artiq-husunu-itirir\/#primaryimage"},"image":{"@id":"https:\/\/www.meydan.tv\/az\/article\/v%c9%99kili-tofiq-yaqublu-artiq-husunu-itirir\/#primaryimage"},"thumbnailUrl":"https:\/\/www.meydan.tv\/wp-content\/uploads\/0644.png","datePublished":"2025-05-01T14:00:57+00:00","dateModified":"2025-05-01T14:01:00+00:00","breadcrumb":{"@id":"https:\/\/www.meydan.tv\/az\/article\/v%c9%99kili-tofiq-yaqublu-artiq-husunu-itirir\/#breadcrumb"},"inLanguage":"az","potentialAction":[{"@type":"ReadAction","target":["https:\/\/www.meydan.tv\/az\/article\/v%c9%99kili-tofiq-yaqublu-artiq-husunu-itirir\/"]}]},{"@type":"ImageObject","inLanguage":"az","@id":"https:\/\/www.meydan.tv\/az\/article\/v%c9%99kili-tofiq-yaqublu-artiq-husunu-itirir\/#primaryimage","url":"https:\/\/www.meydan.tv\/wp-content\/uploads\/0644.png","contentUrl":"https:\/\/www.meydan.tv\/wp-content\/uploads\/0644.png","width":1179,"height":576,"caption":"Tofiq Yaqublu. Foto: Meydan TV"},{"@type":"BreadcrumbList","@id":"https:\/\/www.meydan.tv\/az\/article\/v%c9%99kili-tofiq-yaqublu-artiq-husunu-itirir\/#breadcrumb","itemListElement":[{"@type":"ListItem","position":1,"name":"Ana s\u0259hif\u0259","item":"https:\/\/www.meydan.tv\/az\/"},{"@type":"ListItem","position":2,"name":"Siyas\u0259t","item":"https:\/\/www.meydan.tv\/az\/section\/siyaset\/"},{"@type":"ListItem","position":3,"name":"V\u0259kili: \u201cTofiq Yaqublu art\u0131q hu\u015funu itirir\u201d"}]},{"@type":"WebSite","@id":"https:\/\/www.meydan.tv\/az\/#website","url":"https:\/\/www.meydan.tv\/az\/","name":"MEYDAN.TV","description":"Meydan TV Az\u0259rbaycan\u0131n media m\u0259kan\u0131ndak\u0131 alternativ s\u0259sidir","publisher":{"@id":"https:\/\/www.meydan.tv\/az\/#organization"},"potentialAction":[{"@type":"SearchAction","target":{"@type":"EntryPoint","urlTemplate":"https:\/\/www.meydan.tv\/az\/?s={search_term_string}"},"query-input":{"@type":"PropertyValueSpecification","valueRequired":true,"valueName":"search_term_string"}}],"inLanguage":"az"},{"@type":"Organization","@id":"https:\/\/www.meydan.tv\/az\/#organization","name":"Meydan TV","url":"https:\/\/www.meydan.tv\/az\/","logo":{"@type":"ImageObject","inLanguage":"az","@id":"https:\/\/www.meydan.tv\/az\/#\/schema\/logo\/image\/","url":"https:\/\/www.meydan.tv\/wp-content\/uploads\/2021\/07\/meydan-logo.svg","contentUrl":"https:\/\/www.meydan.tv\/wp-content\/uploads\/2021\/07\/meydan-logo.svg","width":195,"height":46,"caption":"Meydan TV"},"image":{"@id":"https:\/\/www.meydan.tv\/az\/#\/schema\/logo\/image\/"}},{"@type":"Person","@id":"https:\/\/www.meydan.tv\/az\/#\/schema\/person\/09863e516102a829e72bedcf3f84c6b0","name":"mahmud"}]}},"_links":{"self":[{"href":"https:\/\/www.meydan.tv\/az\/wp-json\/wp\/v2\/posts\/329603","targetHints":{"allow":["GET"]}}],"collection":[{"href":"https:\/\/www.meydan.tv\/az\/wp-json\/wp\/v2\/posts"}],"about":[{"href":"https:\/\/www.meydan.tv\/az\/wp-json\/wp\/v2\/types\/post"}],"author":[{"embeddable":true,"href":"https:\/\/www.meydan.tv\/az\/wp-json\/wp\/v2\/users\/21"}],"replies":[{"embeddable":true,"href":"https:\/\/www.meydan.tv\/az\/wp-json\/wp\/v2\/comments?post=329603"}],"version-history":[{"count":1,"href":"https:\/\/www.meydan.tv\/az\/wp-json\/wp\/v2\/posts\/329603\/revisions"}],"predecessor-version":[{"id":329604,"href":"https:\/\/www.meydan.tv\/az\/wp-json\/wp\/v2\/posts\/329603\/revisions\/329604"}],"wp:featuredmedia":[{"embeddable":true,"href":"https:\/\/www.meydan.tv\/az\/wp-json\/wp\/v2\/media\/328388"}],"wp:attachment":[{"href":"https:\/\/www.meydan.tv\/az\/wp-json\/wp\/v2\/media?parent=329603"}],"wp:term":[{"taxonomy":"category","embeddable":true,"href":"https:\/\/www.meydan.tv\/az\/wp-json\/wp\/v2\/categories?post=329603"},{"taxonomy":"post_tag","embeddable":true,"href":"https:\/\/www.meydan.tv\/az\/wp-json\/wp\/v2\/tags?post=329603"}],"curies":[{"name":"wp","href":"https:\/\/api.w.org\/{rel}","templated":true}]}}