{"id":329572,"date":"2025-05-01T15:31:50","date_gmt":"2025-05-01T11:31:50","guid":{"rendered":"https:\/\/www.meydan.tv\/?p=329572"},"modified":"2025-05-01T15:31:53","modified_gmt":"2025-05-01T11:31:53","slug":"jurnalistl%c9%99ri-mudafi%c9%99-komit%c9%99si-trampin-r%c9%99hb%c9%99rliyi-dovrund%c9%99-abs-d%c9%99-m%c9%99tbuat-azadligi-asinir","status":"publish","type":"post","link":"https:\/\/www.meydan.tv\/az\/article\/jurnalistl%c9%99ri-mudafi%c9%99-komit%c9%99si-trampin-r%c9%99hb%c9%99rliyi-dovrund%c9%99-abs-d%c9%99-m%c9%99tbuat-azadligi-asinir\/","title":{"rendered":"Jurnalistl\u0259ri M\u00fcdafi\u0259 Komit\u0259si: \u201cTramp\u0131n r\u0259hb\u0259rliyi d\u00f6vr\u00fcnd\u0259 AB\u015e-d\u0259 m\u0259tbuat azadl\u0131\u011f\u0131 a\u015f\u0131n\u0131r\u201d"},"content":{"rendered":"\n<p><\/p>\n\n\n\n<p><strong><em>\u201cUSAID v\u0259 USAGM-in iflas\u0131 h\u0259m AB\u015e-d\u0259, h\u0259m d\u0259 xaricd\u0259 minl\u0259rl\u0259 jurnalistin f\u0259aliyy\u0259tini dayand\u0131rmas\u0131na s\u0259b\u0259b olub\u201d<\/em><\/strong><\/p>\n\n\n\n<p>Jurnalistl\u0259ri M\u00fcdafi\u0259 Komit\u0259si (CPJ) Prezident Donald Tramp\u0131n r\u0259hb\u0259rliyi alt\u0131nda AB\u015e h\u00f6kum\u0259tinin m\u0259tbuata m\u00fcnasib\u0259tini \u0259ks etdir\u0259n 100 g\u00fcnl\u00fck <a href=\"https:\/\/cpj.org\/special-reports\/alarm-bells-trumps-first-100-days-ramp-up-fear-for-the-press-democracy\/\" target=\"_blank\" rel=\"noreferrer noopener\">hesabat\u0131nda<\/a> AB\u015e-d\u0259 m\u0259tbuat azadl\u0131\u011f\u0131n\u0131n a\u015f\u0131nmas\u0131 il\u0259 ba\u011fl\u0131 x\u0259b\u0259rdarl\u0131q ed\u0259r\u0259k b\u00fct\u00fcn \u00f6lk\u0259 \u00fczr\u0259 x\u0259b\u0259r redaksiyalar\u0131n\u0131 m\u00fcst\u0259qil, faktlara \u0259saslanan jurnalistikaya qar\u015f\u0131 artan &#8220;t\u0259hdid dal\u011fas\u0131&#8221; il\u0259 m\u00fcbariz\u0259 aparmaq \u00fc\u00e7\u00fcn vahid c\u0259bh\u0259 yaratma\u011fa \u00e7a\u011f\u0131r\u0131b.<\/p>\n\n\n\n<p>CPJ administrasiyan\u0131 &#8220;AB\u015e \u0259halisinin geni\u015f t\u0259b\u0259q\u0259l\u0259ri \u00fc\u00e7\u00fcn m\u00fcst\u0259qil v\u0259 fakta \u0259saslanan x\u0259b\u0259rl\u0259rin m\u00f6vcudlu\u011funu t\u0259hdid ed\u0259n heyr\u0259tamiz sayda t\u0259dbir&#8221; almaqda ittiham edib.<\/p>\n\n\n\n<p><em>&#8220;Demokratiya t\u0259n\u0259zz\u00fcl etdikd\u0259 ilk h\u00fccuma m\u0259ruz qalanlar jurnalistl\u0259rdir v\u0259 haz\u0131rk\u0131 AB\u015e administrasiyas\u0131n\u0131n f\u0259aliyy\u0259ti h\u0259r bir jurnalist, h\u0259r bir x\u0259b\u0259r redaksiyas\u0131 v\u0259 h\u0259r bir AB\u015e v\u0259t\u0259nda\u015f\u0131 \u00fc\u00e7\u00fcn t\u0259cili x\u0259b\u0259rdarl\u0131q siqnal\u0131 olmal\u0131d\u0131r&#8221;,<\/em> &#8211; CPJ-nin icra\u00e7\u0131 direktoru Codi Qinsberq hesabatda bildirib.<\/p>\n\n\n\n<p><em>&#8220;Arxay\u0131n oturmaq v\u0259 ya bu davran\u0131\u015flar\u0131 g\u00f6zard\u0131 etm\u0259k zaman\u0131 deyil. \u018fg\u0259r anormal olan\u0131 normal q\u0259bul ets\u0259k, bir \u00e7ox ba\u015fqa azadl\u0131qlar t\u0259hl\u00fck\u0259 alt\u0131nda olacaq \u2013 siyas\u0259tinizd\u0259n as\u0131l\u0131 olmayaraq&#8221;,<\/em> &#8211; Qinsberq \u0259lav\u0259 edib.<\/p>\n\n\n\n<p>CPJ-nin hesabat\u0131nda qeyd olunub ki, yanvar\u0131n 20-d\u0259n ba\u015flayan Tramp\u0131n ikinci prezidentlik m\u00fcdd\u0259tind\u0259n ke\u00e7\u0259n 100 g\u00fcn \u0259rzind\u0259 administrasiya bir s\u0131ra add\u0131mlar at\u0131b. Bu add\u0131mlar is\u0259 \u0259sas media orqanlar\u0131n\u0131 A\u011f evin artan t\u0259zyiql\u0259rin\u0259 nec\u0259 reaksiya verm\u0259li olduqlar\u0131 il\u0259 ba\u011fl\u0131 qeyri-m\u00fc\u0259yy\u0259n v\u0259ziyy\u0259td\u0259 qoyub.<\/p>\n\n\n\n<p>N\u0259tic\u0259d\u0259 h\u0259m media sahibl\u0259ri, h\u0259m d\u0259 jurnalistl\u0259r &#8220;Prezidenti raz\u0131 salmaq, yoxsa \u00e7\u0131x\u0131\u015f v\u0259 m\u0259lumat \u0259ld\u0259 etm\u0259k imkan\u0131n\u0131 itirm\u0259k riski il\u0259 \u00fczl\u0259\u015fm\u0259k&#8221; dilemmas\u0131 il\u0259 \u00fczl\u0259\u015fibl\u0259r.<\/p>\n\n\n\n<p>CPJ vur\u011fulay\u0131b ki, \u00f6lk\u0259 \u00fczr\u0259 m\u0259tbuat azadl\u0131\u011f\u0131na t\u0259hdid yaradan amill\u0259r s\u0131ras\u0131nda A\u011f ev\u0259 \u00e7\u0131x\u0131\u015f\u0131 t\u0259nziml\u0259y\u0259n prosedurlar\u0131n v\u0259 &#8220;press pool&#8221;un t\u0259rkibinin d\u0259yi\u015fdirilm\u0259si, Federal Kommunikasiya Komissiyas\u0131 (FCC) v\u0259 dig\u0259r t\u0259nziml\u0259yici qurumlar\u0131n f\u0259aliyy\u0259tind\u0259 siyasi meyll\u0259rin artmas\u0131, h\u0259m\u00e7inin A\u011f evin ictimai yay\u0131m\u00e7\u0131lar olan NPR v\u0259 PBS \u00fc\u00e7\u00fcn d\u00f6vl\u0259t maliyy\u0259l\u0259\u015fm\u0259sinin dayand\u0131r\u0131lmas\u0131na dair \u00e7a\u011f\u0131r\u0131\u015flar\u0131 da yer al\u0131r.<\/p>\n\n\n\n<p><em>&#8220;Giri\u015fin m\u0259hdudla\u015fd\u0131r\u0131lmas\u0131ndan tutmu\u015f, azad m\u0259tbuat\u0131n m\u00fcst\u0259qilliyin\u0259 h\u00f6rm\u0259tin pozulmas\u0131na, media qurumlar\u0131n\u0131n h\u0259d\u0259f\u0259 al\u0131nmas\u0131ndan tutmu\u015f, qisasla h\u0259d\u0259l\u0259nm\u0259y\u0259 q\u0259d\u0259r bu administrasiya art\u0131q mediaya m\u00fcnasib\u0259td\u0259 c\u0259zaland\u0131rmaq v\u0259 ya m\u00fckafatland\u0131rmaq \u00fc\u00e7\u00fcn \u00f6z g\u00fcc\u00fcn\u00fc t\u0259tbiq etm\u0259y\u0259 ba\u015flay\u0131b<\/em>&#8220;, &#8211; CPJ bildirib.<\/p>\n\n\n\n<p>CPJ h\u0259m\u00e7inin Federal Kommunikasiya Komissiyas\u0131n\u0131n CBS, NBC, ABC kimi b\u00f6y\u00fck televiziya \u015f\u0259b\u0259k\u0259l\u0259ri v\u0259 NPR v\u0259 PBS kimi ictimai yay\u0131m\u00e7\u0131lar \u00fcz\u0259rind\u0259 apard\u0131\u011f\u0131 &#8220;siyasi ittihaml\u0131&#8221; ara\u015fd\u0131rmalara diqq\u0259t \u00e7\u0259kib. O bildirib ki, bu ara\u015fd\u0131rmalar\u0131n \u0259sasland\u0131r\u0131lmas\u0131 &#8220;yalan\u00e7\u0131 x\u0259b\u0259r\u00e7ilik iddialar\u0131ndan tutmu\u015f, lisenziya m\u00fcqavil\u0259l\u0259rinin pozulmas\u0131 bar\u0259d\u0259 iradlara q\u0259d\u0259r&#8221; d\u0259yi\u015fir.<\/p>\n\n\n\n<p>CPJ h\u0259m\u00e7inin qeyd edib ki, AB\u015e-d\u0259 at\u0131lan add\u0131mlar yaln\u0131z \u00f6lk\u0259 daxilind\u0259 deyil, xaricd\u0259 d\u0259 t\u0259sir g\u00f6st\u0259rib. M\u0259s\u0259l\u0259n, AB\u015e Beyn\u0259lxalq \u0130nki\u015faf Agentliyi (USAID) v\u0259 AB\u015e Qlobal Media Agentliyinin (USAGM) iflas\u0131 h\u0259m AB\u015e-d\u0259, h\u0259m d\u0259 xaricd\u0259 minl\u0259rl\u0259 jurnalistin f\u0259aliyy\u0259tini dayand\u0131rmas\u0131na v\u0259 ya l\u0259\u011fv edilm\u0259sin\u0259 s\u0259b\u0259b olub.<\/p>\n\n\n\n<p><em>&#8220;Bunlar \u00c7in, Rusiya, Kuba v\u0259 dig\u0259r \u00f6lk\u0259l\u0259rd\u0259ki qeyri-demokratik h\u00f6kum\u0259tl\u0259r t\u0259r\u0259find\u0259n alq\u0131\u015flan\u0131b&#8221;.<\/em><\/p>\n","protected":false},"excerpt":{"rendered":"<p>\u201cUSAID v\u0259 USAGM-in iflas\u0131 h\u0259m AB\u015e-d\u0259, h\u0259m d\u0259 xaricd\u0259 minl\u0259rl\u0259 &#8230; <\/p>\n<p class=\"read-more-container\"><a title=\"Jurnalistl\u0259ri M\u00fcdafi\u0259 Komit\u0259si: \u201cTramp\u0131n r\u0259hb\u0259rliyi d\u00f6vr\u00fcnd\u0259 AB\u015e-d\u0259 m\u0259tbuat azadl\u0131\u011f\u0131 a\u015f\u0131n\u0131r\u201d\" class=\"read-more button\" href=\"https:\/\/www.meydan.tv\/az\/article\/jurnalistl%c9%99ri-mudafi%c9%99-komit%c9%99si-trampin-r%c9%99hb%c9%99rliyi-dovrund%c9%99-abs-d%c9%99-m%c9%99tbuat-azadligi-asinir\/#more-329572\" aria-label=\"Read more about Jurnalistl\u0259ri M\u00fcdafi\u0259 Komit\u0259si: \u201cTramp\u0131n r\u0259hb\u0259rliyi d\u00f6vr\u00fcnd\u0259 AB\u015e-d\u0259 m\u0259tbuat azadl\u0131\u011f\u0131 a\u015f\u0131n\u0131r\u201d\">Davam\u0131<\/a><\/p>\n","protected":false},"author":21,"featured_media":128842,"comment_status":"closed","ping_status":"closed","sticky":false,"template":"","format":"standard","meta":{"_acf_changed":false,"_sitemap_exclude":false,"_sitemap_priority":"","_sitemap_frequency":"","footnotes":""},"categories":[64,56],"tags":[],"class_list":["post-329572","post","type-post","status-publish","format-standard","has-post-thumbnail","hentry","category-dunya","category-xeberler","infinite-scroll-item","generate-columns","tablet-grid-50","mobile-grid-100","grid-parent","grid-33","no-featured-image-padding"],"acf":[],"yoast_head":"<!-- This site is optimized with the Yoast SEO plugin v27.5 - https:\/\/yoast.com\/product\/yoast-seo-wordpress\/ -->\n<title>Jurnalistl\u0259ri M\u00fcdafi\u0259 Komit\u0259si: \u201cTramp\u0131n r\u0259hb\u0259rliyi d\u00f6vr\u00fcnd\u0259 AB\u015e-d\u0259 m\u0259tbuat azadl\u0131\u011f\u0131 a\u015f\u0131n\u0131r\u201d - MEYDAN.TV<\/title>\n<meta name=\"robots\" content=\"index, follow, max-snippet:-1, max-image-preview:large, max-video-preview:-1\" \/>\n<link rel=\"canonical\" href=\"https:\/\/www.meydan.tv\/az\/article\/jurnalistl%c9%99ri-mudafi%c9%99-komit%c9%99si-trampin-r%c9%99hb%c9%99rliyi-dovrund%c9%99-abs-d%c9%99-m%c9%99tbuat-azadligi-asinir\/\" \/>\n<meta property=\"og:locale\" content=\"az_AZ\" \/>\n<meta property=\"og:type\" content=\"article\" \/>\n<meta property=\"og:title\" content=\"Jurnalistl\u0259ri M\u00fcdafi\u0259 Komit\u0259si: \u201cTramp\u0131n r\u0259hb\u0259rliyi d\u00f6vr\u00fcnd\u0259 AB\u015e-d\u0259 m\u0259tbuat azadl\u0131\u011f\u0131 a\u015f\u0131n\u0131r\u201d - MEYDAN.TV\" \/>\n<meta property=\"og:description\" content=\"\u201cUSAID v\u0259 USAGM-in iflas\u0131 h\u0259m AB\u015e-d\u0259, h\u0259m d\u0259 xaricd\u0259 minl\u0259rl\u0259 ... Davam\u0131\" \/>\n<meta property=\"og:url\" content=\"https:\/\/www.meydan.tv\/az\/article\/jurnalistl%c9%99ri-mudafi%c9%99-komit%c9%99si-trampin-r%c9%99hb%c9%99rliyi-dovrund%c9%99-abs-d%c9%99-m%c9%99tbuat-azadligi-asinir\/\" \/>\n<meta property=\"og:site_name\" content=\"MEYDAN.TV\" \/>\n<meta property=\"article:published_time\" content=\"2025-05-01T11:31:50+00:00\" \/>\n<meta property=\"article:modified_time\" content=\"2025-05-01T11:31:53+00:00\" \/>\n<meta property=\"og:image\" content=\"https:\/\/www.meydan.tv\/wp-content\/uploads\/cpj.png\" \/>\n\t<meta property=\"og:image:width\" content=\"1114\" \/>\n\t<meta property=\"og:image:height\" content=\"545\" \/>\n\t<meta property=\"og:image:type\" content=\"image\/png\" \/>\n<meta name=\"author\" content=\"mahmud\" \/>\n<meta name=\"twitter:card\" content=\"summary_large_image\" \/>\n<script type=\"application\/ld+json\" class=\"yoast-schema-graph\">{\"@context\":\"https:\\\/\\\/schema.org\",\"@graph\":[{\"@type\":\"Article\",\"@id\":\"https:\\\/\\\/www.meydan.tv\\\/az\\\/article\\\/jurnalistl%c9%99ri-mudafi%c9%99-komit%c9%99si-trampin-r%c9%99hb%c9%99rliyi-dovrund%c9%99-abs-d%c9%99-m%c9%99tbuat-azadligi-asinir\\\/#article\",\"isPartOf\":{\"@id\":\"https:\\\/\\\/www.meydan.tv\\\/az\\\/article\\\/jurnalistl%c9%99ri-mudafi%c9%99-komit%c9%99si-trampin-r%c9%99hb%c9%99rliyi-dovrund%c9%99-abs-d%c9%99-m%c9%99tbuat-azadligi-asinir\\\/\"},\"author\":{\"name\":\"mahmud\",\"@id\":\"https:\\\/\\\/www.meydan.tv\\\/az\\\/#\\\/schema\\\/person\\\/09863e516102a829e72bedcf3f84c6b0\"},\"headline\":\"Jurnalistl\u0259ri M\u00fcdafi\u0259 Komit\u0259si: \u201cTramp\u0131n r\u0259hb\u0259rliyi d\u00f6vr\u00fcnd\u0259 AB\u015e-d\u0259 m\u0259tbuat azadl\u0131\u011f\u0131 a\u015f\u0131n\u0131r\u201d\",\"datePublished\":\"2025-05-01T11:31:50+00:00\",\"dateModified\":\"2025-05-01T11:31:53+00:00\",\"mainEntityOfPage\":{\"@id\":\"https:\\\/\\\/www.meydan.tv\\\/az\\\/article\\\/jurnalistl%c9%99ri-mudafi%c9%99-komit%c9%99si-trampin-r%c9%99hb%c9%99rliyi-dovrund%c9%99-abs-d%c9%99-m%c9%99tbuat-azadligi-asinir\\\/\"},\"wordCount\":707,\"publisher\":{\"@id\":\"https:\\\/\\\/www.meydan.tv\\\/az\\\/#organization\"},\"image\":{\"@id\":\"https:\\\/\\\/www.meydan.tv\\\/az\\\/article\\\/jurnalistl%c9%99ri-mudafi%c9%99-komit%c9%99si-trampin-r%c9%99hb%c9%99rliyi-dovrund%c9%99-abs-d%c9%99-m%c9%99tbuat-azadligi-asinir\\\/#primaryimage\"},\"thumbnailUrl\":\"https:\\\/\\\/www.meydan.tv\\\/wp-content\\\/uploads\\\/cpj.png\",\"articleSection\":[\"D\u00fcnya\",\"X\u0259b\u0259rl\u0259r\"],\"inLanguage\":\"az\"},{\"@type\":\"WebPage\",\"@id\":\"https:\\\/\\\/www.meydan.tv\\\/az\\\/article\\\/jurnalistl%c9%99ri-mudafi%c9%99-komit%c9%99si-trampin-r%c9%99hb%c9%99rliyi-dovrund%c9%99-abs-d%c9%99-m%c9%99tbuat-azadligi-asinir\\\/\",\"url\":\"https:\\\/\\\/www.meydan.tv\\\/az\\\/article\\\/jurnalistl%c9%99ri-mudafi%c9%99-komit%c9%99si-trampin-r%c9%99hb%c9%99rliyi-dovrund%c9%99-abs-d%c9%99-m%c9%99tbuat-azadligi-asinir\\\/\",\"name\":\"Jurnalistl\u0259ri M\u00fcdafi\u0259 Komit\u0259si: \u201cTramp\u0131n r\u0259hb\u0259rliyi d\u00f6vr\u00fcnd\u0259 AB\u015e-d\u0259 m\u0259tbuat azadl\u0131\u011f\u0131 a\u015f\u0131n\u0131r\u201d - MEYDAN.TV\",\"isPartOf\":{\"@id\":\"https:\\\/\\\/www.meydan.tv\\\/az\\\/#website\"},\"primaryImageOfPage\":{\"@id\":\"https:\\\/\\\/www.meydan.tv\\\/az\\\/article\\\/jurnalistl%c9%99ri-mudafi%c9%99-komit%c9%99si-trampin-r%c9%99hb%c9%99rliyi-dovrund%c9%99-abs-d%c9%99-m%c9%99tbuat-azadligi-asinir\\\/#primaryimage\"},\"image\":{\"@id\":\"https:\\\/\\\/www.meydan.tv\\\/az\\\/article\\\/jurnalistl%c9%99ri-mudafi%c9%99-komit%c9%99si-trampin-r%c9%99hb%c9%99rliyi-dovrund%c9%99-abs-d%c9%99-m%c9%99tbuat-azadligi-asinir\\\/#primaryimage\"},\"thumbnailUrl\":\"https:\\\/\\\/www.meydan.tv\\\/wp-content\\\/uploads\\\/cpj.png\",\"datePublished\":\"2025-05-01T11:31:50+00:00\",\"dateModified\":\"2025-05-01T11:31:53+00:00\",\"breadcrumb\":{\"@id\":\"https:\\\/\\\/www.meydan.tv\\\/az\\\/article\\\/jurnalistl%c9%99ri-mudafi%c9%99-komit%c9%99si-trampin-r%c9%99hb%c9%99rliyi-dovrund%c9%99-abs-d%c9%99-m%c9%99tbuat-azadligi-asinir\\\/#breadcrumb\"},\"inLanguage\":\"az\",\"potentialAction\":[{\"@type\":\"ReadAction\",\"target\":[\"https:\\\/\\\/www.meydan.tv\\\/az\\\/article\\\/jurnalistl%c9%99ri-mudafi%c9%99-komit%c9%99si-trampin-r%c9%99hb%c9%99rliyi-dovrund%c9%99-abs-d%c9%99-m%c9%99tbuat-azadligi-asinir\\\/\"]}]},{\"@type\":\"ImageObject\",\"inLanguage\":\"az\",\"@id\":\"https:\\\/\\\/www.meydan.tv\\\/az\\\/article\\\/jurnalistl%c9%99ri-mudafi%c9%99-komit%c9%99si-trampin-r%c9%99hb%c9%99rliyi-dovrund%c9%99-abs-d%c9%99-m%c9%99tbuat-azadligi-asinir\\\/#primaryimage\",\"url\":\"https:\\\/\\\/www.meydan.tv\\\/wp-content\\\/uploads\\\/cpj.png\",\"contentUrl\":\"https:\\\/\\\/www.meydan.tv\\\/wp-content\\\/uploads\\\/cpj.png\",\"width\":1114,\"height\":545,\"caption\":\"Photo: CPJ\"},{\"@type\":\"BreadcrumbList\",\"@id\":\"https:\\\/\\\/www.meydan.tv\\\/az\\\/article\\\/jurnalistl%c9%99ri-mudafi%c9%99-komit%c9%99si-trampin-r%c9%99hb%c9%99rliyi-dovrund%c9%99-abs-d%c9%99-m%c9%99tbuat-azadligi-asinir\\\/#breadcrumb\",\"itemListElement\":[{\"@type\":\"ListItem\",\"position\":1,\"name\":\"Ana s\u0259hif\u0259\",\"item\":\"https:\\\/\\\/www.meydan.tv\\\/az\\\/\"},{\"@type\":\"ListItem\",\"position\":2,\"name\":\"D\u00fcnya\",\"item\":\"https:\\\/\\\/www.meydan.tv\\\/az\\\/section\\\/dunya\\\/\"},{\"@type\":\"ListItem\",\"position\":3,\"name\":\"Jurnalistl\u0259ri M\u00fcdafi\u0259 Komit\u0259si: \u201cTramp\u0131n r\u0259hb\u0259rliyi d\u00f6vr\u00fcnd\u0259 AB\u015e-d\u0259 m\u0259tbuat azadl\u0131\u011f\u0131 a\u015f\u0131n\u0131r\u201d\"}]},{\"@type\":\"WebSite\",\"@id\":\"https:\\\/\\\/www.meydan.tv\\\/az\\\/#website\",\"url\":\"https:\\\/\\\/www.meydan.tv\\\/az\\\/\",\"name\":\"MEYDAN.TV\",\"description\":\"Meydan TV Az\u0259rbaycan\u0131n media m\u0259kan\u0131ndak\u0131 alternativ s\u0259sidir\",\"publisher\":{\"@id\":\"https:\\\/\\\/www.meydan.tv\\\/az\\\/#organization\"},\"potentialAction\":[{\"@type\":\"SearchAction\",\"target\":{\"@type\":\"EntryPoint\",\"urlTemplate\":\"https:\\\/\\\/www.meydan.tv\\\/az\\\/?s={search_term_string}\"},\"query-input\":{\"@type\":\"PropertyValueSpecification\",\"valueRequired\":true,\"valueName\":\"search_term_string\"}}],\"inLanguage\":\"az\"},{\"@type\":\"Organization\",\"@id\":\"https:\\\/\\\/www.meydan.tv\\\/az\\\/#organization\",\"name\":\"Meydan TV\",\"url\":\"https:\\\/\\\/www.meydan.tv\\\/az\\\/\",\"logo\":{\"@type\":\"ImageObject\",\"inLanguage\":\"az\",\"@id\":\"https:\\\/\\\/www.meydan.tv\\\/az\\\/#\\\/schema\\\/logo\\\/image\\\/\",\"url\":\"https:\\\/\\\/www.meydan.tv\\\/wp-content\\\/uploads\\\/2021\\\/07\\\/meydan-logo.svg\",\"contentUrl\":\"https:\\\/\\\/www.meydan.tv\\\/wp-content\\\/uploads\\\/2021\\\/07\\\/meydan-logo.svg\",\"width\":195,\"height\":46,\"caption\":\"Meydan TV\"},\"image\":{\"@id\":\"https:\\\/\\\/www.meydan.tv\\\/az\\\/#\\\/schema\\\/logo\\\/image\\\/\"}},{\"@type\":\"Person\",\"@id\":\"https:\\\/\\\/www.meydan.tv\\\/az\\\/#\\\/schema\\\/person\\\/09863e516102a829e72bedcf3f84c6b0\",\"name\":\"mahmud\"}]}<\/script>\n<!-- \/ Yoast SEO plugin. -->","yoast_head_json":{"title":"Jurnalistl\u0259ri M\u00fcdafi\u0259 Komit\u0259si: \u201cTramp\u0131n r\u0259hb\u0259rliyi d\u00f6vr\u00fcnd\u0259 AB\u015e-d\u0259 m\u0259tbuat azadl\u0131\u011f\u0131 a\u015f\u0131n\u0131r\u201d - MEYDAN.TV","robots":{"index":"index","follow":"follow","max-snippet":"max-snippet:-1","max-image-preview":"max-image-preview:large","max-video-preview":"max-video-preview:-1"},"canonical":"https:\/\/www.meydan.tv\/az\/article\/jurnalistl%c9%99ri-mudafi%c9%99-komit%c9%99si-trampin-r%c9%99hb%c9%99rliyi-dovrund%c9%99-abs-d%c9%99-m%c9%99tbuat-azadligi-asinir\/","og_locale":"az_AZ","og_type":"article","og_title":"Jurnalistl\u0259ri M\u00fcdafi\u0259 Komit\u0259si: \u201cTramp\u0131n r\u0259hb\u0259rliyi d\u00f6vr\u00fcnd\u0259 AB\u015e-d\u0259 m\u0259tbuat azadl\u0131\u011f\u0131 a\u015f\u0131n\u0131r\u201d - MEYDAN.TV","og_description":"\u201cUSAID v\u0259 USAGM-in iflas\u0131 h\u0259m AB\u015e-d\u0259, h\u0259m d\u0259 xaricd\u0259 minl\u0259rl\u0259 ... Davam\u0131","og_url":"https:\/\/www.meydan.tv\/az\/article\/jurnalistl%c9%99ri-mudafi%c9%99-komit%c9%99si-trampin-r%c9%99hb%c9%99rliyi-dovrund%c9%99-abs-d%c9%99-m%c9%99tbuat-azadligi-asinir\/","og_site_name":"MEYDAN.TV","article_published_time":"2025-05-01T11:31:50+00:00","article_modified_time":"2025-05-01T11:31:53+00:00","og_image":[{"width":1114,"height":545,"url":"https:\/\/www.meydan.tv\/wp-content\/uploads\/cpj.png","type":"image\/png"}],"author":"mahmud","twitter_card":"summary_large_image","schema":{"@context":"https:\/\/schema.org","@graph":[{"@type":"Article","@id":"https:\/\/www.meydan.tv\/az\/article\/jurnalistl%c9%99ri-mudafi%c9%99-komit%c9%99si-trampin-r%c9%99hb%c9%99rliyi-dovrund%c9%99-abs-d%c9%99-m%c9%99tbuat-azadligi-asinir\/#article","isPartOf":{"@id":"https:\/\/www.meydan.tv\/az\/article\/jurnalistl%c9%99ri-mudafi%c9%99-komit%c9%99si-trampin-r%c9%99hb%c9%99rliyi-dovrund%c9%99-abs-d%c9%99-m%c9%99tbuat-azadligi-asinir\/"},"author":{"name":"mahmud","@id":"https:\/\/www.meydan.tv\/az\/#\/schema\/person\/09863e516102a829e72bedcf3f84c6b0"},"headline":"Jurnalistl\u0259ri M\u00fcdafi\u0259 Komit\u0259si: \u201cTramp\u0131n r\u0259hb\u0259rliyi d\u00f6vr\u00fcnd\u0259 AB\u015e-d\u0259 m\u0259tbuat azadl\u0131\u011f\u0131 a\u015f\u0131n\u0131r\u201d","datePublished":"2025-05-01T11:31:50+00:00","dateModified":"2025-05-01T11:31:53+00:00","mainEntityOfPage":{"@id":"https:\/\/www.meydan.tv\/az\/article\/jurnalistl%c9%99ri-mudafi%c9%99-komit%c9%99si-trampin-r%c9%99hb%c9%99rliyi-dovrund%c9%99-abs-d%c9%99-m%c9%99tbuat-azadligi-asinir\/"},"wordCount":707,"publisher":{"@id":"https:\/\/www.meydan.tv\/az\/#organization"},"image":{"@id":"https:\/\/www.meydan.tv\/az\/article\/jurnalistl%c9%99ri-mudafi%c9%99-komit%c9%99si-trampin-r%c9%99hb%c9%99rliyi-dovrund%c9%99-abs-d%c9%99-m%c9%99tbuat-azadligi-asinir\/#primaryimage"},"thumbnailUrl":"https:\/\/www.meydan.tv\/wp-content\/uploads\/cpj.png","articleSection":["D\u00fcnya","X\u0259b\u0259rl\u0259r"],"inLanguage":"az"},{"@type":"WebPage","@id":"https:\/\/www.meydan.tv\/az\/article\/jurnalistl%c9%99ri-mudafi%c9%99-komit%c9%99si-trampin-r%c9%99hb%c9%99rliyi-dovrund%c9%99-abs-d%c9%99-m%c9%99tbuat-azadligi-asinir\/","url":"https:\/\/www.meydan.tv\/az\/article\/jurnalistl%c9%99ri-mudafi%c9%99-komit%c9%99si-trampin-r%c9%99hb%c9%99rliyi-dovrund%c9%99-abs-d%c9%99-m%c9%99tbuat-azadligi-asinir\/","name":"Jurnalistl\u0259ri M\u00fcdafi\u0259 Komit\u0259si: \u201cTramp\u0131n r\u0259hb\u0259rliyi d\u00f6vr\u00fcnd\u0259 AB\u015e-d\u0259 m\u0259tbuat azadl\u0131\u011f\u0131 a\u015f\u0131n\u0131r\u201d - MEYDAN.TV","isPartOf":{"@id":"https:\/\/www.meydan.tv\/az\/#website"},"primaryImageOfPage":{"@id":"https:\/\/www.meydan.tv\/az\/article\/jurnalistl%c9%99ri-mudafi%c9%99-komit%c9%99si-trampin-r%c9%99hb%c9%99rliyi-dovrund%c9%99-abs-d%c9%99-m%c9%99tbuat-azadligi-asinir\/#primaryimage"},"image":{"@id":"https:\/\/www.meydan.tv\/az\/article\/jurnalistl%c9%99ri-mudafi%c9%99-komit%c9%99si-trampin-r%c9%99hb%c9%99rliyi-dovrund%c9%99-abs-d%c9%99-m%c9%99tbuat-azadligi-asinir\/#primaryimage"},"thumbnailUrl":"https:\/\/www.meydan.tv\/wp-content\/uploads\/cpj.png","datePublished":"2025-05-01T11:31:50+00:00","dateModified":"2025-05-01T11:31:53+00:00","breadcrumb":{"@id":"https:\/\/www.meydan.tv\/az\/article\/jurnalistl%c9%99ri-mudafi%c9%99-komit%c9%99si-trampin-r%c9%99hb%c9%99rliyi-dovrund%c9%99-abs-d%c9%99-m%c9%99tbuat-azadligi-asinir\/#breadcrumb"},"inLanguage":"az","potentialAction":[{"@type":"ReadAction","target":["https:\/\/www.meydan.tv\/az\/article\/jurnalistl%c9%99ri-mudafi%c9%99-komit%c9%99si-trampin-r%c9%99hb%c9%99rliyi-dovrund%c9%99-abs-d%c9%99-m%c9%99tbuat-azadligi-asinir\/"]}]},{"@type":"ImageObject","inLanguage":"az","@id":"https:\/\/www.meydan.tv\/az\/article\/jurnalistl%c9%99ri-mudafi%c9%99-komit%c9%99si-trampin-r%c9%99hb%c9%99rliyi-dovrund%c9%99-abs-d%c9%99-m%c9%99tbuat-azadligi-asinir\/#primaryimage","url":"https:\/\/www.meydan.tv\/wp-content\/uploads\/cpj.png","contentUrl":"https:\/\/www.meydan.tv\/wp-content\/uploads\/cpj.png","width":1114,"height":545,"caption":"Photo: CPJ"},{"@type":"BreadcrumbList","@id":"https:\/\/www.meydan.tv\/az\/article\/jurnalistl%c9%99ri-mudafi%c9%99-komit%c9%99si-trampin-r%c9%99hb%c9%99rliyi-dovrund%c9%99-abs-d%c9%99-m%c9%99tbuat-azadligi-asinir\/#breadcrumb","itemListElement":[{"@type":"ListItem","position":1,"name":"Ana s\u0259hif\u0259","item":"https:\/\/www.meydan.tv\/az\/"},{"@type":"ListItem","position":2,"name":"D\u00fcnya","item":"https:\/\/www.meydan.tv\/az\/section\/dunya\/"},{"@type":"ListItem","position":3,"name":"Jurnalistl\u0259ri M\u00fcdafi\u0259 Komit\u0259si: \u201cTramp\u0131n r\u0259hb\u0259rliyi d\u00f6vr\u00fcnd\u0259 AB\u015e-d\u0259 m\u0259tbuat azadl\u0131\u011f\u0131 a\u015f\u0131n\u0131r\u201d"}]},{"@type":"WebSite","@id":"https:\/\/www.meydan.tv\/az\/#website","url":"https:\/\/www.meydan.tv\/az\/","name":"MEYDAN.TV","description":"Meydan TV Az\u0259rbaycan\u0131n media m\u0259kan\u0131ndak\u0131 alternativ s\u0259sidir","publisher":{"@id":"https:\/\/www.meydan.tv\/az\/#organization"},"potentialAction":[{"@type":"SearchAction","target":{"@type":"EntryPoint","urlTemplate":"https:\/\/www.meydan.tv\/az\/?s={search_term_string}"},"query-input":{"@type":"PropertyValueSpecification","valueRequired":true,"valueName":"search_term_string"}}],"inLanguage":"az"},{"@type":"Organization","@id":"https:\/\/www.meydan.tv\/az\/#organization","name":"Meydan TV","url":"https:\/\/www.meydan.tv\/az\/","logo":{"@type":"ImageObject","inLanguage":"az","@id":"https:\/\/www.meydan.tv\/az\/#\/schema\/logo\/image\/","url":"https:\/\/www.meydan.tv\/wp-content\/uploads\/2021\/07\/meydan-logo.svg","contentUrl":"https:\/\/www.meydan.tv\/wp-content\/uploads\/2021\/07\/meydan-logo.svg","width":195,"height":46,"caption":"Meydan TV"},"image":{"@id":"https:\/\/www.meydan.tv\/az\/#\/schema\/logo\/image\/"}},{"@type":"Person","@id":"https:\/\/www.meydan.tv\/az\/#\/schema\/person\/09863e516102a829e72bedcf3f84c6b0","name":"mahmud"}]}},"_links":{"self":[{"href":"https:\/\/www.meydan.tv\/az\/wp-json\/wp\/v2\/posts\/329572","targetHints":{"allow":["GET"]}}],"collection":[{"href":"https:\/\/www.meydan.tv\/az\/wp-json\/wp\/v2\/posts"}],"about":[{"href":"https:\/\/www.meydan.tv\/az\/wp-json\/wp\/v2\/types\/post"}],"author":[{"embeddable":true,"href":"https:\/\/www.meydan.tv\/az\/wp-json\/wp\/v2\/users\/21"}],"replies":[{"embeddable":true,"href":"https:\/\/www.meydan.tv\/az\/wp-json\/wp\/v2\/comments?post=329572"}],"version-history":[{"count":1,"href":"https:\/\/www.meydan.tv\/az\/wp-json\/wp\/v2\/posts\/329572\/revisions"}],"predecessor-version":[{"id":329574,"href":"https:\/\/www.meydan.tv\/az\/wp-json\/wp\/v2\/posts\/329572\/revisions\/329574"}],"wp:featuredmedia":[{"embeddable":true,"href":"https:\/\/www.meydan.tv\/az\/wp-json\/wp\/v2\/media\/128842"}],"wp:attachment":[{"href":"https:\/\/www.meydan.tv\/az\/wp-json\/wp\/v2\/media?parent=329572"}],"wp:term":[{"taxonomy":"category","embeddable":true,"href":"https:\/\/www.meydan.tv\/az\/wp-json\/wp\/v2\/categories?post=329572"},{"taxonomy":"post_tag","embeddable":true,"href":"https:\/\/www.meydan.tv\/az\/wp-json\/wp\/v2\/tags?post=329572"}],"curies":[{"name":"wp","href":"https:\/\/api.w.org\/{rel}","templated":true}]}}