{"id":329562,"date":"2025-05-01T12:47:48","date_gmt":"2025-05-01T08:47:48","guid":{"rendered":"https:\/\/www.meydan.tv\/?p=329562"},"modified":"2025-05-01T12:47:52","modified_gmt":"2025-05-01T08:47:52","slug":"sevinc-vaqifqizinin-adi-10-most-urgent-dunya-siyahisina-salinib","status":"publish","type":"post","link":"https:\/\/www.meydan.tv\/az\/article\/sevinc-vaqifqizinin-adi-10-most-urgent-dunya-siyahisina-salinib\/","title":{"rendered":"Sevinc Vaqifq\u0131z\u0131n\u0131n ad\u0131 &#8220;10 Most Urgent&#8221; d\u00fcnya siyah\u0131s\u0131na sal\u0131n\u0131b"},"content":{"rendered":"\n<p><\/p>\n\n\n\n<p><strong><em>Beyn\u0259lxalq koalisiya bu siyah\u0131n\u0131 d\u0259rc etm\u0259kl\u0259 h\u0259bsd\u0259 olan jurnalistl\u0259ri diqq\u0259td\u0259 saxlay\u0131r<\/em><\/strong><\/p>\n\n\n\n<p>Vahid Azad M\u0259tbuat Koalisiyas\u0131 \u201cAbzasMedia\u201dn\u0131n h\u0259bsd\u0259 olan ba\u015f redaktoru Sevinc Vaqifq\u0131z\u0131n\u0131n ad\u0131n\u0131 \u00f6z \u00f6lk\u0259sind\u0259 t\u0259qib olunan jurnalistl\u0259rin &#8220;10 Most Urgent&#8221; siyah\u0131s\u0131na sal\u0131b.<\/p>\n\n\n\n<p>Beyn\u0259lxalq media orqanlar\u0131n\u0131n daxil oldu\u011fu bu koalisiya 3 may \u2013 D\u00fcnya M\u0259tbuat Azadl\u0131\u011f\u0131 G\u00fcn\u00fcnd\u0259 bu siyah\u0131n\u0131 d\u0259rc etm\u0259kl\u0259 h\u0259qiq\u0259ti dedikl\u0259rin\u0259 g\u00f6r\u0259 h\u0259bs olunmu\u015f jurnalist h\u0259mkarlar\u0131n\u0131 diqq\u0259td\u0259 saxlad\u0131\u011f\u0131n\u0131 g\u00f6st\u0259rir.<\/p>\n\n\n\n<p>Koalisiyada 32 media qurumu t\u0259msil olunur.<\/p>\n\n\n\n<p>M\u0259lumat\u0131 &#8220;Azadl\u0131q&#8221; radiosu <a href=\"https:\/\/www.azadliq.org\/a\/sevinc-vaqifqizi-10-most-urgent\/33401893.html\" target=\"_blank\" rel=\"noreferrer noopener\">yay\u0131b<\/a>. <\/p>\n\n\n\n<p><em>&#8220;Bu 10 i\u015f h\u00f6kum\u0259tl\u0259rin jurnalistikan\u0131 kriminalla\u015fd\u0131rmaq, median\u0131 susdurmaq, informasiyan\u0131 ictimaiyy\u0259td\u0259n gizl\u0259tm\u0259k s\u0259yl\u0259rin\u0259 i\u015f\u0131q sal\u0131r&#8221;,<\/em> \u2013 koalisiyan\u0131n yayd\u0131\u011f\u0131 m\u0259lumatda deyilir.<\/p>\n\n\n\n<p>Siyah\u0131 Jurnalistl\u0259ri M\u00fcdafi\u0259 Komit\u0259si (CPJ), Beyn\u0259lxalq Qad\u0131n Media Fondu (IWMF) v\u0259 S\u0259rh\u0259dsiz Reportyorlar T\u0259\u015fkilat\u0131 (RSF) il\u0259 birlikd\u0259 t\u0259rtib olunub. CPJ 2024-c\u00fc ilin sonunad\u0259k d\u00fcnyada 361 jurnalistin d\u0259mir barmaql\u0131qlar arxas\u0131nda oldu\u011funu a\u00e7\u0131qlay\u0131b. 2023-c\u00fc ild\u0259 bu r\u0259q\u0259m 320 idi.<\/p>\n\n\n\n<p>Builki siyah\u0131da Honq Konqdan 77 ya\u015fl\u0131 media sahibkar\u0131, Britaniya v\u0259t\u0259nda\u015f\u0131 Cimmi Lay, Myanmadan s\u0259n\u0259dli film rejissoru \u015ein Deve, Filippind\u0259n jurnalist Fren\u00e7i Mey Kumpio, Vyetnamdan Fam Zoan \u00c7anq, Belarusdan \u201cAzadl\u0131q\u201d radiosunun jurnalisti \u0130qar Losik, Az\u0259rbaycandan Sevinc Vaqifq\u0131z\u0131, Rusiyadan \u201cAzadl\u0131q\u201d radiosunun Ukrayna xidm\u0259ti il\u0259 \u0259m\u0259kda\u015fl\u0131q etmi\u015f Vladislav Yesipenko, \u00c7ind\u0259n Li Yanhi, Q\u0131r\u011f\u0131z\u0131standan Maxabat Tajibek k\u0131z\u0131, Azamat \u0130\u015fenbekov v\u0259 Ayke Bey\u015fekeyeva, T\u00fcrkiy\u0259d\u0259n Yoakim Medin yer al\u0131b. Bu jurnalistl\u0259r terror\u00e7u f\u0259aliyy\u0259ti maliyy\u0259l\u0259\u015fdirm\u0259kd\u0259n tutmu\u015f, k\u00fctl\u0259vi i\u011fti\u015fa\u015flar\u0131n t\u0259\u015fkilin\u0259d\u0259k madd\u0259l\u0259rd\u0259 ittiham olunublar. Onlar ittihamlar\u0131 r\u0259dd edirl\u0259r.<\/p>\n\n\n\n<p>Az\u0259rbaycanda d\u00f6vl\u0259t r\u0259hb\u0259rliyi \u0259traf\u0131nda korrupsiya ara\u015fd\u0131rmalar\u0131 ed\u0259n \u201cAbzasMedia\u201dn\u0131n 6 \u0259m\u0259kda\u015f\u0131 \u2013 ba\u015f direktor \u00dclvi H\u0259s\u0259nli, m\u00fcavini M\u0259h\u0259mm\u0259d Kekalov, ba\u015f redaktor Sevinc Vaqifq\u0131z\u0131, reportyorlar N\u0259rgiz Absalamova v\u0259 Elnar\u0259 Qas\u0131mova, ara\u015fd\u0131rma\u00e7\u0131 jurnalist Hafiz Babal\u0131 h\u0259bs edilib.<\/p>\n\n\n\n<p>2023-c\u00fc ilin noyabr\u0131ndan etibar\u0259n s\u0131ra il\u0259 h\u0259bs olunma\u011fa ba\u015flayan jurnalistl\u0259r\u0259 qar\u015f\u0131 qa\u00e7aqmal\u00e7\u0131l\u0131q ittiham\u0131 ir\u0259li s\u00fcr\u00fcl\u00fcb.<\/p>\n\n\n\n<p>2024-c\u00fc il may\u0131n 31-d\u0259 is\u0259 \u201cAzadl\u0131q\u201d radiosunun jurnalisti, iqtisad\u00e7\u0131 F\u0259rid Mehral\u0131zad\u0259 saxlan\u0131l\u0131b, evind\u0259 axtar\u0131\u015f apar\u0131l\u0131b. \u0130yunun 1-d\u0259 ona qar\u015f\u0131 \u201cAbzasMedia i\u015fi\u201d \u00fczr\u0259 Cinay\u0259t M\u0259c\u0259ll\u0259sinin 206.3.2-ci (qa\u00e7aqmal\u00e7\u0131l\u0131q, \u0259vv\u0259lc\u0259d\u0259n \u0259lbir olan bir qrup \u015f\u0259xs t\u0259r\u0259find\u0259n t\u00f6r\u0259dildikd\u0259) madd\u0259si il\u0259 ittiham ir\u0259li s\u00fcr\u00fcl\u00fcb. X\u0259tai rayon M\u0259hk\u0259m\u0259sinin q\u0259rar\u0131 il\u0259 onun bar\u0259sind\u0259 h\u0259bs q\u0259timkan t\u0259dbiri se\u00e7ilib.<\/p>\n\n\n\n<p>El\u0259 h\u0259min g\u00fcn \u201cAbzasMedia\u201d b\u0259yanat yayaraq F\u0259rid Mehral\u0131zad\u0259nin bu media qurumu il\u0259 he\u00e7 bir \u0259m\u0259kda\u015fl\u0131\u011f\u0131n\u0131n v\u0259 \u0259laq\u0259sinin olmad\u0131\u011f\u0131n\u0131 bildirib.<\/p>\n\n\n\n<p>Daha sonra bu i\u015f \u00fczr\u0259 h\u0259bs edil\u0259nl\u0259rl\u0259rin h\u0259r birin\u0259 qar\u015f\u0131 maliyy\u0259 m\u0259s\u0259l\u0259l\u0259ril\u0259 ba\u011fl\u0131 \u0259lav\u0259 7 a\u011f\u0131r madd\u0259 \u00fczr\u0259 ittiham ir\u0259li s\u00fcr\u00fcl\u00fcb.<\/p>\n\n\n\n<p>\u00dcmumilikd\u0259 \u00f6t\u0259n ilin noyabr\u0131ndan ba\u015flayaraq Az\u0259rbaycanda qruplar hal\u0131nda 20- y\u0259 yax\u0131n jurnalist, ictimai f\u0259al qa\u00e7aqmal\u00e7\u0131l\u0131q ittiham\u0131 il\u0259 h\u0259bs edilib. Onlar\u0131n he\u00e7 biri ittihamla raz\u0131la\u015fm\u0131r, bunu pe\u015f\u0259 f\u0259aliyy\u0259tl\u0259ri v\u0259 siyasi sifari\u015f il\u0259 izah edirl\u0259r.<\/p>\n\n\n\n<p>Yerli h\u00fcquq-m\u00fcdafi\u0259 t\u0259\u015fkilatlar\u0131n\u0131n haz\u0131rlad\u0131qlar\u0131 siyah\u0131lara g\u00f6r\u0259, haz\u0131rda Az\u0259rbaycan h\u0259bsxanalar\u0131nda t\u0259qrib\u0259n 300 siyasi m\u0259hbus var. R\u0259smil\u0259r is\u0259, bir qayda olaraq, vur\u011fulay\u0131rlar ki, \u00f6lk\u0259d\u0259 he\u00e7 kim s\u0131rf pe\u015f\u0259 f\u0259aliyy\u0259ti il\u0259 ba\u011fl\u0131, siyasi \u0259saslar il\u0259 h\u0259bs edilmir.<\/p>\n\n\n\n<p>Yerli v\u0259 beyn\u0259lxalq h\u00fcquq m\u00fcdafi\u0259 t\u0259\u015fkilatlar\u0131 bu t\u0259qibl\u0259ri siyasi motivli hesab edir v\u0259 h\u0259bs olunanlar\u0131n azad edilm\u0259sin\u0259, onlara qar\u015f\u0131 ittihamlar\u0131n geri g\u00f6t\u00fcr\u00fclm\u0259sin\u0259 \u00e7a\u011f\u0131r\u0131rlar.<\/p>\n","protected":false},"excerpt":{"rendered":"<p>Beyn\u0259lxalq koalisiya bu siyah\u0131n\u0131 d\u0259rc etm\u0259kl\u0259 h\u0259bsd\u0259 olan jurnalistl\u0259ri diqq\u0259td\u0259 &#8230; <\/p>\n<p class=\"read-more-container\"><a title=\"Sevinc Vaqifq\u0131z\u0131n\u0131n ad\u0131 &#8220;10 Most Urgent&#8221; d\u00fcnya siyah\u0131s\u0131na sal\u0131n\u0131b\" class=\"read-more button\" href=\"https:\/\/www.meydan.tv\/az\/article\/sevinc-vaqifqizinin-adi-10-most-urgent-dunya-siyahisina-salinib\/#more-329562\" aria-label=\"Read more about Sevinc Vaqifq\u0131z\u0131n\u0131n ad\u0131 &#8220;10 Most Urgent&#8221; d\u00fcnya siyah\u0131s\u0131na sal\u0131n\u0131b\">Davam\u0131<\/a><\/p>\n","protected":false},"author":21,"featured_media":290989,"comment_status":"closed","ping_status":"closed","sticky":false,"template":"","format":"standard","meta":{"_acf_changed":false,"_sitemap_exclude":false,"_sitemap_priority":"","_sitemap_frequency":"","footnotes":""},"categories":[59,79,56],"tags":[],"class_list":["post-329562","post","type-post","status-publish","format-standard","has-post-thumbnail","hentry","category-siyaset","category-featured","category-xeberler","infinite-scroll-item","generate-columns","tablet-grid-50","mobile-grid-100","grid-parent","grid-33","no-featured-image-padding"],"acf":[],"yoast_head":"<!-- This site is optimized with the Yoast SEO plugin v27.5 - https:\/\/yoast.com\/product\/yoast-seo-wordpress\/ -->\n<title>Sevinc Vaqifq\u0131z\u0131n\u0131n ad\u0131 &quot;10 Most Urgent&quot; d\u00fcnya siyah\u0131s\u0131na sal\u0131n\u0131b - MEYDAN.TV<\/title>\n<meta name=\"robots\" content=\"index, follow, max-snippet:-1, max-image-preview:large, max-video-preview:-1\" \/>\n<link rel=\"canonical\" href=\"https:\/\/www.meydan.tv\/az\/article\/sevinc-vaqifqizinin-adi-10-most-urgent-dunya-siyahisina-salinib\/\" \/>\n<meta property=\"og:locale\" content=\"az_AZ\" \/>\n<meta property=\"og:type\" content=\"article\" \/>\n<meta property=\"og:title\" content=\"Sevinc Vaqifq\u0131z\u0131n\u0131n ad\u0131 &quot;10 Most Urgent&quot; d\u00fcnya siyah\u0131s\u0131na sal\u0131n\u0131b - MEYDAN.TV\" \/>\n<meta property=\"og:description\" content=\"Beyn\u0259lxalq koalisiya bu siyah\u0131n\u0131 d\u0259rc etm\u0259kl\u0259 h\u0259bsd\u0259 olan jurnalistl\u0259ri diqq\u0259td\u0259 ... Davam\u0131\" \/>\n<meta property=\"og:url\" content=\"https:\/\/www.meydan.tv\/az\/article\/sevinc-vaqifqizinin-adi-10-most-urgent-dunya-siyahisina-salinib\/\" \/>\n<meta property=\"og:site_name\" content=\"MEYDAN.TV\" \/>\n<meta property=\"article:published_time\" content=\"2025-05-01T08:47:48+00:00\" \/>\n<meta property=\"article:modified_time\" content=\"2025-05-01T08:47:52+00:00\" \/>\n<meta property=\"og:image\" content=\"https:\/\/www.meydan.tv\/wp-content\/uploads\/img_0616-e1700561730380.jpg\" \/>\n\t<meta property=\"og:image:width\" content=\"1200\" \/>\n\t<meta property=\"og:image:height\" content=\"674\" \/>\n\t<meta property=\"og:image:type\" content=\"image\/jpeg\" \/>\n<meta name=\"author\" content=\"mahmud\" \/>\n<meta name=\"twitter:card\" content=\"summary_large_image\" \/>\n<script type=\"application\/ld+json\" class=\"yoast-schema-graph\">{\"@context\":\"https:\\\/\\\/schema.org\",\"@graph\":[{\"@type\":\"Article\",\"@id\":\"https:\\\/\\\/www.meydan.tv\\\/az\\\/article\\\/sevinc-vaqifqizinin-adi-10-most-urgent-dunya-siyahisina-salinib\\\/#article\",\"isPartOf\":{\"@id\":\"https:\\\/\\\/www.meydan.tv\\\/az\\\/article\\\/sevinc-vaqifqizinin-adi-10-most-urgent-dunya-siyahisina-salinib\\\/\"},\"author\":{\"name\":\"mahmud\",\"@id\":\"https:\\\/\\\/www.meydan.tv\\\/az\\\/#\\\/schema\\\/person\\\/09863e516102a829e72bedcf3f84c6b0\"},\"headline\":\"Sevinc Vaqifq\u0131z\u0131n\u0131n ad\u0131 &#8220;10 Most Urgent&#8221; d\u00fcnya siyah\u0131s\u0131na sal\u0131n\u0131b\",\"datePublished\":\"2025-05-01T08:47:48+00:00\",\"dateModified\":\"2025-05-01T08:47:52+00:00\",\"mainEntityOfPage\":{\"@id\":\"https:\\\/\\\/www.meydan.tv\\\/az\\\/article\\\/sevinc-vaqifqizinin-adi-10-most-urgent-dunya-siyahisina-salinib\\\/\"},\"wordCount\":732,\"publisher\":{\"@id\":\"https:\\\/\\\/www.meydan.tv\\\/az\\\/#organization\"},\"image\":{\"@id\":\"https:\\\/\\\/www.meydan.tv\\\/az\\\/article\\\/sevinc-vaqifqizinin-adi-10-most-urgent-dunya-siyahisina-salinib\\\/#primaryimage\"},\"thumbnailUrl\":\"https:\\\/\\\/www.meydan.tv\\\/wp-content\\\/uploads\\\/img_0616-e1700561730380.jpg\",\"articleSection\":[\"Siyas\u0259t\",\"T\u00f6vsiy\u0259\",\"X\u0259b\u0259rl\u0259r\"],\"inLanguage\":\"az\"},{\"@type\":\"WebPage\",\"@id\":\"https:\\\/\\\/www.meydan.tv\\\/az\\\/article\\\/sevinc-vaqifqizinin-adi-10-most-urgent-dunya-siyahisina-salinib\\\/\",\"url\":\"https:\\\/\\\/www.meydan.tv\\\/az\\\/article\\\/sevinc-vaqifqizinin-adi-10-most-urgent-dunya-siyahisina-salinib\\\/\",\"name\":\"Sevinc Vaqifq\u0131z\u0131n\u0131n ad\u0131 \\\"10 Most Urgent\\\" d\u00fcnya siyah\u0131s\u0131na sal\u0131n\u0131b - MEYDAN.TV\",\"isPartOf\":{\"@id\":\"https:\\\/\\\/www.meydan.tv\\\/az\\\/#website\"},\"primaryImageOfPage\":{\"@id\":\"https:\\\/\\\/www.meydan.tv\\\/az\\\/article\\\/sevinc-vaqifqizinin-adi-10-most-urgent-dunya-siyahisina-salinib\\\/#primaryimage\"},\"image\":{\"@id\":\"https:\\\/\\\/www.meydan.tv\\\/az\\\/article\\\/sevinc-vaqifqizinin-adi-10-most-urgent-dunya-siyahisina-salinib\\\/#primaryimage\"},\"thumbnailUrl\":\"https:\\\/\\\/www.meydan.tv\\\/wp-content\\\/uploads\\\/img_0616-e1700561730380.jpg\",\"datePublished\":\"2025-05-01T08:47:48+00:00\",\"dateModified\":\"2025-05-01T08:47:52+00:00\",\"breadcrumb\":{\"@id\":\"https:\\\/\\\/www.meydan.tv\\\/az\\\/article\\\/sevinc-vaqifqizinin-adi-10-most-urgent-dunya-siyahisina-salinib\\\/#breadcrumb\"},\"inLanguage\":\"az\",\"potentialAction\":[{\"@type\":\"ReadAction\",\"target\":[\"https:\\\/\\\/www.meydan.tv\\\/az\\\/article\\\/sevinc-vaqifqizinin-adi-10-most-urgent-dunya-siyahisina-salinib\\\/\"]}]},{\"@type\":\"ImageObject\",\"inLanguage\":\"az\",\"@id\":\"https:\\\/\\\/www.meydan.tv\\\/az\\\/article\\\/sevinc-vaqifqizinin-adi-10-most-urgent-dunya-siyahisina-salinib\\\/#primaryimage\",\"url\":\"https:\\\/\\\/www.meydan.tv\\\/wp-content\\\/uploads\\\/img_0616-e1700561730380.jpg\",\"contentUrl\":\"https:\\\/\\\/www.meydan.tv\\\/wp-content\\\/uploads\\\/img_0616-e1700561730380.jpg\",\"width\":1200,\"height\":674,\"caption\":\"Sevinc Vaqifq\u0131z\u0131. Foto: Meydan TV\"},{\"@type\":\"BreadcrumbList\",\"@id\":\"https:\\\/\\\/www.meydan.tv\\\/az\\\/article\\\/sevinc-vaqifqizinin-adi-10-most-urgent-dunya-siyahisina-salinib\\\/#breadcrumb\",\"itemListElement\":[{\"@type\":\"ListItem\",\"position\":1,\"name\":\"Ana s\u0259hif\u0259\",\"item\":\"https:\\\/\\\/www.meydan.tv\\\/az\\\/\"},{\"@type\":\"ListItem\",\"position\":2,\"name\":\"Siyas\u0259t\",\"item\":\"https:\\\/\\\/www.meydan.tv\\\/az\\\/section\\\/siyaset\\\/\"},{\"@type\":\"ListItem\",\"position\":3,\"name\":\"Sevinc Vaqifq\u0131z\u0131n\u0131n ad\u0131 &#8220;10 Most Urgent&#8221; d\u00fcnya siyah\u0131s\u0131na sal\u0131n\u0131b\"}]},{\"@type\":\"WebSite\",\"@id\":\"https:\\\/\\\/www.meydan.tv\\\/az\\\/#website\",\"url\":\"https:\\\/\\\/www.meydan.tv\\\/az\\\/\",\"name\":\"MEYDAN.TV\",\"description\":\"Meydan TV Az\u0259rbaycan\u0131n media m\u0259kan\u0131ndak\u0131 alternativ s\u0259sidir\",\"publisher\":{\"@id\":\"https:\\\/\\\/www.meydan.tv\\\/az\\\/#organization\"},\"potentialAction\":[{\"@type\":\"SearchAction\",\"target\":{\"@type\":\"EntryPoint\",\"urlTemplate\":\"https:\\\/\\\/www.meydan.tv\\\/az\\\/?s={search_term_string}\"},\"query-input\":{\"@type\":\"PropertyValueSpecification\",\"valueRequired\":true,\"valueName\":\"search_term_string\"}}],\"inLanguage\":\"az\"},{\"@type\":\"Organization\",\"@id\":\"https:\\\/\\\/www.meydan.tv\\\/az\\\/#organization\",\"name\":\"Meydan TV\",\"url\":\"https:\\\/\\\/www.meydan.tv\\\/az\\\/\",\"logo\":{\"@type\":\"ImageObject\",\"inLanguage\":\"az\",\"@id\":\"https:\\\/\\\/www.meydan.tv\\\/az\\\/#\\\/schema\\\/logo\\\/image\\\/\",\"url\":\"https:\\\/\\\/www.meydan.tv\\\/wp-content\\\/uploads\\\/2021\\\/07\\\/meydan-logo.svg\",\"contentUrl\":\"https:\\\/\\\/www.meydan.tv\\\/wp-content\\\/uploads\\\/2021\\\/07\\\/meydan-logo.svg\",\"width\":195,\"height\":46,\"caption\":\"Meydan TV\"},\"image\":{\"@id\":\"https:\\\/\\\/www.meydan.tv\\\/az\\\/#\\\/schema\\\/logo\\\/image\\\/\"}},{\"@type\":\"Person\",\"@id\":\"https:\\\/\\\/www.meydan.tv\\\/az\\\/#\\\/schema\\\/person\\\/09863e516102a829e72bedcf3f84c6b0\",\"name\":\"mahmud\"}]}<\/script>\n<!-- \/ Yoast SEO plugin. -->","yoast_head_json":{"title":"Sevinc Vaqifq\u0131z\u0131n\u0131n ad\u0131 \"10 Most Urgent\" d\u00fcnya siyah\u0131s\u0131na sal\u0131n\u0131b - MEYDAN.TV","robots":{"index":"index","follow":"follow","max-snippet":"max-snippet:-1","max-image-preview":"max-image-preview:large","max-video-preview":"max-video-preview:-1"},"canonical":"https:\/\/www.meydan.tv\/az\/article\/sevinc-vaqifqizinin-adi-10-most-urgent-dunya-siyahisina-salinib\/","og_locale":"az_AZ","og_type":"article","og_title":"Sevinc Vaqifq\u0131z\u0131n\u0131n ad\u0131 \"10 Most Urgent\" d\u00fcnya siyah\u0131s\u0131na sal\u0131n\u0131b - MEYDAN.TV","og_description":"Beyn\u0259lxalq koalisiya bu siyah\u0131n\u0131 d\u0259rc etm\u0259kl\u0259 h\u0259bsd\u0259 olan jurnalistl\u0259ri diqq\u0259td\u0259 ... Davam\u0131","og_url":"https:\/\/www.meydan.tv\/az\/article\/sevinc-vaqifqizinin-adi-10-most-urgent-dunya-siyahisina-salinib\/","og_site_name":"MEYDAN.TV","article_published_time":"2025-05-01T08:47:48+00:00","article_modified_time":"2025-05-01T08:47:52+00:00","og_image":[{"width":1200,"height":674,"url":"https:\/\/www.meydan.tv\/wp-content\/uploads\/img_0616-e1700561730380.jpg","type":"image\/jpeg"}],"author":"mahmud","twitter_card":"summary_large_image","schema":{"@context":"https:\/\/schema.org","@graph":[{"@type":"Article","@id":"https:\/\/www.meydan.tv\/az\/article\/sevinc-vaqifqizinin-adi-10-most-urgent-dunya-siyahisina-salinib\/#article","isPartOf":{"@id":"https:\/\/www.meydan.tv\/az\/article\/sevinc-vaqifqizinin-adi-10-most-urgent-dunya-siyahisina-salinib\/"},"author":{"name":"mahmud","@id":"https:\/\/www.meydan.tv\/az\/#\/schema\/person\/09863e516102a829e72bedcf3f84c6b0"},"headline":"Sevinc Vaqifq\u0131z\u0131n\u0131n ad\u0131 &#8220;10 Most Urgent&#8221; d\u00fcnya siyah\u0131s\u0131na sal\u0131n\u0131b","datePublished":"2025-05-01T08:47:48+00:00","dateModified":"2025-05-01T08:47:52+00:00","mainEntityOfPage":{"@id":"https:\/\/www.meydan.tv\/az\/article\/sevinc-vaqifqizinin-adi-10-most-urgent-dunya-siyahisina-salinib\/"},"wordCount":732,"publisher":{"@id":"https:\/\/www.meydan.tv\/az\/#organization"},"image":{"@id":"https:\/\/www.meydan.tv\/az\/article\/sevinc-vaqifqizinin-adi-10-most-urgent-dunya-siyahisina-salinib\/#primaryimage"},"thumbnailUrl":"https:\/\/www.meydan.tv\/wp-content\/uploads\/img_0616-e1700561730380.jpg","articleSection":["Siyas\u0259t","T\u00f6vsiy\u0259","X\u0259b\u0259rl\u0259r"],"inLanguage":"az"},{"@type":"WebPage","@id":"https:\/\/www.meydan.tv\/az\/article\/sevinc-vaqifqizinin-adi-10-most-urgent-dunya-siyahisina-salinib\/","url":"https:\/\/www.meydan.tv\/az\/article\/sevinc-vaqifqizinin-adi-10-most-urgent-dunya-siyahisina-salinib\/","name":"Sevinc Vaqifq\u0131z\u0131n\u0131n ad\u0131 \"10 Most Urgent\" d\u00fcnya siyah\u0131s\u0131na sal\u0131n\u0131b - MEYDAN.TV","isPartOf":{"@id":"https:\/\/www.meydan.tv\/az\/#website"},"primaryImageOfPage":{"@id":"https:\/\/www.meydan.tv\/az\/article\/sevinc-vaqifqizinin-adi-10-most-urgent-dunya-siyahisina-salinib\/#primaryimage"},"image":{"@id":"https:\/\/www.meydan.tv\/az\/article\/sevinc-vaqifqizinin-adi-10-most-urgent-dunya-siyahisina-salinib\/#primaryimage"},"thumbnailUrl":"https:\/\/www.meydan.tv\/wp-content\/uploads\/img_0616-e1700561730380.jpg","datePublished":"2025-05-01T08:47:48+00:00","dateModified":"2025-05-01T08:47:52+00:00","breadcrumb":{"@id":"https:\/\/www.meydan.tv\/az\/article\/sevinc-vaqifqizinin-adi-10-most-urgent-dunya-siyahisina-salinib\/#breadcrumb"},"inLanguage":"az","potentialAction":[{"@type":"ReadAction","target":["https:\/\/www.meydan.tv\/az\/article\/sevinc-vaqifqizinin-adi-10-most-urgent-dunya-siyahisina-salinib\/"]}]},{"@type":"ImageObject","inLanguage":"az","@id":"https:\/\/www.meydan.tv\/az\/article\/sevinc-vaqifqizinin-adi-10-most-urgent-dunya-siyahisina-salinib\/#primaryimage","url":"https:\/\/www.meydan.tv\/wp-content\/uploads\/img_0616-e1700561730380.jpg","contentUrl":"https:\/\/www.meydan.tv\/wp-content\/uploads\/img_0616-e1700561730380.jpg","width":1200,"height":674,"caption":"Sevinc Vaqifq\u0131z\u0131. Foto: Meydan TV"},{"@type":"BreadcrumbList","@id":"https:\/\/www.meydan.tv\/az\/article\/sevinc-vaqifqizinin-adi-10-most-urgent-dunya-siyahisina-salinib\/#breadcrumb","itemListElement":[{"@type":"ListItem","position":1,"name":"Ana s\u0259hif\u0259","item":"https:\/\/www.meydan.tv\/az\/"},{"@type":"ListItem","position":2,"name":"Siyas\u0259t","item":"https:\/\/www.meydan.tv\/az\/section\/siyaset\/"},{"@type":"ListItem","position":3,"name":"Sevinc Vaqifq\u0131z\u0131n\u0131n ad\u0131 &#8220;10 Most Urgent&#8221; d\u00fcnya siyah\u0131s\u0131na sal\u0131n\u0131b"}]},{"@type":"WebSite","@id":"https:\/\/www.meydan.tv\/az\/#website","url":"https:\/\/www.meydan.tv\/az\/","name":"MEYDAN.TV","description":"Meydan TV Az\u0259rbaycan\u0131n media m\u0259kan\u0131ndak\u0131 alternativ s\u0259sidir","publisher":{"@id":"https:\/\/www.meydan.tv\/az\/#organization"},"potentialAction":[{"@type":"SearchAction","target":{"@type":"EntryPoint","urlTemplate":"https:\/\/www.meydan.tv\/az\/?s={search_term_string}"},"query-input":{"@type":"PropertyValueSpecification","valueRequired":true,"valueName":"search_term_string"}}],"inLanguage":"az"},{"@type":"Organization","@id":"https:\/\/www.meydan.tv\/az\/#organization","name":"Meydan TV","url":"https:\/\/www.meydan.tv\/az\/","logo":{"@type":"ImageObject","inLanguage":"az","@id":"https:\/\/www.meydan.tv\/az\/#\/schema\/logo\/image\/","url":"https:\/\/www.meydan.tv\/wp-content\/uploads\/2021\/07\/meydan-logo.svg","contentUrl":"https:\/\/www.meydan.tv\/wp-content\/uploads\/2021\/07\/meydan-logo.svg","width":195,"height":46,"caption":"Meydan TV"},"image":{"@id":"https:\/\/www.meydan.tv\/az\/#\/schema\/logo\/image\/"}},{"@type":"Person","@id":"https:\/\/www.meydan.tv\/az\/#\/schema\/person\/09863e516102a829e72bedcf3f84c6b0","name":"mahmud"}]}},"_links":{"self":[{"href":"https:\/\/www.meydan.tv\/az\/wp-json\/wp\/v2\/posts\/329562","targetHints":{"allow":["GET"]}}],"collection":[{"href":"https:\/\/www.meydan.tv\/az\/wp-json\/wp\/v2\/posts"}],"about":[{"href":"https:\/\/www.meydan.tv\/az\/wp-json\/wp\/v2\/types\/post"}],"author":[{"embeddable":true,"href":"https:\/\/www.meydan.tv\/az\/wp-json\/wp\/v2\/users\/21"}],"replies":[{"embeddable":true,"href":"https:\/\/www.meydan.tv\/az\/wp-json\/wp\/v2\/comments?post=329562"}],"version-history":[{"count":1,"href":"https:\/\/www.meydan.tv\/az\/wp-json\/wp\/v2\/posts\/329562\/revisions"}],"predecessor-version":[{"id":329563,"href":"https:\/\/www.meydan.tv\/az\/wp-json\/wp\/v2\/posts\/329562\/revisions\/329563"}],"wp:featuredmedia":[{"embeddable":true,"href":"https:\/\/www.meydan.tv\/az\/wp-json\/wp\/v2\/media\/290989"}],"wp:attachment":[{"href":"https:\/\/www.meydan.tv\/az\/wp-json\/wp\/v2\/media?parent=329562"}],"wp:term":[{"taxonomy":"category","embeddable":true,"href":"https:\/\/www.meydan.tv\/az\/wp-json\/wp\/v2\/categories?post=329562"},{"taxonomy":"post_tag","embeddable":true,"href":"https:\/\/www.meydan.tv\/az\/wp-json\/wp\/v2\/tags?post=329562"}],"curies":[{"name":"wp","href":"https:\/\/api.w.org\/{rel}","templated":true}]}}