{"id":329530,"date":"2025-04-30T13:17:55","date_gmt":"2025-04-30T09:17:55","guid":{"rendered":"https:\/\/www.meydan.tv\/?p=329530"},"modified":"2025-04-30T13:17:59","modified_gmt":"2025-04-30T09:17:59","slug":"abs-konqresind%c9%99-az%c9%99rbaycanda-demokratiya-akti-adli-qanun-layih%c9%99si-hazirlanir","status":"publish","type":"post","link":"https:\/\/www.meydan.tv\/az\/article\/abs-konqresind%c9%99-az%c9%99rbaycanda-demokratiya-akti-adli-qanun-layih%c9%99si-hazirlanir\/","title":{"rendered":"AB\u015e Konqresind\u0259 &#8220;Az\u0259rbaycanda Demokratiya Akt\u0131&#8221; adl\u0131 qanun layih\u0259si haz\u0131rlan\u0131r"},"content":{"rendered":"\n<p><\/p>\n\n\n\n<p><strong><em>Dinl\u0259m\u0259l\u0259r zaman\u0131 Az\u0259rbaycandak\u0131 siyasi m\u0259hbuslar\u0131n azadl\u0131\u011fa burax\u0131lmal\u0131 olduqlar\u0131 qeyd edilib<\/em><\/strong><\/p>\n\n\n\n<p>Aprelin 29-da AB\u015e Konqresinin Tom Lantos \u0130nsan Haqlar\u0131 Komissiyas\u0131nda&#8221;COP29 BMT-nin \u0130qlim D\u0259yi\u015fikliyi Konfrans\u0131ndan sonra Az\u0259rbaycanda insan haqlar\u0131&#8221; adl\u0131 x\u00fcsusi <a href=\"https:\/\/www.youtube.com\/watch?v=__wpEcUrhHU\" target=\"_blank\" rel=\"noreferrer noopener\">dinl\u0259m\u0259l\u0259r <\/a>ke\u00e7irilib. Dinl\u0259m\u0259l\u0259r zaman\u0131 komissiyan\u0131n s\u0259dri senator Kris Smit bildirib ki, \u00a0&#8220;Az\u0259rbaycanda Demokratiya Akt\u0131&#8221; adl\u0131 qanun layih\u0259si haz\u0131rlan\u0131r.<\/p>\n\n\n\n<p><em>&#8220;Bu qanun layih\u0259si Az\u0259rbaycanda pisl\u0259\u015fm\u0259kd\u0259 olan insan haqlar\u0131n\u0131 \u0259hat\u0259l\u0259y\u0259c\u0259k\u201d, <\/em>&#8211; senator deyib.<\/p>\n\n\n\n<p>Smit deyib ki, Az\u0259rbaycan bir diktatura \u00f6lk\u0259sidir v\u0259 Prezident \u0130lham \u018fliyev \u00f6lk\u0259ni ail\u0259si \u00fc\u00e7\u00fcn feodal malikan\u0259 kimi n\u0259zar\u0259td\u0259 saxlayaraq istismar edir.<\/p>\n\n\n\n<p><em>&#8220;Diktatura COP29-un \u00f6z\u00fcn\u00fcn prestiji v\u0259 beyn\u0259lxalq dair\u0259l\u0259rd\u0259 q\u0259bul edilm\u0259si \u00fc\u00e7\u00fcn bir t\u0259dbir\u0259 \u00e7evril\u0259c\u0259yini g\u00f6zl\u0259yirdi. Bu al\u0131nd\u0131m\u0131? Dem\u0259zdim. Bu g\u00fcn burada soru\u015fdu\u011fumuz \u0259sas suallardan biri budur. Dig\u0259ri is\u0259 Konqresin Tramp administrasiyas\u0131 il\u0259 i\u015find\u0259 Az\u0259rbaycanla ba\u011fl\u0131 hans\u0131 siyas\u0259ti t\u0259bli\u011f ed\u0259c\u0259y\u0259dir&#8221;<\/em>.<\/p>\n\n\n\n<p>COP29 \u00f6nc\u0259si v\u0259 sonra Az\u0259rbaycanda repressiyalar\u0131n g\u00fccl\u0259ndiyini qeyd ed\u0259n senator bu ilin fevral\u0131nda \u00f6lk\u0259d\u0259 siyasi m\u0259hbus say\u0131n\u0131n 357-y\u0259 \u00e7atd\u0131\u011f\u0131n\u0131 v\u0259 bunun b\u00f6y\u00fck art\u0131m oldu\u011funu qeyd edib. O, &nbsp;bir \u00e7ox \u00f6lk\u0259l\u0259rin \u00f6t\u0259n ilin noyabr\u0131nda COP29-a qat\u0131lmad\u0131\u011f\u0131n\u0131 v\u0259 ya a\u015fa\u011f\u0131 s\u0259viyy\u0259li t\u0259msil\u00e7il\u0259r g\u00f6nd\u0259rdiyini vur\u011fulay\u0131b.<\/p>\n\n\n\n<p>Smit \u00e7\u0131x\u0131\u015f\u0131nda Az\u0259rbaycandak\u0131 siyasi m\u0259hbuslar\u0131n b\u0259zil\u0259rinin adlar\u0131n\u0131 sadalay\u0131b v\u0259 azadl\u0131\u011fa burax\u0131lmal\u0131 olduqlar\u0131n\u0131 qeyd edib. O, iqtisad\u00e7\u0131 Qubad \u0130bado\u011flunu n\u00fcmun\u0259 g\u0259tir\u0259r\u0259k deyib ki, onun ail\u0259sin\u0259 d\u0259 t\u0259zyiql\u0259r ba\u015f verir, bu yax\u0131nlarda h\u00f6kum\u0259t onun qarda\u015f\u0131 Qalib Bayramova qar\u015f\u0131 cinay\u0259t i\u015fi a\u00e7\u0131b, bu ittihamlarda 12 il\u0259d\u0259k h\u0259bs n\u0259z\u0259rd\u0259 tutulub.<\/p>\n\n\n\n<p><em>&#8220;Biz Azad Avropa\/Azadl\u0131q Radiolar\u0131n\u0131n jurnalisti F\u0259rid Mehral\u0131zad\u0259nin taleyind\u0259n d\u0259 \u00e7ox narahat\u0131q. \u00dcmidvaram ki, eyni v\u0259ziyy\u0259td\u0259 olan v\u0259t\u0259nda\u015flar\u0131na m\u00fcnasib\u0259td\u0259 oldu\u011fu kimi, AB\u015e h\u00f6kum\u0259ti onun da azadl\u0131\u011f\u0131na nail olmaq \u00fc\u00e7\u00fcn eyni s\u0259y v\u0259 ciddilik g\u00f6st\u0259rm\u0259y\u0259 borclu oldu\u011funu q\u0259bul edir&#8221;,<\/em> &#8211; Smit deyib.<\/p>\n\n\n\n<p>Senator erm\u0259ni m\u0259hbuslardan da dan\u0131\u015f\u0131b, onlar\u0131 &#8220;siyasi m\u0259hbus&#8221; adland\u0131r\u0131b.<\/p>\n\n\n\n<p><em>&#8220;\u018fliyevin etnik nifr\u0259ti q\u0131z\u0131\u015fd\u0131rmas\u0131 onlar\u0131n orada ya\u015famas\u0131n\u0131 \u00e7ox t\u0259hl\u00fck\u0259li edib&#8221;,<\/em> \u2013 dey\u0259 o bildirib.<\/p>\n\n\n\n<p>Dinl\u0259m\u0259l\u0259rd\u0259 h\u0259m\u00e7inin Qaraba\u011fdak\u0131 ke\u00e7mi\u015f separat\u00e7\u0131 rejimin &#8220;d\u00f6vl\u0259t naziri&#8221; v\u0259 &#8220;ombudsman&#8221;\u0131 olmu\u015f Artak Beqlaryan, ke\u00e7mi\u015f separat\u00e7\u0131 rejimin &#8220;d\u00f6vl\u0259t naziri&#8221; olmu\u015f, haz\u0131rda Bak\u0131da m\u00fchakim\u0259 olunan Ruben Vardanyan\u0131n v\u0259kili Cared Qenser, Milli Demokratiya Fondunun (NED) Rusiya v\u0259 Avrasiya \u00fczr\u0259 apar\u0131c\u0131 direktoru Miriam Lanskoy v\u0259 &#8220;Freedom Now&#8221; t\u0259\u015fkilat\u0131n\u0131n icra\u00e7\u0131 direktoru Andrea Prasou \u00e7\u0131x\u0131\u015f edibl\u0259r.<\/p>\n\n\n\n<p>Beqlaryan 2023-c\u00fc ilin sentyabr\u0131nda \u00f6z\u00fc v\u0259 ail\u0259si daxil olmaqla 150 mind\u0259n \u00e7ox erm\u0259ninin zorla m\u0259cburi k\u00f6\u00e7k\u00fcn\u0259 \u00e7evrildiyini bildirib. O, Az\u0259rbaycanda az\u0131 23 erm\u0259ni \u0259sirin h\u0259bsd\u0259 oldu\u011funu, i\u015fg\u0259nc\u0259y\u0259 m\u0259ruz qald\u0131\u011f\u0131n\u0131 deyib. Beqlaryan &nbsp;h\u0259m\u00e7inin Az\u0259rbaycan\u0131 2020-2023-c\u00fc ill\u0259rd\u0259n b\u0259ri itkin d\u00fc\u015f\u0259n az\u0131 200 n\u0259f\u0259rin, yoxa \u00e7\u0131xan 80 n\u0259f\u0259rin taleyi bar\u0259sind\u0259 m\u0259lumat verm\u0259m\u0259kd\u0259 ittiham edib. &nbsp;<\/p>\n\n\n\n<p>Milli Demokratiya Fondundan M.Lanskoy \u00e7\u0131x\u0131\u015f\u0131nda daha \u00e7ox v\u0259t\u0259nda\u015f c\u0259miyy\u0259tin\u0259 qar\u015f\u0131 repressiyan\u0131n \u00fcz\u0259rind\u0259 dayan\u0131b v\u0259 &#8220;k\u00fcr\u00fc diplomatiyas\u0131&#8221;n\u0131 xat\u0131rladaraq, xarici r\u0259smi v\u0259 parlamentaril\u0259rin r\u00fc\u015fv\u0259tl\u0259, h\u0259diyy\u0259l\u0259rl\u0259 \u0259l\u0259 al\u0131nmas\u0131n\u0131 qeyd edib. Lanskoy \u00f6lk\u0259d\u0259n 3 milyard dollarl\u0131q v\u0259saitin Avropada siyasi q\u0259rarlar\u0131n \u0259ld\u0259 olunmas\u0131na x\u0259rcl\u0259nm\u0259sin\u0259 dair &#8220;Az\u0259rbaycan Laundromat\u0131&#8221; adl\u0131 OCCRP ara\u015fd\u0131rmas\u0131 bar\u0259d\u0259 d\u0259 dan\u0131\u015f\u0131b.<\/p>\n\n\n\n<p><em>&#8220;Az\u0259rbaycan kleptokratik v\u0259 repressiv sistemin\u0259 qar\u015f\u0131 beyn\u0259lxalq t\u0259nqidi susdurmaq \u00fc\u00e7\u00fcn diplomatik taktikadan istifad\u0259 edir&#8221;,<\/em> \u2013 o bel\u0259 deyib.<\/p>\n\n\n\n<p>O bildirib ki, &nbsp;Az\u0259rbaycan Erm\u0259nistanla s\u00fclh prosesind\u0259n istifad\u0259 ed\u0259r\u0259k insan haqlar\u0131 pozuntular\u0131na g\u00f6r\u0259 hesabat verm\u0259kd\u0259n yay\u0131n\u0131r. Lanskoy mediaya qar\u015f\u0131 t\u0259zyiql\u0259r\u0259 d\u0259 toxunaraq, &#8220;AbzasMedia&#8221; i\u015fi \u00e7\u0259r\u00e7iv\u0259sind\u0259 saxlananlar\u0131n adlar\u0131n\u0131 \u00e7\u0259kib. O, bu i\u015f \u00fczr\u0259 hakiml\u0259r Rasim Sad\u0131xov v\u0259 Novruz K\u0259rimovun 2013-2014-c\u00fc ill\u0259rd\u0259 d\u0259 siyasi q\u0259rarlar \u00e7\u0131xard\u0131\u011f\u0131n\u0131, h\u0259min i\u015fl\u0259r bar\u0259d\u0259 Avropa \u0130nsan H\u00fcquqlar\u0131 M\u0259hk\u0259m\u0259sinin q\u0259rar\u0131 oldu\u011funu xat\u0131rlad\u0131b. &nbsp;<\/p>\n\n\n\n<p><em>&#8220;Y\u0259ni b\u0259zi hallarda 10 il \u0259vv\u0259l g\u00f6rd\u00fcy\u00fcm\u00fcz hallar b\u0259z\u0259n daha pis formada t\u0259krarlan\u0131r, biz onlar\u0131 nec\u0259 yoluna qoyma\u011f\u0131 h\u0259l\u0259 m\u00fc\u0259yy\u0259nl\u0259\u015fdirm\u0259mi\u015fik&#8221;.<\/em><\/p>\n\n\n\n<p>&#8220;Freedom Now&#8221; t\u0259\u015fkilat\u0131n\u0131n icra\u00e7\u0131 direktoru Andrea Prasou bildirib ki, &nbsp;Az\u0259rbaycanda siyasi m\u0259hbus say\u0131 son aylar xeyli art\u0131b. &nbsp;O, Meydan TV, \u201cToplum TV\u201d jurnalistl\u0259rinin, h\u00fcquq m\u00fcdafi\u0259\u00e7il\u0259rinin h\u0259bsind\u0259n s\u00f6z a\u00e7\u0131b, art\u0131q b\u0259zi siyasi m\u0259hbuslara uzunm\u00fcdd\u0259tli h\u0259bs c\u0259zalar\u0131 k\u0259sildiyini qeyd edib. Prasou Az\u0259rbaycanda azad mediaya h\u00fccumlar bar\u0259d\u0259 d\u0259 dan\u0131\u015f\u0131b.<\/p>\n\n\n\n<p><em>&#8220;Fevralda &#8220;Turan&#8221; x\u0259b\u0259r agentliyinin ba\u011flanmas\u0131 is\u0259 yerli m\u00fcst\u0259qil median\u0131n sonu oldu&#8221;.<\/em><\/p>\n\n\n\n<p>Son ilyar\u0131m boyunca Az\u0259rbaycanda qruplar hal\u0131nda 30-dan \u00e7ox jurnalist, ictimai f\u0259al qa\u00e7aqmal\u00e7\u0131l\u0131q ittiham\u0131 il\u0259 h\u0259bs edilib. Onlar\u0131n ham\u0131s\u0131 ittihamla raz\u0131la\u015fm\u0131r, pe\u015f\u0259 f\u0259aliyy\u0259tl\u0259rin\u0259 g\u00f6r\u0259 v\u0259 siyasi sifari\u015fl\u0259 c\u0259zaland\u0131r\u0131ld\u0131qlar\u0131n\u0131 deyirl\u0259r.<\/p>\n\n\n\n<p>Yerli h\u00fcquq-m\u00fcdafi\u0259 t\u0259\u015fkilatlar\u0131n\u0131n haz\u0131rlad\u0131qlar\u0131 <a href=\"https:\/\/storage.googleapis.com\/qurium\/www.meydan.tv\/az-article-az%c9%99rbaycanda-siyasi-m%c9%99hbuslarin-sayi-357-n%c9%99f%c9%99r%c9%99-catdi.html\" target=\"_blank\" rel=\"noreferrer noopener\">siyah\u0131lara <\/a>g\u00f6r\u0259, haz\u0131rda Az\u0259rbaycan h\u0259bsxanalar\u0131nda t\u0259xmin\u0259n 350- d\u0259n art\u0131q siyasi m\u0259hbus var. <\/p>\n\n\n\n<p>R\u0259smil\u0259r \u00f6lk\u0259d\u0259 siyasi motivli h\u0259bsl\u0259rin olmad\u0131\u011f\u0131n\u0131 deyirl\u0259r.<\/p>\n","protected":false},"excerpt":{"rendered":"<p>Dinl\u0259m\u0259l\u0259r zaman\u0131 Az\u0259rbaycandak\u0131 siyasi m\u0259hbuslar\u0131n azadl\u0131\u011fa burax\u0131lmal\u0131 olduqlar\u0131 qeyd edilib &#8230; <\/p>\n<p class=\"read-more-container\"><a title=\"AB\u015e Konqresind\u0259 &#8220;Az\u0259rbaycanda Demokratiya Akt\u0131&#8221; adl\u0131 qanun layih\u0259si haz\u0131rlan\u0131r\" class=\"read-more button\" href=\"https:\/\/www.meydan.tv\/az\/article\/abs-konqresind%c9%99-az%c9%99rbaycanda-demokratiya-akti-adli-qanun-layih%c9%99si-hazirlanir\/#more-329530\" aria-label=\"Read more about AB\u015e Konqresind\u0259 &#8220;Az\u0259rbaycanda Demokratiya Akt\u0131&#8221; adl\u0131 qanun layih\u0259si haz\u0131rlan\u0131r\">Davam\u0131<\/a><\/p>\n","protected":false},"author":21,"featured_media":256211,"comment_status":"closed","ping_status":"closed","sticky":false,"template":"","format":"standard","meta":{"_acf_changed":false,"_sitemap_exclude":false,"_sitemap_priority":"","_sitemap_frequency":"","footnotes":""},"categories":[59,79,56],"tags":[],"class_list":["post-329530","post","type-post","status-publish","format-standard","has-post-thumbnail","hentry","category-siyaset","category-featured","category-xeberler","infinite-scroll-item","generate-columns","tablet-grid-50","mobile-grid-100","grid-parent","grid-33","no-featured-image-padding"],"acf":[],"yoast_head":"<!-- This site is optimized with the Yoast SEO plugin v27.5 - https:\/\/yoast.com\/product\/yoast-seo-wordpress\/ -->\n<title>AB\u015e Konqresind\u0259 &quot;Az\u0259rbaycanda Demokratiya Akt\u0131&quot; adl\u0131 qanun layih\u0259si haz\u0131rlan\u0131r - MEYDAN.TV<\/title>\n<meta name=\"robots\" content=\"index, follow, max-snippet:-1, max-image-preview:large, max-video-preview:-1\" \/>\n<link rel=\"canonical\" href=\"https:\/\/www.meydan.tv\/az\/article\/abs-konqresind%c9%99-az%c9%99rbaycanda-demokratiya-akti-adli-qanun-layih%c9%99si-hazirlanir\/\" \/>\n<meta property=\"og:locale\" content=\"az_AZ\" \/>\n<meta property=\"og:type\" content=\"article\" \/>\n<meta property=\"og:title\" content=\"AB\u015e Konqresind\u0259 &quot;Az\u0259rbaycanda Demokratiya Akt\u0131&quot; adl\u0131 qanun layih\u0259si haz\u0131rlan\u0131r - MEYDAN.TV\" \/>\n<meta property=\"og:description\" content=\"Dinl\u0259m\u0259l\u0259r zaman\u0131 Az\u0259rbaycandak\u0131 siyasi m\u0259hbuslar\u0131n azadl\u0131\u011fa burax\u0131lmal\u0131 olduqlar\u0131 qeyd edilib ... Davam\u0131\" \/>\n<meta property=\"og:url\" content=\"https:\/\/www.meydan.tv\/az\/article\/abs-konqresind%c9%99-az%c9%99rbaycanda-demokratiya-akti-adli-qanun-layih%c9%99si-hazirlanir\/\" \/>\n<meta property=\"og:site_name\" content=\"MEYDAN.TV\" \/>\n<meta property=\"article:published_time\" content=\"2025-04-30T09:17:55+00:00\" \/>\n<meta property=\"article:modified_time\" content=\"2025-04-30T09:17:59+00:00\" \/>\n<meta property=\"og:image\" content=\"https:\/\/www.meydan.tv\/wp-content\/uploads\/konqress-scaled.webp\" \/>\n\t<meta property=\"og:image:width\" content=\"2560\" \/>\n\t<meta property=\"og:image:height\" content=\"1707\" \/>\n\t<meta property=\"og:image:type\" content=\"image\/webp\" \/>\n<meta name=\"author\" content=\"mahmud\" \/>\n<meta name=\"twitter:card\" content=\"summary_large_image\" \/>\n<script type=\"application\/ld+json\" class=\"yoast-schema-graph\">{\"@context\":\"https:\\\/\\\/schema.org\",\"@graph\":[{\"@type\":\"Article\",\"@id\":\"https:\\\/\\\/www.meydan.tv\\\/az\\\/article\\\/abs-konqresind%c9%99-az%c9%99rbaycanda-demokratiya-akti-adli-qanun-layih%c9%99si-hazirlanir\\\/#article\",\"isPartOf\":{\"@id\":\"https:\\\/\\\/www.meydan.tv\\\/az\\\/article\\\/abs-konqresind%c9%99-az%c9%99rbaycanda-demokratiya-akti-adli-qanun-layih%c9%99si-hazirlanir\\\/\"},\"author\":{\"name\":\"mahmud\",\"@id\":\"https:\\\/\\\/www.meydan.tv\\\/az\\\/#\\\/schema\\\/person\\\/09863e516102a829e72bedcf3f84c6b0\"},\"headline\":\"AB\u015e Konqresind\u0259 &#8220;Az\u0259rbaycanda Demokratiya Akt\u0131&#8221; adl\u0131 qanun layih\u0259si haz\u0131rlan\u0131r\",\"datePublished\":\"2025-04-30T09:17:55+00:00\",\"dateModified\":\"2025-04-30T09:17:59+00:00\",\"mainEntityOfPage\":{\"@id\":\"https:\\\/\\\/www.meydan.tv\\\/az\\\/article\\\/abs-konqresind%c9%99-az%c9%99rbaycanda-demokratiya-akti-adli-qanun-layih%c9%99si-hazirlanir\\\/\"},\"wordCount\":1036,\"publisher\":{\"@id\":\"https:\\\/\\\/www.meydan.tv\\\/az\\\/#organization\"},\"image\":{\"@id\":\"https:\\\/\\\/www.meydan.tv\\\/az\\\/article\\\/abs-konqresind%c9%99-az%c9%99rbaycanda-demokratiya-akti-adli-qanun-layih%c9%99si-hazirlanir\\\/#primaryimage\"},\"thumbnailUrl\":\"https:\\\/\\\/www.meydan.tv\\\/wp-content\\\/uploads\\\/konqress-scaled.webp\",\"articleSection\":[\"Siyas\u0259t\",\"T\u00f6vsiy\u0259\",\"X\u0259b\u0259rl\u0259r\"],\"inLanguage\":\"az\"},{\"@type\":\"WebPage\",\"@id\":\"https:\\\/\\\/www.meydan.tv\\\/az\\\/article\\\/abs-konqresind%c9%99-az%c9%99rbaycanda-demokratiya-akti-adli-qanun-layih%c9%99si-hazirlanir\\\/\",\"url\":\"https:\\\/\\\/www.meydan.tv\\\/az\\\/article\\\/abs-konqresind%c9%99-az%c9%99rbaycanda-demokratiya-akti-adli-qanun-layih%c9%99si-hazirlanir\\\/\",\"name\":\"AB\u015e Konqresind\u0259 \\\"Az\u0259rbaycanda Demokratiya Akt\u0131\\\" adl\u0131 qanun layih\u0259si haz\u0131rlan\u0131r - MEYDAN.TV\",\"isPartOf\":{\"@id\":\"https:\\\/\\\/www.meydan.tv\\\/az\\\/#website\"},\"primaryImageOfPage\":{\"@id\":\"https:\\\/\\\/www.meydan.tv\\\/az\\\/article\\\/abs-konqresind%c9%99-az%c9%99rbaycanda-demokratiya-akti-adli-qanun-layih%c9%99si-hazirlanir\\\/#primaryimage\"},\"image\":{\"@id\":\"https:\\\/\\\/www.meydan.tv\\\/az\\\/article\\\/abs-konqresind%c9%99-az%c9%99rbaycanda-demokratiya-akti-adli-qanun-layih%c9%99si-hazirlanir\\\/#primaryimage\"},\"thumbnailUrl\":\"https:\\\/\\\/www.meydan.tv\\\/wp-content\\\/uploads\\\/konqress-scaled.webp\",\"datePublished\":\"2025-04-30T09:17:55+00:00\",\"dateModified\":\"2025-04-30T09:17:59+00:00\",\"breadcrumb\":{\"@id\":\"https:\\\/\\\/www.meydan.tv\\\/az\\\/article\\\/abs-konqresind%c9%99-az%c9%99rbaycanda-demokratiya-akti-adli-qanun-layih%c9%99si-hazirlanir\\\/#breadcrumb\"},\"inLanguage\":\"az\",\"potentialAction\":[{\"@type\":\"ReadAction\",\"target\":[\"https:\\\/\\\/www.meydan.tv\\\/az\\\/article\\\/abs-konqresind%c9%99-az%c9%99rbaycanda-demokratiya-akti-adli-qanun-layih%c9%99si-hazirlanir\\\/\"]}]},{\"@type\":\"ImageObject\",\"inLanguage\":\"az\",\"@id\":\"https:\\\/\\\/www.meydan.tv\\\/az\\\/article\\\/abs-konqresind%c9%99-az%c9%99rbaycanda-demokratiya-akti-adli-qanun-layih%c9%99si-hazirlanir\\\/#primaryimage\",\"url\":\"https:\\\/\\\/www.meydan.tv\\\/wp-content\\\/uploads\\\/konqress-scaled.webp\",\"contentUrl\":\"https:\\\/\\\/www.meydan.tv\\\/wp-content\\\/uploads\\\/konqress-scaled.webp\",\"width\":2560,\"height\":1707,\"caption\":\"AB\u015e Konqresi. Foto: Shutterstock\\\\onemoreimage\"},{\"@type\":\"BreadcrumbList\",\"@id\":\"https:\\\/\\\/www.meydan.tv\\\/az\\\/article\\\/abs-konqresind%c9%99-az%c9%99rbaycanda-demokratiya-akti-adli-qanun-layih%c9%99si-hazirlanir\\\/#breadcrumb\",\"itemListElement\":[{\"@type\":\"ListItem\",\"position\":1,\"name\":\"Ana s\u0259hif\u0259\",\"item\":\"https:\\\/\\\/www.meydan.tv\\\/az\\\/\"},{\"@type\":\"ListItem\",\"position\":2,\"name\":\"Siyas\u0259t\",\"item\":\"https:\\\/\\\/www.meydan.tv\\\/az\\\/section\\\/siyaset\\\/\"},{\"@type\":\"ListItem\",\"position\":3,\"name\":\"AB\u015e Konqresind\u0259 &#8220;Az\u0259rbaycanda Demokratiya Akt\u0131&#8221; adl\u0131 qanun layih\u0259si haz\u0131rlan\u0131r\"}]},{\"@type\":\"WebSite\",\"@id\":\"https:\\\/\\\/www.meydan.tv\\\/az\\\/#website\",\"url\":\"https:\\\/\\\/www.meydan.tv\\\/az\\\/\",\"name\":\"MEYDAN.TV\",\"description\":\"Meydan TV Az\u0259rbaycan\u0131n media m\u0259kan\u0131ndak\u0131 alternativ s\u0259sidir\",\"publisher\":{\"@id\":\"https:\\\/\\\/www.meydan.tv\\\/az\\\/#organization\"},\"potentialAction\":[{\"@type\":\"SearchAction\",\"target\":{\"@type\":\"EntryPoint\",\"urlTemplate\":\"https:\\\/\\\/www.meydan.tv\\\/az\\\/?s={search_term_string}\"},\"query-input\":{\"@type\":\"PropertyValueSpecification\",\"valueRequired\":true,\"valueName\":\"search_term_string\"}}],\"inLanguage\":\"az\"},{\"@type\":\"Organization\",\"@id\":\"https:\\\/\\\/www.meydan.tv\\\/az\\\/#organization\",\"name\":\"Meydan TV\",\"url\":\"https:\\\/\\\/www.meydan.tv\\\/az\\\/\",\"logo\":{\"@type\":\"ImageObject\",\"inLanguage\":\"az\",\"@id\":\"https:\\\/\\\/www.meydan.tv\\\/az\\\/#\\\/schema\\\/logo\\\/image\\\/\",\"url\":\"https:\\\/\\\/www.meydan.tv\\\/wp-content\\\/uploads\\\/2021\\\/07\\\/meydan-logo.svg\",\"contentUrl\":\"https:\\\/\\\/www.meydan.tv\\\/wp-content\\\/uploads\\\/2021\\\/07\\\/meydan-logo.svg\",\"width\":195,\"height\":46,\"caption\":\"Meydan TV\"},\"image\":{\"@id\":\"https:\\\/\\\/www.meydan.tv\\\/az\\\/#\\\/schema\\\/logo\\\/image\\\/\"}},{\"@type\":\"Person\",\"@id\":\"https:\\\/\\\/www.meydan.tv\\\/az\\\/#\\\/schema\\\/person\\\/09863e516102a829e72bedcf3f84c6b0\",\"name\":\"mahmud\"}]}<\/script>\n<!-- \/ Yoast SEO plugin. -->","yoast_head_json":{"title":"AB\u015e Konqresind\u0259 \"Az\u0259rbaycanda Demokratiya Akt\u0131\" adl\u0131 qanun layih\u0259si haz\u0131rlan\u0131r - MEYDAN.TV","robots":{"index":"index","follow":"follow","max-snippet":"max-snippet:-1","max-image-preview":"max-image-preview:large","max-video-preview":"max-video-preview:-1"},"canonical":"https:\/\/www.meydan.tv\/az\/article\/abs-konqresind%c9%99-az%c9%99rbaycanda-demokratiya-akti-adli-qanun-layih%c9%99si-hazirlanir\/","og_locale":"az_AZ","og_type":"article","og_title":"AB\u015e Konqresind\u0259 \"Az\u0259rbaycanda Demokratiya Akt\u0131\" adl\u0131 qanun layih\u0259si haz\u0131rlan\u0131r - MEYDAN.TV","og_description":"Dinl\u0259m\u0259l\u0259r zaman\u0131 Az\u0259rbaycandak\u0131 siyasi m\u0259hbuslar\u0131n azadl\u0131\u011fa burax\u0131lmal\u0131 olduqlar\u0131 qeyd edilib ... Davam\u0131","og_url":"https:\/\/www.meydan.tv\/az\/article\/abs-konqresind%c9%99-az%c9%99rbaycanda-demokratiya-akti-adli-qanun-layih%c9%99si-hazirlanir\/","og_site_name":"MEYDAN.TV","article_published_time":"2025-04-30T09:17:55+00:00","article_modified_time":"2025-04-30T09:17:59+00:00","og_image":[{"width":2560,"height":1707,"url":"https:\/\/www.meydan.tv\/wp-content\/uploads\/konqress-scaled.webp","type":"image\/webp"}],"author":"mahmud","twitter_card":"summary_large_image","schema":{"@context":"https:\/\/schema.org","@graph":[{"@type":"Article","@id":"https:\/\/www.meydan.tv\/az\/article\/abs-konqresind%c9%99-az%c9%99rbaycanda-demokratiya-akti-adli-qanun-layih%c9%99si-hazirlanir\/#article","isPartOf":{"@id":"https:\/\/www.meydan.tv\/az\/article\/abs-konqresind%c9%99-az%c9%99rbaycanda-demokratiya-akti-adli-qanun-layih%c9%99si-hazirlanir\/"},"author":{"name":"mahmud","@id":"https:\/\/www.meydan.tv\/az\/#\/schema\/person\/09863e516102a829e72bedcf3f84c6b0"},"headline":"AB\u015e Konqresind\u0259 &#8220;Az\u0259rbaycanda Demokratiya Akt\u0131&#8221; adl\u0131 qanun layih\u0259si haz\u0131rlan\u0131r","datePublished":"2025-04-30T09:17:55+00:00","dateModified":"2025-04-30T09:17:59+00:00","mainEntityOfPage":{"@id":"https:\/\/www.meydan.tv\/az\/article\/abs-konqresind%c9%99-az%c9%99rbaycanda-demokratiya-akti-adli-qanun-layih%c9%99si-hazirlanir\/"},"wordCount":1036,"publisher":{"@id":"https:\/\/www.meydan.tv\/az\/#organization"},"image":{"@id":"https:\/\/www.meydan.tv\/az\/article\/abs-konqresind%c9%99-az%c9%99rbaycanda-demokratiya-akti-adli-qanun-layih%c9%99si-hazirlanir\/#primaryimage"},"thumbnailUrl":"https:\/\/www.meydan.tv\/wp-content\/uploads\/konqress-scaled.webp","articleSection":["Siyas\u0259t","T\u00f6vsiy\u0259","X\u0259b\u0259rl\u0259r"],"inLanguage":"az"},{"@type":"WebPage","@id":"https:\/\/www.meydan.tv\/az\/article\/abs-konqresind%c9%99-az%c9%99rbaycanda-demokratiya-akti-adli-qanun-layih%c9%99si-hazirlanir\/","url":"https:\/\/www.meydan.tv\/az\/article\/abs-konqresind%c9%99-az%c9%99rbaycanda-demokratiya-akti-adli-qanun-layih%c9%99si-hazirlanir\/","name":"AB\u015e Konqresind\u0259 \"Az\u0259rbaycanda Demokratiya Akt\u0131\" adl\u0131 qanun layih\u0259si haz\u0131rlan\u0131r - MEYDAN.TV","isPartOf":{"@id":"https:\/\/www.meydan.tv\/az\/#website"},"primaryImageOfPage":{"@id":"https:\/\/www.meydan.tv\/az\/article\/abs-konqresind%c9%99-az%c9%99rbaycanda-demokratiya-akti-adli-qanun-layih%c9%99si-hazirlanir\/#primaryimage"},"image":{"@id":"https:\/\/www.meydan.tv\/az\/article\/abs-konqresind%c9%99-az%c9%99rbaycanda-demokratiya-akti-adli-qanun-layih%c9%99si-hazirlanir\/#primaryimage"},"thumbnailUrl":"https:\/\/www.meydan.tv\/wp-content\/uploads\/konqress-scaled.webp","datePublished":"2025-04-30T09:17:55+00:00","dateModified":"2025-04-30T09:17:59+00:00","breadcrumb":{"@id":"https:\/\/www.meydan.tv\/az\/article\/abs-konqresind%c9%99-az%c9%99rbaycanda-demokratiya-akti-adli-qanun-layih%c9%99si-hazirlanir\/#breadcrumb"},"inLanguage":"az","potentialAction":[{"@type":"ReadAction","target":["https:\/\/www.meydan.tv\/az\/article\/abs-konqresind%c9%99-az%c9%99rbaycanda-demokratiya-akti-adli-qanun-layih%c9%99si-hazirlanir\/"]}]},{"@type":"ImageObject","inLanguage":"az","@id":"https:\/\/www.meydan.tv\/az\/article\/abs-konqresind%c9%99-az%c9%99rbaycanda-demokratiya-akti-adli-qanun-layih%c9%99si-hazirlanir\/#primaryimage","url":"https:\/\/www.meydan.tv\/wp-content\/uploads\/konqress-scaled.webp","contentUrl":"https:\/\/www.meydan.tv\/wp-content\/uploads\/konqress-scaled.webp","width":2560,"height":1707,"caption":"AB\u015e Konqresi. Foto: Shutterstock\\onemoreimage"},{"@type":"BreadcrumbList","@id":"https:\/\/www.meydan.tv\/az\/article\/abs-konqresind%c9%99-az%c9%99rbaycanda-demokratiya-akti-adli-qanun-layih%c9%99si-hazirlanir\/#breadcrumb","itemListElement":[{"@type":"ListItem","position":1,"name":"Ana s\u0259hif\u0259","item":"https:\/\/www.meydan.tv\/az\/"},{"@type":"ListItem","position":2,"name":"Siyas\u0259t","item":"https:\/\/www.meydan.tv\/az\/section\/siyaset\/"},{"@type":"ListItem","position":3,"name":"AB\u015e Konqresind\u0259 &#8220;Az\u0259rbaycanda Demokratiya Akt\u0131&#8221; adl\u0131 qanun layih\u0259si haz\u0131rlan\u0131r"}]},{"@type":"WebSite","@id":"https:\/\/www.meydan.tv\/az\/#website","url":"https:\/\/www.meydan.tv\/az\/","name":"MEYDAN.TV","description":"Meydan TV Az\u0259rbaycan\u0131n media m\u0259kan\u0131ndak\u0131 alternativ s\u0259sidir","publisher":{"@id":"https:\/\/www.meydan.tv\/az\/#organization"},"potentialAction":[{"@type":"SearchAction","target":{"@type":"EntryPoint","urlTemplate":"https:\/\/www.meydan.tv\/az\/?s={search_term_string}"},"query-input":{"@type":"PropertyValueSpecification","valueRequired":true,"valueName":"search_term_string"}}],"inLanguage":"az"},{"@type":"Organization","@id":"https:\/\/www.meydan.tv\/az\/#organization","name":"Meydan TV","url":"https:\/\/www.meydan.tv\/az\/","logo":{"@type":"ImageObject","inLanguage":"az","@id":"https:\/\/www.meydan.tv\/az\/#\/schema\/logo\/image\/","url":"https:\/\/www.meydan.tv\/wp-content\/uploads\/2021\/07\/meydan-logo.svg","contentUrl":"https:\/\/www.meydan.tv\/wp-content\/uploads\/2021\/07\/meydan-logo.svg","width":195,"height":46,"caption":"Meydan TV"},"image":{"@id":"https:\/\/www.meydan.tv\/az\/#\/schema\/logo\/image\/"}},{"@type":"Person","@id":"https:\/\/www.meydan.tv\/az\/#\/schema\/person\/09863e516102a829e72bedcf3f84c6b0","name":"mahmud"}]}},"_links":{"self":[{"href":"https:\/\/www.meydan.tv\/az\/wp-json\/wp\/v2\/posts\/329530","targetHints":{"allow":["GET"]}}],"collection":[{"href":"https:\/\/www.meydan.tv\/az\/wp-json\/wp\/v2\/posts"}],"about":[{"href":"https:\/\/www.meydan.tv\/az\/wp-json\/wp\/v2\/types\/post"}],"author":[{"embeddable":true,"href":"https:\/\/www.meydan.tv\/az\/wp-json\/wp\/v2\/users\/21"}],"replies":[{"embeddable":true,"href":"https:\/\/www.meydan.tv\/az\/wp-json\/wp\/v2\/comments?post=329530"}],"version-history":[{"count":1,"href":"https:\/\/www.meydan.tv\/az\/wp-json\/wp\/v2\/posts\/329530\/revisions"}],"predecessor-version":[{"id":329531,"href":"https:\/\/www.meydan.tv\/az\/wp-json\/wp\/v2\/posts\/329530\/revisions\/329531"}],"wp:featuredmedia":[{"embeddable":true,"href":"https:\/\/www.meydan.tv\/az\/wp-json\/wp\/v2\/media\/256211"}],"wp:attachment":[{"href":"https:\/\/www.meydan.tv\/az\/wp-json\/wp\/v2\/media?parent=329530"}],"wp:term":[{"taxonomy":"category","embeddable":true,"href":"https:\/\/www.meydan.tv\/az\/wp-json\/wp\/v2\/categories?post=329530"},{"taxonomy":"post_tag","embeddable":true,"href":"https:\/\/www.meydan.tv\/az\/wp-json\/wp\/v2\/tags?post=329530"}],"curies":[{"name":"wp","href":"https:\/\/api.w.org\/{rel}","templated":true}]}}