{"id":329401,"date":"2025-04-28T18:58:49","date_gmt":"2025-04-28T14:58:49","guid":{"rendered":"https:\/\/www.meydan.tv\/?p=329401"},"modified":"2025-04-28T18:58:53","modified_gmt":"2025-04-28T14:58:53","slug":"ilham-eliyev-az%c9%99rbaycan-v%c9%99-iran-beyn%c9%99lxalq-t%c9%99skilatlar-c%c9%99rciv%c9%99sind%c9%99-bir-birini-d%c9%99st%c9%99kl%c9%99yir","status":"publish","type":"post","link":"https:\/\/www.meydan.tv\/az\/article\/ilham-eliyev-az%c9%99rbaycan-v%c9%99-iran-beyn%c9%99lxalq-t%c9%99skilatlar-c%c9%99rciv%c9%99sind%c9%99-bir-birini-d%c9%99st%c9%99kl%c9%99yir\/","title":{"rendered":"\u0130lham \u018fliyev: \u201cAz\u0259rbaycan v\u0259 \u0130ran beyn\u0259lxalq t\u0259\u015fkilatlar \u00e7\u0259r\u00e7iv\u0259sind\u0259 bir-birini d\u0259st\u0259kl\u0259yir\u201d"},"content":{"rendered":"\n<p><\/p>\n\n\n\n<p><strong><em>\u0130ran Prezidenti bildirib ki, g\u0259l\u0259c\u0259kd\u0259 \u0259laq\u0259l\u0259ri daha da g\u00fccl\u0259ndir\u0259c\u0259kl\u0259r<\/em><\/strong><\/p>\n\n\n\n<p>Aprelin 28-d\u0259 \u0130ran\u0131n Prezidenti M\u0259sud Peze\u015fkian Az\u0259rbaycana r\u0259smi s\u0259f\u0259r\u0259 g\u0259lib.<\/p>\n\n\n\n<p>Onun Az\u0259rbaycan Prezidenti \u0130lham \u018fliyevl\u0259 g\u00f6r\u00fc\u015f\u00fc olub.<\/p>\n\n\n\n<p>Daha sonra h\u0259r iki Prezident birg\u0259 b\u0259yanatla <a href=\"https:\/\/azertag.az\/xeber\/azerbaycan_ve_iran_prezidentleri_metbuata_beyanatlarla_chixis_edibler__yenilenib-3527783\">\u00e7\u0131x\u0131\u015f edibl\u0259r<\/a>.<\/p>\n\n\n\n<p>\u0130lham \u018fliyev \u00e7\u0131x\u0131\u015f\u0131nda deyib ki, Birl\u0259\u015fmi\u015f Mill\u0259tl\u0259r T\u0259\u015fkilat\u0131 (BMT), \u0130slam \u018fm\u0259kda\u015fl\u0131q T\u0259\u015fkilat\u0131, Qo\u015fulmama H\u0259r\u0259kat\u0131 v\u0259 dig\u0259r t\u0259\u015fkilatlar \u00e7\u0259r\u00e7iv\u0259sind\u0259 onlar\u0131n n\u00fcmay\u0259nd\u0259l\u0259ri daim bir-birinin yan\u0131ndad\u0131r.<\/p>\n\n\n\n<p><em>\u201cBiz beyn\u0259lxalq t\u0259\u015fkilatlar \u00e7\u0259r\u00e7iv\u0259sind\u0259 bir-birimizi \u0259n\u0259n\u0259vi olaraq d\u0259st\u0259kl\u0259yirik. Bu bar\u0259d\u0259 bu g\u00fcn d\u0259 fikir m\u00fcbadil\u0259si apar\u0131ld\u0131 v\u0259 g\u0259l\u0259c\u0259k birg\u0259 \u0259m\u0259kda\u015fl\u0131q \u00e7\u0259r\u00e7iv\u0259l\u0259ri m\u00fczakir\u0259 edildi. Birinci m\u0259rh\u0259l\u0259d\u0259 h\u00f6rm\u0259tli Prezidentl\u0259 t\u0259kb\u0259t\u0259k v\u0259 m\u0259hdud t\u0259rkibd\u0259ki g\u00f6r\u00fc\u015f \u0259snas\u0131nda fikir m\u00fcbadil\u0259si apar\u0131l\u0131b. Y\u0259ni, m\u0259ram\u0131m\u0131z, m\u0259qs\u0259dimiz birdir &#8211; Az\u0259rbaycan-\u0130ran d\u00f6vl\u0259tl\u0259raras\u0131 \u0259laq\u0259l\u0259rini y\u00fcks\u0259k s\u0259viyy\u0259y\u0259 qald\u0131rmaqd\u0131r. Bunun \u00fc\u00e7\u00fcn yen\u0259 d\u0259 deyir\u0259m, m\u00fcvafiq g\u00f6st\u0259ri\u015fl\u0259r verildi v\u0259 \u0259min\u0259m ki, bu g\u00f6st\u0259ri\u015fl\u0259r yerin\u0259 yetiril\u0259c\u0259k\u201d<\/em>, &#8211; \u0130lham \u018fliyev deyib.<\/p>\n\n\n\n<p>M\u0259sud Peze\u015fkian is\u0259 bildirib ki, g\u0259l\u0259c\u0259kd\u0259 \u0259laq\u0259l\u0259ri daha da g\u00fccl\u0259ndir\u0259c\u0259kl\u0259r:<\/p>\n\n\n\n<p>\u201cBiz bir \u00e7ox m\u0259s\u0259l\u0259l\u0259rd\u0259 bir-birimizin t\u0259cr\u00fcb\u0259sini \u00f6yr\u0259n\u0259 bil\u0259rik\u201d.<\/p>\n\n\n\n<p>Bu, M\u0259sud Peze\u015fkian\u0131n Prezident kimi Az\u0259rbaycana ilk s\u0259f\u0259ridir.<\/p>\n\n\n\n<p>M\u0259sud Peze\u015fkian 2024-c\u00fc ilin iyununda \u0130ran Prezidenti se\u00e7ilib.<\/p>\n","protected":false},"excerpt":{"rendered":"<p>\u0130ran Prezidenti bildirib ki, g\u0259l\u0259c\u0259kd\u0259 \u0259laq\u0259l\u0259ri daha da g\u00fccl\u0259ndir\u0259c\u0259kl\u0259r Aprelin &#8230; <\/p>\n<p class=\"read-more-container\"><a title=\"\u0130lham \u018fliyev: \u201cAz\u0259rbaycan v\u0259 \u0130ran beyn\u0259lxalq t\u0259\u015fkilatlar \u00e7\u0259r\u00e7iv\u0259sind\u0259 bir-birini d\u0259st\u0259kl\u0259yir\u201d\" class=\"read-more button\" href=\"https:\/\/www.meydan.tv\/az\/article\/ilham-eliyev-az%c9%99rbaycan-v%c9%99-iran-beyn%c9%99lxalq-t%c9%99skilatlar-c%c9%99rciv%c9%99sind%c9%99-bir-birini-d%c9%99st%c9%99kl%c9%99yir\/#more-329401\" aria-label=\"Read more about \u0130lham \u018fliyev: \u201cAz\u0259rbaycan v\u0259 \u0130ran beyn\u0259lxalq t\u0259\u015fkilatlar \u00e7\u0259r\u00e7iv\u0259sind\u0259 bir-birini d\u0259st\u0259kl\u0259yir\u201d\">Davam\u0131<\/a><\/p>\n","protected":false},"author":21,"featured_media":329402,"comment_status":"closed","ping_status":"closed","sticky":false,"template":"","format":"standard","meta":{"_acf_changed":false,"_sitemap_exclude":false,"_sitemap_priority":"","_sitemap_frequency":"","footnotes":""},"categories":[59,56],"tags":[],"class_list":["post-329401","post","type-post","status-publish","format-standard","has-post-thumbnail","hentry","category-siyaset","category-xeberler","infinite-scroll-item","generate-columns","tablet-grid-50","mobile-grid-100","grid-parent","grid-33","no-featured-image-padding"],"acf":[],"yoast_head":"<!-- This site is optimized with the Yoast SEO plugin v27.5 - https:\/\/yoast.com\/product\/yoast-seo-wordpress\/ -->\n<title>\u0130lham \u018fliyev: \u201cAz\u0259rbaycan v\u0259 \u0130ran beyn\u0259lxalq t\u0259\u015fkilatlar \u00e7\u0259r\u00e7iv\u0259sind\u0259 bir-birini d\u0259st\u0259kl\u0259yir\u201d - MEYDAN.TV<\/title>\n<meta name=\"robots\" content=\"index, follow, max-snippet:-1, max-image-preview:large, max-video-preview:-1\" \/>\n<link rel=\"canonical\" href=\"https:\/\/www.meydan.tv\/az\/article\/ilham-eliyev-az%c9%99rbaycan-v%c9%99-iran-beyn%c9%99lxalq-t%c9%99skilatlar-c%c9%99rciv%c9%99sind%c9%99-bir-birini-d%c9%99st%c9%99kl%c9%99yir\/\" \/>\n<meta property=\"og:locale\" content=\"az_AZ\" \/>\n<meta property=\"og:type\" content=\"article\" \/>\n<meta property=\"og:title\" content=\"\u0130lham \u018fliyev: \u201cAz\u0259rbaycan v\u0259 \u0130ran beyn\u0259lxalq t\u0259\u015fkilatlar \u00e7\u0259r\u00e7iv\u0259sind\u0259 bir-birini d\u0259st\u0259kl\u0259yir\u201d - MEYDAN.TV\" \/>\n<meta property=\"og:description\" content=\"\u0130ran Prezidenti bildirib ki, g\u0259l\u0259c\u0259kd\u0259 \u0259laq\u0259l\u0259ri daha da g\u00fccl\u0259ndir\u0259c\u0259kl\u0259r Aprelin ... Davam\u0131\" \/>\n<meta property=\"og:url\" content=\"https:\/\/www.meydan.tv\/az\/article\/ilham-eliyev-az%c9%99rbaycan-v%c9%99-iran-beyn%c9%99lxalq-t%c9%99skilatlar-c%c9%99rciv%c9%99sind%c9%99-bir-birini-d%c9%99st%c9%99kl%c9%99yir\/\" \/>\n<meta property=\"og:site_name\" content=\"MEYDAN.TV\" \/>\n<meta property=\"article:published_time\" content=\"2025-04-28T14:58:49+00:00\" \/>\n<meta property=\"article:modified_time\" content=\"2025-04-28T14:58:53+00:00\" \/>\n<meta property=\"og:image\" content=\"https:\/\/www.meydan.tv\/wp-content\/uploads\/17458460143809643050_1200x630-e1745852139901.jpg\" \/>\n\t<meta property=\"og:image:width\" content=\"912\" \/>\n\t<meta property=\"og:image:height\" content=\"380\" \/>\n\t<meta property=\"og:image:type\" content=\"image\/jpeg\" \/>\n<meta name=\"author\" content=\"mahmud\" \/>\n<meta name=\"twitter:card\" content=\"summary_large_image\" \/>\n<script type=\"application\/ld+json\" class=\"yoast-schema-graph\">{\"@context\":\"https:\\\/\\\/schema.org\",\"@graph\":[{\"@type\":\"Article\",\"@id\":\"https:\\\/\\\/www.meydan.tv\\\/az\\\/article\\\/ilham-eliyev-az%c9%99rbaycan-v%c9%99-iran-beyn%c9%99lxalq-t%c9%99skilatlar-c%c9%99rciv%c9%99sind%c9%99-bir-birini-d%c9%99st%c9%99kl%c9%99yir\\\/#article\",\"isPartOf\":{\"@id\":\"https:\\\/\\\/www.meydan.tv\\\/az\\\/article\\\/ilham-eliyev-az%c9%99rbaycan-v%c9%99-iran-beyn%c9%99lxalq-t%c9%99skilatlar-c%c9%99rciv%c9%99sind%c9%99-bir-birini-d%c9%99st%c9%99kl%c9%99yir\\\/\"},\"author\":{\"name\":\"mahmud\",\"@id\":\"https:\\\/\\\/www.meydan.tv\\\/az\\\/#\\\/schema\\\/person\\\/09863e516102a829e72bedcf3f84c6b0\"},\"headline\":\"\u0130lham \u018fliyev: \u201cAz\u0259rbaycan v\u0259 \u0130ran beyn\u0259lxalq t\u0259\u015fkilatlar \u00e7\u0259r\u00e7iv\u0259sind\u0259 bir-birini d\u0259st\u0259kl\u0259yir\u201d\",\"datePublished\":\"2025-04-28T14:58:49+00:00\",\"dateModified\":\"2025-04-28T14:58:53+00:00\",\"mainEntityOfPage\":{\"@id\":\"https:\\\/\\\/www.meydan.tv\\\/az\\\/article\\\/ilham-eliyev-az%c9%99rbaycan-v%c9%99-iran-beyn%c9%99lxalq-t%c9%99skilatlar-c%c9%99rciv%c9%99sind%c9%99-bir-birini-d%c9%99st%c9%99kl%c9%99yir\\\/\"},\"wordCount\":325,\"publisher\":{\"@id\":\"https:\\\/\\\/www.meydan.tv\\\/az\\\/#organization\"},\"image\":{\"@id\":\"https:\\\/\\\/www.meydan.tv\\\/az\\\/article\\\/ilham-eliyev-az%c9%99rbaycan-v%c9%99-iran-beyn%c9%99lxalq-t%c9%99skilatlar-c%c9%99rciv%c9%99sind%c9%99-bir-birini-d%c9%99st%c9%99kl%c9%99yir\\\/#primaryimage\"},\"thumbnailUrl\":\"https:\\\/\\\/www.meydan.tv\\\/wp-content\\\/uploads\\\/17458460143809643050_1200x630-e1745852139901.jpg\",\"articleSection\":[\"Siyas\u0259t\",\"X\u0259b\u0259rl\u0259r\"],\"inLanguage\":\"az\"},{\"@type\":\"WebPage\",\"@id\":\"https:\\\/\\\/www.meydan.tv\\\/az\\\/article\\\/ilham-eliyev-az%c9%99rbaycan-v%c9%99-iran-beyn%c9%99lxalq-t%c9%99skilatlar-c%c9%99rciv%c9%99sind%c9%99-bir-birini-d%c9%99st%c9%99kl%c9%99yir\\\/\",\"url\":\"https:\\\/\\\/www.meydan.tv\\\/az\\\/article\\\/ilham-eliyev-az%c9%99rbaycan-v%c9%99-iran-beyn%c9%99lxalq-t%c9%99skilatlar-c%c9%99rciv%c9%99sind%c9%99-bir-birini-d%c9%99st%c9%99kl%c9%99yir\\\/\",\"name\":\"\u0130lham \u018fliyev: \u201cAz\u0259rbaycan v\u0259 \u0130ran beyn\u0259lxalq t\u0259\u015fkilatlar \u00e7\u0259r\u00e7iv\u0259sind\u0259 bir-birini d\u0259st\u0259kl\u0259yir\u201d - MEYDAN.TV\",\"isPartOf\":{\"@id\":\"https:\\\/\\\/www.meydan.tv\\\/az\\\/#website\"},\"primaryImageOfPage\":{\"@id\":\"https:\\\/\\\/www.meydan.tv\\\/az\\\/article\\\/ilham-eliyev-az%c9%99rbaycan-v%c9%99-iran-beyn%c9%99lxalq-t%c9%99skilatlar-c%c9%99rciv%c9%99sind%c9%99-bir-birini-d%c9%99st%c9%99kl%c9%99yir\\\/#primaryimage\"},\"image\":{\"@id\":\"https:\\\/\\\/www.meydan.tv\\\/az\\\/article\\\/ilham-eliyev-az%c9%99rbaycan-v%c9%99-iran-beyn%c9%99lxalq-t%c9%99skilatlar-c%c9%99rciv%c9%99sind%c9%99-bir-birini-d%c9%99st%c9%99kl%c9%99yir\\\/#primaryimage\"},\"thumbnailUrl\":\"https:\\\/\\\/www.meydan.tv\\\/wp-content\\\/uploads\\\/17458460143809643050_1200x630-e1745852139901.jpg\",\"datePublished\":\"2025-04-28T14:58:49+00:00\",\"dateModified\":\"2025-04-28T14:58:53+00:00\",\"breadcrumb\":{\"@id\":\"https:\\\/\\\/www.meydan.tv\\\/az\\\/article\\\/ilham-eliyev-az%c9%99rbaycan-v%c9%99-iran-beyn%c9%99lxalq-t%c9%99skilatlar-c%c9%99rciv%c9%99sind%c9%99-bir-birini-d%c9%99st%c9%99kl%c9%99yir\\\/#breadcrumb\"},\"inLanguage\":\"az\",\"potentialAction\":[{\"@type\":\"ReadAction\",\"target\":[\"https:\\\/\\\/www.meydan.tv\\\/az\\\/article\\\/ilham-eliyev-az%c9%99rbaycan-v%c9%99-iran-beyn%c9%99lxalq-t%c9%99skilatlar-c%c9%99rciv%c9%99sind%c9%99-bir-birini-d%c9%99st%c9%99kl%c9%99yir\\\/\"]}]},{\"@type\":\"ImageObject\",\"inLanguage\":\"az\",\"@id\":\"https:\\\/\\\/www.meydan.tv\\\/az\\\/article\\\/ilham-eliyev-az%c9%99rbaycan-v%c9%99-iran-beyn%c9%99lxalq-t%c9%99skilatlar-c%c9%99rciv%c9%99sind%c9%99-bir-birini-d%c9%99st%c9%99kl%c9%99yir\\\/#primaryimage\",\"url\":\"https:\\\/\\\/www.meydan.tv\\\/wp-content\\\/uploads\\\/17458460143809643050_1200x630-e1745852139901.jpg\",\"contentUrl\":\"https:\\\/\\\/www.meydan.tv\\\/wp-content\\\/uploads\\\/17458460143809643050_1200x630-e1745852139901.jpg\",\"width\":912,\"height\":380,\"caption\":\"Foto: Az\u0259rtac\"},{\"@type\":\"BreadcrumbList\",\"@id\":\"https:\\\/\\\/www.meydan.tv\\\/az\\\/article\\\/ilham-eliyev-az%c9%99rbaycan-v%c9%99-iran-beyn%c9%99lxalq-t%c9%99skilatlar-c%c9%99rciv%c9%99sind%c9%99-bir-birini-d%c9%99st%c9%99kl%c9%99yir\\\/#breadcrumb\",\"itemListElement\":[{\"@type\":\"ListItem\",\"position\":1,\"name\":\"Ana s\u0259hif\u0259\",\"item\":\"https:\\\/\\\/www.meydan.tv\\\/az\\\/\"},{\"@type\":\"ListItem\",\"position\":2,\"name\":\"Siyas\u0259t\",\"item\":\"https:\\\/\\\/www.meydan.tv\\\/az\\\/section\\\/siyaset\\\/\"},{\"@type\":\"ListItem\",\"position\":3,\"name\":\"\u0130lham \u018fliyev: \u201cAz\u0259rbaycan v\u0259 \u0130ran beyn\u0259lxalq t\u0259\u015fkilatlar \u00e7\u0259r\u00e7iv\u0259sind\u0259 bir-birini d\u0259st\u0259kl\u0259yir\u201d\"}]},{\"@type\":\"WebSite\",\"@id\":\"https:\\\/\\\/www.meydan.tv\\\/az\\\/#website\",\"url\":\"https:\\\/\\\/www.meydan.tv\\\/az\\\/\",\"name\":\"MEYDAN.TV\",\"description\":\"Meydan TV Az\u0259rbaycan\u0131n media m\u0259kan\u0131ndak\u0131 alternativ s\u0259sidir\",\"publisher\":{\"@id\":\"https:\\\/\\\/www.meydan.tv\\\/az\\\/#organization\"},\"potentialAction\":[{\"@type\":\"SearchAction\",\"target\":{\"@type\":\"EntryPoint\",\"urlTemplate\":\"https:\\\/\\\/www.meydan.tv\\\/az\\\/?s={search_term_string}\"},\"query-input\":{\"@type\":\"PropertyValueSpecification\",\"valueRequired\":true,\"valueName\":\"search_term_string\"}}],\"inLanguage\":\"az\"},{\"@type\":\"Organization\",\"@id\":\"https:\\\/\\\/www.meydan.tv\\\/az\\\/#organization\",\"name\":\"Meydan TV\",\"url\":\"https:\\\/\\\/www.meydan.tv\\\/az\\\/\",\"logo\":{\"@type\":\"ImageObject\",\"inLanguage\":\"az\",\"@id\":\"https:\\\/\\\/www.meydan.tv\\\/az\\\/#\\\/schema\\\/logo\\\/image\\\/\",\"url\":\"https:\\\/\\\/www.meydan.tv\\\/wp-content\\\/uploads\\\/2021\\\/07\\\/meydan-logo.svg\",\"contentUrl\":\"https:\\\/\\\/www.meydan.tv\\\/wp-content\\\/uploads\\\/2021\\\/07\\\/meydan-logo.svg\",\"width\":195,\"height\":46,\"caption\":\"Meydan TV\"},\"image\":{\"@id\":\"https:\\\/\\\/www.meydan.tv\\\/az\\\/#\\\/schema\\\/logo\\\/image\\\/\"}},{\"@type\":\"Person\",\"@id\":\"https:\\\/\\\/www.meydan.tv\\\/az\\\/#\\\/schema\\\/person\\\/09863e516102a829e72bedcf3f84c6b0\",\"name\":\"mahmud\"}]}<\/script>\n<!-- \/ Yoast SEO plugin. -->","yoast_head_json":{"title":"\u0130lham \u018fliyev: \u201cAz\u0259rbaycan v\u0259 \u0130ran beyn\u0259lxalq t\u0259\u015fkilatlar \u00e7\u0259r\u00e7iv\u0259sind\u0259 bir-birini d\u0259st\u0259kl\u0259yir\u201d - MEYDAN.TV","robots":{"index":"index","follow":"follow","max-snippet":"max-snippet:-1","max-image-preview":"max-image-preview:large","max-video-preview":"max-video-preview:-1"},"canonical":"https:\/\/www.meydan.tv\/az\/article\/ilham-eliyev-az%c9%99rbaycan-v%c9%99-iran-beyn%c9%99lxalq-t%c9%99skilatlar-c%c9%99rciv%c9%99sind%c9%99-bir-birini-d%c9%99st%c9%99kl%c9%99yir\/","og_locale":"az_AZ","og_type":"article","og_title":"\u0130lham \u018fliyev: \u201cAz\u0259rbaycan v\u0259 \u0130ran beyn\u0259lxalq t\u0259\u015fkilatlar \u00e7\u0259r\u00e7iv\u0259sind\u0259 bir-birini d\u0259st\u0259kl\u0259yir\u201d - MEYDAN.TV","og_description":"\u0130ran Prezidenti bildirib ki, g\u0259l\u0259c\u0259kd\u0259 \u0259laq\u0259l\u0259ri daha da g\u00fccl\u0259ndir\u0259c\u0259kl\u0259r Aprelin ... Davam\u0131","og_url":"https:\/\/www.meydan.tv\/az\/article\/ilham-eliyev-az%c9%99rbaycan-v%c9%99-iran-beyn%c9%99lxalq-t%c9%99skilatlar-c%c9%99rciv%c9%99sind%c9%99-bir-birini-d%c9%99st%c9%99kl%c9%99yir\/","og_site_name":"MEYDAN.TV","article_published_time":"2025-04-28T14:58:49+00:00","article_modified_time":"2025-04-28T14:58:53+00:00","og_image":[{"width":912,"height":380,"url":"https:\/\/www.meydan.tv\/wp-content\/uploads\/17458460143809643050_1200x630-e1745852139901.jpg","type":"image\/jpeg"}],"author":"mahmud","twitter_card":"summary_large_image","schema":{"@context":"https:\/\/schema.org","@graph":[{"@type":"Article","@id":"https:\/\/www.meydan.tv\/az\/article\/ilham-eliyev-az%c9%99rbaycan-v%c9%99-iran-beyn%c9%99lxalq-t%c9%99skilatlar-c%c9%99rciv%c9%99sind%c9%99-bir-birini-d%c9%99st%c9%99kl%c9%99yir\/#article","isPartOf":{"@id":"https:\/\/www.meydan.tv\/az\/article\/ilham-eliyev-az%c9%99rbaycan-v%c9%99-iran-beyn%c9%99lxalq-t%c9%99skilatlar-c%c9%99rciv%c9%99sind%c9%99-bir-birini-d%c9%99st%c9%99kl%c9%99yir\/"},"author":{"name":"mahmud","@id":"https:\/\/www.meydan.tv\/az\/#\/schema\/person\/09863e516102a829e72bedcf3f84c6b0"},"headline":"\u0130lham \u018fliyev: \u201cAz\u0259rbaycan v\u0259 \u0130ran beyn\u0259lxalq t\u0259\u015fkilatlar \u00e7\u0259r\u00e7iv\u0259sind\u0259 bir-birini d\u0259st\u0259kl\u0259yir\u201d","datePublished":"2025-04-28T14:58:49+00:00","dateModified":"2025-04-28T14:58:53+00:00","mainEntityOfPage":{"@id":"https:\/\/www.meydan.tv\/az\/article\/ilham-eliyev-az%c9%99rbaycan-v%c9%99-iran-beyn%c9%99lxalq-t%c9%99skilatlar-c%c9%99rciv%c9%99sind%c9%99-bir-birini-d%c9%99st%c9%99kl%c9%99yir\/"},"wordCount":325,"publisher":{"@id":"https:\/\/www.meydan.tv\/az\/#organization"},"image":{"@id":"https:\/\/www.meydan.tv\/az\/article\/ilham-eliyev-az%c9%99rbaycan-v%c9%99-iran-beyn%c9%99lxalq-t%c9%99skilatlar-c%c9%99rciv%c9%99sind%c9%99-bir-birini-d%c9%99st%c9%99kl%c9%99yir\/#primaryimage"},"thumbnailUrl":"https:\/\/www.meydan.tv\/wp-content\/uploads\/17458460143809643050_1200x630-e1745852139901.jpg","articleSection":["Siyas\u0259t","X\u0259b\u0259rl\u0259r"],"inLanguage":"az"},{"@type":"WebPage","@id":"https:\/\/www.meydan.tv\/az\/article\/ilham-eliyev-az%c9%99rbaycan-v%c9%99-iran-beyn%c9%99lxalq-t%c9%99skilatlar-c%c9%99rciv%c9%99sind%c9%99-bir-birini-d%c9%99st%c9%99kl%c9%99yir\/","url":"https:\/\/www.meydan.tv\/az\/article\/ilham-eliyev-az%c9%99rbaycan-v%c9%99-iran-beyn%c9%99lxalq-t%c9%99skilatlar-c%c9%99rciv%c9%99sind%c9%99-bir-birini-d%c9%99st%c9%99kl%c9%99yir\/","name":"\u0130lham \u018fliyev: \u201cAz\u0259rbaycan v\u0259 \u0130ran beyn\u0259lxalq t\u0259\u015fkilatlar \u00e7\u0259r\u00e7iv\u0259sind\u0259 bir-birini d\u0259st\u0259kl\u0259yir\u201d - MEYDAN.TV","isPartOf":{"@id":"https:\/\/www.meydan.tv\/az\/#website"},"primaryImageOfPage":{"@id":"https:\/\/www.meydan.tv\/az\/article\/ilham-eliyev-az%c9%99rbaycan-v%c9%99-iran-beyn%c9%99lxalq-t%c9%99skilatlar-c%c9%99rciv%c9%99sind%c9%99-bir-birini-d%c9%99st%c9%99kl%c9%99yir\/#primaryimage"},"image":{"@id":"https:\/\/www.meydan.tv\/az\/article\/ilham-eliyev-az%c9%99rbaycan-v%c9%99-iran-beyn%c9%99lxalq-t%c9%99skilatlar-c%c9%99rciv%c9%99sind%c9%99-bir-birini-d%c9%99st%c9%99kl%c9%99yir\/#primaryimage"},"thumbnailUrl":"https:\/\/www.meydan.tv\/wp-content\/uploads\/17458460143809643050_1200x630-e1745852139901.jpg","datePublished":"2025-04-28T14:58:49+00:00","dateModified":"2025-04-28T14:58:53+00:00","breadcrumb":{"@id":"https:\/\/www.meydan.tv\/az\/article\/ilham-eliyev-az%c9%99rbaycan-v%c9%99-iran-beyn%c9%99lxalq-t%c9%99skilatlar-c%c9%99rciv%c9%99sind%c9%99-bir-birini-d%c9%99st%c9%99kl%c9%99yir\/#breadcrumb"},"inLanguage":"az","potentialAction":[{"@type":"ReadAction","target":["https:\/\/www.meydan.tv\/az\/article\/ilham-eliyev-az%c9%99rbaycan-v%c9%99-iran-beyn%c9%99lxalq-t%c9%99skilatlar-c%c9%99rciv%c9%99sind%c9%99-bir-birini-d%c9%99st%c9%99kl%c9%99yir\/"]}]},{"@type":"ImageObject","inLanguage":"az","@id":"https:\/\/www.meydan.tv\/az\/article\/ilham-eliyev-az%c9%99rbaycan-v%c9%99-iran-beyn%c9%99lxalq-t%c9%99skilatlar-c%c9%99rciv%c9%99sind%c9%99-bir-birini-d%c9%99st%c9%99kl%c9%99yir\/#primaryimage","url":"https:\/\/www.meydan.tv\/wp-content\/uploads\/17458460143809643050_1200x630-e1745852139901.jpg","contentUrl":"https:\/\/www.meydan.tv\/wp-content\/uploads\/17458460143809643050_1200x630-e1745852139901.jpg","width":912,"height":380,"caption":"Foto: Az\u0259rtac"},{"@type":"BreadcrumbList","@id":"https:\/\/www.meydan.tv\/az\/article\/ilham-eliyev-az%c9%99rbaycan-v%c9%99-iran-beyn%c9%99lxalq-t%c9%99skilatlar-c%c9%99rciv%c9%99sind%c9%99-bir-birini-d%c9%99st%c9%99kl%c9%99yir\/#breadcrumb","itemListElement":[{"@type":"ListItem","position":1,"name":"Ana s\u0259hif\u0259","item":"https:\/\/www.meydan.tv\/az\/"},{"@type":"ListItem","position":2,"name":"Siyas\u0259t","item":"https:\/\/www.meydan.tv\/az\/section\/siyaset\/"},{"@type":"ListItem","position":3,"name":"\u0130lham \u018fliyev: \u201cAz\u0259rbaycan v\u0259 \u0130ran beyn\u0259lxalq t\u0259\u015fkilatlar \u00e7\u0259r\u00e7iv\u0259sind\u0259 bir-birini d\u0259st\u0259kl\u0259yir\u201d"}]},{"@type":"WebSite","@id":"https:\/\/www.meydan.tv\/az\/#website","url":"https:\/\/www.meydan.tv\/az\/","name":"MEYDAN.TV","description":"Meydan TV Az\u0259rbaycan\u0131n media m\u0259kan\u0131ndak\u0131 alternativ s\u0259sidir","publisher":{"@id":"https:\/\/www.meydan.tv\/az\/#organization"},"potentialAction":[{"@type":"SearchAction","target":{"@type":"EntryPoint","urlTemplate":"https:\/\/www.meydan.tv\/az\/?s={search_term_string}"},"query-input":{"@type":"PropertyValueSpecification","valueRequired":true,"valueName":"search_term_string"}}],"inLanguage":"az"},{"@type":"Organization","@id":"https:\/\/www.meydan.tv\/az\/#organization","name":"Meydan TV","url":"https:\/\/www.meydan.tv\/az\/","logo":{"@type":"ImageObject","inLanguage":"az","@id":"https:\/\/www.meydan.tv\/az\/#\/schema\/logo\/image\/","url":"https:\/\/www.meydan.tv\/wp-content\/uploads\/2021\/07\/meydan-logo.svg","contentUrl":"https:\/\/www.meydan.tv\/wp-content\/uploads\/2021\/07\/meydan-logo.svg","width":195,"height":46,"caption":"Meydan TV"},"image":{"@id":"https:\/\/www.meydan.tv\/az\/#\/schema\/logo\/image\/"}},{"@type":"Person","@id":"https:\/\/www.meydan.tv\/az\/#\/schema\/person\/09863e516102a829e72bedcf3f84c6b0","name":"mahmud"}]}},"_links":{"self":[{"href":"https:\/\/www.meydan.tv\/az\/wp-json\/wp\/v2\/posts\/329401","targetHints":{"allow":["GET"]}}],"collection":[{"href":"https:\/\/www.meydan.tv\/az\/wp-json\/wp\/v2\/posts"}],"about":[{"href":"https:\/\/www.meydan.tv\/az\/wp-json\/wp\/v2\/types\/post"}],"author":[{"embeddable":true,"href":"https:\/\/www.meydan.tv\/az\/wp-json\/wp\/v2\/users\/21"}],"replies":[{"embeddable":true,"href":"https:\/\/www.meydan.tv\/az\/wp-json\/wp\/v2\/comments?post=329401"}],"version-history":[{"count":2,"href":"https:\/\/www.meydan.tv\/az\/wp-json\/wp\/v2\/posts\/329401\/revisions"}],"predecessor-version":[{"id":329406,"href":"https:\/\/www.meydan.tv\/az\/wp-json\/wp\/v2\/posts\/329401\/revisions\/329406"}],"wp:featuredmedia":[{"embeddable":true,"href":"https:\/\/www.meydan.tv\/az\/wp-json\/wp\/v2\/media\/329402"}],"wp:attachment":[{"href":"https:\/\/www.meydan.tv\/az\/wp-json\/wp\/v2\/media?parent=329401"}],"wp:term":[{"taxonomy":"category","embeddable":true,"href":"https:\/\/www.meydan.tv\/az\/wp-json\/wp\/v2\/categories?post=329401"},{"taxonomy":"post_tag","embeddable":true,"href":"https:\/\/www.meydan.tv\/az\/wp-json\/wp\/v2\/tags?post=329401"}],"curies":[{"name":"wp","href":"https:\/\/api.w.org\/{rel}","templated":true}]}}