{"id":329378,"date":"2025-04-28T15:31:43","date_gmt":"2025-04-28T11:31:43","guid":{"rendered":"https:\/\/www.meydan.tv\/?p=329378"},"modified":"2025-04-28T15:31:45","modified_gmt":"2025-04-28T11:31:45","slug":"narkotik-ittihami-il%c9%99-h%c9%99bs-edil%c9%99n-m%c9%99hkum-s%c9%99rl%c9%99ndiyini-bildirir","status":"publish","type":"post","link":"https:\/\/www.meydan.tv\/az\/article\/narkotik-ittihami-il%c9%99-h%c9%99bs-edil%c9%99n-m%c9%99hkum-s%c9%99rl%c9%99ndiyini-bildirir\/","title":{"rendered":"Narkotik ittiham\u0131 il\u0259 h\u0259bs edil\u0259n m\u0259hkum \u015f\u0259rl\u0259ndiyini bildirir"},"content":{"rendered":"\n<p><\/p>\n\n\n\n<p><strong><em>O, narkotik ittiham\u0131n\u0131 m\u0259cburiyy\u0259td\u0259n boynuna ald\u0131\u011f\u0131n\u0131 bildirir<\/em><\/strong><\/p>\n\n\n\n<p>\u0130ki il \u00f6nc\u0259 narkotik ittiham\u0131 il\u0259 h\u0259bs edil\u0259n Anar Elmar o\u011flu \u018fliyev g\u00fcnahs\u0131z oldu\u011funu v\u0259 i\u015fin\u0259 yenid\u0259n bax\u0131lmas\u0131n\u0131 ist\u0259yir.<\/p>\n\n\n\n<p>Haz\u0131rda Bak\u0131 \u0130stintaq T\u0259cridxanas\u0131nda saxlan\u0131lan m\u0259hkum Meydan TV-y\u0259 bildirib ki, i\u015fl\u0259m\u0259diyi cinay\u0259t\u0259 g\u00f6r\u0259 ona qar\u015f\u0131 t\u0259zyiql\u0259r h\u0259l\u0259 d\u0259 davam edir.<\/p>\n\n\n\n<p>Anar \u018fliyev Cinay\u0259t M\u0259c\u0259ll\u0259sinin 234.4.3 (k\u00fclli miqdarda t\u00f6r\u0259dildikd\u0259 \u2014 \u0259mlak\u0131 m\u00fcsadir\u0259 olunmaqla be\u015f ild\u0259n on iki il\u0259d\u0259k m\u00fcdd\u0259t\u0259 azadl\u0131qdan m\u0259hrum etm\u0259), 234.4.1 (qabaqcadan \u0259lbir olan bir qrup \u015f\u0259xs t\u0259r\u0259find\u0259n v\u0259 ya m\u00fct\u0259\u015f\u0259kkil d\u0259st\u0259 t\u0259r\u0259find\u0259n t\u00f6r\u0259dildikd\u0259), 234.4.2 (t\u0259krar t\u00f6r\u0259dildikd\u0259) v\u0259 206.3.2 (206.3.2-ci (qa\u00e7aqmal\u00e7\u0131l\u0131q \u2014 qabaqcadan \u0259lbir olan bir qrup \u015f\u0259xs t\u0259r\u0259find\u0259n t\u00f6r\u0259dildikd\u0259) madd\u0259l\u0259ri il\u0259 ittiham olunur.<\/p>\n\n\n\n<p>Anar \u018fliyev bildirir ki, polis \u0259m\u0259kda\u015flar\u0131 B\u0259yl\u0259r Nizami o\u011flu Na\u011f\u0131yev v\u0259 El\u015fad C\u0259miyy\u0259t o\u011flu Qurbanov t\u0259r\u0259find\u0259n \u015f\u0259rl\u0259nib, \u015fantaj olunub v\u0259 a\u011f\u0131r i\u015fg\u0259nc\u0259l\u0259r\u0259 m\u0259ruz qal\u0131b. \u015eantaja m\u0259ruz qalan m\u0259hbus narkotik ittiham\u0131n\u0131 m\u0259cburiyy\u0259td\u0259n boynuna ald\u0131\u011f\u0131n\u0131 bildirib.<\/p>\n\n\n\n<p>M\u0259hkum deyir ki, onu saxlayan \u0259m\u0259liyyat\u00e7\u0131, polis mayoru B\u0259yl\u0259r Na\u011f\u0131yev 2023-c\u00fc ild\u0259 30 kiloqram narkotikl\u0259 h\u0259bs edilib:<\/p>\n\n\n\n<p><em>\u201cOnu Bak\u0131 \u015e\u0259h\u0259r Ba\u015f Polis \u0130dar\u0259si saxlay\u0131b. Ara\u015fd\u0131rmalar n\u0259tic\u0259sind\u0259 polis mayorunun \u0130ran v\u0259t\u0259nda\u015f\u0131 il\u0259 \u0259laq\u0259l\u0259ri \u00fcz\u0259 \u00e7\u0131x\u0131b. Onlar\u0131n m\u00fct\u0259madi \u201cWhatsApp\u201dla da<\/em><em>n\u0131<\/em><em>\u015fd\u0131\u011f\u0131 m\u0259lum olub. B\u0259yl\u0259r Na\u011f\u0131yev m\u0259hk\u0259m\u0259nin h\u00f6km\u00fc il\u0259 h\u0259bs olunaraq Bak\u0131 \u0130stintaq T\u0259cridxanas\u0131na g\u00f6nd\u0259rilib. Bir ne\u00e7\u0259 ay t\u0259cridxanan\u0131n iki<\/em><em>nci korpus, \u00fc\u00e7\u00fcnc\u00fc kameras\u0131nda saxlan\u0131l\u0131b. Polis mayoru h\u0259bs olunarsa, hans\u0131 general\u0131n sifari\u015fi il\u0259 m\u0259\u015f\u011ful oldu\u011funu a\u00e7\u0131qlayaca\u011f\u0131n\u0131 deyib. Ona g\u00f6r\u0259 d\u0259 polis mayorunun i\u015fin\u0259 xitam verilib v\u0259 azadl\u0131\u011fa burax\u0131l\u0131b\u201d.<\/em><\/p>\n\n\n\n<p>Anar \u018fliyev bu bar\u0259d\u0259 b\u00fct\u00fcn aidiyy\u0259ti qurumlara yazd\u0131\u011f\u0131n\u0131 deyib. O, bildirib ki, m\u0259ruz qald\u0131\u011f\u0131 i\u015fg\u0259nc\u0259l\u0259ri prokurorluq v\u0259 m\u0259hk\u0259m\u0259 d\u0259 t\u0259sdiq edib. Anar \u018fliyev Prezident\u0259, Birinci vitse-prezident\u0259, M\u0259hk\u0259m\u0259 H\u00fcquq \u015euras\u0131na da d\u0259f\u0259l\u0259rl\u0259 m\u00fcraci\u0259t etdiyini deyib, amma h\u0259l\u0259 ki, n\u0259tic\u0259 yoxdur.<\/p>\n\n\n\n<p>Haz\u0131rda Anar \u018fliyevin i\u015fin\u0259 Sumqay\u0131t A\u011f\u0131r Cinay\u0259tl\u0259r M\u0259hk\u0259m\u0259sind\u0259 bax\u0131l\u0131r.<\/p>\n\n\n\n<p>M\u0259hkum deyir ki, hakim Elcan M\u0259mm\u0259dov ittiham t\u0259r\u0259finin v\u0259kili rolunda \u00e7\u0131x\u0131\u015f edir.<\/p>\n\n\n\n<p>Anar \u018fliyevin h\u00fcquqlar\u0131n\u0131 Kamandar N\u0259sibov v\u0259 H\u0259s\u0259n\u0259li S\u0259f\u0259rov m\u00fcdafi\u0259 edir.<\/p>\n\n\n\n<p>Daxili \u0130\u015fl\u0259r v\u0259 \u018fdliyy\u0259 Nazirlikl\u0259ri Meydan TV-nin m\u0259s\u0259l\u0259 il\u0259 ba\u011fl\u0131 sor\u011fusunu cavabs\u0131z burax\u0131b.<\/p>\n","protected":false},"excerpt":{"rendered":"<p>O, narkotik ittiham\u0131n\u0131 m\u0259cburiyy\u0259td\u0259n boynuna ald\u0131\u011f\u0131n\u0131 bildirir \u0130ki il \u00f6nc\u0259 &#8230; <\/p>\n<p class=\"read-more-container\"><a title=\"Narkotik ittiham\u0131 il\u0259 h\u0259bs edil\u0259n m\u0259hkum \u015f\u0259rl\u0259ndiyini bildirir\" class=\"read-more button\" href=\"https:\/\/www.meydan.tv\/az\/article\/narkotik-ittihami-il%c9%99-h%c9%99bs-edil%c9%99n-m%c9%99hkum-s%c9%99rl%c9%99ndiyini-bildirir\/#more-329378\" aria-label=\"Read more about Narkotik ittiham\u0131 il\u0259 h\u0259bs edil\u0259n m\u0259hkum \u015f\u0259rl\u0259ndiyini bildirir\">Davam\u0131<\/a><\/p>\n","protected":false},"author":21,"featured_media":207305,"comment_status":"closed","ping_status":"closed","sticky":false,"template":"","format":"standard","meta":{"_acf_changed":false,"_sitemap_exclude":false,"_sitemap_priority":"","_sitemap_frequency":"","footnotes":""},"categories":[62,79,56],"tags":[],"class_list":["post-329378","post","type-post","status-publish","format-standard","has-post-thumbnail","hentry","category-sosial","category-featured","category-xeberler","infinite-scroll-item","generate-columns","tablet-grid-50","mobile-grid-100","grid-parent","grid-33","no-featured-image-padding"],"acf":[],"yoast_head":"<!-- This site is optimized with the Yoast SEO plugin v27.4 - https:\/\/yoast.com\/product\/yoast-seo-wordpress\/ -->\n<title>Narkotik ittiham\u0131 il\u0259 h\u0259bs edil\u0259n m\u0259hkum \u015f\u0259rl\u0259ndiyini bildirir - MEYDAN.TV<\/title>\n<meta name=\"robots\" content=\"index, follow, max-snippet:-1, max-image-preview:large, max-video-preview:-1\" \/>\n<link rel=\"canonical\" href=\"https:\/\/www.meydan.tv\/az\/article\/narkotik-ittihami-il%c9%99-h%c9%99bs-edil%c9%99n-m%c9%99hkum-s%c9%99rl%c9%99ndiyini-bildirir\/\" \/>\n<meta property=\"og:locale\" content=\"az_AZ\" \/>\n<meta property=\"og:type\" content=\"article\" \/>\n<meta property=\"og:title\" content=\"Narkotik ittiham\u0131 il\u0259 h\u0259bs edil\u0259n m\u0259hkum \u015f\u0259rl\u0259ndiyini bildirir - MEYDAN.TV\" \/>\n<meta property=\"og:description\" content=\"O, narkotik ittiham\u0131n\u0131 m\u0259cburiyy\u0259td\u0259n boynuna ald\u0131\u011f\u0131n\u0131 bildirir \u0130ki il \u00f6nc\u0259 ... Davam\u0131\" \/>\n<meta property=\"og:url\" content=\"https:\/\/www.meydan.tv\/az\/article\/narkotik-ittihami-il%c9%99-h%c9%99bs-edil%c9%99n-m%c9%99hkum-s%c9%99rl%c9%99ndiyini-bildirir\/\" \/>\n<meta property=\"og:site_name\" content=\"MEYDAN.TV\" \/>\n<meta property=\"article:published_time\" content=\"2025-04-28T11:31:43+00:00\" \/>\n<meta property=\"article:modified_time\" content=\"2025-04-28T11:31:45+00:00\" \/>\n<meta property=\"og:image\" content=\"https:\/\/www.meydan.tv\/wp-content\/uploads\/demir-scaled.jpg\" \/>\n\t<meta property=\"og:image:width\" content=\"2560\" \/>\n\t<meta property=\"og:image:height\" content=\"1707\" \/>\n\t<meta property=\"og:image:type\" content=\"image\/jpeg\" \/>\n<meta name=\"author\" content=\"mahmud\" \/>\n<meta name=\"twitter:card\" content=\"summary_large_image\" \/>\n<script type=\"application\/ld+json\" class=\"yoast-schema-graph\">{\"@context\":\"https:\\\/\\\/schema.org\",\"@graph\":[{\"@type\":\"Article\",\"@id\":\"https:\\\/\\\/www.meydan.tv\\\/az\\\/article\\\/narkotik-ittihami-il%c9%99-h%c9%99bs-edil%c9%99n-m%c9%99hkum-s%c9%99rl%c9%99ndiyini-bildirir\\\/#article\",\"isPartOf\":{\"@id\":\"https:\\\/\\\/www.meydan.tv\\\/az\\\/article\\\/narkotik-ittihami-il%c9%99-h%c9%99bs-edil%c9%99n-m%c9%99hkum-s%c9%99rl%c9%99ndiyini-bildirir\\\/\"},\"author\":{\"name\":\"mahmud\",\"@id\":\"https:\\\/\\\/www.meydan.tv\\\/az\\\/#\\\/schema\\\/person\\\/09863e516102a829e72bedcf3f84c6b0\"},\"headline\":\"Narkotik ittiham\u0131 il\u0259 h\u0259bs edil\u0259n m\u0259hkum \u015f\u0259rl\u0259ndiyini bildirir\",\"datePublished\":\"2025-04-28T11:31:43+00:00\",\"dateModified\":\"2025-04-28T11:31:45+00:00\",\"mainEntityOfPage\":{\"@id\":\"https:\\\/\\\/www.meydan.tv\\\/az\\\/article\\\/narkotik-ittihami-il%c9%99-h%c9%99bs-edil%c9%99n-m%c9%99hkum-s%c9%99rl%c9%99ndiyini-bildirir\\\/\"},\"wordCount\":515,\"publisher\":{\"@id\":\"https:\\\/\\\/www.meydan.tv\\\/az\\\/#organization\"},\"image\":{\"@id\":\"https:\\\/\\\/www.meydan.tv\\\/az\\\/article\\\/narkotik-ittihami-il%c9%99-h%c9%99bs-edil%c9%99n-m%c9%99hkum-s%c9%99rl%c9%99ndiyini-bildirir\\\/#primaryimage\"},\"thumbnailUrl\":\"https:\\\/\\\/www.meydan.tv\\\/wp-content\\\/uploads\\\/demir-scaled.jpg\",\"articleSection\":[\"Sosial\",\"T\u00f6vsiy\u0259\",\"X\u0259b\u0259rl\u0259r\"],\"inLanguage\":\"az\"},{\"@type\":\"WebPage\",\"@id\":\"https:\\\/\\\/www.meydan.tv\\\/az\\\/article\\\/narkotik-ittihami-il%c9%99-h%c9%99bs-edil%c9%99n-m%c9%99hkum-s%c9%99rl%c9%99ndiyini-bildirir\\\/\",\"url\":\"https:\\\/\\\/www.meydan.tv\\\/az\\\/article\\\/narkotik-ittihami-il%c9%99-h%c9%99bs-edil%c9%99n-m%c9%99hkum-s%c9%99rl%c9%99ndiyini-bildirir\\\/\",\"name\":\"Narkotik ittiham\u0131 il\u0259 h\u0259bs edil\u0259n m\u0259hkum \u015f\u0259rl\u0259ndiyini bildirir - MEYDAN.TV\",\"isPartOf\":{\"@id\":\"https:\\\/\\\/www.meydan.tv\\\/az\\\/#website\"},\"primaryImageOfPage\":{\"@id\":\"https:\\\/\\\/www.meydan.tv\\\/az\\\/article\\\/narkotik-ittihami-il%c9%99-h%c9%99bs-edil%c9%99n-m%c9%99hkum-s%c9%99rl%c9%99ndiyini-bildirir\\\/#primaryimage\"},\"image\":{\"@id\":\"https:\\\/\\\/www.meydan.tv\\\/az\\\/article\\\/narkotik-ittihami-il%c9%99-h%c9%99bs-edil%c9%99n-m%c9%99hkum-s%c9%99rl%c9%99ndiyini-bildirir\\\/#primaryimage\"},\"thumbnailUrl\":\"https:\\\/\\\/www.meydan.tv\\\/wp-content\\\/uploads\\\/demir-scaled.jpg\",\"datePublished\":\"2025-04-28T11:31:43+00:00\",\"dateModified\":\"2025-04-28T11:31:45+00:00\",\"breadcrumb\":{\"@id\":\"https:\\\/\\\/www.meydan.tv\\\/az\\\/article\\\/narkotik-ittihami-il%c9%99-h%c9%99bs-edil%c9%99n-m%c9%99hkum-s%c9%99rl%c9%99ndiyini-bildirir\\\/#breadcrumb\"},\"inLanguage\":\"az\",\"potentialAction\":[{\"@type\":\"ReadAction\",\"target\":[\"https:\\\/\\\/www.meydan.tv\\\/az\\\/article\\\/narkotik-ittihami-il%c9%99-h%c9%99bs-edil%c9%99n-m%c9%99hkum-s%c9%99rl%c9%99ndiyini-bildirir\\\/\"]}]},{\"@type\":\"ImageObject\",\"inLanguage\":\"az\",\"@id\":\"https:\\\/\\\/www.meydan.tv\\\/az\\\/article\\\/narkotik-ittihami-il%c9%99-h%c9%99bs-edil%c9%99n-m%c9%99hkum-s%c9%99rl%c9%99ndiyini-bildirir\\\/#primaryimage\",\"url\":\"https:\\\/\\\/www.meydan.tv\\\/wp-content\\\/uploads\\\/demir-scaled.jpg\",\"contentUrl\":\"https:\\\/\\\/www.meydan.tv\\\/wp-content\\\/uploads\\\/demir-scaled.jpg\",\"width\":2560,\"height\":1707,\"caption\":\"Source: Meydan Tv\"},{\"@type\":\"BreadcrumbList\",\"@id\":\"https:\\\/\\\/www.meydan.tv\\\/az\\\/article\\\/narkotik-ittihami-il%c9%99-h%c9%99bs-edil%c9%99n-m%c9%99hkum-s%c9%99rl%c9%99ndiyini-bildirir\\\/#breadcrumb\",\"itemListElement\":[{\"@type\":\"ListItem\",\"position\":1,\"name\":\"Ana s\u0259hif\u0259\",\"item\":\"https:\\\/\\\/www.meydan.tv\\\/az\\\/\"},{\"@type\":\"ListItem\",\"position\":2,\"name\":\"Sosial\",\"item\":\"https:\\\/\\\/www.meydan.tv\\\/az\\\/section\\\/sosial\\\/\"},{\"@type\":\"ListItem\",\"position\":3,\"name\":\"Narkotik ittiham\u0131 il\u0259 h\u0259bs edil\u0259n m\u0259hkum \u015f\u0259rl\u0259ndiyini bildirir\"}]},{\"@type\":\"WebSite\",\"@id\":\"https:\\\/\\\/www.meydan.tv\\\/az\\\/#website\",\"url\":\"https:\\\/\\\/www.meydan.tv\\\/az\\\/\",\"name\":\"MEYDAN.TV\",\"description\":\"Meydan TV Az\u0259rbaycan\u0131n media m\u0259kan\u0131ndak\u0131 alternativ s\u0259sidir\",\"publisher\":{\"@id\":\"https:\\\/\\\/www.meydan.tv\\\/az\\\/#organization\"},\"potentialAction\":[{\"@type\":\"SearchAction\",\"target\":{\"@type\":\"EntryPoint\",\"urlTemplate\":\"https:\\\/\\\/www.meydan.tv\\\/az\\\/?s={search_term_string}\"},\"query-input\":{\"@type\":\"PropertyValueSpecification\",\"valueRequired\":true,\"valueName\":\"search_term_string\"}}],\"inLanguage\":\"az\"},{\"@type\":\"Organization\",\"@id\":\"https:\\\/\\\/www.meydan.tv\\\/az\\\/#organization\",\"name\":\"Meydan TV\",\"url\":\"https:\\\/\\\/www.meydan.tv\\\/az\\\/\",\"logo\":{\"@type\":\"ImageObject\",\"inLanguage\":\"az\",\"@id\":\"https:\\\/\\\/www.meydan.tv\\\/az\\\/#\\\/schema\\\/logo\\\/image\\\/\",\"url\":\"https:\\\/\\\/www.meydan.tv\\\/wp-content\\\/uploads\\\/2021\\\/07\\\/meydan-logo.svg\",\"contentUrl\":\"https:\\\/\\\/www.meydan.tv\\\/wp-content\\\/uploads\\\/2021\\\/07\\\/meydan-logo.svg\",\"width\":195,\"height\":46,\"caption\":\"Meydan TV\"},\"image\":{\"@id\":\"https:\\\/\\\/www.meydan.tv\\\/az\\\/#\\\/schema\\\/logo\\\/image\\\/\"}},{\"@type\":\"Person\",\"@id\":\"https:\\\/\\\/www.meydan.tv\\\/az\\\/#\\\/schema\\\/person\\\/09863e516102a829e72bedcf3f84c6b0\",\"name\":\"mahmud\"}]}<\/script>\n<!-- \/ Yoast SEO plugin. -->","yoast_head_json":{"title":"Narkotik ittiham\u0131 il\u0259 h\u0259bs edil\u0259n m\u0259hkum \u015f\u0259rl\u0259ndiyini bildirir - MEYDAN.TV","robots":{"index":"index","follow":"follow","max-snippet":"max-snippet:-1","max-image-preview":"max-image-preview:large","max-video-preview":"max-video-preview:-1"},"canonical":"https:\/\/www.meydan.tv\/az\/article\/narkotik-ittihami-il%c9%99-h%c9%99bs-edil%c9%99n-m%c9%99hkum-s%c9%99rl%c9%99ndiyini-bildirir\/","og_locale":"az_AZ","og_type":"article","og_title":"Narkotik ittiham\u0131 il\u0259 h\u0259bs edil\u0259n m\u0259hkum \u015f\u0259rl\u0259ndiyini bildirir - MEYDAN.TV","og_description":"O, narkotik ittiham\u0131n\u0131 m\u0259cburiyy\u0259td\u0259n boynuna ald\u0131\u011f\u0131n\u0131 bildirir \u0130ki il \u00f6nc\u0259 ... Davam\u0131","og_url":"https:\/\/www.meydan.tv\/az\/article\/narkotik-ittihami-il%c9%99-h%c9%99bs-edil%c9%99n-m%c9%99hkum-s%c9%99rl%c9%99ndiyini-bildirir\/","og_site_name":"MEYDAN.TV","article_published_time":"2025-04-28T11:31:43+00:00","article_modified_time":"2025-04-28T11:31:45+00:00","og_image":[{"width":2560,"height":1707,"url":"https:\/\/www.meydan.tv\/wp-content\/uploads\/demir-scaled.jpg","type":"image\/jpeg"}],"author":"mahmud","twitter_card":"summary_large_image","schema":{"@context":"https:\/\/schema.org","@graph":[{"@type":"Article","@id":"https:\/\/www.meydan.tv\/az\/article\/narkotik-ittihami-il%c9%99-h%c9%99bs-edil%c9%99n-m%c9%99hkum-s%c9%99rl%c9%99ndiyini-bildirir\/#article","isPartOf":{"@id":"https:\/\/www.meydan.tv\/az\/article\/narkotik-ittihami-il%c9%99-h%c9%99bs-edil%c9%99n-m%c9%99hkum-s%c9%99rl%c9%99ndiyini-bildirir\/"},"author":{"name":"mahmud","@id":"https:\/\/www.meydan.tv\/az\/#\/schema\/person\/09863e516102a829e72bedcf3f84c6b0"},"headline":"Narkotik ittiham\u0131 il\u0259 h\u0259bs edil\u0259n m\u0259hkum \u015f\u0259rl\u0259ndiyini bildirir","datePublished":"2025-04-28T11:31:43+00:00","dateModified":"2025-04-28T11:31:45+00:00","mainEntityOfPage":{"@id":"https:\/\/www.meydan.tv\/az\/article\/narkotik-ittihami-il%c9%99-h%c9%99bs-edil%c9%99n-m%c9%99hkum-s%c9%99rl%c9%99ndiyini-bildirir\/"},"wordCount":515,"publisher":{"@id":"https:\/\/www.meydan.tv\/az\/#organization"},"image":{"@id":"https:\/\/www.meydan.tv\/az\/article\/narkotik-ittihami-il%c9%99-h%c9%99bs-edil%c9%99n-m%c9%99hkum-s%c9%99rl%c9%99ndiyini-bildirir\/#primaryimage"},"thumbnailUrl":"https:\/\/www.meydan.tv\/wp-content\/uploads\/demir-scaled.jpg","articleSection":["Sosial","T\u00f6vsiy\u0259","X\u0259b\u0259rl\u0259r"],"inLanguage":"az"},{"@type":"WebPage","@id":"https:\/\/www.meydan.tv\/az\/article\/narkotik-ittihami-il%c9%99-h%c9%99bs-edil%c9%99n-m%c9%99hkum-s%c9%99rl%c9%99ndiyini-bildirir\/","url":"https:\/\/www.meydan.tv\/az\/article\/narkotik-ittihami-il%c9%99-h%c9%99bs-edil%c9%99n-m%c9%99hkum-s%c9%99rl%c9%99ndiyini-bildirir\/","name":"Narkotik ittiham\u0131 il\u0259 h\u0259bs edil\u0259n m\u0259hkum \u015f\u0259rl\u0259ndiyini bildirir - MEYDAN.TV","isPartOf":{"@id":"https:\/\/www.meydan.tv\/az\/#website"},"primaryImageOfPage":{"@id":"https:\/\/www.meydan.tv\/az\/article\/narkotik-ittihami-il%c9%99-h%c9%99bs-edil%c9%99n-m%c9%99hkum-s%c9%99rl%c9%99ndiyini-bildirir\/#primaryimage"},"image":{"@id":"https:\/\/www.meydan.tv\/az\/article\/narkotik-ittihami-il%c9%99-h%c9%99bs-edil%c9%99n-m%c9%99hkum-s%c9%99rl%c9%99ndiyini-bildirir\/#primaryimage"},"thumbnailUrl":"https:\/\/www.meydan.tv\/wp-content\/uploads\/demir-scaled.jpg","datePublished":"2025-04-28T11:31:43+00:00","dateModified":"2025-04-28T11:31:45+00:00","breadcrumb":{"@id":"https:\/\/www.meydan.tv\/az\/article\/narkotik-ittihami-il%c9%99-h%c9%99bs-edil%c9%99n-m%c9%99hkum-s%c9%99rl%c9%99ndiyini-bildirir\/#breadcrumb"},"inLanguage":"az","potentialAction":[{"@type":"ReadAction","target":["https:\/\/www.meydan.tv\/az\/article\/narkotik-ittihami-il%c9%99-h%c9%99bs-edil%c9%99n-m%c9%99hkum-s%c9%99rl%c9%99ndiyini-bildirir\/"]}]},{"@type":"ImageObject","inLanguage":"az","@id":"https:\/\/www.meydan.tv\/az\/article\/narkotik-ittihami-il%c9%99-h%c9%99bs-edil%c9%99n-m%c9%99hkum-s%c9%99rl%c9%99ndiyini-bildirir\/#primaryimage","url":"https:\/\/www.meydan.tv\/wp-content\/uploads\/demir-scaled.jpg","contentUrl":"https:\/\/www.meydan.tv\/wp-content\/uploads\/demir-scaled.jpg","width":2560,"height":1707,"caption":"Source: Meydan Tv"},{"@type":"BreadcrumbList","@id":"https:\/\/www.meydan.tv\/az\/article\/narkotik-ittihami-il%c9%99-h%c9%99bs-edil%c9%99n-m%c9%99hkum-s%c9%99rl%c9%99ndiyini-bildirir\/#breadcrumb","itemListElement":[{"@type":"ListItem","position":1,"name":"Ana s\u0259hif\u0259","item":"https:\/\/www.meydan.tv\/az\/"},{"@type":"ListItem","position":2,"name":"Sosial","item":"https:\/\/www.meydan.tv\/az\/section\/sosial\/"},{"@type":"ListItem","position":3,"name":"Narkotik ittiham\u0131 il\u0259 h\u0259bs edil\u0259n m\u0259hkum \u015f\u0259rl\u0259ndiyini bildirir"}]},{"@type":"WebSite","@id":"https:\/\/www.meydan.tv\/az\/#website","url":"https:\/\/www.meydan.tv\/az\/","name":"MEYDAN.TV","description":"Meydan TV Az\u0259rbaycan\u0131n media m\u0259kan\u0131ndak\u0131 alternativ s\u0259sidir","publisher":{"@id":"https:\/\/www.meydan.tv\/az\/#organization"},"potentialAction":[{"@type":"SearchAction","target":{"@type":"EntryPoint","urlTemplate":"https:\/\/www.meydan.tv\/az\/?s={search_term_string}"},"query-input":{"@type":"PropertyValueSpecification","valueRequired":true,"valueName":"search_term_string"}}],"inLanguage":"az"},{"@type":"Organization","@id":"https:\/\/www.meydan.tv\/az\/#organization","name":"Meydan TV","url":"https:\/\/www.meydan.tv\/az\/","logo":{"@type":"ImageObject","inLanguage":"az","@id":"https:\/\/www.meydan.tv\/az\/#\/schema\/logo\/image\/","url":"https:\/\/www.meydan.tv\/wp-content\/uploads\/2021\/07\/meydan-logo.svg","contentUrl":"https:\/\/www.meydan.tv\/wp-content\/uploads\/2021\/07\/meydan-logo.svg","width":195,"height":46,"caption":"Meydan TV"},"image":{"@id":"https:\/\/www.meydan.tv\/az\/#\/schema\/logo\/image\/"}},{"@type":"Person","@id":"https:\/\/www.meydan.tv\/az\/#\/schema\/person\/09863e516102a829e72bedcf3f84c6b0","name":"mahmud"}]}},"_links":{"self":[{"href":"https:\/\/www.meydan.tv\/az\/wp-json\/wp\/v2\/posts\/329378","targetHints":{"allow":["GET"]}}],"collection":[{"href":"https:\/\/www.meydan.tv\/az\/wp-json\/wp\/v2\/posts"}],"about":[{"href":"https:\/\/www.meydan.tv\/az\/wp-json\/wp\/v2\/types\/post"}],"author":[{"embeddable":true,"href":"https:\/\/www.meydan.tv\/az\/wp-json\/wp\/v2\/users\/21"}],"replies":[{"embeddable":true,"href":"https:\/\/www.meydan.tv\/az\/wp-json\/wp\/v2\/comments?post=329378"}],"version-history":[{"count":4,"href":"https:\/\/www.meydan.tv\/az\/wp-json\/wp\/v2\/posts\/329378\/revisions"}],"predecessor-version":[{"id":329381,"href":"https:\/\/www.meydan.tv\/az\/wp-json\/wp\/v2\/posts\/329378\/revisions\/329381"}],"wp:featuredmedia":[{"embeddable":true,"href":"https:\/\/www.meydan.tv\/az\/wp-json\/wp\/v2\/media\/207305"}],"wp:attachment":[{"href":"https:\/\/www.meydan.tv\/az\/wp-json\/wp\/v2\/media?parent=329378"}],"wp:term":[{"taxonomy":"category","embeddable":true,"href":"https:\/\/www.meydan.tv\/az\/wp-json\/wp\/v2\/categories?post=329378"},{"taxonomy":"post_tag","embeddable":true,"href":"https:\/\/www.meydan.tv\/az\/wp-json\/wp\/v2\/tags?post=329378"}],"curies":[{"name":"wp","href":"https:\/\/api.w.org\/{rel}","templated":true}]}}