{"id":329376,"date":"2025-04-28T17:23:10","date_gmt":"2025-04-28T13:23:10","guid":{"rendered":"https:\/\/www.meydan.tv\/?p=329376"},"modified":"2025-05-12T18:09:35","modified_gmt":"2025-05-12T14:09:35","slug":"ukrayna-kursk-vilay%c9%99tinin-rusiyanin-n%c9%99zar%c9%99ti-altina-kecm%c9%99diyin-bildirir","status":"publish","type":"post","link":"https:\/\/www.meydan.tv\/az\/article\/ukrayna-kursk-vilay%c9%99tinin-rusiyanin-n%c9%99zar%c9%99ti-altina-kecm%c9%99diyin-bildirir\/","title":{"rendered":"Ukrayna Kursk vilay\u0259tinin Rusiyan\u0131n n\u0259zar\u0259ti alt\u0131na ke\u00e7m\u0259diyini bildirir"},"content":{"rendered":"\n<p><strong><em>Zelenski deyir ki, Ukrayna qo\u015funlar\u0131 Rusiyan\u0131n Kursk v\u0259 Belqorod vilay\u0259tl\u0259rind\u0259 f\u0259al m\u00fcdafi\u0259 \u0259m\u0259liyyatlar\u0131n\u0131 davam etdirir <\/em><\/strong><\/p>\n\n\n\n<p>Ukrayna Silahl\u0131 Q\u00fcvv\u0259l\u0259rinin Ba\u015f Q\u0259rargah\u0131 Rusiya ali komandanl\u0131\u011f\u0131 n\u00fcmay\u0259nd\u0259l\u0259rinin Kursk vilay\u0259tind\u0259 h\u0259rbi \u0259m\u0259liyyatlar\u0131n ba\u015fa \u00e7atmas\u0131 il\u0259 ba\u011fl\u0131 b\u0259yanatlar\u0131n\u0131 t\u0259kzib edir. Ba\u015f Q\u0259rargah bildirir ki, Ukrayna M\u00fcdafi\u0259 Q\u00fcvv\u0259l\u0259ri Kursk vilay\u0259tinin m\u00fc\u0259yy\u0259n \u0259razil\u0259rind\u0259 \u0259m\u0259liyyat\u0131 <a href=\"https:\/\/t.me\/ukr_sof\/1574\" target=\"_blank\" rel=\"noreferrer noopener\">davam etdirir<\/a>.<\/p>\n\n\n\n<p>Ukrayna X\u00fcsusi \u018fm\u0259liyyat Q\u00fcvv\u0259l\u0259rinin aprelin 28-n\u0259 olan m\u0259lumat\u0131na g\u00f6r\u0259, Rusiya Federasiyas\u0131 Silahl\u0131 Q\u00fcvv\u0259l\u0259rinin Ba\u015f Q\u0259rargah r\u0259isi Valeri Gerasimov Kursk vilay\u0259tinin Ukraynan\u0131n T\u0259hl\u00fck\u0259sizlik v\u0259 M\u00fcdafi\u0259 Q\u00fcvv\u0259l\u0259rind\u0259n guya \u201cazad edilm\u0259si\u201d bar\u0259d\u0259 m\u0259lumat verdiyi bir zamanda Ukraynan\u0131n X\u00fcsusi \u018fm\u0259liyyat Q\u00fcvv\u0259l\u0259ri bu istiqam\u0259td\u0259 tap\u015f\u0131r\u0131qlar\u0131 u\u011furla yerin\u0259 yetirm\u0259kd\u0259 <a href=\"https:\/\/hromadske.ua\/ru\/voyna\/243810-sso-pokazali-detali-spetsoperatsii-v-kurskoy-oblasti-unichtozhili-gruppu-voennyh-rf-i-vzyali-plennyh\" target=\"_blank\" rel=\"noreferrer noopener\">davam edirl\u0259r<\/a>.<\/p>\n\n\n\n<script async src=\"https:\/\/telegram.org\/js\/telegram-widget.js?22\" data-telegram-post=\"ukr_sof\/1574\" data-width=\"100%\"><\/script>\n\n\n\n<p>Bundan \u0259lav\u0259, ukraynal\u0131 h\u0259rb\u00e7il\u0259r t\u0259r\u0259find\u0259n Kursk vilay\u0259tind\u0259 rus \u0259sg\u0259rl\u0259rinin \u0259sir g\u00f6t\u00fcr\u00fcld\u00fcy\u00fc bildirilir.<\/p>\n\n\n\n<p><em>\u201cT\u0259kc\u0259 aprelin 26-da x\u00fcsusi \u0259m\u0259liyyatlar zaman\u0131 Kursk vilay\u0259tind\u0259ki 73-c\u00fc X\u00fcsusi \u018fm\u0259liyyat M\u0259rk\u0259zi Rusiya Federasiyas\u0131n\u0131n 810-cu d\u0259niz piyada briqadas\u0131n\u0131n b\u00fct\u00f6v bir qrup h\u0259rb\u00e7isini m\u0259hv edib.<\/em><\/p>\n\n\n\n<p><em>X\u00fcsusi t\u0259yinatl\u0131lar iki rus \u0259sg\u0259rini t\u0259slim olma\u011fa m\u0259cbur edibl\u0259r\u201d,<\/em> &#8211; m\u0259lumatda deyilir.&nbsp;<\/p>\n\n\n\n<p>Aprelin 26-da Rusiya Silahl\u0131 Q\u00fcvv\u0259l\u0259rinin Ba\u015f Q\u0259rargah r\u0259isi Valeri Gerasimov Vladimir Putin\u0259 \u201cKursk vilay\u0259tinin azad edilm\u0259si\u201d bar\u0259d\u0259 <a href=\"https:\/\/www.meydan.tv\/az\/article\/kreml-kursk-yenid%c9%99n-rusiyanin-n%c9%99zar%c9%99tin%c9%99-kecib\/\" target=\"_blank\" rel=\"noreferrer noopener\">m\u0259lumat verib<\/a>. Gerasimov Ukrayna q\u00fcvv\u0259l\u0259rinin Kursk vilay\u0259tind\u0259 \u201cm\u0259\u011flub oldu\u011funu\u201d v\u0259 Ukraynan\u0131n 76 min \u0259sg\u0259r itkisi verdiyini bildirib. O, h\u0259m d\u0259&nbsp; \u201cKursk vilay\u0259tinin azad edilm\u0259sind\u0259 f\u0259al i\u015ftirak ed\u0259n\u201d C\u0259nubi Koreyadan olan h\u0259rb\u00e7il\u0259ti x\u00fcsusil\u0259 qeyd edib.<\/p>\n\n\n\n<p>Ukrayna Ba\u015f Q\u0259rargah\u0131 is\u0259 <a href=\"https:\/\/hromadske.ua\/ru\/voyna\/243773-genshtab-vsu-oproverg-zayavlenie-kremlya-o-vyhode-iz-kurskoy-oblasti-operatsiya-prodolzhaetsya\" target=\"_blank\" rel=\"noreferrer noopener\">bildirir<\/a> ki, Kursk \u0259m\u0259liyyat\u0131 ba\u015flayandan b\u0259ri Rusiya ordusu bu istiqam\u0259td\u0259 62 400 \u0259sg\u0259rini v\u0259 daha 4 500 \u015eimali Koreya v\u0259t\u0259nda\u015f\u0131n\u0131 itirib.&nbsp;<\/p>\n\n\n\n<p>Ukrayna Prezidenti Volodimir Zelenski <a href=\"https:\/\/hromadske.ua\/ru\/situatsiya-na-fronte\/243805-zelenskiy-zayavil-o-prodolzhenii-aktivnyh-zaschitnyh-deystviy-v-kurskoy-i-belgorodskoy-oblastyah\" target=\"_blank\" rel=\"noreferrer noopener\">bildirib<\/a> ki, Ukrayna qo\u015funlar\u0131 Kursk v\u0259 Belqorod vilay\u0259tl\u0259rind\u0259 f\u0259al m\u00fcdafi\u0259 \u0259m\u0259liyyatlar\u0131n\u0131 davam etdirir.<\/p>\n\n\n\n<p><\/p>\n","protected":false},"excerpt":{"rendered":"<p>Zelenski deyir ki, Ukrayna qo\u015funlar\u0131 Rusiyan\u0131n Kursk v\u0259 Belqorod vilay\u0259tl\u0259rind\u0259 &#8230; <\/p>\n<p class=\"read-more-container\"><a title=\"Ukrayna Kursk vilay\u0259tinin Rusiyan\u0131n n\u0259zar\u0259ti alt\u0131na ke\u00e7m\u0259diyini bildirir\" class=\"read-more button\" href=\"https:\/\/www.meydan.tv\/az\/article\/ukrayna-kursk-vilay%c9%99tinin-rusiyanin-n%c9%99zar%c9%99ti-altina-kecm%c9%99diyin-bildirir\/#more-329376\" aria-label=\"Read more about Ukrayna Kursk vilay\u0259tinin Rusiyan\u0131n n\u0259zar\u0259ti alt\u0131na ke\u00e7m\u0259diyini bildirir\">Davam\u0131<\/a><\/p>\n","protected":false},"author":16,"featured_media":236685,"comment_status":"closed","ping_status":"closed","sticky":false,"template":"","format":"standard","meta":{"_acf_changed":false,"_sitemap_exclude":false,"_sitemap_priority":"","_sitemap_frequency":"","footnotes":""},"categories":[64,56],"tags":[],"class_list":["post-329376","post","type-post","status-publish","format-standard","has-post-thumbnail","hentry","category-dunya","category-xeberler","infinite-scroll-item","generate-columns","tablet-grid-50","mobile-grid-100","grid-parent","grid-33","no-featured-image-padding"],"acf":[],"yoast_head":"<!-- This site is optimized with the Yoast SEO plugin v27.5 - https:\/\/yoast.com\/product\/yoast-seo-wordpress\/ -->\n<title>Ukrayna Kursk vilay\u0259tinin Rusiyan\u0131n n\u0259zar\u0259ti alt\u0131na ke\u00e7m\u0259diyini bildirir - MEYDAN.TV<\/title>\n<meta name=\"robots\" content=\"index, follow, max-snippet:-1, max-image-preview:large, max-video-preview:-1\" \/>\n<link rel=\"canonical\" href=\"https:\/\/www.meydan.tv\/az\/article\/ukrayna-kursk-vilay%c9%99tinin-rusiyanin-n%c9%99zar%c9%99ti-altina-kecm%c9%99diyin-bildirir\/\" \/>\n<meta property=\"og:locale\" content=\"az_AZ\" \/>\n<meta property=\"og:type\" content=\"article\" \/>\n<meta property=\"og:title\" content=\"Ukrayna Kursk vilay\u0259tinin Rusiyan\u0131n n\u0259zar\u0259ti alt\u0131na ke\u00e7m\u0259diyini bildirir - MEYDAN.TV\" \/>\n<meta property=\"og:description\" content=\"Zelenski deyir ki, Ukrayna qo\u015funlar\u0131 Rusiyan\u0131n Kursk v\u0259 Belqorod vilay\u0259tl\u0259rind\u0259 ... Davam\u0131\" \/>\n<meta property=\"og:url\" content=\"https:\/\/www.meydan.tv\/az\/article\/ukrayna-kursk-vilay%c9%99tinin-rusiyanin-n%c9%99zar%c9%99ti-altina-kecm%c9%99diyin-bildirir\/\" \/>\n<meta property=\"og:site_name\" content=\"MEYDAN.TV\" \/>\n<meta property=\"article:published_time\" content=\"2025-04-28T13:23:10+00:00\" \/>\n<meta property=\"article:modified_time\" content=\"2025-05-12T14:09:35+00:00\" \/>\n<meta property=\"og:image\" content=\"https:\/\/www.meydan.tv\/wp-content\/uploads\/image_from_ios-2-6-scaled.jpg\" \/>\n\t<meta property=\"og:image:width\" content=\"2560\" \/>\n\t<meta property=\"og:image:height\" content=\"1440\" \/>\n\t<meta property=\"og:image:type\" content=\"image\/jpeg\" \/>\n<meta name=\"author\" content=\"sevda\" \/>\n<meta name=\"twitter:card\" content=\"summary_large_image\" \/>\n<script type=\"application\/ld+json\" class=\"yoast-schema-graph\">{\"@context\":\"https:\\\/\\\/schema.org\",\"@graph\":[{\"@type\":\"Article\",\"@id\":\"https:\\\/\\\/www.meydan.tv\\\/az\\\/article\\\/ukrayna-kursk-vilay%c9%99tinin-rusiyanin-n%c9%99zar%c9%99ti-altina-kecm%c9%99diyin-bildirir\\\/#article\",\"isPartOf\":{\"@id\":\"https:\\\/\\\/www.meydan.tv\\\/az\\\/article\\\/ukrayna-kursk-vilay%c9%99tinin-rusiyanin-n%c9%99zar%c9%99ti-altina-kecm%c9%99diyin-bildirir\\\/\"},\"author\":{\"name\":\"sevda\",\"@id\":\"https:\\\/\\\/www.meydan.tv\\\/az\\\/#\\\/schema\\\/person\\\/49b5f2bad5b126bb8ea9320eeb3e4dc9\"},\"headline\":\"Ukrayna Kursk vilay\u0259tinin Rusiyan\u0131n n\u0259zar\u0259ti alt\u0131na ke\u00e7m\u0259diyini bildirir\",\"datePublished\":\"2025-04-28T13:23:10+00:00\",\"dateModified\":\"2025-05-12T14:09:35+00:00\",\"mainEntityOfPage\":{\"@id\":\"https:\\\/\\\/www.meydan.tv\\\/az\\\/article\\\/ukrayna-kursk-vilay%c9%99tinin-rusiyanin-n%c9%99zar%c9%99ti-altina-kecm%c9%99diyin-bildirir\\\/\"},\"wordCount\":406,\"publisher\":{\"@id\":\"https:\\\/\\\/www.meydan.tv\\\/az\\\/#organization\"},\"image\":{\"@id\":\"https:\\\/\\\/www.meydan.tv\\\/az\\\/article\\\/ukrayna-kursk-vilay%c9%99tinin-rusiyanin-n%c9%99zar%c9%99ti-altina-kecm%c9%99diyin-bildirir\\\/#primaryimage\"},\"thumbnailUrl\":\"https:\\\/\\\/www.meydan.tv\\\/wp-content\\\/uploads\\\/image_from_ios-2-6-scaled.jpg\",\"articleSection\":[\"D\u00fcnya\",\"X\u0259b\u0259rl\u0259r\"],\"inLanguage\":\"az\"},{\"@type\":\"WebPage\",\"@id\":\"https:\\\/\\\/www.meydan.tv\\\/az\\\/article\\\/ukrayna-kursk-vilay%c9%99tinin-rusiyanin-n%c9%99zar%c9%99ti-altina-kecm%c9%99diyin-bildirir\\\/\",\"url\":\"https:\\\/\\\/www.meydan.tv\\\/az\\\/article\\\/ukrayna-kursk-vilay%c9%99tinin-rusiyanin-n%c9%99zar%c9%99ti-altina-kecm%c9%99diyin-bildirir\\\/\",\"name\":\"Ukrayna Kursk vilay\u0259tinin Rusiyan\u0131n n\u0259zar\u0259ti alt\u0131na ke\u00e7m\u0259diyini bildirir - MEYDAN.TV\",\"isPartOf\":{\"@id\":\"https:\\\/\\\/www.meydan.tv\\\/az\\\/#website\"},\"primaryImageOfPage\":{\"@id\":\"https:\\\/\\\/www.meydan.tv\\\/az\\\/article\\\/ukrayna-kursk-vilay%c9%99tinin-rusiyanin-n%c9%99zar%c9%99ti-altina-kecm%c9%99diyin-bildirir\\\/#primaryimage\"},\"image\":{\"@id\":\"https:\\\/\\\/www.meydan.tv\\\/az\\\/article\\\/ukrayna-kursk-vilay%c9%99tinin-rusiyanin-n%c9%99zar%c9%99ti-altina-kecm%c9%99diyin-bildirir\\\/#primaryimage\"},\"thumbnailUrl\":\"https:\\\/\\\/www.meydan.tv\\\/wp-content\\\/uploads\\\/image_from_ios-2-6-scaled.jpg\",\"datePublished\":\"2025-04-28T13:23:10+00:00\",\"dateModified\":\"2025-05-12T14:09:35+00:00\",\"breadcrumb\":{\"@id\":\"https:\\\/\\\/www.meydan.tv\\\/az\\\/article\\\/ukrayna-kursk-vilay%c9%99tinin-rusiyanin-n%c9%99zar%c9%99ti-altina-kecm%c9%99diyin-bildirir\\\/#breadcrumb\"},\"inLanguage\":\"az\",\"potentialAction\":[{\"@type\":\"ReadAction\",\"target\":[\"https:\\\/\\\/www.meydan.tv\\\/az\\\/article\\\/ukrayna-kursk-vilay%c9%99tinin-rusiyanin-n%c9%99zar%c9%99ti-altina-kecm%c9%99diyin-bildirir\\\/\"]}]},{\"@type\":\"ImageObject\",\"inLanguage\":\"az\",\"@id\":\"https:\\\/\\\/www.meydan.tv\\\/az\\\/article\\\/ukrayna-kursk-vilay%c9%99tinin-rusiyanin-n%c9%99zar%c9%99ti-altina-kecm%c9%99diyin-bildirir\\\/#primaryimage\",\"url\":\"https:\\\/\\\/www.meydan.tv\\\/wp-content\\\/uploads\\\/image_from_ios-2-6-scaled.jpg\",\"contentUrl\":\"https:\\\/\\\/www.meydan.tv\\\/wp-content\\\/uploads\\\/image_from_ios-2-6-scaled.jpg\",\"width\":2560,\"height\":1440,\"caption\":\"Rusiya - Ukrayna sava\u015f\u0131. Foto: Meydan TV\"},{\"@type\":\"BreadcrumbList\",\"@id\":\"https:\\\/\\\/www.meydan.tv\\\/az\\\/article\\\/ukrayna-kursk-vilay%c9%99tinin-rusiyanin-n%c9%99zar%c9%99ti-altina-kecm%c9%99diyin-bildirir\\\/#breadcrumb\",\"itemListElement\":[{\"@type\":\"ListItem\",\"position\":1,\"name\":\"Ana s\u0259hif\u0259\",\"item\":\"https:\\\/\\\/www.meydan.tv\\\/az\\\/\"},{\"@type\":\"ListItem\",\"position\":2,\"name\":\"D\u00fcnya\",\"item\":\"https:\\\/\\\/www.meydan.tv\\\/az\\\/section\\\/dunya\\\/\"},{\"@type\":\"ListItem\",\"position\":3,\"name\":\"Ukrayna Kursk vilay\u0259tinin Rusiyan\u0131n n\u0259zar\u0259ti alt\u0131na ke\u00e7m\u0259diyini bildirir\"}]},{\"@type\":\"WebSite\",\"@id\":\"https:\\\/\\\/www.meydan.tv\\\/az\\\/#website\",\"url\":\"https:\\\/\\\/www.meydan.tv\\\/az\\\/\",\"name\":\"MEYDAN.TV\",\"description\":\"Meydan TV Az\u0259rbaycan\u0131n media m\u0259kan\u0131ndak\u0131 alternativ s\u0259sidir\",\"publisher\":{\"@id\":\"https:\\\/\\\/www.meydan.tv\\\/az\\\/#organization\"},\"potentialAction\":[{\"@type\":\"SearchAction\",\"target\":{\"@type\":\"EntryPoint\",\"urlTemplate\":\"https:\\\/\\\/www.meydan.tv\\\/az\\\/?s={search_term_string}\"},\"query-input\":{\"@type\":\"PropertyValueSpecification\",\"valueRequired\":true,\"valueName\":\"search_term_string\"}}],\"inLanguage\":\"az\"},{\"@type\":\"Organization\",\"@id\":\"https:\\\/\\\/www.meydan.tv\\\/az\\\/#organization\",\"name\":\"Meydan TV\",\"url\":\"https:\\\/\\\/www.meydan.tv\\\/az\\\/\",\"logo\":{\"@type\":\"ImageObject\",\"inLanguage\":\"az\",\"@id\":\"https:\\\/\\\/www.meydan.tv\\\/az\\\/#\\\/schema\\\/logo\\\/image\\\/\",\"url\":\"https:\\\/\\\/www.meydan.tv\\\/wp-content\\\/uploads\\\/2021\\\/07\\\/meydan-logo.svg\",\"contentUrl\":\"https:\\\/\\\/www.meydan.tv\\\/wp-content\\\/uploads\\\/2021\\\/07\\\/meydan-logo.svg\",\"width\":195,\"height\":46,\"caption\":\"Meydan TV\"},\"image\":{\"@id\":\"https:\\\/\\\/www.meydan.tv\\\/az\\\/#\\\/schema\\\/logo\\\/image\\\/\"}},{\"@type\":\"Person\",\"@id\":\"https:\\\/\\\/www.meydan.tv\\\/az\\\/#\\\/schema\\\/person\\\/49b5f2bad5b126bb8ea9320eeb3e4dc9\",\"name\":\"sevda\"}]}<\/script>\n<!-- \/ Yoast SEO plugin. -->","yoast_head_json":{"title":"Ukrayna Kursk vilay\u0259tinin Rusiyan\u0131n n\u0259zar\u0259ti alt\u0131na ke\u00e7m\u0259diyini bildirir - MEYDAN.TV","robots":{"index":"index","follow":"follow","max-snippet":"max-snippet:-1","max-image-preview":"max-image-preview:large","max-video-preview":"max-video-preview:-1"},"canonical":"https:\/\/www.meydan.tv\/az\/article\/ukrayna-kursk-vilay%c9%99tinin-rusiyanin-n%c9%99zar%c9%99ti-altina-kecm%c9%99diyin-bildirir\/","og_locale":"az_AZ","og_type":"article","og_title":"Ukrayna Kursk vilay\u0259tinin Rusiyan\u0131n n\u0259zar\u0259ti alt\u0131na ke\u00e7m\u0259diyini bildirir - MEYDAN.TV","og_description":"Zelenski deyir ki, Ukrayna qo\u015funlar\u0131 Rusiyan\u0131n Kursk v\u0259 Belqorod vilay\u0259tl\u0259rind\u0259 ... Davam\u0131","og_url":"https:\/\/www.meydan.tv\/az\/article\/ukrayna-kursk-vilay%c9%99tinin-rusiyanin-n%c9%99zar%c9%99ti-altina-kecm%c9%99diyin-bildirir\/","og_site_name":"MEYDAN.TV","article_published_time":"2025-04-28T13:23:10+00:00","article_modified_time":"2025-05-12T14:09:35+00:00","og_image":[{"width":2560,"height":1440,"url":"https:\/\/www.meydan.tv\/wp-content\/uploads\/image_from_ios-2-6-scaled.jpg","type":"image\/jpeg"}],"author":"sevda","twitter_card":"summary_large_image","schema":{"@context":"https:\/\/schema.org","@graph":[{"@type":"Article","@id":"https:\/\/www.meydan.tv\/az\/article\/ukrayna-kursk-vilay%c9%99tinin-rusiyanin-n%c9%99zar%c9%99ti-altina-kecm%c9%99diyin-bildirir\/#article","isPartOf":{"@id":"https:\/\/www.meydan.tv\/az\/article\/ukrayna-kursk-vilay%c9%99tinin-rusiyanin-n%c9%99zar%c9%99ti-altina-kecm%c9%99diyin-bildirir\/"},"author":{"name":"sevda","@id":"https:\/\/www.meydan.tv\/az\/#\/schema\/person\/49b5f2bad5b126bb8ea9320eeb3e4dc9"},"headline":"Ukrayna Kursk vilay\u0259tinin Rusiyan\u0131n n\u0259zar\u0259ti alt\u0131na ke\u00e7m\u0259diyini bildirir","datePublished":"2025-04-28T13:23:10+00:00","dateModified":"2025-05-12T14:09:35+00:00","mainEntityOfPage":{"@id":"https:\/\/www.meydan.tv\/az\/article\/ukrayna-kursk-vilay%c9%99tinin-rusiyanin-n%c9%99zar%c9%99ti-altina-kecm%c9%99diyin-bildirir\/"},"wordCount":406,"publisher":{"@id":"https:\/\/www.meydan.tv\/az\/#organization"},"image":{"@id":"https:\/\/www.meydan.tv\/az\/article\/ukrayna-kursk-vilay%c9%99tinin-rusiyanin-n%c9%99zar%c9%99ti-altina-kecm%c9%99diyin-bildirir\/#primaryimage"},"thumbnailUrl":"https:\/\/www.meydan.tv\/wp-content\/uploads\/image_from_ios-2-6-scaled.jpg","articleSection":["D\u00fcnya","X\u0259b\u0259rl\u0259r"],"inLanguage":"az"},{"@type":"WebPage","@id":"https:\/\/www.meydan.tv\/az\/article\/ukrayna-kursk-vilay%c9%99tinin-rusiyanin-n%c9%99zar%c9%99ti-altina-kecm%c9%99diyin-bildirir\/","url":"https:\/\/www.meydan.tv\/az\/article\/ukrayna-kursk-vilay%c9%99tinin-rusiyanin-n%c9%99zar%c9%99ti-altina-kecm%c9%99diyin-bildirir\/","name":"Ukrayna Kursk vilay\u0259tinin Rusiyan\u0131n n\u0259zar\u0259ti alt\u0131na ke\u00e7m\u0259diyini bildirir - MEYDAN.TV","isPartOf":{"@id":"https:\/\/www.meydan.tv\/az\/#website"},"primaryImageOfPage":{"@id":"https:\/\/www.meydan.tv\/az\/article\/ukrayna-kursk-vilay%c9%99tinin-rusiyanin-n%c9%99zar%c9%99ti-altina-kecm%c9%99diyin-bildirir\/#primaryimage"},"image":{"@id":"https:\/\/www.meydan.tv\/az\/article\/ukrayna-kursk-vilay%c9%99tinin-rusiyanin-n%c9%99zar%c9%99ti-altina-kecm%c9%99diyin-bildirir\/#primaryimage"},"thumbnailUrl":"https:\/\/www.meydan.tv\/wp-content\/uploads\/image_from_ios-2-6-scaled.jpg","datePublished":"2025-04-28T13:23:10+00:00","dateModified":"2025-05-12T14:09:35+00:00","breadcrumb":{"@id":"https:\/\/www.meydan.tv\/az\/article\/ukrayna-kursk-vilay%c9%99tinin-rusiyanin-n%c9%99zar%c9%99ti-altina-kecm%c9%99diyin-bildirir\/#breadcrumb"},"inLanguage":"az","potentialAction":[{"@type":"ReadAction","target":["https:\/\/www.meydan.tv\/az\/article\/ukrayna-kursk-vilay%c9%99tinin-rusiyanin-n%c9%99zar%c9%99ti-altina-kecm%c9%99diyin-bildirir\/"]}]},{"@type":"ImageObject","inLanguage":"az","@id":"https:\/\/www.meydan.tv\/az\/article\/ukrayna-kursk-vilay%c9%99tinin-rusiyanin-n%c9%99zar%c9%99ti-altina-kecm%c9%99diyin-bildirir\/#primaryimage","url":"https:\/\/www.meydan.tv\/wp-content\/uploads\/image_from_ios-2-6-scaled.jpg","contentUrl":"https:\/\/www.meydan.tv\/wp-content\/uploads\/image_from_ios-2-6-scaled.jpg","width":2560,"height":1440,"caption":"Rusiya - Ukrayna sava\u015f\u0131. Foto: Meydan TV"},{"@type":"BreadcrumbList","@id":"https:\/\/www.meydan.tv\/az\/article\/ukrayna-kursk-vilay%c9%99tinin-rusiyanin-n%c9%99zar%c9%99ti-altina-kecm%c9%99diyin-bildirir\/#breadcrumb","itemListElement":[{"@type":"ListItem","position":1,"name":"Ana s\u0259hif\u0259","item":"https:\/\/www.meydan.tv\/az\/"},{"@type":"ListItem","position":2,"name":"D\u00fcnya","item":"https:\/\/www.meydan.tv\/az\/section\/dunya\/"},{"@type":"ListItem","position":3,"name":"Ukrayna Kursk vilay\u0259tinin Rusiyan\u0131n n\u0259zar\u0259ti alt\u0131na ke\u00e7m\u0259diyini bildirir"}]},{"@type":"WebSite","@id":"https:\/\/www.meydan.tv\/az\/#website","url":"https:\/\/www.meydan.tv\/az\/","name":"MEYDAN.TV","description":"Meydan TV Az\u0259rbaycan\u0131n media m\u0259kan\u0131ndak\u0131 alternativ s\u0259sidir","publisher":{"@id":"https:\/\/www.meydan.tv\/az\/#organization"},"potentialAction":[{"@type":"SearchAction","target":{"@type":"EntryPoint","urlTemplate":"https:\/\/www.meydan.tv\/az\/?s={search_term_string}"},"query-input":{"@type":"PropertyValueSpecification","valueRequired":true,"valueName":"search_term_string"}}],"inLanguage":"az"},{"@type":"Organization","@id":"https:\/\/www.meydan.tv\/az\/#organization","name":"Meydan TV","url":"https:\/\/www.meydan.tv\/az\/","logo":{"@type":"ImageObject","inLanguage":"az","@id":"https:\/\/www.meydan.tv\/az\/#\/schema\/logo\/image\/","url":"https:\/\/www.meydan.tv\/wp-content\/uploads\/2021\/07\/meydan-logo.svg","contentUrl":"https:\/\/www.meydan.tv\/wp-content\/uploads\/2021\/07\/meydan-logo.svg","width":195,"height":46,"caption":"Meydan TV"},"image":{"@id":"https:\/\/www.meydan.tv\/az\/#\/schema\/logo\/image\/"}},{"@type":"Person","@id":"https:\/\/www.meydan.tv\/az\/#\/schema\/person\/49b5f2bad5b126bb8ea9320eeb3e4dc9","name":"sevda"}]}},"_links":{"self":[{"href":"https:\/\/www.meydan.tv\/az\/wp-json\/wp\/v2\/posts\/329376","targetHints":{"allow":["GET"]}}],"collection":[{"href":"https:\/\/www.meydan.tv\/az\/wp-json\/wp\/v2\/posts"}],"about":[{"href":"https:\/\/www.meydan.tv\/az\/wp-json\/wp\/v2\/types\/post"}],"author":[{"embeddable":true,"href":"https:\/\/www.meydan.tv\/az\/wp-json\/wp\/v2\/users\/16"}],"replies":[{"embeddable":true,"href":"https:\/\/www.meydan.tv\/az\/wp-json\/wp\/v2\/comments?post=329376"}],"version-history":[{"count":9,"href":"https:\/\/www.meydan.tv\/az\/wp-json\/wp\/v2\/posts\/329376\/revisions"}],"predecessor-version":[{"id":330189,"href":"https:\/\/www.meydan.tv\/az\/wp-json\/wp\/v2\/posts\/329376\/revisions\/330189"}],"wp:featuredmedia":[{"embeddable":true,"href":"https:\/\/www.meydan.tv\/az\/wp-json\/wp\/v2\/media\/236685"}],"wp:attachment":[{"href":"https:\/\/www.meydan.tv\/az\/wp-json\/wp\/v2\/media?parent=329376"}],"wp:term":[{"taxonomy":"category","embeddable":true,"href":"https:\/\/www.meydan.tv\/az\/wp-json\/wp\/v2\/categories?post=329376"},{"taxonomy":"post_tag","embeddable":true,"href":"https:\/\/www.meydan.tv\/az\/wp-json\/wp\/v2\/tags?post=329376"}],"curies":[{"name":"wp","href":"https:\/\/api.w.org\/{rel}","templated":true}]}}